{"id":49888,"date":"2024-02-28T09:59:54","date_gmt":"2024-02-28T08:59:54","guid":{"rendered":"https:\/\/lasentinelle.dz\/?p=49888"},"modified":"2024-02-28T09:59:58","modified_gmt":"2024-02-28T08:59:58","slug":"patrimoine-culturel-subaquatique-un-interet-particulier-de-la-part-de-lalgerie","status":"publish","type":"post","link":"https:\/\/lasentinelle.dz\/index.php\/2024\/02\/28\/patrimoine-culturel-subaquatique-un-interet-particulier-de-la-part-de-lalgerie\/","title":{"rendered":"Patrimoine culturel subaquatique\u00a0: \u00ab\u00a0Un int\u00e9r\u00eat particulier\u00a0\u00bb de la part de l\u2019Alg\u00e9rie"},"content":{"rendered":"\n<p>La ministre de la Culture et des Arts, Soraya Mouloudji, a affirm\u00e9, lundi \u00e0 l\u2019ouverture des travaux du colloque international d&rsquo;Alg\u00e9rie sur le patrimoine culturel subaquatique, au Palais de la Culture Moufdi Zakaria,, que l&rsquo;Alg\u00e9rie avait accord\u00e9 ces derni\u00e8res ann\u00e9es \u00ab\u00a0un int\u00e9r\u00eat particulier\u00a0\u00bb au patrimoine culturel subaquatique, qui s&rsquo;est traduit par \u00ab\u00a0des d\u00e9veloppements concrets\u00a0\u00bb en termes de m\u00e9thodes de recherche et d&rsquo;exploration ainsi que des technologies utilis\u00e9es.<\/p>\n\n\n\n<p>La ministre a pr\u00e9cis\u00e9 que le domaine de la recherche dans le patrimoine culturel subaquatique en Alg\u00e9rie avait connu durant ces derni\u00e8res ann\u00e9es \u00ab\u00a0des d\u00e9veloppements concrets\u00a0\u00bb quant aux principaux concepts encadrant les m\u00e9thodes de recherche et d&rsquo;exploration sur le terrain et les technologies utilis\u00e9es dans les diff\u00e9rentes \u00e9tapes de recherche, de pr\u00e9servation et de valorisation. A cet \u00e9gard, la ministre a rappel\u00e9 les efforts consentis par le secteur de la Culture et des Arts pour la protection du patrimoine culturel national, \u00ab\u00a0souvent objet de tentatives de vol et de contrebande\u00a0\u00bb. Et d&rsquo;ajouter: \u00ab\u00a0la protection du patrimoine ne saurait \u00eatre assur\u00e9e loin des objectifs de ce colloque, \u00e0 savoir la mise en place d&rsquo;un plan national ex\u00e9cutif pour la recherche et la d\u00e9finition des indicateurs et des points r\u00e9f\u00e9rentiels pour l&rsquo;encadrement de la protection et la valorisation conform\u00e9ment aux principes et aux r\u00e9f\u00e9rences de la convention de l&rsquo;Unesco de 2001 et ce, \u00e0 travers l&rsquo;adoption de m\u00e9thodes modernes de recherche et d&rsquo;exploration, ainsi que l&rsquo;\u00e9laboration de la carte arch\u00e9ologique du patrimoine subaquatique, \u00e9tant une priorit\u00e9 nationale urgente pour parachever la carte arch\u00e9ologique du patrimoine national\u00a0\u00bb. La ministre a appel\u00e9, dans ce sillage l&rsquo;ensemble, des acteurs en la mati\u00e8re \u00e0 \u00ab\u00a0activer et \u00e0 faciliter les proc\u00e9dures n\u00e9cessaires pour entamer de travail de terrain en coordination avec les secteurs et instances concern\u00e9s\u00a0\u00bb, l&rsquo;objectif \u00e9tant, ajoute Mme Mouloudji, \u00ab\u00a0la mise en place des m\u00e9canismes idoines pour la sauvegarde et la valorisation de ce legs conform\u00e9ment aux r\u00e9f\u00e9rences juridiques et les conventions sign\u00e9es\u00a0\u00bb.<\/p>\n\n\n\n<p><strong>Colloque de l\u2019Unesco<\/strong><\/p>\n\n\n\n<p>S&rsquo;agissant de la coordination avec l&rsquo;Unesco, la ministre a rappel\u00e9 la conf\u00e9rence extraordinaire du Conseil consultatif scientifique et technique de ladite convention (STAB) tenue \u00e0 Alger le 28 octobre 2019 sous la pr\u00e9sidence de l&rsquo;Alg\u00e9rie. Organis\u00e9e pour la premi\u00e8re fois en dehors du si\u00e8ge de l&rsquo;Unesco, cette conf\u00e9rence faisait suite aux travaux de la session ordinaire de la m\u00eame ann\u00e9e. L&rsquo;Alg\u00e9rie avait particip\u00e9 \u00e9galement en ao\u00fbt 2022 avec des chercheurs en arch\u00e9ologie \u00e0 une op\u00e9ration internationale conjointe d&rsquo;exploration et de recensement arch\u00e9ologique sous l&rsquo;\u00e9gide de l&rsquo;Unesco, a-t-elle ajout\u00e9. Intervenant \u00e0 cette occasion, le directeur r\u00e9gional du Bureau de l&rsquo;Unesco, Eric Falt, a salu\u00e9 l&rsquo;organisation, par l&rsquo;Alg\u00e9rie de ce colloque, qui permettra de \u00ab\u00a0concr\u00e9tiser nombre d&rsquo;objectifs, \u00e0 savoir la sensibilisation de l&rsquo;opinion publique \u00e0 l&rsquo;importance du patrimoine subaquatique et les risques le mena\u00e7ant\u00a0\u00bb, ajoutant que \u00ab\u00a0ces objets arch\u00e9ologiques et ces \u00e9paves constituent en effet un tr\u00e9sor national et un patrimoine civilisationnel\u00a0\u00bb, d&rsquo;o\u00f9, \u00ab\u00a0la n\u00e9cessit\u00e9 de les prot\u00e9ger juridiquement, de lutter contre le trafic illicite et les vols d\u00e9truisant ces sites\u00a0\u00bb. Falt a soulign\u00e9 \u00ab\u00a0l&rsquo;importance de consolider la coop\u00e9ration r\u00e9gionale et internationale pour renforcer la protection et la valorisation\u00a0\u00bb.<\/p>\n\n\n\n<p>Ce colloque, qui s&rsquo;est d\u00e9roul\u00e9 en pr\u00e9sence de la ministre de l&rsquo;Environnement et des Energies renouvelables, Fazia Dahleb, a connu l&rsquo;intervention de l&rsquo;expert international alg\u00e9rien en patrimoine culturel mondial, Mounir Bouchenaki, qui a affirm\u00e9 que \u00ab\u00a0l&rsquo;initiative alg\u00e9rienne portant organisation de cette rencontre rev\u00eat une dimension internationale consid\u00e9rable, eu \u00e9gard \u00e0 l&rsquo;importance de la Convention de 2001 relative au patrimoine culturel subaquatique, qui ne figurait pas auparavant parmi les r\u00e9solutions et les lois\u00a0\u00bb. Le littoral alg\u00e9rien, qui s&rsquo;\u00e9tend sur plus de 1.600 km, rec\u00e8le des monuments et des \u00e9paves de diff\u00e9rentes \u00e9poques, que l&rsquo;on peut retrouver \u00e0 travers plusieurs wilayas \u00e0 l&rsquo;instar d&rsquo;Oran, d&rsquo;Ain T\u00e9mouchent, d&rsquo;Annaba et de Tipasa, gr\u00e2ce aux potentialit\u00e9s techniques et \u00e9conomiques qui n&rsquo;\u00e9taient pas disponibles avant, a expliqu\u00e9 l&rsquo;expert.<\/p>\n\n\n\n<p>Notons que les participants \u00e0 ce colloque ont appel\u00e9 \u00e0 \u00ab\u00a0activer l&rsquo;article 22 de la convention de l&rsquo;UNESCO de 2001 relative \u00e0 la formation et la coop\u00e9ration, et \u00e0 int\u00e9grer la formation dans le domaine de la recherche arch\u00e9ologique du patrimoine culturel subaquatique dans les universit\u00e9s et les instituts alg\u00e9riens\u00a0\u00bb, outre \u00ab\u00a0la conclusion d&rsquo;accords bilat\u00e9raux pour renforcer les moyens et les m\u00e9thodes de protection, l&rsquo;\u00e9change d&rsquo;informations et le renforcement des capacit\u00e9s\u00a0\u00bb Les recommandations soulignent \u00e9galement l&rsquo;importance d'\u00a0\u00bbint\u00e9grer et de mettre \u00e0 jour les outils et les techniques dans les recherches concernant le patrimoine subaquatique, d&rsquo;intensifier les campagnes de sensibilisation pour la promotion et la valorisation du patrimoine culturel subaquatique, outre la num\u00e9risation des sites arch\u00e9ologiques en utilisant la technique de la photographie en 3D et d&rsquo;impliquer les associations et les clubs de plong\u00e9e dans les op\u00e9rations de sensibilisation\u00a0\u00bb. Les participants au colloque ont \u00e9galement mis l&rsquo;accent sur l&rsquo;importance de \u00ab\u00a0la formation et le renforcement des capacit\u00e9s dans le domaine de la recherche arch\u00e9ologique sur le patrimoine subaquatique, et la promotion du tourisme arch\u00e9ologique en exploitant les m\u00e9dias et les r\u00e9seaux sociaux pour sensibiliser le public et promouvoir ce type de tourisme culturel\u00a0\u00bb.<\/p>\n\n\n\n<p>R.C.<\/p>\n","protected":false},"excerpt":{"rendered":"<p>La ministre de la Culture et des Arts, Soraya Mouloudji, a affirm\u00e9, lundi \u00e0 l\u2019ouverture des travaux du colloque international<\/p>\n","protected":false},"author":3,"featured_media":49889,"comment_status":"open","ping_status":"closed","sticky":false,"template":"","format":"standard","meta":{"colormag_page_container_layout":"default_layout","colormag_page_sidebar_layout":"default_layout","om_disable_all_campaigns":false,"_monsterinsights_skip_tracking":false,"_monsterinsights_sitenote_active":false,"_monsterinsights_sitenote_note":"","_monsterinsights_sitenote_category":0,"footnotes":"","_wpscppro_dont_share_socialmedia":false,"_wpscppro_custom_social_share_image":0,"_facebook_share_type":"","_twitter_share_type":"","_linkedin_share_type":"","_pinterest_share_type":"","_linkedin_share_type_page":"","_instagram_share_type":"","_medium_share_type":"","_threads_share_type":"","_google_business_share_type":"","_selected_social_profile":[],"_wpsp_enable_custom_social_template":false,"_wpsp_social_scheduling":{"enabled":false,"datetime":null,"platforms":[],"status":"template_only","dateOption":"today","timeOption":"now","customDays":"","customHours":"","customDate":"","customTime":"","schedulingType":"absolute"},"_wpsp_active_default_template":true},"categories":[36],"tags":[],"class_list":["post-49888","post","type-post","status-publish","format-standard","has-post-thumbnail","hentry","category-culture"],"aioseo_notices":[],"yoast_head":"<!-- This site is optimized with the Yoast SEO plugin v27.4 - https:\/\/yoast.com\/product\/yoast-seo-wordpress\/ -->\n<title>Patrimoine culturel subaquatique\u00a0: \u00ab\u00a0Un int\u00e9r\u00eat particulier\u00a0\u00bb de la part de l\u2019Alg\u00e9rie - La Sentinelle<\/title>\n<meta name=\"robots\" content=\"index, follow, max-snippet:-1, max-image-preview:large, max-video-preview:-1\" \/>\n<link rel=\"canonical\" href=\"https:\/\/lasentinelle.dz\/index.php\/2024\/02\/28\/patrimoine-culturel-subaquatique-un-interet-particulier-de-la-part-de-lalgerie\/\" \/>\n<meta property=\"og:locale\" content=\"fr_FR\" \/>\n<meta property=\"og:type\" content=\"article\" \/>\n<meta property=\"og:title\" content=\"Patrimoine culturel subaquatique\u00a0: \u00ab\u00a0Un int\u00e9r\u00eat particulier\u00a0\u00bb de la part de l\u2019Alg\u00e9rie - La Sentinelle\" \/>\n<meta property=\"og:description\" content=\"La ministre de la Culture et des Arts, Soraya Mouloudji, a affirm\u00e9, lundi \u00e0 l\u2019ouverture des travaux du colloque international\" \/>\n<meta property=\"og:url\" content=\"https:\/\/lasentinelle.dz\/index.php\/2024\/02\/28\/patrimoine-culturel-subaquatique-un-interet-particulier-de-la-part-de-lalgerie\/\" \/>\n<meta property=\"og:site_name\" content=\"La Sentinelle\" \/>\n<meta property=\"article:publisher\" content=\"https:\/\/www.facebook.com\/La-Sentinelle-104059864394773\" \/>\n<meta property=\"article:published_time\" content=\"2024-02-28T08:59:54+00:00\" \/>\n<meta property=\"article:modified_time\" content=\"2024-02-28T08:59:58+00:00\" \/>\n<meta property=\"og:image\" content=\"https:\/\/lasentinelle.dz\/wp-content\/uploads\/2024\/02\/mouloudji-2.jpeg\" \/>\n\t<meta property=\"og:image:width\" content=\"1280\" \/>\n\t<meta property=\"og:image:height\" content=\"960\" \/>\n\t<meta property=\"og:image:type\" content=\"image\/jpeg\" \/>\n<meta name=\"author\" content=\"La Sentinelle\" \/>\n<meta name=\"twitter:card\" content=\"summary_large_image\" \/>\n<meta name=\"twitter:label1\" content=\"\u00c9crit par\" \/>\n\t<meta name=\"twitter:data1\" content=\"La Sentinelle\" \/>\n\t<meta name=\"twitter:label2\" content=\"Dur\u00e9e de lecture estim\u00e9e\" \/>\n\t<meta name=\"twitter:data2\" content=\"5 minutes\" \/>\n<script type=\"application\/ld+json\" class=\"yoast-schema-graph\">{\"@context\":\"https:\\\/\\\/schema.org\",\"@graph\":[{\"@type\":\"Article\",\"@id\":\"https:\\\/\\\/lasentinelle.dz\\\/index.php\\\/2024\\\/02\\\/28\\\/patrimoine-culturel-subaquatique-un-interet-particulier-de-la-part-de-lalgerie\\\/#article\",\"isPartOf\":{\"@id\":\"https:\\\/\\\/lasentinelle.dz\\\/index.php\\\/2024\\\/02\\\/28\\\/patrimoine-culturel-subaquatique-un-interet-particulier-de-la-part-de-lalgerie\\\/\"},\"author\":{\"name\":\"La Sentinelle\",\"@id\":\"https:\\\/\\\/lasentinelle.dz\\\/#\\\/schema\\\/person\\\/d865044e22e70a75174ce8bcad3acfb3\"},\"headline\":\"Patrimoine culturel subaquatique\u00a0: \u00ab\u00a0Un int\u00e9r\u00eat particulier\u00a0\u00bb de la part de l\u2019Alg\u00e9rie\",\"datePublished\":\"2024-02-28T08:59:54+00:00\",\"dateModified\":\"2024-02-28T08:59:58+00:00\",\"mainEntityOfPage\":{\"@id\":\"https:\\\/\\\/lasentinelle.dz\\\/index.php\\\/2024\\\/02\\\/28\\\/patrimoine-culturel-subaquatique-un-interet-particulier-de-la-part-de-lalgerie\\\/\"},\"wordCount\":961,\"commentCount\":0,\"publisher\":{\"@id\":\"https:\\\/\\\/lasentinelle.dz\\\/#organization\"},\"image\":{\"@id\":\"https:\\\/\\\/lasentinelle.dz\\\/index.php\\\/2024\\\/02\\\/28\\\/patrimoine-culturel-subaquatique-un-interet-particulier-de-la-part-de-lalgerie\\\/#primaryimage\"},\"thumbnailUrl\":\"https:\\\/\\\/lasentinelle.dz\\\/wp-content\\\/uploads\\\/2024\\\/02\\\/mouloudji-2.jpeg\",\"articleSection\":[\"Culture\"],\"inLanguage\":\"fr-FR\",\"potentialAction\":[{\"@type\":\"CommentAction\",\"name\":\"Comment\",\"target\":[\"https:\\\/\\\/lasentinelle.dz\\\/index.php\\\/2024\\\/02\\\/28\\\/patrimoine-culturel-subaquatique-un-interet-particulier-de-la-part-de-lalgerie\\\/#respond\"]}]},{\"@type\":\"WebPage\",\"@id\":\"https:\\\/\\\/lasentinelle.dz\\\/index.php\\\/2024\\\/02\\\/28\\\/patrimoine-culturel-subaquatique-un-interet-particulier-de-la-part-de-lalgerie\\\/\",\"url\":\"https:\\\/\\\/lasentinelle.dz\\\/index.php\\\/2024\\\/02\\\/28\\\/patrimoine-culturel-subaquatique-un-interet-particulier-de-la-part-de-lalgerie\\\/\",\"name\":\"Patrimoine culturel subaquatique\u00a0: \u00ab\u00a0Un int\u00e9r\u00eat particulier\u00a0\u00bb de la part de l\u2019Alg\u00e9rie - La Sentinelle\",\"isPartOf\":{\"@id\":\"https:\\\/\\\/lasentinelle.dz\\\/#website\"},\"primaryImageOfPage\":{\"@id\":\"https:\\\/\\\/lasentinelle.dz\\\/index.php\\\/2024\\\/02\\\/28\\\/patrimoine-culturel-subaquatique-un-interet-particulier-de-la-part-de-lalgerie\\\/#primaryimage\"},\"image\":{\"@id\":\"https:\\\/\\\/lasentinelle.dz\\\/index.php\\\/2024\\\/02\\\/28\\\/patrimoine-culturel-subaquatique-un-interet-particulier-de-la-part-de-lalgerie\\\/#primaryimage\"},\"thumbnailUrl\":\"https:\\\/\\\/lasentinelle.dz\\\/wp-content\\\/uploads\\\/2024\\\/02\\\/mouloudji-2.jpeg\",\"datePublished\":\"2024-02-28T08:59:54+00:00\",\"dateModified\":\"2024-02-28T08:59:58+00:00\",\"breadcrumb\":{\"@id\":\"https:\\\/\\\/lasentinelle.dz\\\/index.php\\\/2024\\\/02\\\/28\\\/patrimoine-culturel-subaquatique-un-interet-particulier-de-la-part-de-lalgerie\\\/#breadcrumb\"},\"inLanguage\":\"fr-FR\",\"potentialAction\":[{\"@type\":\"ReadAction\",\"target\":[\"https:\\\/\\\/lasentinelle.dz\\\/index.php\\\/2024\\\/02\\\/28\\\/patrimoine-culturel-subaquatique-un-interet-particulier-de-la-part-de-lalgerie\\\/\"]}]},{\"@type\":\"ImageObject\",\"inLanguage\":\"fr-FR\",\"@id\":\"https:\\\/\\\/lasentinelle.dz\\\/index.php\\\/2024\\\/02\\\/28\\\/patrimoine-culturel-subaquatique-un-interet-particulier-de-la-part-de-lalgerie\\\/#primaryimage\",\"url\":\"https:\\\/\\\/lasentinelle.dz\\\/wp-content\\\/uploads\\\/2024\\\/02\\\/mouloudji-2.jpeg\",\"contentUrl\":\"https:\\\/\\\/lasentinelle.dz\\\/wp-content\\\/uploads\\\/2024\\\/02\\\/mouloudji-2.jpeg\",\"width\":1280,\"height\":960},{\"@type\":\"BreadcrumbList\",\"@id\":\"https:\\\/\\\/lasentinelle.dz\\\/index.php\\\/2024\\\/02\\\/28\\\/patrimoine-culturel-subaquatique-un-interet-particulier-de-la-part-de-lalgerie\\\/#breadcrumb\",\"itemListElement\":[{\"@type\":\"ListItem\",\"position\":1,\"name\":\"Accueil\",\"item\":\"https:\\\/\\\/lasentinelle.dz\\\/\"},{\"@type\":\"ListItem\",\"position\":2,\"name\":\"Patrimoine culturel subaquatique\u00a0: \u00ab\u00a0Un int\u00e9r\u00eat particulier\u00a0\u00bb de la part de l\u2019Alg\u00e9rie\"}]},{\"@type\":\"WebSite\",\"@id\":\"https:\\\/\\\/lasentinelle.dz\\\/#website\",\"url\":\"https:\\\/\\\/lasentinelle.dz\\\/\",\"name\":\"La Sentinelle\",\"description\":\"Quotidien national d&#039;information\",\"publisher\":{\"@id\":\"https:\\\/\\\/lasentinelle.dz\\\/#organization\"},\"potentialAction\":[{\"@type\":\"SearchAction\",\"target\":{\"@type\":\"EntryPoint\",\"urlTemplate\":\"https:\\\/\\\/lasentinelle.dz\\\/?s={search_term_string}\"},\"query-input\":{\"@type\":\"PropertyValueSpecification\",\"valueRequired\":true,\"valueName\":\"search_term_string\"}}],\"inLanguage\":\"fr-FR\"},{\"@type\":\"Organization\",\"@id\":\"https:\\\/\\\/lasentinelle.dz\\\/#organization\",\"name\":\"Quotidien La Sentinelle\",\"url\":\"https:\\\/\\\/lasentinelle.dz\\\/\",\"logo\":{\"@type\":\"ImageObject\",\"inLanguage\":\"fr-FR\",\"@id\":\"https:\\\/\\\/lasentinelle.dz\\\/#\\\/schema\\\/logo\\\/image\\\/\",\"url\":\"https:\\\/\\\/lasentinelle.dz\\\/wp-content\\\/uploads\\\/2021\\\/09\\\/logo-sentinelleSLOGAN-1.png\",\"contentUrl\":\"https:\\\/\\\/lasentinelle.dz\\\/wp-content\\\/uploads\\\/2021\\\/09\\\/logo-sentinelleSLOGAN-1.png\",\"width\":615,\"height\":142,\"caption\":\"Quotidien La Sentinelle\"},\"image\":{\"@id\":\"https:\\\/\\\/lasentinelle.dz\\\/#\\\/schema\\\/logo\\\/image\\\/\"},\"sameAs\":[\"https:\\\/\\\/www.facebook.com\\\/La-Sentinelle-104059864394773\"]},{\"@type\":\"Person\",\"@id\":\"https:\\\/\\\/lasentinelle.dz\\\/#\\\/schema\\\/person\\\/d865044e22e70a75174ce8bcad3acfb3\",\"name\":\"La Sentinelle\",\"image\":{\"@type\":\"ImageObject\",\"inLanguage\":\"fr-FR\",\"@id\":\"https:\\\/\\\/secure.gravatar.com\\\/avatar\\\/57de8e5d4b15d43fb361a71fbb36338450fe67865b528a43dd10ef7c51a20392?s=96&d=mm&r=g\",\"url\":\"https:\\\/\\\/secure.gravatar.com\\\/avatar\\\/57de8e5d4b15d43fb361a71fbb36338450fe67865b528a43dd10ef7c51a20392?s=96&d=mm&r=g\",\"contentUrl\":\"https:\\\/\\\/secure.gravatar.com\\\/avatar\\\/57de8e5d4b15d43fb361a71fbb36338450fe67865b528a43dd10ef7c51a20392?s=96&d=mm&r=g\",\"caption\":\"La Sentinelle\"},\"sameAs\":[\"http:\\\/\\\/www.lasentinelle.dz\"],\"url\":\"https:\\\/\\\/lasentinelle.dz\\\/author\\\/redaction\\\/\"}]}<\/script>\n<!-- \/ Yoast SEO plugin. -->","yoast_head_json":{"title":"Patrimoine culturel subaquatique\u00a0: \u00ab\u00a0Un int\u00e9r\u00eat particulier\u00a0\u00bb de la part de l\u2019Alg\u00e9rie - La Sentinelle","robots":{"index":"index","follow":"follow","max-snippet":"max-snippet:-1","max-image-preview":"max-image-preview:large","max-video-preview":"max-video-preview:-1"},"canonical":"https:\/\/lasentinelle.dz\/index.php\/2024\/02\/28\/patrimoine-culturel-subaquatique-un-interet-particulier-de-la-part-de-lalgerie\/","og_locale":"fr_FR","og_type":"article","og_title":"Patrimoine culturel subaquatique\u00a0: \u00ab\u00a0Un int\u00e9r\u00eat particulier\u00a0\u00bb de la part de l\u2019Alg\u00e9rie - La Sentinelle","og_description":"La ministre de la Culture et des Arts, Soraya Mouloudji, a affirm\u00e9, lundi \u00e0 l\u2019ouverture des travaux du colloque international","og_url":"https:\/\/lasentinelle.dz\/index.php\/2024\/02\/28\/patrimoine-culturel-subaquatique-un-interet-particulier-de-la-part-de-lalgerie\/","og_site_name":"La Sentinelle","article_publisher":"https:\/\/www.facebook.com\/La-Sentinelle-104059864394773","article_published_time":"2024-02-28T08:59:54+00:00","article_modified_time":"2024-02-28T08:59:58+00:00","og_image":[{"width":1280,"height":960,"url":"https:\/\/lasentinelle.dz\/wp-content\/uploads\/2024\/02\/mouloudji-2.jpeg","type":"image\/jpeg"}],"author":"La Sentinelle","twitter_card":"summary_large_image","twitter_misc":{"\u00c9crit par":"La Sentinelle","Dur\u00e9e de lecture estim\u00e9e":"5 minutes"},"schema":{"@context":"https:\/\/schema.org","@graph":[{"@type":"Article","@id":"https:\/\/lasentinelle.dz\/index.php\/2024\/02\/28\/patrimoine-culturel-subaquatique-un-interet-particulier-de-la-part-de-lalgerie\/#article","isPartOf":{"@id":"https:\/\/lasentinelle.dz\/index.php\/2024\/02\/28\/patrimoine-culturel-subaquatique-un-interet-particulier-de-la-part-de-lalgerie\/"},"author":{"name":"La Sentinelle","@id":"https:\/\/lasentinelle.dz\/#\/schema\/person\/d865044e22e70a75174ce8bcad3acfb3"},"headline":"Patrimoine culturel subaquatique\u00a0: \u00ab\u00a0Un int\u00e9r\u00eat particulier\u00a0\u00bb de la part de l\u2019Alg\u00e9rie","datePublished":"2024-02-28T08:59:54+00:00","dateModified":"2024-02-28T08:59:58+00:00","mainEntityOfPage":{"@id":"https:\/\/lasentinelle.dz\/index.php\/2024\/02\/28\/patrimoine-culturel-subaquatique-un-interet-particulier-de-la-part-de-lalgerie\/"},"wordCount":961,"commentCount":0,"publisher":{"@id":"https:\/\/lasentinelle.dz\/#organization"},"image":{"@id":"https:\/\/lasentinelle.dz\/index.php\/2024\/02\/28\/patrimoine-culturel-subaquatique-un-interet-particulier-de-la-part-de-lalgerie\/#primaryimage"},"thumbnailUrl":"https:\/\/lasentinelle.dz\/wp-content\/uploads\/2024\/02\/mouloudji-2.jpeg","articleSection":["Culture"],"inLanguage":"fr-FR","potentialAction":[{"@type":"CommentAction","name":"Comment","target":["https:\/\/lasentinelle.dz\/index.php\/2024\/02\/28\/patrimoine-culturel-subaquatique-un-interet-particulier-de-la-part-de-lalgerie\/#respond"]}]},{"@type":"WebPage","@id":"https:\/\/lasentinelle.dz\/index.php\/2024\/02\/28\/patrimoine-culturel-subaquatique-un-interet-particulier-de-la-part-de-lalgerie\/","url":"https:\/\/lasentinelle.dz\/index.php\/2024\/02\/28\/patrimoine-culturel-subaquatique-un-interet-particulier-de-la-part-de-lalgerie\/","name":"Patrimoine culturel subaquatique\u00a0: \u00ab\u00a0Un int\u00e9r\u00eat particulier\u00a0\u00bb de la part de l\u2019Alg\u00e9rie - La Sentinelle","isPartOf":{"@id":"https:\/\/lasentinelle.dz\/#website"},"primaryImageOfPage":{"@id":"https:\/\/lasentinelle.dz\/index.php\/2024\/02\/28\/patrimoine-culturel-subaquatique-un-interet-particulier-de-la-part-de-lalgerie\/#primaryimage"},"image":{"@id":"https:\/\/lasentinelle.dz\/index.php\/2024\/02\/28\/patrimoine-culturel-subaquatique-un-interet-particulier-de-la-part-de-lalgerie\/#primaryimage"},"thumbnailUrl":"https:\/\/lasentinelle.dz\/wp-content\/uploads\/2024\/02\/mouloudji-2.jpeg","datePublished":"2024-02-28T08:59:54+00:00","dateModified":"2024-02-28T08:59:58+00:00","breadcrumb":{"@id":"https:\/\/lasentinelle.dz\/index.php\/2024\/02\/28\/patrimoine-culturel-subaquatique-un-interet-particulier-de-la-part-de-lalgerie\/#breadcrumb"},"inLanguage":"fr-FR","potentialAction":[{"@type":"ReadAction","target":["https:\/\/lasentinelle.dz\/index.php\/2024\/02\/28\/patrimoine-culturel-subaquatique-un-interet-particulier-de-la-part-de-lalgerie\/"]}]},{"@type":"ImageObject","inLanguage":"fr-FR","@id":"https:\/\/lasentinelle.dz\/index.php\/2024\/02\/28\/patrimoine-culturel-subaquatique-un-interet-particulier-de-la-part-de-lalgerie\/#primaryimage","url":"https:\/\/lasentinelle.dz\/wp-content\/uploads\/2024\/02\/mouloudji-2.jpeg","contentUrl":"https:\/\/lasentinelle.dz\/wp-content\/uploads\/2024\/02\/mouloudji-2.jpeg","width":1280,"height":960},{"@type":"BreadcrumbList","@id":"https:\/\/lasentinelle.dz\/index.php\/2024\/02\/28\/patrimoine-culturel-subaquatique-un-interet-particulier-de-la-part-de-lalgerie\/#breadcrumb","itemListElement":[{"@type":"ListItem","position":1,"name":"Accueil","item":"https:\/\/lasentinelle.dz\/"},{"@type":"ListItem","position":2,"name":"Patrimoine culturel subaquatique\u00a0: \u00ab\u00a0Un int\u00e9r\u00eat particulier\u00a0\u00bb de la part de l\u2019Alg\u00e9rie"}]},{"@type":"WebSite","@id":"https:\/\/lasentinelle.dz\/#website","url":"https:\/\/lasentinelle.dz\/","name":"La Sentinelle","description":"Quotidien national d&#039;information","publisher":{"@id":"https:\/\/lasentinelle.dz\/#organization"},"potentialAction":[{"@type":"SearchAction","target":{"@type":"EntryPoint","urlTemplate":"https:\/\/lasentinelle.dz\/?s={search_term_string}"},"query-input":{"@type":"PropertyValueSpecification","valueRequired":true,"valueName":"search_term_string"}}],"inLanguage":"fr-FR"},{"@type":"Organization","@id":"https:\/\/lasentinelle.dz\/#organization","name":"Quotidien La Sentinelle","url":"https:\/\/lasentinelle.dz\/","logo":{"@type":"ImageObject","inLanguage":"fr-FR","@id":"https:\/\/lasentinelle.dz\/#\/schema\/logo\/image\/","url":"https:\/\/lasentinelle.dz\/wp-content\/uploads\/2021\/09\/logo-sentinelleSLOGAN-1.png","contentUrl":"https:\/\/lasentinelle.dz\/wp-content\/uploads\/2021\/09\/logo-sentinelleSLOGAN-1.png","width":615,"height":142,"caption":"Quotidien La Sentinelle"},"image":{"@id":"https:\/\/lasentinelle.dz\/#\/schema\/logo\/image\/"},"sameAs":["https:\/\/www.facebook.com\/La-Sentinelle-104059864394773"]},{"@type":"Person","@id":"https:\/\/lasentinelle.dz\/#\/schema\/person\/d865044e22e70a75174ce8bcad3acfb3","name":"La Sentinelle","image":{"@type":"ImageObject","inLanguage":"fr-FR","@id":"https:\/\/secure.gravatar.com\/avatar\/57de8e5d4b15d43fb361a71fbb36338450fe67865b528a43dd10ef7c51a20392?s=96&d=mm&r=g","url":"https:\/\/secure.gravatar.com\/avatar\/57de8e5d4b15d43fb361a71fbb36338450fe67865b528a43dd10ef7c51a20392?s=96&d=mm&r=g","contentUrl":"https:\/\/secure.gravatar.com\/avatar\/57de8e5d4b15d43fb361a71fbb36338450fe67865b528a43dd10ef7c51a20392?s=96&d=mm&r=g","caption":"La Sentinelle"},"sameAs":["http:\/\/www.lasentinelle.dz"],"url":"https:\/\/lasentinelle.dz\/author\/redaction\/"}]}},"_links":{"self":[{"href":"https:\/\/lasentinelle.dz\/index.php\/wp-json\/wp\/v2\/posts\/49888","targetHints":{"allow":["GET"]}}],"collection":[{"href":"https:\/\/lasentinelle.dz\/index.php\/wp-json\/wp\/v2\/posts"}],"about":[{"href":"https:\/\/lasentinelle.dz\/index.php\/wp-json\/wp\/v2\/types\/post"}],"author":[{"embeddable":true,"href":"https:\/\/lasentinelle.dz\/index.php\/wp-json\/wp\/v2\/users\/3"}],"replies":[{"embeddable":true,"href":"https:\/\/lasentinelle.dz\/index.php\/wp-json\/wp\/v2\/comments?post=49888"}],"version-history":[{"count":1,"href":"https:\/\/lasentinelle.dz\/index.php\/wp-json\/wp\/v2\/posts\/49888\/revisions"}],"predecessor-version":[{"id":49890,"href":"https:\/\/lasentinelle.dz\/index.php\/wp-json\/wp\/v2\/posts\/49888\/revisions\/49890"}],"wp:featuredmedia":[{"embeddable":true,"href":"https:\/\/lasentinelle.dz\/index.php\/wp-json\/wp\/v2\/media\/49889"}],"wp:attachment":[{"href":"https:\/\/lasentinelle.dz\/index.php\/wp-json\/wp\/v2\/media?parent=49888"}],"wp:term":[{"taxonomy":"category","embeddable":true,"href":"https:\/\/lasentinelle.dz\/index.php\/wp-json\/wp\/v2\/categories?post=49888"},{"taxonomy":"post_tag","embeddable":true,"href":"https:\/\/lasentinelle.dz\/index.php\/wp-json\/wp\/v2\/tags?post=49888"}],"curies":[{"name":"wp","href":"https:\/\/api.w.org\/{rel}","templated":true}]}}