{"id":49931,"date":"2024-02-29T12:24:00","date_gmt":"2024-02-29T11:24:00","guid":{"rendered":"https:\/\/lasentinelle.dz\/?p=49931"},"modified":"2024-03-02T12:30:47","modified_gmt":"2024-03-02T11:30:47","slug":"chutes-de-pluies-et-de-neige-lappel-a-la-vigilance","status":"publish","type":"post","link":"https:\/\/lasentinelle.dz\/index.php\/2024\/02\/29\/chutes-de-pluies-et-de-neige-lappel-a-la-vigilance\/","title":{"rendered":"Chutes de pluies et de neige\u00a0: L\u2019appel \u00e0 la vigilance"},"content":{"rendered":"\n<p>De fortes pluies et des chutes de neige affectent plusieurs wilayas du nord du pays. Dans ce contexte la Protection civile a appel\u00e9 hier les<\/p>\n\n\n\n<p>citoyens \u00e0 la prudence et \u00e0 la vigilance et \u00e0 suivre les consignes de s\u00e9curit\u00e9, notamment suite au bulletin m\u00e9t\u00e9orologique sp\u00e9cial (BMS) relatif aux fortes<\/p>\n\n\n\n<p>chutes de pluies et de neige dans plusieurs wilayas. La Protection civile recommande ainsi, dans un communiqu\u00e9, aux automobilistes de r\u00e9duire la vitesse, d&rsquo;allumer les feux m\u00eame en plein jour, de respecter la distance de s\u00e9curit\u00e9 et d&rsquo;\u00e9viter les man\u0153uvres dangereuses, sans oublier de v\u00e9rifier o\u00f9 changer les balais d&rsquo;essuie-glaces, et le r\u00e9servoir de lave-glace. En outre, il est conseill\u00e9 d&rsquo;allumer les feux du v\u00e9hicule tout au long de la journ\u00e9e, mod\u00e9rer la vitesse, v\u00e9rifier l&rsquo;\u00e9tat des pneus, y compris la roue de secours et faire le plein de carburant avant un long d\u00e9placement, ajoute le communiqu\u00e9 qui recommande aussi d\u00a0\u00bb&lsquo;\u00e9viter de conduire sur une route inond\u00e9e\u00a0\u00bb. Par ailleurs, la Protection civile conseille de couper l&rsquo;\u00e9lectricit\u00e9 et le gaz en cas d&rsquo;infiltration d&rsquo;eaux pluviales dans le domicile, appelant \u00e9galement \u00e0 rester loin des oueds et d&rsquo;informer les enfants des dangers de se rapprocher des rivi\u00e8res, ajoute le communiqu\u00e9. Il est aussi conseill\u00e9 d&rsquo;accompagner les enfants \u00e0 l&rsquo;\u00e9cole en choisissant le chemin le plus s\u00fbr et en faisant attention, lors de vents violents, aux c\u00e2bles \u00e9lectriques. En cas d&rsquo;incident ou de danger, la Protection civile met \u00e0 la disposition des citoyens les num\u00e9ros 1021 ou le 14 en pr\u00e9cisant la nature du risque et l&rsquo;adresse exacte. Rappelons qu\u2019un BMS \u00e9mis par l&rsquo;Office national de la m\u00e9t\u00e9orologie pr\u00e9voit de fortes pluies parfois sous forme d&rsquo;averses orageuses avec des rafales de vent sous orages dans plusieurs wilayas du Nord du pays. Les wilayas de Tipaza, Alger, Ain Defla, Blida et M\u00e9d\u00e9a sont, ainsi, plac\u00e9es en vigilance \u00ab\u00a0orange\u00a0\u00bb jusqu&rsquo;au jeudi \u00e0 03h00. Durant la p\u00e9riode de validit\u00e9 de ce bulletin, les quantit\u00e9s de pluie sont estim\u00e9es entre 30 et 40 mm pouvant atteindre ou d\u00e9passer localement 50 mm. Les wilayas de Boumerdes, Bouira, Bordj Bou Arreridj et Tizi Ouzou sont plac\u00e9es en vigilance \u00ab\u00a0orange\u00a0\u00bb jusqu&rsquo;au jeudi \u00e0 12h00. Les quantit\u00e9s de pluie sont estim\u00e9es pour ces wilayas entre 60 et 80 mm pouvant atteindre ou d\u00e9passer localement 110 mm sur la wilaya de Tizi-Ouzou. Les wilayas de Bejaia, Jijel, Nord de S\u00e9tif et Mila sont plac\u00e9es, quant \u00e0 elles, en vigilance \u00ab\u00a0orange\u00a0\u00bb jusqu&rsquo;au jeudi \u00e0 21h00. Les quantit\u00e9s de pluie sont estim\u00e9es, pour ces wilayas, entre 80 et 100 mm, pouvant atteindre ou d\u00e9passer localement 140 mm. Les wilayas de Skikda, Annaba, El Tarf, Constantine, Guelma, Souk Ahras, Oum El Bouaghi, Batna, Khenchela et T\u00e9bessa sont plac\u00e9es en vigilance \u00ab\u00a0orange\u00a0\u00bb durant toute la journ\u00e9e du jeudi ( de 00h00 \u00e0 21h00) avec des quantit\u00e9s de pluie estim\u00e9es entre 30 et 50 mm, pouvant atteindre ou d\u00e9passer localement 60 mm. &nbsp;Mardi un BMS de l\u2019ONM a pr\u00e9vu des chutes de neige dans 24 wilayas.<\/p>\n\n\n\n<p>R.N.<\/p>\n","protected":false},"excerpt":{"rendered":"<p>De fortes pluies et des chutes de neige affectent plusieurs wilayas du nord du pays. Dans ce contexte la Protection<\/p>\n","protected":false},"author":3,"featured_media":17691,"comment_status":"open","ping_status":"closed","sticky":false,"template":"","format":"standard","meta":{"colormag_page_container_layout":"default_layout","colormag_page_sidebar_layout":"default_layout","om_disable_all_campaigns":false,"_monsterinsights_skip_tracking":false,"_monsterinsights_sitenote_active":false,"_monsterinsights_sitenote_note":"","_monsterinsights_sitenote_category":0,"footnotes":"","_wpscppro_dont_share_socialmedia":false,"_wpscppro_custom_social_share_image":0,"_facebook_share_type":"","_twitter_share_type":"","_linkedin_share_type":"","_pinterest_share_type":"","_linkedin_share_type_page":"","_instagram_share_type":"","_medium_share_type":"","_threads_share_type":"","_google_business_share_type":"","_selected_social_profile":[],"_wpsp_enable_custom_social_template":false,"_wpsp_social_scheduling":{"enabled":false,"datetime":null,"platforms":[],"status":"template_only","dateOption":"today","timeOption":"now","customDays":"","customHours":"","customDate":"","customTime":"","schedulingType":"absolute"},"_wpsp_active_default_template":true},"categories":[27],"tags":[],"class_list":["post-49931","post","type-post","status-publish","format-standard","has-post-thumbnail","hentry","category-actualite"],"aioseo_notices":[],"yoast_head":"<!-- This site is optimized with the Yoast SEO plugin v27.5 - https:\/\/yoast.com\/product\/yoast-seo-wordpress\/ -->\n<title>Chutes de pluies et de neige\u00a0: L\u2019appel \u00e0 la vigilance - La Sentinelle<\/title>\n<meta name=\"robots\" content=\"index, follow, max-snippet:-1, max-image-preview:large, max-video-preview:-1\" \/>\n<link rel=\"canonical\" href=\"https:\/\/lasentinelle.dz\/index.php\/2024\/02\/29\/chutes-de-pluies-et-de-neige-lappel-a-la-vigilance\/\" \/>\n<meta property=\"og:locale\" content=\"fr_FR\" \/>\n<meta property=\"og:type\" content=\"article\" \/>\n<meta property=\"og:title\" content=\"Chutes de pluies et de neige\u00a0: L\u2019appel \u00e0 la vigilance - La Sentinelle\" \/>\n<meta property=\"og:description\" content=\"De fortes pluies et des chutes de neige affectent plusieurs wilayas du nord du pays. Dans ce contexte la Protection\" \/>\n<meta property=\"og:url\" content=\"https:\/\/lasentinelle.dz\/index.php\/2024\/02\/29\/chutes-de-pluies-et-de-neige-lappel-a-la-vigilance\/\" \/>\n<meta property=\"og:site_name\" content=\"La Sentinelle\" \/>\n<meta property=\"article:publisher\" content=\"https:\/\/www.facebook.com\/La-Sentinelle-104059864394773\" \/>\n<meta property=\"article:published_time\" content=\"2024-02-29T11:24:00+00:00\" \/>\n<meta property=\"article:modified_time\" content=\"2024-03-02T11:30:47+00:00\" \/>\n<meta property=\"og:image\" content=\"https:\/\/lasentinelle.dz\/wp-content\/uploads\/2022\/02\/neige-660x330-1.png\" \/>\n\t<meta property=\"og:image:width\" content=\"1800\" \/>\n\t<meta property=\"og:image:height\" content=\"900\" \/>\n\t<meta property=\"og:image:type\" content=\"image\/png\" \/>\n<meta name=\"author\" content=\"La Sentinelle\" \/>\n<meta name=\"twitter:card\" content=\"summary_large_image\" \/>\n<meta name=\"twitter:label1\" content=\"\u00c9crit par\" \/>\n\t<meta name=\"twitter:data1\" content=\"La Sentinelle\" \/>\n\t<meta name=\"twitter:label2\" content=\"Dur\u00e9e de lecture estim\u00e9e\" \/>\n\t<meta name=\"twitter:data2\" content=\"3 minutes\" \/>\n<script type=\"application\/ld+json\" class=\"yoast-schema-graph\">{\"@context\":\"https:\\\/\\\/schema.org\",\"@graph\":[{\"@type\":\"Article\",\"@id\":\"https:\\\/\\\/lasentinelle.dz\\\/index.php\\\/2024\\\/02\\\/29\\\/chutes-de-pluies-et-de-neige-lappel-a-la-vigilance\\\/#article\",\"isPartOf\":{\"@id\":\"https:\\\/\\\/lasentinelle.dz\\\/index.php\\\/2024\\\/02\\\/29\\\/chutes-de-pluies-et-de-neige-lappel-a-la-vigilance\\\/\"},\"author\":{\"name\":\"La Sentinelle\",\"@id\":\"https:\\\/\\\/lasentinelle.dz\\\/#\\\/schema\\\/person\\\/d865044e22e70a75174ce8bcad3acfb3\"},\"headline\":\"Chutes de pluies et de neige\u00a0: L\u2019appel \u00e0 la vigilance\",\"datePublished\":\"2024-02-29T11:24:00+00:00\",\"dateModified\":\"2024-03-02T11:30:47+00:00\",\"mainEntityOfPage\":{\"@id\":\"https:\\\/\\\/lasentinelle.dz\\\/index.php\\\/2024\\\/02\\\/29\\\/chutes-de-pluies-et-de-neige-lappel-a-la-vigilance\\\/\"},\"wordCount\":543,\"commentCount\":0,\"publisher\":{\"@id\":\"https:\\\/\\\/lasentinelle.dz\\\/#organization\"},\"image\":{\"@id\":\"https:\\\/\\\/lasentinelle.dz\\\/index.php\\\/2024\\\/02\\\/29\\\/chutes-de-pluies-et-de-neige-lappel-a-la-vigilance\\\/#primaryimage\"},\"thumbnailUrl\":\"https:\\\/\\\/lasentinelle.dz\\\/wp-content\\\/uploads\\\/2022\\\/02\\\/neige-660x330-1.png\",\"articleSection\":[\"Actualit\u00e9\"],\"inLanguage\":\"fr-FR\",\"potentialAction\":[{\"@type\":\"CommentAction\",\"name\":\"Comment\",\"target\":[\"https:\\\/\\\/lasentinelle.dz\\\/index.php\\\/2024\\\/02\\\/29\\\/chutes-de-pluies-et-de-neige-lappel-a-la-vigilance\\\/#respond\"]}]},{\"@type\":\"WebPage\",\"@id\":\"https:\\\/\\\/lasentinelle.dz\\\/index.php\\\/2024\\\/02\\\/29\\\/chutes-de-pluies-et-de-neige-lappel-a-la-vigilance\\\/\",\"url\":\"https:\\\/\\\/lasentinelle.dz\\\/index.php\\\/2024\\\/02\\\/29\\\/chutes-de-pluies-et-de-neige-lappel-a-la-vigilance\\\/\",\"name\":\"Chutes de pluies et de neige\u00a0: L\u2019appel \u00e0 la vigilance - La Sentinelle\",\"isPartOf\":{\"@id\":\"https:\\\/\\\/lasentinelle.dz\\\/#website\"},\"primaryImageOfPage\":{\"@id\":\"https:\\\/\\\/lasentinelle.dz\\\/index.php\\\/2024\\\/02\\\/29\\\/chutes-de-pluies-et-de-neige-lappel-a-la-vigilance\\\/#primaryimage\"},\"image\":{\"@id\":\"https:\\\/\\\/lasentinelle.dz\\\/index.php\\\/2024\\\/02\\\/29\\\/chutes-de-pluies-et-de-neige-lappel-a-la-vigilance\\\/#primaryimage\"},\"thumbnailUrl\":\"https:\\\/\\\/lasentinelle.dz\\\/wp-content\\\/uploads\\\/2022\\\/02\\\/neige-660x330-1.png\",\"datePublished\":\"2024-02-29T11:24:00+00:00\",\"dateModified\":\"2024-03-02T11:30:47+00:00\",\"breadcrumb\":{\"@id\":\"https:\\\/\\\/lasentinelle.dz\\\/index.php\\\/2024\\\/02\\\/29\\\/chutes-de-pluies-et-de-neige-lappel-a-la-vigilance\\\/#breadcrumb\"},\"inLanguage\":\"fr-FR\",\"potentialAction\":[{\"@type\":\"ReadAction\",\"target\":[\"https:\\\/\\\/lasentinelle.dz\\\/index.php\\\/2024\\\/02\\\/29\\\/chutes-de-pluies-et-de-neige-lappel-a-la-vigilance\\\/\"]}]},{\"@type\":\"ImageObject\",\"inLanguage\":\"fr-FR\",\"@id\":\"https:\\\/\\\/lasentinelle.dz\\\/index.php\\\/2024\\\/02\\\/29\\\/chutes-de-pluies-et-de-neige-lappel-a-la-vigilance\\\/#primaryimage\",\"url\":\"https:\\\/\\\/lasentinelle.dz\\\/wp-content\\\/uploads\\\/2022\\\/02\\\/neige-660x330-1.png\",\"contentUrl\":\"https:\\\/\\\/lasentinelle.dz\\\/wp-content\\\/uploads\\\/2022\\\/02\\\/neige-660x330-1.png\",\"width\":1800,\"height\":900},{\"@type\":\"BreadcrumbList\",\"@id\":\"https:\\\/\\\/lasentinelle.dz\\\/index.php\\\/2024\\\/02\\\/29\\\/chutes-de-pluies-et-de-neige-lappel-a-la-vigilance\\\/#breadcrumb\",\"itemListElement\":[{\"@type\":\"ListItem\",\"position\":1,\"name\":\"Accueil\",\"item\":\"https:\\\/\\\/lasentinelle.dz\\\/\"},{\"@type\":\"ListItem\",\"position\":2,\"name\":\"Chutes de pluies et de neige\u00a0: L\u2019appel \u00e0 la vigilance\"}]},{\"@type\":\"WebSite\",\"@id\":\"https:\\\/\\\/lasentinelle.dz\\\/#website\",\"url\":\"https:\\\/\\\/lasentinelle.dz\\\/\",\"name\":\"La Sentinelle\",\"description\":\"Quotidien national d&#039;information\",\"publisher\":{\"@id\":\"https:\\\/\\\/lasentinelle.dz\\\/#organization\"},\"potentialAction\":[{\"@type\":\"SearchAction\",\"target\":{\"@type\":\"EntryPoint\",\"urlTemplate\":\"https:\\\/\\\/lasentinelle.dz\\\/?s={search_term_string}\"},\"query-input\":{\"@type\":\"PropertyValueSpecification\",\"valueRequired\":true,\"valueName\":\"search_term_string\"}}],\"inLanguage\":\"fr-FR\"},{\"@type\":\"Organization\",\"@id\":\"https:\\\/\\\/lasentinelle.dz\\\/#organization\",\"name\":\"Quotidien La Sentinelle\",\"url\":\"https:\\\/\\\/lasentinelle.dz\\\/\",\"logo\":{\"@type\":\"ImageObject\",\"inLanguage\":\"fr-FR\",\"@id\":\"https:\\\/\\\/lasentinelle.dz\\\/#\\\/schema\\\/logo\\\/image\\\/\",\"url\":\"https:\\\/\\\/lasentinelle.dz\\\/wp-content\\\/uploads\\\/2021\\\/09\\\/logo-sentinelleSLOGAN-1.png\",\"contentUrl\":\"https:\\\/\\\/lasentinelle.dz\\\/wp-content\\\/uploads\\\/2021\\\/09\\\/logo-sentinelleSLOGAN-1.png\",\"width\":615,\"height\":142,\"caption\":\"Quotidien La Sentinelle\"},\"image\":{\"@id\":\"https:\\\/\\\/lasentinelle.dz\\\/#\\\/schema\\\/logo\\\/image\\\/\"},\"sameAs\":[\"https:\\\/\\\/www.facebook.com\\\/La-Sentinelle-104059864394773\"]},{\"@type\":\"Person\",\"@id\":\"https:\\\/\\\/lasentinelle.dz\\\/#\\\/schema\\\/person\\\/d865044e22e70a75174ce8bcad3acfb3\",\"name\":\"La Sentinelle\",\"image\":{\"@type\":\"ImageObject\",\"inLanguage\":\"fr-FR\",\"@id\":\"https:\\\/\\\/secure.gravatar.com\\\/avatar\\\/57de8e5d4b15d43fb361a71fbb36338450fe67865b528a43dd10ef7c51a20392?s=96&d=mm&r=g\",\"url\":\"https:\\\/\\\/secure.gravatar.com\\\/avatar\\\/57de8e5d4b15d43fb361a71fbb36338450fe67865b528a43dd10ef7c51a20392?s=96&d=mm&r=g\",\"contentUrl\":\"https:\\\/\\\/secure.gravatar.com\\\/avatar\\\/57de8e5d4b15d43fb361a71fbb36338450fe67865b528a43dd10ef7c51a20392?s=96&d=mm&r=g\",\"caption\":\"La Sentinelle\"},\"sameAs\":[\"http:\\\/\\\/www.lasentinelle.dz\"],\"url\":\"https:\\\/\\\/lasentinelle.dz\\\/author\\\/redaction\\\/\"}]}<\/script>\n<!-- \/ Yoast SEO plugin. -->","yoast_head_json":{"title":"Chutes de pluies et de neige\u00a0: L\u2019appel \u00e0 la vigilance - La Sentinelle","robots":{"index":"index","follow":"follow","max-snippet":"max-snippet:-1","max-image-preview":"max-image-preview:large","max-video-preview":"max-video-preview:-1"},"canonical":"https:\/\/lasentinelle.dz\/index.php\/2024\/02\/29\/chutes-de-pluies-et-de-neige-lappel-a-la-vigilance\/","og_locale":"fr_FR","og_type":"article","og_title":"Chutes de pluies et de neige\u00a0: L\u2019appel \u00e0 la vigilance - La Sentinelle","og_description":"De fortes pluies et des chutes de neige affectent plusieurs wilayas du nord du pays. Dans ce contexte la Protection","og_url":"https:\/\/lasentinelle.dz\/index.php\/2024\/02\/29\/chutes-de-pluies-et-de-neige-lappel-a-la-vigilance\/","og_site_name":"La Sentinelle","article_publisher":"https:\/\/www.facebook.com\/La-Sentinelle-104059864394773","article_published_time":"2024-02-29T11:24:00+00:00","article_modified_time":"2024-03-02T11:30:47+00:00","og_image":[{"width":1800,"height":900,"url":"https:\/\/lasentinelle.dz\/wp-content\/uploads\/2022\/02\/neige-660x330-1.png","type":"image\/png"}],"author":"La Sentinelle","twitter_card":"summary_large_image","twitter_misc":{"\u00c9crit par":"La Sentinelle","Dur\u00e9e de lecture estim\u00e9e":"3 minutes"},"schema":{"@context":"https:\/\/schema.org","@graph":[{"@type":"Article","@id":"https:\/\/lasentinelle.dz\/index.php\/2024\/02\/29\/chutes-de-pluies-et-de-neige-lappel-a-la-vigilance\/#article","isPartOf":{"@id":"https:\/\/lasentinelle.dz\/index.php\/2024\/02\/29\/chutes-de-pluies-et-de-neige-lappel-a-la-vigilance\/"},"author":{"name":"La Sentinelle","@id":"https:\/\/lasentinelle.dz\/#\/schema\/person\/d865044e22e70a75174ce8bcad3acfb3"},"headline":"Chutes de pluies et de neige\u00a0: L\u2019appel \u00e0 la vigilance","datePublished":"2024-02-29T11:24:00+00:00","dateModified":"2024-03-02T11:30:47+00:00","mainEntityOfPage":{"@id":"https:\/\/lasentinelle.dz\/index.php\/2024\/02\/29\/chutes-de-pluies-et-de-neige-lappel-a-la-vigilance\/"},"wordCount":543,"commentCount":0,"publisher":{"@id":"https:\/\/lasentinelle.dz\/#organization"},"image":{"@id":"https:\/\/lasentinelle.dz\/index.php\/2024\/02\/29\/chutes-de-pluies-et-de-neige-lappel-a-la-vigilance\/#primaryimage"},"thumbnailUrl":"https:\/\/lasentinelle.dz\/wp-content\/uploads\/2022\/02\/neige-660x330-1.png","articleSection":["Actualit\u00e9"],"inLanguage":"fr-FR","potentialAction":[{"@type":"CommentAction","name":"Comment","target":["https:\/\/lasentinelle.dz\/index.php\/2024\/02\/29\/chutes-de-pluies-et-de-neige-lappel-a-la-vigilance\/#respond"]}]},{"@type":"WebPage","@id":"https:\/\/lasentinelle.dz\/index.php\/2024\/02\/29\/chutes-de-pluies-et-de-neige-lappel-a-la-vigilance\/","url":"https:\/\/lasentinelle.dz\/index.php\/2024\/02\/29\/chutes-de-pluies-et-de-neige-lappel-a-la-vigilance\/","name":"Chutes de pluies et de neige\u00a0: L\u2019appel \u00e0 la vigilance - La Sentinelle","isPartOf":{"@id":"https:\/\/lasentinelle.dz\/#website"},"primaryImageOfPage":{"@id":"https:\/\/lasentinelle.dz\/index.php\/2024\/02\/29\/chutes-de-pluies-et-de-neige-lappel-a-la-vigilance\/#primaryimage"},"image":{"@id":"https:\/\/lasentinelle.dz\/index.php\/2024\/02\/29\/chutes-de-pluies-et-de-neige-lappel-a-la-vigilance\/#primaryimage"},"thumbnailUrl":"https:\/\/lasentinelle.dz\/wp-content\/uploads\/2022\/02\/neige-660x330-1.png","datePublished":"2024-02-29T11:24:00+00:00","dateModified":"2024-03-02T11:30:47+00:00","breadcrumb":{"@id":"https:\/\/lasentinelle.dz\/index.php\/2024\/02\/29\/chutes-de-pluies-et-de-neige-lappel-a-la-vigilance\/#breadcrumb"},"inLanguage":"fr-FR","potentialAction":[{"@type":"ReadAction","target":["https:\/\/lasentinelle.dz\/index.php\/2024\/02\/29\/chutes-de-pluies-et-de-neige-lappel-a-la-vigilance\/"]}]},{"@type":"ImageObject","inLanguage":"fr-FR","@id":"https:\/\/lasentinelle.dz\/index.php\/2024\/02\/29\/chutes-de-pluies-et-de-neige-lappel-a-la-vigilance\/#primaryimage","url":"https:\/\/lasentinelle.dz\/wp-content\/uploads\/2022\/02\/neige-660x330-1.png","contentUrl":"https:\/\/lasentinelle.dz\/wp-content\/uploads\/2022\/02\/neige-660x330-1.png","width":1800,"height":900},{"@type":"BreadcrumbList","@id":"https:\/\/lasentinelle.dz\/index.php\/2024\/02\/29\/chutes-de-pluies-et-de-neige-lappel-a-la-vigilance\/#breadcrumb","itemListElement":[{"@type":"ListItem","position":1,"name":"Accueil","item":"https:\/\/lasentinelle.dz\/"},{"@type":"ListItem","position":2,"name":"Chutes de pluies et de neige\u00a0: L\u2019appel \u00e0 la vigilance"}]},{"@type":"WebSite","@id":"https:\/\/lasentinelle.dz\/#website","url":"https:\/\/lasentinelle.dz\/","name":"La Sentinelle","description":"Quotidien national d&#039;information","publisher":{"@id":"https:\/\/lasentinelle.dz\/#organization"},"potentialAction":[{"@type":"SearchAction","target":{"@type":"EntryPoint","urlTemplate":"https:\/\/lasentinelle.dz\/?s={search_term_string}"},"query-input":{"@type":"PropertyValueSpecification","valueRequired":true,"valueName":"search_term_string"}}],"inLanguage":"fr-FR"},{"@type":"Organization","@id":"https:\/\/lasentinelle.dz\/#organization","name":"Quotidien La Sentinelle","url":"https:\/\/lasentinelle.dz\/","logo":{"@type":"ImageObject","inLanguage":"fr-FR","@id":"https:\/\/lasentinelle.dz\/#\/schema\/logo\/image\/","url":"https:\/\/lasentinelle.dz\/wp-content\/uploads\/2021\/09\/logo-sentinelleSLOGAN-1.png","contentUrl":"https:\/\/lasentinelle.dz\/wp-content\/uploads\/2021\/09\/logo-sentinelleSLOGAN-1.png","width":615,"height":142,"caption":"Quotidien La Sentinelle"},"image":{"@id":"https:\/\/lasentinelle.dz\/#\/schema\/logo\/image\/"},"sameAs":["https:\/\/www.facebook.com\/La-Sentinelle-104059864394773"]},{"@type":"Person","@id":"https:\/\/lasentinelle.dz\/#\/schema\/person\/d865044e22e70a75174ce8bcad3acfb3","name":"La Sentinelle","image":{"@type":"ImageObject","inLanguage":"fr-FR","@id":"https:\/\/secure.gravatar.com\/avatar\/57de8e5d4b15d43fb361a71fbb36338450fe67865b528a43dd10ef7c51a20392?s=96&d=mm&r=g","url":"https:\/\/secure.gravatar.com\/avatar\/57de8e5d4b15d43fb361a71fbb36338450fe67865b528a43dd10ef7c51a20392?s=96&d=mm&r=g","contentUrl":"https:\/\/secure.gravatar.com\/avatar\/57de8e5d4b15d43fb361a71fbb36338450fe67865b528a43dd10ef7c51a20392?s=96&d=mm&r=g","caption":"La Sentinelle"},"sameAs":["http:\/\/www.lasentinelle.dz"],"url":"https:\/\/lasentinelle.dz\/author\/redaction\/"}]}},"_links":{"self":[{"href":"https:\/\/lasentinelle.dz\/index.php\/wp-json\/wp\/v2\/posts\/49931","targetHints":{"allow":["GET"]}}],"collection":[{"href":"https:\/\/lasentinelle.dz\/index.php\/wp-json\/wp\/v2\/posts"}],"about":[{"href":"https:\/\/lasentinelle.dz\/index.php\/wp-json\/wp\/v2\/types\/post"}],"author":[{"embeddable":true,"href":"https:\/\/lasentinelle.dz\/index.php\/wp-json\/wp\/v2\/users\/3"}],"replies":[{"embeddable":true,"href":"https:\/\/lasentinelle.dz\/index.php\/wp-json\/wp\/v2\/comments?post=49931"}],"version-history":[{"count":1,"href":"https:\/\/lasentinelle.dz\/index.php\/wp-json\/wp\/v2\/posts\/49931\/revisions"}],"predecessor-version":[{"id":49932,"href":"https:\/\/lasentinelle.dz\/index.php\/wp-json\/wp\/v2\/posts\/49931\/revisions\/49932"}],"wp:featuredmedia":[{"embeddable":true,"href":"https:\/\/lasentinelle.dz\/index.php\/wp-json\/wp\/v2\/media\/17691"}],"wp:attachment":[{"href":"https:\/\/lasentinelle.dz\/index.php\/wp-json\/wp\/v2\/media?parent=49931"}],"wp:term":[{"taxonomy":"category","embeddable":true,"href":"https:\/\/lasentinelle.dz\/index.php\/wp-json\/wp\/v2\/categories?post=49931"},{"taxonomy":"post_tag","embeddable":true,"href":"https:\/\/lasentinelle.dz\/index.php\/wp-json\/wp\/v2\/tags?post=49931"}],"curies":[{"name":"wp","href":"https:\/\/api.w.org\/{rel}","templated":true}]}}