{"id":49957,"date":"2024-02-29T13:02:00","date_gmt":"2024-02-29T12:02:00","guid":{"rendered":"https:\/\/lasentinelle.dz\/?p=49957"},"modified":"2024-03-02T13:06:26","modified_gmt":"2024-03-02T12:06:26","slug":"dispositifs-de-lutte-contre-les-incendies-les-preparatifs-deja-lances","status":"publish","type":"post","link":"https:\/\/lasentinelle.dz\/index.php\/2024\/02\/29\/dispositifs-de-lutte-contre-les-incendies-les-preparatifs-deja-lances\/","title":{"rendered":"Dispositifs de lutte contre les incendies\u00a0: Les pr\u00e9paratifs d\u00e9j\u00e0 lanc\u00e9s"},"content":{"rendered":"\n<p>Le dispositif de lutte contre les incendies commence d\u00e9j\u00e0 \u00e0 \u00eatre pr\u00e9par\u00e9. La Commission nationale de protection des for\u00eats (CNPF) pour l&rsquo;ann\u00e9e 2024 a \u00e9t\u00e9 install\u00e9e mardi \u00e0 Alger dans le cadre de la pr\u00e9paration pr\u00e9ventive contre les incendies.<\/p>\n\n\n\n<p>Le changement climatique a induit une multiplication des ph\u00e9nom\u00e8nes climatiques extr\u00eames lesquels deviennent de plus en plus intenses. L\u2019Alg\u00e9rie, comme beaucoup de pays du bassin m\u00e9diterran\u00e9en, est particuli\u00e8rement expos\u00e9e \u00e0 certains de ces ph\u00e9nom\u00e8nes comme les inondations, les s\u00e9cheresses et surtout les incendies de for\u00eats. Une situation qui impose la mise en place de dispositifs de pr\u00e9vention de plus en plus pr\u00e9coces et surtout dynamiques et proactifs en anticipant les risques au lieu de se contenter de la gestion des catastrophes. C\u2019est dans ce contexte que la Commission nationale de protection des for\u00eats (CNPF) pour l&rsquo;ann\u00e9e 2024 a \u00e9t\u00e9 install\u00e9e mardi \u00e0 Alger dans le cadre de la pr\u00e9paration pr\u00e9ventive contre les incendies, en pr\u00e9sence des ministres de l\u2019Int\u00e9rieur et de l\u2019Agriculture en plus des responsables de la Direction g\u00e9n\u00e9rale des for\u00eats. Une installation qui a permis aux deux membres du Gouvernement d\u2019insister sur la nouvelle approche de gestion des risques, notamment des incendies. Dans ce contexte, le ministre de l&rsquo;Int\u00e9rieur, des Collectivit\u00e9s locales et de l&rsquo;Am\u00e9nagement du territoire, Brahim Merad a affirm\u00e9, qu&rsquo;il a \u00e9t\u00e9 proc\u00e9d\u00e9 \u00e0 l&rsquo;\u00e9laboration d&rsquo;une feuille de route comprenant des mesures proactives et pr\u00e9ventives contre les feux de for\u00eats durant la prochaine saison estivale. Cette feuille de route comprend \u00ab\u00a0des mesures anticipatives et pr\u00e9ventives conformes aux normes internationales visant \u00e0 am\u00e9liorer l&rsquo;intervention pr\u00e9liminaire, am\u00e9liorer la connaissance des risques des feux de for\u00eats, renforcer la sensibilisation, l&rsquo;\u00e9ducation environnementale et former tous les intervenants selon une strat\u00e9gie de communication appropri\u00e9e\u00a0\u00bb, a-t-il pr\u00e9cis\u00e9. Il a rappel\u00e9 dans ce cadre &nbsp;que les walis de la R\u00e9publique ont \u00e9t\u00e9 invit\u00e9s, au d\u00e9but du mois janvier, \u00e0 \u00ab\u00a0se mobiliser pour pr\u00e9parer la campagne nationale de pr\u00e9vention et de lutte contre les feux de for\u00eats, en sus de l&rsquo;\u00e9laboration du plan de wilaya de pr\u00e9vention et de lutte contre les feux de for\u00eats susceptibles de survenir au cours de la prochaine saison estivale\u00a0\u00bb. Ces mesures ont concern\u00e9 \u00ab\u00a0l&rsquo;am\u00e9nagement de bassins d&rsquo;eau et de pistes d&rsquo;atterrissage et de d\u00e9collage pour les h\u00e9licopt\u00e8res mobilis\u00e9s pour l&rsquo;extinction des feux, avec l&rsquo;ouverture de sentiers forestiers et de pare-feu et la mobilisation de tous les moyens mat\u00e9riels et humains disponibles dans le cadre de la lutte contre les incendies de for\u00eats\u00a0\u00bb, et ce de par \u00ab\u00a0les exercices de simulation pour l&rsquo;extinction des incendies de for\u00eats, effectu\u00e9s en coordination avec les diff\u00e9rents services comp\u00e9tents\u00a0\u00bb, a-t-il pr\u00e9cis\u00e9.<\/p>\n\n\n\n<p><strong>Mobilisation de 14 Canadairs<\/strong><\/p>\n\n\n\n<p>Le ministre a \u00e9galement \u00e9voqu\u00e9 un projet de mobilisation de 14 Canadairs comme moyens d&rsquo;intervention a\u00e9riens. Il a soulign\u00e9 \u00ab\u00a0qu&rsquo;en plus du canadair d&rsquo;une capacit\u00e9 de 12 000 litres, acquis l&rsquo;ann\u00e9e derni\u00e8re par le minist\u00e8re de la D\u00e9fense nationale, des mesures ont \u00e9t\u00e9 engag\u00e9es, en application des instructions du pr\u00e9sident de la R\u00e9publique, M. Abdelmadjid Tebboune, pour l&rsquo;acquisition de 6 avions canadairs avant la fin du premier semestre 2024 et la location de 7 autres\u00a0\u00bb.<\/p>\n\n\n\n<p>Le son c\u00f4t\u00e9, le ministre de l\u2019Agriculture et du D\u00e9veloppement rural, Youcef Cherfa, a insist\u00e9 sur l&rsquo;adoption d&rsquo;une approche proactive dans la prise de d\u00e9cisions tout en tirant les le\u00e7ons des pr\u00e9c\u00e9dentes exp\u00e9riences, indiquant que l&rsquo;installation de cette commission intervient suite \u00e0 la promulgation de la loi relative aux for\u00eats et aux richesses foresti\u00e8res en d\u00e9cembre 2023. &nbsp;Cherfa a \u00e9galement mis en avant l&rsquo;importance de la sensibilisation de la population locale en particulier, et de l&rsquo;association de la soci\u00e9t\u00e9 civile \u00e0 toutes les \u00e9tapes de la campagne de pr\u00e9vention et de lutte contre les incendies, insistant sur la participation de tous les acteurs pour le succ\u00e8s de cette saison. Install\u00e9e au si\u00e8ge du minist\u00e8re de l&rsquo;Agriculture, cette commission est compos\u00e9e de repr\u00e9sentants de treize minist\u00e8res et de onze institutions nationales concern\u00e9es par la protection des for\u00eats.<\/p>\n\n\n\n<p>Lors de la c\u00e9r\u00e9monie d&rsquo;installation, de nombreux expos\u00e9s ont \u00e9t\u00e9 pr\u00e9sent\u00e9s par diff\u00e9rentes instances concern\u00e9es, \u00e0 l&rsquo;instar de la pr\u00e9sentation de la Direction g\u00e9n\u00e9rale des for\u00eats (DGF) relative au plan de gestion des for\u00eats pour la campagne de pr\u00e9vention et de lutte contre les incendies 2024, dans laquelle elle \u00e9voqu\u00e9 les ressources mat\u00e9rielles et humaines mobilis\u00e9es \u00e0 cet effet, outre l&rsquo;utilisation de la num\u00e9risation \u00e0 travers l&rsquo;actualisation et la modernisation du syst\u00e8me de suivi des incendies, en sus de l&rsquo;acquisition d&rsquo;\u00e9quipements de surveillance de et de suivi. <strong>Chokri Hafed<\/strong><\/p>\n","protected":false},"excerpt":{"rendered":"<p>Le dispositif de lutte contre les incendies commence d\u00e9j\u00e0 \u00e0 \u00eatre pr\u00e9par\u00e9. La Commission nationale de protection des for\u00eats (CNPF)<\/p>\n","protected":false},"author":3,"featured_media":40979,"comment_status":"open","ping_status":"closed","sticky":false,"template":"","format":"standard","meta":{"colormag_page_container_layout":"default_layout","colormag_page_sidebar_layout":"default_layout","om_disable_all_campaigns":false,"_monsterinsights_skip_tracking":false,"_monsterinsights_sitenote_active":false,"_monsterinsights_sitenote_note":"","_monsterinsights_sitenote_category":0,"footnotes":"","_wpscppro_dont_share_socialmedia":false,"_wpscppro_custom_social_share_image":0,"_facebook_share_type":"","_twitter_share_type":"","_linkedin_share_type":"","_pinterest_share_type":"","_linkedin_share_type_page":"","_instagram_share_type":"","_medium_share_type":"","_threads_share_type":"","_google_business_share_type":"","_selected_social_profile":[],"_wpsp_enable_custom_social_template":false,"_wpsp_social_scheduling":{"enabled":false,"datetime":null,"platforms":[],"status":"template_only","dateOption":"today","timeOption":"now","customDays":"","customHours":"","customDate":"","customTime":"","schedulingType":"absolute"},"_wpsp_active_default_template":true},"categories":[52,27],"tags":[],"class_list":["post-49957","post","type-post","status-publish","format-standard","has-post-thumbnail","hentry","category-a-la-une","category-actualite"],"aioseo_notices":[],"yoast_head":"<!-- This site is optimized with the Yoast SEO plugin v27.5 - https:\/\/yoast.com\/product\/yoast-seo-wordpress\/ -->\n<title>Dispositifs de lutte contre les incendies\u00a0: Les pr\u00e9paratifs d\u00e9j\u00e0 lanc\u00e9s - La Sentinelle<\/title>\n<meta name=\"robots\" content=\"index, follow, max-snippet:-1, max-image-preview:large, max-video-preview:-1\" \/>\n<link rel=\"canonical\" href=\"https:\/\/lasentinelle.dz\/index.php\/2024\/02\/29\/dispositifs-de-lutte-contre-les-incendies-les-preparatifs-deja-lances\/\" \/>\n<meta property=\"og:locale\" content=\"fr_FR\" \/>\n<meta property=\"og:type\" content=\"article\" \/>\n<meta property=\"og:title\" content=\"Dispositifs de lutte contre les incendies\u00a0: Les pr\u00e9paratifs d\u00e9j\u00e0 lanc\u00e9s - La Sentinelle\" \/>\n<meta property=\"og:description\" content=\"Le dispositif de lutte contre les incendies commence d\u00e9j\u00e0 \u00e0 \u00eatre pr\u00e9par\u00e9. La Commission nationale de protection des for\u00eats (CNPF)\" \/>\n<meta property=\"og:url\" content=\"https:\/\/lasentinelle.dz\/index.php\/2024\/02\/29\/dispositifs-de-lutte-contre-les-incendies-les-preparatifs-deja-lances\/\" \/>\n<meta property=\"og:site_name\" content=\"La Sentinelle\" \/>\n<meta property=\"article:publisher\" content=\"https:\/\/www.facebook.com\/La-Sentinelle-104059864394773\" \/>\n<meta property=\"article:published_time\" content=\"2024-02-29T12:02:00+00:00\" \/>\n<meta property=\"article:modified_time\" content=\"2024-03-02T12:06:26+00:00\" \/>\n<meta property=\"og:image\" content=\"https:\/\/lasentinelle.dz\/wp-content\/uploads\/2023\/05\/incendies-.png\" \/>\n\t<meta property=\"og:image:width\" content=\"1200\" \/>\n\t<meta property=\"og:image:height\" content=\"900\" \/>\n\t<meta property=\"og:image:type\" content=\"image\/png\" \/>\n<meta name=\"author\" content=\"La Sentinelle\" \/>\n<meta name=\"twitter:card\" content=\"summary_large_image\" \/>\n<meta name=\"twitter:label1\" content=\"\u00c9crit par\" \/>\n\t<meta name=\"twitter:data1\" content=\"La Sentinelle\" \/>\n\t<meta name=\"twitter:label2\" content=\"Dur\u00e9e de lecture estim\u00e9e\" \/>\n\t<meta name=\"twitter:data2\" content=\"4 minutes\" \/>\n<script type=\"application\/ld+json\" class=\"yoast-schema-graph\">{\"@context\":\"https:\\\/\\\/schema.org\",\"@graph\":[{\"@type\":\"Article\",\"@id\":\"https:\\\/\\\/lasentinelle.dz\\\/index.php\\\/2024\\\/02\\\/29\\\/dispositifs-de-lutte-contre-les-incendies-les-preparatifs-deja-lances\\\/#article\",\"isPartOf\":{\"@id\":\"https:\\\/\\\/lasentinelle.dz\\\/index.php\\\/2024\\\/02\\\/29\\\/dispositifs-de-lutte-contre-les-incendies-les-preparatifs-deja-lances\\\/\"},\"author\":{\"name\":\"La Sentinelle\",\"@id\":\"https:\\\/\\\/lasentinelle.dz\\\/#\\\/schema\\\/person\\\/d865044e22e70a75174ce8bcad3acfb3\"},\"headline\":\"Dispositifs de lutte contre les incendies\u00a0: Les pr\u00e9paratifs d\u00e9j\u00e0 lanc\u00e9s\",\"datePublished\":\"2024-02-29T12:02:00+00:00\",\"dateModified\":\"2024-03-02T12:06:26+00:00\",\"mainEntityOfPage\":{\"@id\":\"https:\\\/\\\/lasentinelle.dz\\\/index.php\\\/2024\\\/02\\\/29\\\/dispositifs-de-lutte-contre-les-incendies-les-preparatifs-deja-lances\\\/\"},\"wordCount\":873,\"commentCount\":0,\"publisher\":{\"@id\":\"https:\\\/\\\/lasentinelle.dz\\\/#organization\"},\"image\":{\"@id\":\"https:\\\/\\\/lasentinelle.dz\\\/index.php\\\/2024\\\/02\\\/29\\\/dispositifs-de-lutte-contre-les-incendies-les-preparatifs-deja-lances\\\/#primaryimage\"},\"thumbnailUrl\":\"https:\\\/\\\/lasentinelle.dz\\\/wp-content\\\/uploads\\\/2023\\\/05\\\/incendies-.png\",\"articleSection\":[\"\u00c0 la Une\",\"Actualit\u00e9\"],\"inLanguage\":\"fr-FR\",\"potentialAction\":[{\"@type\":\"CommentAction\",\"name\":\"Comment\",\"target\":[\"https:\\\/\\\/lasentinelle.dz\\\/index.php\\\/2024\\\/02\\\/29\\\/dispositifs-de-lutte-contre-les-incendies-les-preparatifs-deja-lances\\\/#respond\"]}]},{\"@type\":\"WebPage\",\"@id\":\"https:\\\/\\\/lasentinelle.dz\\\/index.php\\\/2024\\\/02\\\/29\\\/dispositifs-de-lutte-contre-les-incendies-les-preparatifs-deja-lances\\\/\",\"url\":\"https:\\\/\\\/lasentinelle.dz\\\/index.php\\\/2024\\\/02\\\/29\\\/dispositifs-de-lutte-contre-les-incendies-les-preparatifs-deja-lances\\\/\",\"name\":\"Dispositifs de lutte contre les incendies\u00a0: Les pr\u00e9paratifs d\u00e9j\u00e0 lanc\u00e9s - La Sentinelle\",\"isPartOf\":{\"@id\":\"https:\\\/\\\/lasentinelle.dz\\\/#website\"},\"primaryImageOfPage\":{\"@id\":\"https:\\\/\\\/lasentinelle.dz\\\/index.php\\\/2024\\\/02\\\/29\\\/dispositifs-de-lutte-contre-les-incendies-les-preparatifs-deja-lances\\\/#primaryimage\"},\"image\":{\"@id\":\"https:\\\/\\\/lasentinelle.dz\\\/index.php\\\/2024\\\/02\\\/29\\\/dispositifs-de-lutte-contre-les-incendies-les-preparatifs-deja-lances\\\/#primaryimage\"},\"thumbnailUrl\":\"https:\\\/\\\/lasentinelle.dz\\\/wp-content\\\/uploads\\\/2023\\\/05\\\/incendies-.png\",\"datePublished\":\"2024-02-29T12:02:00+00:00\",\"dateModified\":\"2024-03-02T12:06:26+00:00\",\"breadcrumb\":{\"@id\":\"https:\\\/\\\/lasentinelle.dz\\\/index.php\\\/2024\\\/02\\\/29\\\/dispositifs-de-lutte-contre-les-incendies-les-preparatifs-deja-lances\\\/#breadcrumb\"},\"inLanguage\":\"fr-FR\",\"potentialAction\":[{\"@type\":\"ReadAction\",\"target\":[\"https:\\\/\\\/lasentinelle.dz\\\/index.php\\\/2024\\\/02\\\/29\\\/dispositifs-de-lutte-contre-les-incendies-les-preparatifs-deja-lances\\\/\"]}]},{\"@type\":\"ImageObject\",\"inLanguage\":\"fr-FR\",\"@id\":\"https:\\\/\\\/lasentinelle.dz\\\/index.php\\\/2024\\\/02\\\/29\\\/dispositifs-de-lutte-contre-les-incendies-les-preparatifs-deja-lances\\\/#primaryimage\",\"url\":\"https:\\\/\\\/lasentinelle.dz\\\/wp-content\\\/uploads\\\/2023\\\/05\\\/incendies-.png\",\"contentUrl\":\"https:\\\/\\\/lasentinelle.dz\\\/wp-content\\\/uploads\\\/2023\\\/05\\\/incendies-.png\",\"width\":1200,\"height\":900},{\"@type\":\"BreadcrumbList\",\"@id\":\"https:\\\/\\\/lasentinelle.dz\\\/index.php\\\/2024\\\/02\\\/29\\\/dispositifs-de-lutte-contre-les-incendies-les-preparatifs-deja-lances\\\/#breadcrumb\",\"itemListElement\":[{\"@type\":\"ListItem\",\"position\":1,\"name\":\"Accueil\",\"item\":\"https:\\\/\\\/lasentinelle.dz\\\/\"},{\"@type\":\"ListItem\",\"position\":2,\"name\":\"Dispositifs de lutte contre les incendies\u00a0: Les pr\u00e9paratifs d\u00e9j\u00e0 lanc\u00e9s\"}]},{\"@type\":\"WebSite\",\"@id\":\"https:\\\/\\\/lasentinelle.dz\\\/#website\",\"url\":\"https:\\\/\\\/lasentinelle.dz\\\/\",\"name\":\"La Sentinelle\",\"description\":\"Quotidien national d&#039;information\",\"publisher\":{\"@id\":\"https:\\\/\\\/lasentinelle.dz\\\/#organization\"},\"potentialAction\":[{\"@type\":\"SearchAction\",\"target\":{\"@type\":\"EntryPoint\",\"urlTemplate\":\"https:\\\/\\\/lasentinelle.dz\\\/?s={search_term_string}\"},\"query-input\":{\"@type\":\"PropertyValueSpecification\",\"valueRequired\":true,\"valueName\":\"search_term_string\"}}],\"inLanguage\":\"fr-FR\"},{\"@type\":\"Organization\",\"@id\":\"https:\\\/\\\/lasentinelle.dz\\\/#organization\",\"name\":\"Quotidien La Sentinelle\",\"url\":\"https:\\\/\\\/lasentinelle.dz\\\/\",\"logo\":{\"@type\":\"ImageObject\",\"inLanguage\":\"fr-FR\",\"@id\":\"https:\\\/\\\/lasentinelle.dz\\\/#\\\/schema\\\/logo\\\/image\\\/\",\"url\":\"https:\\\/\\\/lasentinelle.dz\\\/wp-content\\\/uploads\\\/2021\\\/09\\\/logo-sentinelleSLOGAN-1.png\",\"contentUrl\":\"https:\\\/\\\/lasentinelle.dz\\\/wp-content\\\/uploads\\\/2021\\\/09\\\/logo-sentinelleSLOGAN-1.png\",\"width\":615,\"height\":142,\"caption\":\"Quotidien La Sentinelle\"},\"image\":{\"@id\":\"https:\\\/\\\/lasentinelle.dz\\\/#\\\/schema\\\/logo\\\/image\\\/\"},\"sameAs\":[\"https:\\\/\\\/www.facebook.com\\\/La-Sentinelle-104059864394773\"]},{\"@type\":\"Person\",\"@id\":\"https:\\\/\\\/lasentinelle.dz\\\/#\\\/schema\\\/person\\\/d865044e22e70a75174ce8bcad3acfb3\",\"name\":\"La Sentinelle\",\"image\":{\"@type\":\"ImageObject\",\"inLanguage\":\"fr-FR\",\"@id\":\"https:\\\/\\\/secure.gravatar.com\\\/avatar\\\/57de8e5d4b15d43fb361a71fbb36338450fe67865b528a43dd10ef7c51a20392?s=96&d=mm&r=g\",\"url\":\"https:\\\/\\\/secure.gravatar.com\\\/avatar\\\/57de8e5d4b15d43fb361a71fbb36338450fe67865b528a43dd10ef7c51a20392?s=96&d=mm&r=g\",\"contentUrl\":\"https:\\\/\\\/secure.gravatar.com\\\/avatar\\\/57de8e5d4b15d43fb361a71fbb36338450fe67865b528a43dd10ef7c51a20392?s=96&d=mm&r=g\",\"caption\":\"La Sentinelle\"},\"sameAs\":[\"http:\\\/\\\/www.lasentinelle.dz\"],\"url\":\"https:\\\/\\\/lasentinelle.dz\\\/author\\\/redaction\\\/\"}]}<\/script>\n<!-- \/ Yoast SEO plugin. -->","yoast_head_json":{"title":"Dispositifs de lutte contre les incendies\u00a0: Les pr\u00e9paratifs d\u00e9j\u00e0 lanc\u00e9s - La Sentinelle","robots":{"index":"index","follow":"follow","max-snippet":"max-snippet:-1","max-image-preview":"max-image-preview:large","max-video-preview":"max-video-preview:-1"},"canonical":"https:\/\/lasentinelle.dz\/index.php\/2024\/02\/29\/dispositifs-de-lutte-contre-les-incendies-les-preparatifs-deja-lances\/","og_locale":"fr_FR","og_type":"article","og_title":"Dispositifs de lutte contre les incendies\u00a0: Les pr\u00e9paratifs d\u00e9j\u00e0 lanc\u00e9s - La Sentinelle","og_description":"Le dispositif de lutte contre les incendies commence d\u00e9j\u00e0 \u00e0 \u00eatre pr\u00e9par\u00e9. La Commission nationale de protection des for\u00eats (CNPF)","og_url":"https:\/\/lasentinelle.dz\/index.php\/2024\/02\/29\/dispositifs-de-lutte-contre-les-incendies-les-preparatifs-deja-lances\/","og_site_name":"La Sentinelle","article_publisher":"https:\/\/www.facebook.com\/La-Sentinelle-104059864394773","article_published_time":"2024-02-29T12:02:00+00:00","article_modified_time":"2024-03-02T12:06:26+00:00","og_image":[{"width":1200,"height":900,"url":"https:\/\/lasentinelle.dz\/wp-content\/uploads\/2023\/05\/incendies-.png","type":"image\/png"}],"author":"La Sentinelle","twitter_card":"summary_large_image","twitter_misc":{"\u00c9crit par":"La Sentinelle","Dur\u00e9e de lecture estim\u00e9e":"4 minutes"},"schema":{"@context":"https:\/\/schema.org","@graph":[{"@type":"Article","@id":"https:\/\/lasentinelle.dz\/index.php\/2024\/02\/29\/dispositifs-de-lutte-contre-les-incendies-les-preparatifs-deja-lances\/#article","isPartOf":{"@id":"https:\/\/lasentinelle.dz\/index.php\/2024\/02\/29\/dispositifs-de-lutte-contre-les-incendies-les-preparatifs-deja-lances\/"},"author":{"name":"La Sentinelle","@id":"https:\/\/lasentinelle.dz\/#\/schema\/person\/d865044e22e70a75174ce8bcad3acfb3"},"headline":"Dispositifs de lutte contre les incendies\u00a0: Les pr\u00e9paratifs d\u00e9j\u00e0 lanc\u00e9s","datePublished":"2024-02-29T12:02:00+00:00","dateModified":"2024-03-02T12:06:26+00:00","mainEntityOfPage":{"@id":"https:\/\/lasentinelle.dz\/index.php\/2024\/02\/29\/dispositifs-de-lutte-contre-les-incendies-les-preparatifs-deja-lances\/"},"wordCount":873,"commentCount":0,"publisher":{"@id":"https:\/\/lasentinelle.dz\/#organization"},"image":{"@id":"https:\/\/lasentinelle.dz\/index.php\/2024\/02\/29\/dispositifs-de-lutte-contre-les-incendies-les-preparatifs-deja-lances\/#primaryimage"},"thumbnailUrl":"https:\/\/lasentinelle.dz\/wp-content\/uploads\/2023\/05\/incendies-.png","articleSection":["\u00c0 la Une","Actualit\u00e9"],"inLanguage":"fr-FR","potentialAction":[{"@type":"CommentAction","name":"Comment","target":["https:\/\/lasentinelle.dz\/index.php\/2024\/02\/29\/dispositifs-de-lutte-contre-les-incendies-les-preparatifs-deja-lances\/#respond"]}]},{"@type":"WebPage","@id":"https:\/\/lasentinelle.dz\/index.php\/2024\/02\/29\/dispositifs-de-lutte-contre-les-incendies-les-preparatifs-deja-lances\/","url":"https:\/\/lasentinelle.dz\/index.php\/2024\/02\/29\/dispositifs-de-lutte-contre-les-incendies-les-preparatifs-deja-lances\/","name":"Dispositifs de lutte contre les incendies\u00a0: Les pr\u00e9paratifs d\u00e9j\u00e0 lanc\u00e9s - La Sentinelle","isPartOf":{"@id":"https:\/\/lasentinelle.dz\/#website"},"primaryImageOfPage":{"@id":"https:\/\/lasentinelle.dz\/index.php\/2024\/02\/29\/dispositifs-de-lutte-contre-les-incendies-les-preparatifs-deja-lances\/#primaryimage"},"image":{"@id":"https:\/\/lasentinelle.dz\/index.php\/2024\/02\/29\/dispositifs-de-lutte-contre-les-incendies-les-preparatifs-deja-lances\/#primaryimage"},"thumbnailUrl":"https:\/\/lasentinelle.dz\/wp-content\/uploads\/2023\/05\/incendies-.png","datePublished":"2024-02-29T12:02:00+00:00","dateModified":"2024-03-02T12:06:26+00:00","breadcrumb":{"@id":"https:\/\/lasentinelle.dz\/index.php\/2024\/02\/29\/dispositifs-de-lutte-contre-les-incendies-les-preparatifs-deja-lances\/#breadcrumb"},"inLanguage":"fr-FR","potentialAction":[{"@type":"ReadAction","target":["https:\/\/lasentinelle.dz\/index.php\/2024\/02\/29\/dispositifs-de-lutte-contre-les-incendies-les-preparatifs-deja-lances\/"]}]},{"@type":"ImageObject","inLanguage":"fr-FR","@id":"https:\/\/lasentinelle.dz\/index.php\/2024\/02\/29\/dispositifs-de-lutte-contre-les-incendies-les-preparatifs-deja-lances\/#primaryimage","url":"https:\/\/lasentinelle.dz\/wp-content\/uploads\/2023\/05\/incendies-.png","contentUrl":"https:\/\/lasentinelle.dz\/wp-content\/uploads\/2023\/05\/incendies-.png","width":1200,"height":900},{"@type":"BreadcrumbList","@id":"https:\/\/lasentinelle.dz\/index.php\/2024\/02\/29\/dispositifs-de-lutte-contre-les-incendies-les-preparatifs-deja-lances\/#breadcrumb","itemListElement":[{"@type":"ListItem","position":1,"name":"Accueil","item":"https:\/\/lasentinelle.dz\/"},{"@type":"ListItem","position":2,"name":"Dispositifs de lutte contre les incendies\u00a0: Les pr\u00e9paratifs d\u00e9j\u00e0 lanc\u00e9s"}]},{"@type":"WebSite","@id":"https:\/\/lasentinelle.dz\/#website","url":"https:\/\/lasentinelle.dz\/","name":"La Sentinelle","description":"Quotidien national d&#039;information","publisher":{"@id":"https:\/\/lasentinelle.dz\/#organization"},"potentialAction":[{"@type":"SearchAction","target":{"@type":"EntryPoint","urlTemplate":"https:\/\/lasentinelle.dz\/?s={search_term_string}"},"query-input":{"@type":"PropertyValueSpecification","valueRequired":true,"valueName":"search_term_string"}}],"inLanguage":"fr-FR"},{"@type":"Organization","@id":"https:\/\/lasentinelle.dz\/#organization","name":"Quotidien La Sentinelle","url":"https:\/\/lasentinelle.dz\/","logo":{"@type":"ImageObject","inLanguage":"fr-FR","@id":"https:\/\/lasentinelle.dz\/#\/schema\/logo\/image\/","url":"https:\/\/lasentinelle.dz\/wp-content\/uploads\/2021\/09\/logo-sentinelleSLOGAN-1.png","contentUrl":"https:\/\/lasentinelle.dz\/wp-content\/uploads\/2021\/09\/logo-sentinelleSLOGAN-1.png","width":615,"height":142,"caption":"Quotidien La Sentinelle"},"image":{"@id":"https:\/\/lasentinelle.dz\/#\/schema\/logo\/image\/"},"sameAs":["https:\/\/www.facebook.com\/La-Sentinelle-104059864394773"]},{"@type":"Person","@id":"https:\/\/lasentinelle.dz\/#\/schema\/person\/d865044e22e70a75174ce8bcad3acfb3","name":"La Sentinelle","image":{"@type":"ImageObject","inLanguage":"fr-FR","@id":"https:\/\/secure.gravatar.com\/avatar\/57de8e5d4b15d43fb361a71fbb36338450fe67865b528a43dd10ef7c51a20392?s=96&d=mm&r=g","url":"https:\/\/secure.gravatar.com\/avatar\/57de8e5d4b15d43fb361a71fbb36338450fe67865b528a43dd10ef7c51a20392?s=96&d=mm&r=g","contentUrl":"https:\/\/secure.gravatar.com\/avatar\/57de8e5d4b15d43fb361a71fbb36338450fe67865b528a43dd10ef7c51a20392?s=96&d=mm&r=g","caption":"La Sentinelle"},"sameAs":["http:\/\/www.lasentinelle.dz"],"url":"https:\/\/lasentinelle.dz\/author\/redaction\/"}]}},"_links":{"self":[{"href":"https:\/\/lasentinelle.dz\/index.php\/wp-json\/wp\/v2\/posts\/49957","targetHints":{"allow":["GET"]}}],"collection":[{"href":"https:\/\/lasentinelle.dz\/index.php\/wp-json\/wp\/v2\/posts"}],"about":[{"href":"https:\/\/lasentinelle.dz\/index.php\/wp-json\/wp\/v2\/types\/post"}],"author":[{"embeddable":true,"href":"https:\/\/lasentinelle.dz\/index.php\/wp-json\/wp\/v2\/users\/3"}],"replies":[{"embeddable":true,"href":"https:\/\/lasentinelle.dz\/index.php\/wp-json\/wp\/v2\/comments?post=49957"}],"version-history":[{"count":1,"href":"https:\/\/lasentinelle.dz\/index.php\/wp-json\/wp\/v2\/posts\/49957\/revisions"}],"predecessor-version":[{"id":49958,"href":"https:\/\/lasentinelle.dz\/index.php\/wp-json\/wp\/v2\/posts\/49957\/revisions\/49958"}],"wp:featuredmedia":[{"embeddable":true,"href":"https:\/\/lasentinelle.dz\/index.php\/wp-json\/wp\/v2\/media\/40979"}],"wp:attachment":[{"href":"https:\/\/lasentinelle.dz\/index.php\/wp-json\/wp\/v2\/media?parent=49957"}],"wp:term":[{"taxonomy":"category","embeddable":true,"href":"https:\/\/lasentinelle.dz\/index.php\/wp-json\/wp\/v2\/categories?post=49957"},{"taxonomy":"post_tag","embeddable":true,"href":"https:\/\/lasentinelle.dz\/index.php\/wp-json\/wp\/v2\/tags?post=49957"}],"curies":[{"name":"wp","href":"https:\/\/api.w.org\/{rel}","templated":true}]}}