{"id":49966,"date":"2024-02-29T13:11:00","date_gmt":"2024-02-29T12:11:00","guid":{"rendered":"https:\/\/lasentinelle.dz\/?p=49966"},"modified":"2024-03-02T13:12:36","modified_gmt":"2024-03-02T12:12:36","slug":"gnl-lalgerie-a-consolide-ses-parts-dans-le-marche-europeen-en-2023","status":"publish","type":"post","link":"https:\/\/lasentinelle.dz\/index.php\/2024\/02\/29\/gnl-lalgerie-a-consolide-ses-parts-dans-le-marche-europeen-en-2023\/","title":{"rendered":"GNL L\u2019Alg\u00e9rie a consolid\u00e9 ses parts dans le march\u00e9 europ\u00e9en en 2023"},"content":{"rendered":"\n<p>L\u2019Association internationale de gaz naturel Cedigaz a soulign\u00e9 dans son dernier rapport que durant l\u2019ann\u00e9e 2023 \u00ab la hausse des exportations de l\u2019Alg\u00e9rie (en GNL), dont les volumes ont cr\u00fb de 25,6%, ont notamment permis de consolider leur part dans les importations europ\u00e9ennes de GNL \u00e0 10% contre 8% enregistr\u00e9 en 2022, compensant la baisse des exportations du Nigeria, dont la part a diminu\u00e9 de 7% \u00e0 5% \u00bb, d\u00e9taille le rapport sur le commerce mondial de GNL. \u00ab La majeure partie de l\u2019offre suppl\u00e9mentaire de l\u2019Alg\u00e9rie en 2023 s\u2019est dirig\u00e9e vers la r\u00e9gion europ\u00e9enne: 2,1 millions de tonnes sur un ensemble de 2,6 millions de tonnes, portant le volume total des exportations (de GNL) du pays vers l\u2019Europe \u00e0 11,6 millions de tonnes \u00bb, a not\u00e9 cette organisation sp\u00e9cialis\u00e9e dans les donn\u00e9es relatives \u00e0 l\u2019industrie gazi\u00e8re mondiale. Cette \u00e9volution des exportations s\u2019explique par \u00ab la production croissante de gaz de l\u2019Alg\u00e9rie, qui a atteint l\u2019ann\u00e9e derni\u00e8re 136 milliards M3 contre 132,7 milliards M3 en 2022 \u00bb, ajoute Cedigaz, indiquant que l\u2019Alg\u00e9rie est devenue en 2023 \u00ab le premier pays africain exportateur de GNL avec un volume global export\u00e9 de 12,9 millions de tonnes (mt) \u00bb.<\/p>\n\n\n\n<p>En 2023, l\u2019Afrique a connu une dynamique de diversification en mati\u00e8re d\u2019exportations de GNL pour chaque pays producteur, a relev\u00e9 le rapport, qui souligne que la croissance des exportations du Mozambique et de l\u2019Alg\u00e9rie ont contribu\u00e9 ensemble \u00e0 une offre suppl\u00e9mentaire de 5,1 millions de tonnes.<\/p>\n\n\n\n<p>Par ailleurs, la demande mondiale de GNL a atteint un nouveau record en 2023, totalisant 395,2 mt, soit une hausse de 2%, ou l\u2019\u00e9quivalent d\u2019un volume suppl\u00e9mentaire de 7,3 mt comparativement \u00e0 2022, note la m\u00eame source, qui rel\u00e8ve que le continent asiatique s\u2019est taill\u00e9, l\u2019ann\u00e9e \u00e9coul\u00e9e, une part de 65% de la demande mondiale, un taux en l\u00e9g\u00e8re hausse, contre une quasi stabilit\u00e9 de celle de l\u2019Europe \u00e0 30%. En outre, ajoute le document, les Etats-Unis sont devenus le leader mondial des exportations de GNL, fournissant d\u00e9sormais plus de 20% des volumes mondiaux avec des exportations qui ont atteint 84,3 mt, suivis de l\u2019Australie (78,9 mt) d\u2019exportations, le Qatar (78,5 mt), la Russie (31,6 mt) et la Malaisie (26,4 mt), selon le rapport de Cedigaz.<\/p>\n\n\n\n<p>Notons que l&rsquo;expert europ\u00e9en en \u00e9nergie, Thierry Bros, a affirm\u00e9 dans un entretien \u00e0 l\u2019APS que l&rsquo;Alg\u00e9rie disposait de capacit\u00e9s suffisantes \u00e0 m\u00eame de lui permettre d&rsquo;augmenter ses exportations de gaz naturel. Pour Pr Bros, \u00e9lu meilleur analyste europ\u00e9en concernant le march\u00e9 gazier pendant cinq ann\u00e9es cons\u00e9cutives (2013-2017), \u00ab\u00a0l&rsquo;Alg\u00e9rie devrait augmenter ses exportations de gaz naturel tout en augmentant la production locale d&rsquo;\u00e9lectricit\u00e9 \u00e0 partir de l&rsquo;\u00e9nergie solaire, afin de r\u00e9duire la d\u00e9pendance au gaz dans la g\u00e9n\u00e9ration d&rsquo;\u00e9lectricit\u00e9 et augmenter les exportations de gaz en retour\u00a0\u00bb. Pour rappel, l&rsquo;Alg\u00e9rie a produit plus de 130 mds m3 de gaz naturel l&rsquo;ann\u00e9e derni\u00e8re, dont plus de 50 mds m3 destin\u00e9s \u00e0 l&rsquo;exportation.<\/p>\n\n\n\n<p>R.N.<\/p>\n","protected":false},"excerpt":{"rendered":"<p>L\u2019Association internationale de gaz naturel Cedigaz a soulign\u00e9 dans son dernier rapport que durant l\u2019ann\u00e9e 2023 \u00ab la hausse des<\/p>\n","protected":false},"author":3,"featured_media":41345,"comment_status":"open","ping_status":"closed","sticky":false,"template":"","format":"standard","meta":{"colormag_page_container_layout":"default_layout","colormag_page_sidebar_layout":"default_layout","om_disable_all_campaigns":false,"_monsterinsights_skip_tracking":false,"_monsterinsights_sitenote_active":false,"_monsterinsights_sitenote_note":"","_monsterinsights_sitenote_category":0,"footnotes":"","_wpscppro_dont_share_socialmedia":false,"_wpscppro_custom_social_share_image":0,"_facebook_share_type":"","_twitter_share_type":"","_linkedin_share_type":"","_pinterest_share_type":"","_linkedin_share_type_page":"","_instagram_share_type":"","_medium_share_type":"","_threads_share_type":"","_google_business_share_type":"","_selected_social_profile":[],"_wpsp_enable_custom_social_template":false,"_wpsp_social_scheduling":{"enabled":false,"datetime":null,"platforms":[],"status":"template_only","dateOption":"today","timeOption":"now","customDays":"","customHours":"","customDate":"","customTime":"","schedulingType":"absolute"},"_wpsp_active_default_template":true},"categories":[27],"tags":[],"class_list":["post-49966","post","type-post","status-publish","format-standard","has-post-thumbnail","hentry","category-actualite"],"aioseo_notices":[],"yoast_head":"<!-- This site is optimized with the Yoast SEO plugin v27.5 - https:\/\/yoast.com\/product\/yoast-seo-wordpress\/ -->\n<title>GNL L\u2019Alg\u00e9rie a consolid\u00e9 ses parts dans le march\u00e9 europ\u00e9en en 2023 - La Sentinelle<\/title>\n<meta name=\"robots\" content=\"index, follow, max-snippet:-1, max-image-preview:large, max-video-preview:-1\" \/>\n<link rel=\"canonical\" href=\"https:\/\/lasentinelle.dz\/index.php\/2024\/02\/29\/gnl-lalgerie-a-consolide-ses-parts-dans-le-marche-europeen-en-2023\/\" \/>\n<meta property=\"og:locale\" content=\"fr_FR\" \/>\n<meta property=\"og:type\" content=\"article\" \/>\n<meta property=\"og:title\" content=\"GNL L\u2019Alg\u00e9rie a consolid\u00e9 ses parts dans le march\u00e9 europ\u00e9en en 2023 - La Sentinelle\" \/>\n<meta property=\"og:description\" content=\"L\u2019Association internationale de gaz naturel Cedigaz a soulign\u00e9 dans son dernier rapport que durant l\u2019ann\u00e9e 2023 \u00ab la hausse des\" \/>\n<meta property=\"og:url\" content=\"https:\/\/lasentinelle.dz\/index.php\/2024\/02\/29\/gnl-lalgerie-a-consolide-ses-parts-dans-le-marche-europeen-en-2023\/\" \/>\n<meta property=\"og:site_name\" content=\"La Sentinelle\" \/>\n<meta property=\"article:publisher\" content=\"https:\/\/www.facebook.com\/La-Sentinelle-104059864394773\" \/>\n<meta property=\"article:published_time\" content=\"2024-02-29T12:11:00+00:00\" \/>\n<meta property=\"article:modified_time\" content=\"2024-03-02T12:12:36+00:00\" \/>\n<meta property=\"og:image\" content=\"https:\/\/lasentinelle.dz\/wp-content\/uploads\/2023\/05\/GNL.png\" \/>\n\t<meta property=\"og:image:width\" content=\"1351\" \/>\n\t<meta property=\"og:image:height\" content=\"900\" \/>\n\t<meta property=\"og:image:type\" content=\"image\/png\" \/>\n<meta name=\"author\" content=\"La Sentinelle\" \/>\n<meta name=\"twitter:card\" content=\"summary_large_image\" \/>\n<meta name=\"twitter:label1\" content=\"\u00c9crit par\" \/>\n\t<meta name=\"twitter:data1\" content=\"La Sentinelle\" \/>\n\t<meta name=\"twitter:label2\" content=\"Dur\u00e9e de lecture estim\u00e9e\" \/>\n\t<meta name=\"twitter:data2\" content=\"3 minutes\" \/>\n<script type=\"application\/ld+json\" class=\"yoast-schema-graph\">{\"@context\":\"https:\\\/\\\/schema.org\",\"@graph\":[{\"@type\":\"Article\",\"@id\":\"https:\\\/\\\/lasentinelle.dz\\\/index.php\\\/2024\\\/02\\\/29\\\/gnl-lalgerie-a-consolide-ses-parts-dans-le-marche-europeen-en-2023\\\/#article\",\"isPartOf\":{\"@id\":\"https:\\\/\\\/lasentinelle.dz\\\/index.php\\\/2024\\\/02\\\/29\\\/gnl-lalgerie-a-consolide-ses-parts-dans-le-marche-europeen-en-2023\\\/\"},\"author\":{\"name\":\"La Sentinelle\",\"@id\":\"https:\\\/\\\/lasentinelle.dz\\\/#\\\/schema\\\/person\\\/d865044e22e70a75174ce8bcad3acfb3\"},\"headline\":\"GNL L\u2019Alg\u00e9rie a consolid\u00e9 ses parts dans le march\u00e9 europ\u00e9en en 2023\",\"datePublished\":\"2024-02-29T12:11:00+00:00\",\"dateModified\":\"2024-03-02T12:12:36+00:00\",\"mainEntityOfPage\":{\"@id\":\"https:\\\/\\\/lasentinelle.dz\\\/index.php\\\/2024\\\/02\\\/29\\\/gnl-lalgerie-a-consolide-ses-parts-dans-le-marche-europeen-en-2023\\\/\"},\"wordCount\":520,\"commentCount\":0,\"publisher\":{\"@id\":\"https:\\\/\\\/lasentinelle.dz\\\/#organization\"},\"image\":{\"@id\":\"https:\\\/\\\/lasentinelle.dz\\\/index.php\\\/2024\\\/02\\\/29\\\/gnl-lalgerie-a-consolide-ses-parts-dans-le-marche-europeen-en-2023\\\/#primaryimage\"},\"thumbnailUrl\":\"https:\\\/\\\/lasentinelle.dz\\\/wp-content\\\/uploads\\\/2023\\\/05\\\/GNL.png\",\"articleSection\":[\"Actualit\u00e9\"],\"inLanguage\":\"fr-FR\",\"potentialAction\":[{\"@type\":\"CommentAction\",\"name\":\"Comment\",\"target\":[\"https:\\\/\\\/lasentinelle.dz\\\/index.php\\\/2024\\\/02\\\/29\\\/gnl-lalgerie-a-consolide-ses-parts-dans-le-marche-europeen-en-2023\\\/#respond\"]}]},{\"@type\":\"WebPage\",\"@id\":\"https:\\\/\\\/lasentinelle.dz\\\/index.php\\\/2024\\\/02\\\/29\\\/gnl-lalgerie-a-consolide-ses-parts-dans-le-marche-europeen-en-2023\\\/\",\"url\":\"https:\\\/\\\/lasentinelle.dz\\\/index.php\\\/2024\\\/02\\\/29\\\/gnl-lalgerie-a-consolide-ses-parts-dans-le-marche-europeen-en-2023\\\/\",\"name\":\"GNL L\u2019Alg\u00e9rie a consolid\u00e9 ses parts dans le march\u00e9 europ\u00e9en en 2023 - La Sentinelle\",\"isPartOf\":{\"@id\":\"https:\\\/\\\/lasentinelle.dz\\\/#website\"},\"primaryImageOfPage\":{\"@id\":\"https:\\\/\\\/lasentinelle.dz\\\/index.php\\\/2024\\\/02\\\/29\\\/gnl-lalgerie-a-consolide-ses-parts-dans-le-marche-europeen-en-2023\\\/#primaryimage\"},\"image\":{\"@id\":\"https:\\\/\\\/lasentinelle.dz\\\/index.php\\\/2024\\\/02\\\/29\\\/gnl-lalgerie-a-consolide-ses-parts-dans-le-marche-europeen-en-2023\\\/#primaryimage\"},\"thumbnailUrl\":\"https:\\\/\\\/lasentinelle.dz\\\/wp-content\\\/uploads\\\/2023\\\/05\\\/GNL.png\",\"datePublished\":\"2024-02-29T12:11:00+00:00\",\"dateModified\":\"2024-03-02T12:12:36+00:00\",\"breadcrumb\":{\"@id\":\"https:\\\/\\\/lasentinelle.dz\\\/index.php\\\/2024\\\/02\\\/29\\\/gnl-lalgerie-a-consolide-ses-parts-dans-le-marche-europeen-en-2023\\\/#breadcrumb\"},\"inLanguage\":\"fr-FR\",\"potentialAction\":[{\"@type\":\"ReadAction\",\"target\":[\"https:\\\/\\\/lasentinelle.dz\\\/index.php\\\/2024\\\/02\\\/29\\\/gnl-lalgerie-a-consolide-ses-parts-dans-le-marche-europeen-en-2023\\\/\"]}]},{\"@type\":\"ImageObject\",\"inLanguage\":\"fr-FR\",\"@id\":\"https:\\\/\\\/lasentinelle.dz\\\/index.php\\\/2024\\\/02\\\/29\\\/gnl-lalgerie-a-consolide-ses-parts-dans-le-marche-europeen-en-2023\\\/#primaryimage\",\"url\":\"https:\\\/\\\/lasentinelle.dz\\\/wp-content\\\/uploads\\\/2023\\\/05\\\/GNL.png\",\"contentUrl\":\"https:\\\/\\\/lasentinelle.dz\\\/wp-content\\\/uploads\\\/2023\\\/05\\\/GNL.png\",\"width\":1351,\"height\":900},{\"@type\":\"BreadcrumbList\",\"@id\":\"https:\\\/\\\/lasentinelle.dz\\\/index.php\\\/2024\\\/02\\\/29\\\/gnl-lalgerie-a-consolide-ses-parts-dans-le-marche-europeen-en-2023\\\/#breadcrumb\",\"itemListElement\":[{\"@type\":\"ListItem\",\"position\":1,\"name\":\"Accueil\",\"item\":\"https:\\\/\\\/lasentinelle.dz\\\/\"},{\"@type\":\"ListItem\",\"position\":2,\"name\":\"GNL L\u2019Alg\u00e9rie a consolid\u00e9 ses parts dans le march\u00e9 europ\u00e9en en 2023\"}]},{\"@type\":\"WebSite\",\"@id\":\"https:\\\/\\\/lasentinelle.dz\\\/#website\",\"url\":\"https:\\\/\\\/lasentinelle.dz\\\/\",\"name\":\"La Sentinelle\",\"description\":\"Quotidien national d&#039;information\",\"publisher\":{\"@id\":\"https:\\\/\\\/lasentinelle.dz\\\/#organization\"},\"potentialAction\":[{\"@type\":\"SearchAction\",\"target\":{\"@type\":\"EntryPoint\",\"urlTemplate\":\"https:\\\/\\\/lasentinelle.dz\\\/?s={search_term_string}\"},\"query-input\":{\"@type\":\"PropertyValueSpecification\",\"valueRequired\":true,\"valueName\":\"search_term_string\"}}],\"inLanguage\":\"fr-FR\"},{\"@type\":\"Organization\",\"@id\":\"https:\\\/\\\/lasentinelle.dz\\\/#organization\",\"name\":\"Quotidien La Sentinelle\",\"url\":\"https:\\\/\\\/lasentinelle.dz\\\/\",\"logo\":{\"@type\":\"ImageObject\",\"inLanguage\":\"fr-FR\",\"@id\":\"https:\\\/\\\/lasentinelle.dz\\\/#\\\/schema\\\/logo\\\/image\\\/\",\"url\":\"https:\\\/\\\/lasentinelle.dz\\\/wp-content\\\/uploads\\\/2021\\\/09\\\/logo-sentinelleSLOGAN-1.png\",\"contentUrl\":\"https:\\\/\\\/lasentinelle.dz\\\/wp-content\\\/uploads\\\/2021\\\/09\\\/logo-sentinelleSLOGAN-1.png\",\"width\":615,\"height\":142,\"caption\":\"Quotidien La Sentinelle\"},\"image\":{\"@id\":\"https:\\\/\\\/lasentinelle.dz\\\/#\\\/schema\\\/logo\\\/image\\\/\"},\"sameAs\":[\"https:\\\/\\\/www.facebook.com\\\/La-Sentinelle-104059864394773\"]},{\"@type\":\"Person\",\"@id\":\"https:\\\/\\\/lasentinelle.dz\\\/#\\\/schema\\\/person\\\/d865044e22e70a75174ce8bcad3acfb3\",\"name\":\"La Sentinelle\",\"image\":{\"@type\":\"ImageObject\",\"inLanguage\":\"fr-FR\",\"@id\":\"https:\\\/\\\/secure.gravatar.com\\\/avatar\\\/57de8e5d4b15d43fb361a71fbb36338450fe67865b528a43dd10ef7c51a20392?s=96&d=mm&r=g\",\"url\":\"https:\\\/\\\/secure.gravatar.com\\\/avatar\\\/57de8e5d4b15d43fb361a71fbb36338450fe67865b528a43dd10ef7c51a20392?s=96&d=mm&r=g\",\"contentUrl\":\"https:\\\/\\\/secure.gravatar.com\\\/avatar\\\/57de8e5d4b15d43fb361a71fbb36338450fe67865b528a43dd10ef7c51a20392?s=96&d=mm&r=g\",\"caption\":\"La Sentinelle\"},\"sameAs\":[\"http:\\\/\\\/www.lasentinelle.dz\"],\"url\":\"https:\\\/\\\/lasentinelle.dz\\\/author\\\/redaction\\\/\"}]}<\/script>\n<!-- \/ Yoast SEO plugin. -->","yoast_head_json":{"title":"GNL L\u2019Alg\u00e9rie a consolid\u00e9 ses parts dans le march\u00e9 europ\u00e9en en 2023 - La Sentinelle","robots":{"index":"index","follow":"follow","max-snippet":"max-snippet:-1","max-image-preview":"max-image-preview:large","max-video-preview":"max-video-preview:-1"},"canonical":"https:\/\/lasentinelle.dz\/index.php\/2024\/02\/29\/gnl-lalgerie-a-consolide-ses-parts-dans-le-marche-europeen-en-2023\/","og_locale":"fr_FR","og_type":"article","og_title":"GNL L\u2019Alg\u00e9rie a consolid\u00e9 ses parts dans le march\u00e9 europ\u00e9en en 2023 - La Sentinelle","og_description":"L\u2019Association internationale de gaz naturel Cedigaz a soulign\u00e9 dans son dernier rapport que durant l\u2019ann\u00e9e 2023 \u00ab la hausse des","og_url":"https:\/\/lasentinelle.dz\/index.php\/2024\/02\/29\/gnl-lalgerie-a-consolide-ses-parts-dans-le-marche-europeen-en-2023\/","og_site_name":"La Sentinelle","article_publisher":"https:\/\/www.facebook.com\/La-Sentinelle-104059864394773","article_published_time":"2024-02-29T12:11:00+00:00","article_modified_time":"2024-03-02T12:12:36+00:00","og_image":[{"width":1351,"height":900,"url":"https:\/\/lasentinelle.dz\/wp-content\/uploads\/2023\/05\/GNL.png","type":"image\/png"}],"author":"La Sentinelle","twitter_card":"summary_large_image","twitter_misc":{"\u00c9crit par":"La Sentinelle","Dur\u00e9e de lecture estim\u00e9e":"3 minutes"},"schema":{"@context":"https:\/\/schema.org","@graph":[{"@type":"Article","@id":"https:\/\/lasentinelle.dz\/index.php\/2024\/02\/29\/gnl-lalgerie-a-consolide-ses-parts-dans-le-marche-europeen-en-2023\/#article","isPartOf":{"@id":"https:\/\/lasentinelle.dz\/index.php\/2024\/02\/29\/gnl-lalgerie-a-consolide-ses-parts-dans-le-marche-europeen-en-2023\/"},"author":{"name":"La Sentinelle","@id":"https:\/\/lasentinelle.dz\/#\/schema\/person\/d865044e22e70a75174ce8bcad3acfb3"},"headline":"GNL L\u2019Alg\u00e9rie a consolid\u00e9 ses parts dans le march\u00e9 europ\u00e9en en 2023","datePublished":"2024-02-29T12:11:00+00:00","dateModified":"2024-03-02T12:12:36+00:00","mainEntityOfPage":{"@id":"https:\/\/lasentinelle.dz\/index.php\/2024\/02\/29\/gnl-lalgerie-a-consolide-ses-parts-dans-le-marche-europeen-en-2023\/"},"wordCount":520,"commentCount":0,"publisher":{"@id":"https:\/\/lasentinelle.dz\/#organization"},"image":{"@id":"https:\/\/lasentinelle.dz\/index.php\/2024\/02\/29\/gnl-lalgerie-a-consolide-ses-parts-dans-le-marche-europeen-en-2023\/#primaryimage"},"thumbnailUrl":"https:\/\/lasentinelle.dz\/wp-content\/uploads\/2023\/05\/GNL.png","articleSection":["Actualit\u00e9"],"inLanguage":"fr-FR","potentialAction":[{"@type":"CommentAction","name":"Comment","target":["https:\/\/lasentinelle.dz\/index.php\/2024\/02\/29\/gnl-lalgerie-a-consolide-ses-parts-dans-le-marche-europeen-en-2023\/#respond"]}]},{"@type":"WebPage","@id":"https:\/\/lasentinelle.dz\/index.php\/2024\/02\/29\/gnl-lalgerie-a-consolide-ses-parts-dans-le-marche-europeen-en-2023\/","url":"https:\/\/lasentinelle.dz\/index.php\/2024\/02\/29\/gnl-lalgerie-a-consolide-ses-parts-dans-le-marche-europeen-en-2023\/","name":"GNL L\u2019Alg\u00e9rie a consolid\u00e9 ses parts dans le march\u00e9 europ\u00e9en en 2023 - La Sentinelle","isPartOf":{"@id":"https:\/\/lasentinelle.dz\/#website"},"primaryImageOfPage":{"@id":"https:\/\/lasentinelle.dz\/index.php\/2024\/02\/29\/gnl-lalgerie-a-consolide-ses-parts-dans-le-marche-europeen-en-2023\/#primaryimage"},"image":{"@id":"https:\/\/lasentinelle.dz\/index.php\/2024\/02\/29\/gnl-lalgerie-a-consolide-ses-parts-dans-le-marche-europeen-en-2023\/#primaryimage"},"thumbnailUrl":"https:\/\/lasentinelle.dz\/wp-content\/uploads\/2023\/05\/GNL.png","datePublished":"2024-02-29T12:11:00+00:00","dateModified":"2024-03-02T12:12:36+00:00","breadcrumb":{"@id":"https:\/\/lasentinelle.dz\/index.php\/2024\/02\/29\/gnl-lalgerie-a-consolide-ses-parts-dans-le-marche-europeen-en-2023\/#breadcrumb"},"inLanguage":"fr-FR","potentialAction":[{"@type":"ReadAction","target":["https:\/\/lasentinelle.dz\/index.php\/2024\/02\/29\/gnl-lalgerie-a-consolide-ses-parts-dans-le-marche-europeen-en-2023\/"]}]},{"@type":"ImageObject","inLanguage":"fr-FR","@id":"https:\/\/lasentinelle.dz\/index.php\/2024\/02\/29\/gnl-lalgerie-a-consolide-ses-parts-dans-le-marche-europeen-en-2023\/#primaryimage","url":"https:\/\/lasentinelle.dz\/wp-content\/uploads\/2023\/05\/GNL.png","contentUrl":"https:\/\/lasentinelle.dz\/wp-content\/uploads\/2023\/05\/GNL.png","width":1351,"height":900},{"@type":"BreadcrumbList","@id":"https:\/\/lasentinelle.dz\/index.php\/2024\/02\/29\/gnl-lalgerie-a-consolide-ses-parts-dans-le-marche-europeen-en-2023\/#breadcrumb","itemListElement":[{"@type":"ListItem","position":1,"name":"Accueil","item":"https:\/\/lasentinelle.dz\/"},{"@type":"ListItem","position":2,"name":"GNL L\u2019Alg\u00e9rie a consolid\u00e9 ses parts dans le march\u00e9 europ\u00e9en en 2023"}]},{"@type":"WebSite","@id":"https:\/\/lasentinelle.dz\/#website","url":"https:\/\/lasentinelle.dz\/","name":"La Sentinelle","description":"Quotidien national d&#039;information","publisher":{"@id":"https:\/\/lasentinelle.dz\/#organization"},"potentialAction":[{"@type":"SearchAction","target":{"@type":"EntryPoint","urlTemplate":"https:\/\/lasentinelle.dz\/?s={search_term_string}"},"query-input":{"@type":"PropertyValueSpecification","valueRequired":true,"valueName":"search_term_string"}}],"inLanguage":"fr-FR"},{"@type":"Organization","@id":"https:\/\/lasentinelle.dz\/#organization","name":"Quotidien La Sentinelle","url":"https:\/\/lasentinelle.dz\/","logo":{"@type":"ImageObject","inLanguage":"fr-FR","@id":"https:\/\/lasentinelle.dz\/#\/schema\/logo\/image\/","url":"https:\/\/lasentinelle.dz\/wp-content\/uploads\/2021\/09\/logo-sentinelleSLOGAN-1.png","contentUrl":"https:\/\/lasentinelle.dz\/wp-content\/uploads\/2021\/09\/logo-sentinelleSLOGAN-1.png","width":615,"height":142,"caption":"Quotidien La Sentinelle"},"image":{"@id":"https:\/\/lasentinelle.dz\/#\/schema\/logo\/image\/"},"sameAs":["https:\/\/www.facebook.com\/La-Sentinelle-104059864394773"]},{"@type":"Person","@id":"https:\/\/lasentinelle.dz\/#\/schema\/person\/d865044e22e70a75174ce8bcad3acfb3","name":"La Sentinelle","image":{"@type":"ImageObject","inLanguage":"fr-FR","@id":"https:\/\/secure.gravatar.com\/avatar\/57de8e5d4b15d43fb361a71fbb36338450fe67865b528a43dd10ef7c51a20392?s=96&d=mm&r=g","url":"https:\/\/secure.gravatar.com\/avatar\/57de8e5d4b15d43fb361a71fbb36338450fe67865b528a43dd10ef7c51a20392?s=96&d=mm&r=g","contentUrl":"https:\/\/secure.gravatar.com\/avatar\/57de8e5d4b15d43fb361a71fbb36338450fe67865b528a43dd10ef7c51a20392?s=96&d=mm&r=g","caption":"La Sentinelle"},"sameAs":["http:\/\/www.lasentinelle.dz"],"url":"https:\/\/lasentinelle.dz\/author\/redaction\/"}]}},"_links":{"self":[{"href":"https:\/\/lasentinelle.dz\/index.php\/wp-json\/wp\/v2\/posts\/49966","targetHints":{"allow":["GET"]}}],"collection":[{"href":"https:\/\/lasentinelle.dz\/index.php\/wp-json\/wp\/v2\/posts"}],"about":[{"href":"https:\/\/lasentinelle.dz\/index.php\/wp-json\/wp\/v2\/types\/post"}],"author":[{"embeddable":true,"href":"https:\/\/lasentinelle.dz\/index.php\/wp-json\/wp\/v2\/users\/3"}],"replies":[{"embeddable":true,"href":"https:\/\/lasentinelle.dz\/index.php\/wp-json\/wp\/v2\/comments?post=49966"}],"version-history":[{"count":1,"href":"https:\/\/lasentinelle.dz\/index.php\/wp-json\/wp\/v2\/posts\/49966\/revisions"}],"predecessor-version":[{"id":49967,"href":"https:\/\/lasentinelle.dz\/index.php\/wp-json\/wp\/v2\/posts\/49966\/revisions\/49967"}],"wp:featuredmedia":[{"embeddable":true,"href":"https:\/\/lasentinelle.dz\/index.php\/wp-json\/wp\/v2\/media\/41345"}],"wp:attachment":[{"href":"https:\/\/lasentinelle.dz\/index.php\/wp-json\/wp\/v2\/media?parent=49966"}],"wp:term":[{"taxonomy":"category","embeddable":true,"href":"https:\/\/lasentinelle.dz\/index.php\/wp-json\/wp\/v2\/categories?post=49966"},{"taxonomy":"post_tag","embeddable":true,"href":"https:\/\/lasentinelle.dz\/index.php\/wp-json\/wp\/v2\/tags?post=49966"}],"curies":[{"name":"wp","href":"https:\/\/api.w.org\/{rel}","templated":true}]}}