{"id":50020,"date":"2024-03-04T13:06:14","date_gmt":"2024-03-04T12:06:14","guid":{"rendered":"https:\/\/lasentinelle.dz\/?p=50020"},"modified":"2024-03-04T13:06:18","modified_gmt":"2024-03-04T12:06:18","slug":"sahara-occidental-la-france-doit-sen-tenir-a-une-position-conforme-au-droit-international","status":"publish","type":"post","link":"https:\/\/lasentinelle.dz\/index.php\/2024\/03\/04\/sahara-occidental-la-france-doit-sen-tenir-a-une-position-conforme-au-droit-international\/","title":{"rendered":"Sahara occidental\u00a0: La France doit s&rsquo;en tenir \u00e0 une position \u00ab\u00a0conforme au droit international\u00a0\u00bb"},"content":{"rendered":"\n<p>La pr\u00e9sidente de l&rsquo;association des Amis de la RASD, R\u00e9gine Villemont, a indiqu\u00e9 que la France, membre permanent du Conseil de s\u00e9curit\u00e9, doit s&rsquo;en tenir \u00e0 une position sur le Sahara occidental \u00ab\u00a0conforme au droit international\u00a0\u00bb et engager ses forces pour que ce droit soit respect\u00e9 partout. Dans un communiqu\u00e9 de presse, Mme Villemont a soulign\u00e9, en r\u00e9action \u00e0 la derni\u00e8re d\u00e9claration du ministre des Affaires Etrang\u00e8res, St\u00e9phane S\u00e9journ\u00e9, sur la position fran\u00e7aise sur le Sahara occidental, lors d&rsquo;une \u00e9mission sur \u00ab\u00a0France Inter\u00a0\u00bb, que \u00ab\u00a0la France, membre permanent du Conseil de s\u00e9curit\u00e9, doit s&rsquo;en tenir \u00e0 une position conforme au droit international et engager ses forces pour que ce droit soit respect\u00e9 partout\u00a0\u00bb, ajoutant que \u00ab\u00a0le Maroc est en effet une puissance devenue coloniale qui depuis pr\u00e8s de 50 ans occupe un pays et refuse les r\u00e8gles du droit international et celles de la d\u00e9colonisation\u00a0\u00bb. Elle a pr\u00e9cis\u00e9 que l&rsquo;association des Amis de la RASD ne peut que \u00ab\u00a0regretter l&rsquo;expression publique d&rsquo;une position en faveur de l&rsquo;autonomie du Sahara occidental, que notre diplomatie ne semblait plus privil\u00e9gier dans plusieurs d\u00e9clarations officielles\u00a0\u00bb. \u00ab\u00a0L&rsquo;obsession marocaine du Sahara occidental a conduit ses diplomates, responsables politiques \u00e0 de bien mauvaises mani\u00e8res. Pressions sur la presse, les hommes politiques, les militants et leurs avocats avec le syst\u00e8me Pegasus, corruption organis\u00e9e aupr\u00e8s de plusieurs eurod\u00e9put\u00e9s pour faire prendre au Parlement europ\u00e9en des positions en faveur de l&rsquo;occupation du Sahara occidental\u00a0\u00bb, a-t-elle ajout\u00e9. Dans ce cadre, Mme Villemont a affirm\u00e9 que la France \u00ab\u00a0a \u00e9t\u00e9 sensible \u00e0 ces pressions et a exprim\u00e9 depuis plusieurs mois des r\u00e9serves int\u00e9ressantes face \u00e0 la volont\u00e9 marocaine d&rsquo;imposer \u00e0 tout prix sa position au Sahara occidental\u00a0\u00bb. Elle a indiqu\u00e9 que \u00ab\u00a0cette attention au respect du droit international partout dans le monde honore notre pays, alors pourquoi l&rsquo;abandonner sur une radio publique ?\u00a0\u00bb, en r\u00e9f\u00e9rence \u00e0 la question pos\u00e9e au ministre par le journaliste (tr\u00e8s proche du Maroc) de cette radio \u00ab\u00a0France Inter\u00a0\u00bb, sur les relations France &#8211; Maroc et sur la position fran\u00e7aise sur le Sahara occidental.<\/p>\n\n\n\n<p>APS<\/p>\n","protected":false},"excerpt":{"rendered":"<p>La pr\u00e9sidente de l&rsquo;association des Amis de la RASD, R\u00e9gine Villemont, a indiqu\u00e9 que la France, membre permanent du Conseil<\/p>\n","protected":false},"author":3,"featured_media":47913,"comment_status":"open","ping_status":"closed","sticky":false,"template":"","format":"standard","meta":{"colormag_page_container_layout":"default_layout","colormag_page_sidebar_layout":"default_layout","om_disable_all_campaigns":false,"_monsterinsights_skip_tracking":false,"_monsterinsights_sitenote_active":false,"_monsterinsights_sitenote_note":"","_monsterinsights_sitenote_category":0,"footnotes":"","_wpscppro_dont_share_socialmedia":false,"_wpscppro_custom_social_share_image":0,"_facebook_share_type":"","_twitter_share_type":"","_linkedin_share_type":"","_pinterest_share_type":"","_linkedin_share_type_page":"","_instagram_share_type":"","_medium_share_type":"","_threads_share_type":"","_google_business_share_type":"","_selected_social_profile":[],"_wpsp_enable_custom_social_template":false,"_wpsp_social_scheduling":{"enabled":false,"datetime":null,"platforms":[],"status":"template_only","dateOption":"today","timeOption":"now","customDays":"","customHours":"","customDate":"","customTime":"","schedulingType":"absolute"},"_wpsp_active_default_template":true},"categories":[37],"tags":[],"class_list":["post-50020","post","type-post","status-publish","format-standard","has-post-thumbnail","hentry","category-monde"],"aioseo_notices":[],"yoast_head":"<!-- This site is optimized with the Yoast SEO plugin v27.5 - https:\/\/yoast.com\/product\/yoast-seo-wordpress\/ -->\n<title>Sahara occidental\u00a0: La France doit s&rsquo;en tenir \u00e0 une position \u00ab\u00a0conforme au droit international\u00a0\u00bb - La Sentinelle<\/title>\n<meta name=\"robots\" content=\"index, follow, max-snippet:-1, max-image-preview:large, max-video-preview:-1\" \/>\n<link rel=\"canonical\" href=\"https:\/\/lasentinelle.dz\/index.php\/2024\/03\/04\/sahara-occidental-la-france-doit-sen-tenir-a-une-position-conforme-au-droit-international\/\" \/>\n<meta property=\"og:locale\" content=\"fr_FR\" \/>\n<meta property=\"og:type\" content=\"article\" \/>\n<meta property=\"og:title\" content=\"Sahara occidental\u00a0: La France doit s&rsquo;en tenir \u00e0 une position \u00ab\u00a0conforme au droit international\u00a0\u00bb - La Sentinelle\" \/>\n<meta property=\"og:description\" content=\"La pr\u00e9sidente de l&rsquo;association des Amis de la RASD, R\u00e9gine Villemont, a indiqu\u00e9 que la France, membre permanent du Conseil\" \/>\n<meta property=\"og:url\" content=\"https:\/\/lasentinelle.dz\/index.php\/2024\/03\/04\/sahara-occidental-la-france-doit-sen-tenir-a-une-position-conforme-au-droit-international\/\" \/>\n<meta property=\"og:site_name\" content=\"La Sentinelle\" \/>\n<meta property=\"article:publisher\" content=\"https:\/\/www.facebook.com\/La-Sentinelle-104059864394773\" \/>\n<meta property=\"article:published_time\" content=\"2024-03-04T12:06:14+00:00\" \/>\n<meta property=\"article:modified_time\" content=\"2024-03-04T12:06:18+00:00\" \/>\n<meta property=\"og:image\" content=\"https:\/\/lasentinelle.dz\/wp-content\/uploads\/2023\/12\/Sahara-occidental.jpeg\" \/>\n\t<meta property=\"og:image:width\" content=\"745\" \/>\n\t<meta property=\"og:image:height\" content=\"470\" \/>\n\t<meta property=\"og:image:type\" content=\"image\/jpeg\" \/>\n<meta name=\"author\" content=\"La Sentinelle\" \/>\n<meta name=\"twitter:card\" content=\"summary_large_image\" \/>\n<meta name=\"twitter:label1\" content=\"\u00c9crit par\" \/>\n\t<meta name=\"twitter:data1\" content=\"La Sentinelle\" \/>\n\t<meta name=\"twitter:label2\" content=\"Dur\u00e9e de lecture estim\u00e9e\" \/>\n\t<meta name=\"twitter:data2\" content=\"2 minutes\" \/>\n<script type=\"application\/ld+json\" class=\"yoast-schema-graph\">{\"@context\":\"https:\\\/\\\/schema.org\",\"@graph\":[{\"@type\":\"Article\",\"@id\":\"https:\\\/\\\/lasentinelle.dz\\\/index.php\\\/2024\\\/03\\\/04\\\/sahara-occidental-la-france-doit-sen-tenir-a-une-position-conforme-au-droit-international\\\/#article\",\"isPartOf\":{\"@id\":\"https:\\\/\\\/lasentinelle.dz\\\/index.php\\\/2024\\\/03\\\/04\\\/sahara-occidental-la-france-doit-sen-tenir-a-une-position-conforme-au-droit-international\\\/\"},\"author\":{\"name\":\"La Sentinelle\",\"@id\":\"https:\\\/\\\/lasentinelle.dz\\\/#\\\/schema\\\/person\\\/d865044e22e70a75174ce8bcad3acfb3\"},\"headline\":\"Sahara occidental\u00a0: La France doit s&rsquo;en tenir \u00e0 une position \u00ab\u00a0conforme au droit international\u00a0\u00bb\",\"datePublished\":\"2024-03-04T12:06:14+00:00\",\"dateModified\":\"2024-03-04T12:06:18+00:00\",\"mainEntityOfPage\":{\"@id\":\"https:\\\/\\\/lasentinelle.dz\\\/index.php\\\/2024\\\/03\\\/04\\\/sahara-occidental-la-france-doit-sen-tenir-a-une-position-conforme-au-droit-international\\\/\"},\"wordCount\":385,\"commentCount\":0,\"publisher\":{\"@id\":\"https:\\\/\\\/lasentinelle.dz\\\/#organization\"},\"image\":{\"@id\":\"https:\\\/\\\/lasentinelle.dz\\\/index.php\\\/2024\\\/03\\\/04\\\/sahara-occidental-la-france-doit-sen-tenir-a-une-position-conforme-au-droit-international\\\/#primaryimage\"},\"thumbnailUrl\":\"https:\\\/\\\/lasentinelle.dz\\\/wp-content\\\/uploads\\\/2023\\\/12\\\/Sahara-occidental.jpeg\",\"articleSection\":[\"Monde\"],\"inLanguage\":\"fr-FR\",\"potentialAction\":[{\"@type\":\"CommentAction\",\"name\":\"Comment\",\"target\":[\"https:\\\/\\\/lasentinelle.dz\\\/index.php\\\/2024\\\/03\\\/04\\\/sahara-occidental-la-france-doit-sen-tenir-a-une-position-conforme-au-droit-international\\\/#respond\"]}]},{\"@type\":\"WebPage\",\"@id\":\"https:\\\/\\\/lasentinelle.dz\\\/index.php\\\/2024\\\/03\\\/04\\\/sahara-occidental-la-france-doit-sen-tenir-a-une-position-conforme-au-droit-international\\\/\",\"url\":\"https:\\\/\\\/lasentinelle.dz\\\/index.php\\\/2024\\\/03\\\/04\\\/sahara-occidental-la-france-doit-sen-tenir-a-une-position-conforme-au-droit-international\\\/\",\"name\":\"Sahara occidental\u00a0: La France doit s&rsquo;en tenir \u00e0 une position \u00ab\u00a0conforme au droit international\u00a0\u00bb - La Sentinelle\",\"isPartOf\":{\"@id\":\"https:\\\/\\\/lasentinelle.dz\\\/#website\"},\"primaryImageOfPage\":{\"@id\":\"https:\\\/\\\/lasentinelle.dz\\\/index.php\\\/2024\\\/03\\\/04\\\/sahara-occidental-la-france-doit-sen-tenir-a-une-position-conforme-au-droit-international\\\/#primaryimage\"},\"image\":{\"@id\":\"https:\\\/\\\/lasentinelle.dz\\\/index.php\\\/2024\\\/03\\\/04\\\/sahara-occidental-la-france-doit-sen-tenir-a-une-position-conforme-au-droit-international\\\/#primaryimage\"},\"thumbnailUrl\":\"https:\\\/\\\/lasentinelle.dz\\\/wp-content\\\/uploads\\\/2023\\\/12\\\/Sahara-occidental.jpeg\",\"datePublished\":\"2024-03-04T12:06:14+00:00\",\"dateModified\":\"2024-03-04T12:06:18+00:00\",\"breadcrumb\":{\"@id\":\"https:\\\/\\\/lasentinelle.dz\\\/index.php\\\/2024\\\/03\\\/04\\\/sahara-occidental-la-france-doit-sen-tenir-a-une-position-conforme-au-droit-international\\\/#breadcrumb\"},\"inLanguage\":\"fr-FR\",\"potentialAction\":[{\"@type\":\"ReadAction\",\"target\":[\"https:\\\/\\\/lasentinelle.dz\\\/index.php\\\/2024\\\/03\\\/04\\\/sahara-occidental-la-france-doit-sen-tenir-a-une-position-conforme-au-droit-international\\\/\"]}]},{\"@type\":\"ImageObject\",\"inLanguage\":\"fr-FR\",\"@id\":\"https:\\\/\\\/lasentinelle.dz\\\/index.php\\\/2024\\\/03\\\/04\\\/sahara-occidental-la-france-doit-sen-tenir-a-une-position-conforme-au-droit-international\\\/#primaryimage\",\"url\":\"https:\\\/\\\/lasentinelle.dz\\\/wp-content\\\/uploads\\\/2023\\\/12\\\/Sahara-occidental.jpeg\",\"contentUrl\":\"https:\\\/\\\/lasentinelle.dz\\\/wp-content\\\/uploads\\\/2023\\\/12\\\/Sahara-occidental.jpeg\",\"width\":745,\"height\":470},{\"@type\":\"BreadcrumbList\",\"@id\":\"https:\\\/\\\/lasentinelle.dz\\\/index.php\\\/2024\\\/03\\\/04\\\/sahara-occidental-la-france-doit-sen-tenir-a-une-position-conforme-au-droit-international\\\/#breadcrumb\",\"itemListElement\":[{\"@type\":\"ListItem\",\"position\":1,\"name\":\"Accueil\",\"item\":\"https:\\\/\\\/lasentinelle.dz\\\/\"},{\"@type\":\"ListItem\",\"position\":2,\"name\":\"Sahara occidental\u00a0: La France doit s&rsquo;en tenir \u00e0 une position \u00ab\u00a0conforme au droit international\u00a0\u00bb\"}]},{\"@type\":\"WebSite\",\"@id\":\"https:\\\/\\\/lasentinelle.dz\\\/#website\",\"url\":\"https:\\\/\\\/lasentinelle.dz\\\/\",\"name\":\"La Sentinelle\",\"description\":\"Quotidien national d&#039;information\",\"publisher\":{\"@id\":\"https:\\\/\\\/lasentinelle.dz\\\/#organization\"},\"potentialAction\":[{\"@type\":\"SearchAction\",\"target\":{\"@type\":\"EntryPoint\",\"urlTemplate\":\"https:\\\/\\\/lasentinelle.dz\\\/?s={search_term_string}\"},\"query-input\":{\"@type\":\"PropertyValueSpecification\",\"valueRequired\":true,\"valueName\":\"search_term_string\"}}],\"inLanguage\":\"fr-FR\"},{\"@type\":\"Organization\",\"@id\":\"https:\\\/\\\/lasentinelle.dz\\\/#organization\",\"name\":\"Quotidien La Sentinelle\",\"url\":\"https:\\\/\\\/lasentinelle.dz\\\/\",\"logo\":{\"@type\":\"ImageObject\",\"inLanguage\":\"fr-FR\",\"@id\":\"https:\\\/\\\/lasentinelle.dz\\\/#\\\/schema\\\/logo\\\/image\\\/\",\"url\":\"https:\\\/\\\/lasentinelle.dz\\\/wp-content\\\/uploads\\\/2021\\\/09\\\/logo-sentinelleSLOGAN-1.png\",\"contentUrl\":\"https:\\\/\\\/lasentinelle.dz\\\/wp-content\\\/uploads\\\/2021\\\/09\\\/logo-sentinelleSLOGAN-1.png\",\"width\":615,\"height\":142,\"caption\":\"Quotidien La Sentinelle\"},\"image\":{\"@id\":\"https:\\\/\\\/lasentinelle.dz\\\/#\\\/schema\\\/logo\\\/image\\\/\"},\"sameAs\":[\"https:\\\/\\\/www.facebook.com\\\/La-Sentinelle-104059864394773\"]},{\"@type\":\"Person\",\"@id\":\"https:\\\/\\\/lasentinelle.dz\\\/#\\\/schema\\\/person\\\/d865044e22e70a75174ce8bcad3acfb3\",\"name\":\"La Sentinelle\",\"image\":{\"@type\":\"ImageObject\",\"inLanguage\":\"fr-FR\",\"@id\":\"https:\\\/\\\/secure.gravatar.com\\\/avatar\\\/57de8e5d4b15d43fb361a71fbb36338450fe67865b528a43dd10ef7c51a20392?s=96&d=mm&r=g\",\"url\":\"https:\\\/\\\/secure.gravatar.com\\\/avatar\\\/57de8e5d4b15d43fb361a71fbb36338450fe67865b528a43dd10ef7c51a20392?s=96&d=mm&r=g\",\"contentUrl\":\"https:\\\/\\\/secure.gravatar.com\\\/avatar\\\/57de8e5d4b15d43fb361a71fbb36338450fe67865b528a43dd10ef7c51a20392?s=96&d=mm&r=g\",\"caption\":\"La Sentinelle\"},\"sameAs\":[\"http:\\\/\\\/www.lasentinelle.dz\"],\"url\":\"https:\\\/\\\/lasentinelle.dz\\\/author\\\/redaction\\\/\"}]}<\/script>\n<!-- \/ Yoast SEO plugin. -->","yoast_head_json":{"title":"Sahara occidental\u00a0: La France doit s&rsquo;en tenir \u00e0 une position \u00ab\u00a0conforme au droit international\u00a0\u00bb - La Sentinelle","robots":{"index":"index","follow":"follow","max-snippet":"max-snippet:-1","max-image-preview":"max-image-preview:large","max-video-preview":"max-video-preview:-1"},"canonical":"https:\/\/lasentinelle.dz\/index.php\/2024\/03\/04\/sahara-occidental-la-france-doit-sen-tenir-a-une-position-conforme-au-droit-international\/","og_locale":"fr_FR","og_type":"article","og_title":"Sahara occidental\u00a0: La France doit s&rsquo;en tenir \u00e0 une position \u00ab\u00a0conforme au droit international\u00a0\u00bb - La Sentinelle","og_description":"La pr\u00e9sidente de l&rsquo;association des Amis de la RASD, R\u00e9gine Villemont, a indiqu\u00e9 que la France, membre permanent du Conseil","og_url":"https:\/\/lasentinelle.dz\/index.php\/2024\/03\/04\/sahara-occidental-la-france-doit-sen-tenir-a-une-position-conforme-au-droit-international\/","og_site_name":"La Sentinelle","article_publisher":"https:\/\/www.facebook.com\/La-Sentinelle-104059864394773","article_published_time":"2024-03-04T12:06:14+00:00","article_modified_time":"2024-03-04T12:06:18+00:00","og_image":[{"width":745,"height":470,"url":"https:\/\/lasentinelle.dz\/wp-content\/uploads\/2023\/12\/Sahara-occidental.jpeg","type":"image\/jpeg"}],"author":"La Sentinelle","twitter_card":"summary_large_image","twitter_misc":{"\u00c9crit par":"La Sentinelle","Dur\u00e9e de lecture estim\u00e9e":"2 minutes"},"schema":{"@context":"https:\/\/schema.org","@graph":[{"@type":"Article","@id":"https:\/\/lasentinelle.dz\/index.php\/2024\/03\/04\/sahara-occidental-la-france-doit-sen-tenir-a-une-position-conforme-au-droit-international\/#article","isPartOf":{"@id":"https:\/\/lasentinelle.dz\/index.php\/2024\/03\/04\/sahara-occidental-la-france-doit-sen-tenir-a-une-position-conforme-au-droit-international\/"},"author":{"name":"La Sentinelle","@id":"https:\/\/lasentinelle.dz\/#\/schema\/person\/d865044e22e70a75174ce8bcad3acfb3"},"headline":"Sahara occidental\u00a0: La France doit s&rsquo;en tenir \u00e0 une position \u00ab\u00a0conforme au droit international\u00a0\u00bb","datePublished":"2024-03-04T12:06:14+00:00","dateModified":"2024-03-04T12:06:18+00:00","mainEntityOfPage":{"@id":"https:\/\/lasentinelle.dz\/index.php\/2024\/03\/04\/sahara-occidental-la-france-doit-sen-tenir-a-une-position-conforme-au-droit-international\/"},"wordCount":385,"commentCount":0,"publisher":{"@id":"https:\/\/lasentinelle.dz\/#organization"},"image":{"@id":"https:\/\/lasentinelle.dz\/index.php\/2024\/03\/04\/sahara-occidental-la-france-doit-sen-tenir-a-une-position-conforme-au-droit-international\/#primaryimage"},"thumbnailUrl":"https:\/\/lasentinelle.dz\/wp-content\/uploads\/2023\/12\/Sahara-occidental.jpeg","articleSection":["Monde"],"inLanguage":"fr-FR","potentialAction":[{"@type":"CommentAction","name":"Comment","target":["https:\/\/lasentinelle.dz\/index.php\/2024\/03\/04\/sahara-occidental-la-france-doit-sen-tenir-a-une-position-conforme-au-droit-international\/#respond"]}]},{"@type":"WebPage","@id":"https:\/\/lasentinelle.dz\/index.php\/2024\/03\/04\/sahara-occidental-la-france-doit-sen-tenir-a-une-position-conforme-au-droit-international\/","url":"https:\/\/lasentinelle.dz\/index.php\/2024\/03\/04\/sahara-occidental-la-france-doit-sen-tenir-a-une-position-conforme-au-droit-international\/","name":"Sahara occidental\u00a0: La France doit s&rsquo;en tenir \u00e0 une position \u00ab\u00a0conforme au droit international\u00a0\u00bb - La Sentinelle","isPartOf":{"@id":"https:\/\/lasentinelle.dz\/#website"},"primaryImageOfPage":{"@id":"https:\/\/lasentinelle.dz\/index.php\/2024\/03\/04\/sahara-occidental-la-france-doit-sen-tenir-a-une-position-conforme-au-droit-international\/#primaryimage"},"image":{"@id":"https:\/\/lasentinelle.dz\/index.php\/2024\/03\/04\/sahara-occidental-la-france-doit-sen-tenir-a-une-position-conforme-au-droit-international\/#primaryimage"},"thumbnailUrl":"https:\/\/lasentinelle.dz\/wp-content\/uploads\/2023\/12\/Sahara-occidental.jpeg","datePublished":"2024-03-04T12:06:14+00:00","dateModified":"2024-03-04T12:06:18+00:00","breadcrumb":{"@id":"https:\/\/lasentinelle.dz\/index.php\/2024\/03\/04\/sahara-occidental-la-france-doit-sen-tenir-a-une-position-conforme-au-droit-international\/#breadcrumb"},"inLanguage":"fr-FR","potentialAction":[{"@type":"ReadAction","target":["https:\/\/lasentinelle.dz\/index.php\/2024\/03\/04\/sahara-occidental-la-france-doit-sen-tenir-a-une-position-conforme-au-droit-international\/"]}]},{"@type":"ImageObject","inLanguage":"fr-FR","@id":"https:\/\/lasentinelle.dz\/index.php\/2024\/03\/04\/sahara-occidental-la-france-doit-sen-tenir-a-une-position-conforme-au-droit-international\/#primaryimage","url":"https:\/\/lasentinelle.dz\/wp-content\/uploads\/2023\/12\/Sahara-occidental.jpeg","contentUrl":"https:\/\/lasentinelle.dz\/wp-content\/uploads\/2023\/12\/Sahara-occidental.jpeg","width":745,"height":470},{"@type":"BreadcrumbList","@id":"https:\/\/lasentinelle.dz\/index.php\/2024\/03\/04\/sahara-occidental-la-france-doit-sen-tenir-a-une-position-conforme-au-droit-international\/#breadcrumb","itemListElement":[{"@type":"ListItem","position":1,"name":"Accueil","item":"https:\/\/lasentinelle.dz\/"},{"@type":"ListItem","position":2,"name":"Sahara occidental\u00a0: La France doit s&rsquo;en tenir \u00e0 une position \u00ab\u00a0conforme au droit international\u00a0\u00bb"}]},{"@type":"WebSite","@id":"https:\/\/lasentinelle.dz\/#website","url":"https:\/\/lasentinelle.dz\/","name":"La Sentinelle","description":"Quotidien national d&#039;information","publisher":{"@id":"https:\/\/lasentinelle.dz\/#organization"},"potentialAction":[{"@type":"SearchAction","target":{"@type":"EntryPoint","urlTemplate":"https:\/\/lasentinelle.dz\/?s={search_term_string}"},"query-input":{"@type":"PropertyValueSpecification","valueRequired":true,"valueName":"search_term_string"}}],"inLanguage":"fr-FR"},{"@type":"Organization","@id":"https:\/\/lasentinelle.dz\/#organization","name":"Quotidien La Sentinelle","url":"https:\/\/lasentinelle.dz\/","logo":{"@type":"ImageObject","inLanguage":"fr-FR","@id":"https:\/\/lasentinelle.dz\/#\/schema\/logo\/image\/","url":"https:\/\/lasentinelle.dz\/wp-content\/uploads\/2021\/09\/logo-sentinelleSLOGAN-1.png","contentUrl":"https:\/\/lasentinelle.dz\/wp-content\/uploads\/2021\/09\/logo-sentinelleSLOGAN-1.png","width":615,"height":142,"caption":"Quotidien La Sentinelle"},"image":{"@id":"https:\/\/lasentinelle.dz\/#\/schema\/logo\/image\/"},"sameAs":["https:\/\/www.facebook.com\/La-Sentinelle-104059864394773"]},{"@type":"Person","@id":"https:\/\/lasentinelle.dz\/#\/schema\/person\/d865044e22e70a75174ce8bcad3acfb3","name":"La Sentinelle","image":{"@type":"ImageObject","inLanguage":"fr-FR","@id":"https:\/\/secure.gravatar.com\/avatar\/57de8e5d4b15d43fb361a71fbb36338450fe67865b528a43dd10ef7c51a20392?s=96&d=mm&r=g","url":"https:\/\/secure.gravatar.com\/avatar\/57de8e5d4b15d43fb361a71fbb36338450fe67865b528a43dd10ef7c51a20392?s=96&d=mm&r=g","contentUrl":"https:\/\/secure.gravatar.com\/avatar\/57de8e5d4b15d43fb361a71fbb36338450fe67865b528a43dd10ef7c51a20392?s=96&d=mm&r=g","caption":"La Sentinelle"},"sameAs":["http:\/\/www.lasentinelle.dz"],"url":"https:\/\/lasentinelle.dz\/author\/redaction\/"}]}},"_links":{"self":[{"href":"https:\/\/lasentinelle.dz\/index.php\/wp-json\/wp\/v2\/posts\/50020","targetHints":{"allow":["GET"]}}],"collection":[{"href":"https:\/\/lasentinelle.dz\/index.php\/wp-json\/wp\/v2\/posts"}],"about":[{"href":"https:\/\/lasentinelle.dz\/index.php\/wp-json\/wp\/v2\/types\/post"}],"author":[{"embeddable":true,"href":"https:\/\/lasentinelle.dz\/index.php\/wp-json\/wp\/v2\/users\/3"}],"replies":[{"embeddable":true,"href":"https:\/\/lasentinelle.dz\/index.php\/wp-json\/wp\/v2\/comments?post=50020"}],"version-history":[{"count":2,"href":"https:\/\/lasentinelle.dz\/index.php\/wp-json\/wp\/v2\/posts\/50020\/revisions"}],"predecessor-version":[{"id":50022,"href":"https:\/\/lasentinelle.dz\/index.php\/wp-json\/wp\/v2\/posts\/50020\/revisions\/50022"}],"wp:featuredmedia":[{"embeddable":true,"href":"https:\/\/lasentinelle.dz\/index.php\/wp-json\/wp\/v2\/media\/47913"}],"wp:attachment":[{"href":"https:\/\/lasentinelle.dz\/index.php\/wp-json\/wp\/v2\/media?parent=50020"}],"wp:term":[{"taxonomy":"category","embeddable":true,"href":"https:\/\/lasentinelle.dz\/index.php\/wp-json\/wp\/v2\/categories?post=50020"},{"taxonomy":"post_tag","embeddable":true,"href":"https:\/\/lasentinelle.dz\/index.php\/wp-json\/wp\/v2\/tags?post=50020"}],"curies":[{"name":"wp","href":"https:\/\/api.w.org\/{rel}","templated":true}]}}