{"id":50078,"date":"2024-03-05T13:52:02","date_gmt":"2024-03-05T12:52:02","guid":{"rendered":"https:\/\/lasentinelle.dz\/?p=50078"},"modified":"2024-03-05T13:52:06","modified_gmt":"2024-03-05T12:52:06","slug":"le-ministere-des-finances-affiche-de-loptimisme-pour-les-trois-prochaines-annees-des-indicateurs-economiques-au-vert","status":"publish","type":"post","link":"https:\/\/lasentinelle.dz\/index.php\/2024\/03\/05\/le-ministere-des-finances-affiche-de-loptimisme-pour-les-trois-prochaines-annees-des-indicateurs-economiques-au-vert\/","title":{"rendered":"Le minist\u00e8re des Finances affiche de l\u2019optimisme pour les trois prochaines ann\u00e9es\u00a0: Des indicateurs \u00e9conomiques au vert"},"content":{"rendered":"\n<p>Le ministre des Finances affiche de l\u2019optimisme quant aux perspectives de l\u2019\u00e9conomie nationale \u00e0 l\u2019horizon 2026, soulignant que les performances enregistr\u00e9es au cours des deux derni\u00e8res ann\u00e9es \u00ab&nbsp;t\u00e9moignent de la r\u00e9silience de l\u2019\u00e9conomie nationale.<\/p>\n\n\n\n<p>Le ministre des Finances, Laaziz Faid, a soulign\u00e9 dimanche lors d\u2019une r\u00e9union du Haut comit\u00e9 d&rsquo;\u00e9valuation et d&rsquo;alerte des risques budg\u00e9taires, qu\u2019il a pr\u00e9sid\u00e9e, les r\u00e9sultats \u00ab&nbsp;encourageants&nbsp;\u00bb enregistr\u00e9s par l\u2019\u00e9conomie nationale au cours des deux derni\u00e8res ann\u00e9es. Selon un communiqu\u00e9 du minist\u00e8re des Finances qui a sanctionn\u00e9 les travaux de la r\u00e9union et qi a port\u00e9 sur des points strat\u00e9giques, notamment l&rsquo;\u00e9volution de l&rsquo;\u00e9conomie nationale sur la p\u00e9riode 2022-2023, les perspectives pour 2024-2026, la tr\u00e9sorerie de l&rsquo;Etat et la dette publique, le premier argentier du pays a affich\u00e9 de l\u2019optimisme. Le ministre a soulign\u00e9 les r\u00e9sultats \u00ab\u00a0encourageants\u00a0\u00bb de l&rsquo;\u00e9conomie nationale sur la p\u00e9riode 2022-2023, et a exprim\u00e9 son \u00ab\u00a0optimisme\u00a0\u00bb pour les perspectives pour 2024-2026. Il explique que \u00ab\u00a0ces avanc\u00e9es t\u00e9moignent de la r\u00e9silience de notre \u00e9conomie et de l&rsquo;efficacit\u00e9 des politiques financi\u00e8res mises en \u0153uvre\u00a0\u00bb. Des examens approfondis ont \u00e9t\u00e9,\u00e9galement, consacr\u00e9s \u00e0 la soutenabilit\u00e9 de la dette publique, aux risques budg\u00e9taires li\u00e9s aux entreprises et \u00e9tablissements publics, ainsi qu&rsquo;\u00e0 la situation financi\u00e8re des caisses de s\u00e9curit\u00e9 sociale (CNAS, CNR) et des collectivit\u00e9s locales. A ce sujet, le ministre a affirm\u00e9 que \u00ab\u00a0la transparence, la vigilance et la pr\u00e9vision sont au c\u0153ur de l\u2019approche envers les risques budg\u00e9taires pour les identifier et les anticiper\u00a0\u00bb. Notons que selon les pr\u00e9visions du minist\u00e8re des Finances lesquels ont motiv\u00e9 le cadrage macro\u00e9conomique et budg\u00e9taire de la loi de finances 2024, le taux de croissance devrait atteindre 4,2% cette ann\u00e9e. La croissance \u00e9conomique devrait ainsi atteindre +3,9% en 2025 et +4% en 2026. Les recettes d&rsquo;exportations de biens seraient de l&rsquo;ordre de 49,8 milliards de dollars en 2024 avant d&rsquo;atteindre 50,3 milliards USD et 51,6 milliards USD, respectivement en 2025 et 2026, selon les m\u00eames pr\u00e9visions, tandis que les importations, quant \u00e0 elles, atteindraient les 43,5 milliards USD en 2024, puis 47,4 milliards USD en 2025 et 47,4 milliards USD en 2026. La balance commerciale devrait ainsi \u00eatre exc\u00e9dentaire entre 2024 et 2026, en atteignant, selon les pr\u00e9visions du texte, 6,3 milliards USD d&rsquo;exc\u00e9dent en 2024, puis 2,9 milliards USD en 2025 et 4,2 milliards USD en 2026, selon le m\u00eame cadrage.<\/p>\n\n\n\n<p>Notons que la r\u00e9union du Haut comit\u00e9 d&rsquo;\u00e9valuation et d&rsquo;alerte des risques budg\u00e9taires instaur\u00e9e dans le cadre de la loi organique n 18-15 du 2 septembre 2018, vise \u00e0 anticiper et \u00e9valuer les risques budg\u00e9taires potentiels impactant les finances publiques, rappelle le minist\u00e8re des Finances, ajoutant que conform\u00e9ment aux missions d\u00e9finies par l&rsquo;arr\u00eat\u00e9 du 8 juin 2021, le Haut Comit\u00e9 \u0153uvre dans des domaines cl\u00e9s tels que les aspects macro\u00e9conomiques, la dette publique, le financement des syst\u00e8mes de s\u00e9curit\u00e9 sociale, les participations de l&rsquo;Etat dans diverses entit\u00e9s, et les finances des collectivit\u00e9s locales. La r\u00e9union a abord\u00e9, \u00e9galement, les risques budg\u00e9taires associ\u00e9s aux changements climatiques, refl\u00e9tant ainsi l&rsquo;engagement du Haut Comit\u00e9 envers une gestio n financi\u00e8re globale et r\u00e9siliente. Cette r\u00e9union marque \u00ab\u00a0une \u00e9tape importante dans le suivi attentif des risques budg\u00e9taires, d\u00e9montrant la volont\u00e9 du Haut Comit\u00e9 \u00e0 garantir la stabilit\u00e9 et la p\u00e9rennit\u00e9 des finances publiques conform\u00e9ment aux orientations de la r\u00e9forme budg\u00e9taire en cours\u00a0\u00bb, selon le minist\u00e8re.<\/p>\n\n\n\n<p>Sabrina Aziouez<\/p>\n","protected":false},"excerpt":{"rendered":"<p>Le ministre des Finances affiche de l\u2019optimisme quant aux perspectives de l\u2019\u00e9conomie nationale \u00e0 l\u2019horizon 2026, soulignant que les performances<\/p>\n","protected":false},"author":3,"featured_media":42426,"comment_status":"open","ping_status":"closed","sticky":false,"template":"","format":"standard","meta":{"colormag_page_container_layout":"default_layout","colormag_page_sidebar_layout":"default_layout","om_disable_all_campaigns":false,"_monsterinsights_skip_tracking":false,"_monsterinsights_sitenote_active":false,"_monsterinsights_sitenote_note":"","_monsterinsights_sitenote_category":0,"footnotes":"","_wpscppro_dont_share_socialmedia":false,"_wpscppro_custom_social_share_image":0,"_facebook_share_type":"","_twitter_share_type":"","_linkedin_share_type":"","_pinterest_share_type":"","_linkedin_share_type_page":"","_instagram_share_type":"","_medium_share_type":"","_threads_share_type":"","_google_business_share_type":"","_selected_social_profile":[],"_wpsp_enable_custom_social_template":false,"_wpsp_social_scheduling":{"enabled":false,"datetime":null,"platforms":[],"status":"template_only","dateOption":"today","timeOption":"now","customDays":"","customHours":"","customDate":"","customTime":"","schedulingType":"absolute"},"_wpsp_active_default_template":true},"categories":[52,29],"tags":[],"class_list":["post-50078","post","type-post","status-publish","format-standard","has-post-thumbnail","hentry","category-a-la-une","category-economie"],"aioseo_notices":[],"yoast_head":"<!-- This site is optimized with the Yoast SEO plugin v27.5 - https:\/\/yoast.com\/product\/yoast-seo-wordpress\/ -->\n<title>Le minist\u00e8re des Finances affiche de l\u2019optimisme pour les trois prochaines ann\u00e9es\u00a0: Des indicateurs \u00e9conomiques au vert - La Sentinelle<\/title>\n<meta name=\"robots\" content=\"index, follow, max-snippet:-1, max-image-preview:large, max-video-preview:-1\" \/>\n<link rel=\"canonical\" href=\"https:\/\/lasentinelle.dz\/index.php\/2024\/03\/05\/le-ministere-des-finances-affiche-de-loptimisme-pour-les-trois-prochaines-annees-des-indicateurs-economiques-au-vert\/\" \/>\n<meta property=\"og:locale\" content=\"fr_FR\" \/>\n<meta property=\"og:type\" content=\"article\" \/>\n<meta property=\"og:title\" content=\"Le minist\u00e8re des Finances affiche de l\u2019optimisme pour les trois prochaines ann\u00e9es\u00a0: Des indicateurs \u00e9conomiques au vert - La Sentinelle\" \/>\n<meta property=\"og:description\" content=\"Le ministre des Finances affiche de l\u2019optimisme quant aux perspectives de l\u2019\u00e9conomie nationale \u00e0 l\u2019horizon 2026, soulignant que les performances\" \/>\n<meta property=\"og:url\" content=\"https:\/\/lasentinelle.dz\/index.php\/2024\/03\/05\/le-ministere-des-finances-affiche-de-loptimisme-pour-les-trois-prochaines-annees-des-indicateurs-economiques-au-vert\/\" \/>\n<meta property=\"og:site_name\" content=\"La Sentinelle\" \/>\n<meta property=\"article:publisher\" content=\"https:\/\/www.facebook.com\/La-Sentinelle-104059864394773\" \/>\n<meta property=\"article:published_time\" content=\"2024-03-05T12:52:02+00:00\" \/>\n<meta property=\"article:modified_time\" content=\"2024-03-05T12:52:06+00:00\" \/>\n<meta property=\"og:image\" content=\"https:\/\/lasentinelle.dz\/wp-content\/uploads\/2023\/06\/laaziz-Faid-1.png\" \/>\n\t<meta property=\"og:image:width\" content=\"1232\" \/>\n\t<meta property=\"og:image:height\" content=\"900\" \/>\n\t<meta property=\"og:image:type\" content=\"image\/png\" \/>\n<meta name=\"author\" content=\"La Sentinelle\" \/>\n<meta name=\"twitter:card\" content=\"summary_large_image\" \/>\n<meta name=\"twitter:label1\" content=\"\u00c9crit par\" \/>\n\t<meta name=\"twitter:data1\" content=\"La Sentinelle\" \/>\n\t<meta name=\"twitter:label2\" content=\"Dur\u00e9e de lecture estim\u00e9e\" \/>\n\t<meta name=\"twitter:data2\" content=\"3 minutes\" \/>\n<script type=\"application\/ld+json\" class=\"yoast-schema-graph\">{\"@context\":\"https:\\\/\\\/schema.org\",\"@graph\":[{\"@type\":\"Article\",\"@id\":\"https:\\\/\\\/lasentinelle.dz\\\/index.php\\\/2024\\\/03\\\/05\\\/le-ministere-des-finances-affiche-de-loptimisme-pour-les-trois-prochaines-annees-des-indicateurs-economiques-au-vert\\\/#article\",\"isPartOf\":{\"@id\":\"https:\\\/\\\/lasentinelle.dz\\\/index.php\\\/2024\\\/03\\\/05\\\/le-ministere-des-finances-affiche-de-loptimisme-pour-les-trois-prochaines-annees-des-indicateurs-economiques-au-vert\\\/\"},\"author\":{\"name\":\"La Sentinelle\",\"@id\":\"https:\\\/\\\/lasentinelle.dz\\\/#\\\/schema\\\/person\\\/d865044e22e70a75174ce8bcad3acfb3\"},\"headline\":\"Le minist\u00e8re des Finances affiche de l\u2019optimisme pour les trois prochaines ann\u00e9es\u00a0: Des indicateurs \u00e9conomiques au vert\",\"datePublished\":\"2024-03-05T12:52:02+00:00\",\"dateModified\":\"2024-03-05T12:52:06+00:00\",\"mainEntityOfPage\":{\"@id\":\"https:\\\/\\\/lasentinelle.dz\\\/index.php\\\/2024\\\/03\\\/05\\\/le-ministere-des-finances-affiche-de-loptimisme-pour-les-trois-prochaines-annees-des-indicateurs-economiques-au-vert\\\/\"},\"wordCount\":628,\"commentCount\":0,\"publisher\":{\"@id\":\"https:\\\/\\\/lasentinelle.dz\\\/#organization\"},\"image\":{\"@id\":\"https:\\\/\\\/lasentinelle.dz\\\/index.php\\\/2024\\\/03\\\/05\\\/le-ministere-des-finances-affiche-de-loptimisme-pour-les-trois-prochaines-annees-des-indicateurs-economiques-au-vert\\\/#primaryimage\"},\"thumbnailUrl\":\"https:\\\/\\\/lasentinelle.dz\\\/wp-content\\\/uploads\\\/2023\\\/06\\\/laaziz-Faid-1.png\",\"articleSection\":[\"\u00c0 la Une\",\"\u00c9conomie\"],\"inLanguage\":\"fr-FR\",\"potentialAction\":[{\"@type\":\"CommentAction\",\"name\":\"Comment\",\"target\":[\"https:\\\/\\\/lasentinelle.dz\\\/index.php\\\/2024\\\/03\\\/05\\\/le-ministere-des-finances-affiche-de-loptimisme-pour-les-trois-prochaines-annees-des-indicateurs-economiques-au-vert\\\/#respond\"]}]},{\"@type\":\"WebPage\",\"@id\":\"https:\\\/\\\/lasentinelle.dz\\\/index.php\\\/2024\\\/03\\\/05\\\/le-ministere-des-finances-affiche-de-loptimisme-pour-les-trois-prochaines-annees-des-indicateurs-economiques-au-vert\\\/\",\"url\":\"https:\\\/\\\/lasentinelle.dz\\\/index.php\\\/2024\\\/03\\\/05\\\/le-ministere-des-finances-affiche-de-loptimisme-pour-les-trois-prochaines-annees-des-indicateurs-economiques-au-vert\\\/\",\"name\":\"Le minist\u00e8re des Finances affiche de l\u2019optimisme pour les trois prochaines ann\u00e9es\u00a0: Des indicateurs \u00e9conomiques au vert - La Sentinelle\",\"isPartOf\":{\"@id\":\"https:\\\/\\\/lasentinelle.dz\\\/#website\"},\"primaryImageOfPage\":{\"@id\":\"https:\\\/\\\/lasentinelle.dz\\\/index.php\\\/2024\\\/03\\\/05\\\/le-ministere-des-finances-affiche-de-loptimisme-pour-les-trois-prochaines-annees-des-indicateurs-economiques-au-vert\\\/#primaryimage\"},\"image\":{\"@id\":\"https:\\\/\\\/lasentinelle.dz\\\/index.php\\\/2024\\\/03\\\/05\\\/le-ministere-des-finances-affiche-de-loptimisme-pour-les-trois-prochaines-annees-des-indicateurs-economiques-au-vert\\\/#primaryimage\"},\"thumbnailUrl\":\"https:\\\/\\\/lasentinelle.dz\\\/wp-content\\\/uploads\\\/2023\\\/06\\\/laaziz-Faid-1.png\",\"datePublished\":\"2024-03-05T12:52:02+00:00\",\"dateModified\":\"2024-03-05T12:52:06+00:00\",\"breadcrumb\":{\"@id\":\"https:\\\/\\\/lasentinelle.dz\\\/index.php\\\/2024\\\/03\\\/05\\\/le-ministere-des-finances-affiche-de-loptimisme-pour-les-trois-prochaines-annees-des-indicateurs-economiques-au-vert\\\/#breadcrumb\"},\"inLanguage\":\"fr-FR\",\"potentialAction\":[{\"@type\":\"ReadAction\",\"target\":[\"https:\\\/\\\/lasentinelle.dz\\\/index.php\\\/2024\\\/03\\\/05\\\/le-ministere-des-finances-affiche-de-loptimisme-pour-les-trois-prochaines-annees-des-indicateurs-economiques-au-vert\\\/\"]}]},{\"@type\":\"ImageObject\",\"inLanguage\":\"fr-FR\",\"@id\":\"https:\\\/\\\/lasentinelle.dz\\\/index.php\\\/2024\\\/03\\\/05\\\/le-ministere-des-finances-affiche-de-loptimisme-pour-les-trois-prochaines-annees-des-indicateurs-economiques-au-vert\\\/#primaryimage\",\"url\":\"https:\\\/\\\/lasentinelle.dz\\\/wp-content\\\/uploads\\\/2023\\\/06\\\/laaziz-Faid-1.png\",\"contentUrl\":\"https:\\\/\\\/lasentinelle.dz\\\/wp-content\\\/uploads\\\/2023\\\/06\\\/laaziz-Faid-1.png\",\"width\":1232,\"height\":900},{\"@type\":\"BreadcrumbList\",\"@id\":\"https:\\\/\\\/lasentinelle.dz\\\/index.php\\\/2024\\\/03\\\/05\\\/le-ministere-des-finances-affiche-de-loptimisme-pour-les-trois-prochaines-annees-des-indicateurs-economiques-au-vert\\\/#breadcrumb\",\"itemListElement\":[{\"@type\":\"ListItem\",\"position\":1,\"name\":\"Accueil\",\"item\":\"https:\\\/\\\/lasentinelle.dz\\\/\"},{\"@type\":\"ListItem\",\"position\":2,\"name\":\"Le minist\u00e8re des Finances affiche de l\u2019optimisme pour les trois prochaines ann\u00e9es\u00a0: Des indicateurs \u00e9conomiques au vert\"}]},{\"@type\":\"WebSite\",\"@id\":\"https:\\\/\\\/lasentinelle.dz\\\/#website\",\"url\":\"https:\\\/\\\/lasentinelle.dz\\\/\",\"name\":\"La Sentinelle\",\"description\":\"Quotidien national d&#039;information\",\"publisher\":{\"@id\":\"https:\\\/\\\/lasentinelle.dz\\\/#organization\"},\"potentialAction\":[{\"@type\":\"SearchAction\",\"target\":{\"@type\":\"EntryPoint\",\"urlTemplate\":\"https:\\\/\\\/lasentinelle.dz\\\/?s={search_term_string}\"},\"query-input\":{\"@type\":\"PropertyValueSpecification\",\"valueRequired\":true,\"valueName\":\"search_term_string\"}}],\"inLanguage\":\"fr-FR\"},{\"@type\":\"Organization\",\"@id\":\"https:\\\/\\\/lasentinelle.dz\\\/#organization\",\"name\":\"Quotidien La Sentinelle\",\"url\":\"https:\\\/\\\/lasentinelle.dz\\\/\",\"logo\":{\"@type\":\"ImageObject\",\"inLanguage\":\"fr-FR\",\"@id\":\"https:\\\/\\\/lasentinelle.dz\\\/#\\\/schema\\\/logo\\\/image\\\/\",\"url\":\"https:\\\/\\\/lasentinelle.dz\\\/wp-content\\\/uploads\\\/2021\\\/09\\\/logo-sentinelleSLOGAN-1.png\",\"contentUrl\":\"https:\\\/\\\/lasentinelle.dz\\\/wp-content\\\/uploads\\\/2021\\\/09\\\/logo-sentinelleSLOGAN-1.png\",\"width\":615,\"height\":142,\"caption\":\"Quotidien La Sentinelle\"},\"image\":{\"@id\":\"https:\\\/\\\/lasentinelle.dz\\\/#\\\/schema\\\/logo\\\/image\\\/\"},\"sameAs\":[\"https:\\\/\\\/www.facebook.com\\\/La-Sentinelle-104059864394773\"]},{\"@type\":\"Person\",\"@id\":\"https:\\\/\\\/lasentinelle.dz\\\/#\\\/schema\\\/person\\\/d865044e22e70a75174ce8bcad3acfb3\",\"name\":\"La Sentinelle\",\"image\":{\"@type\":\"ImageObject\",\"inLanguage\":\"fr-FR\",\"@id\":\"https:\\\/\\\/secure.gravatar.com\\\/avatar\\\/57de8e5d4b15d43fb361a71fbb36338450fe67865b528a43dd10ef7c51a20392?s=96&d=mm&r=g\",\"url\":\"https:\\\/\\\/secure.gravatar.com\\\/avatar\\\/57de8e5d4b15d43fb361a71fbb36338450fe67865b528a43dd10ef7c51a20392?s=96&d=mm&r=g\",\"contentUrl\":\"https:\\\/\\\/secure.gravatar.com\\\/avatar\\\/57de8e5d4b15d43fb361a71fbb36338450fe67865b528a43dd10ef7c51a20392?s=96&d=mm&r=g\",\"caption\":\"La Sentinelle\"},\"sameAs\":[\"http:\\\/\\\/www.lasentinelle.dz\"],\"url\":\"https:\\\/\\\/lasentinelle.dz\\\/author\\\/redaction\\\/\"}]}<\/script>\n<!-- \/ Yoast SEO plugin. -->","yoast_head_json":{"title":"Le minist\u00e8re des Finances affiche de l\u2019optimisme pour les trois prochaines ann\u00e9es\u00a0: Des indicateurs \u00e9conomiques au vert - La Sentinelle","robots":{"index":"index","follow":"follow","max-snippet":"max-snippet:-1","max-image-preview":"max-image-preview:large","max-video-preview":"max-video-preview:-1"},"canonical":"https:\/\/lasentinelle.dz\/index.php\/2024\/03\/05\/le-ministere-des-finances-affiche-de-loptimisme-pour-les-trois-prochaines-annees-des-indicateurs-economiques-au-vert\/","og_locale":"fr_FR","og_type":"article","og_title":"Le minist\u00e8re des Finances affiche de l\u2019optimisme pour les trois prochaines ann\u00e9es\u00a0: Des indicateurs \u00e9conomiques au vert - La Sentinelle","og_description":"Le ministre des Finances affiche de l\u2019optimisme quant aux perspectives de l\u2019\u00e9conomie nationale \u00e0 l\u2019horizon 2026, soulignant que les performances","og_url":"https:\/\/lasentinelle.dz\/index.php\/2024\/03\/05\/le-ministere-des-finances-affiche-de-loptimisme-pour-les-trois-prochaines-annees-des-indicateurs-economiques-au-vert\/","og_site_name":"La Sentinelle","article_publisher":"https:\/\/www.facebook.com\/La-Sentinelle-104059864394773","article_published_time":"2024-03-05T12:52:02+00:00","article_modified_time":"2024-03-05T12:52:06+00:00","og_image":[{"width":1232,"height":900,"url":"https:\/\/lasentinelle.dz\/wp-content\/uploads\/2023\/06\/laaziz-Faid-1.png","type":"image\/png"}],"author":"La Sentinelle","twitter_card":"summary_large_image","twitter_misc":{"\u00c9crit par":"La Sentinelle","Dur\u00e9e de lecture estim\u00e9e":"3 minutes"},"schema":{"@context":"https:\/\/schema.org","@graph":[{"@type":"Article","@id":"https:\/\/lasentinelle.dz\/index.php\/2024\/03\/05\/le-ministere-des-finances-affiche-de-loptimisme-pour-les-trois-prochaines-annees-des-indicateurs-economiques-au-vert\/#article","isPartOf":{"@id":"https:\/\/lasentinelle.dz\/index.php\/2024\/03\/05\/le-ministere-des-finances-affiche-de-loptimisme-pour-les-trois-prochaines-annees-des-indicateurs-economiques-au-vert\/"},"author":{"name":"La Sentinelle","@id":"https:\/\/lasentinelle.dz\/#\/schema\/person\/d865044e22e70a75174ce8bcad3acfb3"},"headline":"Le minist\u00e8re des Finances affiche de l\u2019optimisme pour les trois prochaines ann\u00e9es\u00a0: Des indicateurs \u00e9conomiques au vert","datePublished":"2024-03-05T12:52:02+00:00","dateModified":"2024-03-05T12:52:06+00:00","mainEntityOfPage":{"@id":"https:\/\/lasentinelle.dz\/index.php\/2024\/03\/05\/le-ministere-des-finances-affiche-de-loptimisme-pour-les-trois-prochaines-annees-des-indicateurs-economiques-au-vert\/"},"wordCount":628,"commentCount":0,"publisher":{"@id":"https:\/\/lasentinelle.dz\/#organization"},"image":{"@id":"https:\/\/lasentinelle.dz\/index.php\/2024\/03\/05\/le-ministere-des-finances-affiche-de-loptimisme-pour-les-trois-prochaines-annees-des-indicateurs-economiques-au-vert\/#primaryimage"},"thumbnailUrl":"https:\/\/lasentinelle.dz\/wp-content\/uploads\/2023\/06\/laaziz-Faid-1.png","articleSection":["\u00c0 la Une","\u00c9conomie"],"inLanguage":"fr-FR","potentialAction":[{"@type":"CommentAction","name":"Comment","target":["https:\/\/lasentinelle.dz\/index.php\/2024\/03\/05\/le-ministere-des-finances-affiche-de-loptimisme-pour-les-trois-prochaines-annees-des-indicateurs-economiques-au-vert\/#respond"]}]},{"@type":"WebPage","@id":"https:\/\/lasentinelle.dz\/index.php\/2024\/03\/05\/le-ministere-des-finances-affiche-de-loptimisme-pour-les-trois-prochaines-annees-des-indicateurs-economiques-au-vert\/","url":"https:\/\/lasentinelle.dz\/index.php\/2024\/03\/05\/le-ministere-des-finances-affiche-de-loptimisme-pour-les-trois-prochaines-annees-des-indicateurs-economiques-au-vert\/","name":"Le minist\u00e8re des Finances affiche de l\u2019optimisme pour les trois prochaines ann\u00e9es\u00a0: Des indicateurs \u00e9conomiques au vert - La Sentinelle","isPartOf":{"@id":"https:\/\/lasentinelle.dz\/#website"},"primaryImageOfPage":{"@id":"https:\/\/lasentinelle.dz\/index.php\/2024\/03\/05\/le-ministere-des-finances-affiche-de-loptimisme-pour-les-trois-prochaines-annees-des-indicateurs-economiques-au-vert\/#primaryimage"},"image":{"@id":"https:\/\/lasentinelle.dz\/index.php\/2024\/03\/05\/le-ministere-des-finances-affiche-de-loptimisme-pour-les-trois-prochaines-annees-des-indicateurs-economiques-au-vert\/#primaryimage"},"thumbnailUrl":"https:\/\/lasentinelle.dz\/wp-content\/uploads\/2023\/06\/laaziz-Faid-1.png","datePublished":"2024-03-05T12:52:02+00:00","dateModified":"2024-03-05T12:52:06+00:00","breadcrumb":{"@id":"https:\/\/lasentinelle.dz\/index.php\/2024\/03\/05\/le-ministere-des-finances-affiche-de-loptimisme-pour-les-trois-prochaines-annees-des-indicateurs-economiques-au-vert\/#breadcrumb"},"inLanguage":"fr-FR","potentialAction":[{"@type":"ReadAction","target":["https:\/\/lasentinelle.dz\/index.php\/2024\/03\/05\/le-ministere-des-finances-affiche-de-loptimisme-pour-les-trois-prochaines-annees-des-indicateurs-economiques-au-vert\/"]}]},{"@type":"ImageObject","inLanguage":"fr-FR","@id":"https:\/\/lasentinelle.dz\/index.php\/2024\/03\/05\/le-ministere-des-finances-affiche-de-loptimisme-pour-les-trois-prochaines-annees-des-indicateurs-economiques-au-vert\/#primaryimage","url":"https:\/\/lasentinelle.dz\/wp-content\/uploads\/2023\/06\/laaziz-Faid-1.png","contentUrl":"https:\/\/lasentinelle.dz\/wp-content\/uploads\/2023\/06\/laaziz-Faid-1.png","width":1232,"height":900},{"@type":"BreadcrumbList","@id":"https:\/\/lasentinelle.dz\/index.php\/2024\/03\/05\/le-ministere-des-finances-affiche-de-loptimisme-pour-les-trois-prochaines-annees-des-indicateurs-economiques-au-vert\/#breadcrumb","itemListElement":[{"@type":"ListItem","position":1,"name":"Accueil","item":"https:\/\/lasentinelle.dz\/"},{"@type":"ListItem","position":2,"name":"Le minist\u00e8re des Finances affiche de l\u2019optimisme pour les trois prochaines ann\u00e9es\u00a0: Des indicateurs \u00e9conomiques au vert"}]},{"@type":"WebSite","@id":"https:\/\/lasentinelle.dz\/#website","url":"https:\/\/lasentinelle.dz\/","name":"La Sentinelle","description":"Quotidien national d&#039;information","publisher":{"@id":"https:\/\/lasentinelle.dz\/#organization"},"potentialAction":[{"@type":"SearchAction","target":{"@type":"EntryPoint","urlTemplate":"https:\/\/lasentinelle.dz\/?s={search_term_string}"},"query-input":{"@type":"PropertyValueSpecification","valueRequired":true,"valueName":"search_term_string"}}],"inLanguage":"fr-FR"},{"@type":"Organization","@id":"https:\/\/lasentinelle.dz\/#organization","name":"Quotidien La Sentinelle","url":"https:\/\/lasentinelle.dz\/","logo":{"@type":"ImageObject","inLanguage":"fr-FR","@id":"https:\/\/lasentinelle.dz\/#\/schema\/logo\/image\/","url":"https:\/\/lasentinelle.dz\/wp-content\/uploads\/2021\/09\/logo-sentinelleSLOGAN-1.png","contentUrl":"https:\/\/lasentinelle.dz\/wp-content\/uploads\/2021\/09\/logo-sentinelleSLOGAN-1.png","width":615,"height":142,"caption":"Quotidien La Sentinelle"},"image":{"@id":"https:\/\/lasentinelle.dz\/#\/schema\/logo\/image\/"},"sameAs":["https:\/\/www.facebook.com\/La-Sentinelle-104059864394773"]},{"@type":"Person","@id":"https:\/\/lasentinelle.dz\/#\/schema\/person\/d865044e22e70a75174ce8bcad3acfb3","name":"La Sentinelle","image":{"@type":"ImageObject","inLanguage":"fr-FR","@id":"https:\/\/secure.gravatar.com\/avatar\/57de8e5d4b15d43fb361a71fbb36338450fe67865b528a43dd10ef7c51a20392?s=96&d=mm&r=g","url":"https:\/\/secure.gravatar.com\/avatar\/57de8e5d4b15d43fb361a71fbb36338450fe67865b528a43dd10ef7c51a20392?s=96&d=mm&r=g","contentUrl":"https:\/\/secure.gravatar.com\/avatar\/57de8e5d4b15d43fb361a71fbb36338450fe67865b528a43dd10ef7c51a20392?s=96&d=mm&r=g","caption":"La Sentinelle"},"sameAs":["http:\/\/www.lasentinelle.dz"],"url":"https:\/\/lasentinelle.dz\/author\/redaction\/"}]}},"_links":{"self":[{"href":"https:\/\/lasentinelle.dz\/index.php\/wp-json\/wp\/v2\/posts\/50078","targetHints":{"allow":["GET"]}}],"collection":[{"href":"https:\/\/lasentinelle.dz\/index.php\/wp-json\/wp\/v2\/posts"}],"about":[{"href":"https:\/\/lasentinelle.dz\/index.php\/wp-json\/wp\/v2\/types\/post"}],"author":[{"embeddable":true,"href":"https:\/\/lasentinelle.dz\/index.php\/wp-json\/wp\/v2\/users\/3"}],"replies":[{"embeddable":true,"href":"https:\/\/lasentinelle.dz\/index.php\/wp-json\/wp\/v2\/comments?post=50078"}],"version-history":[{"count":1,"href":"https:\/\/lasentinelle.dz\/index.php\/wp-json\/wp\/v2\/posts\/50078\/revisions"}],"predecessor-version":[{"id":50079,"href":"https:\/\/lasentinelle.dz\/index.php\/wp-json\/wp\/v2\/posts\/50078\/revisions\/50079"}],"wp:featuredmedia":[{"embeddable":true,"href":"https:\/\/lasentinelle.dz\/index.php\/wp-json\/wp\/v2\/media\/42426"}],"wp:attachment":[{"href":"https:\/\/lasentinelle.dz\/index.php\/wp-json\/wp\/v2\/media?parent=50078"}],"wp:term":[{"taxonomy":"category","embeddable":true,"href":"https:\/\/lasentinelle.dz\/index.php\/wp-json\/wp\/v2\/categories?post=50078"},{"taxonomy":"post_tag","embeddable":true,"href":"https:\/\/lasentinelle.dz\/index.php\/wp-json\/wp\/v2\/tags?post=50078"}],"curies":[{"name":"wp","href":"https:\/\/api.w.org\/{rel}","templated":true}]}}