{"id":50080,"date":"2024-03-05T13:55:21","date_gmt":"2024-03-05T12:55:21","guid":{"rendered":"https:\/\/lasentinelle.dz\/?p=50080"},"modified":"2024-03-05T13:55:24","modified_gmt":"2024-03-05T12:55:24","slug":"education-nationale-belaabed-insiste-sur-lachevement-des-projets-avant-la-prochaine-rentree-scolaire","status":"publish","type":"post","link":"https:\/\/lasentinelle.dz\/index.php\/2024\/03\/05\/education-nationale-belaabed-insiste-sur-lachevement-des-projets-avant-la-prochaine-rentree-scolaire\/","title":{"rendered":"\u00c9ducation nationale\u00a0: Belaabed insiste sur l\u2019ach\u00e8vement des projets avant la prochaine rentr\u00e9e scolaire"},"content":{"rendered":"\n<p>Le ministre de l\u2019\u00c9ducation nationale, Abdelhakim Belaabed, a fait le constat hier, lors d\u2019une visite de travail \u00e0 B\u00e9ja\u00efa du retard dans l\u2019avancement des projets dans le secteur, appelant \u00e0 l\u2019occasion les acteurs concern\u00e9s \u00e0 tout mettre en \u0153uvre pour achever les projets en cours, que ce soit les nouveaux \u00e9tablissements scolaires devant permettre de rem\u00e9dier au probl\u00e8me de surcharge des classes, ou leurs structures annexes, telles que les cantines scolaires avant la prochaine rentr\u00e9e. Le premier responsable du secteur de l\u2019\u00c9ducation nationale a soulign\u00e9 la n\u00e9cessit\u00e9 d\u2019achever les projets en cours, notamment ceux inh\u00e9rents \u00e0 la r\u00e9alisation des structures p\u00e9dagogiques, avant la prochaine rentr\u00e9e scolaire afin d&rsquo;am\u00e9liorer la qualit\u00e9 de l&rsquo;enseignement. Le ministre a exhort\u00e9 les acteurs concern\u00e9s \u00e0 fournir plus d&rsquo;effort pour mettre en \u0153uvre et achever les programme des r\u00e9alisations des infrastructures scolaires et celles allant de pair avec elles, \u00e0 l\u2019instar des cantines scolaires, avant la prochaine rentr\u00e9e scolaire. Il a soulign\u00e9 l\u2019imp\u00e9ratif de respecter ce d\u00e9lai afin d\u2019assurer une rentr\u00e9e \u00ab\u00a0sereine et ais\u00e9e, autant pour les effectifs scolaires que pour leurs encadrements et par ricochet, se donner toutes les chances d\u2019am\u00e9liorer les niveaux et la qualit\u00e9 de l\u2019enseignement\u00a0\u00bb. L\u2019exp\u00e9rience a montr\u00e9 que nombre de programmes n\u2019avancent pas \u00e0 l\u2019allure voulue pour moult raisons, particuli\u00e8rement pour un d\u00e9ficit de coordination entre diverses instances de d\u00e9cisions locales, et cette situation induit des retards dans la concr\u00e9tisation des projets impactant, dans la foul\u00e9e, la qualit\u00e9 de l\u2019enseignement, selon les explications fournies sur place au ministre par les responsables du secteur. Le ministre a, \u00e0 ce titre, constat\u00e9 de visu la surcharge des classes \u00e0 Bejaia, o\u00f9, parfois et par endroits, on regroupe jusqu&rsquo;\u00e0 40 \u00e9l\u00e8ves par classe. M. Belaabed a tenu, dans ce contexte, \u00e0 souligner \u00ab\u00a0la n\u00e9cessaire coordination\u00a0\u00bb entre les instances agissant autour de ces programmes, notamment la wilaya, la direction de l\u2019\u00e9ducation et celle des Equipements publics, ainsi que les Assembl\u00e9es populaires communales, pour leur donner le coup de fouet salvateur. Durant sa visite \u00e0 Bejaia, le ministre a inaugur\u00e9 deux nouveaux lyc\u00e9es, l\u2019un \u00e0 Tichy l\u2019autre \u00e0 Ighzer Ouzarif, un CEM \u00e0 Boukhlifa et une \u00e9cole primaire \u00e0 Ighzer Ouzarif dans la da\u00efra de Oued Ghir. Il a \u00e9galement pos\u00e9 la premi\u00e8re pierre du projet de construction d\u2019une \u00e9cole primaire dans le quartier p\u00e9riph\u00e9rique de Sidi-Ahmed \u00e0 Bejaia.<\/p>\n\n\n\n<p>R.N.<\/p>\n","protected":false},"excerpt":{"rendered":"<p>Le ministre de l\u2019\u00c9ducation nationale, Abdelhakim Belaabed, a fait le constat hier, lors d\u2019une visite de travail \u00e0 B\u00e9ja\u00efa du<\/p>\n","protected":false},"author":3,"featured_media":19903,"comment_status":"open","ping_status":"closed","sticky":false,"template":"","format":"standard","meta":{"colormag_page_container_layout":"default_layout","colormag_page_sidebar_layout":"default_layout","om_disable_all_campaigns":false,"_monsterinsights_skip_tracking":false,"_monsterinsights_sitenote_active":false,"_monsterinsights_sitenote_note":"","_monsterinsights_sitenote_category":0,"footnotes":"","_wpscppro_dont_share_socialmedia":false,"_wpscppro_custom_social_share_image":0,"_facebook_share_type":"","_twitter_share_type":"","_linkedin_share_type":"","_pinterest_share_type":"","_linkedin_share_type_page":"","_instagram_share_type":"","_medium_share_type":"","_threads_share_type":"","_google_business_share_type":"","_selected_social_profile":[],"_wpsp_enable_custom_social_template":false,"_wpsp_social_scheduling":{"enabled":false,"datetime":null,"platforms":[],"status":"template_only","dateOption":"today","timeOption":"now","customDays":"","customHours":"","customDate":"","customTime":"","schedulingType":"absolute"},"_wpsp_active_default_template":true},"categories":[27],"tags":[],"class_list":["post-50080","post","type-post","status-publish","format-standard","has-post-thumbnail","hentry","category-actualite"],"aioseo_notices":[],"yoast_head":"<!-- This site is optimized with the Yoast SEO plugin v27.5 - https:\/\/yoast.com\/product\/yoast-seo-wordpress\/ -->\n<title>\u00c9ducation nationale\u00a0: Belaabed insiste sur l\u2019ach\u00e8vement des projets avant la prochaine rentr\u00e9e scolaire - La Sentinelle<\/title>\n<meta name=\"robots\" content=\"index, follow, max-snippet:-1, max-image-preview:large, max-video-preview:-1\" \/>\n<link rel=\"canonical\" href=\"https:\/\/lasentinelle.dz\/index.php\/2024\/03\/05\/education-nationale-belaabed-insiste-sur-lachevement-des-projets-avant-la-prochaine-rentree-scolaire\/\" \/>\n<meta property=\"og:locale\" content=\"fr_FR\" \/>\n<meta property=\"og:type\" content=\"article\" \/>\n<meta property=\"og:title\" content=\"\u00c9ducation nationale\u00a0: Belaabed insiste sur l\u2019ach\u00e8vement des projets avant la prochaine rentr\u00e9e scolaire - La Sentinelle\" \/>\n<meta property=\"og:description\" content=\"Le ministre de l\u2019\u00c9ducation nationale, Abdelhakim Belaabed, a fait le constat hier, lors d\u2019une visite de travail \u00e0 B\u00e9ja\u00efa du\" \/>\n<meta property=\"og:url\" content=\"https:\/\/lasentinelle.dz\/index.php\/2024\/03\/05\/education-nationale-belaabed-insiste-sur-lachevement-des-projets-avant-la-prochaine-rentree-scolaire\/\" \/>\n<meta property=\"og:site_name\" content=\"La Sentinelle\" \/>\n<meta property=\"article:publisher\" content=\"https:\/\/www.facebook.com\/La-Sentinelle-104059864394773\" \/>\n<meta property=\"article:published_time\" content=\"2024-03-05T12:55:21+00:00\" \/>\n<meta property=\"article:modified_time\" content=\"2024-03-05T12:55:24+00:00\" \/>\n<meta property=\"og:image\" content=\"https:\/\/lasentinelle.dz\/wp-content\/uploads\/2022\/04\/Abdelhakim-Belabed.png\" \/>\n\t<meta property=\"og:image:width\" content=\"1450\" \/>\n\t<meta property=\"og:image:height\" content=\"900\" \/>\n\t<meta property=\"og:image:type\" content=\"image\/png\" \/>\n<meta name=\"author\" content=\"La Sentinelle\" \/>\n<meta name=\"twitter:card\" content=\"summary_large_image\" \/>\n<meta name=\"twitter:label1\" content=\"\u00c9crit par\" \/>\n\t<meta name=\"twitter:data1\" content=\"La Sentinelle\" \/>\n\t<meta name=\"twitter:label2\" content=\"Dur\u00e9e de lecture estim\u00e9e\" \/>\n\t<meta name=\"twitter:data2\" content=\"3 minutes\" \/>\n<script type=\"application\/ld+json\" class=\"yoast-schema-graph\">{\"@context\":\"https:\\\/\\\/schema.org\",\"@graph\":[{\"@type\":\"Article\",\"@id\":\"https:\\\/\\\/lasentinelle.dz\\\/index.php\\\/2024\\\/03\\\/05\\\/education-nationale-belaabed-insiste-sur-lachevement-des-projets-avant-la-prochaine-rentree-scolaire\\\/#article\",\"isPartOf\":{\"@id\":\"https:\\\/\\\/lasentinelle.dz\\\/index.php\\\/2024\\\/03\\\/05\\\/education-nationale-belaabed-insiste-sur-lachevement-des-projets-avant-la-prochaine-rentree-scolaire\\\/\"},\"author\":{\"name\":\"La Sentinelle\",\"@id\":\"https:\\\/\\\/lasentinelle.dz\\\/#\\\/schema\\\/person\\\/d865044e22e70a75174ce8bcad3acfb3\"},\"headline\":\"\u00c9ducation nationale\u00a0: Belaabed insiste sur l\u2019ach\u00e8vement des projets avant la prochaine rentr\u00e9e scolaire\",\"datePublished\":\"2024-03-05T12:55:21+00:00\",\"dateModified\":\"2024-03-05T12:55:24+00:00\",\"mainEntityOfPage\":{\"@id\":\"https:\\\/\\\/lasentinelle.dz\\\/index.php\\\/2024\\\/03\\\/05\\\/education-nationale-belaabed-insiste-sur-lachevement-des-projets-avant-la-prochaine-rentree-scolaire\\\/\"},\"wordCount\":440,\"commentCount\":0,\"publisher\":{\"@id\":\"https:\\\/\\\/lasentinelle.dz\\\/#organization\"},\"image\":{\"@id\":\"https:\\\/\\\/lasentinelle.dz\\\/index.php\\\/2024\\\/03\\\/05\\\/education-nationale-belaabed-insiste-sur-lachevement-des-projets-avant-la-prochaine-rentree-scolaire\\\/#primaryimage\"},\"thumbnailUrl\":\"https:\\\/\\\/lasentinelle.dz\\\/wp-content\\\/uploads\\\/2022\\\/04\\\/Abdelhakim-Belabed.png\",\"articleSection\":[\"Actualit\u00e9\"],\"inLanguage\":\"fr-FR\",\"potentialAction\":[{\"@type\":\"CommentAction\",\"name\":\"Comment\",\"target\":[\"https:\\\/\\\/lasentinelle.dz\\\/index.php\\\/2024\\\/03\\\/05\\\/education-nationale-belaabed-insiste-sur-lachevement-des-projets-avant-la-prochaine-rentree-scolaire\\\/#respond\"]}]},{\"@type\":\"WebPage\",\"@id\":\"https:\\\/\\\/lasentinelle.dz\\\/index.php\\\/2024\\\/03\\\/05\\\/education-nationale-belaabed-insiste-sur-lachevement-des-projets-avant-la-prochaine-rentree-scolaire\\\/\",\"url\":\"https:\\\/\\\/lasentinelle.dz\\\/index.php\\\/2024\\\/03\\\/05\\\/education-nationale-belaabed-insiste-sur-lachevement-des-projets-avant-la-prochaine-rentree-scolaire\\\/\",\"name\":\"\u00c9ducation nationale\u00a0: Belaabed insiste sur l\u2019ach\u00e8vement des projets avant la prochaine rentr\u00e9e scolaire - La Sentinelle\",\"isPartOf\":{\"@id\":\"https:\\\/\\\/lasentinelle.dz\\\/#website\"},\"primaryImageOfPage\":{\"@id\":\"https:\\\/\\\/lasentinelle.dz\\\/index.php\\\/2024\\\/03\\\/05\\\/education-nationale-belaabed-insiste-sur-lachevement-des-projets-avant-la-prochaine-rentree-scolaire\\\/#primaryimage\"},\"image\":{\"@id\":\"https:\\\/\\\/lasentinelle.dz\\\/index.php\\\/2024\\\/03\\\/05\\\/education-nationale-belaabed-insiste-sur-lachevement-des-projets-avant-la-prochaine-rentree-scolaire\\\/#primaryimage\"},\"thumbnailUrl\":\"https:\\\/\\\/lasentinelle.dz\\\/wp-content\\\/uploads\\\/2022\\\/04\\\/Abdelhakim-Belabed.png\",\"datePublished\":\"2024-03-05T12:55:21+00:00\",\"dateModified\":\"2024-03-05T12:55:24+00:00\",\"breadcrumb\":{\"@id\":\"https:\\\/\\\/lasentinelle.dz\\\/index.php\\\/2024\\\/03\\\/05\\\/education-nationale-belaabed-insiste-sur-lachevement-des-projets-avant-la-prochaine-rentree-scolaire\\\/#breadcrumb\"},\"inLanguage\":\"fr-FR\",\"potentialAction\":[{\"@type\":\"ReadAction\",\"target\":[\"https:\\\/\\\/lasentinelle.dz\\\/index.php\\\/2024\\\/03\\\/05\\\/education-nationale-belaabed-insiste-sur-lachevement-des-projets-avant-la-prochaine-rentree-scolaire\\\/\"]}]},{\"@type\":\"ImageObject\",\"inLanguage\":\"fr-FR\",\"@id\":\"https:\\\/\\\/lasentinelle.dz\\\/index.php\\\/2024\\\/03\\\/05\\\/education-nationale-belaabed-insiste-sur-lachevement-des-projets-avant-la-prochaine-rentree-scolaire\\\/#primaryimage\",\"url\":\"https:\\\/\\\/lasentinelle.dz\\\/wp-content\\\/uploads\\\/2022\\\/04\\\/Abdelhakim-Belabed.png\",\"contentUrl\":\"https:\\\/\\\/lasentinelle.dz\\\/wp-content\\\/uploads\\\/2022\\\/04\\\/Abdelhakim-Belabed.png\",\"width\":1450,\"height\":900},{\"@type\":\"BreadcrumbList\",\"@id\":\"https:\\\/\\\/lasentinelle.dz\\\/index.php\\\/2024\\\/03\\\/05\\\/education-nationale-belaabed-insiste-sur-lachevement-des-projets-avant-la-prochaine-rentree-scolaire\\\/#breadcrumb\",\"itemListElement\":[{\"@type\":\"ListItem\",\"position\":1,\"name\":\"Accueil\",\"item\":\"https:\\\/\\\/lasentinelle.dz\\\/\"},{\"@type\":\"ListItem\",\"position\":2,\"name\":\"\u00c9ducation nationale\u00a0: Belaabed insiste sur l\u2019ach\u00e8vement des projets avant la prochaine rentr\u00e9e scolaire\"}]},{\"@type\":\"WebSite\",\"@id\":\"https:\\\/\\\/lasentinelle.dz\\\/#website\",\"url\":\"https:\\\/\\\/lasentinelle.dz\\\/\",\"name\":\"La Sentinelle\",\"description\":\"Quotidien national d&#039;information\",\"publisher\":{\"@id\":\"https:\\\/\\\/lasentinelle.dz\\\/#organization\"},\"potentialAction\":[{\"@type\":\"SearchAction\",\"target\":{\"@type\":\"EntryPoint\",\"urlTemplate\":\"https:\\\/\\\/lasentinelle.dz\\\/?s={search_term_string}\"},\"query-input\":{\"@type\":\"PropertyValueSpecification\",\"valueRequired\":true,\"valueName\":\"search_term_string\"}}],\"inLanguage\":\"fr-FR\"},{\"@type\":\"Organization\",\"@id\":\"https:\\\/\\\/lasentinelle.dz\\\/#organization\",\"name\":\"Quotidien La Sentinelle\",\"url\":\"https:\\\/\\\/lasentinelle.dz\\\/\",\"logo\":{\"@type\":\"ImageObject\",\"inLanguage\":\"fr-FR\",\"@id\":\"https:\\\/\\\/lasentinelle.dz\\\/#\\\/schema\\\/logo\\\/image\\\/\",\"url\":\"https:\\\/\\\/lasentinelle.dz\\\/wp-content\\\/uploads\\\/2021\\\/09\\\/logo-sentinelleSLOGAN-1.png\",\"contentUrl\":\"https:\\\/\\\/lasentinelle.dz\\\/wp-content\\\/uploads\\\/2021\\\/09\\\/logo-sentinelleSLOGAN-1.png\",\"width\":615,\"height\":142,\"caption\":\"Quotidien La Sentinelle\"},\"image\":{\"@id\":\"https:\\\/\\\/lasentinelle.dz\\\/#\\\/schema\\\/logo\\\/image\\\/\"},\"sameAs\":[\"https:\\\/\\\/www.facebook.com\\\/La-Sentinelle-104059864394773\"]},{\"@type\":\"Person\",\"@id\":\"https:\\\/\\\/lasentinelle.dz\\\/#\\\/schema\\\/person\\\/d865044e22e70a75174ce8bcad3acfb3\",\"name\":\"La Sentinelle\",\"image\":{\"@type\":\"ImageObject\",\"inLanguage\":\"fr-FR\",\"@id\":\"https:\\\/\\\/secure.gravatar.com\\\/avatar\\\/57de8e5d4b15d43fb361a71fbb36338450fe67865b528a43dd10ef7c51a20392?s=96&d=mm&r=g\",\"url\":\"https:\\\/\\\/secure.gravatar.com\\\/avatar\\\/57de8e5d4b15d43fb361a71fbb36338450fe67865b528a43dd10ef7c51a20392?s=96&d=mm&r=g\",\"contentUrl\":\"https:\\\/\\\/secure.gravatar.com\\\/avatar\\\/57de8e5d4b15d43fb361a71fbb36338450fe67865b528a43dd10ef7c51a20392?s=96&d=mm&r=g\",\"caption\":\"La Sentinelle\"},\"sameAs\":[\"http:\\\/\\\/www.lasentinelle.dz\"],\"url\":\"https:\\\/\\\/lasentinelle.dz\\\/author\\\/redaction\\\/\"}]}<\/script>\n<!-- \/ Yoast SEO plugin. -->","yoast_head_json":{"title":"\u00c9ducation nationale\u00a0: Belaabed insiste sur l\u2019ach\u00e8vement des projets avant la prochaine rentr\u00e9e scolaire - La Sentinelle","robots":{"index":"index","follow":"follow","max-snippet":"max-snippet:-1","max-image-preview":"max-image-preview:large","max-video-preview":"max-video-preview:-1"},"canonical":"https:\/\/lasentinelle.dz\/index.php\/2024\/03\/05\/education-nationale-belaabed-insiste-sur-lachevement-des-projets-avant-la-prochaine-rentree-scolaire\/","og_locale":"fr_FR","og_type":"article","og_title":"\u00c9ducation nationale\u00a0: Belaabed insiste sur l\u2019ach\u00e8vement des projets avant la prochaine rentr\u00e9e scolaire - La Sentinelle","og_description":"Le ministre de l\u2019\u00c9ducation nationale, Abdelhakim Belaabed, a fait le constat hier, lors d\u2019une visite de travail \u00e0 B\u00e9ja\u00efa du","og_url":"https:\/\/lasentinelle.dz\/index.php\/2024\/03\/05\/education-nationale-belaabed-insiste-sur-lachevement-des-projets-avant-la-prochaine-rentree-scolaire\/","og_site_name":"La Sentinelle","article_publisher":"https:\/\/www.facebook.com\/La-Sentinelle-104059864394773","article_published_time":"2024-03-05T12:55:21+00:00","article_modified_time":"2024-03-05T12:55:24+00:00","og_image":[{"width":1450,"height":900,"url":"https:\/\/lasentinelle.dz\/wp-content\/uploads\/2022\/04\/Abdelhakim-Belabed.png","type":"image\/png"}],"author":"La Sentinelle","twitter_card":"summary_large_image","twitter_misc":{"\u00c9crit par":"La Sentinelle","Dur\u00e9e de lecture estim\u00e9e":"3 minutes"},"schema":{"@context":"https:\/\/schema.org","@graph":[{"@type":"Article","@id":"https:\/\/lasentinelle.dz\/index.php\/2024\/03\/05\/education-nationale-belaabed-insiste-sur-lachevement-des-projets-avant-la-prochaine-rentree-scolaire\/#article","isPartOf":{"@id":"https:\/\/lasentinelle.dz\/index.php\/2024\/03\/05\/education-nationale-belaabed-insiste-sur-lachevement-des-projets-avant-la-prochaine-rentree-scolaire\/"},"author":{"name":"La Sentinelle","@id":"https:\/\/lasentinelle.dz\/#\/schema\/person\/d865044e22e70a75174ce8bcad3acfb3"},"headline":"\u00c9ducation nationale\u00a0: Belaabed insiste sur l\u2019ach\u00e8vement des projets avant la prochaine rentr\u00e9e scolaire","datePublished":"2024-03-05T12:55:21+00:00","dateModified":"2024-03-05T12:55:24+00:00","mainEntityOfPage":{"@id":"https:\/\/lasentinelle.dz\/index.php\/2024\/03\/05\/education-nationale-belaabed-insiste-sur-lachevement-des-projets-avant-la-prochaine-rentree-scolaire\/"},"wordCount":440,"commentCount":0,"publisher":{"@id":"https:\/\/lasentinelle.dz\/#organization"},"image":{"@id":"https:\/\/lasentinelle.dz\/index.php\/2024\/03\/05\/education-nationale-belaabed-insiste-sur-lachevement-des-projets-avant-la-prochaine-rentree-scolaire\/#primaryimage"},"thumbnailUrl":"https:\/\/lasentinelle.dz\/wp-content\/uploads\/2022\/04\/Abdelhakim-Belabed.png","articleSection":["Actualit\u00e9"],"inLanguage":"fr-FR","potentialAction":[{"@type":"CommentAction","name":"Comment","target":["https:\/\/lasentinelle.dz\/index.php\/2024\/03\/05\/education-nationale-belaabed-insiste-sur-lachevement-des-projets-avant-la-prochaine-rentree-scolaire\/#respond"]}]},{"@type":"WebPage","@id":"https:\/\/lasentinelle.dz\/index.php\/2024\/03\/05\/education-nationale-belaabed-insiste-sur-lachevement-des-projets-avant-la-prochaine-rentree-scolaire\/","url":"https:\/\/lasentinelle.dz\/index.php\/2024\/03\/05\/education-nationale-belaabed-insiste-sur-lachevement-des-projets-avant-la-prochaine-rentree-scolaire\/","name":"\u00c9ducation nationale\u00a0: Belaabed insiste sur l\u2019ach\u00e8vement des projets avant la prochaine rentr\u00e9e scolaire - La Sentinelle","isPartOf":{"@id":"https:\/\/lasentinelle.dz\/#website"},"primaryImageOfPage":{"@id":"https:\/\/lasentinelle.dz\/index.php\/2024\/03\/05\/education-nationale-belaabed-insiste-sur-lachevement-des-projets-avant-la-prochaine-rentree-scolaire\/#primaryimage"},"image":{"@id":"https:\/\/lasentinelle.dz\/index.php\/2024\/03\/05\/education-nationale-belaabed-insiste-sur-lachevement-des-projets-avant-la-prochaine-rentree-scolaire\/#primaryimage"},"thumbnailUrl":"https:\/\/lasentinelle.dz\/wp-content\/uploads\/2022\/04\/Abdelhakim-Belabed.png","datePublished":"2024-03-05T12:55:21+00:00","dateModified":"2024-03-05T12:55:24+00:00","breadcrumb":{"@id":"https:\/\/lasentinelle.dz\/index.php\/2024\/03\/05\/education-nationale-belaabed-insiste-sur-lachevement-des-projets-avant-la-prochaine-rentree-scolaire\/#breadcrumb"},"inLanguage":"fr-FR","potentialAction":[{"@type":"ReadAction","target":["https:\/\/lasentinelle.dz\/index.php\/2024\/03\/05\/education-nationale-belaabed-insiste-sur-lachevement-des-projets-avant-la-prochaine-rentree-scolaire\/"]}]},{"@type":"ImageObject","inLanguage":"fr-FR","@id":"https:\/\/lasentinelle.dz\/index.php\/2024\/03\/05\/education-nationale-belaabed-insiste-sur-lachevement-des-projets-avant-la-prochaine-rentree-scolaire\/#primaryimage","url":"https:\/\/lasentinelle.dz\/wp-content\/uploads\/2022\/04\/Abdelhakim-Belabed.png","contentUrl":"https:\/\/lasentinelle.dz\/wp-content\/uploads\/2022\/04\/Abdelhakim-Belabed.png","width":1450,"height":900},{"@type":"BreadcrumbList","@id":"https:\/\/lasentinelle.dz\/index.php\/2024\/03\/05\/education-nationale-belaabed-insiste-sur-lachevement-des-projets-avant-la-prochaine-rentree-scolaire\/#breadcrumb","itemListElement":[{"@type":"ListItem","position":1,"name":"Accueil","item":"https:\/\/lasentinelle.dz\/"},{"@type":"ListItem","position":2,"name":"\u00c9ducation nationale\u00a0: Belaabed insiste sur l\u2019ach\u00e8vement des projets avant la prochaine rentr\u00e9e scolaire"}]},{"@type":"WebSite","@id":"https:\/\/lasentinelle.dz\/#website","url":"https:\/\/lasentinelle.dz\/","name":"La Sentinelle","description":"Quotidien national d&#039;information","publisher":{"@id":"https:\/\/lasentinelle.dz\/#organization"},"potentialAction":[{"@type":"SearchAction","target":{"@type":"EntryPoint","urlTemplate":"https:\/\/lasentinelle.dz\/?s={search_term_string}"},"query-input":{"@type":"PropertyValueSpecification","valueRequired":true,"valueName":"search_term_string"}}],"inLanguage":"fr-FR"},{"@type":"Organization","@id":"https:\/\/lasentinelle.dz\/#organization","name":"Quotidien La Sentinelle","url":"https:\/\/lasentinelle.dz\/","logo":{"@type":"ImageObject","inLanguage":"fr-FR","@id":"https:\/\/lasentinelle.dz\/#\/schema\/logo\/image\/","url":"https:\/\/lasentinelle.dz\/wp-content\/uploads\/2021\/09\/logo-sentinelleSLOGAN-1.png","contentUrl":"https:\/\/lasentinelle.dz\/wp-content\/uploads\/2021\/09\/logo-sentinelleSLOGAN-1.png","width":615,"height":142,"caption":"Quotidien La Sentinelle"},"image":{"@id":"https:\/\/lasentinelle.dz\/#\/schema\/logo\/image\/"},"sameAs":["https:\/\/www.facebook.com\/La-Sentinelle-104059864394773"]},{"@type":"Person","@id":"https:\/\/lasentinelle.dz\/#\/schema\/person\/d865044e22e70a75174ce8bcad3acfb3","name":"La Sentinelle","image":{"@type":"ImageObject","inLanguage":"fr-FR","@id":"https:\/\/secure.gravatar.com\/avatar\/57de8e5d4b15d43fb361a71fbb36338450fe67865b528a43dd10ef7c51a20392?s=96&d=mm&r=g","url":"https:\/\/secure.gravatar.com\/avatar\/57de8e5d4b15d43fb361a71fbb36338450fe67865b528a43dd10ef7c51a20392?s=96&d=mm&r=g","contentUrl":"https:\/\/secure.gravatar.com\/avatar\/57de8e5d4b15d43fb361a71fbb36338450fe67865b528a43dd10ef7c51a20392?s=96&d=mm&r=g","caption":"La Sentinelle"},"sameAs":["http:\/\/www.lasentinelle.dz"],"url":"https:\/\/lasentinelle.dz\/author\/redaction\/"}]}},"_links":{"self":[{"href":"https:\/\/lasentinelle.dz\/index.php\/wp-json\/wp\/v2\/posts\/50080","targetHints":{"allow":["GET"]}}],"collection":[{"href":"https:\/\/lasentinelle.dz\/index.php\/wp-json\/wp\/v2\/posts"}],"about":[{"href":"https:\/\/lasentinelle.dz\/index.php\/wp-json\/wp\/v2\/types\/post"}],"author":[{"embeddable":true,"href":"https:\/\/lasentinelle.dz\/index.php\/wp-json\/wp\/v2\/users\/3"}],"replies":[{"embeddable":true,"href":"https:\/\/lasentinelle.dz\/index.php\/wp-json\/wp\/v2\/comments?post=50080"}],"version-history":[{"count":1,"href":"https:\/\/lasentinelle.dz\/index.php\/wp-json\/wp\/v2\/posts\/50080\/revisions"}],"predecessor-version":[{"id":50081,"href":"https:\/\/lasentinelle.dz\/index.php\/wp-json\/wp\/v2\/posts\/50080\/revisions\/50081"}],"wp:featuredmedia":[{"embeddable":true,"href":"https:\/\/lasentinelle.dz\/index.php\/wp-json\/wp\/v2\/media\/19903"}],"wp:attachment":[{"href":"https:\/\/lasentinelle.dz\/index.php\/wp-json\/wp\/v2\/media?parent=50080"}],"wp:term":[{"taxonomy":"category","embeddable":true,"href":"https:\/\/lasentinelle.dz\/index.php\/wp-json\/wp\/v2\/categories?post=50080"},{"taxonomy":"post_tag","embeddable":true,"href":"https:\/\/lasentinelle.dz\/index.php\/wp-json\/wp\/v2\/tags?post=50080"}],"curies":[{"name":"wp","href":"https:\/\/api.w.org\/{rel}","templated":true}]}}