{"id":50120,"date":"2024-03-06T14:08:24","date_gmt":"2024-03-06T13:08:24","guid":{"rendered":"https:\/\/lasentinelle.dz\/?p=50120"},"modified":"2024-03-06T14:08:28","modified_gmt":"2024-03-06T13:08:28","slug":"lutte-contre-la-corruption-le-renforcement-de-la-coordination-africaine-en-question","status":"publish","type":"post","link":"https:\/\/lasentinelle.dz\/index.php\/2024\/03\/06\/lutte-contre-la-corruption-le-renforcement-de-la-coordination-africaine-en-question\/","title":{"rendered":"Lutte contre la corruption\u00a0: Le renforcement de la coordination africaine en question"},"content":{"rendered":"\n<p>La pr\u00e9sidente de la Haute autorit\u00e9 de transparence, de pr\u00e9vention et de lutte contre la corruption, Salima Mousserati a mis en avant, hier \u00e0 Alger, l&rsquo;importance de la coordination et de la coop\u00e9ration entre les pays africains en mati\u00e8re de lutte contre la corruption et de renforcement de l&rsquo;action commune entre ses diff\u00e9rentes instances. Dans son allocution \u00e0 l&rsquo;ouverture des travaux de la 12e r\u00e9union du Comit\u00e9ex\u00e9cutif de l&rsquo;Association des autorit\u00e9s anti-corruption d&rsquo;Afrique, &nbsp;Salima Mousserati, a fait savoir que l&rsquo;accueil de cette session par l&rsquo;Alg\u00e9rie \u00ab\u00a0t\u00e9moigne de sa d\u00e9termination \u00e0 lutter contre la corruption \u00e0 travers l&rsquo;exploitation des diff\u00e9rents canaux et m\u00e9canismes mis en place \u00e0 cet effet, d&rsquo;autant que la lutte contre ce ph\u00e9nom\u00e8ne exige la promotion de la coordination et de la coop\u00e9ration r\u00e9gionale et internationales\u00a0\u00bb. \u00ab\u00a0La premi\u00e8re strat\u00e9gie nationale de transparence, de pr\u00e9vention et de lutte contre la corruption a \u00e9t\u00e9 lanc\u00e9e le 15 juillet 2023, sous le haut patronage du pr\u00e9sident de la R\u00e9publique, M. Abdelmadjid Tebboune. Elle se veut une ligne directrice et un support pour l&rsquo;\u00e9laboration de plans sectoriels et de programmes op\u00e9rationnels, selon des indicateurs mesurables pour la p\u00e9riode 2023-2027\u00a0\u00bb, a-t-elle expliqu\u00e9. En parall\u00e8le, l&rsquo;Autorit\u00e9 \u00ab\u00a0\u0153uvre \u00e0 l&rsquo;\u00e9laboration de plans sectoriels pour la mise en \u0153uvre de cette strat\u00e9gie dans le cadre des objectifs de d\u00e9veloppement durable (ODD)\u00a0\u00bb, a ajout\u00e9 la m\u00eame responsable. Elle a \u00e9galement rappel\u00e9 \u00ab\u00a0la mise en place de mod\u00e8les op\u00e9rationnels en vue d&rsquo;activer les mesures devant renforcer la transparence, la pr\u00e9vention et la lutte contre la corruption, en particulier l&rsquo;indice d&rsquo;efficience (int\u00e9grit\u00e9) et le R\u00e9seau alg\u00e9rien pour transparence (Narakom) pour suivre la mise en \u0153uvre de la strat\u00e9gie nationale et encourager la participation de la soci\u00e9t\u00e9 civile et des m\u00e9dias dans la pr\u00e9vention et la lutte contre la corruption\u00a0\u00bb.<\/p>\n\n\n\n<p>Mme Mousserati \u00e9galeme,nt a soulign\u00e9 \u00ab\u00a0l&rsquo;importance de la tenue de telles rencontres et conf\u00e9rences dans le renforcement de la coordination, de la concertation et de la coop\u00e9ration entre pays africains\u00a0\u00bb, dans l&rsquo;objectif d&rsquo;atteindre \u00ab\u00a0les plus hauts indicateurs de performance, en vue de r\u00e9aliser la prosp\u00e9rit\u00e9, le progr\u00e8s et le bien-\u00eatre pour nos soci\u00e9t\u00e9s, au regard des ressources humaines et mat\u00e9rielles diverses dont elles disposent\u00a0\u00bb. &nbsp;De son c\u00f4t\u00e9, la directrice g\u00e9n\u00e9rale du D\u00e9partement Afrique au minist\u00e8re des Affaires \u00e9trang\u00e8res et de la Communaut\u00e9 nationale \u00e0 l&rsquo;\u00e9tranger, Selma Malika Haddadi a \u00e9voqu\u00e9 \u00ab\u00a0les effets n\u00e9fastes de la corruption, sous toutes ses formes, sur le continent africain et sur son d\u00e9veloppement socio-\u00e9conomique\u00a0\u00bb, relevant que ce ph\u00e9nom\u00e8ne constitue \u00ab\u00a0un des principaux obstacles qui emp\u00eachent la r\u00e9alisation par le continent noir de ses objectifs de d\u00e9veloppement, de prosp\u00e9rit\u00e9 et de stabilit\u00e9\u00a0\u00bb, et ce \u00ab\u00a0en an\u00e9antissant les principaux fondements pour l&rsquo;\u00e9dification d&rsquo;un Etat fort\u00a0\u00bb. &nbsp;A cet effet, a-t-elle ajout\u00e9, l&rsquo;Alg\u00e9rie \u00ab\u00a0a \u00e9t\u00e9 parmi les premiers pays ayant ratifi\u00e9 la convention de l&rsquo;UA sur la pr\u00e9vention et la lutte contre la corruption dans le cadre de son engagement total \u00e0 contribuer \u00e0 tous les programmes et plans continentaux visant \u00e0 lutter contre le fl\u00e9au de la corruption qui mine la vie de millions d&rsquo;Africains affect\u00e9s\u00a0\u00bb, rappelant \u00ab\u00a0les mesures et les dispositions relatives \u00e0 la pr\u00e9vention et \u00e0 la lutte contre la corruption pr\u00e9vues par la Constitution de 2020, visant \u00e0 prot\u00e9ger l&rsquo;\u00e9conomie nationale contre toutes formes de manipulation et \u00e0 relancer le r\u00f4le de la soci\u00e9t\u00e9 civile dans la gestion des affaires publiques\u00a0\u00bb.<\/p>\n\n\n\n<p>R.N.<\/p>\n","protected":false},"excerpt":{"rendered":"<p>La pr\u00e9sidente de la Haute autorit\u00e9 de transparence, de pr\u00e9vention et de lutte contre la corruption, Salima Mousserati a mis<\/p>\n","protected":false},"author":3,"featured_media":14471,"comment_status":"open","ping_status":"closed","sticky":false,"template":"","format":"standard","meta":{"colormag_page_container_layout":"default_layout","colormag_page_sidebar_layout":"default_layout","om_disable_all_campaigns":false,"_monsterinsights_skip_tracking":false,"_monsterinsights_sitenote_active":false,"_monsterinsights_sitenote_note":"","_monsterinsights_sitenote_category":0,"footnotes":"","_wpscppro_dont_share_socialmedia":false,"_wpscppro_custom_social_share_image":0,"_facebook_share_type":"","_twitter_share_type":"","_linkedin_share_type":"","_pinterest_share_type":"","_linkedin_share_type_page":"","_instagram_share_type":"","_medium_share_type":"","_threads_share_type":"","_google_business_share_type":"","_selected_social_profile":[],"_wpsp_enable_custom_social_template":false,"_wpsp_social_scheduling":{"enabled":false,"datetime":null,"platforms":[],"status":"template_only","dateOption":"today","timeOption":"now","customDays":"","customHours":"","customDate":"","customTime":"","schedulingType":"absolute"},"_wpsp_active_default_template":true},"categories":[27],"tags":[],"class_list":["post-50120","post","type-post","status-publish","format-standard","has-post-thumbnail","hentry","category-actualite"],"aioseo_notices":[],"yoast_head":"<!-- This site is optimized with the Yoast SEO plugin v27.5 - https:\/\/yoast.com\/product\/yoast-seo-wordpress\/ -->\n<title>Lutte contre la corruption\u00a0: Le renforcement de la coordination africaine en question - La Sentinelle<\/title>\n<meta name=\"robots\" content=\"index, follow, max-snippet:-1, max-image-preview:large, max-video-preview:-1\" \/>\n<link rel=\"canonical\" href=\"https:\/\/lasentinelle.dz\/index.php\/2024\/03\/06\/lutte-contre-la-corruption-le-renforcement-de-la-coordination-africaine-en-question\/\" \/>\n<meta property=\"og:locale\" content=\"fr_FR\" \/>\n<meta property=\"og:type\" content=\"article\" \/>\n<meta property=\"og:title\" content=\"Lutte contre la corruption\u00a0: Le renforcement de la coordination africaine en question - La Sentinelle\" \/>\n<meta property=\"og:description\" content=\"La pr\u00e9sidente de la Haute autorit\u00e9 de transparence, de pr\u00e9vention et de lutte contre la corruption, Salima Mousserati a mis\" \/>\n<meta property=\"og:url\" content=\"https:\/\/lasentinelle.dz\/index.php\/2024\/03\/06\/lutte-contre-la-corruption-le-renforcement-de-la-coordination-africaine-en-question\/\" \/>\n<meta property=\"og:site_name\" content=\"La Sentinelle\" \/>\n<meta property=\"article:publisher\" content=\"https:\/\/www.facebook.com\/La-Sentinelle-104059864394773\" \/>\n<meta property=\"article:published_time\" content=\"2024-03-06T13:08:24+00:00\" \/>\n<meta property=\"article:modified_time\" content=\"2024-03-06T13:08:28+00:00\" \/>\n<meta property=\"og:image\" content=\"https:\/\/lasentinelle.dz\/wp-content\/uploads\/2021\/12\/stop_corruption.png\" \/>\n\t<meta property=\"og:image:width\" content=\"781\" \/>\n\t<meta property=\"og:image:height\" content=\"900\" \/>\n\t<meta property=\"og:image:type\" content=\"image\/png\" \/>\n<meta name=\"author\" content=\"La Sentinelle\" \/>\n<meta name=\"twitter:card\" content=\"summary_large_image\" \/>\n<meta name=\"twitter:label1\" content=\"\u00c9crit par\" \/>\n\t<meta name=\"twitter:data1\" content=\"La Sentinelle\" \/>\n\t<meta name=\"twitter:label2\" content=\"Dur\u00e9e de lecture estim\u00e9e\" \/>\n\t<meta name=\"twitter:data2\" content=\"4 minutes\" \/>\n<script type=\"application\/ld+json\" class=\"yoast-schema-graph\">{\"@context\":\"https:\\\/\\\/schema.org\",\"@graph\":[{\"@type\":\"Article\",\"@id\":\"https:\\\/\\\/lasentinelle.dz\\\/index.php\\\/2024\\\/03\\\/06\\\/lutte-contre-la-corruption-le-renforcement-de-la-coordination-africaine-en-question\\\/#article\",\"isPartOf\":{\"@id\":\"https:\\\/\\\/lasentinelle.dz\\\/index.php\\\/2024\\\/03\\\/06\\\/lutte-contre-la-corruption-le-renforcement-de-la-coordination-africaine-en-question\\\/\"},\"author\":{\"name\":\"La Sentinelle\",\"@id\":\"https:\\\/\\\/lasentinelle.dz\\\/#\\\/schema\\\/person\\\/d865044e22e70a75174ce8bcad3acfb3\"},\"headline\":\"Lutte contre la corruption\u00a0: Le renforcement de la coordination africaine en question\",\"datePublished\":\"2024-03-06T13:08:24+00:00\",\"dateModified\":\"2024-03-06T13:08:28+00:00\",\"mainEntityOfPage\":{\"@id\":\"https:\\\/\\\/lasentinelle.dz\\\/index.php\\\/2024\\\/03\\\/06\\\/lutte-contre-la-corruption-le-renforcement-de-la-coordination-africaine-en-question\\\/\"},\"wordCount\":646,\"commentCount\":0,\"publisher\":{\"@id\":\"https:\\\/\\\/lasentinelle.dz\\\/#organization\"},\"image\":{\"@id\":\"https:\\\/\\\/lasentinelle.dz\\\/index.php\\\/2024\\\/03\\\/06\\\/lutte-contre-la-corruption-le-renforcement-de-la-coordination-africaine-en-question\\\/#primaryimage\"},\"thumbnailUrl\":\"https:\\\/\\\/lasentinelle.dz\\\/wp-content\\\/uploads\\\/2021\\\/12\\\/stop_corruption.png\",\"articleSection\":[\"Actualit\u00e9\"],\"inLanguage\":\"fr-FR\",\"potentialAction\":[{\"@type\":\"CommentAction\",\"name\":\"Comment\",\"target\":[\"https:\\\/\\\/lasentinelle.dz\\\/index.php\\\/2024\\\/03\\\/06\\\/lutte-contre-la-corruption-le-renforcement-de-la-coordination-africaine-en-question\\\/#respond\"]}]},{\"@type\":\"WebPage\",\"@id\":\"https:\\\/\\\/lasentinelle.dz\\\/index.php\\\/2024\\\/03\\\/06\\\/lutte-contre-la-corruption-le-renforcement-de-la-coordination-africaine-en-question\\\/\",\"url\":\"https:\\\/\\\/lasentinelle.dz\\\/index.php\\\/2024\\\/03\\\/06\\\/lutte-contre-la-corruption-le-renforcement-de-la-coordination-africaine-en-question\\\/\",\"name\":\"Lutte contre la corruption\u00a0: Le renforcement de la coordination africaine en question - La Sentinelle\",\"isPartOf\":{\"@id\":\"https:\\\/\\\/lasentinelle.dz\\\/#website\"},\"primaryImageOfPage\":{\"@id\":\"https:\\\/\\\/lasentinelle.dz\\\/index.php\\\/2024\\\/03\\\/06\\\/lutte-contre-la-corruption-le-renforcement-de-la-coordination-africaine-en-question\\\/#primaryimage\"},\"image\":{\"@id\":\"https:\\\/\\\/lasentinelle.dz\\\/index.php\\\/2024\\\/03\\\/06\\\/lutte-contre-la-corruption-le-renforcement-de-la-coordination-africaine-en-question\\\/#primaryimage\"},\"thumbnailUrl\":\"https:\\\/\\\/lasentinelle.dz\\\/wp-content\\\/uploads\\\/2021\\\/12\\\/stop_corruption.png\",\"datePublished\":\"2024-03-06T13:08:24+00:00\",\"dateModified\":\"2024-03-06T13:08:28+00:00\",\"breadcrumb\":{\"@id\":\"https:\\\/\\\/lasentinelle.dz\\\/index.php\\\/2024\\\/03\\\/06\\\/lutte-contre-la-corruption-le-renforcement-de-la-coordination-africaine-en-question\\\/#breadcrumb\"},\"inLanguage\":\"fr-FR\",\"potentialAction\":[{\"@type\":\"ReadAction\",\"target\":[\"https:\\\/\\\/lasentinelle.dz\\\/index.php\\\/2024\\\/03\\\/06\\\/lutte-contre-la-corruption-le-renforcement-de-la-coordination-africaine-en-question\\\/\"]}]},{\"@type\":\"ImageObject\",\"inLanguage\":\"fr-FR\",\"@id\":\"https:\\\/\\\/lasentinelle.dz\\\/index.php\\\/2024\\\/03\\\/06\\\/lutte-contre-la-corruption-le-renforcement-de-la-coordination-africaine-en-question\\\/#primaryimage\",\"url\":\"https:\\\/\\\/lasentinelle.dz\\\/wp-content\\\/uploads\\\/2021\\\/12\\\/stop_corruption.png\",\"contentUrl\":\"https:\\\/\\\/lasentinelle.dz\\\/wp-content\\\/uploads\\\/2021\\\/12\\\/stop_corruption.png\",\"width\":781,\"height\":900},{\"@type\":\"BreadcrumbList\",\"@id\":\"https:\\\/\\\/lasentinelle.dz\\\/index.php\\\/2024\\\/03\\\/06\\\/lutte-contre-la-corruption-le-renforcement-de-la-coordination-africaine-en-question\\\/#breadcrumb\",\"itemListElement\":[{\"@type\":\"ListItem\",\"position\":1,\"name\":\"Accueil\",\"item\":\"https:\\\/\\\/lasentinelle.dz\\\/\"},{\"@type\":\"ListItem\",\"position\":2,\"name\":\"Lutte contre la corruption\u00a0: Le renforcement de la coordination africaine en question\"}]},{\"@type\":\"WebSite\",\"@id\":\"https:\\\/\\\/lasentinelle.dz\\\/#website\",\"url\":\"https:\\\/\\\/lasentinelle.dz\\\/\",\"name\":\"La Sentinelle\",\"description\":\"Quotidien national d&#039;information\",\"publisher\":{\"@id\":\"https:\\\/\\\/lasentinelle.dz\\\/#organization\"},\"potentialAction\":[{\"@type\":\"SearchAction\",\"target\":{\"@type\":\"EntryPoint\",\"urlTemplate\":\"https:\\\/\\\/lasentinelle.dz\\\/?s={search_term_string}\"},\"query-input\":{\"@type\":\"PropertyValueSpecification\",\"valueRequired\":true,\"valueName\":\"search_term_string\"}}],\"inLanguage\":\"fr-FR\"},{\"@type\":\"Organization\",\"@id\":\"https:\\\/\\\/lasentinelle.dz\\\/#organization\",\"name\":\"Quotidien La Sentinelle\",\"url\":\"https:\\\/\\\/lasentinelle.dz\\\/\",\"logo\":{\"@type\":\"ImageObject\",\"inLanguage\":\"fr-FR\",\"@id\":\"https:\\\/\\\/lasentinelle.dz\\\/#\\\/schema\\\/logo\\\/image\\\/\",\"url\":\"https:\\\/\\\/lasentinelle.dz\\\/wp-content\\\/uploads\\\/2021\\\/09\\\/logo-sentinelleSLOGAN-1.png\",\"contentUrl\":\"https:\\\/\\\/lasentinelle.dz\\\/wp-content\\\/uploads\\\/2021\\\/09\\\/logo-sentinelleSLOGAN-1.png\",\"width\":615,\"height\":142,\"caption\":\"Quotidien La Sentinelle\"},\"image\":{\"@id\":\"https:\\\/\\\/lasentinelle.dz\\\/#\\\/schema\\\/logo\\\/image\\\/\"},\"sameAs\":[\"https:\\\/\\\/www.facebook.com\\\/La-Sentinelle-104059864394773\"]},{\"@type\":\"Person\",\"@id\":\"https:\\\/\\\/lasentinelle.dz\\\/#\\\/schema\\\/person\\\/d865044e22e70a75174ce8bcad3acfb3\",\"name\":\"La Sentinelle\",\"image\":{\"@type\":\"ImageObject\",\"inLanguage\":\"fr-FR\",\"@id\":\"https:\\\/\\\/secure.gravatar.com\\\/avatar\\\/57de8e5d4b15d43fb361a71fbb36338450fe67865b528a43dd10ef7c51a20392?s=96&d=mm&r=g\",\"url\":\"https:\\\/\\\/secure.gravatar.com\\\/avatar\\\/57de8e5d4b15d43fb361a71fbb36338450fe67865b528a43dd10ef7c51a20392?s=96&d=mm&r=g\",\"contentUrl\":\"https:\\\/\\\/secure.gravatar.com\\\/avatar\\\/57de8e5d4b15d43fb361a71fbb36338450fe67865b528a43dd10ef7c51a20392?s=96&d=mm&r=g\",\"caption\":\"La Sentinelle\"},\"sameAs\":[\"http:\\\/\\\/www.lasentinelle.dz\"],\"url\":\"https:\\\/\\\/lasentinelle.dz\\\/author\\\/redaction\\\/\"}]}<\/script>\n<!-- \/ Yoast SEO plugin. -->","yoast_head_json":{"title":"Lutte contre la corruption\u00a0: Le renforcement de la coordination africaine en question - La Sentinelle","robots":{"index":"index","follow":"follow","max-snippet":"max-snippet:-1","max-image-preview":"max-image-preview:large","max-video-preview":"max-video-preview:-1"},"canonical":"https:\/\/lasentinelle.dz\/index.php\/2024\/03\/06\/lutte-contre-la-corruption-le-renforcement-de-la-coordination-africaine-en-question\/","og_locale":"fr_FR","og_type":"article","og_title":"Lutte contre la corruption\u00a0: Le renforcement de la coordination africaine en question - La Sentinelle","og_description":"La pr\u00e9sidente de la Haute autorit\u00e9 de transparence, de pr\u00e9vention et de lutte contre la corruption, Salima Mousserati a mis","og_url":"https:\/\/lasentinelle.dz\/index.php\/2024\/03\/06\/lutte-contre-la-corruption-le-renforcement-de-la-coordination-africaine-en-question\/","og_site_name":"La Sentinelle","article_publisher":"https:\/\/www.facebook.com\/La-Sentinelle-104059864394773","article_published_time":"2024-03-06T13:08:24+00:00","article_modified_time":"2024-03-06T13:08:28+00:00","og_image":[{"width":781,"height":900,"url":"https:\/\/lasentinelle.dz\/wp-content\/uploads\/2021\/12\/stop_corruption.png","type":"image\/png"}],"author":"La Sentinelle","twitter_card":"summary_large_image","twitter_misc":{"\u00c9crit par":"La Sentinelle","Dur\u00e9e de lecture estim\u00e9e":"4 minutes"},"schema":{"@context":"https:\/\/schema.org","@graph":[{"@type":"Article","@id":"https:\/\/lasentinelle.dz\/index.php\/2024\/03\/06\/lutte-contre-la-corruption-le-renforcement-de-la-coordination-africaine-en-question\/#article","isPartOf":{"@id":"https:\/\/lasentinelle.dz\/index.php\/2024\/03\/06\/lutte-contre-la-corruption-le-renforcement-de-la-coordination-africaine-en-question\/"},"author":{"name":"La Sentinelle","@id":"https:\/\/lasentinelle.dz\/#\/schema\/person\/d865044e22e70a75174ce8bcad3acfb3"},"headline":"Lutte contre la corruption\u00a0: Le renforcement de la coordination africaine en question","datePublished":"2024-03-06T13:08:24+00:00","dateModified":"2024-03-06T13:08:28+00:00","mainEntityOfPage":{"@id":"https:\/\/lasentinelle.dz\/index.php\/2024\/03\/06\/lutte-contre-la-corruption-le-renforcement-de-la-coordination-africaine-en-question\/"},"wordCount":646,"commentCount":0,"publisher":{"@id":"https:\/\/lasentinelle.dz\/#organization"},"image":{"@id":"https:\/\/lasentinelle.dz\/index.php\/2024\/03\/06\/lutte-contre-la-corruption-le-renforcement-de-la-coordination-africaine-en-question\/#primaryimage"},"thumbnailUrl":"https:\/\/lasentinelle.dz\/wp-content\/uploads\/2021\/12\/stop_corruption.png","articleSection":["Actualit\u00e9"],"inLanguage":"fr-FR","potentialAction":[{"@type":"CommentAction","name":"Comment","target":["https:\/\/lasentinelle.dz\/index.php\/2024\/03\/06\/lutte-contre-la-corruption-le-renforcement-de-la-coordination-africaine-en-question\/#respond"]}]},{"@type":"WebPage","@id":"https:\/\/lasentinelle.dz\/index.php\/2024\/03\/06\/lutte-contre-la-corruption-le-renforcement-de-la-coordination-africaine-en-question\/","url":"https:\/\/lasentinelle.dz\/index.php\/2024\/03\/06\/lutte-contre-la-corruption-le-renforcement-de-la-coordination-africaine-en-question\/","name":"Lutte contre la corruption\u00a0: Le renforcement de la coordination africaine en question - La Sentinelle","isPartOf":{"@id":"https:\/\/lasentinelle.dz\/#website"},"primaryImageOfPage":{"@id":"https:\/\/lasentinelle.dz\/index.php\/2024\/03\/06\/lutte-contre-la-corruption-le-renforcement-de-la-coordination-africaine-en-question\/#primaryimage"},"image":{"@id":"https:\/\/lasentinelle.dz\/index.php\/2024\/03\/06\/lutte-contre-la-corruption-le-renforcement-de-la-coordination-africaine-en-question\/#primaryimage"},"thumbnailUrl":"https:\/\/lasentinelle.dz\/wp-content\/uploads\/2021\/12\/stop_corruption.png","datePublished":"2024-03-06T13:08:24+00:00","dateModified":"2024-03-06T13:08:28+00:00","breadcrumb":{"@id":"https:\/\/lasentinelle.dz\/index.php\/2024\/03\/06\/lutte-contre-la-corruption-le-renforcement-de-la-coordination-africaine-en-question\/#breadcrumb"},"inLanguage":"fr-FR","potentialAction":[{"@type":"ReadAction","target":["https:\/\/lasentinelle.dz\/index.php\/2024\/03\/06\/lutte-contre-la-corruption-le-renforcement-de-la-coordination-africaine-en-question\/"]}]},{"@type":"ImageObject","inLanguage":"fr-FR","@id":"https:\/\/lasentinelle.dz\/index.php\/2024\/03\/06\/lutte-contre-la-corruption-le-renforcement-de-la-coordination-africaine-en-question\/#primaryimage","url":"https:\/\/lasentinelle.dz\/wp-content\/uploads\/2021\/12\/stop_corruption.png","contentUrl":"https:\/\/lasentinelle.dz\/wp-content\/uploads\/2021\/12\/stop_corruption.png","width":781,"height":900},{"@type":"BreadcrumbList","@id":"https:\/\/lasentinelle.dz\/index.php\/2024\/03\/06\/lutte-contre-la-corruption-le-renforcement-de-la-coordination-africaine-en-question\/#breadcrumb","itemListElement":[{"@type":"ListItem","position":1,"name":"Accueil","item":"https:\/\/lasentinelle.dz\/"},{"@type":"ListItem","position":2,"name":"Lutte contre la corruption\u00a0: Le renforcement de la coordination africaine en question"}]},{"@type":"WebSite","@id":"https:\/\/lasentinelle.dz\/#website","url":"https:\/\/lasentinelle.dz\/","name":"La Sentinelle","description":"Quotidien national d&#039;information","publisher":{"@id":"https:\/\/lasentinelle.dz\/#organization"},"potentialAction":[{"@type":"SearchAction","target":{"@type":"EntryPoint","urlTemplate":"https:\/\/lasentinelle.dz\/?s={search_term_string}"},"query-input":{"@type":"PropertyValueSpecification","valueRequired":true,"valueName":"search_term_string"}}],"inLanguage":"fr-FR"},{"@type":"Organization","@id":"https:\/\/lasentinelle.dz\/#organization","name":"Quotidien La Sentinelle","url":"https:\/\/lasentinelle.dz\/","logo":{"@type":"ImageObject","inLanguage":"fr-FR","@id":"https:\/\/lasentinelle.dz\/#\/schema\/logo\/image\/","url":"https:\/\/lasentinelle.dz\/wp-content\/uploads\/2021\/09\/logo-sentinelleSLOGAN-1.png","contentUrl":"https:\/\/lasentinelle.dz\/wp-content\/uploads\/2021\/09\/logo-sentinelleSLOGAN-1.png","width":615,"height":142,"caption":"Quotidien La Sentinelle"},"image":{"@id":"https:\/\/lasentinelle.dz\/#\/schema\/logo\/image\/"},"sameAs":["https:\/\/www.facebook.com\/La-Sentinelle-104059864394773"]},{"@type":"Person","@id":"https:\/\/lasentinelle.dz\/#\/schema\/person\/d865044e22e70a75174ce8bcad3acfb3","name":"La Sentinelle","image":{"@type":"ImageObject","inLanguage":"fr-FR","@id":"https:\/\/secure.gravatar.com\/avatar\/57de8e5d4b15d43fb361a71fbb36338450fe67865b528a43dd10ef7c51a20392?s=96&d=mm&r=g","url":"https:\/\/secure.gravatar.com\/avatar\/57de8e5d4b15d43fb361a71fbb36338450fe67865b528a43dd10ef7c51a20392?s=96&d=mm&r=g","contentUrl":"https:\/\/secure.gravatar.com\/avatar\/57de8e5d4b15d43fb361a71fbb36338450fe67865b528a43dd10ef7c51a20392?s=96&d=mm&r=g","caption":"La Sentinelle"},"sameAs":["http:\/\/www.lasentinelle.dz"],"url":"https:\/\/lasentinelle.dz\/author\/redaction\/"}]}},"_links":{"self":[{"href":"https:\/\/lasentinelle.dz\/index.php\/wp-json\/wp\/v2\/posts\/50120","targetHints":{"allow":["GET"]}}],"collection":[{"href":"https:\/\/lasentinelle.dz\/index.php\/wp-json\/wp\/v2\/posts"}],"about":[{"href":"https:\/\/lasentinelle.dz\/index.php\/wp-json\/wp\/v2\/types\/post"}],"author":[{"embeddable":true,"href":"https:\/\/lasentinelle.dz\/index.php\/wp-json\/wp\/v2\/users\/3"}],"replies":[{"embeddable":true,"href":"https:\/\/lasentinelle.dz\/index.php\/wp-json\/wp\/v2\/comments?post=50120"}],"version-history":[{"count":1,"href":"https:\/\/lasentinelle.dz\/index.php\/wp-json\/wp\/v2\/posts\/50120\/revisions"}],"predecessor-version":[{"id":50121,"href":"https:\/\/lasentinelle.dz\/index.php\/wp-json\/wp\/v2\/posts\/50120\/revisions\/50121"}],"wp:featuredmedia":[{"embeddable":true,"href":"https:\/\/lasentinelle.dz\/index.php\/wp-json\/wp\/v2\/media\/14471"}],"wp:attachment":[{"href":"https:\/\/lasentinelle.dz\/index.php\/wp-json\/wp\/v2\/media?parent=50120"}],"wp:term":[{"taxonomy":"category","embeddable":true,"href":"https:\/\/lasentinelle.dz\/index.php\/wp-json\/wp\/v2\/categories?post=50120"},{"taxonomy":"post_tag","embeddable":true,"href":"https:\/\/lasentinelle.dz\/index.php\/wp-json\/wp\/v2\/tags?post=50120"}],"curies":[{"name":"wp","href":"https:\/\/api.w.org\/{rel}","templated":true}]}}