{"id":50129,"date":"2024-03-06T14:15:50","date_gmt":"2024-03-06T13:15:50","guid":{"rendered":"https:\/\/lasentinelle.dz\/?p=50129"},"modified":"2024-03-06T14:15:52","modified_gmt":"2024-03-06T13:15:52","slug":"la-relance-de-laction-maghrebine-en-marche","status":"publish","type":"post","link":"https:\/\/lasentinelle.dz\/index.php\/2024\/03\/06\/la-relance-de-laction-maghrebine-en-marche\/","title":{"rendered":"La relance de l\u2019action maghr\u00e9bine en marche"},"content":{"rendered":"\n<p>Le pr\u00e9sident de la R\u00e9publique, Abdelmadjid Tebboune, a discut\u00e9 avec son homologue mauritanien Mohamed Ould Cheikh El Ghazouani de la derni\u00e8re r\u00e9union tripartite tenue, en marge du 7<sup>e<\/sup> sommet du Forum des pays exportateurs de gaz \u00e0 Alger, avec la participation du pr\u00e9sident tunisien Ka\u00efs Sa\u00efed et le pr\u00e9sident du Conseil pr\u00e9sidentiel libyen, Mohamed Younes El-Menfi.<\/p>\n\n\n\n<p>Un processus pour relancer l\u2019action maghr\u00e9bine commune, qui permettra de d\u00e9passer le blocage l\u2019Union du Maghreb arabe, est en marche. Ainsi, en marge du 7<sup>e<\/sup> Sommet des Chefs d\u2019\u00c9tats et de Gouvernements \u00e0 Alger, une rencontre tripartite a r\u00e9uni le pr\u00e9sident de la R\u00e9publique, Abdelmadjid Tebboune, et ses homologues tunisien et libyen Ka\u00efs Sa\u00efed et Mohamed Younes El-Menfi. Les trois chefs d\u2019\u00c9tat ont d\u2019ailleurs convenu de se rencontrer tous les trois mois. Une rencontre qui a d\u2019ailleurs \u00e9t\u00e9 \u00e9voqu\u00e9e hier par le Pr\u00e9sident Abdelmadjid Tebboune avec son homologue mauritanien Mohamed Ould Cheikh El Ghazouani lors d\u2019un entretien t\u00e9l\u00e9phonique. Un communiqu\u00e9 des services de la pr\u00e9sidence de la R\u00e9publique a, en effet, indiqu\u00e9 hier que&nbsp; \u00ab\u00a0Le pr\u00e9sident de la R\u00e9publique, M. Abdelmadjid Tebboune, a eu un entretien t\u00e9l\u00e9phonique avec son fr\u00e8re, M. Mohamed Ould Cheikh El Ghazouani, pr\u00e9sident de la R\u00e9publique islamique de Mauritanie, pays fr\u00e8re, lors duquel il lui a renouvel\u00e9 ses f\u00e9licitations pour l&rsquo;adh\u00e9sion de son pays au Forum des pays exportateurs de gaz (GECF), et lui a adress\u00e9 ses remerciements pour la pr\u00e9sence distingu\u00e9e de la Mauritanie aux travaux du 7e Sommet\u00a0\u00bb.<\/p>\n\n\n\n<p>Il faut dire que la coop\u00e9ration alg\u00e9ro-mauritanienne conna\u00eet une dynamique particuli\u00e8re depuis 2020 marqu\u00e9 par rapprochement aussi bien sur les plans politique qu\u2019\u00e9conomique. Ainsi, au cours de l\u2019entretien, le pr\u00e9sident de la R\u00e9publique a \u00ab\u00a0examin\u00e9 avec son fr\u00e8re le pr\u00e9sident mauritanien, pr\u00e9sident en exercice de l&rsquo;Union Africaine, des questions africaines d&rsquo;actualit\u00e9\u00a0\u00bb, a indiqu\u00e9 le communiqu\u00e9 de la Pr\u00e9sidence.<\/p>\n\n\n\n<p>Le Pr\u00e9sident Tebboune a, \u00e0 cette occasion, inform\u00e9 son fr\u00e8re le pr\u00e9sident mauritanien de la r\u00e9union maghr\u00e9bine tripartite qui a r\u00e9uni les pr\u00e9sidents alg\u00e9rien, tunisien et libyen \u00e0 l&rsquo;issue du 7e Sommet du GECF, tenu \u00e0 Alger\u00a0\u00bb, ajoute la m\u00eame source.<\/p>\n\n\n\n<p>Il est utile de rappeler dans ce contexte que le pr\u00e9sident de la R\u00e9publique, Abdelmadjid Tebboune, et ses deux homologues, le Tunisien Kais Saied et le Libyen Mohamed Younes El-Menfi, se sont retrouv\u00e9s apr\u00e8s la fin des travaux du septi\u00e8me sommet du Forum des pays exportateurs de gaz (GECF) qui s\u2019est tenu ce samedi \u00e0 Alger. Un communiqu\u00e9 de la pr\u00e9sidence de la R\u00e9publique a annonc\u00e9 que \u00ab les pr\u00e9sidents Abdelmadjid Tebboune, pr\u00e9sident de la R\u00e9publique, ses fr\u00e8res Kais Saied, pr\u00e9sident de la R\u00e9publique tunisienne, et Mohamed Younes El-Menfi, pr\u00e9sident du Conseil pr\u00e9sidentiel libyen, ont tenu une r\u00e9union tripartite au cours de laquelle ils ont pass\u00e9 en revue les r\u00e9sultats du septi\u00e8me sommet du gaz tenu en Alg\u00e9rie \u00bb, avant de pr\u00e9ciser que les trois chefs d\u2019\u00c9tats \u00ab ont \u00e9galement discut\u00e9 des conditions qui pr\u00e9valent dans la r\u00e9gion du Maghreb et la r\u00e9union s\u2019est conclue sur la n\u00e9cessit\u00e9 d\u2019intensifier et d\u2019unifier les efforts pour faire face aux d\u00e9fis \u00e9conomiques et s\u00e9curitaires d\u2019une mani\u00e8re qui b\u00e9n\u00e9ficiera positivement aux peuples des trois pays \u00bb. Il faut dire qu\u2019au-del\u00e0 de l\u2019int\u00e9r\u00eat affich\u00e9 pour renforcer la coop\u00e9ration \u00e9conomique et commerciale, \u00e0 l\u2019or\u00e9e d\u2019un ambitieux projet d\u2019int\u00e9gration port\u00e9 par l\u2019Alg\u00e9rie et qui s\u2019appuie sur la consolidation des infrastructures reliant les pays du Maghreb et du Sahel, ainsi que la r\u00e9alisation de 5 zones franches avec la Mauritanie, la Tunisie, la Libye, le Mali et le Niger, les pays maghr\u00e9bin de la r\u00e9gion font face \u00e0 des d\u00e9fis communs sur le plan s\u00e9curitaires au regard de l\u2019\u00e9volution dans la r\u00e9gion du Sahel. C\u2019est dans ce contexte que les trois pays du Maghreb ont exprimer le veut de renforcer leur coordination et de d\u00e9passer les blocages, sur fonds de paralysie de l\u2019UMA, et de relancer l\u2019action maghr\u00e9bine commune. C\u2019est dans ce sens que lors de la r\u00e9union de samedi, \u00ab il a \u00e9galement \u00e9t\u00e9 d\u00e9cid\u00e9 de tenir une r\u00e9union tripartite maghr\u00e9bine, tous les trois mois, la premi\u00e8re en Tunisie apr\u00e8s le mois sacr\u00e9 du Ramadhan \u00bb.<\/p>\n\n\n\n<p>Hocine Fadheli<\/p>\n","protected":false},"excerpt":{"rendered":"<p>Le pr\u00e9sident de la R\u00e9publique, Abdelmadjid Tebboune, a discut\u00e9 avec son homologue mauritanien Mohamed Ould Cheikh El Ghazouani de la<\/p>\n","protected":false},"author":3,"featured_media":50130,"comment_status":"open","ping_status":"closed","sticky":false,"template":"","format":"standard","meta":{"colormag_page_container_layout":"default_layout","colormag_page_sidebar_layout":"default_layout","om_disable_all_campaigns":false,"_monsterinsights_skip_tracking":false,"_monsterinsights_sitenote_active":false,"_monsterinsights_sitenote_note":"","_monsterinsights_sitenote_category":0,"footnotes":"","_wpscppro_dont_share_socialmedia":false,"_wpscppro_custom_social_share_image":0,"_facebook_share_type":"","_twitter_share_type":"","_linkedin_share_type":"","_pinterest_share_type":"","_linkedin_share_type_page":"","_instagram_share_type":"","_medium_share_type":"","_threads_share_type":"","_google_business_share_type":"","_selected_social_profile":[],"_wpsp_enable_custom_social_template":false,"_wpsp_social_scheduling":{"enabled":false,"datetime":null,"platforms":[],"status":"template_only","dateOption":"today","timeOption":"now","customDays":"","customHours":"","customDate":"","customTime":"","schedulingType":"absolute"},"_wpsp_active_default_template":true},"categories":[52,27],"tags":[],"class_list":["post-50129","post","type-post","status-publish","format-standard","has-post-thumbnail","hentry","category-a-la-une","category-actualite"],"aioseo_notices":[],"yoast_head":"<!-- This site is optimized with the Yoast SEO plugin v27.5 - https:\/\/yoast.com\/product\/yoast-seo-wordpress\/ -->\n<title>La relance de l\u2019action maghr\u00e9bine en marche - La Sentinelle<\/title>\n<meta name=\"robots\" content=\"index, follow, max-snippet:-1, max-image-preview:large, max-video-preview:-1\" \/>\n<link rel=\"canonical\" href=\"https:\/\/lasentinelle.dz\/index.php\/2024\/03\/06\/la-relance-de-laction-maghrebine-en-marche\/\" \/>\n<meta property=\"og:locale\" content=\"fr_FR\" \/>\n<meta property=\"og:type\" content=\"article\" \/>\n<meta property=\"og:title\" content=\"La relance de l\u2019action maghr\u00e9bine en marche - La Sentinelle\" \/>\n<meta property=\"og:description\" content=\"Le pr\u00e9sident de la R\u00e9publique, Abdelmadjid Tebboune, a discut\u00e9 avec son homologue mauritanien Mohamed Ould Cheikh El Ghazouani de la\" \/>\n<meta property=\"og:url\" content=\"https:\/\/lasentinelle.dz\/index.php\/2024\/03\/06\/la-relance-de-laction-maghrebine-en-marche\/\" \/>\n<meta property=\"og:site_name\" content=\"La Sentinelle\" \/>\n<meta property=\"article:publisher\" content=\"https:\/\/www.facebook.com\/La-Sentinelle-104059864394773\" \/>\n<meta property=\"article:published_time\" content=\"2024-03-06T13:15:50+00:00\" \/>\n<meta property=\"article:modified_time\" content=\"2024-03-06T13:15:52+00:00\" \/>\n<meta property=\"og:image\" content=\"https:\/\/lasentinelle.dz\/wp-content\/uploads\/2024\/03\/tebboune-al-ghezouani.jpeg\" \/>\n\t<meta property=\"og:image:width\" content=\"2048\" \/>\n\t<meta property=\"og:image:height\" content=\"1364\" \/>\n\t<meta property=\"og:image:type\" content=\"image\/jpeg\" \/>\n<meta name=\"author\" content=\"La Sentinelle\" \/>\n<meta name=\"twitter:card\" content=\"summary_large_image\" \/>\n<meta name=\"twitter:label1\" content=\"\u00c9crit par\" \/>\n\t<meta name=\"twitter:data1\" content=\"La Sentinelle\" \/>\n\t<meta name=\"twitter:label2\" content=\"Dur\u00e9e de lecture estim\u00e9e\" \/>\n\t<meta name=\"twitter:data2\" content=\"4 minutes\" \/>\n<script type=\"application\/ld+json\" class=\"yoast-schema-graph\">{\"@context\":\"https:\\\/\\\/schema.org\",\"@graph\":[{\"@type\":\"Article\",\"@id\":\"https:\\\/\\\/lasentinelle.dz\\\/index.php\\\/2024\\\/03\\\/06\\\/la-relance-de-laction-maghrebine-en-marche\\\/#article\",\"isPartOf\":{\"@id\":\"https:\\\/\\\/lasentinelle.dz\\\/index.php\\\/2024\\\/03\\\/06\\\/la-relance-de-laction-maghrebine-en-marche\\\/\"},\"author\":{\"name\":\"La Sentinelle\",\"@id\":\"https:\\\/\\\/lasentinelle.dz\\\/#\\\/schema\\\/person\\\/d865044e22e70a75174ce8bcad3acfb3\"},\"headline\":\"La relance de l\u2019action maghr\u00e9bine en marche\",\"datePublished\":\"2024-03-06T13:15:50+00:00\",\"dateModified\":\"2024-03-06T13:15:52+00:00\",\"mainEntityOfPage\":{\"@id\":\"https:\\\/\\\/lasentinelle.dz\\\/index.php\\\/2024\\\/03\\\/06\\\/la-relance-de-laction-maghrebine-en-marche\\\/\"},\"wordCount\":797,\"commentCount\":0,\"publisher\":{\"@id\":\"https:\\\/\\\/lasentinelle.dz\\\/#organization\"},\"image\":{\"@id\":\"https:\\\/\\\/lasentinelle.dz\\\/index.php\\\/2024\\\/03\\\/06\\\/la-relance-de-laction-maghrebine-en-marche\\\/#primaryimage\"},\"thumbnailUrl\":\"https:\\\/\\\/lasentinelle.dz\\\/wp-content\\\/uploads\\\/2024\\\/03\\\/tebboune-al-ghezouani.jpeg\",\"articleSection\":[\"\u00c0 la Une\",\"Actualit\u00e9\"],\"inLanguage\":\"fr-FR\",\"potentialAction\":[{\"@type\":\"CommentAction\",\"name\":\"Comment\",\"target\":[\"https:\\\/\\\/lasentinelle.dz\\\/index.php\\\/2024\\\/03\\\/06\\\/la-relance-de-laction-maghrebine-en-marche\\\/#respond\"]}]},{\"@type\":\"WebPage\",\"@id\":\"https:\\\/\\\/lasentinelle.dz\\\/index.php\\\/2024\\\/03\\\/06\\\/la-relance-de-laction-maghrebine-en-marche\\\/\",\"url\":\"https:\\\/\\\/lasentinelle.dz\\\/index.php\\\/2024\\\/03\\\/06\\\/la-relance-de-laction-maghrebine-en-marche\\\/\",\"name\":\"La relance de l\u2019action maghr\u00e9bine en marche - La Sentinelle\",\"isPartOf\":{\"@id\":\"https:\\\/\\\/lasentinelle.dz\\\/#website\"},\"primaryImageOfPage\":{\"@id\":\"https:\\\/\\\/lasentinelle.dz\\\/index.php\\\/2024\\\/03\\\/06\\\/la-relance-de-laction-maghrebine-en-marche\\\/#primaryimage\"},\"image\":{\"@id\":\"https:\\\/\\\/lasentinelle.dz\\\/index.php\\\/2024\\\/03\\\/06\\\/la-relance-de-laction-maghrebine-en-marche\\\/#primaryimage\"},\"thumbnailUrl\":\"https:\\\/\\\/lasentinelle.dz\\\/wp-content\\\/uploads\\\/2024\\\/03\\\/tebboune-al-ghezouani.jpeg\",\"datePublished\":\"2024-03-06T13:15:50+00:00\",\"dateModified\":\"2024-03-06T13:15:52+00:00\",\"breadcrumb\":{\"@id\":\"https:\\\/\\\/lasentinelle.dz\\\/index.php\\\/2024\\\/03\\\/06\\\/la-relance-de-laction-maghrebine-en-marche\\\/#breadcrumb\"},\"inLanguage\":\"fr-FR\",\"potentialAction\":[{\"@type\":\"ReadAction\",\"target\":[\"https:\\\/\\\/lasentinelle.dz\\\/index.php\\\/2024\\\/03\\\/06\\\/la-relance-de-laction-maghrebine-en-marche\\\/\"]}]},{\"@type\":\"ImageObject\",\"inLanguage\":\"fr-FR\",\"@id\":\"https:\\\/\\\/lasentinelle.dz\\\/index.php\\\/2024\\\/03\\\/06\\\/la-relance-de-laction-maghrebine-en-marche\\\/#primaryimage\",\"url\":\"https:\\\/\\\/lasentinelle.dz\\\/wp-content\\\/uploads\\\/2024\\\/03\\\/tebboune-al-ghezouani.jpeg\",\"contentUrl\":\"https:\\\/\\\/lasentinelle.dz\\\/wp-content\\\/uploads\\\/2024\\\/03\\\/tebboune-al-ghezouani.jpeg\",\"width\":2048,\"height\":1364},{\"@type\":\"BreadcrumbList\",\"@id\":\"https:\\\/\\\/lasentinelle.dz\\\/index.php\\\/2024\\\/03\\\/06\\\/la-relance-de-laction-maghrebine-en-marche\\\/#breadcrumb\",\"itemListElement\":[{\"@type\":\"ListItem\",\"position\":1,\"name\":\"Accueil\",\"item\":\"https:\\\/\\\/lasentinelle.dz\\\/\"},{\"@type\":\"ListItem\",\"position\":2,\"name\":\"La relance de l\u2019action maghr\u00e9bine en marche\"}]},{\"@type\":\"WebSite\",\"@id\":\"https:\\\/\\\/lasentinelle.dz\\\/#website\",\"url\":\"https:\\\/\\\/lasentinelle.dz\\\/\",\"name\":\"La Sentinelle\",\"description\":\"Quotidien national d&#039;information\",\"publisher\":{\"@id\":\"https:\\\/\\\/lasentinelle.dz\\\/#organization\"},\"potentialAction\":[{\"@type\":\"SearchAction\",\"target\":{\"@type\":\"EntryPoint\",\"urlTemplate\":\"https:\\\/\\\/lasentinelle.dz\\\/?s={search_term_string}\"},\"query-input\":{\"@type\":\"PropertyValueSpecification\",\"valueRequired\":true,\"valueName\":\"search_term_string\"}}],\"inLanguage\":\"fr-FR\"},{\"@type\":\"Organization\",\"@id\":\"https:\\\/\\\/lasentinelle.dz\\\/#organization\",\"name\":\"Quotidien La Sentinelle\",\"url\":\"https:\\\/\\\/lasentinelle.dz\\\/\",\"logo\":{\"@type\":\"ImageObject\",\"inLanguage\":\"fr-FR\",\"@id\":\"https:\\\/\\\/lasentinelle.dz\\\/#\\\/schema\\\/logo\\\/image\\\/\",\"url\":\"https:\\\/\\\/lasentinelle.dz\\\/wp-content\\\/uploads\\\/2021\\\/09\\\/logo-sentinelleSLOGAN-1.png\",\"contentUrl\":\"https:\\\/\\\/lasentinelle.dz\\\/wp-content\\\/uploads\\\/2021\\\/09\\\/logo-sentinelleSLOGAN-1.png\",\"width\":615,\"height\":142,\"caption\":\"Quotidien La Sentinelle\"},\"image\":{\"@id\":\"https:\\\/\\\/lasentinelle.dz\\\/#\\\/schema\\\/logo\\\/image\\\/\"},\"sameAs\":[\"https:\\\/\\\/www.facebook.com\\\/La-Sentinelle-104059864394773\"]},{\"@type\":\"Person\",\"@id\":\"https:\\\/\\\/lasentinelle.dz\\\/#\\\/schema\\\/person\\\/d865044e22e70a75174ce8bcad3acfb3\",\"name\":\"La Sentinelle\",\"image\":{\"@type\":\"ImageObject\",\"inLanguage\":\"fr-FR\",\"@id\":\"https:\\\/\\\/secure.gravatar.com\\\/avatar\\\/57de8e5d4b15d43fb361a71fbb36338450fe67865b528a43dd10ef7c51a20392?s=96&d=mm&r=g\",\"url\":\"https:\\\/\\\/secure.gravatar.com\\\/avatar\\\/57de8e5d4b15d43fb361a71fbb36338450fe67865b528a43dd10ef7c51a20392?s=96&d=mm&r=g\",\"contentUrl\":\"https:\\\/\\\/secure.gravatar.com\\\/avatar\\\/57de8e5d4b15d43fb361a71fbb36338450fe67865b528a43dd10ef7c51a20392?s=96&d=mm&r=g\",\"caption\":\"La Sentinelle\"},\"sameAs\":[\"http:\\\/\\\/www.lasentinelle.dz\"],\"url\":\"https:\\\/\\\/lasentinelle.dz\\\/author\\\/redaction\\\/\"}]}<\/script>\n<!-- \/ Yoast SEO plugin. -->","yoast_head_json":{"title":"La relance de l\u2019action maghr\u00e9bine en marche - La Sentinelle","robots":{"index":"index","follow":"follow","max-snippet":"max-snippet:-1","max-image-preview":"max-image-preview:large","max-video-preview":"max-video-preview:-1"},"canonical":"https:\/\/lasentinelle.dz\/index.php\/2024\/03\/06\/la-relance-de-laction-maghrebine-en-marche\/","og_locale":"fr_FR","og_type":"article","og_title":"La relance de l\u2019action maghr\u00e9bine en marche - La Sentinelle","og_description":"Le pr\u00e9sident de la R\u00e9publique, Abdelmadjid Tebboune, a discut\u00e9 avec son homologue mauritanien Mohamed Ould Cheikh El Ghazouani de la","og_url":"https:\/\/lasentinelle.dz\/index.php\/2024\/03\/06\/la-relance-de-laction-maghrebine-en-marche\/","og_site_name":"La Sentinelle","article_publisher":"https:\/\/www.facebook.com\/La-Sentinelle-104059864394773","article_published_time":"2024-03-06T13:15:50+00:00","article_modified_time":"2024-03-06T13:15:52+00:00","og_image":[{"width":2048,"height":1364,"url":"https:\/\/lasentinelle.dz\/wp-content\/uploads\/2024\/03\/tebboune-al-ghezouani.jpeg","type":"image\/jpeg"}],"author":"La Sentinelle","twitter_card":"summary_large_image","twitter_misc":{"\u00c9crit par":"La Sentinelle","Dur\u00e9e de lecture estim\u00e9e":"4 minutes"},"schema":{"@context":"https:\/\/schema.org","@graph":[{"@type":"Article","@id":"https:\/\/lasentinelle.dz\/index.php\/2024\/03\/06\/la-relance-de-laction-maghrebine-en-marche\/#article","isPartOf":{"@id":"https:\/\/lasentinelle.dz\/index.php\/2024\/03\/06\/la-relance-de-laction-maghrebine-en-marche\/"},"author":{"name":"La Sentinelle","@id":"https:\/\/lasentinelle.dz\/#\/schema\/person\/d865044e22e70a75174ce8bcad3acfb3"},"headline":"La relance de l\u2019action maghr\u00e9bine en marche","datePublished":"2024-03-06T13:15:50+00:00","dateModified":"2024-03-06T13:15:52+00:00","mainEntityOfPage":{"@id":"https:\/\/lasentinelle.dz\/index.php\/2024\/03\/06\/la-relance-de-laction-maghrebine-en-marche\/"},"wordCount":797,"commentCount":0,"publisher":{"@id":"https:\/\/lasentinelle.dz\/#organization"},"image":{"@id":"https:\/\/lasentinelle.dz\/index.php\/2024\/03\/06\/la-relance-de-laction-maghrebine-en-marche\/#primaryimage"},"thumbnailUrl":"https:\/\/lasentinelle.dz\/wp-content\/uploads\/2024\/03\/tebboune-al-ghezouani.jpeg","articleSection":["\u00c0 la Une","Actualit\u00e9"],"inLanguage":"fr-FR","potentialAction":[{"@type":"CommentAction","name":"Comment","target":["https:\/\/lasentinelle.dz\/index.php\/2024\/03\/06\/la-relance-de-laction-maghrebine-en-marche\/#respond"]}]},{"@type":"WebPage","@id":"https:\/\/lasentinelle.dz\/index.php\/2024\/03\/06\/la-relance-de-laction-maghrebine-en-marche\/","url":"https:\/\/lasentinelle.dz\/index.php\/2024\/03\/06\/la-relance-de-laction-maghrebine-en-marche\/","name":"La relance de l\u2019action maghr\u00e9bine en marche - La Sentinelle","isPartOf":{"@id":"https:\/\/lasentinelle.dz\/#website"},"primaryImageOfPage":{"@id":"https:\/\/lasentinelle.dz\/index.php\/2024\/03\/06\/la-relance-de-laction-maghrebine-en-marche\/#primaryimage"},"image":{"@id":"https:\/\/lasentinelle.dz\/index.php\/2024\/03\/06\/la-relance-de-laction-maghrebine-en-marche\/#primaryimage"},"thumbnailUrl":"https:\/\/lasentinelle.dz\/wp-content\/uploads\/2024\/03\/tebboune-al-ghezouani.jpeg","datePublished":"2024-03-06T13:15:50+00:00","dateModified":"2024-03-06T13:15:52+00:00","breadcrumb":{"@id":"https:\/\/lasentinelle.dz\/index.php\/2024\/03\/06\/la-relance-de-laction-maghrebine-en-marche\/#breadcrumb"},"inLanguage":"fr-FR","potentialAction":[{"@type":"ReadAction","target":["https:\/\/lasentinelle.dz\/index.php\/2024\/03\/06\/la-relance-de-laction-maghrebine-en-marche\/"]}]},{"@type":"ImageObject","inLanguage":"fr-FR","@id":"https:\/\/lasentinelle.dz\/index.php\/2024\/03\/06\/la-relance-de-laction-maghrebine-en-marche\/#primaryimage","url":"https:\/\/lasentinelle.dz\/wp-content\/uploads\/2024\/03\/tebboune-al-ghezouani.jpeg","contentUrl":"https:\/\/lasentinelle.dz\/wp-content\/uploads\/2024\/03\/tebboune-al-ghezouani.jpeg","width":2048,"height":1364},{"@type":"BreadcrumbList","@id":"https:\/\/lasentinelle.dz\/index.php\/2024\/03\/06\/la-relance-de-laction-maghrebine-en-marche\/#breadcrumb","itemListElement":[{"@type":"ListItem","position":1,"name":"Accueil","item":"https:\/\/lasentinelle.dz\/"},{"@type":"ListItem","position":2,"name":"La relance de l\u2019action maghr\u00e9bine en marche"}]},{"@type":"WebSite","@id":"https:\/\/lasentinelle.dz\/#website","url":"https:\/\/lasentinelle.dz\/","name":"La Sentinelle","description":"Quotidien national d&#039;information","publisher":{"@id":"https:\/\/lasentinelle.dz\/#organization"},"potentialAction":[{"@type":"SearchAction","target":{"@type":"EntryPoint","urlTemplate":"https:\/\/lasentinelle.dz\/?s={search_term_string}"},"query-input":{"@type":"PropertyValueSpecification","valueRequired":true,"valueName":"search_term_string"}}],"inLanguage":"fr-FR"},{"@type":"Organization","@id":"https:\/\/lasentinelle.dz\/#organization","name":"Quotidien La Sentinelle","url":"https:\/\/lasentinelle.dz\/","logo":{"@type":"ImageObject","inLanguage":"fr-FR","@id":"https:\/\/lasentinelle.dz\/#\/schema\/logo\/image\/","url":"https:\/\/lasentinelle.dz\/wp-content\/uploads\/2021\/09\/logo-sentinelleSLOGAN-1.png","contentUrl":"https:\/\/lasentinelle.dz\/wp-content\/uploads\/2021\/09\/logo-sentinelleSLOGAN-1.png","width":615,"height":142,"caption":"Quotidien La Sentinelle"},"image":{"@id":"https:\/\/lasentinelle.dz\/#\/schema\/logo\/image\/"},"sameAs":["https:\/\/www.facebook.com\/La-Sentinelle-104059864394773"]},{"@type":"Person","@id":"https:\/\/lasentinelle.dz\/#\/schema\/person\/d865044e22e70a75174ce8bcad3acfb3","name":"La Sentinelle","image":{"@type":"ImageObject","inLanguage":"fr-FR","@id":"https:\/\/secure.gravatar.com\/avatar\/57de8e5d4b15d43fb361a71fbb36338450fe67865b528a43dd10ef7c51a20392?s=96&d=mm&r=g","url":"https:\/\/secure.gravatar.com\/avatar\/57de8e5d4b15d43fb361a71fbb36338450fe67865b528a43dd10ef7c51a20392?s=96&d=mm&r=g","contentUrl":"https:\/\/secure.gravatar.com\/avatar\/57de8e5d4b15d43fb361a71fbb36338450fe67865b528a43dd10ef7c51a20392?s=96&d=mm&r=g","caption":"La Sentinelle"},"sameAs":["http:\/\/www.lasentinelle.dz"],"url":"https:\/\/lasentinelle.dz\/author\/redaction\/"}]}},"_links":{"self":[{"href":"https:\/\/lasentinelle.dz\/index.php\/wp-json\/wp\/v2\/posts\/50129","targetHints":{"allow":["GET"]}}],"collection":[{"href":"https:\/\/lasentinelle.dz\/index.php\/wp-json\/wp\/v2\/posts"}],"about":[{"href":"https:\/\/lasentinelle.dz\/index.php\/wp-json\/wp\/v2\/types\/post"}],"author":[{"embeddable":true,"href":"https:\/\/lasentinelle.dz\/index.php\/wp-json\/wp\/v2\/users\/3"}],"replies":[{"embeddable":true,"href":"https:\/\/lasentinelle.dz\/index.php\/wp-json\/wp\/v2\/comments?post=50129"}],"version-history":[{"count":1,"href":"https:\/\/lasentinelle.dz\/index.php\/wp-json\/wp\/v2\/posts\/50129\/revisions"}],"predecessor-version":[{"id":50131,"href":"https:\/\/lasentinelle.dz\/index.php\/wp-json\/wp\/v2\/posts\/50129\/revisions\/50131"}],"wp:featuredmedia":[{"embeddable":true,"href":"https:\/\/lasentinelle.dz\/index.php\/wp-json\/wp\/v2\/media\/50130"}],"wp:attachment":[{"href":"https:\/\/lasentinelle.dz\/index.php\/wp-json\/wp\/v2\/media?parent=50129"}],"wp:term":[{"taxonomy":"category","embeddable":true,"href":"https:\/\/lasentinelle.dz\/index.php\/wp-json\/wp\/v2\/categories?post=50129"},{"taxonomy":"post_tag","embeddable":true,"href":"https:\/\/lasentinelle.dz\/index.php\/wp-json\/wp\/v2\/tags?post=50129"}],"curies":[{"name":"wp","href":"https:\/\/api.w.org\/{rel}","templated":true}]}}