{"id":5013,"date":"2021-08-24T00:01:00","date_gmt":"2021-08-23T23:01:00","guid":{"rendered":"https:\/\/lasentinelle.dz\/?p=5013"},"modified":"2021-08-23T15:29:00","modified_gmt":"2021-08-23T14:29:00","slug":"bouira-campagne-de-vaccination-pour-les-personnels-de-leducation","status":"publish","type":"post","link":"https:\/\/lasentinelle.dz\/index.php\/2021\/08\/24\/bouira-campagne-de-vaccination-pour-les-personnels-de-leducation\/","title":{"rendered":"Bouira : Campagne de vaccination pour les personnels de l\u2019Education"},"content":{"rendered":"\n<p>Une campagne de vaccination contre la Covid-19 a \u00e9t\u00e9 lanc\u00e9e \u00e0 Bouira au profit des employ\u00e9s de l\u2019Education et ce en pr\u00e9vision de la prochaine rentr\u00e9e scolaire, a indiqu\u00e9 dimanche le charg\u00e9 de la communication de la direction locale de ce secteur, M. Abdelhamid Douadji.<\/p>\n\n\n\n<p>Selon les d\u00e9tails fournis \u00e0 l\u2019APS par M. Douadji, l&rsquo;op\u00e9ration de vaccination a d\u00e9marr\u00e9 dans la matin\u00e9e avec un afflux importants des employ\u00e9s du secteur. \u00ab\u00a0Nous avons plus 17000 employ\u00e9s qui sont concern\u00e9s par la vaccination afin de lutter contre la propagation du virus dans les \u00e9tablissements scolaires\u00a0\u00bb, a expliqu\u00e9 le m\u00eame responsable.Une douzaine de centres de la sant\u00e9 scolaires sont ouverts \u00e0 cette occasion pour mener cette campagne de vaccination \u00e0 travers les diff\u00e9rentes communes de la wilaya de Bouira. \u00ab\u00a0La vaccination est indispensable pour prot\u00e9ger le personnel de l\u2019Education afin de freiner la propagation du virus au sein du milieu scolaire\u00a0\u00bb, a-t-il dit.\u00a0\u00bbCette campagne devra se poursuivre jusqu\u2019au jour de la rentr\u00e9e scolaire\u00a0\u00bb, a tenu \u00e0 pr\u00e9ciser M. Douadji.<\/p>\n\n\n\n<p>Fin juillet dernier, la direction de l\u2019Education avait d\u00e9j\u00e0 men\u00e9e deux op\u00e9rations de vaccination au profit des employ\u00e9s du secteur, selon la m\u00eame source.Durant ces deux op\u00e9rations, qui ont connu un grand engouement, plus de 1000 employ\u00e9s avaient \u00e9t\u00e9 vaccin\u00e9s dans le cadre des mesures de pr\u00e9vention et de lutte contre la propagation de la pand\u00e9mie du nouveau coronavirus.<\/p>\n\n\n\n<p>En pr\u00e9vision de la rentr\u00e9e scolaire, les autorit\u00e9s locales de la wilaya ont d\u00e9ploy\u00e9 d\u2019importants montants financiers pour l\u2019acquisition de produits de pr\u00e9vention et de protection contre la pand\u00e9mie dans le milieu scolaire.\u00a0\u00bbCette ann\u00e9e, de gros moyens sont mis \u00e0 la disposition du secteur de l&rsquo;Education pour la pr\u00e9vention et la lutte contre la propagation du virus notamment avec le nouveau et dangereux variant Delta\u00a0\u00bb, a soulign\u00e9 le m\u00eame responsable.M. Douadji a saisi cette occasion pour appeler l\u2019ensemble des employ\u00e9s du secteur \u00e0 se rapprocher des unit\u00e9s du d\u00e9pistage et de suivi relevant des centres de la sant\u00e9 scolaire afin de se faire vacciner et se prot\u00e9ger contre toute \u00e9ventuelle menace due au virus.<\/p>\n\n\n\n<p>APS<\/p>\n","protected":false},"excerpt":{"rendered":"<p>Une campagne de vaccination contre la Covid-19 a \u00e9t\u00e9 lanc\u00e9e \u00e0 Bouira au profit des employ\u00e9s de l\u2019Education et ce<\/p>\n","protected":false},"author":3,"featured_media":0,"comment_status":"open","ping_status":"closed","sticky":false,"template":"","format":"standard","meta":{"colormag_page_container_layout":"default_layout","colormag_page_sidebar_layout":"default_layout","om_disable_all_campaigns":false,"_monsterinsights_skip_tracking":false,"_monsterinsights_sitenote_active":false,"_monsterinsights_sitenote_note":"","_monsterinsights_sitenote_category":0,"footnotes":"","_wpscppro_dont_share_socialmedia":false,"_wpscppro_custom_social_share_image":0,"_facebook_share_type":"","_twitter_share_type":"","_linkedin_share_type":"","_pinterest_share_type":"","_linkedin_share_type_page":"","_instagram_share_type":"","_medium_share_type":"","_threads_share_type":"","_google_business_share_type":"","_selected_social_profile":[],"_wpsp_enable_custom_social_template":false,"_wpsp_social_scheduling":{"enabled":false,"datetime":null,"platforms":[],"status":"template_only","dateOption":"today","timeOption":"now","customDays":"","customHours":"","customDate":"","customTime":"","schedulingType":"absolute"},"_wpsp_active_default_template":true},"categories":[31],"tags":[],"class_list":["post-5013","post","type-post","status-publish","format-standard","hentry","category-regions"],"aioseo_notices":[],"yoast_head":"<!-- This site is optimized with the Yoast SEO plugin v27.5 - https:\/\/yoast.com\/product\/yoast-seo-wordpress\/ -->\n<title>Bouira : Campagne de vaccination pour les personnels de l\u2019Education - La Sentinelle<\/title>\n<meta name=\"robots\" content=\"index, follow, max-snippet:-1, max-image-preview:large, max-video-preview:-1\" \/>\n<link rel=\"canonical\" href=\"https:\/\/lasentinelle.dz\/index.php\/2021\/08\/24\/bouira-campagne-de-vaccination-pour-les-personnels-de-leducation\/\" \/>\n<meta property=\"og:locale\" content=\"fr_FR\" \/>\n<meta property=\"og:type\" content=\"article\" \/>\n<meta property=\"og:title\" content=\"Bouira : Campagne de vaccination pour les personnels de l\u2019Education - La Sentinelle\" \/>\n<meta property=\"og:description\" content=\"Une campagne de vaccination contre la Covid-19 a \u00e9t\u00e9 lanc\u00e9e \u00e0 Bouira au profit des employ\u00e9s de l\u2019Education et ce\" \/>\n<meta property=\"og:url\" content=\"https:\/\/lasentinelle.dz\/index.php\/2021\/08\/24\/bouira-campagne-de-vaccination-pour-les-personnels-de-leducation\/\" \/>\n<meta property=\"og:site_name\" content=\"La Sentinelle\" \/>\n<meta property=\"article:publisher\" content=\"https:\/\/www.facebook.com\/La-Sentinelle-104059864394773\" \/>\n<meta property=\"article:published_time\" content=\"2021-08-23T23:01:00+00:00\" \/>\n<meta name=\"author\" content=\"La Sentinelle\" \/>\n<meta name=\"twitter:card\" content=\"summary_large_image\" \/>\n<meta name=\"twitter:label1\" content=\"\u00c9crit par\" \/>\n\t<meta name=\"twitter:data1\" content=\"La Sentinelle\" \/>\n\t<meta name=\"twitter:label2\" content=\"Dur\u00e9e de lecture estim\u00e9e\" \/>\n\t<meta name=\"twitter:data2\" content=\"2 minutes\" \/>\n<script type=\"application\/ld+json\" class=\"yoast-schema-graph\">{\"@context\":\"https:\\\/\\\/schema.org\",\"@graph\":[{\"@type\":\"Article\",\"@id\":\"https:\\\/\\\/lasentinelle.dz\\\/index.php\\\/2021\\\/08\\\/24\\\/bouira-campagne-de-vaccination-pour-les-personnels-de-leducation\\\/#article\",\"isPartOf\":{\"@id\":\"https:\\\/\\\/lasentinelle.dz\\\/index.php\\\/2021\\\/08\\\/24\\\/bouira-campagne-de-vaccination-pour-les-personnels-de-leducation\\\/\"},\"author\":{\"name\":\"La Sentinelle\",\"@id\":\"https:\\\/\\\/lasentinelle.dz\\\/#\\\/schema\\\/person\\\/d865044e22e70a75174ce8bcad3acfb3\"},\"headline\":\"Bouira : Campagne de vaccination pour les personnels de l\u2019Education\",\"datePublished\":\"2021-08-23T23:01:00+00:00\",\"mainEntityOfPage\":{\"@id\":\"https:\\\/\\\/lasentinelle.dz\\\/index.php\\\/2021\\\/08\\\/24\\\/bouira-campagne-de-vaccination-pour-les-personnels-de-leducation\\\/\"},\"wordCount\":395,\"commentCount\":0,\"publisher\":{\"@id\":\"https:\\\/\\\/lasentinelle.dz\\\/#organization\"},\"articleSection\":[\"R\u00e9gions\"],\"inLanguage\":\"fr-FR\",\"potentialAction\":[{\"@type\":\"CommentAction\",\"name\":\"Comment\",\"target\":[\"https:\\\/\\\/lasentinelle.dz\\\/index.php\\\/2021\\\/08\\\/24\\\/bouira-campagne-de-vaccination-pour-les-personnels-de-leducation\\\/#respond\"]}]},{\"@type\":\"WebPage\",\"@id\":\"https:\\\/\\\/lasentinelle.dz\\\/index.php\\\/2021\\\/08\\\/24\\\/bouira-campagne-de-vaccination-pour-les-personnels-de-leducation\\\/\",\"url\":\"https:\\\/\\\/lasentinelle.dz\\\/index.php\\\/2021\\\/08\\\/24\\\/bouira-campagne-de-vaccination-pour-les-personnels-de-leducation\\\/\",\"name\":\"Bouira : Campagne de vaccination pour les personnels de l\u2019Education - La Sentinelle\",\"isPartOf\":{\"@id\":\"https:\\\/\\\/lasentinelle.dz\\\/#website\"},\"datePublished\":\"2021-08-23T23:01:00+00:00\",\"breadcrumb\":{\"@id\":\"https:\\\/\\\/lasentinelle.dz\\\/index.php\\\/2021\\\/08\\\/24\\\/bouira-campagne-de-vaccination-pour-les-personnels-de-leducation\\\/#breadcrumb\"},\"inLanguage\":\"fr-FR\",\"potentialAction\":[{\"@type\":\"ReadAction\",\"target\":[\"https:\\\/\\\/lasentinelle.dz\\\/index.php\\\/2021\\\/08\\\/24\\\/bouira-campagne-de-vaccination-pour-les-personnels-de-leducation\\\/\"]}]},{\"@type\":\"BreadcrumbList\",\"@id\":\"https:\\\/\\\/lasentinelle.dz\\\/index.php\\\/2021\\\/08\\\/24\\\/bouira-campagne-de-vaccination-pour-les-personnels-de-leducation\\\/#breadcrumb\",\"itemListElement\":[{\"@type\":\"ListItem\",\"position\":1,\"name\":\"Accueil\",\"item\":\"https:\\\/\\\/lasentinelle.dz\\\/\"},{\"@type\":\"ListItem\",\"position\":2,\"name\":\"Bouira : Campagne de vaccination pour les personnels de l\u2019Education\"}]},{\"@type\":\"WebSite\",\"@id\":\"https:\\\/\\\/lasentinelle.dz\\\/#website\",\"url\":\"https:\\\/\\\/lasentinelle.dz\\\/\",\"name\":\"La Sentinelle\",\"description\":\"Quotidien national d&#039;information\",\"publisher\":{\"@id\":\"https:\\\/\\\/lasentinelle.dz\\\/#organization\"},\"potentialAction\":[{\"@type\":\"SearchAction\",\"target\":{\"@type\":\"EntryPoint\",\"urlTemplate\":\"https:\\\/\\\/lasentinelle.dz\\\/?s={search_term_string}\"},\"query-input\":{\"@type\":\"PropertyValueSpecification\",\"valueRequired\":true,\"valueName\":\"search_term_string\"}}],\"inLanguage\":\"fr-FR\"},{\"@type\":\"Organization\",\"@id\":\"https:\\\/\\\/lasentinelle.dz\\\/#organization\",\"name\":\"Quotidien La Sentinelle\",\"url\":\"https:\\\/\\\/lasentinelle.dz\\\/\",\"logo\":{\"@type\":\"ImageObject\",\"inLanguage\":\"fr-FR\",\"@id\":\"https:\\\/\\\/lasentinelle.dz\\\/#\\\/schema\\\/logo\\\/image\\\/\",\"url\":\"https:\\\/\\\/lasentinelle.dz\\\/wp-content\\\/uploads\\\/2021\\\/09\\\/logo-sentinelleSLOGAN-1.png\",\"contentUrl\":\"https:\\\/\\\/lasentinelle.dz\\\/wp-content\\\/uploads\\\/2021\\\/09\\\/logo-sentinelleSLOGAN-1.png\",\"width\":615,\"height\":142,\"caption\":\"Quotidien La Sentinelle\"},\"image\":{\"@id\":\"https:\\\/\\\/lasentinelle.dz\\\/#\\\/schema\\\/logo\\\/image\\\/\"},\"sameAs\":[\"https:\\\/\\\/www.facebook.com\\\/La-Sentinelle-104059864394773\"]},{\"@type\":\"Person\",\"@id\":\"https:\\\/\\\/lasentinelle.dz\\\/#\\\/schema\\\/person\\\/d865044e22e70a75174ce8bcad3acfb3\",\"name\":\"La Sentinelle\",\"image\":{\"@type\":\"ImageObject\",\"inLanguage\":\"fr-FR\",\"@id\":\"https:\\\/\\\/secure.gravatar.com\\\/avatar\\\/57de8e5d4b15d43fb361a71fbb36338450fe67865b528a43dd10ef7c51a20392?s=96&d=mm&r=g\",\"url\":\"https:\\\/\\\/secure.gravatar.com\\\/avatar\\\/57de8e5d4b15d43fb361a71fbb36338450fe67865b528a43dd10ef7c51a20392?s=96&d=mm&r=g\",\"contentUrl\":\"https:\\\/\\\/secure.gravatar.com\\\/avatar\\\/57de8e5d4b15d43fb361a71fbb36338450fe67865b528a43dd10ef7c51a20392?s=96&d=mm&r=g\",\"caption\":\"La Sentinelle\"},\"sameAs\":[\"http:\\\/\\\/www.lasentinelle.dz\"],\"url\":\"https:\\\/\\\/lasentinelle.dz\\\/author\\\/redaction\\\/\"}]}<\/script>\n<!-- \/ Yoast SEO plugin. -->","yoast_head_json":{"title":"Bouira : Campagne de vaccination pour les personnels de l\u2019Education - La Sentinelle","robots":{"index":"index","follow":"follow","max-snippet":"max-snippet:-1","max-image-preview":"max-image-preview:large","max-video-preview":"max-video-preview:-1"},"canonical":"https:\/\/lasentinelle.dz\/index.php\/2021\/08\/24\/bouira-campagne-de-vaccination-pour-les-personnels-de-leducation\/","og_locale":"fr_FR","og_type":"article","og_title":"Bouira : Campagne de vaccination pour les personnels de l\u2019Education - La Sentinelle","og_description":"Une campagne de vaccination contre la Covid-19 a \u00e9t\u00e9 lanc\u00e9e \u00e0 Bouira au profit des employ\u00e9s de l\u2019Education et ce","og_url":"https:\/\/lasentinelle.dz\/index.php\/2021\/08\/24\/bouira-campagne-de-vaccination-pour-les-personnels-de-leducation\/","og_site_name":"La Sentinelle","article_publisher":"https:\/\/www.facebook.com\/La-Sentinelle-104059864394773","article_published_time":"2021-08-23T23:01:00+00:00","author":"La Sentinelle","twitter_card":"summary_large_image","twitter_misc":{"\u00c9crit par":"La Sentinelle","Dur\u00e9e de lecture estim\u00e9e":"2 minutes"},"schema":{"@context":"https:\/\/schema.org","@graph":[{"@type":"Article","@id":"https:\/\/lasentinelle.dz\/index.php\/2021\/08\/24\/bouira-campagne-de-vaccination-pour-les-personnels-de-leducation\/#article","isPartOf":{"@id":"https:\/\/lasentinelle.dz\/index.php\/2021\/08\/24\/bouira-campagne-de-vaccination-pour-les-personnels-de-leducation\/"},"author":{"name":"La Sentinelle","@id":"https:\/\/lasentinelle.dz\/#\/schema\/person\/d865044e22e70a75174ce8bcad3acfb3"},"headline":"Bouira : Campagne de vaccination pour les personnels de l\u2019Education","datePublished":"2021-08-23T23:01:00+00:00","mainEntityOfPage":{"@id":"https:\/\/lasentinelle.dz\/index.php\/2021\/08\/24\/bouira-campagne-de-vaccination-pour-les-personnels-de-leducation\/"},"wordCount":395,"commentCount":0,"publisher":{"@id":"https:\/\/lasentinelle.dz\/#organization"},"articleSection":["R\u00e9gions"],"inLanguage":"fr-FR","potentialAction":[{"@type":"CommentAction","name":"Comment","target":["https:\/\/lasentinelle.dz\/index.php\/2021\/08\/24\/bouira-campagne-de-vaccination-pour-les-personnels-de-leducation\/#respond"]}]},{"@type":"WebPage","@id":"https:\/\/lasentinelle.dz\/index.php\/2021\/08\/24\/bouira-campagne-de-vaccination-pour-les-personnels-de-leducation\/","url":"https:\/\/lasentinelle.dz\/index.php\/2021\/08\/24\/bouira-campagne-de-vaccination-pour-les-personnels-de-leducation\/","name":"Bouira : Campagne de vaccination pour les personnels de l\u2019Education - La Sentinelle","isPartOf":{"@id":"https:\/\/lasentinelle.dz\/#website"},"datePublished":"2021-08-23T23:01:00+00:00","breadcrumb":{"@id":"https:\/\/lasentinelle.dz\/index.php\/2021\/08\/24\/bouira-campagne-de-vaccination-pour-les-personnels-de-leducation\/#breadcrumb"},"inLanguage":"fr-FR","potentialAction":[{"@type":"ReadAction","target":["https:\/\/lasentinelle.dz\/index.php\/2021\/08\/24\/bouira-campagne-de-vaccination-pour-les-personnels-de-leducation\/"]}]},{"@type":"BreadcrumbList","@id":"https:\/\/lasentinelle.dz\/index.php\/2021\/08\/24\/bouira-campagne-de-vaccination-pour-les-personnels-de-leducation\/#breadcrumb","itemListElement":[{"@type":"ListItem","position":1,"name":"Accueil","item":"https:\/\/lasentinelle.dz\/"},{"@type":"ListItem","position":2,"name":"Bouira : Campagne de vaccination pour les personnels de l\u2019Education"}]},{"@type":"WebSite","@id":"https:\/\/lasentinelle.dz\/#website","url":"https:\/\/lasentinelle.dz\/","name":"La Sentinelle","description":"Quotidien national d&#039;information","publisher":{"@id":"https:\/\/lasentinelle.dz\/#organization"},"potentialAction":[{"@type":"SearchAction","target":{"@type":"EntryPoint","urlTemplate":"https:\/\/lasentinelle.dz\/?s={search_term_string}"},"query-input":{"@type":"PropertyValueSpecification","valueRequired":true,"valueName":"search_term_string"}}],"inLanguage":"fr-FR"},{"@type":"Organization","@id":"https:\/\/lasentinelle.dz\/#organization","name":"Quotidien La Sentinelle","url":"https:\/\/lasentinelle.dz\/","logo":{"@type":"ImageObject","inLanguage":"fr-FR","@id":"https:\/\/lasentinelle.dz\/#\/schema\/logo\/image\/","url":"https:\/\/lasentinelle.dz\/wp-content\/uploads\/2021\/09\/logo-sentinelleSLOGAN-1.png","contentUrl":"https:\/\/lasentinelle.dz\/wp-content\/uploads\/2021\/09\/logo-sentinelleSLOGAN-1.png","width":615,"height":142,"caption":"Quotidien La Sentinelle"},"image":{"@id":"https:\/\/lasentinelle.dz\/#\/schema\/logo\/image\/"},"sameAs":["https:\/\/www.facebook.com\/La-Sentinelle-104059864394773"]},{"@type":"Person","@id":"https:\/\/lasentinelle.dz\/#\/schema\/person\/d865044e22e70a75174ce8bcad3acfb3","name":"La Sentinelle","image":{"@type":"ImageObject","inLanguage":"fr-FR","@id":"https:\/\/secure.gravatar.com\/avatar\/57de8e5d4b15d43fb361a71fbb36338450fe67865b528a43dd10ef7c51a20392?s=96&d=mm&r=g","url":"https:\/\/secure.gravatar.com\/avatar\/57de8e5d4b15d43fb361a71fbb36338450fe67865b528a43dd10ef7c51a20392?s=96&d=mm&r=g","contentUrl":"https:\/\/secure.gravatar.com\/avatar\/57de8e5d4b15d43fb361a71fbb36338450fe67865b528a43dd10ef7c51a20392?s=96&d=mm&r=g","caption":"La Sentinelle"},"sameAs":["http:\/\/www.lasentinelle.dz"],"url":"https:\/\/lasentinelle.dz\/author\/redaction\/"}]}},"_links":{"self":[{"href":"https:\/\/lasentinelle.dz\/index.php\/wp-json\/wp\/v2\/posts\/5013","targetHints":{"allow":["GET"]}}],"collection":[{"href":"https:\/\/lasentinelle.dz\/index.php\/wp-json\/wp\/v2\/posts"}],"about":[{"href":"https:\/\/lasentinelle.dz\/index.php\/wp-json\/wp\/v2\/types\/post"}],"author":[{"embeddable":true,"href":"https:\/\/lasentinelle.dz\/index.php\/wp-json\/wp\/v2\/users\/3"}],"replies":[{"embeddable":true,"href":"https:\/\/lasentinelle.dz\/index.php\/wp-json\/wp\/v2\/comments?post=5013"}],"version-history":[{"count":1,"href":"https:\/\/lasentinelle.dz\/index.php\/wp-json\/wp\/v2\/posts\/5013\/revisions"}],"predecessor-version":[{"id":5073,"href":"https:\/\/lasentinelle.dz\/index.php\/wp-json\/wp\/v2\/posts\/5013\/revisions\/5073"}],"wp:attachment":[{"href":"https:\/\/lasentinelle.dz\/index.php\/wp-json\/wp\/v2\/media?parent=5013"}],"wp:term":[{"taxonomy":"category","embeddable":true,"href":"https:\/\/lasentinelle.dz\/index.php\/wp-json\/wp\/v2\/categories?post=5013"},{"taxonomy":"post_tag","embeddable":true,"href":"https:\/\/lasentinelle.dz\/index.php\/wp-json\/wp\/v2\/tags?post=5013"}],"curies":[{"name":"wp","href":"https:\/\/api.w.org\/{rel}","templated":true}]}}