{"id":50161,"date":"2024-03-07T15:09:00","date_gmt":"2024-03-07T14:09:00","guid":{"rendered":"https:\/\/lasentinelle.dz\/?p=50161"},"modified":"2024-03-09T15:10:31","modified_gmt":"2024-03-09T14:10:31","slug":"vacances-scolaires-de-printemps-belaabed-recommande-louverture-des-ecoles-pour-les-revisions","status":"publish","type":"post","link":"https:\/\/lasentinelle.dz\/index.php\/2024\/03\/07\/vacances-scolaires-de-printemps-belaabed-recommande-louverture-des-ecoles-pour-les-revisions\/","title":{"rendered":"Vacances scolaires de printemps\u00a0: Belaabed recommande l\u2019ouverture des \u00e9coles pour les r\u00e9visions"},"content":{"rendered":"\n<p>Le ministre de l\u2019\u00c9ducation nationale ambitionne de consacrer l\u2019ouverture des \u00e9tablissements scolaires une semaine, durant les vacances, comme tradition. Lors d\u2019une r\u00e9union pr\u00e9paratoire consacr\u00e9e \u00e0 l\u2019examen des derniers d\u00e9tails relatifs au colloque national sur la transition num\u00e9rique, pr\u00e9vu les 8 et 9 mars, Abdelhakim Belaabed a saisi l\u2019opportunit\u00e9 pour \u00e9voquer plusieurs questions relatives \u00e0 la gestion du secteur comme l\u2019impact des derni\u00e8res intemp\u00e9ries sur certains \u00e9tablissements scolaires, mais aussi les prochaines vacances scolaires. Ainsi, et selon un communiqu\u00e9 du minist\u00e8re de l\u2019\u00c9ducation nationale, apr\u00e8s avoir suivi l\u2019\u00e9tat d\u2019avancement des op\u00e9rations d\u2019organisation p\u00e9dagogique et de gestion, wilaya par wilaya, Abdelhakim Belaabed \u00ab a recommand\u00e9 l\u2019ouverture des \u00e9tablissements scolaires aux \u00e9l\u00e8ves lors de la premi\u00e8re semaine des vacances de printemps pour le soutien et la r\u00e9vision, d\u2019autant que cette initiative a connu un succ\u00e8s consid\u00e9rable aupr\u00e8s des \u00e9l\u00e8ves durant la premi\u00e8re semaine des vacances d\u2019hiver \u00bb. Rappelons dans ce contexte, que les vacances de printemps d\u00e9buteront cette ann\u00e9e, l\u2019apr\u00e8s-midi du jeudi 21 mars en cours, alors que les cours reprendront le matin du dimanche 7 avril prochain.<\/p>\n\n\n\n<p>Au cours de cette r\u00e9union, le ministre a, en outre, suivi la situation de la prise en charge des \u00e9tablissements scolaires ayant connu des infiltrations d\u2019eau dues aux r\u00e9centes intemp\u00e9ries, soulignant \u00ab les r\u00e9sultats positifs \u00bb des mesures proactives prises par le minist\u00e8re \u00e0 cet \u00e9gard, dont \u00ab le syst\u00e8me d\u2019alerte sur l\u2019\u00e9tat de chauffage qui a permis une intervention rapide et efficace pour assurer l\u2019entretien des appareils de chauffage dans les \u00e9tablissements scolaires. Aucun probl\u00e8me n\u2019a \u00e9t\u00e9 enregistr\u00e9 \u00e0 ce sujet&nbsp;\u00bb, souligne le communiqu\u00e9. Concernant, le colloque national sur la transition num\u00e9rique, Belaabed a \u00e9voqu\u00e9 \u00ab les principaux axes du colloque national sur l\u2019\u00e9valuation de la transition num\u00e9rique dans le secteur de l\u2019Education nationale, qui aura lieu au Lyc\u00e9e national des math\u00e9matiques +Chahid Mohand Mokhbi+ \u00e0 Kouba les 8 et 9 mars \u00bb, note le communiqu\u00e9.&nbsp; Cet \u00e9v\u00e9nement national se d\u00e9roulera \u00e9galement en pr\u00e9sence \u00ab des partenaires sociaux dont les organisations nationales de parents d\u2019\u00e9l\u00e8ves et les repr\u00e9sentants des syndicats agr\u00e9\u00e9s du secteur, ainsi que les pr\u00e9sidents descommissions de l\u2019Education, de l\u2019Enseignement sup\u00e9rieur et de la Formation professionnelle des deux chambres du Parlement, afin d\u2019\u00e9couter leurs observations et suggestions \u00e0 cet \u00e9gard \u00bb.<\/p>\n\n\n\n<p>La r\u00e9union a aussi port\u00e9 sur \u00ab la c\u00e9l\u00e9bration de la Journ\u00e9e mondiale des math\u00e9matiques, ainsi que l\u2019\u00e9valuation des diff\u00e9rentes op\u00e9rations p\u00e9dagogiques et le suivi de celles li\u00e9es \u00e0 la gestion des ressources financi\u00e8res, mat\u00e9rielles et humaines r\u00e9alis\u00e9es au cours du deuxi\u00e8me trimestre de l\u2019ann\u00e9e scolaire 2023-2024 \u00bb.<\/p>\n\n\n\n<p>A ce propos de cette journ\u00e9e c\u00e9l\u00e9br\u00e9e le 14 mars de chaque ann\u00e9e, le ministre a ordonn\u00e9 \u00ab l\u2019organisation d\u2019\u00e9v\u00e8nements au niveau local en sus de la c\u00e9r\u00e9monie qui sera organis\u00e9e par le minist\u00e8re au niveau central \u00bb, rappelant l\u2019importance que le pr\u00e9sident de la R\u00e9publique, M. Abdelmadjid Tebboune, accorde dans son programme aux math\u00e9matiques et aux mati\u00e8res scientifiques \u00bb.<\/p>\n\n\n\n<p><strong>Chokri Hafed<\/strong><\/p>\n","protected":false},"excerpt":{"rendered":"<p>Le ministre de l\u2019\u00c9ducation nationale ambitionne de consacrer l\u2019ouverture des \u00e9tablissements scolaires une semaine, durant les vacances, comme tradition. Lors<\/p>\n","protected":false},"author":3,"featured_media":30213,"comment_status":"open","ping_status":"closed","sticky":false,"template":"","format":"standard","meta":{"colormag_page_container_layout":"default_layout","colormag_page_sidebar_layout":"default_layout","om_disable_all_campaigns":false,"_monsterinsights_skip_tracking":false,"_monsterinsights_sitenote_active":false,"_monsterinsights_sitenote_note":"","_monsterinsights_sitenote_category":0,"footnotes":"","_wpscppro_dont_share_socialmedia":false,"_wpscppro_custom_social_share_image":0,"_facebook_share_type":"","_twitter_share_type":"","_linkedin_share_type":"","_pinterest_share_type":"","_linkedin_share_type_page":"","_instagram_share_type":"","_medium_share_type":"","_threads_share_type":"","_google_business_share_type":"","_selected_social_profile":[],"_wpsp_enable_custom_social_template":false,"_wpsp_social_scheduling":{"enabled":false,"datetime":null,"platforms":[],"status":"template_only","dateOption":"today","timeOption":"now","customDays":"","customHours":"","customDate":"","customTime":"","schedulingType":"absolute"},"_wpsp_active_default_template":true},"categories":[27],"tags":[],"class_list":["post-50161","post","type-post","status-publish","format-standard","has-post-thumbnail","hentry","category-actualite"],"aioseo_notices":[],"yoast_head":"<!-- This site is optimized with the Yoast SEO plugin v27.5 - https:\/\/yoast.com\/product\/yoast-seo-wordpress\/ -->\n<title>Vacances scolaires de printemps\u00a0: Belaabed recommande l\u2019ouverture des \u00e9coles pour les r\u00e9visions - La Sentinelle<\/title>\n<meta name=\"robots\" content=\"index, follow, max-snippet:-1, max-image-preview:large, max-video-preview:-1\" \/>\n<link rel=\"canonical\" href=\"https:\/\/lasentinelle.dz\/index.php\/2024\/03\/07\/vacances-scolaires-de-printemps-belaabed-recommande-louverture-des-ecoles-pour-les-revisions\/\" \/>\n<meta property=\"og:locale\" content=\"fr_FR\" \/>\n<meta property=\"og:type\" content=\"article\" \/>\n<meta property=\"og:title\" content=\"Vacances scolaires de printemps\u00a0: Belaabed recommande l\u2019ouverture des \u00e9coles pour les r\u00e9visions - La Sentinelle\" \/>\n<meta property=\"og:description\" content=\"Le ministre de l\u2019\u00c9ducation nationale ambitionne de consacrer l\u2019ouverture des \u00e9tablissements scolaires une semaine, durant les vacances, comme tradition. Lors\" \/>\n<meta property=\"og:url\" content=\"https:\/\/lasentinelle.dz\/index.php\/2024\/03\/07\/vacances-scolaires-de-printemps-belaabed-recommande-louverture-des-ecoles-pour-les-revisions\/\" \/>\n<meta property=\"og:site_name\" content=\"La Sentinelle\" \/>\n<meta property=\"article:publisher\" content=\"https:\/\/www.facebook.com\/La-Sentinelle-104059864394773\" \/>\n<meta property=\"article:published_time\" content=\"2024-03-07T14:09:00+00:00\" \/>\n<meta property=\"article:modified_time\" content=\"2024-03-09T14:10:31+00:00\" \/>\n<meta property=\"og:image\" content=\"https:\/\/lasentinelle.dz\/wp-content\/uploads\/2022\/11\/Belabed.png\" \/>\n\t<meta property=\"og:image:width\" content=\"1427\" \/>\n\t<meta property=\"og:image:height\" content=\"900\" \/>\n\t<meta property=\"og:image:type\" content=\"image\/png\" \/>\n<meta name=\"author\" content=\"La Sentinelle\" \/>\n<meta name=\"twitter:card\" content=\"summary_large_image\" \/>\n<meta name=\"twitter:label1\" content=\"\u00c9crit par\" \/>\n\t<meta name=\"twitter:data1\" content=\"La Sentinelle\" \/>\n\t<meta name=\"twitter:label2\" content=\"Dur\u00e9e de lecture estim\u00e9e\" \/>\n\t<meta name=\"twitter:data2\" content=\"3 minutes\" \/>\n<script type=\"application\/ld+json\" class=\"yoast-schema-graph\">{\"@context\":\"https:\\\/\\\/schema.org\",\"@graph\":[{\"@type\":\"Article\",\"@id\":\"https:\\\/\\\/lasentinelle.dz\\\/index.php\\\/2024\\\/03\\\/07\\\/vacances-scolaires-de-printemps-belaabed-recommande-louverture-des-ecoles-pour-les-revisions\\\/#article\",\"isPartOf\":{\"@id\":\"https:\\\/\\\/lasentinelle.dz\\\/index.php\\\/2024\\\/03\\\/07\\\/vacances-scolaires-de-printemps-belaabed-recommande-louverture-des-ecoles-pour-les-revisions\\\/\"},\"author\":{\"name\":\"La Sentinelle\",\"@id\":\"https:\\\/\\\/lasentinelle.dz\\\/#\\\/schema\\\/person\\\/d865044e22e70a75174ce8bcad3acfb3\"},\"headline\":\"Vacances scolaires de printemps\u00a0: Belaabed recommande l\u2019ouverture des \u00e9coles pour les r\u00e9visions\",\"datePublished\":\"2024-03-07T14:09:00+00:00\",\"dateModified\":\"2024-03-09T14:10:31+00:00\",\"mainEntityOfPage\":{\"@id\":\"https:\\\/\\\/lasentinelle.dz\\\/index.php\\\/2024\\\/03\\\/07\\\/vacances-scolaires-de-printemps-belaabed-recommande-louverture-des-ecoles-pour-les-revisions\\\/\"},\"wordCount\":568,\"commentCount\":0,\"publisher\":{\"@id\":\"https:\\\/\\\/lasentinelle.dz\\\/#organization\"},\"image\":{\"@id\":\"https:\\\/\\\/lasentinelle.dz\\\/index.php\\\/2024\\\/03\\\/07\\\/vacances-scolaires-de-printemps-belaabed-recommande-louverture-des-ecoles-pour-les-revisions\\\/#primaryimage\"},\"thumbnailUrl\":\"https:\\\/\\\/lasentinelle.dz\\\/wp-content\\\/uploads\\\/2022\\\/11\\\/Belabed.png\",\"articleSection\":[\"Actualit\u00e9\"],\"inLanguage\":\"fr-FR\",\"potentialAction\":[{\"@type\":\"CommentAction\",\"name\":\"Comment\",\"target\":[\"https:\\\/\\\/lasentinelle.dz\\\/index.php\\\/2024\\\/03\\\/07\\\/vacances-scolaires-de-printemps-belaabed-recommande-louverture-des-ecoles-pour-les-revisions\\\/#respond\"]}]},{\"@type\":\"WebPage\",\"@id\":\"https:\\\/\\\/lasentinelle.dz\\\/index.php\\\/2024\\\/03\\\/07\\\/vacances-scolaires-de-printemps-belaabed-recommande-louverture-des-ecoles-pour-les-revisions\\\/\",\"url\":\"https:\\\/\\\/lasentinelle.dz\\\/index.php\\\/2024\\\/03\\\/07\\\/vacances-scolaires-de-printemps-belaabed-recommande-louverture-des-ecoles-pour-les-revisions\\\/\",\"name\":\"Vacances scolaires de printemps\u00a0: Belaabed recommande l\u2019ouverture des \u00e9coles pour les r\u00e9visions - La Sentinelle\",\"isPartOf\":{\"@id\":\"https:\\\/\\\/lasentinelle.dz\\\/#website\"},\"primaryImageOfPage\":{\"@id\":\"https:\\\/\\\/lasentinelle.dz\\\/index.php\\\/2024\\\/03\\\/07\\\/vacances-scolaires-de-printemps-belaabed-recommande-louverture-des-ecoles-pour-les-revisions\\\/#primaryimage\"},\"image\":{\"@id\":\"https:\\\/\\\/lasentinelle.dz\\\/index.php\\\/2024\\\/03\\\/07\\\/vacances-scolaires-de-printemps-belaabed-recommande-louverture-des-ecoles-pour-les-revisions\\\/#primaryimage\"},\"thumbnailUrl\":\"https:\\\/\\\/lasentinelle.dz\\\/wp-content\\\/uploads\\\/2022\\\/11\\\/Belabed.png\",\"datePublished\":\"2024-03-07T14:09:00+00:00\",\"dateModified\":\"2024-03-09T14:10:31+00:00\",\"breadcrumb\":{\"@id\":\"https:\\\/\\\/lasentinelle.dz\\\/index.php\\\/2024\\\/03\\\/07\\\/vacances-scolaires-de-printemps-belaabed-recommande-louverture-des-ecoles-pour-les-revisions\\\/#breadcrumb\"},\"inLanguage\":\"fr-FR\",\"potentialAction\":[{\"@type\":\"ReadAction\",\"target\":[\"https:\\\/\\\/lasentinelle.dz\\\/index.php\\\/2024\\\/03\\\/07\\\/vacances-scolaires-de-printemps-belaabed-recommande-louverture-des-ecoles-pour-les-revisions\\\/\"]}]},{\"@type\":\"ImageObject\",\"inLanguage\":\"fr-FR\",\"@id\":\"https:\\\/\\\/lasentinelle.dz\\\/index.php\\\/2024\\\/03\\\/07\\\/vacances-scolaires-de-printemps-belaabed-recommande-louverture-des-ecoles-pour-les-revisions\\\/#primaryimage\",\"url\":\"https:\\\/\\\/lasentinelle.dz\\\/wp-content\\\/uploads\\\/2022\\\/11\\\/Belabed.png\",\"contentUrl\":\"https:\\\/\\\/lasentinelle.dz\\\/wp-content\\\/uploads\\\/2022\\\/11\\\/Belabed.png\",\"width\":1427,\"height\":900},{\"@type\":\"BreadcrumbList\",\"@id\":\"https:\\\/\\\/lasentinelle.dz\\\/index.php\\\/2024\\\/03\\\/07\\\/vacances-scolaires-de-printemps-belaabed-recommande-louverture-des-ecoles-pour-les-revisions\\\/#breadcrumb\",\"itemListElement\":[{\"@type\":\"ListItem\",\"position\":1,\"name\":\"Accueil\",\"item\":\"https:\\\/\\\/lasentinelle.dz\\\/\"},{\"@type\":\"ListItem\",\"position\":2,\"name\":\"Vacances scolaires de printemps\u00a0: Belaabed recommande l\u2019ouverture des \u00e9coles pour les r\u00e9visions\"}]},{\"@type\":\"WebSite\",\"@id\":\"https:\\\/\\\/lasentinelle.dz\\\/#website\",\"url\":\"https:\\\/\\\/lasentinelle.dz\\\/\",\"name\":\"La Sentinelle\",\"description\":\"Quotidien national d&#039;information\",\"publisher\":{\"@id\":\"https:\\\/\\\/lasentinelle.dz\\\/#organization\"},\"potentialAction\":[{\"@type\":\"SearchAction\",\"target\":{\"@type\":\"EntryPoint\",\"urlTemplate\":\"https:\\\/\\\/lasentinelle.dz\\\/?s={search_term_string}\"},\"query-input\":{\"@type\":\"PropertyValueSpecification\",\"valueRequired\":true,\"valueName\":\"search_term_string\"}}],\"inLanguage\":\"fr-FR\"},{\"@type\":\"Organization\",\"@id\":\"https:\\\/\\\/lasentinelle.dz\\\/#organization\",\"name\":\"Quotidien La Sentinelle\",\"url\":\"https:\\\/\\\/lasentinelle.dz\\\/\",\"logo\":{\"@type\":\"ImageObject\",\"inLanguage\":\"fr-FR\",\"@id\":\"https:\\\/\\\/lasentinelle.dz\\\/#\\\/schema\\\/logo\\\/image\\\/\",\"url\":\"https:\\\/\\\/lasentinelle.dz\\\/wp-content\\\/uploads\\\/2021\\\/09\\\/logo-sentinelleSLOGAN-1.png\",\"contentUrl\":\"https:\\\/\\\/lasentinelle.dz\\\/wp-content\\\/uploads\\\/2021\\\/09\\\/logo-sentinelleSLOGAN-1.png\",\"width\":615,\"height\":142,\"caption\":\"Quotidien La Sentinelle\"},\"image\":{\"@id\":\"https:\\\/\\\/lasentinelle.dz\\\/#\\\/schema\\\/logo\\\/image\\\/\"},\"sameAs\":[\"https:\\\/\\\/www.facebook.com\\\/La-Sentinelle-104059864394773\"]},{\"@type\":\"Person\",\"@id\":\"https:\\\/\\\/lasentinelle.dz\\\/#\\\/schema\\\/person\\\/d865044e22e70a75174ce8bcad3acfb3\",\"name\":\"La Sentinelle\",\"image\":{\"@type\":\"ImageObject\",\"inLanguage\":\"fr-FR\",\"@id\":\"https:\\\/\\\/secure.gravatar.com\\\/avatar\\\/57de8e5d4b15d43fb361a71fbb36338450fe67865b528a43dd10ef7c51a20392?s=96&d=mm&r=g\",\"url\":\"https:\\\/\\\/secure.gravatar.com\\\/avatar\\\/57de8e5d4b15d43fb361a71fbb36338450fe67865b528a43dd10ef7c51a20392?s=96&d=mm&r=g\",\"contentUrl\":\"https:\\\/\\\/secure.gravatar.com\\\/avatar\\\/57de8e5d4b15d43fb361a71fbb36338450fe67865b528a43dd10ef7c51a20392?s=96&d=mm&r=g\",\"caption\":\"La Sentinelle\"},\"sameAs\":[\"http:\\\/\\\/www.lasentinelle.dz\"],\"url\":\"https:\\\/\\\/lasentinelle.dz\\\/author\\\/redaction\\\/\"}]}<\/script>\n<!-- \/ Yoast SEO plugin. -->","yoast_head_json":{"title":"Vacances scolaires de printemps\u00a0: Belaabed recommande l\u2019ouverture des \u00e9coles pour les r\u00e9visions - La Sentinelle","robots":{"index":"index","follow":"follow","max-snippet":"max-snippet:-1","max-image-preview":"max-image-preview:large","max-video-preview":"max-video-preview:-1"},"canonical":"https:\/\/lasentinelle.dz\/index.php\/2024\/03\/07\/vacances-scolaires-de-printemps-belaabed-recommande-louverture-des-ecoles-pour-les-revisions\/","og_locale":"fr_FR","og_type":"article","og_title":"Vacances scolaires de printemps\u00a0: Belaabed recommande l\u2019ouverture des \u00e9coles pour les r\u00e9visions - La Sentinelle","og_description":"Le ministre de l\u2019\u00c9ducation nationale ambitionne de consacrer l\u2019ouverture des \u00e9tablissements scolaires une semaine, durant les vacances, comme tradition. Lors","og_url":"https:\/\/lasentinelle.dz\/index.php\/2024\/03\/07\/vacances-scolaires-de-printemps-belaabed-recommande-louverture-des-ecoles-pour-les-revisions\/","og_site_name":"La Sentinelle","article_publisher":"https:\/\/www.facebook.com\/La-Sentinelle-104059864394773","article_published_time":"2024-03-07T14:09:00+00:00","article_modified_time":"2024-03-09T14:10:31+00:00","og_image":[{"width":1427,"height":900,"url":"https:\/\/lasentinelle.dz\/wp-content\/uploads\/2022\/11\/Belabed.png","type":"image\/png"}],"author":"La Sentinelle","twitter_card":"summary_large_image","twitter_misc":{"\u00c9crit par":"La Sentinelle","Dur\u00e9e de lecture estim\u00e9e":"3 minutes"},"schema":{"@context":"https:\/\/schema.org","@graph":[{"@type":"Article","@id":"https:\/\/lasentinelle.dz\/index.php\/2024\/03\/07\/vacances-scolaires-de-printemps-belaabed-recommande-louverture-des-ecoles-pour-les-revisions\/#article","isPartOf":{"@id":"https:\/\/lasentinelle.dz\/index.php\/2024\/03\/07\/vacances-scolaires-de-printemps-belaabed-recommande-louverture-des-ecoles-pour-les-revisions\/"},"author":{"name":"La Sentinelle","@id":"https:\/\/lasentinelle.dz\/#\/schema\/person\/d865044e22e70a75174ce8bcad3acfb3"},"headline":"Vacances scolaires de printemps\u00a0: Belaabed recommande l\u2019ouverture des \u00e9coles pour les r\u00e9visions","datePublished":"2024-03-07T14:09:00+00:00","dateModified":"2024-03-09T14:10:31+00:00","mainEntityOfPage":{"@id":"https:\/\/lasentinelle.dz\/index.php\/2024\/03\/07\/vacances-scolaires-de-printemps-belaabed-recommande-louverture-des-ecoles-pour-les-revisions\/"},"wordCount":568,"commentCount":0,"publisher":{"@id":"https:\/\/lasentinelle.dz\/#organization"},"image":{"@id":"https:\/\/lasentinelle.dz\/index.php\/2024\/03\/07\/vacances-scolaires-de-printemps-belaabed-recommande-louverture-des-ecoles-pour-les-revisions\/#primaryimage"},"thumbnailUrl":"https:\/\/lasentinelle.dz\/wp-content\/uploads\/2022\/11\/Belabed.png","articleSection":["Actualit\u00e9"],"inLanguage":"fr-FR","potentialAction":[{"@type":"CommentAction","name":"Comment","target":["https:\/\/lasentinelle.dz\/index.php\/2024\/03\/07\/vacances-scolaires-de-printemps-belaabed-recommande-louverture-des-ecoles-pour-les-revisions\/#respond"]}]},{"@type":"WebPage","@id":"https:\/\/lasentinelle.dz\/index.php\/2024\/03\/07\/vacances-scolaires-de-printemps-belaabed-recommande-louverture-des-ecoles-pour-les-revisions\/","url":"https:\/\/lasentinelle.dz\/index.php\/2024\/03\/07\/vacances-scolaires-de-printemps-belaabed-recommande-louverture-des-ecoles-pour-les-revisions\/","name":"Vacances scolaires de printemps\u00a0: Belaabed recommande l\u2019ouverture des \u00e9coles pour les r\u00e9visions - La Sentinelle","isPartOf":{"@id":"https:\/\/lasentinelle.dz\/#website"},"primaryImageOfPage":{"@id":"https:\/\/lasentinelle.dz\/index.php\/2024\/03\/07\/vacances-scolaires-de-printemps-belaabed-recommande-louverture-des-ecoles-pour-les-revisions\/#primaryimage"},"image":{"@id":"https:\/\/lasentinelle.dz\/index.php\/2024\/03\/07\/vacances-scolaires-de-printemps-belaabed-recommande-louverture-des-ecoles-pour-les-revisions\/#primaryimage"},"thumbnailUrl":"https:\/\/lasentinelle.dz\/wp-content\/uploads\/2022\/11\/Belabed.png","datePublished":"2024-03-07T14:09:00+00:00","dateModified":"2024-03-09T14:10:31+00:00","breadcrumb":{"@id":"https:\/\/lasentinelle.dz\/index.php\/2024\/03\/07\/vacances-scolaires-de-printemps-belaabed-recommande-louverture-des-ecoles-pour-les-revisions\/#breadcrumb"},"inLanguage":"fr-FR","potentialAction":[{"@type":"ReadAction","target":["https:\/\/lasentinelle.dz\/index.php\/2024\/03\/07\/vacances-scolaires-de-printemps-belaabed-recommande-louverture-des-ecoles-pour-les-revisions\/"]}]},{"@type":"ImageObject","inLanguage":"fr-FR","@id":"https:\/\/lasentinelle.dz\/index.php\/2024\/03\/07\/vacances-scolaires-de-printemps-belaabed-recommande-louverture-des-ecoles-pour-les-revisions\/#primaryimage","url":"https:\/\/lasentinelle.dz\/wp-content\/uploads\/2022\/11\/Belabed.png","contentUrl":"https:\/\/lasentinelle.dz\/wp-content\/uploads\/2022\/11\/Belabed.png","width":1427,"height":900},{"@type":"BreadcrumbList","@id":"https:\/\/lasentinelle.dz\/index.php\/2024\/03\/07\/vacances-scolaires-de-printemps-belaabed-recommande-louverture-des-ecoles-pour-les-revisions\/#breadcrumb","itemListElement":[{"@type":"ListItem","position":1,"name":"Accueil","item":"https:\/\/lasentinelle.dz\/"},{"@type":"ListItem","position":2,"name":"Vacances scolaires de printemps\u00a0: Belaabed recommande l\u2019ouverture des \u00e9coles pour les r\u00e9visions"}]},{"@type":"WebSite","@id":"https:\/\/lasentinelle.dz\/#website","url":"https:\/\/lasentinelle.dz\/","name":"La Sentinelle","description":"Quotidien national d&#039;information","publisher":{"@id":"https:\/\/lasentinelle.dz\/#organization"},"potentialAction":[{"@type":"SearchAction","target":{"@type":"EntryPoint","urlTemplate":"https:\/\/lasentinelle.dz\/?s={search_term_string}"},"query-input":{"@type":"PropertyValueSpecification","valueRequired":true,"valueName":"search_term_string"}}],"inLanguage":"fr-FR"},{"@type":"Organization","@id":"https:\/\/lasentinelle.dz\/#organization","name":"Quotidien La Sentinelle","url":"https:\/\/lasentinelle.dz\/","logo":{"@type":"ImageObject","inLanguage":"fr-FR","@id":"https:\/\/lasentinelle.dz\/#\/schema\/logo\/image\/","url":"https:\/\/lasentinelle.dz\/wp-content\/uploads\/2021\/09\/logo-sentinelleSLOGAN-1.png","contentUrl":"https:\/\/lasentinelle.dz\/wp-content\/uploads\/2021\/09\/logo-sentinelleSLOGAN-1.png","width":615,"height":142,"caption":"Quotidien La Sentinelle"},"image":{"@id":"https:\/\/lasentinelle.dz\/#\/schema\/logo\/image\/"},"sameAs":["https:\/\/www.facebook.com\/La-Sentinelle-104059864394773"]},{"@type":"Person","@id":"https:\/\/lasentinelle.dz\/#\/schema\/person\/d865044e22e70a75174ce8bcad3acfb3","name":"La Sentinelle","image":{"@type":"ImageObject","inLanguage":"fr-FR","@id":"https:\/\/secure.gravatar.com\/avatar\/57de8e5d4b15d43fb361a71fbb36338450fe67865b528a43dd10ef7c51a20392?s=96&d=mm&r=g","url":"https:\/\/secure.gravatar.com\/avatar\/57de8e5d4b15d43fb361a71fbb36338450fe67865b528a43dd10ef7c51a20392?s=96&d=mm&r=g","contentUrl":"https:\/\/secure.gravatar.com\/avatar\/57de8e5d4b15d43fb361a71fbb36338450fe67865b528a43dd10ef7c51a20392?s=96&d=mm&r=g","caption":"La Sentinelle"},"sameAs":["http:\/\/www.lasentinelle.dz"],"url":"https:\/\/lasentinelle.dz\/author\/redaction\/"}]}},"_links":{"self":[{"href":"https:\/\/lasentinelle.dz\/index.php\/wp-json\/wp\/v2\/posts\/50161","targetHints":{"allow":["GET"]}}],"collection":[{"href":"https:\/\/lasentinelle.dz\/index.php\/wp-json\/wp\/v2\/posts"}],"about":[{"href":"https:\/\/lasentinelle.dz\/index.php\/wp-json\/wp\/v2\/types\/post"}],"author":[{"embeddable":true,"href":"https:\/\/lasentinelle.dz\/index.php\/wp-json\/wp\/v2\/users\/3"}],"replies":[{"embeddable":true,"href":"https:\/\/lasentinelle.dz\/index.php\/wp-json\/wp\/v2\/comments?post=50161"}],"version-history":[{"count":1,"href":"https:\/\/lasentinelle.dz\/index.php\/wp-json\/wp\/v2\/posts\/50161\/revisions"}],"predecessor-version":[{"id":50162,"href":"https:\/\/lasentinelle.dz\/index.php\/wp-json\/wp\/v2\/posts\/50161\/revisions\/50162"}],"wp:featuredmedia":[{"embeddable":true,"href":"https:\/\/lasentinelle.dz\/index.php\/wp-json\/wp\/v2\/media\/30213"}],"wp:attachment":[{"href":"https:\/\/lasentinelle.dz\/index.php\/wp-json\/wp\/v2\/media?parent=50161"}],"wp:term":[{"taxonomy":"category","embeddable":true,"href":"https:\/\/lasentinelle.dz\/index.php\/wp-json\/wp\/v2\/categories?post=50161"},{"taxonomy":"post_tag","embeddable":true,"href":"https:\/\/lasentinelle.dz\/index.php\/wp-json\/wp\/v2\/tags?post=50161"}],"curies":[{"name":"wp","href":"https:\/\/api.w.org\/{rel}","templated":true}]}}