{"id":50165,"date":"2024-03-07T15:12:00","date_gmt":"2024-03-07T14:12:00","guid":{"rendered":"https:\/\/lasentinelle.dz\/?p=50165"},"modified":"2024-03-09T15:13:46","modified_gmt":"2024-03-09T14:13:46","slug":"reunion-du-gouvernement-la-securite-alimentaire-a-lordre-du-jour","status":"publish","type":"post","link":"https:\/\/lasentinelle.dz\/index.php\/2024\/03\/07\/reunion-du-gouvernement-la-securite-alimentaire-a-lordre-du-jour\/","title":{"rendered":"R\u00e9union du Gouvernement\u00a0: La s\u00e9curit\u00e9 alimentaire \u00e0 l\u2019ordre du jour"},"content":{"rendered":"\n<p>Le programme national de d\u00e9veloppement de stockage de c\u00e9r\u00e9ales, ainsi que celui relatif aux cultures strat\u00e9giques dans le Sud ont \u00e9t\u00e9 au c\u0153ur de la r\u00e9union hebdomadaire du Gouvernement tenue hier.<\/p>\n\n\n\n<p>La s\u00e9curit\u00e9 alimentaire demeure une priorit\u00e9 pour les pouvoirs publics. Une question qui a d\u2019ailleurs \u00e9t\u00e9 au centre de la r\u00e9union hebdomadaire du Gouvernement pr\u00e9sid\u00e9e hier par le Premier ministre, Nadir Larbaoui. &nbsp;Une r\u00e9union qui s\u2019est pench\u00e9e sur les dossiers relatifs au programme national de consolidation des capacit\u00e9s de stockage des c\u00e9r\u00e9ales, ainsi qu\u2019au d\u00e9veloppement des cultures strat\u00e9giques dans le Sud. Selon le communiqu\u00e9 de la Primature qui a sanctionn\u00e9 les travaux de la r\u00e9union \u00ab&nbsp;au regard de l&rsquo;importance du stock national strat\u00e9gique des c\u00e9r\u00e9ales, le Gouvernement a entendu une communication sur le programme de renforcement des capacit\u00e9s de stockage des c\u00e9r\u00e9ales, notamment en ce qui concerne la mise en \u0153uvre des projets de r\u00e9alisation des silos de stockage&nbsp;\u00bb. Il est utile de rappeler \u00e0 ce propos que le programme de consolidation des capacit\u00e9s de stockage pr\u00e9voit la r\u00e9alisation de 350 centres de proximit\u00e9 de stockage de c\u00e9r\u00e9ales \u00e0 l\u2019\u00e9chelle nationale, d\u2019une capacit\u00e9 de 50.000 \u00e0 70.000 quintaux, de 36 silos de stockage de c\u00e9r\u00e9ales d\u2019une capacit\u00e9 de 250.000 quintaux par unit\u00e9 de stockage, en sus de la relance de 16 silos, gel\u00e9s depuis 2016. Un programme qui doit porter la capacit\u00e9 nationale de stockage des c\u00e9r\u00e9ales \u00e0 9 millions de tonnes avant fin 2025.<\/p>\n\n\n\n<p>Le Gouvernement a \u00e9galement \u00e9cout\u00e9 une communication sur la situation des investissements agricoles au Sud et les perspectives de leur d\u00e9veloppement et d&rsquo;augmentation de leur contribution \u00e0 la r\u00e9alisation des objectifs trac\u00e9s en mati\u00e8re de s\u00e9curit\u00e9 alimentaire. Notons dans ce contexte que le ministre de l\u2019Agriculture et du D\u00e9veloppement rural, Youcef Cherfa, a annonc\u00e9 au mois de d\u00e9cembre dernier l\u2019ambition de son d\u00e9partement de cr\u00e9er des \u00ab\u00a0m\u00e9gapoles int\u00e9gr\u00e9es\u00a0\u00bb dans les wilayas du Sud devant permettre de r\u00e9aliser \u00ab\u00a0un saut qualitatif\u00a0\u00bb dans les domaines de la production et de la transformation agricoles. Il a annonc\u00e9 dans ce sens d\u2019un couloir vert au niveau de l&rsquo;Office de d\u00e9veloppement de l&rsquo;agriculture industrielle en terres sahariennes (ODAS) dans le cadre d&rsquo;une s\u00e9rie de mesures prises par le Gouvernement dans le cadre de sa d\u00e9marche visant \u00e0 r\u00e9aliser la s\u00e9curit\u00e9 alimentaire du pays, avec des incitations en direction des investisseurs potentiels.<\/p>\n\n\n\n<p>Carte Chifa<\/p>\n\n\n\n<p>La num\u00e9risation a \u00e9galement \u00e9t\u00e9 au c\u0153ur de cette r\u00e9union. Selon le communiqu\u00e9, \u00ab&nbsp;dans le cadre du suivi des r\u00e9alisations et de l\u2019\u00e9tat d\u2019avancement dans la mise en \u0153uvre du projet national global de transformation num\u00e9rique d\u00e9cid\u00e9 par Monsieur le Pr\u00e9sident de la R\u00e9publique, le Gouvernement a entendu une communication sur la num\u00e9risation des secteurs du travail, de l&#8217;emploi et de la s\u00e9curit\u00e9 sociale, afin de faciliter et d\u2019acc\u00e9l\u00e9rer les d\u00e9marches administratives, notamment le passage \u00e0 la deuxi\u00e8me g\u00e9n\u00e9ration du syst\u00e8me de la carte CHIFA\u00bb. Notons que la seconde g\u00e9n\u00e9ration de la Carte Chifa a \u00e9t\u00e9 lanc\u00e9 \u00e0 la fin de l\u2019ann\u00e9e derni\u00e8re. Cette derni\u00e8re s\u2019appuie sur un nouveau syst\u00e8me d&rsquo;information a \u00e9t\u00e9 mis en place permettant d&rsquo;augmenter le plafond des remboursements de 3000 da \u00e0 5000 da\/ordonnance\u00a0\u00bb.<\/p>\n\n\n\n<p>La carte Chifa se distingue dans sa nouvelle version par une plus grande capacit\u00e9 de stockage, la puce de la carte contenant les 40 derni\u00e8res ordonnances \u00e9lectroniques du b\u00e9n\u00e9ficiaire et de ses ayants-droit, en plus des d\u00e9tails des m\u00e9dicaments d\u00e9livr\u00e9s. La carte offre une plus grande int\u00e9gration avec les applications intelligentes et les plateformes num\u00e9riques d\u00e9di\u00e9es aux services de s\u00e9curit\u00e9 sociale, permettant un paiement plus rapide et plus facile dans le cadre du syst\u00e8me du tiers payant.Le Gouvernement a \u00e9galement pass\u00e9 en revue un ensemble de mesures prises pour le d\u00e9veloppement de la fabrication nationale des conteneurs et l\u2019accompagnement des op\u00e9rateurs activant dans ce domaine. Enfin, le Gouvernement a entendu une communication relative \u00e0 la situation du march\u00e9 national des Smartphones et les mesures propos\u00e9es pour encourager leur production locale en vue de r\u00e9pondre aux besoins des consommateurs en tenant compte des risques li\u00e9s \u00e0 la cybers\u00e9curit\u00e9.<\/p>\n\n\n\n<p>Hocine Fadheli<\/p>\n","protected":false},"excerpt":{"rendered":"<p>Le programme national de d\u00e9veloppement de stockage de c\u00e9r\u00e9ales, ainsi que celui relatif aux cultures strat\u00e9giques dans le Sud ont<\/p>\n","protected":false},"author":3,"featured_media":48603,"comment_status":"open","ping_status":"closed","sticky":false,"template":"","format":"standard","meta":{"colormag_page_container_layout":"default_layout","colormag_page_sidebar_layout":"default_layout","om_disable_all_campaigns":false,"_monsterinsights_skip_tracking":false,"_monsterinsights_sitenote_active":false,"_monsterinsights_sitenote_note":"","_monsterinsights_sitenote_category":0,"footnotes":"","_wpscppro_dont_share_socialmedia":false,"_wpscppro_custom_social_share_image":0,"_facebook_share_type":"","_twitter_share_type":"","_linkedin_share_type":"","_pinterest_share_type":"","_linkedin_share_type_page":"","_instagram_share_type":"","_medium_share_type":"","_threads_share_type":"","_google_business_share_type":"","_selected_social_profile":[],"_wpsp_enable_custom_social_template":false,"_wpsp_social_scheduling":{"enabled":false,"datetime":null,"platforms":[],"status":"template_only","dateOption":"today","timeOption":"now","customDays":"","customHours":"","customDate":"","customTime":"","schedulingType":"absolute"},"_wpsp_active_default_template":true},"categories":[52,29],"tags":[],"class_list":["post-50165","post","type-post","status-publish","format-standard","has-post-thumbnail","hentry","category-a-la-une","category-economie"],"aioseo_notices":[],"yoast_head":"<!-- This site is optimized with the Yoast SEO plugin v27.5 - https:\/\/yoast.com\/product\/yoast-seo-wordpress\/ -->\n<title>R\u00e9union du Gouvernement\u00a0: La s\u00e9curit\u00e9 alimentaire \u00e0 l\u2019ordre du jour - La Sentinelle<\/title>\n<meta name=\"robots\" content=\"index, follow, max-snippet:-1, max-image-preview:large, max-video-preview:-1\" \/>\n<link rel=\"canonical\" href=\"https:\/\/lasentinelle.dz\/index.php\/2024\/03\/07\/reunion-du-gouvernement-la-securite-alimentaire-a-lordre-du-jour\/\" \/>\n<meta property=\"og:locale\" content=\"fr_FR\" \/>\n<meta property=\"og:type\" content=\"article\" \/>\n<meta property=\"og:title\" content=\"R\u00e9union du Gouvernement\u00a0: La s\u00e9curit\u00e9 alimentaire \u00e0 l\u2019ordre du jour - La Sentinelle\" \/>\n<meta property=\"og:description\" content=\"Le programme national de d\u00e9veloppement de stockage de c\u00e9r\u00e9ales, ainsi que celui relatif aux cultures strat\u00e9giques dans le Sud ont\" \/>\n<meta property=\"og:url\" content=\"https:\/\/lasentinelle.dz\/index.php\/2024\/03\/07\/reunion-du-gouvernement-la-securite-alimentaire-a-lordre-du-jour\/\" \/>\n<meta property=\"og:site_name\" content=\"La Sentinelle\" \/>\n<meta property=\"article:publisher\" content=\"https:\/\/www.facebook.com\/La-Sentinelle-104059864394773\" \/>\n<meta property=\"article:published_time\" content=\"2024-03-07T14:12:00+00:00\" \/>\n<meta property=\"article:modified_time\" content=\"2024-03-09T14:13:46+00:00\" \/>\n<meta property=\"og:image\" content=\"https:\/\/lasentinelle.dz\/wp-content\/uploads\/2024\/01\/silos.jpeg\" \/>\n\t<meta property=\"og:image:width\" content=\"576\" \/>\n\t<meta property=\"og:image:height\" content=\"354\" \/>\n\t<meta property=\"og:image:type\" content=\"image\/jpeg\" \/>\n<meta name=\"author\" content=\"La Sentinelle\" \/>\n<meta name=\"twitter:card\" content=\"summary_large_image\" \/>\n<meta name=\"twitter:label1\" content=\"\u00c9crit par\" \/>\n\t<meta name=\"twitter:data1\" content=\"La Sentinelle\" \/>\n\t<meta name=\"twitter:label2\" content=\"Dur\u00e9e de lecture estim\u00e9e\" \/>\n\t<meta name=\"twitter:data2\" content=\"4 minutes\" \/>\n<script type=\"application\/ld+json\" class=\"yoast-schema-graph\">{\"@context\":\"https:\\\/\\\/schema.org\",\"@graph\":[{\"@type\":\"Article\",\"@id\":\"https:\\\/\\\/lasentinelle.dz\\\/index.php\\\/2024\\\/03\\\/07\\\/reunion-du-gouvernement-la-securite-alimentaire-a-lordre-du-jour\\\/#article\",\"isPartOf\":{\"@id\":\"https:\\\/\\\/lasentinelle.dz\\\/index.php\\\/2024\\\/03\\\/07\\\/reunion-du-gouvernement-la-securite-alimentaire-a-lordre-du-jour\\\/\"},\"author\":{\"name\":\"La Sentinelle\",\"@id\":\"https:\\\/\\\/lasentinelle.dz\\\/#\\\/schema\\\/person\\\/d865044e22e70a75174ce8bcad3acfb3\"},\"headline\":\"R\u00e9union du Gouvernement\u00a0: La s\u00e9curit\u00e9 alimentaire \u00e0 l\u2019ordre du jour\",\"datePublished\":\"2024-03-07T14:12:00+00:00\",\"dateModified\":\"2024-03-09T14:13:46+00:00\",\"mainEntityOfPage\":{\"@id\":\"https:\\\/\\\/lasentinelle.dz\\\/index.php\\\/2024\\\/03\\\/07\\\/reunion-du-gouvernement-la-securite-alimentaire-a-lordre-du-jour\\\/\"},\"wordCount\":774,\"commentCount\":0,\"publisher\":{\"@id\":\"https:\\\/\\\/lasentinelle.dz\\\/#organization\"},\"image\":{\"@id\":\"https:\\\/\\\/lasentinelle.dz\\\/index.php\\\/2024\\\/03\\\/07\\\/reunion-du-gouvernement-la-securite-alimentaire-a-lordre-du-jour\\\/#primaryimage\"},\"thumbnailUrl\":\"https:\\\/\\\/lasentinelle.dz\\\/wp-content\\\/uploads\\\/2024\\\/01\\\/silos.jpeg\",\"articleSection\":[\"\u00c0 la Une\",\"\u00c9conomie\"],\"inLanguage\":\"fr-FR\",\"potentialAction\":[{\"@type\":\"CommentAction\",\"name\":\"Comment\",\"target\":[\"https:\\\/\\\/lasentinelle.dz\\\/index.php\\\/2024\\\/03\\\/07\\\/reunion-du-gouvernement-la-securite-alimentaire-a-lordre-du-jour\\\/#respond\"]}]},{\"@type\":\"WebPage\",\"@id\":\"https:\\\/\\\/lasentinelle.dz\\\/index.php\\\/2024\\\/03\\\/07\\\/reunion-du-gouvernement-la-securite-alimentaire-a-lordre-du-jour\\\/\",\"url\":\"https:\\\/\\\/lasentinelle.dz\\\/index.php\\\/2024\\\/03\\\/07\\\/reunion-du-gouvernement-la-securite-alimentaire-a-lordre-du-jour\\\/\",\"name\":\"R\u00e9union du Gouvernement\u00a0: La s\u00e9curit\u00e9 alimentaire \u00e0 l\u2019ordre du jour - La Sentinelle\",\"isPartOf\":{\"@id\":\"https:\\\/\\\/lasentinelle.dz\\\/#website\"},\"primaryImageOfPage\":{\"@id\":\"https:\\\/\\\/lasentinelle.dz\\\/index.php\\\/2024\\\/03\\\/07\\\/reunion-du-gouvernement-la-securite-alimentaire-a-lordre-du-jour\\\/#primaryimage\"},\"image\":{\"@id\":\"https:\\\/\\\/lasentinelle.dz\\\/index.php\\\/2024\\\/03\\\/07\\\/reunion-du-gouvernement-la-securite-alimentaire-a-lordre-du-jour\\\/#primaryimage\"},\"thumbnailUrl\":\"https:\\\/\\\/lasentinelle.dz\\\/wp-content\\\/uploads\\\/2024\\\/01\\\/silos.jpeg\",\"datePublished\":\"2024-03-07T14:12:00+00:00\",\"dateModified\":\"2024-03-09T14:13:46+00:00\",\"breadcrumb\":{\"@id\":\"https:\\\/\\\/lasentinelle.dz\\\/index.php\\\/2024\\\/03\\\/07\\\/reunion-du-gouvernement-la-securite-alimentaire-a-lordre-du-jour\\\/#breadcrumb\"},\"inLanguage\":\"fr-FR\",\"potentialAction\":[{\"@type\":\"ReadAction\",\"target\":[\"https:\\\/\\\/lasentinelle.dz\\\/index.php\\\/2024\\\/03\\\/07\\\/reunion-du-gouvernement-la-securite-alimentaire-a-lordre-du-jour\\\/\"]}]},{\"@type\":\"ImageObject\",\"inLanguage\":\"fr-FR\",\"@id\":\"https:\\\/\\\/lasentinelle.dz\\\/index.php\\\/2024\\\/03\\\/07\\\/reunion-du-gouvernement-la-securite-alimentaire-a-lordre-du-jour\\\/#primaryimage\",\"url\":\"https:\\\/\\\/lasentinelle.dz\\\/wp-content\\\/uploads\\\/2024\\\/01\\\/silos.jpeg\",\"contentUrl\":\"https:\\\/\\\/lasentinelle.dz\\\/wp-content\\\/uploads\\\/2024\\\/01\\\/silos.jpeg\",\"width\":576,\"height\":354},{\"@type\":\"BreadcrumbList\",\"@id\":\"https:\\\/\\\/lasentinelle.dz\\\/index.php\\\/2024\\\/03\\\/07\\\/reunion-du-gouvernement-la-securite-alimentaire-a-lordre-du-jour\\\/#breadcrumb\",\"itemListElement\":[{\"@type\":\"ListItem\",\"position\":1,\"name\":\"Accueil\",\"item\":\"https:\\\/\\\/lasentinelle.dz\\\/\"},{\"@type\":\"ListItem\",\"position\":2,\"name\":\"R\u00e9union du Gouvernement\u00a0: La s\u00e9curit\u00e9 alimentaire \u00e0 l\u2019ordre du jour\"}]},{\"@type\":\"WebSite\",\"@id\":\"https:\\\/\\\/lasentinelle.dz\\\/#website\",\"url\":\"https:\\\/\\\/lasentinelle.dz\\\/\",\"name\":\"La Sentinelle\",\"description\":\"Quotidien national d&#039;information\",\"publisher\":{\"@id\":\"https:\\\/\\\/lasentinelle.dz\\\/#organization\"},\"potentialAction\":[{\"@type\":\"SearchAction\",\"target\":{\"@type\":\"EntryPoint\",\"urlTemplate\":\"https:\\\/\\\/lasentinelle.dz\\\/?s={search_term_string}\"},\"query-input\":{\"@type\":\"PropertyValueSpecification\",\"valueRequired\":true,\"valueName\":\"search_term_string\"}}],\"inLanguage\":\"fr-FR\"},{\"@type\":\"Organization\",\"@id\":\"https:\\\/\\\/lasentinelle.dz\\\/#organization\",\"name\":\"Quotidien La Sentinelle\",\"url\":\"https:\\\/\\\/lasentinelle.dz\\\/\",\"logo\":{\"@type\":\"ImageObject\",\"inLanguage\":\"fr-FR\",\"@id\":\"https:\\\/\\\/lasentinelle.dz\\\/#\\\/schema\\\/logo\\\/image\\\/\",\"url\":\"https:\\\/\\\/lasentinelle.dz\\\/wp-content\\\/uploads\\\/2021\\\/09\\\/logo-sentinelleSLOGAN-1.png\",\"contentUrl\":\"https:\\\/\\\/lasentinelle.dz\\\/wp-content\\\/uploads\\\/2021\\\/09\\\/logo-sentinelleSLOGAN-1.png\",\"width\":615,\"height\":142,\"caption\":\"Quotidien La Sentinelle\"},\"image\":{\"@id\":\"https:\\\/\\\/lasentinelle.dz\\\/#\\\/schema\\\/logo\\\/image\\\/\"},\"sameAs\":[\"https:\\\/\\\/www.facebook.com\\\/La-Sentinelle-104059864394773\"]},{\"@type\":\"Person\",\"@id\":\"https:\\\/\\\/lasentinelle.dz\\\/#\\\/schema\\\/person\\\/d865044e22e70a75174ce8bcad3acfb3\",\"name\":\"La Sentinelle\",\"image\":{\"@type\":\"ImageObject\",\"inLanguage\":\"fr-FR\",\"@id\":\"https:\\\/\\\/secure.gravatar.com\\\/avatar\\\/57de8e5d4b15d43fb361a71fbb36338450fe67865b528a43dd10ef7c51a20392?s=96&d=mm&r=g\",\"url\":\"https:\\\/\\\/secure.gravatar.com\\\/avatar\\\/57de8e5d4b15d43fb361a71fbb36338450fe67865b528a43dd10ef7c51a20392?s=96&d=mm&r=g\",\"contentUrl\":\"https:\\\/\\\/secure.gravatar.com\\\/avatar\\\/57de8e5d4b15d43fb361a71fbb36338450fe67865b528a43dd10ef7c51a20392?s=96&d=mm&r=g\",\"caption\":\"La Sentinelle\"},\"sameAs\":[\"http:\\\/\\\/www.lasentinelle.dz\"],\"url\":\"https:\\\/\\\/lasentinelle.dz\\\/author\\\/redaction\\\/\"}]}<\/script>\n<!-- \/ Yoast SEO plugin. -->","yoast_head_json":{"title":"R\u00e9union du Gouvernement\u00a0: La s\u00e9curit\u00e9 alimentaire \u00e0 l\u2019ordre du jour - La Sentinelle","robots":{"index":"index","follow":"follow","max-snippet":"max-snippet:-1","max-image-preview":"max-image-preview:large","max-video-preview":"max-video-preview:-1"},"canonical":"https:\/\/lasentinelle.dz\/index.php\/2024\/03\/07\/reunion-du-gouvernement-la-securite-alimentaire-a-lordre-du-jour\/","og_locale":"fr_FR","og_type":"article","og_title":"R\u00e9union du Gouvernement\u00a0: La s\u00e9curit\u00e9 alimentaire \u00e0 l\u2019ordre du jour - La Sentinelle","og_description":"Le programme national de d\u00e9veloppement de stockage de c\u00e9r\u00e9ales, ainsi que celui relatif aux cultures strat\u00e9giques dans le Sud ont","og_url":"https:\/\/lasentinelle.dz\/index.php\/2024\/03\/07\/reunion-du-gouvernement-la-securite-alimentaire-a-lordre-du-jour\/","og_site_name":"La Sentinelle","article_publisher":"https:\/\/www.facebook.com\/La-Sentinelle-104059864394773","article_published_time":"2024-03-07T14:12:00+00:00","article_modified_time":"2024-03-09T14:13:46+00:00","og_image":[{"width":576,"height":354,"url":"https:\/\/lasentinelle.dz\/wp-content\/uploads\/2024\/01\/silos.jpeg","type":"image\/jpeg"}],"author":"La Sentinelle","twitter_card":"summary_large_image","twitter_misc":{"\u00c9crit par":"La Sentinelle","Dur\u00e9e de lecture estim\u00e9e":"4 minutes"},"schema":{"@context":"https:\/\/schema.org","@graph":[{"@type":"Article","@id":"https:\/\/lasentinelle.dz\/index.php\/2024\/03\/07\/reunion-du-gouvernement-la-securite-alimentaire-a-lordre-du-jour\/#article","isPartOf":{"@id":"https:\/\/lasentinelle.dz\/index.php\/2024\/03\/07\/reunion-du-gouvernement-la-securite-alimentaire-a-lordre-du-jour\/"},"author":{"name":"La Sentinelle","@id":"https:\/\/lasentinelle.dz\/#\/schema\/person\/d865044e22e70a75174ce8bcad3acfb3"},"headline":"R\u00e9union du Gouvernement\u00a0: La s\u00e9curit\u00e9 alimentaire \u00e0 l\u2019ordre du jour","datePublished":"2024-03-07T14:12:00+00:00","dateModified":"2024-03-09T14:13:46+00:00","mainEntityOfPage":{"@id":"https:\/\/lasentinelle.dz\/index.php\/2024\/03\/07\/reunion-du-gouvernement-la-securite-alimentaire-a-lordre-du-jour\/"},"wordCount":774,"commentCount":0,"publisher":{"@id":"https:\/\/lasentinelle.dz\/#organization"},"image":{"@id":"https:\/\/lasentinelle.dz\/index.php\/2024\/03\/07\/reunion-du-gouvernement-la-securite-alimentaire-a-lordre-du-jour\/#primaryimage"},"thumbnailUrl":"https:\/\/lasentinelle.dz\/wp-content\/uploads\/2024\/01\/silos.jpeg","articleSection":["\u00c0 la Une","\u00c9conomie"],"inLanguage":"fr-FR","potentialAction":[{"@type":"CommentAction","name":"Comment","target":["https:\/\/lasentinelle.dz\/index.php\/2024\/03\/07\/reunion-du-gouvernement-la-securite-alimentaire-a-lordre-du-jour\/#respond"]}]},{"@type":"WebPage","@id":"https:\/\/lasentinelle.dz\/index.php\/2024\/03\/07\/reunion-du-gouvernement-la-securite-alimentaire-a-lordre-du-jour\/","url":"https:\/\/lasentinelle.dz\/index.php\/2024\/03\/07\/reunion-du-gouvernement-la-securite-alimentaire-a-lordre-du-jour\/","name":"R\u00e9union du Gouvernement\u00a0: La s\u00e9curit\u00e9 alimentaire \u00e0 l\u2019ordre du jour - La Sentinelle","isPartOf":{"@id":"https:\/\/lasentinelle.dz\/#website"},"primaryImageOfPage":{"@id":"https:\/\/lasentinelle.dz\/index.php\/2024\/03\/07\/reunion-du-gouvernement-la-securite-alimentaire-a-lordre-du-jour\/#primaryimage"},"image":{"@id":"https:\/\/lasentinelle.dz\/index.php\/2024\/03\/07\/reunion-du-gouvernement-la-securite-alimentaire-a-lordre-du-jour\/#primaryimage"},"thumbnailUrl":"https:\/\/lasentinelle.dz\/wp-content\/uploads\/2024\/01\/silos.jpeg","datePublished":"2024-03-07T14:12:00+00:00","dateModified":"2024-03-09T14:13:46+00:00","breadcrumb":{"@id":"https:\/\/lasentinelle.dz\/index.php\/2024\/03\/07\/reunion-du-gouvernement-la-securite-alimentaire-a-lordre-du-jour\/#breadcrumb"},"inLanguage":"fr-FR","potentialAction":[{"@type":"ReadAction","target":["https:\/\/lasentinelle.dz\/index.php\/2024\/03\/07\/reunion-du-gouvernement-la-securite-alimentaire-a-lordre-du-jour\/"]}]},{"@type":"ImageObject","inLanguage":"fr-FR","@id":"https:\/\/lasentinelle.dz\/index.php\/2024\/03\/07\/reunion-du-gouvernement-la-securite-alimentaire-a-lordre-du-jour\/#primaryimage","url":"https:\/\/lasentinelle.dz\/wp-content\/uploads\/2024\/01\/silos.jpeg","contentUrl":"https:\/\/lasentinelle.dz\/wp-content\/uploads\/2024\/01\/silos.jpeg","width":576,"height":354},{"@type":"BreadcrumbList","@id":"https:\/\/lasentinelle.dz\/index.php\/2024\/03\/07\/reunion-du-gouvernement-la-securite-alimentaire-a-lordre-du-jour\/#breadcrumb","itemListElement":[{"@type":"ListItem","position":1,"name":"Accueil","item":"https:\/\/lasentinelle.dz\/"},{"@type":"ListItem","position":2,"name":"R\u00e9union du Gouvernement\u00a0: La s\u00e9curit\u00e9 alimentaire \u00e0 l\u2019ordre du jour"}]},{"@type":"WebSite","@id":"https:\/\/lasentinelle.dz\/#website","url":"https:\/\/lasentinelle.dz\/","name":"La Sentinelle","description":"Quotidien national d&#039;information","publisher":{"@id":"https:\/\/lasentinelle.dz\/#organization"},"potentialAction":[{"@type":"SearchAction","target":{"@type":"EntryPoint","urlTemplate":"https:\/\/lasentinelle.dz\/?s={search_term_string}"},"query-input":{"@type":"PropertyValueSpecification","valueRequired":true,"valueName":"search_term_string"}}],"inLanguage":"fr-FR"},{"@type":"Organization","@id":"https:\/\/lasentinelle.dz\/#organization","name":"Quotidien La Sentinelle","url":"https:\/\/lasentinelle.dz\/","logo":{"@type":"ImageObject","inLanguage":"fr-FR","@id":"https:\/\/lasentinelle.dz\/#\/schema\/logo\/image\/","url":"https:\/\/lasentinelle.dz\/wp-content\/uploads\/2021\/09\/logo-sentinelleSLOGAN-1.png","contentUrl":"https:\/\/lasentinelle.dz\/wp-content\/uploads\/2021\/09\/logo-sentinelleSLOGAN-1.png","width":615,"height":142,"caption":"Quotidien La Sentinelle"},"image":{"@id":"https:\/\/lasentinelle.dz\/#\/schema\/logo\/image\/"},"sameAs":["https:\/\/www.facebook.com\/La-Sentinelle-104059864394773"]},{"@type":"Person","@id":"https:\/\/lasentinelle.dz\/#\/schema\/person\/d865044e22e70a75174ce8bcad3acfb3","name":"La Sentinelle","image":{"@type":"ImageObject","inLanguage":"fr-FR","@id":"https:\/\/secure.gravatar.com\/avatar\/57de8e5d4b15d43fb361a71fbb36338450fe67865b528a43dd10ef7c51a20392?s=96&d=mm&r=g","url":"https:\/\/secure.gravatar.com\/avatar\/57de8e5d4b15d43fb361a71fbb36338450fe67865b528a43dd10ef7c51a20392?s=96&d=mm&r=g","contentUrl":"https:\/\/secure.gravatar.com\/avatar\/57de8e5d4b15d43fb361a71fbb36338450fe67865b528a43dd10ef7c51a20392?s=96&d=mm&r=g","caption":"La Sentinelle"},"sameAs":["http:\/\/www.lasentinelle.dz"],"url":"https:\/\/lasentinelle.dz\/author\/redaction\/"}]}},"_links":{"self":[{"href":"https:\/\/lasentinelle.dz\/index.php\/wp-json\/wp\/v2\/posts\/50165","targetHints":{"allow":["GET"]}}],"collection":[{"href":"https:\/\/lasentinelle.dz\/index.php\/wp-json\/wp\/v2\/posts"}],"about":[{"href":"https:\/\/lasentinelle.dz\/index.php\/wp-json\/wp\/v2\/types\/post"}],"author":[{"embeddable":true,"href":"https:\/\/lasentinelle.dz\/index.php\/wp-json\/wp\/v2\/users\/3"}],"replies":[{"embeddable":true,"href":"https:\/\/lasentinelle.dz\/index.php\/wp-json\/wp\/v2\/comments?post=50165"}],"version-history":[{"count":1,"href":"https:\/\/lasentinelle.dz\/index.php\/wp-json\/wp\/v2\/posts\/50165\/revisions"}],"predecessor-version":[{"id":50166,"href":"https:\/\/lasentinelle.dz\/index.php\/wp-json\/wp\/v2\/posts\/50165\/revisions\/50166"}],"wp:featuredmedia":[{"embeddable":true,"href":"https:\/\/lasentinelle.dz\/index.php\/wp-json\/wp\/v2\/media\/48603"}],"wp:attachment":[{"href":"https:\/\/lasentinelle.dz\/index.php\/wp-json\/wp\/v2\/media?parent=50165"}],"wp:term":[{"taxonomy":"category","embeddable":true,"href":"https:\/\/lasentinelle.dz\/index.php\/wp-json\/wp\/v2\/categories?post=50165"},{"taxonomy":"post_tag","embeddable":true,"href":"https:\/\/lasentinelle.dz\/index.php\/wp-json\/wp\/v2\/tags?post=50165"}],"curies":[{"name":"wp","href":"https:\/\/api.w.org\/{rel}","templated":true}]}}