{"id":50175,"date":"2024-03-07T15:25:00","date_gmt":"2024-03-07T14:25:00","guid":{"rendered":"https:\/\/lasentinelle.dz\/?p=50175"},"modified":"2024-03-09T15:26:05","modified_gmt":"2024-03-09T14:26:05","slug":"recuperation-du-patrimoine-materiel-pille-durant-la-colonisation-francaise-en-algerie-une-premiere-etape-franchie","status":"publish","type":"post","link":"https:\/\/lasentinelle.dz\/index.php\/2024\/03\/07\/recuperation-du-patrimoine-materiel-pille-durant-la-colonisation-francaise-en-algerie-une-premiere-etape-franchie\/","title":{"rendered":"R\u00e9cup\u00e9ration du patrimoine mat\u00e9riel pill\u00e9 durant la colonisation fran\u00e7aise en Alg\u00e9rie\u00a0: Une premi\u00e8re \u00e9tape franchie"},"content":{"rendered":"\n<p>Le pr\u00e9sident de la Commission alg\u00e9rienne histoire et m\u00e9moire, Lahcen Zeghidi, a indiqu\u00e9 hier que cette derni\u00e8re a fini d\u2019inventorier avec son homologue fran\u00e7aise, les biens culturels et le patrimoine mat\u00e9riel pill\u00e9s lors de la colonisation fran\u00e7aise en Alg\u00e9rie. Un inventaire qui compte, entre autres, 2.000 canons, 2 millions de documents d\u2019archives, ainsi que les possessions de l\u2019\u00c9mir Abdelkader. Une premi\u00e8re \u00e9tape qui permettra d\u2019entamer le processus de r\u00e9cup\u00e9ration de ces biens.<\/p>\n\n\n\n<p>C\u2019est en marge d\u2019une rencontre tenue hier sur le th\u00e8me de la \u00ab&nbsp;M\u00e9moire nationale et probl\u00e9matique de l&rsquo;\u00e9criture de l&rsquo;histoire&nbsp;\u00bb, que Lahcen Zeghidi a tenu \u00e0 mettre en avant les r\u00e9sultats de la derni\u00e8re des 4 r\u00e9unions tenues par la commission alg\u00e9ro-fran\u00e7aise histoire et m\u00e9moire, tenue le 25 janvier dernier \u00e0 Paris. Une commission qui a r\u00e9ussi \u00e0 inventorier tout ce que le colonisateur fran\u00e7ais a pill\u00e9 entre 1830 et 1962 en termes de patrimoine mat\u00e9riel, souligne-t-il. Il a pr\u00e9cis\u00e9 que la partie alg\u00e9rienne de la commission en question \u00ab\u00a0dispose d\u00e9sormais de toutes les informations n\u00e9cessaires sur le patrimoine mat\u00e9riel pill\u00e9 par la colonisation fran\u00e7aise en Alg\u00e9rie, apr\u00e8s avoir visit\u00e9 divers centres et institutions d&rsquo;archives civils et militaires sp\u00e9cialis\u00e9es \u00e0 Paris et dans ses environs\u00a0\u00bb.<\/p>\n\n\n\n<p>Il a ajout\u00e9 qu\u2019apr\u00e8s avoir examin\u00e9 tous les objets pill\u00e9s, des armes, du mat\u00e9riel, des v\u00eatements, des \u00e9crits et des manuscrits, notamment ceux li\u00e9s \u00e0 l&rsquo;\u00e9mir Abdelkader, \u00ab\u00a0il a \u00e9t\u00e9 convenu que ces biens seraient num\u00e9rot\u00e9s dans un premier temps, puis r\u00e9clam\u00e9s et r\u00e9cup\u00e9r\u00e9s\u00a0\u00bb. Il a \u00e9galement confirm\u00e9 que les deux parties ont convenu de r\u00e9cup\u00e9rer deux millions de documents, ainsi que toutes les archives li\u00e9es \u00e0 la p\u00e9riode ottomane ant\u00e9rieure \u00e0 1830.&nbsp; Lahc\u00e8ne Zeghidi mettre l\u2019accent particuli\u00e8rement sur certains biens pill\u00e9s \u00e0 l\u2019exemple du \u00ab&nbsp;Tr\u00e9sor d\u2019Alger&nbsp;\u00bb, et le pillage d\u00e8s les premiers jours de la colonisation de 2000 canons alg\u00e9riens, dont certains sont encore expos\u00e9s au Mus\u00e9e militaire des Invalides \u00e0 Paris et qui portent l&rsquo;inscription \u00ab\u00a0fabriqu\u00e9 en Alg\u00e9rie\u00a0\u00bb en arabe.<\/p>\n\n\n\n<p>Selon le pr\u00e9sident de la Commission, cette derni\u00e8re a \u00e9galement demand\u00e9 lors de la derni\u00e8re r\u00e9union transmission de la carte des lieux o\u00f9 les Alg\u00e9riens exil\u00e9s et des prisonniers d\u00e9c\u00e9d\u00e9s en France au 19e si\u00e8cle sont enterr\u00e9s, avec leur num\u00e9rotation et la possibilit\u00e9 pour leurs descendants de les consulter. Notons que la commission alg\u00e9ro-fran\u00e7aise Histoire et m\u00e9moire comptant dix membres, dont cinq alg\u00e9riens et cinq fran\u00e7ais, a indiqu\u00e9 dans un communiqu\u00e9 que sa derni\u00e8re r\u00e9union tenue le 25 janvier dernier \u00e0 Paris s\u2019est accord\u00e9e sur 9 propositions. Au-del\u00e0 des aspects li\u00e9s \u00e0 la recherche et \u00e0 la formation, ces propositions concernent notamment la restitution de 5 m\u00e8tres lin\u00e9aires d\u2019archives de l\u2019Alg\u00e9rie \u00e0 l\u2019\u00e9poque ottomane, ainsi que la remise de 2 millions de documents num\u00e9ris\u00e9s des archives nationales d\u2019outre-mer et la restitution des biens culturels. &nbsp;La partie alg\u00e9rienne \u00abpropose une liste ouverte de biens symboliques comme ceux ayant appartenu \u00e0 l\u2019Emir Abdelkader, \u00e0 Ahmed Bey et \u00e0 d\u2019autres personnalit\u00e9s alg\u00e9riennes\u00bb. Parmi ces biens, l\u2019\u00e9p\u00e9e, le burnous, le Coran, la tente et les canons de l\u2019Emir, la tente d\u2019Ahmed Bey, la cl\u00e9 et les \u00e9tendards de Laghouat, les canons, etc.&nbsp; elle aussi salu\u00e9 \u00ab la proposition faite par des mus\u00e9es, comme le Quai Branly ou le Louvre, de r\u00e9aliser un inventaire des items provenant d\u2019Alg\u00e9rie\u00bb. Les propositions portent aussi sur les cimeti\u00e8res des d\u00e9tenus alg\u00e9riens du XIXe si\u00e8cle en France. Les historiens se sont convenus de \u00abpoursuivre l\u2019identification et la recension des cimeti\u00e8res, des tombes et des noms des d\u00e9tenus alg\u00e9riens du XIXe si\u00e8cle d\u00e9c\u00e9d\u00e9s et enterr\u00e9s en France, et de valoriser ces lieux de m\u00e9moire par l\u2019apposition de plaques comm\u00e9moratives en une douzaine de lieux (Toulon, Pau, Amboise, Sainte-Marguerite, S\u00e8te, Agde, Porquerolles, Calvi, Corte, Ajaccio, la Guyane, la Nouvelle-Cal\u00e9donie), renvoyant \u00e0 un site Internet sur lequel des pr\u00e9cisions historiques seront donn\u00e9es sur ces lieux de d\u00e9tention et les personnes qui y \u00e9taient emprisonn\u00e9es. Elle propose \u00e9galement \u00abla finalisation de l\u2019op\u00e9ration de num\u00e9risation des registre de l\u2019\u00e9tat civil et des cimeti\u00e8res de la p\u00e9riode coloniale conserv\u00e9s en Alg\u00e9rie. Les historiens fran\u00e7ais demandent que \u00ables cimeti\u00e8res chr\u00e9tiens et juifs en Alg\u00e9rie soient cartographi\u00e9s et leurs registres num\u00e9ris\u00e9s\u00bb.<\/p>\n\n\n\n<p>La cr\u00e9ation de cette commission avait \u00e9t\u00e9 annonc\u00e9e en ao\u00fbt 2022 \u00e0 Alger par les pr\u00e9sidents fran\u00e7ais Emmanuel Macron et alg\u00e9rien Abdelmadjid Tebboune, dans le but de \u00ab\u00a0regarder ensemble cette p\u00e9riode historique\u00a0\u00bb du d\u00e9but de la colonisation fran\u00e7aise (1830) jusqu&rsquo;\u00e0 la fin de la guerre d&rsquo;ind\u00e9pendance (1962). La commission m\u00e9morielle, avec \u00e0 sa t\u00eate, du c\u00f4t\u00e9 alg\u00e9rien, le professeur Mohamed-Lahcen Zeghidi, et du c\u00f4t\u00e9 fran\u00e7ais, l\u2019historien Benjamin Stora. Elle a tenu trois autres r\u00e9unions: la premi\u00e8re par visioconf\u00e9rence en avril, la deuxi\u00e8me \u00e0 Paris en juin, tandis que la troisi\u00e8me r\u00e9union a \u00e9t\u00e9 tenue au mois de novembre dernier \u00e0 Constantine.<\/p>\n\n\n\n<p>Hocine Fadheli<\/p>\n","protected":false},"excerpt":{"rendered":"<p>Le pr\u00e9sident de la Commission alg\u00e9rienne histoire et m\u00e9moire, Lahcen Zeghidi, a indiqu\u00e9 hier que cette derni\u00e8re a fini d\u2019inventorier<\/p>\n","protected":false},"author":3,"featured_media":50176,"comment_status":"open","ping_status":"closed","sticky":false,"template":"","format":"standard","meta":{"colormag_page_container_layout":"default_layout","colormag_page_sidebar_layout":"default_layout","om_disable_all_campaigns":false,"_monsterinsights_skip_tracking":false,"_monsterinsights_sitenote_active":false,"_monsterinsights_sitenote_note":"","_monsterinsights_sitenote_category":0,"footnotes":"","_wpscppro_dont_share_socialmedia":false,"_wpscppro_custom_social_share_image":0,"_facebook_share_type":"","_twitter_share_type":"","_linkedin_share_type":"","_pinterest_share_type":"","_linkedin_share_type_page":"","_instagram_share_type":"","_medium_share_type":"","_threads_share_type":"","_google_business_share_type":"","_selected_social_profile":[],"_wpsp_enable_custom_social_template":false,"_wpsp_social_scheduling":{"enabled":false,"datetime":null,"platforms":[],"status":"template_only","dateOption":"today","timeOption":"now","customDays":"","customHours":"","customDate":"","customTime":"","schedulingType":"absolute"},"_wpsp_active_default_template":true},"categories":[52,27],"tags":[],"class_list":["post-50175","post","type-post","status-publish","format-standard","has-post-thumbnail","hentry","category-a-la-une","category-actualite"],"aioseo_notices":[],"yoast_head":"<!-- This site is optimized with the Yoast SEO plugin v27.5 - https:\/\/yoast.com\/product\/yoast-seo-wordpress\/ -->\n<title>R\u00e9cup\u00e9ration du patrimoine mat\u00e9riel pill\u00e9 durant la colonisation fran\u00e7aise en Alg\u00e9rie\u00a0: Une premi\u00e8re \u00e9tape franchie - La Sentinelle<\/title>\n<meta name=\"robots\" content=\"index, follow, max-snippet:-1, max-image-preview:large, max-video-preview:-1\" \/>\n<link rel=\"canonical\" href=\"https:\/\/lasentinelle.dz\/index.php\/2024\/03\/07\/recuperation-du-patrimoine-materiel-pille-durant-la-colonisation-francaise-en-algerie-une-premiere-etape-franchie\/\" \/>\n<meta property=\"og:locale\" content=\"fr_FR\" \/>\n<meta property=\"og:type\" content=\"article\" \/>\n<meta property=\"og:title\" content=\"R\u00e9cup\u00e9ration du patrimoine mat\u00e9riel pill\u00e9 durant la colonisation fran\u00e7aise en Alg\u00e9rie\u00a0: Une premi\u00e8re \u00e9tape franchie - La Sentinelle\" \/>\n<meta property=\"og:description\" content=\"Le pr\u00e9sident de la Commission alg\u00e9rienne histoire et m\u00e9moire, Lahcen Zeghidi, a indiqu\u00e9 hier que cette derni\u00e8re a fini d\u2019inventorier\" \/>\n<meta property=\"og:url\" content=\"https:\/\/lasentinelle.dz\/index.php\/2024\/03\/07\/recuperation-du-patrimoine-materiel-pille-durant-la-colonisation-francaise-en-algerie-une-premiere-etape-franchie\/\" \/>\n<meta property=\"og:site_name\" content=\"La Sentinelle\" \/>\n<meta property=\"article:publisher\" content=\"https:\/\/www.facebook.com\/La-Sentinelle-104059864394773\" \/>\n<meta property=\"article:published_time\" content=\"2024-03-07T14:25:00+00:00\" \/>\n<meta property=\"article:modified_time\" content=\"2024-03-09T14:26:05+00:00\" \/>\n<meta property=\"og:image\" content=\"https:\/\/lasentinelle.dz\/wp-content\/uploads\/2024\/03\/canon-dalger.jpeg\" \/>\n\t<meta property=\"og:image:width\" content=\"960\" \/>\n\t<meta property=\"og:image:height\" content=\"638\" \/>\n\t<meta property=\"og:image:type\" content=\"image\/jpeg\" \/>\n<meta name=\"author\" content=\"La Sentinelle\" \/>\n<meta name=\"twitter:card\" content=\"summary_large_image\" \/>\n<meta name=\"twitter:label1\" content=\"\u00c9crit par\" \/>\n\t<meta name=\"twitter:data1\" content=\"La Sentinelle\" \/>\n\t<meta name=\"twitter:label2\" content=\"Dur\u00e9e de lecture estim\u00e9e\" \/>\n\t<meta name=\"twitter:data2\" content=\"5 minutes\" \/>\n<script type=\"application\/ld+json\" class=\"yoast-schema-graph\">{\"@context\":\"https:\\\/\\\/schema.org\",\"@graph\":[{\"@type\":\"Article\",\"@id\":\"https:\\\/\\\/lasentinelle.dz\\\/index.php\\\/2024\\\/03\\\/07\\\/recuperation-du-patrimoine-materiel-pille-durant-la-colonisation-francaise-en-algerie-une-premiere-etape-franchie\\\/#article\",\"isPartOf\":{\"@id\":\"https:\\\/\\\/lasentinelle.dz\\\/index.php\\\/2024\\\/03\\\/07\\\/recuperation-du-patrimoine-materiel-pille-durant-la-colonisation-francaise-en-algerie-une-premiere-etape-franchie\\\/\"},\"author\":{\"name\":\"La Sentinelle\",\"@id\":\"https:\\\/\\\/lasentinelle.dz\\\/#\\\/schema\\\/person\\\/d865044e22e70a75174ce8bcad3acfb3\"},\"headline\":\"R\u00e9cup\u00e9ration du patrimoine mat\u00e9riel pill\u00e9 durant la colonisation fran\u00e7aise en Alg\u00e9rie\u00a0: Une premi\u00e8re \u00e9tape franchie\",\"datePublished\":\"2024-03-07T14:25:00+00:00\",\"dateModified\":\"2024-03-09T14:26:05+00:00\",\"mainEntityOfPage\":{\"@id\":\"https:\\\/\\\/lasentinelle.dz\\\/index.php\\\/2024\\\/03\\\/07\\\/recuperation-du-patrimoine-materiel-pille-durant-la-colonisation-francaise-en-algerie-une-premiere-etape-franchie\\\/\"},\"wordCount\":947,\"commentCount\":0,\"publisher\":{\"@id\":\"https:\\\/\\\/lasentinelle.dz\\\/#organization\"},\"image\":{\"@id\":\"https:\\\/\\\/lasentinelle.dz\\\/index.php\\\/2024\\\/03\\\/07\\\/recuperation-du-patrimoine-materiel-pille-durant-la-colonisation-francaise-en-algerie-une-premiere-etape-franchie\\\/#primaryimage\"},\"thumbnailUrl\":\"https:\\\/\\\/lasentinelle.dz\\\/wp-content\\\/uploads\\\/2024\\\/03\\\/canon-dalger.jpeg\",\"articleSection\":[\"\u00c0 la Une\",\"Actualit\u00e9\"],\"inLanguage\":\"fr-FR\",\"potentialAction\":[{\"@type\":\"CommentAction\",\"name\":\"Comment\",\"target\":[\"https:\\\/\\\/lasentinelle.dz\\\/index.php\\\/2024\\\/03\\\/07\\\/recuperation-du-patrimoine-materiel-pille-durant-la-colonisation-francaise-en-algerie-une-premiere-etape-franchie\\\/#respond\"]}]},{\"@type\":\"WebPage\",\"@id\":\"https:\\\/\\\/lasentinelle.dz\\\/index.php\\\/2024\\\/03\\\/07\\\/recuperation-du-patrimoine-materiel-pille-durant-la-colonisation-francaise-en-algerie-une-premiere-etape-franchie\\\/\",\"url\":\"https:\\\/\\\/lasentinelle.dz\\\/index.php\\\/2024\\\/03\\\/07\\\/recuperation-du-patrimoine-materiel-pille-durant-la-colonisation-francaise-en-algerie-une-premiere-etape-franchie\\\/\",\"name\":\"R\u00e9cup\u00e9ration du patrimoine mat\u00e9riel pill\u00e9 durant la colonisation fran\u00e7aise en Alg\u00e9rie\u00a0: Une premi\u00e8re \u00e9tape franchie - La Sentinelle\",\"isPartOf\":{\"@id\":\"https:\\\/\\\/lasentinelle.dz\\\/#website\"},\"primaryImageOfPage\":{\"@id\":\"https:\\\/\\\/lasentinelle.dz\\\/index.php\\\/2024\\\/03\\\/07\\\/recuperation-du-patrimoine-materiel-pille-durant-la-colonisation-francaise-en-algerie-une-premiere-etape-franchie\\\/#primaryimage\"},\"image\":{\"@id\":\"https:\\\/\\\/lasentinelle.dz\\\/index.php\\\/2024\\\/03\\\/07\\\/recuperation-du-patrimoine-materiel-pille-durant-la-colonisation-francaise-en-algerie-une-premiere-etape-franchie\\\/#primaryimage\"},\"thumbnailUrl\":\"https:\\\/\\\/lasentinelle.dz\\\/wp-content\\\/uploads\\\/2024\\\/03\\\/canon-dalger.jpeg\",\"datePublished\":\"2024-03-07T14:25:00+00:00\",\"dateModified\":\"2024-03-09T14:26:05+00:00\",\"breadcrumb\":{\"@id\":\"https:\\\/\\\/lasentinelle.dz\\\/index.php\\\/2024\\\/03\\\/07\\\/recuperation-du-patrimoine-materiel-pille-durant-la-colonisation-francaise-en-algerie-une-premiere-etape-franchie\\\/#breadcrumb\"},\"inLanguage\":\"fr-FR\",\"potentialAction\":[{\"@type\":\"ReadAction\",\"target\":[\"https:\\\/\\\/lasentinelle.dz\\\/index.php\\\/2024\\\/03\\\/07\\\/recuperation-du-patrimoine-materiel-pille-durant-la-colonisation-francaise-en-algerie-une-premiere-etape-franchie\\\/\"]}]},{\"@type\":\"ImageObject\",\"inLanguage\":\"fr-FR\",\"@id\":\"https:\\\/\\\/lasentinelle.dz\\\/index.php\\\/2024\\\/03\\\/07\\\/recuperation-du-patrimoine-materiel-pille-durant-la-colonisation-francaise-en-algerie-une-premiere-etape-franchie\\\/#primaryimage\",\"url\":\"https:\\\/\\\/lasentinelle.dz\\\/wp-content\\\/uploads\\\/2024\\\/03\\\/canon-dalger.jpeg\",\"contentUrl\":\"https:\\\/\\\/lasentinelle.dz\\\/wp-content\\\/uploads\\\/2024\\\/03\\\/canon-dalger.jpeg\",\"width\":960,\"height\":638},{\"@type\":\"BreadcrumbList\",\"@id\":\"https:\\\/\\\/lasentinelle.dz\\\/index.php\\\/2024\\\/03\\\/07\\\/recuperation-du-patrimoine-materiel-pille-durant-la-colonisation-francaise-en-algerie-une-premiere-etape-franchie\\\/#breadcrumb\",\"itemListElement\":[{\"@type\":\"ListItem\",\"position\":1,\"name\":\"Accueil\",\"item\":\"https:\\\/\\\/lasentinelle.dz\\\/\"},{\"@type\":\"ListItem\",\"position\":2,\"name\":\"R\u00e9cup\u00e9ration du patrimoine mat\u00e9riel pill\u00e9 durant la colonisation fran\u00e7aise en Alg\u00e9rie\u00a0: Une premi\u00e8re \u00e9tape franchie\"}]},{\"@type\":\"WebSite\",\"@id\":\"https:\\\/\\\/lasentinelle.dz\\\/#website\",\"url\":\"https:\\\/\\\/lasentinelle.dz\\\/\",\"name\":\"La Sentinelle\",\"description\":\"Quotidien national d&#039;information\",\"publisher\":{\"@id\":\"https:\\\/\\\/lasentinelle.dz\\\/#organization\"},\"potentialAction\":[{\"@type\":\"SearchAction\",\"target\":{\"@type\":\"EntryPoint\",\"urlTemplate\":\"https:\\\/\\\/lasentinelle.dz\\\/?s={search_term_string}\"},\"query-input\":{\"@type\":\"PropertyValueSpecification\",\"valueRequired\":true,\"valueName\":\"search_term_string\"}}],\"inLanguage\":\"fr-FR\"},{\"@type\":\"Organization\",\"@id\":\"https:\\\/\\\/lasentinelle.dz\\\/#organization\",\"name\":\"Quotidien La Sentinelle\",\"url\":\"https:\\\/\\\/lasentinelle.dz\\\/\",\"logo\":{\"@type\":\"ImageObject\",\"inLanguage\":\"fr-FR\",\"@id\":\"https:\\\/\\\/lasentinelle.dz\\\/#\\\/schema\\\/logo\\\/image\\\/\",\"url\":\"https:\\\/\\\/lasentinelle.dz\\\/wp-content\\\/uploads\\\/2021\\\/09\\\/logo-sentinelleSLOGAN-1.png\",\"contentUrl\":\"https:\\\/\\\/lasentinelle.dz\\\/wp-content\\\/uploads\\\/2021\\\/09\\\/logo-sentinelleSLOGAN-1.png\",\"width\":615,\"height\":142,\"caption\":\"Quotidien La Sentinelle\"},\"image\":{\"@id\":\"https:\\\/\\\/lasentinelle.dz\\\/#\\\/schema\\\/logo\\\/image\\\/\"},\"sameAs\":[\"https:\\\/\\\/www.facebook.com\\\/La-Sentinelle-104059864394773\"]},{\"@type\":\"Person\",\"@id\":\"https:\\\/\\\/lasentinelle.dz\\\/#\\\/schema\\\/person\\\/d865044e22e70a75174ce8bcad3acfb3\",\"name\":\"La Sentinelle\",\"image\":{\"@type\":\"ImageObject\",\"inLanguage\":\"fr-FR\",\"@id\":\"https:\\\/\\\/secure.gravatar.com\\\/avatar\\\/57de8e5d4b15d43fb361a71fbb36338450fe67865b528a43dd10ef7c51a20392?s=96&d=mm&r=g\",\"url\":\"https:\\\/\\\/secure.gravatar.com\\\/avatar\\\/57de8e5d4b15d43fb361a71fbb36338450fe67865b528a43dd10ef7c51a20392?s=96&d=mm&r=g\",\"contentUrl\":\"https:\\\/\\\/secure.gravatar.com\\\/avatar\\\/57de8e5d4b15d43fb361a71fbb36338450fe67865b528a43dd10ef7c51a20392?s=96&d=mm&r=g\",\"caption\":\"La Sentinelle\"},\"sameAs\":[\"http:\\\/\\\/www.lasentinelle.dz\"],\"url\":\"https:\\\/\\\/lasentinelle.dz\\\/author\\\/redaction\\\/\"}]}<\/script>\n<!-- \/ Yoast SEO plugin. -->","yoast_head_json":{"title":"R\u00e9cup\u00e9ration du patrimoine mat\u00e9riel pill\u00e9 durant la colonisation fran\u00e7aise en Alg\u00e9rie\u00a0: Une premi\u00e8re \u00e9tape franchie - La Sentinelle","robots":{"index":"index","follow":"follow","max-snippet":"max-snippet:-1","max-image-preview":"max-image-preview:large","max-video-preview":"max-video-preview:-1"},"canonical":"https:\/\/lasentinelle.dz\/index.php\/2024\/03\/07\/recuperation-du-patrimoine-materiel-pille-durant-la-colonisation-francaise-en-algerie-une-premiere-etape-franchie\/","og_locale":"fr_FR","og_type":"article","og_title":"R\u00e9cup\u00e9ration du patrimoine mat\u00e9riel pill\u00e9 durant la colonisation fran\u00e7aise en Alg\u00e9rie\u00a0: Une premi\u00e8re \u00e9tape franchie - La Sentinelle","og_description":"Le pr\u00e9sident de la Commission alg\u00e9rienne histoire et m\u00e9moire, Lahcen Zeghidi, a indiqu\u00e9 hier que cette derni\u00e8re a fini d\u2019inventorier","og_url":"https:\/\/lasentinelle.dz\/index.php\/2024\/03\/07\/recuperation-du-patrimoine-materiel-pille-durant-la-colonisation-francaise-en-algerie-une-premiere-etape-franchie\/","og_site_name":"La Sentinelle","article_publisher":"https:\/\/www.facebook.com\/La-Sentinelle-104059864394773","article_published_time":"2024-03-07T14:25:00+00:00","article_modified_time":"2024-03-09T14:26:05+00:00","og_image":[{"width":960,"height":638,"url":"https:\/\/lasentinelle.dz\/wp-content\/uploads\/2024\/03\/canon-dalger.jpeg","type":"image\/jpeg"}],"author":"La Sentinelle","twitter_card":"summary_large_image","twitter_misc":{"\u00c9crit par":"La Sentinelle","Dur\u00e9e de lecture estim\u00e9e":"5 minutes"},"schema":{"@context":"https:\/\/schema.org","@graph":[{"@type":"Article","@id":"https:\/\/lasentinelle.dz\/index.php\/2024\/03\/07\/recuperation-du-patrimoine-materiel-pille-durant-la-colonisation-francaise-en-algerie-une-premiere-etape-franchie\/#article","isPartOf":{"@id":"https:\/\/lasentinelle.dz\/index.php\/2024\/03\/07\/recuperation-du-patrimoine-materiel-pille-durant-la-colonisation-francaise-en-algerie-une-premiere-etape-franchie\/"},"author":{"name":"La Sentinelle","@id":"https:\/\/lasentinelle.dz\/#\/schema\/person\/d865044e22e70a75174ce8bcad3acfb3"},"headline":"R\u00e9cup\u00e9ration du patrimoine mat\u00e9riel pill\u00e9 durant la colonisation fran\u00e7aise en Alg\u00e9rie\u00a0: Une premi\u00e8re \u00e9tape franchie","datePublished":"2024-03-07T14:25:00+00:00","dateModified":"2024-03-09T14:26:05+00:00","mainEntityOfPage":{"@id":"https:\/\/lasentinelle.dz\/index.php\/2024\/03\/07\/recuperation-du-patrimoine-materiel-pille-durant-la-colonisation-francaise-en-algerie-une-premiere-etape-franchie\/"},"wordCount":947,"commentCount":0,"publisher":{"@id":"https:\/\/lasentinelle.dz\/#organization"},"image":{"@id":"https:\/\/lasentinelle.dz\/index.php\/2024\/03\/07\/recuperation-du-patrimoine-materiel-pille-durant-la-colonisation-francaise-en-algerie-une-premiere-etape-franchie\/#primaryimage"},"thumbnailUrl":"https:\/\/lasentinelle.dz\/wp-content\/uploads\/2024\/03\/canon-dalger.jpeg","articleSection":["\u00c0 la Une","Actualit\u00e9"],"inLanguage":"fr-FR","potentialAction":[{"@type":"CommentAction","name":"Comment","target":["https:\/\/lasentinelle.dz\/index.php\/2024\/03\/07\/recuperation-du-patrimoine-materiel-pille-durant-la-colonisation-francaise-en-algerie-une-premiere-etape-franchie\/#respond"]}]},{"@type":"WebPage","@id":"https:\/\/lasentinelle.dz\/index.php\/2024\/03\/07\/recuperation-du-patrimoine-materiel-pille-durant-la-colonisation-francaise-en-algerie-une-premiere-etape-franchie\/","url":"https:\/\/lasentinelle.dz\/index.php\/2024\/03\/07\/recuperation-du-patrimoine-materiel-pille-durant-la-colonisation-francaise-en-algerie-une-premiere-etape-franchie\/","name":"R\u00e9cup\u00e9ration du patrimoine mat\u00e9riel pill\u00e9 durant la colonisation fran\u00e7aise en Alg\u00e9rie\u00a0: Une premi\u00e8re \u00e9tape franchie - La Sentinelle","isPartOf":{"@id":"https:\/\/lasentinelle.dz\/#website"},"primaryImageOfPage":{"@id":"https:\/\/lasentinelle.dz\/index.php\/2024\/03\/07\/recuperation-du-patrimoine-materiel-pille-durant-la-colonisation-francaise-en-algerie-une-premiere-etape-franchie\/#primaryimage"},"image":{"@id":"https:\/\/lasentinelle.dz\/index.php\/2024\/03\/07\/recuperation-du-patrimoine-materiel-pille-durant-la-colonisation-francaise-en-algerie-une-premiere-etape-franchie\/#primaryimage"},"thumbnailUrl":"https:\/\/lasentinelle.dz\/wp-content\/uploads\/2024\/03\/canon-dalger.jpeg","datePublished":"2024-03-07T14:25:00+00:00","dateModified":"2024-03-09T14:26:05+00:00","breadcrumb":{"@id":"https:\/\/lasentinelle.dz\/index.php\/2024\/03\/07\/recuperation-du-patrimoine-materiel-pille-durant-la-colonisation-francaise-en-algerie-une-premiere-etape-franchie\/#breadcrumb"},"inLanguage":"fr-FR","potentialAction":[{"@type":"ReadAction","target":["https:\/\/lasentinelle.dz\/index.php\/2024\/03\/07\/recuperation-du-patrimoine-materiel-pille-durant-la-colonisation-francaise-en-algerie-une-premiere-etape-franchie\/"]}]},{"@type":"ImageObject","inLanguage":"fr-FR","@id":"https:\/\/lasentinelle.dz\/index.php\/2024\/03\/07\/recuperation-du-patrimoine-materiel-pille-durant-la-colonisation-francaise-en-algerie-une-premiere-etape-franchie\/#primaryimage","url":"https:\/\/lasentinelle.dz\/wp-content\/uploads\/2024\/03\/canon-dalger.jpeg","contentUrl":"https:\/\/lasentinelle.dz\/wp-content\/uploads\/2024\/03\/canon-dalger.jpeg","width":960,"height":638},{"@type":"BreadcrumbList","@id":"https:\/\/lasentinelle.dz\/index.php\/2024\/03\/07\/recuperation-du-patrimoine-materiel-pille-durant-la-colonisation-francaise-en-algerie-une-premiere-etape-franchie\/#breadcrumb","itemListElement":[{"@type":"ListItem","position":1,"name":"Accueil","item":"https:\/\/lasentinelle.dz\/"},{"@type":"ListItem","position":2,"name":"R\u00e9cup\u00e9ration du patrimoine mat\u00e9riel pill\u00e9 durant la colonisation fran\u00e7aise en Alg\u00e9rie\u00a0: Une premi\u00e8re \u00e9tape franchie"}]},{"@type":"WebSite","@id":"https:\/\/lasentinelle.dz\/#website","url":"https:\/\/lasentinelle.dz\/","name":"La Sentinelle","description":"Quotidien national d&#039;information","publisher":{"@id":"https:\/\/lasentinelle.dz\/#organization"},"potentialAction":[{"@type":"SearchAction","target":{"@type":"EntryPoint","urlTemplate":"https:\/\/lasentinelle.dz\/?s={search_term_string}"},"query-input":{"@type":"PropertyValueSpecification","valueRequired":true,"valueName":"search_term_string"}}],"inLanguage":"fr-FR"},{"@type":"Organization","@id":"https:\/\/lasentinelle.dz\/#organization","name":"Quotidien La Sentinelle","url":"https:\/\/lasentinelle.dz\/","logo":{"@type":"ImageObject","inLanguage":"fr-FR","@id":"https:\/\/lasentinelle.dz\/#\/schema\/logo\/image\/","url":"https:\/\/lasentinelle.dz\/wp-content\/uploads\/2021\/09\/logo-sentinelleSLOGAN-1.png","contentUrl":"https:\/\/lasentinelle.dz\/wp-content\/uploads\/2021\/09\/logo-sentinelleSLOGAN-1.png","width":615,"height":142,"caption":"Quotidien La Sentinelle"},"image":{"@id":"https:\/\/lasentinelle.dz\/#\/schema\/logo\/image\/"},"sameAs":["https:\/\/www.facebook.com\/La-Sentinelle-104059864394773"]},{"@type":"Person","@id":"https:\/\/lasentinelle.dz\/#\/schema\/person\/d865044e22e70a75174ce8bcad3acfb3","name":"La Sentinelle","image":{"@type":"ImageObject","inLanguage":"fr-FR","@id":"https:\/\/secure.gravatar.com\/avatar\/57de8e5d4b15d43fb361a71fbb36338450fe67865b528a43dd10ef7c51a20392?s=96&d=mm&r=g","url":"https:\/\/secure.gravatar.com\/avatar\/57de8e5d4b15d43fb361a71fbb36338450fe67865b528a43dd10ef7c51a20392?s=96&d=mm&r=g","contentUrl":"https:\/\/secure.gravatar.com\/avatar\/57de8e5d4b15d43fb361a71fbb36338450fe67865b528a43dd10ef7c51a20392?s=96&d=mm&r=g","caption":"La Sentinelle"},"sameAs":["http:\/\/www.lasentinelle.dz"],"url":"https:\/\/lasentinelle.dz\/author\/redaction\/"}]}},"_links":{"self":[{"href":"https:\/\/lasentinelle.dz\/index.php\/wp-json\/wp\/v2\/posts\/50175","targetHints":{"allow":["GET"]}}],"collection":[{"href":"https:\/\/lasentinelle.dz\/index.php\/wp-json\/wp\/v2\/posts"}],"about":[{"href":"https:\/\/lasentinelle.dz\/index.php\/wp-json\/wp\/v2\/types\/post"}],"author":[{"embeddable":true,"href":"https:\/\/lasentinelle.dz\/index.php\/wp-json\/wp\/v2\/users\/3"}],"replies":[{"embeddable":true,"href":"https:\/\/lasentinelle.dz\/index.php\/wp-json\/wp\/v2\/comments?post=50175"}],"version-history":[{"count":1,"href":"https:\/\/lasentinelle.dz\/index.php\/wp-json\/wp\/v2\/posts\/50175\/revisions"}],"predecessor-version":[{"id":50177,"href":"https:\/\/lasentinelle.dz\/index.php\/wp-json\/wp\/v2\/posts\/50175\/revisions\/50177"}],"wp:featuredmedia":[{"embeddable":true,"href":"https:\/\/lasentinelle.dz\/index.php\/wp-json\/wp\/v2\/media\/50176"}],"wp:attachment":[{"href":"https:\/\/lasentinelle.dz\/index.php\/wp-json\/wp\/v2\/media?parent=50175"}],"wp:term":[{"taxonomy":"category","embeddable":true,"href":"https:\/\/lasentinelle.dz\/index.php\/wp-json\/wp\/v2\/categories?post=50175"},{"taxonomy":"post_tag","embeddable":true,"href":"https:\/\/lasentinelle.dz\/index.php\/wp-json\/wp\/v2\/tags?post=50175"}],"curies":[{"name":"wp","href":"https:\/\/api.w.org\/{rel}","templated":true}]}}