{"id":50248,"date":"2024-03-11T14:17:19","date_gmt":"2024-03-11T13:17:19","guid":{"rendered":"https:\/\/lasentinelle.dz\/?p=50248"},"modified":"2024-03-11T14:17:24","modified_gmt":"2024-03-11T13:17:24","slug":"le-president-tebboune-appelle-la-communaute-internationale-a-assumer-ses-responsabilites","status":"publish","type":"post","link":"https:\/\/lasentinelle.dz\/index.php\/2024\/03\/11\/le-president-tebboune-appelle-la-communaute-internationale-a-assumer-ses-responsabilites\/","title":{"rendered":"Le Pr\u00e9sident Tebboune appelle la communaut\u00e9 internationale \u00e0 assumer ses responsabilit\u00e9s"},"content":{"rendered":"\n<p>Le pr\u00e9sident de la R\u00e9publique, Abdelmadjid Tebboune, a appel\u00e9 hier, dans un message adress\u00e9 \u00e0 l\u2019occasion du mois sacr\u00e9 du Ramadhan, la communaut\u00e9 internationale \u00e0 assumer ses responsabilit\u00e9s face au g\u00e9nocide en cours \u00e0 Ghaza. \u00ab&nbsp;Ramadhan arrive cette ann\u00e9e et nos c\u0153urs saignent pour la souffrance de nos fr\u00e8res en Palestine occup\u00e9e.&nbsp;Nous renouvelons, pour l\u2019occasion notre appel \u00e0 la communaut\u00e9 internationale de prendre ses responsabilit\u00e9s face \u00e0 ce g\u00e9nocide et de respecter la sacralit\u00e9 de ce mois pour la nation&nbsp;\u00bb, a indiqu\u00e9 le Pr\u00e9sident Tebboune. Dans son message, le pr\u00e9sident de la R\u00e9publique a \u00e9galement mis en avant les valeurs de solidarit\u00e9 qui impr\u00e8gnent le mois sacr\u00e9, ainsi que les efforts de l\u2019\u00c9tat qui sont orient\u00e9s pour \u00ab permettre aux citoyens de b\u00e9n\u00e9ficier du bien-\u00eatre et de la stabilit\u00e9 que conna\u00eet notre pays, ce qui nous appelle partager les responsabilit\u00e9s et travailler ensemble \u00e0 renforcer le front int\u00e9rieur, \u00e0 promouvoir l&rsquo;unit\u00e9 nationale, \u00e0 d\u00e9velopper l&rsquo;esprit patriotique et la citoyennet\u00e9&nbsp;\u00bb. Il s\u2019est \u00e9galement f\u00e9licit\u00e9 de \u00ab&nbsp;l&rsquo;inauguration de la Grande Mosqu\u00e9e d&rsquo;Alger, avec ses installations dignes de sa noble mission bas\u00e9e sur les valeurs de mod\u00e9ration&nbsp;\u00bb religieuse. Le pr\u00e9sident de la R\u00e9publique a \u00e9galement eu une pens\u00e9e pour les membres de notre communaut\u00e9 \u00e0 l&rsquo;\u00e9tranger.<\/p>\n\n\n\n<p>Chokri Hafed<\/p>\n","protected":false},"excerpt":{"rendered":"<p>Le pr\u00e9sident de la R\u00e9publique, Abdelmadjid Tebboune, a appel\u00e9 hier, dans un message adress\u00e9 \u00e0 l\u2019occasion du mois sacr\u00e9 du<\/p>\n","protected":false},"author":3,"featured_media":49603,"comment_status":"open","ping_status":"closed","sticky":false,"template":"","format":"standard","meta":{"colormag_page_container_layout":"default_layout","colormag_page_sidebar_layout":"default_layout","om_disable_all_campaigns":false,"_monsterinsights_skip_tracking":false,"_monsterinsights_sitenote_active":false,"_monsterinsights_sitenote_note":"","_monsterinsights_sitenote_category":0,"footnotes":"","_wpscppro_dont_share_socialmedia":false,"_wpscppro_custom_social_share_image":0,"_facebook_share_type":"","_twitter_share_type":"","_linkedin_share_type":"","_pinterest_share_type":"","_linkedin_share_type_page":"","_instagram_share_type":"","_medium_share_type":"","_threads_share_type":"","_google_business_share_type":"","_selected_social_profile":[],"_wpsp_enable_custom_social_template":false,"_wpsp_social_scheduling":{"enabled":false,"datetime":null,"platforms":[],"status":"template_only","dateOption":"today","timeOption":"now","customDays":"","customHours":"","customDate":"","customTime":"","schedulingType":"absolute"},"_wpsp_active_default_template":true},"categories":[27],"tags":[],"class_list":["post-50248","post","type-post","status-publish","format-standard","has-post-thumbnail","hentry","category-actualite"],"aioseo_notices":[],"yoast_head":"<!-- This site is optimized with the Yoast SEO plugin v27.5 - https:\/\/yoast.com\/product\/yoast-seo-wordpress\/ -->\n<title>Le Pr\u00e9sident Tebboune appelle la communaut\u00e9 internationale \u00e0 assumer ses responsabilit\u00e9s - La Sentinelle<\/title>\n<meta name=\"robots\" content=\"index, follow, max-snippet:-1, max-image-preview:large, max-video-preview:-1\" \/>\n<link rel=\"canonical\" href=\"https:\/\/lasentinelle.dz\/index.php\/2024\/03\/11\/le-president-tebboune-appelle-la-communaute-internationale-a-assumer-ses-responsabilites\/\" \/>\n<meta property=\"og:locale\" content=\"fr_FR\" \/>\n<meta property=\"og:type\" content=\"article\" \/>\n<meta property=\"og:title\" content=\"Le Pr\u00e9sident Tebboune appelle la communaut\u00e9 internationale \u00e0 assumer ses responsabilit\u00e9s - La Sentinelle\" \/>\n<meta property=\"og:description\" content=\"Le pr\u00e9sident de la R\u00e9publique, Abdelmadjid Tebboune, a appel\u00e9 hier, dans un message adress\u00e9 \u00e0 l\u2019occasion du mois sacr\u00e9 du\" \/>\n<meta property=\"og:url\" content=\"https:\/\/lasentinelle.dz\/index.php\/2024\/03\/11\/le-president-tebboune-appelle-la-communaute-internationale-a-assumer-ses-responsabilites\/\" \/>\n<meta property=\"og:site_name\" content=\"La Sentinelle\" \/>\n<meta property=\"article:publisher\" content=\"https:\/\/www.facebook.com\/La-Sentinelle-104059864394773\" \/>\n<meta property=\"article:published_time\" content=\"2024-03-11T13:17:19+00:00\" \/>\n<meta property=\"article:modified_time\" content=\"2024-03-11T13:17:24+00:00\" \/>\n<meta property=\"og:image\" content=\"https:\/\/lasentinelle.dz\/wp-content\/uploads\/2024\/02\/tebboune-2.jpeg\" \/>\n\t<meta property=\"og:image:width\" content=\"700\" \/>\n\t<meta property=\"og:image:height\" content=\"466\" \/>\n\t<meta property=\"og:image:type\" content=\"image\/jpeg\" \/>\n<meta name=\"author\" content=\"La Sentinelle\" \/>\n<meta name=\"twitter:card\" content=\"summary_large_image\" \/>\n<meta name=\"twitter:label1\" content=\"\u00c9crit par\" \/>\n\t<meta name=\"twitter:data1\" content=\"La Sentinelle\" \/>\n\t<meta name=\"twitter:label2\" content=\"Dur\u00e9e de lecture estim\u00e9e\" \/>\n\t<meta name=\"twitter:data2\" content=\"2 minutes\" \/>\n<script type=\"application\/ld+json\" class=\"yoast-schema-graph\">{\"@context\":\"https:\\\/\\\/schema.org\",\"@graph\":[{\"@type\":\"Article\",\"@id\":\"https:\\\/\\\/lasentinelle.dz\\\/index.php\\\/2024\\\/03\\\/11\\\/le-president-tebboune-appelle-la-communaute-internationale-a-assumer-ses-responsabilites\\\/#article\",\"isPartOf\":{\"@id\":\"https:\\\/\\\/lasentinelle.dz\\\/index.php\\\/2024\\\/03\\\/11\\\/le-president-tebboune-appelle-la-communaute-internationale-a-assumer-ses-responsabilites\\\/\"},\"author\":{\"name\":\"La Sentinelle\",\"@id\":\"https:\\\/\\\/lasentinelle.dz\\\/#\\\/schema\\\/person\\\/d865044e22e70a75174ce8bcad3acfb3\"},\"headline\":\"Le Pr\u00e9sident Tebboune appelle la communaut\u00e9 internationale \u00e0 assumer ses responsabilit\u00e9s\",\"datePublished\":\"2024-03-11T13:17:19+00:00\",\"dateModified\":\"2024-03-11T13:17:24+00:00\",\"mainEntityOfPage\":{\"@id\":\"https:\\\/\\\/lasentinelle.dz\\\/index.php\\\/2024\\\/03\\\/11\\\/le-president-tebboune-appelle-la-communaute-internationale-a-assumer-ses-responsabilites\\\/\"},\"wordCount\":252,\"commentCount\":0,\"publisher\":{\"@id\":\"https:\\\/\\\/lasentinelle.dz\\\/#organization\"},\"image\":{\"@id\":\"https:\\\/\\\/lasentinelle.dz\\\/index.php\\\/2024\\\/03\\\/11\\\/le-president-tebboune-appelle-la-communaute-internationale-a-assumer-ses-responsabilites\\\/#primaryimage\"},\"thumbnailUrl\":\"https:\\\/\\\/lasentinelle.dz\\\/wp-content\\\/uploads\\\/2024\\\/02\\\/tebboune-2.jpeg\",\"articleSection\":[\"Actualit\u00e9\"],\"inLanguage\":\"fr-FR\",\"potentialAction\":[{\"@type\":\"CommentAction\",\"name\":\"Comment\",\"target\":[\"https:\\\/\\\/lasentinelle.dz\\\/index.php\\\/2024\\\/03\\\/11\\\/le-president-tebboune-appelle-la-communaute-internationale-a-assumer-ses-responsabilites\\\/#respond\"]}]},{\"@type\":\"WebPage\",\"@id\":\"https:\\\/\\\/lasentinelle.dz\\\/index.php\\\/2024\\\/03\\\/11\\\/le-president-tebboune-appelle-la-communaute-internationale-a-assumer-ses-responsabilites\\\/\",\"url\":\"https:\\\/\\\/lasentinelle.dz\\\/index.php\\\/2024\\\/03\\\/11\\\/le-president-tebboune-appelle-la-communaute-internationale-a-assumer-ses-responsabilites\\\/\",\"name\":\"Le Pr\u00e9sident Tebboune appelle la communaut\u00e9 internationale \u00e0 assumer ses responsabilit\u00e9s - La Sentinelle\",\"isPartOf\":{\"@id\":\"https:\\\/\\\/lasentinelle.dz\\\/#website\"},\"primaryImageOfPage\":{\"@id\":\"https:\\\/\\\/lasentinelle.dz\\\/index.php\\\/2024\\\/03\\\/11\\\/le-president-tebboune-appelle-la-communaute-internationale-a-assumer-ses-responsabilites\\\/#primaryimage\"},\"image\":{\"@id\":\"https:\\\/\\\/lasentinelle.dz\\\/index.php\\\/2024\\\/03\\\/11\\\/le-president-tebboune-appelle-la-communaute-internationale-a-assumer-ses-responsabilites\\\/#primaryimage\"},\"thumbnailUrl\":\"https:\\\/\\\/lasentinelle.dz\\\/wp-content\\\/uploads\\\/2024\\\/02\\\/tebboune-2.jpeg\",\"datePublished\":\"2024-03-11T13:17:19+00:00\",\"dateModified\":\"2024-03-11T13:17:24+00:00\",\"breadcrumb\":{\"@id\":\"https:\\\/\\\/lasentinelle.dz\\\/index.php\\\/2024\\\/03\\\/11\\\/le-president-tebboune-appelle-la-communaute-internationale-a-assumer-ses-responsabilites\\\/#breadcrumb\"},\"inLanguage\":\"fr-FR\",\"potentialAction\":[{\"@type\":\"ReadAction\",\"target\":[\"https:\\\/\\\/lasentinelle.dz\\\/index.php\\\/2024\\\/03\\\/11\\\/le-president-tebboune-appelle-la-communaute-internationale-a-assumer-ses-responsabilites\\\/\"]}]},{\"@type\":\"ImageObject\",\"inLanguage\":\"fr-FR\",\"@id\":\"https:\\\/\\\/lasentinelle.dz\\\/index.php\\\/2024\\\/03\\\/11\\\/le-president-tebboune-appelle-la-communaute-internationale-a-assumer-ses-responsabilites\\\/#primaryimage\",\"url\":\"https:\\\/\\\/lasentinelle.dz\\\/wp-content\\\/uploads\\\/2024\\\/02\\\/tebboune-2.jpeg\",\"contentUrl\":\"https:\\\/\\\/lasentinelle.dz\\\/wp-content\\\/uploads\\\/2024\\\/02\\\/tebboune-2.jpeg\",\"width\":700,\"height\":466},{\"@type\":\"BreadcrumbList\",\"@id\":\"https:\\\/\\\/lasentinelle.dz\\\/index.php\\\/2024\\\/03\\\/11\\\/le-president-tebboune-appelle-la-communaute-internationale-a-assumer-ses-responsabilites\\\/#breadcrumb\",\"itemListElement\":[{\"@type\":\"ListItem\",\"position\":1,\"name\":\"Accueil\",\"item\":\"https:\\\/\\\/lasentinelle.dz\\\/\"},{\"@type\":\"ListItem\",\"position\":2,\"name\":\"Le Pr\u00e9sident Tebboune appelle la communaut\u00e9 internationale \u00e0 assumer ses responsabilit\u00e9s\"}]},{\"@type\":\"WebSite\",\"@id\":\"https:\\\/\\\/lasentinelle.dz\\\/#website\",\"url\":\"https:\\\/\\\/lasentinelle.dz\\\/\",\"name\":\"La Sentinelle\",\"description\":\"Quotidien national d&#039;information\",\"publisher\":{\"@id\":\"https:\\\/\\\/lasentinelle.dz\\\/#organization\"},\"potentialAction\":[{\"@type\":\"SearchAction\",\"target\":{\"@type\":\"EntryPoint\",\"urlTemplate\":\"https:\\\/\\\/lasentinelle.dz\\\/?s={search_term_string}\"},\"query-input\":{\"@type\":\"PropertyValueSpecification\",\"valueRequired\":true,\"valueName\":\"search_term_string\"}}],\"inLanguage\":\"fr-FR\"},{\"@type\":\"Organization\",\"@id\":\"https:\\\/\\\/lasentinelle.dz\\\/#organization\",\"name\":\"Quotidien La Sentinelle\",\"url\":\"https:\\\/\\\/lasentinelle.dz\\\/\",\"logo\":{\"@type\":\"ImageObject\",\"inLanguage\":\"fr-FR\",\"@id\":\"https:\\\/\\\/lasentinelle.dz\\\/#\\\/schema\\\/logo\\\/image\\\/\",\"url\":\"https:\\\/\\\/lasentinelle.dz\\\/wp-content\\\/uploads\\\/2021\\\/09\\\/logo-sentinelleSLOGAN-1.png\",\"contentUrl\":\"https:\\\/\\\/lasentinelle.dz\\\/wp-content\\\/uploads\\\/2021\\\/09\\\/logo-sentinelleSLOGAN-1.png\",\"width\":615,\"height\":142,\"caption\":\"Quotidien La Sentinelle\"},\"image\":{\"@id\":\"https:\\\/\\\/lasentinelle.dz\\\/#\\\/schema\\\/logo\\\/image\\\/\"},\"sameAs\":[\"https:\\\/\\\/www.facebook.com\\\/La-Sentinelle-104059864394773\"]},{\"@type\":\"Person\",\"@id\":\"https:\\\/\\\/lasentinelle.dz\\\/#\\\/schema\\\/person\\\/d865044e22e70a75174ce8bcad3acfb3\",\"name\":\"La Sentinelle\",\"image\":{\"@type\":\"ImageObject\",\"inLanguage\":\"fr-FR\",\"@id\":\"https:\\\/\\\/secure.gravatar.com\\\/avatar\\\/57de8e5d4b15d43fb361a71fbb36338450fe67865b528a43dd10ef7c51a20392?s=96&d=mm&r=g\",\"url\":\"https:\\\/\\\/secure.gravatar.com\\\/avatar\\\/57de8e5d4b15d43fb361a71fbb36338450fe67865b528a43dd10ef7c51a20392?s=96&d=mm&r=g\",\"contentUrl\":\"https:\\\/\\\/secure.gravatar.com\\\/avatar\\\/57de8e5d4b15d43fb361a71fbb36338450fe67865b528a43dd10ef7c51a20392?s=96&d=mm&r=g\",\"caption\":\"La Sentinelle\"},\"sameAs\":[\"http:\\\/\\\/www.lasentinelle.dz\"],\"url\":\"https:\\\/\\\/lasentinelle.dz\\\/author\\\/redaction\\\/\"}]}<\/script>\n<!-- \/ Yoast SEO plugin. -->","yoast_head_json":{"title":"Le Pr\u00e9sident Tebboune appelle la communaut\u00e9 internationale \u00e0 assumer ses responsabilit\u00e9s - La Sentinelle","robots":{"index":"index","follow":"follow","max-snippet":"max-snippet:-1","max-image-preview":"max-image-preview:large","max-video-preview":"max-video-preview:-1"},"canonical":"https:\/\/lasentinelle.dz\/index.php\/2024\/03\/11\/le-president-tebboune-appelle-la-communaute-internationale-a-assumer-ses-responsabilites\/","og_locale":"fr_FR","og_type":"article","og_title":"Le Pr\u00e9sident Tebboune appelle la communaut\u00e9 internationale \u00e0 assumer ses responsabilit\u00e9s - La Sentinelle","og_description":"Le pr\u00e9sident de la R\u00e9publique, Abdelmadjid Tebboune, a appel\u00e9 hier, dans un message adress\u00e9 \u00e0 l\u2019occasion du mois sacr\u00e9 du","og_url":"https:\/\/lasentinelle.dz\/index.php\/2024\/03\/11\/le-president-tebboune-appelle-la-communaute-internationale-a-assumer-ses-responsabilites\/","og_site_name":"La Sentinelle","article_publisher":"https:\/\/www.facebook.com\/La-Sentinelle-104059864394773","article_published_time":"2024-03-11T13:17:19+00:00","article_modified_time":"2024-03-11T13:17:24+00:00","og_image":[{"width":700,"height":466,"url":"https:\/\/lasentinelle.dz\/wp-content\/uploads\/2024\/02\/tebboune-2.jpeg","type":"image\/jpeg"}],"author":"La Sentinelle","twitter_card":"summary_large_image","twitter_misc":{"\u00c9crit par":"La Sentinelle","Dur\u00e9e de lecture estim\u00e9e":"2 minutes"},"schema":{"@context":"https:\/\/schema.org","@graph":[{"@type":"Article","@id":"https:\/\/lasentinelle.dz\/index.php\/2024\/03\/11\/le-president-tebboune-appelle-la-communaute-internationale-a-assumer-ses-responsabilites\/#article","isPartOf":{"@id":"https:\/\/lasentinelle.dz\/index.php\/2024\/03\/11\/le-president-tebboune-appelle-la-communaute-internationale-a-assumer-ses-responsabilites\/"},"author":{"name":"La Sentinelle","@id":"https:\/\/lasentinelle.dz\/#\/schema\/person\/d865044e22e70a75174ce8bcad3acfb3"},"headline":"Le Pr\u00e9sident Tebboune appelle la communaut\u00e9 internationale \u00e0 assumer ses responsabilit\u00e9s","datePublished":"2024-03-11T13:17:19+00:00","dateModified":"2024-03-11T13:17:24+00:00","mainEntityOfPage":{"@id":"https:\/\/lasentinelle.dz\/index.php\/2024\/03\/11\/le-president-tebboune-appelle-la-communaute-internationale-a-assumer-ses-responsabilites\/"},"wordCount":252,"commentCount":0,"publisher":{"@id":"https:\/\/lasentinelle.dz\/#organization"},"image":{"@id":"https:\/\/lasentinelle.dz\/index.php\/2024\/03\/11\/le-president-tebboune-appelle-la-communaute-internationale-a-assumer-ses-responsabilites\/#primaryimage"},"thumbnailUrl":"https:\/\/lasentinelle.dz\/wp-content\/uploads\/2024\/02\/tebboune-2.jpeg","articleSection":["Actualit\u00e9"],"inLanguage":"fr-FR","potentialAction":[{"@type":"CommentAction","name":"Comment","target":["https:\/\/lasentinelle.dz\/index.php\/2024\/03\/11\/le-president-tebboune-appelle-la-communaute-internationale-a-assumer-ses-responsabilites\/#respond"]}]},{"@type":"WebPage","@id":"https:\/\/lasentinelle.dz\/index.php\/2024\/03\/11\/le-president-tebboune-appelle-la-communaute-internationale-a-assumer-ses-responsabilites\/","url":"https:\/\/lasentinelle.dz\/index.php\/2024\/03\/11\/le-president-tebboune-appelle-la-communaute-internationale-a-assumer-ses-responsabilites\/","name":"Le Pr\u00e9sident Tebboune appelle la communaut\u00e9 internationale \u00e0 assumer ses responsabilit\u00e9s - La Sentinelle","isPartOf":{"@id":"https:\/\/lasentinelle.dz\/#website"},"primaryImageOfPage":{"@id":"https:\/\/lasentinelle.dz\/index.php\/2024\/03\/11\/le-president-tebboune-appelle-la-communaute-internationale-a-assumer-ses-responsabilites\/#primaryimage"},"image":{"@id":"https:\/\/lasentinelle.dz\/index.php\/2024\/03\/11\/le-president-tebboune-appelle-la-communaute-internationale-a-assumer-ses-responsabilites\/#primaryimage"},"thumbnailUrl":"https:\/\/lasentinelle.dz\/wp-content\/uploads\/2024\/02\/tebboune-2.jpeg","datePublished":"2024-03-11T13:17:19+00:00","dateModified":"2024-03-11T13:17:24+00:00","breadcrumb":{"@id":"https:\/\/lasentinelle.dz\/index.php\/2024\/03\/11\/le-president-tebboune-appelle-la-communaute-internationale-a-assumer-ses-responsabilites\/#breadcrumb"},"inLanguage":"fr-FR","potentialAction":[{"@type":"ReadAction","target":["https:\/\/lasentinelle.dz\/index.php\/2024\/03\/11\/le-president-tebboune-appelle-la-communaute-internationale-a-assumer-ses-responsabilites\/"]}]},{"@type":"ImageObject","inLanguage":"fr-FR","@id":"https:\/\/lasentinelle.dz\/index.php\/2024\/03\/11\/le-president-tebboune-appelle-la-communaute-internationale-a-assumer-ses-responsabilites\/#primaryimage","url":"https:\/\/lasentinelle.dz\/wp-content\/uploads\/2024\/02\/tebboune-2.jpeg","contentUrl":"https:\/\/lasentinelle.dz\/wp-content\/uploads\/2024\/02\/tebboune-2.jpeg","width":700,"height":466},{"@type":"BreadcrumbList","@id":"https:\/\/lasentinelle.dz\/index.php\/2024\/03\/11\/le-president-tebboune-appelle-la-communaute-internationale-a-assumer-ses-responsabilites\/#breadcrumb","itemListElement":[{"@type":"ListItem","position":1,"name":"Accueil","item":"https:\/\/lasentinelle.dz\/"},{"@type":"ListItem","position":2,"name":"Le Pr\u00e9sident Tebboune appelle la communaut\u00e9 internationale \u00e0 assumer ses responsabilit\u00e9s"}]},{"@type":"WebSite","@id":"https:\/\/lasentinelle.dz\/#website","url":"https:\/\/lasentinelle.dz\/","name":"La Sentinelle","description":"Quotidien national d&#039;information","publisher":{"@id":"https:\/\/lasentinelle.dz\/#organization"},"potentialAction":[{"@type":"SearchAction","target":{"@type":"EntryPoint","urlTemplate":"https:\/\/lasentinelle.dz\/?s={search_term_string}"},"query-input":{"@type":"PropertyValueSpecification","valueRequired":true,"valueName":"search_term_string"}}],"inLanguage":"fr-FR"},{"@type":"Organization","@id":"https:\/\/lasentinelle.dz\/#organization","name":"Quotidien La Sentinelle","url":"https:\/\/lasentinelle.dz\/","logo":{"@type":"ImageObject","inLanguage":"fr-FR","@id":"https:\/\/lasentinelle.dz\/#\/schema\/logo\/image\/","url":"https:\/\/lasentinelle.dz\/wp-content\/uploads\/2021\/09\/logo-sentinelleSLOGAN-1.png","contentUrl":"https:\/\/lasentinelle.dz\/wp-content\/uploads\/2021\/09\/logo-sentinelleSLOGAN-1.png","width":615,"height":142,"caption":"Quotidien La Sentinelle"},"image":{"@id":"https:\/\/lasentinelle.dz\/#\/schema\/logo\/image\/"},"sameAs":["https:\/\/www.facebook.com\/La-Sentinelle-104059864394773"]},{"@type":"Person","@id":"https:\/\/lasentinelle.dz\/#\/schema\/person\/d865044e22e70a75174ce8bcad3acfb3","name":"La Sentinelle","image":{"@type":"ImageObject","inLanguage":"fr-FR","@id":"https:\/\/secure.gravatar.com\/avatar\/57de8e5d4b15d43fb361a71fbb36338450fe67865b528a43dd10ef7c51a20392?s=96&d=mm&r=g","url":"https:\/\/secure.gravatar.com\/avatar\/57de8e5d4b15d43fb361a71fbb36338450fe67865b528a43dd10ef7c51a20392?s=96&d=mm&r=g","contentUrl":"https:\/\/secure.gravatar.com\/avatar\/57de8e5d4b15d43fb361a71fbb36338450fe67865b528a43dd10ef7c51a20392?s=96&d=mm&r=g","caption":"La Sentinelle"},"sameAs":["http:\/\/www.lasentinelle.dz"],"url":"https:\/\/lasentinelle.dz\/author\/redaction\/"}]}},"_links":{"self":[{"href":"https:\/\/lasentinelle.dz\/index.php\/wp-json\/wp\/v2\/posts\/50248","targetHints":{"allow":["GET"]}}],"collection":[{"href":"https:\/\/lasentinelle.dz\/index.php\/wp-json\/wp\/v2\/posts"}],"about":[{"href":"https:\/\/lasentinelle.dz\/index.php\/wp-json\/wp\/v2\/types\/post"}],"author":[{"embeddable":true,"href":"https:\/\/lasentinelle.dz\/index.php\/wp-json\/wp\/v2\/users\/3"}],"replies":[{"embeddable":true,"href":"https:\/\/lasentinelle.dz\/index.php\/wp-json\/wp\/v2\/comments?post=50248"}],"version-history":[{"count":1,"href":"https:\/\/lasentinelle.dz\/index.php\/wp-json\/wp\/v2\/posts\/50248\/revisions"}],"predecessor-version":[{"id":50249,"href":"https:\/\/lasentinelle.dz\/index.php\/wp-json\/wp\/v2\/posts\/50248\/revisions\/50249"}],"wp:featuredmedia":[{"embeddable":true,"href":"https:\/\/lasentinelle.dz\/index.php\/wp-json\/wp\/v2\/media\/49603"}],"wp:attachment":[{"href":"https:\/\/lasentinelle.dz\/index.php\/wp-json\/wp\/v2\/media?parent=50248"}],"wp:term":[{"taxonomy":"category","embeddable":true,"href":"https:\/\/lasentinelle.dz\/index.php\/wp-json\/wp\/v2\/categories?post=50248"},{"taxonomy":"post_tag","embeddable":true,"href":"https:\/\/lasentinelle.dz\/index.php\/wp-json\/wp\/v2\/tags?post=50248"}],"curies":[{"name":"wp","href":"https:\/\/api.w.org\/{rel}","templated":true}]}}