{"id":5025,"date":"2021-08-24T00:01:00","date_gmt":"2021-08-23T23:01:00","guid":{"rendered":"https:\/\/lasentinelle.dz\/?p=5025"},"modified":"2021-08-23T14:57:39","modified_gmt":"2021-08-23T13:57:39","slug":"equipe-national-de-judo-seniors-messieurs-ahmed-moussa-remplace-benyekhlef","status":"publish","type":"post","link":"https:\/\/lasentinelle.dz\/index.php\/2021\/08\/24\/equipe-national-de-judo-seniors-messieurs-ahmed-moussa-remplace-benyekhlef\/","title":{"rendered":"Equipe national de judo (s\u00e9niors messieurs) : Ahmed Moussa remplace Benyekhlef"},"content":{"rendered":"\n<p>La F\u00e9d\u00e9ration alg\u00e9rienne de judo a annonc\u00e9 dimanche avoir nomm\u00e9 l&rsquo;ex-international Ahmed Moussa au poste de s\u00e9lectionneur national (seniors\/messieurs), en remplacement d&rsquo;Amar Benyekhlef, qui s&rsquo;\u00e9tait retir\u00e9 d\u00e9but ao\u00fbt courant, juste apr\u00e8s son retour du Japon, o\u00f9 il avait encadr\u00e9 FethiNourine (-73 kg), l&rsquo;unique repr\u00e9sentant alg\u00e9rien aux Olympiades de Tokyo. Ahmed Moussa (70 ans) avait d\u00e9marr\u00e9 la pratique du judo en 1963, au MP Alger et fut treize fois champion d&rsquo;Alg\u00e9rie, entre 1970 et 1983. Il a \u00e9t\u00e9 \u00e9galement athl\u00e8te international pendant 15 ans, entre 1968 et 1983, dans des cat\u00e9gories de poids diff\u00e9rentes, car avec l&rsquo;\u00e2ge, il \u00e9tait pass\u00e9 des moins de 60 kilos au moins de 71 kilos. Apr\u00e8s la fin de sa carri\u00e8re en tant qu&rsquo;athl\u00e8te et sa reconversion, Ahmed Moussa a dirig\u00e9 entre autres la s\u00e9lection d&rsquo;Arabie Saoudite (1990), avant de revenir au pays, pour diriger la s\u00e9lection alg\u00e9rienne au d\u00e9but des ann\u00e9es 2000. Le nouveau s\u00e9lectionneur national (seniors\/messieurs) est connu aussi dans les annales du judo alg\u00e9rien pour \u00eatre le p\u00e8re de l&rsquo;internationale Meriem Moussa (33 ans). Il remplace ainsi Amar Benyekhlef (39 ans), le m\u00e9daill\u00e9 d&rsquo;argent aux Jeux Olympiques de 2008 \u00e0 P\u00e9kin (Chine). La d\u00e9cision a \u00e9t\u00e9 prise lors de la derni\u00e8re r\u00e9union du Bureau f\u00e9d\u00e9rale, tenue dimanche, sous la direction du pr\u00e9sident de la f\u00e9d\u00e9ration, Yacine Sillini. Outre la nomination d&rsquo;Ahmed Moussa comme s\u00e9lectionneur national des seniors (messieurs), plusieurs autres postes ont \u00e9t\u00e9 attribu\u00e9s lors de la m\u00eame r\u00e9union, \u00e0 commencer par celui de Directeur du d\u00e9veloppement et de la formation, qui sera d\u00e9sormais dirig\u00e9 par Nabil Abdelkrim Amalou. De leur c\u00f4t\u00e9, Abdelmalek A\u00eft Moufok et Karim Benikene ont \u00e9t\u00e9 respectivement nomm\u00e9s Directeur des \u00e9quipes nationales (DEN) et Directeur de l&rsquo;organisation sportive et des comp\u00e9titions (DOS). Concernant Halim Abdi, il a \u00e9t\u00e9 charg\u00e9 de l&rsquo;Education et du coaching, alors que Mustapha Amrouche s&rsquo;est vu attribuer le poste de Responsable du service des licences. Enfin, Nacer-Eddine Boussetoua s&rsquo;est vu attribuer le poste de Manager g\u00e9n\u00e9ral, alors que Mr Mohamed Fallet sera le nouveau Manager g\u00e9n\u00e9ral de la s\u00e9lection nationale (juniors).<\/p>\n\n\n\n<p><strong>APS<\/strong><\/p>\n","protected":false},"excerpt":{"rendered":"<p>La F\u00e9d\u00e9ration alg\u00e9rienne de judo a annonc\u00e9 dimanche avoir nomm\u00e9 l&rsquo;ex-international Ahmed Moussa au poste de s\u00e9lectionneur national (seniors\/messieurs), en<\/p>\n","protected":false},"author":2,"featured_media":5029,"comment_status":"open","ping_status":"closed","sticky":false,"template":"","format":"standard","meta":{"colormag_page_container_layout":"default_layout","colormag_page_sidebar_layout":"default_layout","om_disable_all_campaigns":false,"_monsterinsights_skip_tracking":false,"_monsterinsights_sitenote_active":false,"_monsterinsights_sitenote_note":"","_monsterinsights_sitenote_category":0,"footnotes":"","_wpscppro_dont_share_socialmedia":false,"_wpscppro_custom_social_share_image":0,"_facebook_share_type":"","_twitter_share_type":"","_linkedin_share_type":"","_pinterest_share_type":"","_linkedin_share_type_page":"","_instagram_share_type":"","_medium_share_type":"","_threads_share_type":"","_google_business_share_type":"","_selected_social_profile":[],"_wpsp_enable_custom_social_template":false,"_wpsp_social_scheduling":{"enabled":false,"datetime":null,"platforms":[],"status":"template_only","dateOption":"today","timeOption":"now","customDays":"","customHours":"","customDate":"","customTime":"","schedulingType":"absolute"},"_wpsp_active_default_template":true},"categories":[33],"tags":[],"class_list":["post-5025","post","type-post","status-publish","format-standard","has-post-thumbnail","hentry","category-sports"],"aioseo_notices":[],"yoast_head":"<!-- This site is optimized with the Yoast SEO plugin v27.4 - https:\/\/yoast.com\/product\/yoast-seo-wordpress\/ -->\n<title>Equipe national de judo (s\u00e9niors messieurs) : Ahmed Moussa remplace Benyekhlef - La Sentinelle<\/title>\n<meta name=\"robots\" content=\"index, follow, max-snippet:-1, max-image-preview:large, max-video-preview:-1\" \/>\n<link rel=\"canonical\" href=\"https:\/\/lasentinelle.dz\/index.php\/2021\/08\/24\/equipe-national-de-judo-seniors-messieurs-ahmed-moussa-remplace-benyekhlef\/\" \/>\n<meta property=\"og:locale\" content=\"fr_FR\" \/>\n<meta property=\"og:type\" content=\"article\" \/>\n<meta property=\"og:title\" content=\"Equipe national de judo (s\u00e9niors messieurs) : Ahmed Moussa remplace Benyekhlef - La Sentinelle\" \/>\n<meta property=\"og:description\" content=\"La F\u00e9d\u00e9ration alg\u00e9rienne de judo a annonc\u00e9 dimanche avoir nomm\u00e9 l&rsquo;ex-international Ahmed Moussa au poste de s\u00e9lectionneur national (seniors\/messieurs), en\" \/>\n<meta property=\"og:url\" content=\"https:\/\/lasentinelle.dz\/index.php\/2021\/08\/24\/equipe-national-de-judo-seniors-messieurs-ahmed-moussa-remplace-benyekhlef\/\" \/>\n<meta property=\"og:site_name\" content=\"La Sentinelle\" \/>\n<meta property=\"article:publisher\" content=\"https:\/\/www.facebook.com\/La-Sentinelle-104059864394773\" \/>\n<meta property=\"article:published_time\" content=\"2021-08-23T23:01:00+00:00\" \/>\n<meta property=\"og:image\" content=\"https:\/\/lasentinelle.dz\/wp-content\/uploads\/2021\/08\/Delort1-2.png\" \/>\n\t<meta property=\"og:image:width\" content=\"1200\" \/>\n\t<meta property=\"og:image:height\" content=\"900\" \/>\n\t<meta property=\"og:image:type\" content=\"image\/png\" \/>\n<meta name=\"author\" content=\"Azzedine Belferag\" \/>\n<meta name=\"twitter:card\" content=\"summary_large_image\" \/>\n<meta name=\"twitter:label1\" content=\"\u00c9crit par\" \/>\n\t<meta name=\"twitter:data1\" content=\"Azzedine Belferag\" \/>\n\t<meta name=\"twitter:label2\" content=\"Dur\u00e9e de lecture estim\u00e9e\" \/>\n\t<meta name=\"twitter:data2\" content=\"2 minutes\" \/>\n<script type=\"application\/ld+json\" class=\"yoast-schema-graph\">{\"@context\":\"https:\\\/\\\/schema.org\",\"@graph\":[{\"@type\":\"Article\",\"@id\":\"https:\\\/\\\/lasentinelle.dz\\\/index.php\\\/2021\\\/08\\\/24\\\/equipe-national-de-judo-seniors-messieurs-ahmed-moussa-remplace-benyekhlef\\\/#article\",\"isPartOf\":{\"@id\":\"https:\\\/\\\/lasentinelle.dz\\\/index.php\\\/2021\\\/08\\\/24\\\/equipe-national-de-judo-seniors-messieurs-ahmed-moussa-remplace-benyekhlef\\\/\"},\"author\":{\"name\":\"Azzedine Belferag\",\"@id\":\"https:\\\/\\\/lasentinelle.dz\\\/#\\\/schema\\\/person\\\/e22c868643946ece5f328ac9d185b29f\"},\"headline\":\"Equipe national de judo (s\u00e9niors messieurs) : Ahmed Moussa remplace Benyekhlef\",\"datePublished\":\"2021-08-23T23:01:00+00:00\",\"mainEntityOfPage\":{\"@id\":\"https:\\\/\\\/lasentinelle.dz\\\/index.php\\\/2021\\\/08\\\/24\\\/equipe-national-de-judo-seniors-messieurs-ahmed-moussa-remplace-benyekhlef\\\/\"},\"wordCount\":399,\"commentCount\":0,\"publisher\":{\"@id\":\"https:\\\/\\\/lasentinelle.dz\\\/#organization\"},\"image\":{\"@id\":\"https:\\\/\\\/lasentinelle.dz\\\/index.php\\\/2021\\\/08\\\/24\\\/equipe-national-de-judo-seniors-messieurs-ahmed-moussa-remplace-benyekhlef\\\/#primaryimage\"},\"thumbnailUrl\":\"https:\\\/\\\/lasentinelle.dz\\\/wp-content\\\/uploads\\\/2021\\\/08\\\/Delort1-2.png\",\"articleSection\":[\"Sports\"],\"inLanguage\":\"fr-FR\",\"potentialAction\":[{\"@type\":\"CommentAction\",\"name\":\"Comment\",\"target\":[\"https:\\\/\\\/lasentinelle.dz\\\/index.php\\\/2021\\\/08\\\/24\\\/equipe-national-de-judo-seniors-messieurs-ahmed-moussa-remplace-benyekhlef\\\/#respond\"]}]},{\"@type\":\"WebPage\",\"@id\":\"https:\\\/\\\/lasentinelle.dz\\\/index.php\\\/2021\\\/08\\\/24\\\/equipe-national-de-judo-seniors-messieurs-ahmed-moussa-remplace-benyekhlef\\\/\",\"url\":\"https:\\\/\\\/lasentinelle.dz\\\/index.php\\\/2021\\\/08\\\/24\\\/equipe-national-de-judo-seniors-messieurs-ahmed-moussa-remplace-benyekhlef\\\/\",\"name\":\"Equipe national de judo (s\u00e9niors messieurs) : Ahmed Moussa remplace Benyekhlef - La Sentinelle\",\"isPartOf\":{\"@id\":\"https:\\\/\\\/lasentinelle.dz\\\/#website\"},\"primaryImageOfPage\":{\"@id\":\"https:\\\/\\\/lasentinelle.dz\\\/index.php\\\/2021\\\/08\\\/24\\\/equipe-national-de-judo-seniors-messieurs-ahmed-moussa-remplace-benyekhlef\\\/#primaryimage\"},\"image\":{\"@id\":\"https:\\\/\\\/lasentinelle.dz\\\/index.php\\\/2021\\\/08\\\/24\\\/equipe-national-de-judo-seniors-messieurs-ahmed-moussa-remplace-benyekhlef\\\/#primaryimage\"},\"thumbnailUrl\":\"https:\\\/\\\/lasentinelle.dz\\\/wp-content\\\/uploads\\\/2021\\\/08\\\/Delort1-2.png\",\"datePublished\":\"2021-08-23T23:01:00+00:00\",\"breadcrumb\":{\"@id\":\"https:\\\/\\\/lasentinelle.dz\\\/index.php\\\/2021\\\/08\\\/24\\\/equipe-national-de-judo-seniors-messieurs-ahmed-moussa-remplace-benyekhlef\\\/#breadcrumb\"},\"inLanguage\":\"fr-FR\",\"potentialAction\":[{\"@type\":\"ReadAction\",\"target\":[\"https:\\\/\\\/lasentinelle.dz\\\/index.php\\\/2021\\\/08\\\/24\\\/equipe-national-de-judo-seniors-messieurs-ahmed-moussa-remplace-benyekhlef\\\/\"]}]},{\"@type\":\"ImageObject\",\"inLanguage\":\"fr-FR\",\"@id\":\"https:\\\/\\\/lasentinelle.dz\\\/index.php\\\/2021\\\/08\\\/24\\\/equipe-national-de-judo-seniors-messieurs-ahmed-moussa-remplace-benyekhlef\\\/#primaryimage\",\"url\":\"https:\\\/\\\/lasentinelle.dz\\\/wp-content\\\/uploads\\\/2021\\\/08\\\/Delort1-2.png\",\"contentUrl\":\"https:\\\/\\\/lasentinelle.dz\\\/wp-content\\\/uploads\\\/2021\\\/08\\\/Delort1-2.png\",\"width\":1200,\"height\":900},{\"@type\":\"BreadcrumbList\",\"@id\":\"https:\\\/\\\/lasentinelle.dz\\\/index.php\\\/2021\\\/08\\\/24\\\/equipe-national-de-judo-seniors-messieurs-ahmed-moussa-remplace-benyekhlef\\\/#breadcrumb\",\"itemListElement\":[{\"@type\":\"ListItem\",\"position\":1,\"name\":\"Accueil\",\"item\":\"https:\\\/\\\/lasentinelle.dz\\\/\"},{\"@type\":\"ListItem\",\"position\":2,\"name\":\"Equipe national de judo (s\u00e9niors messieurs) : Ahmed Moussa remplace Benyekhlef\"}]},{\"@type\":\"WebSite\",\"@id\":\"https:\\\/\\\/lasentinelle.dz\\\/#website\",\"url\":\"https:\\\/\\\/lasentinelle.dz\\\/\",\"name\":\"La Sentinelle\",\"description\":\"Quotidien national d&#039;information\",\"publisher\":{\"@id\":\"https:\\\/\\\/lasentinelle.dz\\\/#organization\"},\"potentialAction\":[{\"@type\":\"SearchAction\",\"target\":{\"@type\":\"EntryPoint\",\"urlTemplate\":\"https:\\\/\\\/lasentinelle.dz\\\/?s={search_term_string}\"},\"query-input\":{\"@type\":\"PropertyValueSpecification\",\"valueRequired\":true,\"valueName\":\"search_term_string\"}}],\"inLanguage\":\"fr-FR\"},{\"@type\":\"Organization\",\"@id\":\"https:\\\/\\\/lasentinelle.dz\\\/#organization\",\"name\":\"Quotidien La Sentinelle\",\"url\":\"https:\\\/\\\/lasentinelle.dz\\\/\",\"logo\":{\"@type\":\"ImageObject\",\"inLanguage\":\"fr-FR\",\"@id\":\"https:\\\/\\\/lasentinelle.dz\\\/#\\\/schema\\\/logo\\\/image\\\/\",\"url\":\"https:\\\/\\\/lasentinelle.dz\\\/wp-content\\\/uploads\\\/2021\\\/09\\\/logo-sentinelleSLOGAN-1.png\",\"contentUrl\":\"https:\\\/\\\/lasentinelle.dz\\\/wp-content\\\/uploads\\\/2021\\\/09\\\/logo-sentinelleSLOGAN-1.png\",\"width\":615,\"height\":142,\"caption\":\"Quotidien La Sentinelle\"},\"image\":{\"@id\":\"https:\\\/\\\/lasentinelle.dz\\\/#\\\/schema\\\/logo\\\/image\\\/\"},\"sameAs\":[\"https:\\\/\\\/www.facebook.com\\\/La-Sentinelle-104059864394773\"]},{\"@type\":\"Person\",\"@id\":\"https:\\\/\\\/lasentinelle.dz\\\/#\\\/schema\\\/person\\\/e22c868643946ece5f328ac9d185b29f\",\"name\":\"Azzedine Belferag\",\"image\":{\"@type\":\"ImageObject\",\"inLanguage\":\"fr-FR\",\"@id\":\"https:\\\/\\\/secure.gravatar.com\\\/avatar\\\/767ecc3bfcf23cd6d0dae1705f124feb13a88fded1daa56498e4fb3aa3fc36a1?s=96&d=mm&r=g\",\"url\":\"https:\\\/\\\/secure.gravatar.com\\\/avatar\\\/767ecc3bfcf23cd6d0dae1705f124feb13a88fded1daa56498e4fb3aa3fc36a1?s=96&d=mm&r=g\",\"contentUrl\":\"https:\\\/\\\/secure.gravatar.com\\\/avatar\\\/767ecc3bfcf23cd6d0dae1705f124feb13a88fded1daa56498e4fb3aa3fc36a1?s=96&d=mm&r=g\",\"caption\":\"Azzedine Belferag\"},\"sameAs\":[\"http:\\\/\\\/www.lasentinelle.dz\"],\"url\":\"https:\\\/\\\/lasentinelle.dz\\\/author\\\/belferag\\\/\"}]}<\/script>\n<!-- \/ Yoast SEO plugin. -->","yoast_head_json":{"title":"Equipe national de judo (s\u00e9niors messieurs) : Ahmed Moussa remplace Benyekhlef - La Sentinelle","robots":{"index":"index","follow":"follow","max-snippet":"max-snippet:-1","max-image-preview":"max-image-preview:large","max-video-preview":"max-video-preview:-1"},"canonical":"https:\/\/lasentinelle.dz\/index.php\/2021\/08\/24\/equipe-national-de-judo-seniors-messieurs-ahmed-moussa-remplace-benyekhlef\/","og_locale":"fr_FR","og_type":"article","og_title":"Equipe national de judo (s\u00e9niors messieurs) : Ahmed Moussa remplace Benyekhlef - La Sentinelle","og_description":"La F\u00e9d\u00e9ration alg\u00e9rienne de judo a annonc\u00e9 dimanche avoir nomm\u00e9 l&rsquo;ex-international Ahmed Moussa au poste de s\u00e9lectionneur national (seniors\/messieurs), en","og_url":"https:\/\/lasentinelle.dz\/index.php\/2021\/08\/24\/equipe-national-de-judo-seniors-messieurs-ahmed-moussa-remplace-benyekhlef\/","og_site_name":"La Sentinelle","article_publisher":"https:\/\/www.facebook.com\/La-Sentinelle-104059864394773","article_published_time":"2021-08-23T23:01:00+00:00","og_image":[{"width":1200,"height":900,"url":"https:\/\/lasentinelle.dz\/wp-content\/uploads\/2021\/08\/Delort1-2.png","type":"image\/png"}],"author":"Azzedine Belferag","twitter_card":"summary_large_image","twitter_misc":{"\u00c9crit par":"Azzedine Belferag","Dur\u00e9e de lecture estim\u00e9e":"2 minutes"},"schema":{"@context":"https:\/\/schema.org","@graph":[{"@type":"Article","@id":"https:\/\/lasentinelle.dz\/index.php\/2021\/08\/24\/equipe-national-de-judo-seniors-messieurs-ahmed-moussa-remplace-benyekhlef\/#article","isPartOf":{"@id":"https:\/\/lasentinelle.dz\/index.php\/2021\/08\/24\/equipe-national-de-judo-seniors-messieurs-ahmed-moussa-remplace-benyekhlef\/"},"author":{"name":"Azzedine Belferag","@id":"https:\/\/lasentinelle.dz\/#\/schema\/person\/e22c868643946ece5f328ac9d185b29f"},"headline":"Equipe national de judo (s\u00e9niors messieurs) : Ahmed Moussa remplace Benyekhlef","datePublished":"2021-08-23T23:01:00+00:00","mainEntityOfPage":{"@id":"https:\/\/lasentinelle.dz\/index.php\/2021\/08\/24\/equipe-national-de-judo-seniors-messieurs-ahmed-moussa-remplace-benyekhlef\/"},"wordCount":399,"commentCount":0,"publisher":{"@id":"https:\/\/lasentinelle.dz\/#organization"},"image":{"@id":"https:\/\/lasentinelle.dz\/index.php\/2021\/08\/24\/equipe-national-de-judo-seniors-messieurs-ahmed-moussa-remplace-benyekhlef\/#primaryimage"},"thumbnailUrl":"https:\/\/lasentinelle.dz\/wp-content\/uploads\/2021\/08\/Delort1-2.png","articleSection":["Sports"],"inLanguage":"fr-FR","potentialAction":[{"@type":"CommentAction","name":"Comment","target":["https:\/\/lasentinelle.dz\/index.php\/2021\/08\/24\/equipe-national-de-judo-seniors-messieurs-ahmed-moussa-remplace-benyekhlef\/#respond"]}]},{"@type":"WebPage","@id":"https:\/\/lasentinelle.dz\/index.php\/2021\/08\/24\/equipe-national-de-judo-seniors-messieurs-ahmed-moussa-remplace-benyekhlef\/","url":"https:\/\/lasentinelle.dz\/index.php\/2021\/08\/24\/equipe-national-de-judo-seniors-messieurs-ahmed-moussa-remplace-benyekhlef\/","name":"Equipe national de judo (s\u00e9niors messieurs) : Ahmed Moussa remplace Benyekhlef - La Sentinelle","isPartOf":{"@id":"https:\/\/lasentinelle.dz\/#website"},"primaryImageOfPage":{"@id":"https:\/\/lasentinelle.dz\/index.php\/2021\/08\/24\/equipe-national-de-judo-seniors-messieurs-ahmed-moussa-remplace-benyekhlef\/#primaryimage"},"image":{"@id":"https:\/\/lasentinelle.dz\/index.php\/2021\/08\/24\/equipe-national-de-judo-seniors-messieurs-ahmed-moussa-remplace-benyekhlef\/#primaryimage"},"thumbnailUrl":"https:\/\/lasentinelle.dz\/wp-content\/uploads\/2021\/08\/Delort1-2.png","datePublished":"2021-08-23T23:01:00+00:00","breadcrumb":{"@id":"https:\/\/lasentinelle.dz\/index.php\/2021\/08\/24\/equipe-national-de-judo-seniors-messieurs-ahmed-moussa-remplace-benyekhlef\/#breadcrumb"},"inLanguage":"fr-FR","potentialAction":[{"@type":"ReadAction","target":["https:\/\/lasentinelle.dz\/index.php\/2021\/08\/24\/equipe-national-de-judo-seniors-messieurs-ahmed-moussa-remplace-benyekhlef\/"]}]},{"@type":"ImageObject","inLanguage":"fr-FR","@id":"https:\/\/lasentinelle.dz\/index.php\/2021\/08\/24\/equipe-national-de-judo-seniors-messieurs-ahmed-moussa-remplace-benyekhlef\/#primaryimage","url":"https:\/\/lasentinelle.dz\/wp-content\/uploads\/2021\/08\/Delort1-2.png","contentUrl":"https:\/\/lasentinelle.dz\/wp-content\/uploads\/2021\/08\/Delort1-2.png","width":1200,"height":900},{"@type":"BreadcrumbList","@id":"https:\/\/lasentinelle.dz\/index.php\/2021\/08\/24\/equipe-national-de-judo-seniors-messieurs-ahmed-moussa-remplace-benyekhlef\/#breadcrumb","itemListElement":[{"@type":"ListItem","position":1,"name":"Accueil","item":"https:\/\/lasentinelle.dz\/"},{"@type":"ListItem","position":2,"name":"Equipe national de judo (s\u00e9niors messieurs) : Ahmed Moussa remplace Benyekhlef"}]},{"@type":"WebSite","@id":"https:\/\/lasentinelle.dz\/#website","url":"https:\/\/lasentinelle.dz\/","name":"La Sentinelle","description":"Quotidien national d&#039;information","publisher":{"@id":"https:\/\/lasentinelle.dz\/#organization"},"potentialAction":[{"@type":"SearchAction","target":{"@type":"EntryPoint","urlTemplate":"https:\/\/lasentinelle.dz\/?s={search_term_string}"},"query-input":{"@type":"PropertyValueSpecification","valueRequired":true,"valueName":"search_term_string"}}],"inLanguage":"fr-FR"},{"@type":"Organization","@id":"https:\/\/lasentinelle.dz\/#organization","name":"Quotidien La Sentinelle","url":"https:\/\/lasentinelle.dz\/","logo":{"@type":"ImageObject","inLanguage":"fr-FR","@id":"https:\/\/lasentinelle.dz\/#\/schema\/logo\/image\/","url":"https:\/\/lasentinelle.dz\/wp-content\/uploads\/2021\/09\/logo-sentinelleSLOGAN-1.png","contentUrl":"https:\/\/lasentinelle.dz\/wp-content\/uploads\/2021\/09\/logo-sentinelleSLOGAN-1.png","width":615,"height":142,"caption":"Quotidien La Sentinelle"},"image":{"@id":"https:\/\/lasentinelle.dz\/#\/schema\/logo\/image\/"},"sameAs":["https:\/\/www.facebook.com\/La-Sentinelle-104059864394773"]},{"@type":"Person","@id":"https:\/\/lasentinelle.dz\/#\/schema\/person\/e22c868643946ece5f328ac9d185b29f","name":"Azzedine Belferag","image":{"@type":"ImageObject","inLanguage":"fr-FR","@id":"https:\/\/secure.gravatar.com\/avatar\/767ecc3bfcf23cd6d0dae1705f124feb13a88fded1daa56498e4fb3aa3fc36a1?s=96&d=mm&r=g","url":"https:\/\/secure.gravatar.com\/avatar\/767ecc3bfcf23cd6d0dae1705f124feb13a88fded1daa56498e4fb3aa3fc36a1?s=96&d=mm&r=g","contentUrl":"https:\/\/secure.gravatar.com\/avatar\/767ecc3bfcf23cd6d0dae1705f124feb13a88fded1daa56498e4fb3aa3fc36a1?s=96&d=mm&r=g","caption":"Azzedine Belferag"},"sameAs":["http:\/\/www.lasentinelle.dz"],"url":"https:\/\/lasentinelle.dz\/author\/belferag\/"}]}},"_links":{"self":[{"href":"https:\/\/lasentinelle.dz\/index.php\/wp-json\/wp\/v2\/posts\/5025","targetHints":{"allow":["GET"]}}],"collection":[{"href":"https:\/\/lasentinelle.dz\/index.php\/wp-json\/wp\/v2\/posts"}],"about":[{"href":"https:\/\/lasentinelle.dz\/index.php\/wp-json\/wp\/v2\/types\/post"}],"author":[{"embeddable":true,"href":"https:\/\/lasentinelle.dz\/index.php\/wp-json\/wp\/v2\/users\/2"}],"replies":[{"embeddable":true,"href":"https:\/\/lasentinelle.dz\/index.php\/wp-json\/wp\/v2\/comments?post=5025"}],"version-history":[{"count":1,"href":"https:\/\/lasentinelle.dz\/index.php\/wp-json\/wp\/v2\/posts\/5025\/revisions"}],"predecessor-version":[{"id":5030,"href":"https:\/\/lasentinelle.dz\/index.php\/wp-json\/wp\/v2\/posts\/5025\/revisions\/5030"}],"wp:featuredmedia":[{"embeddable":true,"href":"https:\/\/lasentinelle.dz\/index.php\/wp-json\/wp\/v2\/media\/5029"}],"wp:attachment":[{"href":"https:\/\/lasentinelle.dz\/index.php\/wp-json\/wp\/v2\/media?parent=5025"}],"wp:term":[{"taxonomy":"category","embeddable":true,"href":"https:\/\/lasentinelle.dz\/index.php\/wp-json\/wp\/v2\/categories?post=5025"},{"taxonomy":"post_tag","embeddable":true,"href":"https:\/\/lasentinelle.dz\/index.php\/wp-json\/wp\/v2\/tags?post=5025"}],"curies":[{"name":"wp","href":"https:\/\/api.w.org\/{rel}","templated":true}]}}