{"id":50250,"date":"2024-03-11T14:18:42","date_gmt":"2024-03-11T13:18:42","guid":{"rendered":"https:\/\/lasentinelle.dz\/?p=50250"},"modified":"2024-03-11T14:18:44","modified_gmt":"2024-03-11T13:18:44","slug":"commerce-soldes-et-controles-renforces-pour-le-ramadhan","status":"publish","type":"post","link":"https:\/\/lasentinelle.dz\/index.php\/2024\/03\/11\/commerce-soldes-et-controles-renforces-pour-le-ramadhan\/","title":{"rendered":"Commerce\u00a0: Soldes et contr\u00f4les renforc\u00e9s pour le Ramadhan"},"content":{"rendered":"\n<p>Ramadhan est l\u00e0 et apr\u00e8s de longues semaines de pr\u00e9paratifs, le dispositif sp\u00e9cial mis en place par l\u2019Ex\u00e9cutif afin permettre aux Alg\u00e9riens de passer un mois de je\u00fbne sans hausse vertigineuse des prix est fin-pr\u00eat. Le minist\u00e8re du Commerce a mis en place 477 march\u00e9s de proximit\u00e9 de solidarit\u00e9 devant permettre aux m\u00e9nages d\u2019acc\u00e9der \u00e0 des produits de large consommation \u00e0 prix r\u00e9duits gr\u00e2ce \u00e0 un circuit de commercialisation plus court, en plus de l\u2019implication des commer\u00e7ants et surtout des producteurs qui se sont engag\u00e9s \u00e0 r\u00e9duire les prix de 10% sur soixante produits durant le Ramadhan. Un dispositif qui pr\u00e9voit \u00e9galement d\u2019inonder le march\u00e9 de produits alimentaire gr\u00e2ce \u00e0 la hausse des capacit\u00e9s de production d\u2019huile de table, de semoule, de farine et autres produits alimentaires, ainsi que d\u2019un m\u00e9canisme de stockage et de d\u00e9stockage de plusieurs produits agricoles en sus de l\u2019importation en grandes quantit\u00e9s de l\u00e9gumes secs et de viandes rouges et blanches en pr\u00e9vision du Ramadhan. Ce m\u00e9canisme devra passer d\u00e8s aujourd\u2019hui le test du terrain. Aussi et afin de s\u2019assurer que tout se passe sans accrocs, le minist\u00e8re du Commerce mise sur le renforcement du contr\u00f4le des march\u00e9s pour veiller au respect des prix durant le Ramadhan. C\u2019est dans ce contexte que le premier responsable du secteur Tayeb Zitouni, a pr\u00e9sid\u00e9, hier, une r\u00e9union de coordination pour \u00e9valuer la situation du march\u00e9 avant le d\u00e9but du Ramadhan, indique un communiqu\u00e9 du minist\u00e8re. Lors de cette r\u00e9union, tenue au si\u00e8ge du minist\u00e8re, Zitouni a charg\u00e9 les cadres centraux de veiller sur le terrain \u00e0 \u00e9valuer la mise en \u0153uvre de toutes les mesures prises pour encadrer le march\u00e9 national. Le ministre a \u00e9galement donn\u00e9 des instructions pour le suivi de la distribution et de l&rsquo;approvisionnement du march\u00e9 en viandes rouges, en sus du suivi et de l&rsquo;\u00e9valuation des op\u00e9rations de d\u00e9chargement des stocks pour mieux r\u00e9pondre aux besoins du march\u00e9, conclut le communiqu\u00e9. Au-del\u00e0 du dispositif mis en place pour r\u00e9duire les prix, le d\u00e9partement de Tayeb Zitouni a annonc\u00e9 l\u2019ouverture de la p\u00e9riode des soldes et des ventes promotionnels durant tout le Ramadhan.<\/p>\n\n\n\n<p>Le minist\u00e8re du Commerce a en effet annonc\u00e9 hier dans un communiqu\u00e9 dans un communiqu\u00e9, que les ventes en soldes et les ventes promotionnelles sont autoris\u00e9es durant le mois de Ramadhan et l&rsquo;Aid El-Fitr \u00e0 travers toutes les wilayas du pays.\u00a0\u00bbLe minist\u00e8re du Commerce et de la Promotion des exportations informe l&rsquo;ensemble des agents \u00e9conomiques et des consommateurs que les commerces (tous types de produits) sont autoris\u00e9s \u00e0 exercer l&rsquo;activit\u00e9 des ventes ensoldes et des ventes promotionnelles durant le mois de Ramadhan et l&rsquo;Aid El-Fitr pour l&rsquo;an 1445 de l&rsquo;h\u00e9gire (ann\u00e9e 2024) \u00e0 travers toutes les wilayas du pays\u00a0\u00bb, lit-on dans le communiqu\u00e9. La prolongation des p\u00e9riodes des ventes en soldes durant le mois de ramadhan, les f\u00eates religieuses ou \u00e0 l&rsquo;occasion de manifestations commerciales intervient en ex\u00e9cution du d\u00e9cret ex\u00e9cutif 06-215 du 18 juin 2006, modifi\u00e9 et compl\u00e9t\u00e9, fixant les conditions et les modalit\u00e9s de r\u00e9alisation des ventes en soldes, des ventes promotionnelles, des ventes en liquidation de stocks, des ventes en magasins d&rsquo;usines et des ventes au d\u00e9ballage, notamment l&rsquo;article 3. Le minist\u00e8re a appel\u00e9 les agents \u00e9conomiques \u00e0 intensifier ces ventes qui leur permet de promouvoir leurs activit\u00e9s et de proposer des services etdes produits \u00e0 des prix bas et comp\u00e9titifs, afin de faire profiter \u00e0 un plus grand nombre de consommateurs durant ces occasions religieuses. Pour simplifier les formalit\u00e9s administratives, il a \u00e9t\u00e9 d\u00e9cid\u00e9 de dispenser, \u00e0 titre exceptionnel, les agents \u00e9conomiques de la demande d&rsquo;autorisation pour exercer ces types de ventes, ajoute le communiqu\u00e9.<\/p>\n\n\n\n<p>Rappelons que la Commission nationale d&rsquo;observation du croissant lunaire relevant du minist\u00e8re des Affaires religieuses et des Wakfs, r\u00e9unie dimanche soir \u00e0 Dar El Imam (Alger), a annonc\u00e9 hier soir que le mois sacr\u00e9 de Ramadhan de l&rsquo;ann\u00e9e 1445 de l&rsquo;h\u00e9gire, d\u00e9butera lundi 11 mars en Alg\u00e9rie, apr\u00e8s l&rsquo;observation du croissant lunaire. Cette commission qui compte des sous-commissions \u00e0 travers les diff\u00e9rentes wilayas du pays, est compos\u00e9e d&rsquo;oul\u00e9mas et d&rsquo;experts du Centre de recherche en astronomie, astrophysique et g\u00e9ophysique.<\/p>\n\n\n\n<p>Samir Benisid<\/p>\n","protected":false},"excerpt":{"rendered":"<p>Ramadhan est l\u00e0 et apr\u00e8s de longues semaines de pr\u00e9paratifs, le dispositif sp\u00e9cial mis en place par l\u2019Ex\u00e9cutif afin permettre<\/p>\n","protected":false},"author":3,"featured_media":49250,"comment_status":"open","ping_status":"closed","sticky":false,"template":"","format":"standard","meta":{"colormag_page_container_layout":"default_layout","colormag_page_sidebar_layout":"default_layout","om_disable_all_campaigns":false,"_monsterinsights_skip_tracking":false,"_monsterinsights_sitenote_active":false,"_monsterinsights_sitenote_note":"","_monsterinsights_sitenote_category":0,"footnotes":"","_wpscppro_dont_share_socialmedia":false,"_wpscppro_custom_social_share_image":0,"_facebook_share_type":"","_twitter_share_type":"","_linkedin_share_type":"","_pinterest_share_type":"","_linkedin_share_type_page":"","_instagram_share_type":"","_medium_share_type":"","_threads_share_type":"","_google_business_share_type":"","_selected_social_profile":[],"_wpsp_enable_custom_social_template":false,"_wpsp_social_scheduling":{"enabled":false,"datetime":null,"platforms":[],"status":"template_only","dateOption":"today","timeOption":"now","customDays":"","customHours":"","customDate":"","customTime":"","schedulingType":"absolute"},"_wpsp_active_default_template":true},"categories":[27],"tags":[],"class_list":["post-50250","post","type-post","status-publish","format-standard","has-post-thumbnail","hentry","category-actualite"],"aioseo_notices":[],"yoast_head":"<!-- This site is optimized with the Yoast SEO plugin v27.5 - https:\/\/yoast.com\/product\/yoast-seo-wordpress\/ -->\n<title>Commerce\u00a0: Soldes et contr\u00f4les renforc\u00e9s pour le Ramadhan - La Sentinelle<\/title>\n<meta name=\"robots\" content=\"index, follow, max-snippet:-1, max-image-preview:large, max-video-preview:-1\" \/>\n<link rel=\"canonical\" href=\"https:\/\/lasentinelle.dz\/index.php\/2024\/03\/11\/commerce-soldes-et-controles-renforces-pour-le-ramadhan\/\" \/>\n<meta property=\"og:locale\" content=\"fr_FR\" \/>\n<meta property=\"og:type\" content=\"article\" \/>\n<meta property=\"og:title\" content=\"Commerce\u00a0: Soldes et contr\u00f4les renforc\u00e9s pour le Ramadhan - La Sentinelle\" \/>\n<meta property=\"og:description\" content=\"Ramadhan est l\u00e0 et apr\u00e8s de longues semaines de pr\u00e9paratifs, le dispositif sp\u00e9cial mis en place par l\u2019Ex\u00e9cutif afin permettre\" \/>\n<meta property=\"og:url\" content=\"https:\/\/lasentinelle.dz\/index.php\/2024\/03\/11\/commerce-soldes-et-controles-renforces-pour-le-ramadhan\/\" \/>\n<meta property=\"og:site_name\" content=\"La Sentinelle\" \/>\n<meta property=\"article:publisher\" content=\"https:\/\/www.facebook.com\/La-Sentinelle-104059864394773\" \/>\n<meta property=\"article:published_time\" content=\"2024-03-11T13:18:42+00:00\" \/>\n<meta property=\"article:modified_time\" content=\"2024-03-11T13:18:44+00:00\" \/>\n<meta property=\"og:image\" content=\"https:\/\/lasentinelle.dz\/wp-content\/uploads\/2024\/02\/zitouni.jpeg\" \/>\n\t<meta property=\"og:image:width\" content=\"2048\" \/>\n\t<meta property=\"og:image:height\" content=\"1536\" \/>\n\t<meta property=\"og:image:type\" content=\"image\/jpeg\" \/>\n<meta name=\"author\" content=\"La Sentinelle\" \/>\n<meta name=\"twitter:card\" content=\"summary_large_image\" \/>\n<meta name=\"twitter:label1\" content=\"\u00c9crit par\" \/>\n\t<meta name=\"twitter:data1\" content=\"La Sentinelle\" \/>\n\t<meta name=\"twitter:label2\" content=\"Dur\u00e9e de lecture estim\u00e9e\" \/>\n\t<meta name=\"twitter:data2\" content=\"4 minutes\" \/>\n<script type=\"application\/ld+json\" class=\"yoast-schema-graph\">{\"@context\":\"https:\\\/\\\/schema.org\",\"@graph\":[{\"@type\":\"Article\",\"@id\":\"https:\\\/\\\/lasentinelle.dz\\\/index.php\\\/2024\\\/03\\\/11\\\/commerce-soldes-et-controles-renforces-pour-le-ramadhan\\\/#article\",\"isPartOf\":{\"@id\":\"https:\\\/\\\/lasentinelle.dz\\\/index.php\\\/2024\\\/03\\\/11\\\/commerce-soldes-et-controles-renforces-pour-le-ramadhan\\\/\"},\"author\":{\"name\":\"La Sentinelle\",\"@id\":\"https:\\\/\\\/lasentinelle.dz\\\/#\\\/schema\\\/person\\\/d865044e22e70a75174ce8bcad3acfb3\"},\"headline\":\"Commerce\u00a0: Soldes et contr\u00f4les renforc\u00e9s pour le Ramadhan\",\"datePublished\":\"2024-03-11T13:18:42+00:00\",\"dateModified\":\"2024-03-11T13:18:44+00:00\",\"mainEntityOfPage\":{\"@id\":\"https:\\\/\\\/lasentinelle.dz\\\/index.php\\\/2024\\\/03\\\/11\\\/commerce-soldes-et-controles-renforces-pour-le-ramadhan\\\/\"},\"wordCount\":766,\"commentCount\":0,\"publisher\":{\"@id\":\"https:\\\/\\\/lasentinelle.dz\\\/#organization\"},\"image\":{\"@id\":\"https:\\\/\\\/lasentinelle.dz\\\/index.php\\\/2024\\\/03\\\/11\\\/commerce-soldes-et-controles-renforces-pour-le-ramadhan\\\/#primaryimage\"},\"thumbnailUrl\":\"https:\\\/\\\/lasentinelle.dz\\\/wp-content\\\/uploads\\\/2024\\\/02\\\/zitouni.jpeg\",\"articleSection\":[\"Actualit\u00e9\"],\"inLanguage\":\"fr-FR\",\"potentialAction\":[{\"@type\":\"CommentAction\",\"name\":\"Comment\",\"target\":[\"https:\\\/\\\/lasentinelle.dz\\\/index.php\\\/2024\\\/03\\\/11\\\/commerce-soldes-et-controles-renforces-pour-le-ramadhan\\\/#respond\"]}]},{\"@type\":\"WebPage\",\"@id\":\"https:\\\/\\\/lasentinelle.dz\\\/index.php\\\/2024\\\/03\\\/11\\\/commerce-soldes-et-controles-renforces-pour-le-ramadhan\\\/\",\"url\":\"https:\\\/\\\/lasentinelle.dz\\\/index.php\\\/2024\\\/03\\\/11\\\/commerce-soldes-et-controles-renforces-pour-le-ramadhan\\\/\",\"name\":\"Commerce\u00a0: Soldes et contr\u00f4les renforc\u00e9s pour le Ramadhan - La Sentinelle\",\"isPartOf\":{\"@id\":\"https:\\\/\\\/lasentinelle.dz\\\/#website\"},\"primaryImageOfPage\":{\"@id\":\"https:\\\/\\\/lasentinelle.dz\\\/index.php\\\/2024\\\/03\\\/11\\\/commerce-soldes-et-controles-renforces-pour-le-ramadhan\\\/#primaryimage\"},\"image\":{\"@id\":\"https:\\\/\\\/lasentinelle.dz\\\/index.php\\\/2024\\\/03\\\/11\\\/commerce-soldes-et-controles-renforces-pour-le-ramadhan\\\/#primaryimage\"},\"thumbnailUrl\":\"https:\\\/\\\/lasentinelle.dz\\\/wp-content\\\/uploads\\\/2024\\\/02\\\/zitouni.jpeg\",\"datePublished\":\"2024-03-11T13:18:42+00:00\",\"dateModified\":\"2024-03-11T13:18:44+00:00\",\"breadcrumb\":{\"@id\":\"https:\\\/\\\/lasentinelle.dz\\\/index.php\\\/2024\\\/03\\\/11\\\/commerce-soldes-et-controles-renforces-pour-le-ramadhan\\\/#breadcrumb\"},\"inLanguage\":\"fr-FR\",\"potentialAction\":[{\"@type\":\"ReadAction\",\"target\":[\"https:\\\/\\\/lasentinelle.dz\\\/index.php\\\/2024\\\/03\\\/11\\\/commerce-soldes-et-controles-renforces-pour-le-ramadhan\\\/\"]}]},{\"@type\":\"ImageObject\",\"inLanguage\":\"fr-FR\",\"@id\":\"https:\\\/\\\/lasentinelle.dz\\\/index.php\\\/2024\\\/03\\\/11\\\/commerce-soldes-et-controles-renforces-pour-le-ramadhan\\\/#primaryimage\",\"url\":\"https:\\\/\\\/lasentinelle.dz\\\/wp-content\\\/uploads\\\/2024\\\/02\\\/zitouni.jpeg\",\"contentUrl\":\"https:\\\/\\\/lasentinelle.dz\\\/wp-content\\\/uploads\\\/2024\\\/02\\\/zitouni.jpeg\",\"width\":2048,\"height\":1536},{\"@type\":\"BreadcrumbList\",\"@id\":\"https:\\\/\\\/lasentinelle.dz\\\/index.php\\\/2024\\\/03\\\/11\\\/commerce-soldes-et-controles-renforces-pour-le-ramadhan\\\/#breadcrumb\",\"itemListElement\":[{\"@type\":\"ListItem\",\"position\":1,\"name\":\"Accueil\",\"item\":\"https:\\\/\\\/lasentinelle.dz\\\/\"},{\"@type\":\"ListItem\",\"position\":2,\"name\":\"Commerce\u00a0: Soldes et contr\u00f4les renforc\u00e9s pour le Ramadhan\"}]},{\"@type\":\"WebSite\",\"@id\":\"https:\\\/\\\/lasentinelle.dz\\\/#website\",\"url\":\"https:\\\/\\\/lasentinelle.dz\\\/\",\"name\":\"La Sentinelle\",\"description\":\"Quotidien national d&#039;information\",\"publisher\":{\"@id\":\"https:\\\/\\\/lasentinelle.dz\\\/#organization\"},\"potentialAction\":[{\"@type\":\"SearchAction\",\"target\":{\"@type\":\"EntryPoint\",\"urlTemplate\":\"https:\\\/\\\/lasentinelle.dz\\\/?s={search_term_string}\"},\"query-input\":{\"@type\":\"PropertyValueSpecification\",\"valueRequired\":true,\"valueName\":\"search_term_string\"}}],\"inLanguage\":\"fr-FR\"},{\"@type\":\"Organization\",\"@id\":\"https:\\\/\\\/lasentinelle.dz\\\/#organization\",\"name\":\"Quotidien La Sentinelle\",\"url\":\"https:\\\/\\\/lasentinelle.dz\\\/\",\"logo\":{\"@type\":\"ImageObject\",\"inLanguage\":\"fr-FR\",\"@id\":\"https:\\\/\\\/lasentinelle.dz\\\/#\\\/schema\\\/logo\\\/image\\\/\",\"url\":\"https:\\\/\\\/lasentinelle.dz\\\/wp-content\\\/uploads\\\/2021\\\/09\\\/logo-sentinelleSLOGAN-1.png\",\"contentUrl\":\"https:\\\/\\\/lasentinelle.dz\\\/wp-content\\\/uploads\\\/2021\\\/09\\\/logo-sentinelleSLOGAN-1.png\",\"width\":615,\"height\":142,\"caption\":\"Quotidien La Sentinelle\"},\"image\":{\"@id\":\"https:\\\/\\\/lasentinelle.dz\\\/#\\\/schema\\\/logo\\\/image\\\/\"},\"sameAs\":[\"https:\\\/\\\/www.facebook.com\\\/La-Sentinelle-104059864394773\"]},{\"@type\":\"Person\",\"@id\":\"https:\\\/\\\/lasentinelle.dz\\\/#\\\/schema\\\/person\\\/d865044e22e70a75174ce8bcad3acfb3\",\"name\":\"La Sentinelle\",\"image\":{\"@type\":\"ImageObject\",\"inLanguage\":\"fr-FR\",\"@id\":\"https:\\\/\\\/secure.gravatar.com\\\/avatar\\\/57de8e5d4b15d43fb361a71fbb36338450fe67865b528a43dd10ef7c51a20392?s=96&d=mm&r=g\",\"url\":\"https:\\\/\\\/secure.gravatar.com\\\/avatar\\\/57de8e5d4b15d43fb361a71fbb36338450fe67865b528a43dd10ef7c51a20392?s=96&d=mm&r=g\",\"contentUrl\":\"https:\\\/\\\/secure.gravatar.com\\\/avatar\\\/57de8e5d4b15d43fb361a71fbb36338450fe67865b528a43dd10ef7c51a20392?s=96&d=mm&r=g\",\"caption\":\"La Sentinelle\"},\"sameAs\":[\"http:\\\/\\\/www.lasentinelle.dz\"],\"url\":\"https:\\\/\\\/lasentinelle.dz\\\/author\\\/redaction\\\/\"}]}<\/script>\n<!-- \/ Yoast SEO plugin. -->","yoast_head_json":{"title":"Commerce\u00a0: Soldes et contr\u00f4les renforc\u00e9s pour le Ramadhan - La Sentinelle","robots":{"index":"index","follow":"follow","max-snippet":"max-snippet:-1","max-image-preview":"max-image-preview:large","max-video-preview":"max-video-preview:-1"},"canonical":"https:\/\/lasentinelle.dz\/index.php\/2024\/03\/11\/commerce-soldes-et-controles-renforces-pour-le-ramadhan\/","og_locale":"fr_FR","og_type":"article","og_title":"Commerce\u00a0: Soldes et contr\u00f4les renforc\u00e9s pour le Ramadhan - La Sentinelle","og_description":"Ramadhan est l\u00e0 et apr\u00e8s de longues semaines de pr\u00e9paratifs, le dispositif sp\u00e9cial mis en place par l\u2019Ex\u00e9cutif afin permettre","og_url":"https:\/\/lasentinelle.dz\/index.php\/2024\/03\/11\/commerce-soldes-et-controles-renforces-pour-le-ramadhan\/","og_site_name":"La Sentinelle","article_publisher":"https:\/\/www.facebook.com\/La-Sentinelle-104059864394773","article_published_time":"2024-03-11T13:18:42+00:00","article_modified_time":"2024-03-11T13:18:44+00:00","og_image":[{"width":2048,"height":1536,"url":"https:\/\/lasentinelle.dz\/wp-content\/uploads\/2024\/02\/zitouni.jpeg","type":"image\/jpeg"}],"author":"La Sentinelle","twitter_card":"summary_large_image","twitter_misc":{"\u00c9crit par":"La Sentinelle","Dur\u00e9e de lecture estim\u00e9e":"4 minutes"},"schema":{"@context":"https:\/\/schema.org","@graph":[{"@type":"Article","@id":"https:\/\/lasentinelle.dz\/index.php\/2024\/03\/11\/commerce-soldes-et-controles-renforces-pour-le-ramadhan\/#article","isPartOf":{"@id":"https:\/\/lasentinelle.dz\/index.php\/2024\/03\/11\/commerce-soldes-et-controles-renforces-pour-le-ramadhan\/"},"author":{"name":"La Sentinelle","@id":"https:\/\/lasentinelle.dz\/#\/schema\/person\/d865044e22e70a75174ce8bcad3acfb3"},"headline":"Commerce\u00a0: Soldes et contr\u00f4les renforc\u00e9s pour le Ramadhan","datePublished":"2024-03-11T13:18:42+00:00","dateModified":"2024-03-11T13:18:44+00:00","mainEntityOfPage":{"@id":"https:\/\/lasentinelle.dz\/index.php\/2024\/03\/11\/commerce-soldes-et-controles-renforces-pour-le-ramadhan\/"},"wordCount":766,"commentCount":0,"publisher":{"@id":"https:\/\/lasentinelle.dz\/#organization"},"image":{"@id":"https:\/\/lasentinelle.dz\/index.php\/2024\/03\/11\/commerce-soldes-et-controles-renforces-pour-le-ramadhan\/#primaryimage"},"thumbnailUrl":"https:\/\/lasentinelle.dz\/wp-content\/uploads\/2024\/02\/zitouni.jpeg","articleSection":["Actualit\u00e9"],"inLanguage":"fr-FR","potentialAction":[{"@type":"CommentAction","name":"Comment","target":["https:\/\/lasentinelle.dz\/index.php\/2024\/03\/11\/commerce-soldes-et-controles-renforces-pour-le-ramadhan\/#respond"]}]},{"@type":"WebPage","@id":"https:\/\/lasentinelle.dz\/index.php\/2024\/03\/11\/commerce-soldes-et-controles-renforces-pour-le-ramadhan\/","url":"https:\/\/lasentinelle.dz\/index.php\/2024\/03\/11\/commerce-soldes-et-controles-renforces-pour-le-ramadhan\/","name":"Commerce\u00a0: Soldes et contr\u00f4les renforc\u00e9s pour le Ramadhan - La Sentinelle","isPartOf":{"@id":"https:\/\/lasentinelle.dz\/#website"},"primaryImageOfPage":{"@id":"https:\/\/lasentinelle.dz\/index.php\/2024\/03\/11\/commerce-soldes-et-controles-renforces-pour-le-ramadhan\/#primaryimage"},"image":{"@id":"https:\/\/lasentinelle.dz\/index.php\/2024\/03\/11\/commerce-soldes-et-controles-renforces-pour-le-ramadhan\/#primaryimage"},"thumbnailUrl":"https:\/\/lasentinelle.dz\/wp-content\/uploads\/2024\/02\/zitouni.jpeg","datePublished":"2024-03-11T13:18:42+00:00","dateModified":"2024-03-11T13:18:44+00:00","breadcrumb":{"@id":"https:\/\/lasentinelle.dz\/index.php\/2024\/03\/11\/commerce-soldes-et-controles-renforces-pour-le-ramadhan\/#breadcrumb"},"inLanguage":"fr-FR","potentialAction":[{"@type":"ReadAction","target":["https:\/\/lasentinelle.dz\/index.php\/2024\/03\/11\/commerce-soldes-et-controles-renforces-pour-le-ramadhan\/"]}]},{"@type":"ImageObject","inLanguage":"fr-FR","@id":"https:\/\/lasentinelle.dz\/index.php\/2024\/03\/11\/commerce-soldes-et-controles-renforces-pour-le-ramadhan\/#primaryimage","url":"https:\/\/lasentinelle.dz\/wp-content\/uploads\/2024\/02\/zitouni.jpeg","contentUrl":"https:\/\/lasentinelle.dz\/wp-content\/uploads\/2024\/02\/zitouni.jpeg","width":2048,"height":1536},{"@type":"BreadcrumbList","@id":"https:\/\/lasentinelle.dz\/index.php\/2024\/03\/11\/commerce-soldes-et-controles-renforces-pour-le-ramadhan\/#breadcrumb","itemListElement":[{"@type":"ListItem","position":1,"name":"Accueil","item":"https:\/\/lasentinelle.dz\/"},{"@type":"ListItem","position":2,"name":"Commerce\u00a0: Soldes et contr\u00f4les renforc\u00e9s pour le Ramadhan"}]},{"@type":"WebSite","@id":"https:\/\/lasentinelle.dz\/#website","url":"https:\/\/lasentinelle.dz\/","name":"La Sentinelle","description":"Quotidien national d&#039;information","publisher":{"@id":"https:\/\/lasentinelle.dz\/#organization"},"potentialAction":[{"@type":"SearchAction","target":{"@type":"EntryPoint","urlTemplate":"https:\/\/lasentinelle.dz\/?s={search_term_string}"},"query-input":{"@type":"PropertyValueSpecification","valueRequired":true,"valueName":"search_term_string"}}],"inLanguage":"fr-FR"},{"@type":"Organization","@id":"https:\/\/lasentinelle.dz\/#organization","name":"Quotidien La Sentinelle","url":"https:\/\/lasentinelle.dz\/","logo":{"@type":"ImageObject","inLanguage":"fr-FR","@id":"https:\/\/lasentinelle.dz\/#\/schema\/logo\/image\/","url":"https:\/\/lasentinelle.dz\/wp-content\/uploads\/2021\/09\/logo-sentinelleSLOGAN-1.png","contentUrl":"https:\/\/lasentinelle.dz\/wp-content\/uploads\/2021\/09\/logo-sentinelleSLOGAN-1.png","width":615,"height":142,"caption":"Quotidien La Sentinelle"},"image":{"@id":"https:\/\/lasentinelle.dz\/#\/schema\/logo\/image\/"},"sameAs":["https:\/\/www.facebook.com\/La-Sentinelle-104059864394773"]},{"@type":"Person","@id":"https:\/\/lasentinelle.dz\/#\/schema\/person\/d865044e22e70a75174ce8bcad3acfb3","name":"La Sentinelle","image":{"@type":"ImageObject","inLanguage":"fr-FR","@id":"https:\/\/secure.gravatar.com\/avatar\/57de8e5d4b15d43fb361a71fbb36338450fe67865b528a43dd10ef7c51a20392?s=96&d=mm&r=g","url":"https:\/\/secure.gravatar.com\/avatar\/57de8e5d4b15d43fb361a71fbb36338450fe67865b528a43dd10ef7c51a20392?s=96&d=mm&r=g","contentUrl":"https:\/\/secure.gravatar.com\/avatar\/57de8e5d4b15d43fb361a71fbb36338450fe67865b528a43dd10ef7c51a20392?s=96&d=mm&r=g","caption":"La Sentinelle"},"sameAs":["http:\/\/www.lasentinelle.dz"],"url":"https:\/\/lasentinelle.dz\/author\/redaction\/"}]}},"_links":{"self":[{"href":"https:\/\/lasentinelle.dz\/index.php\/wp-json\/wp\/v2\/posts\/50250","targetHints":{"allow":["GET"]}}],"collection":[{"href":"https:\/\/lasentinelle.dz\/index.php\/wp-json\/wp\/v2\/posts"}],"about":[{"href":"https:\/\/lasentinelle.dz\/index.php\/wp-json\/wp\/v2\/types\/post"}],"author":[{"embeddable":true,"href":"https:\/\/lasentinelle.dz\/index.php\/wp-json\/wp\/v2\/users\/3"}],"replies":[{"embeddable":true,"href":"https:\/\/lasentinelle.dz\/index.php\/wp-json\/wp\/v2\/comments?post=50250"}],"version-history":[{"count":1,"href":"https:\/\/lasentinelle.dz\/index.php\/wp-json\/wp\/v2\/posts\/50250\/revisions"}],"predecessor-version":[{"id":50251,"href":"https:\/\/lasentinelle.dz\/index.php\/wp-json\/wp\/v2\/posts\/50250\/revisions\/50251"}],"wp:featuredmedia":[{"embeddable":true,"href":"https:\/\/lasentinelle.dz\/index.php\/wp-json\/wp\/v2\/media\/49250"}],"wp:attachment":[{"href":"https:\/\/lasentinelle.dz\/index.php\/wp-json\/wp\/v2\/media?parent=50250"}],"wp:term":[{"taxonomy":"category","embeddable":true,"href":"https:\/\/lasentinelle.dz\/index.php\/wp-json\/wp\/v2\/categories?post=50250"},{"taxonomy":"post_tag","embeddable":true,"href":"https:\/\/lasentinelle.dz\/index.php\/wp-json\/wp\/v2\/tags?post=50250"}],"curies":[{"name":"wp","href":"https:\/\/api.w.org\/{rel}","templated":true}]}}