{"id":50262,"date":"2024-03-12T13:26:34","date_gmt":"2024-03-12T12:26:34","guid":{"rendered":"https:\/\/lasentinelle.dz\/?p=50262"},"modified":"2024-03-12T13:26:36","modified_gmt":"2024-03-12T12:26:36","slug":"libye-un-gouvernement-dunion-pour-encadrer-les-elections","status":"publish","type":"post","link":"https:\/\/lasentinelle.dz\/index.php\/2024\/03\/12\/libye-un-gouvernement-dunion-pour-encadrer-les-elections\/","title":{"rendered":"Libye\u00a0: Un gouvernement d&rsquo;union pour encadrer les \u00e9lections"},"content":{"rendered":"\n<p>Les dirigeants libyens ont convenu de former un gouvernement d\u2019union pour ouvrir la voie aux \u00e9lections dans le pays, rapportent des m\u00e9dias.<\/p>\n\n\n\n<p>Les pr\u00e9sidents de la Chambre des repr\u00e9sentants, Aguila Saleh, du Haut Conseil d&rsquo;Etat, Mohamed Takala, et du Conseil Pr\u00e9sidentiel du pays, Mohamed Al-Manfi, se sont rencontr\u00e9s dimanche au Caire sous les auspices de la Ligue arabe, pour des discussions visant \u00e0 combler les lacunes afin d&rsquo;organiser les \u00e9lections libyennes, indique l&rsquo;organisation dans un communiqu\u00e9 relay\u00e9 par des m\u00e9dias. Il ressort de ce communiqu\u00e9 que les trois dirigeants ont convenu de former un comit\u00e9 technique charg\u00e9 d&rsquo;examiner les amendements visant \u00e0 \u00e9largir le consensus et \u00e0 r\u00e9soudre les questions en suspens. \u00ab\u00a0Ils ont \u00e9galement convenu de la n\u00e9cessit\u00e9 de former un gouvernement d&rsquo;union dont la mission sera d&rsquo;encadrer le processus \u00e9lectoral, d&rsquo;offrir les services n\u00e9cessaires aux citoyens et d&rsquo;unifier les positions souveraines\u00a0\u00bb, ajoute le communiqu\u00e9. Ils ont \u00e9galement convenu d&rsquo;inviter la mission d\u2019appui de l&rsquo;ONU en Libye (MANUL) et la communaut\u00e9 internationale \u00ab\u00a0\u00e0 appuyer ce consensus pour en assurer le succ\u00e8s\u00a0\u00bb, selon le communiqu\u00e9. &nbsp;Le repr\u00e9sentant sp\u00e9cial du secr\u00e9taire g\u00e9n\u00e9ral de l&rsquo;ONU pour la Libye, Abdoulaye Bathily a soulign\u00e9 samedi la n\u00e9cessit\u00e9 urgente de mettre en \u0153uvre la loi \u00e9lectorale et de former un gouvernement d&rsquo;union pour ouvrir la voie aux \u00e9lections dans le pays.<\/p>\n\n\n\n<p>Cette annonce intervient quelques semaines avant la tenue de ce congr\u00e8s de r\u00e9conciliation nationale \u00e0 Syrte, le 28 avril prochain. Lors du dernier sommet de l\u2019Union africaine, l\u2019Alg\u00e9rie &nbsp;a exhort\u00e9 les parties libyennes \u00e0 saisir l\u2019opportunit\u00e9 de laConf\u00e9rence de la r\u00e9conciliation nationale, qui se tiendra \u00e0 Syrte en avril prochain, pour \u00ab r\u00e9tablir la coh\u00e9sion entre les enfants de la Libye une et indivisible \u00bb. L\u2019Alg\u00e9rie \u00ab encourage les parties libyennes \u00e0 adh\u00e9rer effectivement aux efforts onusiens visant \u00e0 r\u00e9unir les conditions n\u00e9cessaires \u00e0 l\u2019organisation des \u00e9lections comme solution permanente et durable \u00e0 la crise qui a trop dur\u00e9 dans ce pays fr\u00e8re qui nous est cher \u00bb, a indiqu\u00e9 \u00e0 l\u2019occasion le ministre des Affaires \u00e9trang\u00e8res Ahmed Attaf. L\u2019Alg\u00e9rie a \u00e9galement r\u00e9affirm\u00e9 \u00ab la n\u00e9cessit\u00e9 de mettre un terme aux ing\u00e9rences ext\u00e9rieures \u00bb et a r\u00e9it\u00e9r\u00e9 son appel au \u00ab retrait des parties \u00e9trang\u00e8res de Libye, afin de permettre aux efforts africains et onusiens de converger vers l\u2019objectif ultime : permettre \u00e0 la Libye, pays fr\u00e8re, d\u2019amorcer une nouvelle \u00e8re de s\u00e9curit\u00e9, de stabilit\u00e9, de paix et de prosp\u00e9rit\u00e9 \u00bb.<\/p>\n\n\n\n<p>R.I.<\/p>\n","protected":false},"excerpt":{"rendered":"<p>Les dirigeants libyens ont convenu de former un gouvernement d\u2019union pour ouvrir la voie aux \u00e9lections dans le pays, rapportent<\/p>\n","protected":false},"author":3,"featured_media":50263,"comment_status":"open","ping_status":"closed","sticky":false,"template":"","format":"standard","meta":{"colormag_page_container_layout":"default_layout","colormag_page_sidebar_layout":"default_layout","om_disable_all_campaigns":false,"_monsterinsights_skip_tracking":false,"_monsterinsights_sitenote_active":false,"_monsterinsights_sitenote_note":"","_monsterinsights_sitenote_category":0,"footnotes":"","_wpscppro_dont_share_socialmedia":false,"_wpscppro_custom_social_share_image":0,"_facebook_share_type":"","_twitter_share_type":"","_linkedin_share_type":"","_pinterest_share_type":"","_linkedin_share_type_page":"","_instagram_share_type":"","_medium_share_type":"","_threads_share_type":"","_google_business_share_type":"","_selected_social_profile":[],"_wpsp_enable_custom_social_template":false,"_wpsp_social_scheduling":{"enabled":false,"datetime":null,"platforms":[],"status":"template_only","dateOption":"today","timeOption":"now","customDays":"","customHours":"","customDate":"","customTime":"","schedulingType":"absolute"},"_wpsp_active_default_template":true},"categories":[37],"tags":[],"class_list":["post-50262","post","type-post","status-publish","format-standard","has-post-thumbnail","hentry","category-monde"],"aioseo_notices":[],"yoast_head":"<!-- This site is optimized with the Yoast SEO plugin v27.5 - https:\/\/yoast.com\/product\/yoast-seo-wordpress\/ -->\n<title>Libye\u00a0: Un gouvernement d&rsquo;union pour encadrer les \u00e9lections - La Sentinelle<\/title>\n<meta name=\"robots\" content=\"index, follow, max-snippet:-1, max-image-preview:large, max-video-preview:-1\" \/>\n<link rel=\"canonical\" href=\"https:\/\/lasentinelle.dz\/index.php\/2024\/03\/12\/libye-un-gouvernement-dunion-pour-encadrer-les-elections\/\" \/>\n<meta property=\"og:locale\" content=\"fr_FR\" \/>\n<meta property=\"og:type\" content=\"article\" \/>\n<meta property=\"og:title\" content=\"Libye\u00a0: Un gouvernement d&rsquo;union pour encadrer les \u00e9lections - La Sentinelle\" \/>\n<meta property=\"og:description\" content=\"Les dirigeants libyens ont convenu de former un gouvernement d\u2019union pour ouvrir la voie aux \u00e9lections dans le pays, rapportent\" \/>\n<meta property=\"og:url\" content=\"https:\/\/lasentinelle.dz\/index.php\/2024\/03\/12\/libye-un-gouvernement-dunion-pour-encadrer-les-elections\/\" \/>\n<meta property=\"og:site_name\" content=\"La Sentinelle\" \/>\n<meta property=\"article:publisher\" content=\"https:\/\/www.facebook.com\/La-Sentinelle-104059864394773\" \/>\n<meta property=\"article:published_time\" content=\"2024-03-12T12:26:34+00:00\" \/>\n<meta property=\"article:modified_time\" content=\"2024-03-12T12:26:36+00:00\" \/>\n<meta property=\"og:image\" content=\"https:\/\/lasentinelle.dz\/wp-content\/uploads\/2024\/03\/Libye.png\" \/>\n\t<meta property=\"og:image:width\" content=\"1193\" \/>\n\t<meta property=\"og:image:height\" content=\"672\" \/>\n\t<meta property=\"og:image:type\" content=\"image\/png\" \/>\n<meta name=\"author\" content=\"La Sentinelle\" \/>\n<meta name=\"twitter:card\" content=\"summary_large_image\" \/>\n<meta name=\"twitter:label1\" content=\"\u00c9crit par\" \/>\n\t<meta name=\"twitter:data1\" content=\"La Sentinelle\" \/>\n\t<meta name=\"twitter:label2\" content=\"Dur\u00e9e de lecture estim\u00e9e\" \/>\n\t<meta name=\"twitter:data2\" content=\"3 minutes\" \/>\n<script type=\"application\/ld+json\" class=\"yoast-schema-graph\">{\"@context\":\"https:\\\/\\\/schema.org\",\"@graph\":[{\"@type\":\"Article\",\"@id\":\"https:\\\/\\\/lasentinelle.dz\\\/index.php\\\/2024\\\/03\\\/12\\\/libye-un-gouvernement-dunion-pour-encadrer-les-elections\\\/#article\",\"isPartOf\":{\"@id\":\"https:\\\/\\\/lasentinelle.dz\\\/index.php\\\/2024\\\/03\\\/12\\\/libye-un-gouvernement-dunion-pour-encadrer-les-elections\\\/\"},\"author\":{\"name\":\"La Sentinelle\",\"@id\":\"https:\\\/\\\/lasentinelle.dz\\\/#\\\/schema\\\/person\\\/d865044e22e70a75174ce8bcad3acfb3\"},\"headline\":\"Libye\u00a0: Un gouvernement d&rsquo;union pour encadrer les \u00e9lections\",\"datePublished\":\"2024-03-12T12:26:34+00:00\",\"dateModified\":\"2024-03-12T12:26:36+00:00\",\"mainEntityOfPage\":{\"@id\":\"https:\\\/\\\/lasentinelle.dz\\\/index.php\\\/2024\\\/03\\\/12\\\/libye-un-gouvernement-dunion-pour-encadrer-les-elections\\\/\"},\"wordCount\":451,\"commentCount\":0,\"publisher\":{\"@id\":\"https:\\\/\\\/lasentinelle.dz\\\/#organization\"},\"image\":{\"@id\":\"https:\\\/\\\/lasentinelle.dz\\\/index.php\\\/2024\\\/03\\\/12\\\/libye-un-gouvernement-dunion-pour-encadrer-les-elections\\\/#primaryimage\"},\"thumbnailUrl\":\"https:\\\/\\\/lasentinelle.dz\\\/wp-content\\\/uploads\\\/2024\\\/03\\\/Libye.png\",\"articleSection\":[\"Monde\"],\"inLanguage\":\"fr-FR\",\"potentialAction\":[{\"@type\":\"CommentAction\",\"name\":\"Comment\",\"target\":[\"https:\\\/\\\/lasentinelle.dz\\\/index.php\\\/2024\\\/03\\\/12\\\/libye-un-gouvernement-dunion-pour-encadrer-les-elections\\\/#respond\"]}]},{\"@type\":\"WebPage\",\"@id\":\"https:\\\/\\\/lasentinelle.dz\\\/index.php\\\/2024\\\/03\\\/12\\\/libye-un-gouvernement-dunion-pour-encadrer-les-elections\\\/\",\"url\":\"https:\\\/\\\/lasentinelle.dz\\\/index.php\\\/2024\\\/03\\\/12\\\/libye-un-gouvernement-dunion-pour-encadrer-les-elections\\\/\",\"name\":\"Libye\u00a0: Un gouvernement d&rsquo;union pour encadrer les \u00e9lections - La Sentinelle\",\"isPartOf\":{\"@id\":\"https:\\\/\\\/lasentinelle.dz\\\/#website\"},\"primaryImageOfPage\":{\"@id\":\"https:\\\/\\\/lasentinelle.dz\\\/index.php\\\/2024\\\/03\\\/12\\\/libye-un-gouvernement-dunion-pour-encadrer-les-elections\\\/#primaryimage\"},\"image\":{\"@id\":\"https:\\\/\\\/lasentinelle.dz\\\/index.php\\\/2024\\\/03\\\/12\\\/libye-un-gouvernement-dunion-pour-encadrer-les-elections\\\/#primaryimage\"},\"thumbnailUrl\":\"https:\\\/\\\/lasentinelle.dz\\\/wp-content\\\/uploads\\\/2024\\\/03\\\/Libye.png\",\"datePublished\":\"2024-03-12T12:26:34+00:00\",\"dateModified\":\"2024-03-12T12:26:36+00:00\",\"breadcrumb\":{\"@id\":\"https:\\\/\\\/lasentinelle.dz\\\/index.php\\\/2024\\\/03\\\/12\\\/libye-un-gouvernement-dunion-pour-encadrer-les-elections\\\/#breadcrumb\"},\"inLanguage\":\"fr-FR\",\"potentialAction\":[{\"@type\":\"ReadAction\",\"target\":[\"https:\\\/\\\/lasentinelle.dz\\\/index.php\\\/2024\\\/03\\\/12\\\/libye-un-gouvernement-dunion-pour-encadrer-les-elections\\\/\"]}]},{\"@type\":\"ImageObject\",\"inLanguage\":\"fr-FR\",\"@id\":\"https:\\\/\\\/lasentinelle.dz\\\/index.php\\\/2024\\\/03\\\/12\\\/libye-un-gouvernement-dunion-pour-encadrer-les-elections\\\/#primaryimage\",\"url\":\"https:\\\/\\\/lasentinelle.dz\\\/wp-content\\\/uploads\\\/2024\\\/03\\\/Libye.png\",\"contentUrl\":\"https:\\\/\\\/lasentinelle.dz\\\/wp-content\\\/uploads\\\/2024\\\/03\\\/Libye.png\",\"width\":1193,\"height\":672},{\"@type\":\"BreadcrumbList\",\"@id\":\"https:\\\/\\\/lasentinelle.dz\\\/index.php\\\/2024\\\/03\\\/12\\\/libye-un-gouvernement-dunion-pour-encadrer-les-elections\\\/#breadcrumb\",\"itemListElement\":[{\"@type\":\"ListItem\",\"position\":1,\"name\":\"Accueil\",\"item\":\"https:\\\/\\\/lasentinelle.dz\\\/\"},{\"@type\":\"ListItem\",\"position\":2,\"name\":\"Libye\u00a0: Un gouvernement d&rsquo;union pour encadrer les \u00e9lections\"}]},{\"@type\":\"WebSite\",\"@id\":\"https:\\\/\\\/lasentinelle.dz\\\/#website\",\"url\":\"https:\\\/\\\/lasentinelle.dz\\\/\",\"name\":\"La Sentinelle\",\"description\":\"Quotidien national d&#039;information\",\"publisher\":{\"@id\":\"https:\\\/\\\/lasentinelle.dz\\\/#organization\"},\"potentialAction\":[{\"@type\":\"SearchAction\",\"target\":{\"@type\":\"EntryPoint\",\"urlTemplate\":\"https:\\\/\\\/lasentinelle.dz\\\/?s={search_term_string}\"},\"query-input\":{\"@type\":\"PropertyValueSpecification\",\"valueRequired\":true,\"valueName\":\"search_term_string\"}}],\"inLanguage\":\"fr-FR\"},{\"@type\":\"Organization\",\"@id\":\"https:\\\/\\\/lasentinelle.dz\\\/#organization\",\"name\":\"Quotidien La Sentinelle\",\"url\":\"https:\\\/\\\/lasentinelle.dz\\\/\",\"logo\":{\"@type\":\"ImageObject\",\"inLanguage\":\"fr-FR\",\"@id\":\"https:\\\/\\\/lasentinelle.dz\\\/#\\\/schema\\\/logo\\\/image\\\/\",\"url\":\"https:\\\/\\\/lasentinelle.dz\\\/wp-content\\\/uploads\\\/2021\\\/09\\\/logo-sentinelleSLOGAN-1.png\",\"contentUrl\":\"https:\\\/\\\/lasentinelle.dz\\\/wp-content\\\/uploads\\\/2021\\\/09\\\/logo-sentinelleSLOGAN-1.png\",\"width\":615,\"height\":142,\"caption\":\"Quotidien La Sentinelle\"},\"image\":{\"@id\":\"https:\\\/\\\/lasentinelle.dz\\\/#\\\/schema\\\/logo\\\/image\\\/\"},\"sameAs\":[\"https:\\\/\\\/www.facebook.com\\\/La-Sentinelle-104059864394773\"]},{\"@type\":\"Person\",\"@id\":\"https:\\\/\\\/lasentinelle.dz\\\/#\\\/schema\\\/person\\\/d865044e22e70a75174ce8bcad3acfb3\",\"name\":\"La Sentinelle\",\"image\":{\"@type\":\"ImageObject\",\"inLanguage\":\"fr-FR\",\"@id\":\"https:\\\/\\\/secure.gravatar.com\\\/avatar\\\/57de8e5d4b15d43fb361a71fbb36338450fe67865b528a43dd10ef7c51a20392?s=96&d=mm&r=g\",\"url\":\"https:\\\/\\\/secure.gravatar.com\\\/avatar\\\/57de8e5d4b15d43fb361a71fbb36338450fe67865b528a43dd10ef7c51a20392?s=96&d=mm&r=g\",\"contentUrl\":\"https:\\\/\\\/secure.gravatar.com\\\/avatar\\\/57de8e5d4b15d43fb361a71fbb36338450fe67865b528a43dd10ef7c51a20392?s=96&d=mm&r=g\",\"caption\":\"La Sentinelle\"},\"sameAs\":[\"http:\\\/\\\/www.lasentinelle.dz\"],\"url\":\"https:\\\/\\\/lasentinelle.dz\\\/author\\\/redaction\\\/\"}]}<\/script>\n<!-- \/ Yoast SEO plugin. -->","yoast_head_json":{"title":"Libye\u00a0: Un gouvernement d&rsquo;union pour encadrer les \u00e9lections - La Sentinelle","robots":{"index":"index","follow":"follow","max-snippet":"max-snippet:-1","max-image-preview":"max-image-preview:large","max-video-preview":"max-video-preview:-1"},"canonical":"https:\/\/lasentinelle.dz\/index.php\/2024\/03\/12\/libye-un-gouvernement-dunion-pour-encadrer-les-elections\/","og_locale":"fr_FR","og_type":"article","og_title":"Libye\u00a0: Un gouvernement d&rsquo;union pour encadrer les \u00e9lections - La Sentinelle","og_description":"Les dirigeants libyens ont convenu de former un gouvernement d\u2019union pour ouvrir la voie aux \u00e9lections dans le pays, rapportent","og_url":"https:\/\/lasentinelle.dz\/index.php\/2024\/03\/12\/libye-un-gouvernement-dunion-pour-encadrer-les-elections\/","og_site_name":"La Sentinelle","article_publisher":"https:\/\/www.facebook.com\/La-Sentinelle-104059864394773","article_published_time":"2024-03-12T12:26:34+00:00","article_modified_time":"2024-03-12T12:26:36+00:00","og_image":[{"width":1193,"height":672,"url":"https:\/\/lasentinelle.dz\/wp-content\/uploads\/2024\/03\/Libye.png","type":"image\/png"}],"author":"La Sentinelle","twitter_card":"summary_large_image","twitter_misc":{"\u00c9crit par":"La Sentinelle","Dur\u00e9e de lecture estim\u00e9e":"3 minutes"},"schema":{"@context":"https:\/\/schema.org","@graph":[{"@type":"Article","@id":"https:\/\/lasentinelle.dz\/index.php\/2024\/03\/12\/libye-un-gouvernement-dunion-pour-encadrer-les-elections\/#article","isPartOf":{"@id":"https:\/\/lasentinelle.dz\/index.php\/2024\/03\/12\/libye-un-gouvernement-dunion-pour-encadrer-les-elections\/"},"author":{"name":"La Sentinelle","@id":"https:\/\/lasentinelle.dz\/#\/schema\/person\/d865044e22e70a75174ce8bcad3acfb3"},"headline":"Libye\u00a0: Un gouvernement d&rsquo;union pour encadrer les \u00e9lections","datePublished":"2024-03-12T12:26:34+00:00","dateModified":"2024-03-12T12:26:36+00:00","mainEntityOfPage":{"@id":"https:\/\/lasentinelle.dz\/index.php\/2024\/03\/12\/libye-un-gouvernement-dunion-pour-encadrer-les-elections\/"},"wordCount":451,"commentCount":0,"publisher":{"@id":"https:\/\/lasentinelle.dz\/#organization"},"image":{"@id":"https:\/\/lasentinelle.dz\/index.php\/2024\/03\/12\/libye-un-gouvernement-dunion-pour-encadrer-les-elections\/#primaryimage"},"thumbnailUrl":"https:\/\/lasentinelle.dz\/wp-content\/uploads\/2024\/03\/Libye.png","articleSection":["Monde"],"inLanguage":"fr-FR","potentialAction":[{"@type":"CommentAction","name":"Comment","target":["https:\/\/lasentinelle.dz\/index.php\/2024\/03\/12\/libye-un-gouvernement-dunion-pour-encadrer-les-elections\/#respond"]}]},{"@type":"WebPage","@id":"https:\/\/lasentinelle.dz\/index.php\/2024\/03\/12\/libye-un-gouvernement-dunion-pour-encadrer-les-elections\/","url":"https:\/\/lasentinelle.dz\/index.php\/2024\/03\/12\/libye-un-gouvernement-dunion-pour-encadrer-les-elections\/","name":"Libye\u00a0: Un gouvernement d&rsquo;union pour encadrer les \u00e9lections - La Sentinelle","isPartOf":{"@id":"https:\/\/lasentinelle.dz\/#website"},"primaryImageOfPage":{"@id":"https:\/\/lasentinelle.dz\/index.php\/2024\/03\/12\/libye-un-gouvernement-dunion-pour-encadrer-les-elections\/#primaryimage"},"image":{"@id":"https:\/\/lasentinelle.dz\/index.php\/2024\/03\/12\/libye-un-gouvernement-dunion-pour-encadrer-les-elections\/#primaryimage"},"thumbnailUrl":"https:\/\/lasentinelle.dz\/wp-content\/uploads\/2024\/03\/Libye.png","datePublished":"2024-03-12T12:26:34+00:00","dateModified":"2024-03-12T12:26:36+00:00","breadcrumb":{"@id":"https:\/\/lasentinelle.dz\/index.php\/2024\/03\/12\/libye-un-gouvernement-dunion-pour-encadrer-les-elections\/#breadcrumb"},"inLanguage":"fr-FR","potentialAction":[{"@type":"ReadAction","target":["https:\/\/lasentinelle.dz\/index.php\/2024\/03\/12\/libye-un-gouvernement-dunion-pour-encadrer-les-elections\/"]}]},{"@type":"ImageObject","inLanguage":"fr-FR","@id":"https:\/\/lasentinelle.dz\/index.php\/2024\/03\/12\/libye-un-gouvernement-dunion-pour-encadrer-les-elections\/#primaryimage","url":"https:\/\/lasentinelle.dz\/wp-content\/uploads\/2024\/03\/Libye.png","contentUrl":"https:\/\/lasentinelle.dz\/wp-content\/uploads\/2024\/03\/Libye.png","width":1193,"height":672},{"@type":"BreadcrumbList","@id":"https:\/\/lasentinelle.dz\/index.php\/2024\/03\/12\/libye-un-gouvernement-dunion-pour-encadrer-les-elections\/#breadcrumb","itemListElement":[{"@type":"ListItem","position":1,"name":"Accueil","item":"https:\/\/lasentinelle.dz\/"},{"@type":"ListItem","position":2,"name":"Libye\u00a0: Un gouvernement d&rsquo;union pour encadrer les \u00e9lections"}]},{"@type":"WebSite","@id":"https:\/\/lasentinelle.dz\/#website","url":"https:\/\/lasentinelle.dz\/","name":"La Sentinelle","description":"Quotidien national d&#039;information","publisher":{"@id":"https:\/\/lasentinelle.dz\/#organization"},"potentialAction":[{"@type":"SearchAction","target":{"@type":"EntryPoint","urlTemplate":"https:\/\/lasentinelle.dz\/?s={search_term_string}"},"query-input":{"@type":"PropertyValueSpecification","valueRequired":true,"valueName":"search_term_string"}}],"inLanguage":"fr-FR"},{"@type":"Organization","@id":"https:\/\/lasentinelle.dz\/#organization","name":"Quotidien La Sentinelle","url":"https:\/\/lasentinelle.dz\/","logo":{"@type":"ImageObject","inLanguage":"fr-FR","@id":"https:\/\/lasentinelle.dz\/#\/schema\/logo\/image\/","url":"https:\/\/lasentinelle.dz\/wp-content\/uploads\/2021\/09\/logo-sentinelleSLOGAN-1.png","contentUrl":"https:\/\/lasentinelle.dz\/wp-content\/uploads\/2021\/09\/logo-sentinelleSLOGAN-1.png","width":615,"height":142,"caption":"Quotidien La Sentinelle"},"image":{"@id":"https:\/\/lasentinelle.dz\/#\/schema\/logo\/image\/"},"sameAs":["https:\/\/www.facebook.com\/La-Sentinelle-104059864394773"]},{"@type":"Person","@id":"https:\/\/lasentinelle.dz\/#\/schema\/person\/d865044e22e70a75174ce8bcad3acfb3","name":"La Sentinelle","image":{"@type":"ImageObject","inLanguage":"fr-FR","@id":"https:\/\/secure.gravatar.com\/avatar\/57de8e5d4b15d43fb361a71fbb36338450fe67865b528a43dd10ef7c51a20392?s=96&d=mm&r=g","url":"https:\/\/secure.gravatar.com\/avatar\/57de8e5d4b15d43fb361a71fbb36338450fe67865b528a43dd10ef7c51a20392?s=96&d=mm&r=g","contentUrl":"https:\/\/secure.gravatar.com\/avatar\/57de8e5d4b15d43fb361a71fbb36338450fe67865b528a43dd10ef7c51a20392?s=96&d=mm&r=g","caption":"La Sentinelle"},"sameAs":["http:\/\/www.lasentinelle.dz"],"url":"https:\/\/lasentinelle.dz\/author\/redaction\/"}]}},"_links":{"self":[{"href":"https:\/\/lasentinelle.dz\/index.php\/wp-json\/wp\/v2\/posts\/50262","targetHints":{"allow":["GET"]}}],"collection":[{"href":"https:\/\/lasentinelle.dz\/index.php\/wp-json\/wp\/v2\/posts"}],"about":[{"href":"https:\/\/lasentinelle.dz\/index.php\/wp-json\/wp\/v2\/types\/post"}],"author":[{"embeddable":true,"href":"https:\/\/lasentinelle.dz\/index.php\/wp-json\/wp\/v2\/users\/3"}],"replies":[{"embeddable":true,"href":"https:\/\/lasentinelle.dz\/index.php\/wp-json\/wp\/v2\/comments?post=50262"}],"version-history":[{"count":2,"href":"https:\/\/lasentinelle.dz\/index.php\/wp-json\/wp\/v2\/posts\/50262\/revisions"}],"predecessor-version":[{"id":50265,"href":"https:\/\/lasentinelle.dz\/index.php\/wp-json\/wp\/v2\/posts\/50262\/revisions\/50265"}],"wp:featuredmedia":[{"embeddable":true,"href":"https:\/\/lasentinelle.dz\/index.php\/wp-json\/wp\/v2\/media\/50263"}],"wp:attachment":[{"href":"https:\/\/lasentinelle.dz\/index.php\/wp-json\/wp\/v2\/media?parent=50262"}],"wp:term":[{"taxonomy":"category","embeddable":true,"href":"https:\/\/lasentinelle.dz\/index.php\/wp-json\/wp\/v2\/categories?post=50262"},{"taxonomy":"post_tag","embeddable":true,"href":"https:\/\/lasentinelle.dz\/index.php\/wp-json\/wp\/v2\/tags?post=50262"}],"curies":[{"name":"wp","href":"https:\/\/api.w.org\/{rel}","templated":true}]}}