{"id":50278,"date":"2024-03-12T13:32:33","date_gmt":"2024-03-12T12:32:33","guid":{"rendered":"https:\/\/lasentinelle.dz\/?p=50278"},"modified":"2024-03-12T13:32:36","modified_gmt":"2024-03-12T12:32:36","slug":"plan-de-developpement-minier-lannee-2024-sera-celle-de-la-concretisation","status":"publish","type":"post","link":"https:\/\/lasentinelle.dz\/index.php\/2024\/03\/12\/plan-de-developpement-minier-lannee-2024-sera-celle-de-la-concretisation\/","title":{"rendered":"Plan de d\u00e9veloppement minier\u00a0: L\u2019ann\u00e9e 2024 sera celle de la concr\u00e9tisation"},"content":{"rendered":"\n<p>L\u2019ann\u00e9e 2024 sera celle du lancement effectif de grands projets miniers structurants. Le ministre de l\u2019\u00c9nergie et des Mines, Mohamed Arkab a indiqu\u00e9 hier que les travaux d\u2019ouverture de la mine de phosphate de T\u00e9bessa seront lanc\u00e9s en octobre alors que ceux de la mine de zinc de B\u00e9ja\u00efa le seront le mois prochain.<\/p>\n\n\n\n<p>Le plan de d\u00e9veloppement minier, au c\u0153ur de la politique nationale de diversification \u00e9conomique, conna\u00eetra cette ann\u00e9e un coup d\u2019acc\u00e9l\u00e9rateur. Apr\u00e8s le lancement officiel du projet d\u2019exploitation de la mine de fer de Ghar Djebilet, lors de la visite du pr\u00e9sident de la R\u00e9publique, Abdelmadjid Tebboune, \u00e0 Tindouf au mois de d\u00e9cembre dernier, deux grands projets miniers structurants seront lanc\u00e9s au cours des prochains mois. Lors d\u2019une audition devant la Commission des Affaires \u00e9conomiques de l&rsquo;Assembl\u00e9e populaire nationale, le ministre de l\u2019\u00c9nergie et des Mines a annonc\u00e9 le lancement des travaux d\u2019ouverture de deux mines \u00e0 savoir la mine de phosphate de T\u00e9bessa en octobre et qui signera le lancement effectif du projet Phosphate int\u00e9gr\u00e9, et de la mine de zinc d\u2019Oued Amizour dans la wilaya de B\u00e9ja\u00efa le mois d\u2019avril prochain. Le ministre a assur\u00e9 que le secteur travaillait \u00e0 \u00ab\u00a0r\u00e9aliser les projets structurants qui permettront de r\u00e9duire la facture d&rsquo;importation et de cr\u00e9er des milliers d&#8217;emplois\u00a0\u00bb, dont le projet de phosphate int\u00e9gr\u00e9 \u00e0 T\u00e9bessa, pour lequel \u00ab\u00a0les travaux d&rsquo;ouverture de la mine d\u00e9buteront en octobre 2024 par soci\u00e9t\u00e9 Sonarim, imm\u00e9diatement apr\u00e8s le transfert de mat\u00e9riel arch\u00e9ologique d\u00e9couvert sur le site de la mine\u00a0\u00bb.<\/p>\n\n\n\n<p>Le ministre a \u00e9galement abord\u00e9 le projet de zinc \u00e0 Oued Amizour \u00e0 B\u00e9ja\u00efa, dont la construction de la mine d\u00e9butera en avril prochain, ainsi que le projet d\u2019exploitation des mines de fer de Ghar Djebilet, lanc\u00e9 fin novembre et qui entrera en service en septembre 2026. Les trois projets constituent l\u2019essence du programme de d\u00e9veloppement minier qui doit contribuer \u00e0 la diversification de l\u2019\u00e9conomie national gr\u00e2ce \u00e0 la valorisation industrielle des ressources mini\u00e8res avec la production de demi-produits, mais aussi en fournissant des intrants et des mati\u00e8res premi\u00e8res pour l\u2019approvisionnement de l\u2019industrie nationale, contribuant ainsi \u00e0 sa redynamisation. Il faut rappeler dans ce contexte, que le pr\u00e9sident de la R\u00e9publique, Abdelmadjid Tebboune, a ordonn\u00e9 \u00e0 l\u2019Ex\u00e9cutif dimanche lors de la r\u00e9union du Conseil des ministres e chef de l\u2019Etat a enjoint de prendre toutes les mesures \u00e0 m\u00eame de faire avancer davantage les projets strat\u00e9giques miniers et de respecter les d\u00e9lais de r\u00e9alisation. Il a \u00e9galement ordonn\u00e9 au Gouvernement de coordonner et d\u2019intensifier les efforts \u00e0 travers un suivi assidu des projets, et d\u2019aplanir toutes les difficult\u00e9s auxquelles ils font face.<\/p>\n\n\n\n<p>Lors de son expos\u00e9 \u00e0 l\u2019APN, le ministre de l\u2019\u00c9nergie et des Mines a \u00e9galement tenu \u00e0 mettre en avant les bonnes performances du secteur des mines en attendant, l\u2019entr\u00e9e en service de ces projets structurants. Il a ainsi indiqu\u00e9 que le secteur des mines a, quant \u00e0 lui, connu une augmentation de production, notamment pour le fer (+5,6%), le phosphate (+3%), le sel (+21%), le marbre (+23%) et l&rsquo;or (+6,3%), selon les chiffres avanc\u00e9s par le ministre.<\/p>\n\n\n\n<p>Aussi et afin de dynamiser l\u2019investissement minier et tirer pleinement partie du potentiel minier que rec\u00e8le l\u2019Alg\u00e9rie, Mohamed Arkab a \u00e9voqu\u00e9 un projet de modification de la loi sur les mines afin d&rsquo;am\u00e9liorer le climat des affaires en mettant en place des mesures incitatives pour attirer les investisseurs nationaux et \u00e9trangers ainsi que les capitaux et les comp\u00e9tences techniques.<\/p>\n\n\n\n<p><strong>Les exportations d\u2019hydrocarbures en hausse de 4% en 2023<\/strong><\/p>\n\n\n\n<p>Au-del\u00e0 du secteur des mines, le ministre a mis en avant les performances du secteur des hydrocarbures qui continue d\u2019\u00eatre la locomotive de l\u2019\u00e9conomie nationale. Il a ainsi mis en avant une hausse de la production et des exportations d\u2019hydrocarbures. Il a pr\u00e9cis\u00e9 dans ce sens que la production commercialis\u00e9e d&rsquo;hydrocarbures en &nbsp;Alg\u00e9rie a atteint pr\u00e8s de 170 millions de tonnes \u00e9quivalent p\u00e9trole (TEP) en 2023, soit une hausse de plus de 3% par rapport \u00e0 l&rsquo;ann\u00e9e 2022, tandis que le volume des exportations d&rsquo;hydrocarbures a augment\u00e9 de 4%, pr\u00e9cisant que \u00ab\u00a0ces r\u00e9sultats pr\u00e9liminaires r\u00e9v\u00e8lent une am\u00e9lioration de la plupart des indicateurs \u00e9conomiques\u00a0\u00bb. Cette am\u00e9lioration a \u00e9t\u00e9 soutenue par l&rsquo;augmentation de la production de toutes les mati\u00e8res, notamment le gaz naturel, suite \u00e0 l&rsquo;entr\u00e9e en exploitation de certains gisements et champs, a-t-il pr\u00e9cis\u00e9, indiquant que le nombre des nouvelles d\u00e9couvertes d&rsquo;hydrocarbures en 2023 s&rsquo;est \u00e9lev\u00e9 \u00e0 pr\u00e8s de 15, dont la plupart ont \u00e9t\u00e9 r\u00e9alis\u00e9es par Sonatrach. Arkab a r\u00e9v\u00e9l\u00e9 que la valeur des investissement avait d\u00e9pass\u00e9 les 9 mds USD en 2023 contre 8 mds USD en 2022 dont plus de 5 mds USD d\u00e9di\u00e9s au d\u00e9veloppement du secteur des hydrocarbures. Les deux tiers de ce montant ont \u00e9t\u00e9 destin\u00e9s au d\u00e9veloppement des activit\u00e9s en amont. Concernant les recettes d&rsquo;hydrocarbures, le ministre a pr\u00e9cis\u00e9 qu&rsquo;en d\u00e9pit de la hausse du volume des exportations \u00e0 4%, soit 97 millions TEP, la valeur avait baiss\u00e9 de 16% soit pr\u00e8s de 50 mds USD en 2023 contre 60 mds USD en 2022. Ce recul s&rsquo;explique par \u00ab\u00a0la baisse des prix du p\u00e9trole soit 84 USD\/baril fin 2023 contre 104 USD fin 2022, a expliqu\u00e9 M. Arkab. Par ailleurs, le ministre a indiqu\u00e9 que Sonatrach avait allou\u00e9, dans le cadre de son plan \u00e0 moyen terme (2024-2028), 36 mds USD (71 % de l&rsquo;investissement total durant cette p\u00e9riode) \u00e0 l&rsquo;augmentation de la production primaire des hydrocarbures \u00e0 207 millions de TEP en 2028 contre 190 millions de tonnes en 2023. &nbsp;Depuis la promulgation de la nouvelle loi sur les hydrocarbures, Sonatrach a sign\u00e9 6 contrats avec ses partenaires pour le d\u00e9veloppement des hydrocarbures, d&rsquo;une valeur totale de 7 mds USD. Concernant la valorisation des hydrocarbures, il a expliqu\u00e9 que le secteur \u0153uvrait \u00e0 d\u00e9velopper l&rsquo;industrie p\u00e9trochimique et \u00e0 augmenter les capacit\u00e9s de raffinage du p\u00e9trole, ajoutant que plusieurs projets avaient \u00e9t\u00e9 programm\u00e9s dont certains en cours de r\u00e9alisation, \u00e0 l&rsquo;instar de la nouvelle raffinerie \u00e0 Hassi Messaoud (5 millions de tonnes\/an), des unit\u00e9s de production de MTBE (M\u00e9thyl tert-butyl \u00e9ther), de polypropyl\u00e8ne (plastique) ainsi que Linear Alkyl Benz\u00e8ne (LAB), dont le contrat de r\u00e9alisation a r\u00e9cemment \u00e9t\u00e9 sign\u00e9.<\/p>\n\n\n\n<p><strong>Sabrina Aziouez<\/strong><\/p>\n","protected":false},"excerpt":{"rendered":"<p>L\u2019ann\u00e9e 2024 sera celle du lancement effectif de grands projets miniers structurants. Le ministre de l\u2019\u00c9nergie et des Mines, Mohamed<\/p>\n","protected":false},"author":3,"featured_media":24503,"comment_status":"open","ping_status":"closed","sticky":false,"template":"","format":"standard","meta":{"colormag_page_container_layout":"default_layout","colormag_page_sidebar_layout":"default_layout","om_disable_all_campaigns":false,"_monsterinsights_skip_tracking":false,"_monsterinsights_sitenote_active":false,"_monsterinsights_sitenote_note":"","_monsterinsights_sitenote_category":0,"footnotes":"","_wpscppro_dont_share_socialmedia":false,"_wpscppro_custom_social_share_image":0,"_facebook_share_type":"","_twitter_share_type":"","_linkedin_share_type":"","_pinterest_share_type":"","_linkedin_share_type_page":"","_instagram_share_type":"","_medium_share_type":"","_threads_share_type":"","_google_business_share_type":"","_selected_social_profile":[],"_wpsp_enable_custom_social_template":false,"_wpsp_social_scheduling":{"enabled":false,"datetime":null,"platforms":[],"status":"template_only","dateOption":"today","timeOption":"now","customDays":"","customHours":"","customDate":"","customTime":"","schedulingType":"absolute"},"_wpsp_active_default_template":true},"categories":[52,29],"tags":[],"class_list":["post-50278","post","type-post","status-publish","format-standard","has-post-thumbnail","hentry","category-a-la-une","category-economie"],"aioseo_notices":[],"yoast_head":"<!-- This site is optimized with the Yoast SEO plugin v27.5 - https:\/\/yoast.com\/product\/yoast-seo-wordpress\/ -->\n<title>Plan de d\u00e9veloppement minier\u00a0: L\u2019ann\u00e9e 2024 sera celle de la concr\u00e9tisation - La Sentinelle<\/title>\n<meta name=\"robots\" content=\"index, follow, max-snippet:-1, max-image-preview:large, max-video-preview:-1\" \/>\n<link rel=\"canonical\" href=\"https:\/\/lasentinelle.dz\/index.php\/2024\/03\/12\/plan-de-developpement-minier-lannee-2024-sera-celle-de-la-concretisation\/\" \/>\n<meta property=\"og:locale\" content=\"fr_FR\" \/>\n<meta property=\"og:type\" content=\"article\" \/>\n<meta property=\"og:title\" content=\"Plan de d\u00e9veloppement minier\u00a0: L\u2019ann\u00e9e 2024 sera celle de la concr\u00e9tisation - La Sentinelle\" \/>\n<meta property=\"og:description\" content=\"L\u2019ann\u00e9e 2024 sera celle du lancement effectif de grands projets miniers structurants. Le ministre de l\u2019\u00c9nergie et des Mines, Mohamed\" \/>\n<meta property=\"og:url\" content=\"https:\/\/lasentinelle.dz\/index.php\/2024\/03\/12\/plan-de-developpement-minier-lannee-2024-sera-celle-de-la-concretisation\/\" \/>\n<meta property=\"og:site_name\" content=\"La Sentinelle\" \/>\n<meta property=\"article:publisher\" content=\"https:\/\/www.facebook.com\/La-Sentinelle-104059864394773\" \/>\n<meta property=\"article:published_time\" content=\"2024-03-12T12:32:33+00:00\" \/>\n<meta property=\"article:modified_time\" content=\"2024-03-12T12:32:36+00:00\" \/>\n<meta property=\"og:image\" content=\"https:\/\/lasentinelle.dz\/wp-content\/uploads\/2022\/07\/mines.png\" \/>\n\t<meta property=\"og:image:width\" content=\"1595\" \/>\n\t<meta property=\"og:image:height\" content=\"900\" \/>\n\t<meta property=\"og:image:type\" content=\"image\/png\" \/>\n<meta name=\"author\" content=\"La Sentinelle\" \/>\n<meta name=\"twitter:card\" content=\"summary_large_image\" \/>\n<meta name=\"twitter:label1\" content=\"\u00c9crit par\" \/>\n\t<meta name=\"twitter:data1\" content=\"La Sentinelle\" \/>\n\t<meta name=\"twitter:label2\" content=\"Dur\u00e9e de lecture estim\u00e9e\" \/>\n\t<meta name=\"twitter:data2\" content=\"6 minutes\" \/>\n<script type=\"application\/ld+json\" class=\"yoast-schema-graph\">{\"@context\":\"https:\\\/\\\/schema.org\",\"@graph\":[{\"@type\":\"Article\",\"@id\":\"https:\\\/\\\/lasentinelle.dz\\\/index.php\\\/2024\\\/03\\\/12\\\/plan-de-developpement-minier-lannee-2024-sera-celle-de-la-concretisation\\\/#article\",\"isPartOf\":{\"@id\":\"https:\\\/\\\/lasentinelle.dz\\\/index.php\\\/2024\\\/03\\\/12\\\/plan-de-developpement-minier-lannee-2024-sera-celle-de-la-concretisation\\\/\"},\"author\":{\"name\":\"La Sentinelle\",\"@id\":\"https:\\\/\\\/lasentinelle.dz\\\/#\\\/schema\\\/person\\\/d865044e22e70a75174ce8bcad3acfb3\"},\"headline\":\"Plan de d\u00e9veloppement minier\u00a0: L\u2019ann\u00e9e 2024 sera celle de la concr\u00e9tisation\",\"datePublished\":\"2024-03-12T12:32:33+00:00\",\"dateModified\":\"2024-03-12T12:32:36+00:00\",\"mainEntityOfPage\":{\"@id\":\"https:\\\/\\\/lasentinelle.dz\\\/index.php\\\/2024\\\/03\\\/12\\\/plan-de-developpement-minier-lannee-2024-sera-celle-de-la-concretisation\\\/\"},\"wordCount\":1115,\"commentCount\":0,\"publisher\":{\"@id\":\"https:\\\/\\\/lasentinelle.dz\\\/#organization\"},\"image\":{\"@id\":\"https:\\\/\\\/lasentinelle.dz\\\/index.php\\\/2024\\\/03\\\/12\\\/plan-de-developpement-minier-lannee-2024-sera-celle-de-la-concretisation\\\/#primaryimage\"},\"thumbnailUrl\":\"https:\\\/\\\/lasentinelle.dz\\\/wp-content\\\/uploads\\\/2022\\\/07\\\/mines.png\",\"articleSection\":[\"\u00c0 la Une\",\"\u00c9conomie\"],\"inLanguage\":\"fr-FR\",\"potentialAction\":[{\"@type\":\"CommentAction\",\"name\":\"Comment\",\"target\":[\"https:\\\/\\\/lasentinelle.dz\\\/index.php\\\/2024\\\/03\\\/12\\\/plan-de-developpement-minier-lannee-2024-sera-celle-de-la-concretisation\\\/#respond\"]}]},{\"@type\":\"WebPage\",\"@id\":\"https:\\\/\\\/lasentinelle.dz\\\/index.php\\\/2024\\\/03\\\/12\\\/plan-de-developpement-minier-lannee-2024-sera-celle-de-la-concretisation\\\/\",\"url\":\"https:\\\/\\\/lasentinelle.dz\\\/index.php\\\/2024\\\/03\\\/12\\\/plan-de-developpement-minier-lannee-2024-sera-celle-de-la-concretisation\\\/\",\"name\":\"Plan de d\u00e9veloppement minier\u00a0: L\u2019ann\u00e9e 2024 sera celle de la concr\u00e9tisation - La Sentinelle\",\"isPartOf\":{\"@id\":\"https:\\\/\\\/lasentinelle.dz\\\/#website\"},\"primaryImageOfPage\":{\"@id\":\"https:\\\/\\\/lasentinelle.dz\\\/index.php\\\/2024\\\/03\\\/12\\\/plan-de-developpement-minier-lannee-2024-sera-celle-de-la-concretisation\\\/#primaryimage\"},\"image\":{\"@id\":\"https:\\\/\\\/lasentinelle.dz\\\/index.php\\\/2024\\\/03\\\/12\\\/plan-de-developpement-minier-lannee-2024-sera-celle-de-la-concretisation\\\/#primaryimage\"},\"thumbnailUrl\":\"https:\\\/\\\/lasentinelle.dz\\\/wp-content\\\/uploads\\\/2022\\\/07\\\/mines.png\",\"datePublished\":\"2024-03-12T12:32:33+00:00\",\"dateModified\":\"2024-03-12T12:32:36+00:00\",\"breadcrumb\":{\"@id\":\"https:\\\/\\\/lasentinelle.dz\\\/index.php\\\/2024\\\/03\\\/12\\\/plan-de-developpement-minier-lannee-2024-sera-celle-de-la-concretisation\\\/#breadcrumb\"},\"inLanguage\":\"fr-FR\",\"potentialAction\":[{\"@type\":\"ReadAction\",\"target\":[\"https:\\\/\\\/lasentinelle.dz\\\/index.php\\\/2024\\\/03\\\/12\\\/plan-de-developpement-minier-lannee-2024-sera-celle-de-la-concretisation\\\/\"]}]},{\"@type\":\"ImageObject\",\"inLanguage\":\"fr-FR\",\"@id\":\"https:\\\/\\\/lasentinelle.dz\\\/index.php\\\/2024\\\/03\\\/12\\\/plan-de-developpement-minier-lannee-2024-sera-celle-de-la-concretisation\\\/#primaryimage\",\"url\":\"https:\\\/\\\/lasentinelle.dz\\\/wp-content\\\/uploads\\\/2022\\\/07\\\/mines.png\",\"contentUrl\":\"https:\\\/\\\/lasentinelle.dz\\\/wp-content\\\/uploads\\\/2022\\\/07\\\/mines.png\",\"width\":1595,\"height\":900},{\"@type\":\"BreadcrumbList\",\"@id\":\"https:\\\/\\\/lasentinelle.dz\\\/index.php\\\/2024\\\/03\\\/12\\\/plan-de-developpement-minier-lannee-2024-sera-celle-de-la-concretisation\\\/#breadcrumb\",\"itemListElement\":[{\"@type\":\"ListItem\",\"position\":1,\"name\":\"Accueil\",\"item\":\"https:\\\/\\\/lasentinelle.dz\\\/\"},{\"@type\":\"ListItem\",\"position\":2,\"name\":\"Plan de d\u00e9veloppement minier\u00a0: L\u2019ann\u00e9e 2024 sera celle de la concr\u00e9tisation\"}]},{\"@type\":\"WebSite\",\"@id\":\"https:\\\/\\\/lasentinelle.dz\\\/#website\",\"url\":\"https:\\\/\\\/lasentinelle.dz\\\/\",\"name\":\"La Sentinelle\",\"description\":\"Quotidien national d&#039;information\",\"publisher\":{\"@id\":\"https:\\\/\\\/lasentinelle.dz\\\/#organization\"},\"potentialAction\":[{\"@type\":\"SearchAction\",\"target\":{\"@type\":\"EntryPoint\",\"urlTemplate\":\"https:\\\/\\\/lasentinelle.dz\\\/?s={search_term_string}\"},\"query-input\":{\"@type\":\"PropertyValueSpecification\",\"valueRequired\":true,\"valueName\":\"search_term_string\"}}],\"inLanguage\":\"fr-FR\"},{\"@type\":\"Organization\",\"@id\":\"https:\\\/\\\/lasentinelle.dz\\\/#organization\",\"name\":\"Quotidien La Sentinelle\",\"url\":\"https:\\\/\\\/lasentinelle.dz\\\/\",\"logo\":{\"@type\":\"ImageObject\",\"inLanguage\":\"fr-FR\",\"@id\":\"https:\\\/\\\/lasentinelle.dz\\\/#\\\/schema\\\/logo\\\/image\\\/\",\"url\":\"https:\\\/\\\/lasentinelle.dz\\\/wp-content\\\/uploads\\\/2021\\\/09\\\/logo-sentinelleSLOGAN-1.png\",\"contentUrl\":\"https:\\\/\\\/lasentinelle.dz\\\/wp-content\\\/uploads\\\/2021\\\/09\\\/logo-sentinelleSLOGAN-1.png\",\"width\":615,\"height\":142,\"caption\":\"Quotidien La Sentinelle\"},\"image\":{\"@id\":\"https:\\\/\\\/lasentinelle.dz\\\/#\\\/schema\\\/logo\\\/image\\\/\"},\"sameAs\":[\"https:\\\/\\\/www.facebook.com\\\/La-Sentinelle-104059864394773\"]},{\"@type\":\"Person\",\"@id\":\"https:\\\/\\\/lasentinelle.dz\\\/#\\\/schema\\\/person\\\/d865044e22e70a75174ce8bcad3acfb3\",\"name\":\"La Sentinelle\",\"image\":{\"@type\":\"ImageObject\",\"inLanguage\":\"fr-FR\",\"@id\":\"https:\\\/\\\/secure.gravatar.com\\\/avatar\\\/57de8e5d4b15d43fb361a71fbb36338450fe67865b528a43dd10ef7c51a20392?s=96&d=mm&r=g\",\"url\":\"https:\\\/\\\/secure.gravatar.com\\\/avatar\\\/57de8e5d4b15d43fb361a71fbb36338450fe67865b528a43dd10ef7c51a20392?s=96&d=mm&r=g\",\"contentUrl\":\"https:\\\/\\\/secure.gravatar.com\\\/avatar\\\/57de8e5d4b15d43fb361a71fbb36338450fe67865b528a43dd10ef7c51a20392?s=96&d=mm&r=g\",\"caption\":\"La Sentinelle\"},\"sameAs\":[\"http:\\\/\\\/www.lasentinelle.dz\"],\"url\":\"https:\\\/\\\/lasentinelle.dz\\\/author\\\/redaction\\\/\"}]}<\/script>\n<!-- \/ Yoast SEO plugin. -->","yoast_head_json":{"title":"Plan de d\u00e9veloppement minier\u00a0: L\u2019ann\u00e9e 2024 sera celle de la concr\u00e9tisation - La Sentinelle","robots":{"index":"index","follow":"follow","max-snippet":"max-snippet:-1","max-image-preview":"max-image-preview:large","max-video-preview":"max-video-preview:-1"},"canonical":"https:\/\/lasentinelle.dz\/index.php\/2024\/03\/12\/plan-de-developpement-minier-lannee-2024-sera-celle-de-la-concretisation\/","og_locale":"fr_FR","og_type":"article","og_title":"Plan de d\u00e9veloppement minier\u00a0: L\u2019ann\u00e9e 2024 sera celle de la concr\u00e9tisation - La Sentinelle","og_description":"L\u2019ann\u00e9e 2024 sera celle du lancement effectif de grands projets miniers structurants. Le ministre de l\u2019\u00c9nergie et des Mines, Mohamed","og_url":"https:\/\/lasentinelle.dz\/index.php\/2024\/03\/12\/plan-de-developpement-minier-lannee-2024-sera-celle-de-la-concretisation\/","og_site_name":"La Sentinelle","article_publisher":"https:\/\/www.facebook.com\/La-Sentinelle-104059864394773","article_published_time":"2024-03-12T12:32:33+00:00","article_modified_time":"2024-03-12T12:32:36+00:00","og_image":[{"width":1595,"height":900,"url":"https:\/\/lasentinelle.dz\/wp-content\/uploads\/2022\/07\/mines.png","type":"image\/png"}],"author":"La Sentinelle","twitter_card":"summary_large_image","twitter_misc":{"\u00c9crit par":"La Sentinelle","Dur\u00e9e de lecture estim\u00e9e":"6 minutes"},"schema":{"@context":"https:\/\/schema.org","@graph":[{"@type":"Article","@id":"https:\/\/lasentinelle.dz\/index.php\/2024\/03\/12\/plan-de-developpement-minier-lannee-2024-sera-celle-de-la-concretisation\/#article","isPartOf":{"@id":"https:\/\/lasentinelle.dz\/index.php\/2024\/03\/12\/plan-de-developpement-minier-lannee-2024-sera-celle-de-la-concretisation\/"},"author":{"name":"La Sentinelle","@id":"https:\/\/lasentinelle.dz\/#\/schema\/person\/d865044e22e70a75174ce8bcad3acfb3"},"headline":"Plan de d\u00e9veloppement minier\u00a0: L\u2019ann\u00e9e 2024 sera celle de la concr\u00e9tisation","datePublished":"2024-03-12T12:32:33+00:00","dateModified":"2024-03-12T12:32:36+00:00","mainEntityOfPage":{"@id":"https:\/\/lasentinelle.dz\/index.php\/2024\/03\/12\/plan-de-developpement-minier-lannee-2024-sera-celle-de-la-concretisation\/"},"wordCount":1115,"commentCount":0,"publisher":{"@id":"https:\/\/lasentinelle.dz\/#organization"},"image":{"@id":"https:\/\/lasentinelle.dz\/index.php\/2024\/03\/12\/plan-de-developpement-minier-lannee-2024-sera-celle-de-la-concretisation\/#primaryimage"},"thumbnailUrl":"https:\/\/lasentinelle.dz\/wp-content\/uploads\/2022\/07\/mines.png","articleSection":["\u00c0 la Une","\u00c9conomie"],"inLanguage":"fr-FR","potentialAction":[{"@type":"CommentAction","name":"Comment","target":["https:\/\/lasentinelle.dz\/index.php\/2024\/03\/12\/plan-de-developpement-minier-lannee-2024-sera-celle-de-la-concretisation\/#respond"]}]},{"@type":"WebPage","@id":"https:\/\/lasentinelle.dz\/index.php\/2024\/03\/12\/plan-de-developpement-minier-lannee-2024-sera-celle-de-la-concretisation\/","url":"https:\/\/lasentinelle.dz\/index.php\/2024\/03\/12\/plan-de-developpement-minier-lannee-2024-sera-celle-de-la-concretisation\/","name":"Plan de d\u00e9veloppement minier\u00a0: L\u2019ann\u00e9e 2024 sera celle de la concr\u00e9tisation - La Sentinelle","isPartOf":{"@id":"https:\/\/lasentinelle.dz\/#website"},"primaryImageOfPage":{"@id":"https:\/\/lasentinelle.dz\/index.php\/2024\/03\/12\/plan-de-developpement-minier-lannee-2024-sera-celle-de-la-concretisation\/#primaryimage"},"image":{"@id":"https:\/\/lasentinelle.dz\/index.php\/2024\/03\/12\/plan-de-developpement-minier-lannee-2024-sera-celle-de-la-concretisation\/#primaryimage"},"thumbnailUrl":"https:\/\/lasentinelle.dz\/wp-content\/uploads\/2022\/07\/mines.png","datePublished":"2024-03-12T12:32:33+00:00","dateModified":"2024-03-12T12:32:36+00:00","breadcrumb":{"@id":"https:\/\/lasentinelle.dz\/index.php\/2024\/03\/12\/plan-de-developpement-minier-lannee-2024-sera-celle-de-la-concretisation\/#breadcrumb"},"inLanguage":"fr-FR","potentialAction":[{"@type":"ReadAction","target":["https:\/\/lasentinelle.dz\/index.php\/2024\/03\/12\/plan-de-developpement-minier-lannee-2024-sera-celle-de-la-concretisation\/"]}]},{"@type":"ImageObject","inLanguage":"fr-FR","@id":"https:\/\/lasentinelle.dz\/index.php\/2024\/03\/12\/plan-de-developpement-minier-lannee-2024-sera-celle-de-la-concretisation\/#primaryimage","url":"https:\/\/lasentinelle.dz\/wp-content\/uploads\/2022\/07\/mines.png","contentUrl":"https:\/\/lasentinelle.dz\/wp-content\/uploads\/2022\/07\/mines.png","width":1595,"height":900},{"@type":"BreadcrumbList","@id":"https:\/\/lasentinelle.dz\/index.php\/2024\/03\/12\/plan-de-developpement-minier-lannee-2024-sera-celle-de-la-concretisation\/#breadcrumb","itemListElement":[{"@type":"ListItem","position":1,"name":"Accueil","item":"https:\/\/lasentinelle.dz\/"},{"@type":"ListItem","position":2,"name":"Plan de d\u00e9veloppement minier\u00a0: L\u2019ann\u00e9e 2024 sera celle de la concr\u00e9tisation"}]},{"@type":"WebSite","@id":"https:\/\/lasentinelle.dz\/#website","url":"https:\/\/lasentinelle.dz\/","name":"La Sentinelle","description":"Quotidien national d&#039;information","publisher":{"@id":"https:\/\/lasentinelle.dz\/#organization"},"potentialAction":[{"@type":"SearchAction","target":{"@type":"EntryPoint","urlTemplate":"https:\/\/lasentinelle.dz\/?s={search_term_string}"},"query-input":{"@type":"PropertyValueSpecification","valueRequired":true,"valueName":"search_term_string"}}],"inLanguage":"fr-FR"},{"@type":"Organization","@id":"https:\/\/lasentinelle.dz\/#organization","name":"Quotidien La Sentinelle","url":"https:\/\/lasentinelle.dz\/","logo":{"@type":"ImageObject","inLanguage":"fr-FR","@id":"https:\/\/lasentinelle.dz\/#\/schema\/logo\/image\/","url":"https:\/\/lasentinelle.dz\/wp-content\/uploads\/2021\/09\/logo-sentinelleSLOGAN-1.png","contentUrl":"https:\/\/lasentinelle.dz\/wp-content\/uploads\/2021\/09\/logo-sentinelleSLOGAN-1.png","width":615,"height":142,"caption":"Quotidien La Sentinelle"},"image":{"@id":"https:\/\/lasentinelle.dz\/#\/schema\/logo\/image\/"},"sameAs":["https:\/\/www.facebook.com\/La-Sentinelle-104059864394773"]},{"@type":"Person","@id":"https:\/\/lasentinelle.dz\/#\/schema\/person\/d865044e22e70a75174ce8bcad3acfb3","name":"La Sentinelle","image":{"@type":"ImageObject","inLanguage":"fr-FR","@id":"https:\/\/secure.gravatar.com\/avatar\/57de8e5d4b15d43fb361a71fbb36338450fe67865b528a43dd10ef7c51a20392?s=96&d=mm&r=g","url":"https:\/\/secure.gravatar.com\/avatar\/57de8e5d4b15d43fb361a71fbb36338450fe67865b528a43dd10ef7c51a20392?s=96&d=mm&r=g","contentUrl":"https:\/\/secure.gravatar.com\/avatar\/57de8e5d4b15d43fb361a71fbb36338450fe67865b528a43dd10ef7c51a20392?s=96&d=mm&r=g","caption":"La Sentinelle"},"sameAs":["http:\/\/www.lasentinelle.dz"],"url":"https:\/\/lasentinelle.dz\/author\/redaction\/"}]}},"_links":{"self":[{"href":"https:\/\/lasentinelle.dz\/index.php\/wp-json\/wp\/v2\/posts\/50278","targetHints":{"allow":["GET"]}}],"collection":[{"href":"https:\/\/lasentinelle.dz\/index.php\/wp-json\/wp\/v2\/posts"}],"about":[{"href":"https:\/\/lasentinelle.dz\/index.php\/wp-json\/wp\/v2\/types\/post"}],"author":[{"embeddable":true,"href":"https:\/\/lasentinelle.dz\/index.php\/wp-json\/wp\/v2\/users\/3"}],"replies":[{"embeddable":true,"href":"https:\/\/lasentinelle.dz\/index.php\/wp-json\/wp\/v2\/comments?post=50278"}],"version-history":[{"count":1,"href":"https:\/\/lasentinelle.dz\/index.php\/wp-json\/wp\/v2\/posts\/50278\/revisions"}],"predecessor-version":[{"id":50279,"href":"https:\/\/lasentinelle.dz\/index.php\/wp-json\/wp\/v2\/posts\/50278\/revisions\/50279"}],"wp:featuredmedia":[{"embeddable":true,"href":"https:\/\/lasentinelle.dz\/index.php\/wp-json\/wp\/v2\/media\/24503"}],"wp:attachment":[{"href":"https:\/\/lasentinelle.dz\/index.php\/wp-json\/wp\/v2\/media?parent=50278"}],"wp:term":[{"taxonomy":"category","embeddable":true,"href":"https:\/\/lasentinelle.dz\/index.php\/wp-json\/wp\/v2\/categories?post=50278"},{"taxonomy":"post_tag","embeddable":true,"href":"https:\/\/lasentinelle.dz\/index.php\/wp-json\/wp\/v2\/tags?post=50278"}],"curies":[{"name":"wp","href":"https:\/\/api.w.org\/{rel}","templated":true}]}}