{"id":50280,"date":"2024-03-12T13:34:26","date_gmt":"2024-03-12T12:34:26","guid":{"rendered":"https:\/\/lasentinelle.dz\/?p=50280"},"modified":"2024-03-12T13:34:31","modified_gmt":"2024-03-12T12:34:31","slug":"le-ministre-du-commerce-sur-le-terrain-au-premier-jour-du-ramadhan-la-stabilite-des-prix-en-ligne-de-mire","status":"publish","type":"post","link":"https:\/\/lasentinelle.dz\/index.php\/2024\/03\/12\/le-ministre-du-commerce-sur-le-terrain-au-premier-jour-du-ramadhan-la-stabilite-des-prix-en-ligne-de-mire\/","title":{"rendered":"Le ministre du Commerce sur le terrain au premier jour du Ramadhan\u00a0: La stabilit\u00e9 des prix en ligne de mire"},"content":{"rendered":"\n<p>Le ministre du Commerce et de la Promotion des exportations, Tayeb Zitouni, a effectu\u00e9 une visite au niveau des march\u00e9s de proximit\u00e9 de la Capitale, au premier jour du Ramadhan, pour s\u2019enqu\u00e9rir du fonctionnement du dispositif mis en place pour contr\u00f4ler les prix durant le mois sacr\u00e9.<\/p>\n\n\n\n<p>Maintenir la stabilit\u00e9 des prix est une priorit\u00e9 pour les pouvoirs publics. Une priorit\u00e9 r\u00e9affirm\u00e9e hier par le ministre du Commerce et de la Promotion des exportations, Tayeb Zitouni, lors de la visite d&rsquo;inspection effectu\u00e9e au niveau des march\u00e9s de proximit\u00e9 de la wilaya d\u2019Alger au premier jour de Ramadhan. Dans une d\u00e9claration \u00e0 la presse, le ministre<\/p>\n\n\n\n<p>a soulign\u00e9 que les prix seront comp\u00e9titifs et \u00e9tudi\u00e9s, notamment en ce qui concerne la viande rouge import\u00e9e, les l\u00e9gumes et les fruits. Le ministre du Commerce a \u00e9galement salu\u00e9 l&rsquo;engagement des producteurs dans l&rsquo;effort du minist\u00e8re visant \u00e0 r\u00e9duire les prix \u00e0 travers le dispositif permettant de raccourcir le circuit de commercialisation du producteur au consommateur. Il est utile de rappeler dans ce contexte que le minist\u00e8re du Commerce a mis en place 477 march\u00e9 de proximit\u00e9 pour ma\u00eetriser les prix durant le Ramadhan.<\/p>\n\n\n\n<p>Le ministre du Commerce a \u00e9galement soulign\u00e9 hier les efforts d\u00e9ploy\u00e9s par l\u2019\u00c9tat pour garantir la disponibilit\u00e9 des produits, notamment alimentaires et l\u2019approvisionnement r\u00e9gulier des march\u00e9s.<\/p>\n\n\n\n<p>Il est utile de rappeler que le ministre du Commerce et de la Promotion des<\/p>\n\n\n\n<p>exportations, a pr\u00e9sid\u00e9, dimanche, une r\u00e9union de coordination pour \u00e9valuer la situation du march\u00e9 avant le d\u00e9but du Ramadhan, &nbsp;et a donn\u00e9 des instructions pour le suivi de la distribution et de l&rsquo;approvisionnement du march\u00e9 en viandes rouges, en sus du suivi et de l&rsquo;\u00e9valuation des op\u00e9rations de d\u00e9chargement des stocks pour mieux r\u00e9pondre aux besoins du march\u00e9.<\/p>\n\n\n\n<p>Par ailleurs, l&rsquo;Office national des aliments de b\u00e9tail a annonc\u00e9 la commercialisation d&rsquo;importantes quantit\u00e9s de poulet congel\u00e9 import\u00e9 et ce, au niveau de ses points de vente, et ce, d\u00e8s le premier jour de Ramadhan.<\/p>\n\n\n\n<p>Son directeur g\u00e9n\u00e9ral a indiqu\u00e9 dimanche \u00e0 l\u2019Assembl\u00e9e populaire nationale que l&rsquo;ONAB avait \u00e9labor\u00e9 un programme \u00abbien ficel\u00e9\u00bb en pr\u00e9vision du mois de Ramadhan, dans le souci de renforcer le stockage des viandes blanches, , pr\u00e9cisant que ce programme pr\u00e9voyait, en outre, la mise en vente de 3 000 tonnes de viande congel\u00e9e import\u00e9e. Les 131 points de ventes r\u00e9partis sur l&rsquo;ensemble du territoire national dont 53 points install\u00e9s au niveau de march\u00e9s de proximit\u00e9s seront dot\u00e9s de poulets frais produits par l&rsquo;ONAB, selon le communiqu\u00e9. Dans le cadre de son programme sp\u00e9cial Ramadhan, l&rsquo;Office a consacr\u00e9 67 unit\u00e9s \u00e0 la production de poulets vivants au niveau de 13 abattoirs \u00e0 travers le territoire national, selon la m\u00eame source. De son c\u00f4t\u00e9, le directeur g\u00e9n\u00e9ral (DG) de la Chambre<\/p>\n\n\n\n<p>alg\u00e9rienne de la p\u00eache et de l&rsquo;aquaculture (CAPA), Nabil Aouich, a indiqu\u00e9 hier dans un entretien \u00e0 l\u2019APS que L&rsquo;op\u00e9ration de vente directe (du producteur au consommateur) des produits de la p\u00eache et de l&rsquo;aquaculture marine et continentale, ainsi que des aliments transform\u00e9s, a \u00e9t\u00e9 lanc\u00e9e hier \u00e0 travers plus de 174 points de vente r\u00e9partis sur l&rsquo;ensemble du territoire national.L&rsquo;op\u00e9ration de vente se d\u00e9roule dans des stands sp\u00e9cialement am\u00e9nag\u00e9s \u00e0 cet effet, y compris ceux install\u00e9s au niveau des ports et des march\u00e9s ramadanesques. Ainsi, les prix de la dorade et du tilapia rouge ont \u00e9t\u00e9 fix\u00e9s respectivement \u00e0 1.250 DA et 590 DA. Diff\u00e9rents produits de conserve tels le thon et la sardine sont \u00e9galement propos\u00e9s \u00e0 \u00ab\u00a0des prix d&rsquo;usine\u00a0\u00bb, au niveau de ces points de vente. A cet effet, une plateforme num\u00e9rique a \u00e9t\u00e9 cr\u00e9\u00e9e pour permettre de localiser les points de vente directe pour faciliter l&rsquo;acc\u00e8s aux produits propos\u00e9s.<\/p>\n\n\n\n<p><strong>Samir Benisid<\/strong><\/p>\n","protected":false},"excerpt":{"rendered":"<p>Le ministre du Commerce et de la Promotion des exportations, Tayeb Zitouni, a effectu\u00e9 une visite au niveau des march\u00e9s<\/p>\n","protected":false},"author":3,"featured_media":50281,"comment_status":"open","ping_status":"closed","sticky":false,"template":"","format":"standard","meta":{"colormag_page_container_layout":"default_layout","colormag_page_sidebar_layout":"default_layout","om_disable_all_campaigns":false,"_monsterinsights_skip_tracking":false,"_monsterinsights_sitenote_active":false,"_monsterinsights_sitenote_note":"","_monsterinsights_sitenote_category":0,"footnotes":"","_wpscppro_dont_share_socialmedia":false,"_wpscppro_custom_social_share_image":0,"_facebook_share_type":"","_twitter_share_type":"","_linkedin_share_type":"","_pinterest_share_type":"","_linkedin_share_type_page":"","_instagram_share_type":"","_medium_share_type":"","_threads_share_type":"","_google_business_share_type":"","_selected_social_profile":[],"_wpsp_enable_custom_social_template":false,"_wpsp_social_scheduling":{"enabled":false,"datetime":null,"platforms":[],"status":"template_only","dateOption":"today","timeOption":"now","customDays":"","customHours":"","customDate":"","customTime":"","schedulingType":"absolute"},"_wpsp_active_default_template":true},"categories":[52,27],"tags":[],"class_list":["post-50280","post","type-post","status-publish","format-standard","has-post-thumbnail","hentry","category-a-la-une","category-actualite"],"aioseo_notices":[],"yoast_head":"<!-- This site is optimized with the Yoast SEO plugin v27.5 - https:\/\/yoast.com\/product\/yoast-seo-wordpress\/ -->\n<title>Le ministre du Commerce sur le terrain au premier jour du Ramadhan\u00a0: La stabilit\u00e9 des prix en ligne de mire - La Sentinelle<\/title>\n<meta name=\"robots\" content=\"index, follow, max-snippet:-1, max-image-preview:large, max-video-preview:-1\" \/>\n<link rel=\"canonical\" href=\"https:\/\/lasentinelle.dz\/index.php\/2024\/03\/12\/le-ministre-du-commerce-sur-le-terrain-au-premier-jour-du-ramadhan-la-stabilite-des-prix-en-ligne-de-mire\/\" \/>\n<meta property=\"og:locale\" content=\"fr_FR\" \/>\n<meta property=\"og:type\" content=\"article\" \/>\n<meta property=\"og:title\" content=\"Le ministre du Commerce sur le terrain au premier jour du Ramadhan\u00a0: La stabilit\u00e9 des prix en ligne de mire - La Sentinelle\" \/>\n<meta property=\"og:description\" content=\"Le ministre du Commerce et de la Promotion des exportations, Tayeb Zitouni, a effectu\u00e9 une visite au niveau des march\u00e9s\" \/>\n<meta property=\"og:url\" content=\"https:\/\/lasentinelle.dz\/index.php\/2024\/03\/12\/le-ministre-du-commerce-sur-le-terrain-au-premier-jour-du-ramadhan-la-stabilite-des-prix-en-ligne-de-mire\/\" \/>\n<meta property=\"og:site_name\" content=\"La Sentinelle\" \/>\n<meta property=\"article:publisher\" content=\"https:\/\/www.facebook.com\/La-Sentinelle-104059864394773\" \/>\n<meta property=\"article:published_time\" content=\"2024-03-12T12:34:26+00:00\" \/>\n<meta property=\"article:modified_time\" content=\"2024-03-12T12:34:31+00:00\" \/>\n<meta property=\"og:image\" content=\"https:\/\/lasentinelle.dz\/wp-content\/uploads\/2024\/03\/commerce.jpeg\" \/>\n\t<meta property=\"og:image:width\" content=\"1280\" \/>\n\t<meta property=\"og:image:height\" content=\"960\" \/>\n\t<meta property=\"og:image:type\" content=\"image\/jpeg\" \/>\n<meta name=\"author\" content=\"La Sentinelle\" \/>\n<meta name=\"twitter:card\" content=\"summary_large_image\" \/>\n<meta name=\"twitter:label1\" content=\"\u00c9crit par\" \/>\n\t<meta name=\"twitter:data1\" content=\"La Sentinelle\" \/>\n\t<meta name=\"twitter:label2\" content=\"Dur\u00e9e de lecture estim\u00e9e\" \/>\n\t<meta name=\"twitter:data2\" content=\"4 minutes\" \/>\n<script type=\"application\/ld+json\" class=\"yoast-schema-graph\">{\"@context\":\"https:\\\/\\\/schema.org\",\"@graph\":[{\"@type\":\"Article\",\"@id\":\"https:\\\/\\\/lasentinelle.dz\\\/index.php\\\/2024\\\/03\\\/12\\\/le-ministre-du-commerce-sur-le-terrain-au-premier-jour-du-ramadhan-la-stabilite-des-prix-en-ligne-de-mire\\\/#article\",\"isPartOf\":{\"@id\":\"https:\\\/\\\/lasentinelle.dz\\\/index.php\\\/2024\\\/03\\\/12\\\/le-ministre-du-commerce-sur-le-terrain-au-premier-jour-du-ramadhan-la-stabilite-des-prix-en-ligne-de-mire\\\/\"},\"author\":{\"name\":\"La Sentinelle\",\"@id\":\"https:\\\/\\\/lasentinelle.dz\\\/#\\\/schema\\\/person\\\/d865044e22e70a75174ce8bcad3acfb3\"},\"headline\":\"Le ministre du Commerce sur le terrain au premier jour du Ramadhan\u00a0: La stabilit\u00e9 des prix en ligne de mire\",\"datePublished\":\"2024-03-12T12:34:26+00:00\",\"dateModified\":\"2024-03-12T12:34:31+00:00\",\"mainEntityOfPage\":{\"@id\":\"https:\\\/\\\/lasentinelle.dz\\\/index.php\\\/2024\\\/03\\\/12\\\/le-ministre-du-commerce-sur-le-terrain-au-premier-jour-du-ramadhan-la-stabilite-des-prix-en-ligne-de-mire\\\/\"},\"wordCount\":701,\"commentCount\":0,\"publisher\":{\"@id\":\"https:\\\/\\\/lasentinelle.dz\\\/#organization\"},\"image\":{\"@id\":\"https:\\\/\\\/lasentinelle.dz\\\/index.php\\\/2024\\\/03\\\/12\\\/le-ministre-du-commerce-sur-le-terrain-au-premier-jour-du-ramadhan-la-stabilite-des-prix-en-ligne-de-mire\\\/#primaryimage\"},\"thumbnailUrl\":\"https:\\\/\\\/lasentinelle.dz\\\/wp-content\\\/uploads\\\/2024\\\/03\\\/commerce.jpeg\",\"articleSection\":[\"\u00c0 la Une\",\"Actualit\u00e9\"],\"inLanguage\":\"fr-FR\",\"potentialAction\":[{\"@type\":\"CommentAction\",\"name\":\"Comment\",\"target\":[\"https:\\\/\\\/lasentinelle.dz\\\/index.php\\\/2024\\\/03\\\/12\\\/le-ministre-du-commerce-sur-le-terrain-au-premier-jour-du-ramadhan-la-stabilite-des-prix-en-ligne-de-mire\\\/#respond\"]}]},{\"@type\":\"WebPage\",\"@id\":\"https:\\\/\\\/lasentinelle.dz\\\/index.php\\\/2024\\\/03\\\/12\\\/le-ministre-du-commerce-sur-le-terrain-au-premier-jour-du-ramadhan-la-stabilite-des-prix-en-ligne-de-mire\\\/\",\"url\":\"https:\\\/\\\/lasentinelle.dz\\\/index.php\\\/2024\\\/03\\\/12\\\/le-ministre-du-commerce-sur-le-terrain-au-premier-jour-du-ramadhan-la-stabilite-des-prix-en-ligne-de-mire\\\/\",\"name\":\"Le ministre du Commerce sur le terrain au premier jour du Ramadhan\u00a0: La stabilit\u00e9 des prix en ligne de mire - La Sentinelle\",\"isPartOf\":{\"@id\":\"https:\\\/\\\/lasentinelle.dz\\\/#website\"},\"primaryImageOfPage\":{\"@id\":\"https:\\\/\\\/lasentinelle.dz\\\/index.php\\\/2024\\\/03\\\/12\\\/le-ministre-du-commerce-sur-le-terrain-au-premier-jour-du-ramadhan-la-stabilite-des-prix-en-ligne-de-mire\\\/#primaryimage\"},\"image\":{\"@id\":\"https:\\\/\\\/lasentinelle.dz\\\/index.php\\\/2024\\\/03\\\/12\\\/le-ministre-du-commerce-sur-le-terrain-au-premier-jour-du-ramadhan-la-stabilite-des-prix-en-ligne-de-mire\\\/#primaryimage\"},\"thumbnailUrl\":\"https:\\\/\\\/lasentinelle.dz\\\/wp-content\\\/uploads\\\/2024\\\/03\\\/commerce.jpeg\",\"datePublished\":\"2024-03-12T12:34:26+00:00\",\"dateModified\":\"2024-03-12T12:34:31+00:00\",\"breadcrumb\":{\"@id\":\"https:\\\/\\\/lasentinelle.dz\\\/index.php\\\/2024\\\/03\\\/12\\\/le-ministre-du-commerce-sur-le-terrain-au-premier-jour-du-ramadhan-la-stabilite-des-prix-en-ligne-de-mire\\\/#breadcrumb\"},\"inLanguage\":\"fr-FR\",\"potentialAction\":[{\"@type\":\"ReadAction\",\"target\":[\"https:\\\/\\\/lasentinelle.dz\\\/index.php\\\/2024\\\/03\\\/12\\\/le-ministre-du-commerce-sur-le-terrain-au-premier-jour-du-ramadhan-la-stabilite-des-prix-en-ligne-de-mire\\\/\"]}]},{\"@type\":\"ImageObject\",\"inLanguage\":\"fr-FR\",\"@id\":\"https:\\\/\\\/lasentinelle.dz\\\/index.php\\\/2024\\\/03\\\/12\\\/le-ministre-du-commerce-sur-le-terrain-au-premier-jour-du-ramadhan-la-stabilite-des-prix-en-ligne-de-mire\\\/#primaryimage\",\"url\":\"https:\\\/\\\/lasentinelle.dz\\\/wp-content\\\/uploads\\\/2024\\\/03\\\/commerce.jpeg\",\"contentUrl\":\"https:\\\/\\\/lasentinelle.dz\\\/wp-content\\\/uploads\\\/2024\\\/03\\\/commerce.jpeg\",\"width\":1280,\"height\":960},{\"@type\":\"BreadcrumbList\",\"@id\":\"https:\\\/\\\/lasentinelle.dz\\\/index.php\\\/2024\\\/03\\\/12\\\/le-ministre-du-commerce-sur-le-terrain-au-premier-jour-du-ramadhan-la-stabilite-des-prix-en-ligne-de-mire\\\/#breadcrumb\",\"itemListElement\":[{\"@type\":\"ListItem\",\"position\":1,\"name\":\"Accueil\",\"item\":\"https:\\\/\\\/lasentinelle.dz\\\/\"},{\"@type\":\"ListItem\",\"position\":2,\"name\":\"Le ministre du Commerce sur le terrain au premier jour du Ramadhan\u00a0: La stabilit\u00e9 des prix en ligne de mire\"}]},{\"@type\":\"WebSite\",\"@id\":\"https:\\\/\\\/lasentinelle.dz\\\/#website\",\"url\":\"https:\\\/\\\/lasentinelle.dz\\\/\",\"name\":\"La Sentinelle\",\"description\":\"Quotidien national d&#039;information\",\"publisher\":{\"@id\":\"https:\\\/\\\/lasentinelle.dz\\\/#organization\"},\"potentialAction\":[{\"@type\":\"SearchAction\",\"target\":{\"@type\":\"EntryPoint\",\"urlTemplate\":\"https:\\\/\\\/lasentinelle.dz\\\/?s={search_term_string}\"},\"query-input\":{\"@type\":\"PropertyValueSpecification\",\"valueRequired\":true,\"valueName\":\"search_term_string\"}}],\"inLanguage\":\"fr-FR\"},{\"@type\":\"Organization\",\"@id\":\"https:\\\/\\\/lasentinelle.dz\\\/#organization\",\"name\":\"Quotidien La Sentinelle\",\"url\":\"https:\\\/\\\/lasentinelle.dz\\\/\",\"logo\":{\"@type\":\"ImageObject\",\"inLanguage\":\"fr-FR\",\"@id\":\"https:\\\/\\\/lasentinelle.dz\\\/#\\\/schema\\\/logo\\\/image\\\/\",\"url\":\"https:\\\/\\\/lasentinelle.dz\\\/wp-content\\\/uploads\\\/2021\\\/09\\\/logo-sentinelleSLOGAN-1.png\",\"contentUrl\":\"https:\\\/\\\/lasentinelle.dz\\\/wp-content\\\/uploads\\\/2021\\\/09\\\/logo-sentinelleSLOGAN-1.png\",\"width\":615,\"height\":142,\"caption\":\"Quotidien La Sentinelle\"},\"image\":{\"@id\":\"https:\\\/\\\/lasentinelle.dz\\\/#\\\/schema\\\/logo\\\/image\\\/\"},\"sameAs\":[\"https:\\\/\\\/www.facebook.com\\\/La-Sentinelle-104059864394773\"]},{\"@type\":\"Person\",\"@id\":\"https:\\\/\\\/lasentinelle.dz\\\/#\\\/schema\\\/person\\\/d865044e22e70a75174ce8bcad3acfb3\",\"name\":\"La Sentinelle\",\"image\":{\"@type\":\"ImageObject\",\"inLanguage\":\"fr-FR\",\"@id\":\"https:\\\/\\\/secure.gravatar.com\\\/avatar\\\/57de8e5d4b15d43fb361a71fbb36338450fe67865b528a43dd10ef7c51a20392?s=96&d=mm&r=g\",\"url\":\"https:\\\/\\\/secure.gravatar.com\\\/avatar\\\/57de8e5d4b15d43fb361a71fbb36338450fe67865b528a43dd10ef7c51a20392?s=96&d=mm&r=g\",\"contentUrl\":\"https:\\\/\\\/secure.gravatar.com\\\/avatar\\\/57de8e5d4b15d43fb361a71fbb36338450fe67865b528a43dd10ef7c51a20392?s=96&d=mm&r=g\",\"caption\":\"La Sentinelle\"},\"sameAs\":[\"http:\\\/\\\/www.lasentinelle.dz\"],\"url\":\"https:\\\/\\\/lasentinelle.dz\\\/author\\\/redaction\\\/\"}]}<\/script>\n<!-- \/ Yoast SEO plugin. -->","yoast_head_json":{"title":"Le ministre du Commerce sur le terrain au premier jour du Ramadhan\u00a0: La stabilit\u00e9 des prix en ligne de mire - La Sentinelle","robots":{"index":"index","follow":"follow","max-snippet":"max-snippet:-1","max-image-preview":"max-image-preview:large","max-video-preview":"max-video-preview:-1"},"canonical":"https:\/\/lasentinelle.dz\/index.php\/2024\/03\/12\/le-ministre-du-commerce-sur-le-terrain-au-premier-jour-du-ramadhan-la-stabilite-des-prix-en-ligne-de-mire\/","og_locale":"fr_FR","og_type":"article","og_title":"Le ministre du Commerce sur le terrain au premier jour du Ramadhan\u00a0: La stabilit\u00e9 des prix en ligne de mire - La Sentinelle","og_description":"Le ministre du Commerce et de la Promotion des exportations, Tayeb Zitouni, a effectu\u00e9 une visite au niveau des march\u00e9s","og_url":"https:\/\/lasentinelle.dz\/index.php\/2024\/03\/12\/le-ministre-du-commerce-sur-le-terrain-au-premier-jour-du-ramadhan-la-stabilite-des-prix-en-ligne-de-mire\/","og_site_name":"La Sentinelle","article_publisher":"https:\/\/www.facebook.com\/La-Sentinelle-104059864394773","article_published_time":"2024-03-12T12:34:26+00:00","article_modified_time":"2024-03-12T12:34:31+00:00","og_image":[{"width":1280,"height":960,"url":"https:\/\/lasentinelle.dz\/wp-content\/uploads\/2024\/03\/commerce.jpeg","type":"image\/jpeg"}],"author":"La Sentinelle","twitter_card":"summary_large_image","twitter_misc":{"\u00c9crit par":"La Sentinelle","Dur\u00e9e de lecture estim\u00e9e":"4 minutes"},"schema":{"@context":"https:\/\/schema.org","@graph":[{"@type":"Article","@id":"https:\/\/lasentinelle.dz\/index.php\/2024\/03\/12\/le-ministre-du-commerce-sur-le-terrain-au-premier-jour-du-ramadhan-la-stabilite-des-prix-en-ligne-de-mire\/#article","isPartOf":{"@id":"https:\/\/lasentinelle.dz\/index.php\/2024\/03\/12\/le-ministre-du-commerce-sur-le-terrain-au-premier-jour-du-ramadhan-la-stabilite-des-prix-en-ligne-de-mire\/"},"author":{"name":"La Sentinelle","@id":"https:\/\/lasentinelle.dz\/#\/schema\/person\/d865044e22e70a75174ce8bcad3acfb3"},"headline":"Le ministre du Commerce sur le terrain au premier jour du Ramadhan\u00a0: La stabilit\u00e9 des prix en ligne de mire","datePublished":"2024-03-12T12:34:26+00:00","dateModified":"2024-03-12T12:34:31+00:00","mainEntityOfPage":{"@id":"https:\/\/lasentinelle.dz\/index.php\/2024\/03\/12\/le-ministre-du-commerce-sur-le-terrain-au-premier-jour-du-ramadhan-la-stabilite-des-prix-en-ligne-de-mire\/"},"wordCount":701,"commentCount":0,"publisher":{"@id":"https:\/\/lasentinelle.dz\/#organization"},"image":{"@id":"https:\/\/lasentinelle.dz\/index.php\/2024\/03\/12\/le-ministre-du-commerce-sur-le-terrain-au-premier-jour-du-ramadhan-la-stabilite-des-prix-en-ligne-de-mire\/#primaryimage"},"thumbnailUrl":"https:\/\/lasentinelle.dz\/wp-content\/uploads\/2024\/03\/commerce.jpeg","articleSection":["\u00c0 la Une","Actualit\u00e9"],"inLanguage":"fr-FR","potentialAction":[{"@type":"CommentAction","name":"Comment","target":["https:\/\/lasentinelle.dz\/index.php\/2024\/03\/12\/le-ministre-du-commerce-sur-le-terrain-au-premier-jour-du-ramadhan-la-stabilite-des-prix-en-ligne-de-mire\/#respond"]}]},{"@type":"WebPage","@id":"https:\/\/lasentinelle.dz\/index.php\/2024\/03\/12\/le-ministre-du-commerce-sur-le-terrain-au-premier-jour-du-ramadhan-la-stabilite-des-prix-en-ligne-de-mire\/","url":"https:\/\/lasentinelle.dz\/index.php\/2024\/03\/12\/le-ministre-du-commerce-sur-le-terrain-au-premier-jour-du-ramadhan-la-stabilite-des-prix-en-ligne-de-mire\/","name":"Le ministre du Commerce sur le terrain au premier jour du Ramadhan\u00a0: La stabilit\u00e9 des prix en ligne de mire - La Sentinelle","isPartOf":{"@id":"https:\/\/lasentinelle.dz\/#website"},"primaryImageOfPage":{"@id":"https:\/\/lasentinelle.dz\/index.php\/2024\/03\/12\/le-ministre-du-commerce-sur-le-terrain-au-premier-jour-du-ramadhan-la-stabilite-des-prix-en-ligne-de-mire\/#primaryimage"},"image":{"@id":"https:\/\/lasentinelle.dz\/index.php\/2024\/03\/12\/le-ministre-du-commerce-sur-le-terrain-au-premier-jour-du-ramadhan-la-stabilite-des-prix-en-ligne-de-mire\/#primaryimage"},"thumbnailUrl":"https:\/\/lasentinelle.dz\/wp-content\/uploads\/2024\/03\/commerce.jpeg","datePublished":"2024-03-12T12:34:26+00:00","dateModified":"2024-03-12T12:34:31+00:00","breadcrumb":{"@id":"https:\/\/lasentinelle.dz\/index.php\/2024\/03\/12\/le-ministre-du-commerce-sur-le-terrain-au-premier-jour-du-ramadhan-la-stabilite-des-prix-en-ligne-de-mire\/#breadcrumb"},"inLanguage":"fr-FR","potentialAction":[{"@type":"ReadAction","target":["https:\/\/lasentinelle.dz\/index.php\/2024\/03\/12\/le-ministre-du-commerce-sur-le-terrain-au-premier-jour-du-ramadhan-la-stabilite-des-prix-en-ligne-de-mire\/"]}]},{"@type":"ImageObject","inLanguage":"fr-FR","@id":"https:\/\/lasentinelle.dz\/index.php\/2024\/03\/12\/le-ministre-du-commerce-sur-le-terrain-au-premier-jour-du-ramadhan-la-stabilite-des-prix-en-ligne-de-mire\/#primaryimage","url":"https:\/\/lasentinelle.dz\/wp-content\/uploads\/2024\/03\/commerce.jpeg","contentUrl":"https:\/\/lasentinelle.dz\/wp-content\/uploads\/2024\/03\/commerce.jpeg","width":1280,"height":960},{"@type":"BreadcrumbList","@id":"https:\/\/lasentinelle.dz\/index.php\/2024\/03\/12\/le-ministre-du-commerce-sur-le-terrain-au-premier-jour-du-ramadhan-la-stabilite-des-prix-en-ligne-de-mire\/#breadcrumb","itemListElement":[{"@type":"ListItem","position":1,"name":"Accueil","item":"https:\/\/lasentinelle.dz\/"},{"@type":"ListItem","position":2,"name":"Le ministre du Commerce sur le terrain au premier jour du Ramadhan\u00a0: La stabilit\u00e9 des prix en ligne de mire"}]},{"@type":"WebSite","@id":"https:\/\/lasentinelle.dz\/#website","url":"https:\/\/lasentinelle.dz\/","name":"La Sentinelle","description":"Quotidien national d&#039;information","publisher":{"@id":"https:\/\/lasentinelle.dz\/#organization"},"potentialAction":[{"@type":"SearchAction","target":{"@type":"EntryPoint","urlTemplate":"https:\/\/lasentinelle.dz\/?s={search_term_string}"},"query-input":{"@type":"PropertyValueSpecification","valueRequired":true,"valueName":"search_term_string"}}],"inLanguage":"fr-FR"},{"@type":"Organization","@id":"https:\/\/lasentinelle.dz\/#organization","name":"Quotidien La Sentinelle","url":"https:\/\/lasentinelle.dz\/","logo":{"@type":"ImageObject","inLanguage":"fr-FR","@id":"https:\/\/lasentinelle.dz\/#\/schema\/logo\/image\/","url":"https:\/\/lasentinelle.dz\/wp-content\/uploads\/2021\/09\/logo-sentinelleSLOGAN-1.png","contentUrl":"https:\/\/lasentinelle.dz\/wp-content\/uploads\/2021\/09\/logo-sentinelleSLOGAN-1.png","width":615,"height":142,"caption":"Quotidien La Sentinelle"},"image":{"@id":"https:\/\/lasentinelle.dz\/#\/schema\/logo\/image\/"},"sameAs":["https:\/\/www.facebook.com\/La-Sentinelle-104059864394773"]},{"@type":"Person","@id":"https:\/\/lasentinelle.dz\/#\/schema\/person\/d865044e22e70a75174ce8bcad3acfb3","name":"La Sentinelle","image":{"@type":"ImageObject","inLanguage":"fr-FR","@id":"https:\/\/secure.gravatar.com\/avatar\/57de8e5d4b15d43fb361a71fbb36338450fe67865b528a43dd10ef7c51a20392?s=96&d=mm&r=g","url":"https:\/\/secure.gravatar.com\/avatar\/57de8e5d4b15d43fb361a71fbb36338450fe67865b528a43dd10ef7c51a20392?s=96&d=mm&r=g","contentUrl":"https:\/\/secure.gravatar.com\/avatar\/57de8e5d4b15d43fb361a71fbb36338450fe67865b528a43dd10ef7c51a20392?s=96&d=mm&r=g","caption":"La Sentinelle"},"sameAs":["http:\/\/www.lasentinelle.dz"],"url":"https:\/\/lasentinelle.dz\/author\/redaction\/"}]}},"_links":{"self":[{"href":"https:\/\/lasentinelle.dz\/index.php\/wp-json\/wp\/v2\/posts\/50280","targetHints":{"allow":["GET"]}}],"collection":[{"href":"https:\/\/lasentinelle.dz\/index.php\/wp-json\/wp\/v2\/posts"}],"about":[{"href":"https:\/\/lasentinelle.dz\/index.php\/wp-json\/wp\/v2\/types\/post"}],"author":[{"embeddable":true,"href":"https:\/\/lasentinelle.dz\/index.php\/wp-json\/wp\/v2\/users\/3"}],"replies":[{"embeddable":true,"href":"https:\/\/lasentinelle.dz\/index.php\/wp-json\/wp\/v2\/comments?post=50280"}],"version-history":[{"count":1,"href":"https:\/\/lasentinelle.dz\/index.php\/wp-json\/wp\/v2\/posts\/50280\/revisions"}],"predecessor-version":[{"id":50282,"href":"https:\/\/lasentinelle.dz\/index.php\/wp-json\/wp\/v2\/posts\/50280\/revisions\/50282"}],"wp:featuredmedia":[{"embeddable":true,"href":"https:\/\/lasentinelle.dz\/index.php\/wp-json\/wp\/v2\/media\/50281"}],"wp:attachment":[{"href":"https:\/\/lasentinelle.dz\/index.php\/wp-json\/wp\/v2\/media?parent=50280"}],"wp:term":[{"taxonomy":"category","embeddable":true,"href":"https:\/\/lasentinelle.dz\/index.php\/wp-json\/wp\/v2\/categories?post=50280"},{"taxonomy":"post_tag","embeddable":true,"href":"https:\/\/lasentinelle.dz\/index.php\/wp-json\/wp\/v2\/tags?post=50280"}],"curies":[{"name":"wp","href":"https:\/\/api.w.org\/{rel}","templated":true}]}}