{"id":50295,"date":"2024-03-12T14:22:40","date_gmt":"2024-03-12T13:22:40","guid":{"rendered":"https:\/\/lasentinelle.dz\/?p=50295"},"modified":"2024-03-12T14:22:45","modified_gmt":"2024-03-12T13:22:45","slug":"tebboune-en-visite-detat-en-france-en-automne","status":"publish","type":"post","link":"https:\/\/lasentinelle.dz\/index.php\/2024\/03\/12\/tebboune-en-visite-detat-en-france-en-automne\/","title":{"rendered":"\u00a0Tebboune en visite d\u2019\u00c9tat en France en automne"},"content":{"rendered":"\n<p>Le pr\u00e9sident de la R\u00e9publique, Abdelmadjid Tebboune, devrait effectuer une visite d\u2019\u00c9tat en France \u00e0 l\u2019automne prochain.<\/p>\n\n\n\n<p>Pr\u00e9vue initialement au printemps dernier, la visite d\u2019\u00c9tat que le pr\u00e9sident de la R\u00e9publique Abdelmadjid Tebboune devait effectuer en France, devrait finalement intervenir \u00e0 l\u2019automne prochain. En effet, le Pr\u00e9sident Tebboune et son homologue fran\u00e7ais Emmanuel Macron, ont convenu hier lors d\u2019un entretien t\u00e9l\u00e9phonique de pr\u00e9voir cette visite \u00e0 la fin du mois de septembre ou au d\u00e9but du mois d\u2019octobre prochains. Selon un communiqu\u00e9 des services de la pr\u00e9sidence de la R\u00e9publique, \u00ab&nbsp;le pr\u00e9sident de la R\u00e9publique, M. Abdelmadjid Tebboune, a re\u00e7u un appel t\u00e9l\u00e9phonique de son homologue fran\u00e7ais, M. Emmanuel Macron, au cours duquel ils ont abord\u00e9 les relations bilat\u00e9rales ainsi que les questions r\u00e9gionales et internationales&nbsp;\u00bb. Selon la m\u00eame source, \u00ab&nbsp;lors de cet appel, le pr\u00e9sident a exprim\u00e9 sa profonde pr\u00e9occupation quant \u00e0 l&rsquo;\u00e9volution de la situation en Palestine occup\u00e9e, notamment \u00e0 Ghaza&nbsp;\u00bb. Les deux pr\u00e9sidents ont \u00e9galement discut\u00e9 des \u00ab&nbsp;perspectives \u00e9conomiques communes b\u00e9n\u00e9fiques pour les deux pays, en particulier dans les domaines de l&rsquo;agriculture, de l&rsquo;\u00e9nergie, des terres rares et de l&rsquo;industrie ferroviaire&nbsp;\u00bb, ajoute le communiqu\u00e9.&nbsp; Et d\u2019ajouter que les deux pr\u00e9sidents ont, enfin, \u00abconvenu de la visite officielle que le pr\u00e9sident de la R\u00e9publique effectuera en France, pr\u00e9vue pour la fin septembre et le d\u00e9but octobre, la date officielle de celle-ci \u00e9tant \u00e0 d\u00e9terminer ult\u00e9rieurement&nbsp;\u00bb.<\/p>\n\n\n\n<p>Il est utile de rappeler que la visite du pr\u00e9sident de la R\u00e9publique en France \u00e9tait pr\u00e9vue initialement au printemps dernier. On avait \u00e9voqu\u00e9 \u00e0 l\u2019\u00e9poque une visite pour le mois de mai, m\u00eame si aucune date n\u2019avait officiellement \u00e9t\u00e9 annonc\u00e9e. La visite a cependant \u00e9t\u00e9 report\u00e9e pour des contraintes d\u2019agenda. Une visite qui a toujours \u00e9t\u00e9 d\u2019actualit\u00e9, mais restait tributaire d\u2019une entente sur l\u2019agende refonte des relations alg\u00e9ro-fran\u00e7aises et de la coop\u00e9ration. D\u2019ailleurs, au mois d\u2019ao\u00fbt dernier, le pr\u00e9sident de la R\u00e9publique avait indiqu\u00e9 que sa visite d&rsquo;Etat en France \u00e9tait \u00ab\u00a0toujours maintenue\u00a0\u00bb mais d\u00e9pendait \u00ab\u00a0du programme\u00a0\u00bb, pr\u00e9cisant qu&rsquo;une \u00ab\u00a0visite d&rsquo;\u00c9tat a des conditions\u00a0\u00bb et \u00ab\u00a0n&rsquo;est pas une visite touristique\u00a0\u00bb. Cela devait passer la n\u00e9cessit\u00e9 d\u2019aplanir les divergences sur 5 grands dossiers, notamment les questions de la m\u00e9moire, des essais fran\u00e7ais dans le Sud alg\u00e9rien, la r\u00e9cup\u00e9ration d\u2019objets symboliques comme le burnous et l\u2019\u00e9p\u00e9e de l\u2019\u00c9mir Abdelkader et enfin le dossier de la mobilit\u00e9, ainsi que la coop\u00e9ration \u00e9conomique. Des dossiers qui ont d\u2019ailleurs \u00e9t\u00e9 \u00e9voqu\u00e9s par le ministre des Affaires \u00e9trang\u00e8res et de la Communaut\u00e9 nationale \u00e0 l\u2019\u00e9tranger Ahmed Attaf dans un entretien \u00e0 Al Jazeera au mois de d\u00e9cembre dernier.&nbsp; \u00ab Nous ne sommes pas parvenus \u00e0 des accords sur cinq grands et lourds dossiers. Mais nous continuons \u00e0 travailler dessus \u00bb, aavait alors indiqu\u00e9 le ministre. Il faut dire que le dialogue entre les deux rives de la M\u00e9diterran\u00e9e s\u2019est poursuivi entre les deux rives de la M\u00e9diterran\u00e9e pour aplanir les divergences, notamment au travers les sessions de consultations politiques au niveau des secr\u00e9taires g\u00e9n\u00e9raux des minist\u00e8res des Affaires \u00e9trang\u00e8res, dont la derni\u00e8re session s\u2019est tenu le 27 f\u00e9vrier dernier. Et bien que la question m\u00e9morielle reste une composante centrale des rapports entre l\u2019Alg\u00e9rie et la France, la question est prise en charge dans le cadre de la commission mixte histoire et m\u00e9moire qui a tenu sa 4<sup>e<\/sup> r\u00e9union \u00e0 Paris le 25 janvier dernier et qui a abouti \u00e0 certaines propositions notamment concernant la restitution des archives de l\u2019\u00e8re ottomane, ainsi que l\u2019inventaire des biens culturels alg\u00e9riens spoli\u00e9s en vue de leur restitution, entre autres.<\/p>\n\n\n\n<p>Rappelons aussi que la coop\u00e9ration bilat\u00e9rale et la visite d\u2019\u00c9tat du pr\u00e9sident Tebboune en France ont \u00e9t\u00e9 r\u00e9guli\u00e8rement \u00e9voqu\u00e9es lors des \u00e9changes entre les deux chefs d\u2019\u00c9tats au cours des derniers mois.<\/p>\n\n\n\n<p><strong>Hocine Fadheli<\/strong><\/p>\n","protected":false},"excerpt":{"rendered":"<p>Le pr\u00e9sident de la R\u00e9publique, Abdelmadjid Tebboune, devrait effectuer une visite d\u2019\u00c9tat en France \u00e0 l\u2019automne prochain. Pr\u00e9vue initialement au<\/p>\n","protected":false},"author":3,"featured_media":50296,"comment_status":"open","ping_status":"closed","sticky":false,"template":"","format":"standard","meta":{"colormag_page_container_layout":"default_layout","colormag_page_sidebar_layout":"default_layout","om_disable_all_campaigns":false,"_monsterinsights_skip_tracking":false,"_monsterinsights_sitenote_active":false,"_monsterinsights_sitenote_note":"","_monsterinsights_sitenote_category":0,"footnotes":"","_wpscppro_dont_share_socialmedia":false,"_wpscppro_custom_social_share_image":0,"_facebook_share_type":"","_twitter_share_type":"","_linkedin_share_type":"","_pinterest_share_type":"","_linkedin_share_type_page":"","_instagram_share_type":"","_medium_share_type":"","_threads_share_type":"","_google_business_share_type":"","_selected_social_profile":[],"_wpsp_enable_custom_social_template":false,"_wpsp_social_scheduling":{"enabled":false,"datetime":null,"platforms":[],"status":"template_only","dateOption":"today","timeOption":"now","customDays":"","customHours":"","customDate":"","customTime":"","schedulingType":"absolute"},"_wpsp_active_default_template":true},"categories":[52,27],"tags":[],"class_list":["post-50295","post","type-post","status-publish","format-standard","has-post-thumbnail","hentry","category-a-la-une","category-actualite"],"aioseo_notices":[],"yoast_head":"<!-- This site is optimized with the Yoast SEO plugin v27.5 - https:\/\/yoast.com\/product\/yoast-seo-wordpress\/ -->\n<title>\u00a0Tebboune en visite d\u2019\u00c9tat en France en automne - La Sentinelle<\/title>\n<meta name=\"robots\" content=\"index, follow, max-snippet:-1, max-image-preview:large, max-video-preview:-1\" \/>\n<link rel=\"canonical\" href=\"https:\/\/lasentinelle.dz\/index.php\/2024\/03\/12\/tebboune-en-visite-detat-en-france-en-automne\/\" \/>\n<meta property=\"og:locale\" content=\"fr_FR\" \/>\n<meta property=\"og:type\" content=\"article\" \/>\n<meta property=\"og:title\" content=\"\u00a0Tebboune en visite d\u2019\u00c9tat en France en automne - La Sentinelle\" \/>\n<meta property=\"og:description\" content=\"Le pr\u00e9sident de la R\u00e9publique, Abdelmadjid Tebboune, devrait effectuer une visite d\u2019\u00c9tat en France \u00e0 l\u2019automne prochain. Pr\u00e9vue initialement au\" \/>\n<meta property=\"og:url\" content=\"https:\/\/lasentinelle.dz\/index.php\/2024\/03\/12\/tebboune-en-visite-detat-en-france-en-automne\/\" \/>\n<meta property=\"og:site_name\" content=\"La Sentinelle\" \/>\n<meta property=\"article:publisher\" content=\"https:\/\/www.facebook.com\/La-Sentinelle-104059864394773\" \/>\n<meta property=\"article:published_time\" content=\"2024-03-12T13:22:40+00:00\" \/>\n<meta property=\"article:modified_time\" content=\"2024-03-12T13:22:45+00:00\" \/>\n<meta property=\"og:image\" content=\"https:\/\/lasentinelle.dz\/wp-content\/uploads\/2024\/03\/Tebboune-macron.webp\" \/>\n\t<meta property=\"og:image:width\" content=\"1444\" \/>\n\t<meta property=\"og:image:height\" content=\"920\" \/>\n\t<meta property=\"og:image:type\" content=\"image\/webp\" \/>\n<meta name=\"author\" content=\"La Sentinelle\" \/>\n<meta name=\"twitter:card\" content=\"summary_large_image\" \/>\n<meta name=\"twitter:label1\" content=\"\u00c9crit par\" \/>\n\t<meta name=\"twitter:data1\" content=\"La Sentinelle\" \/>\n\t<meta name=\"twitter:label2\" content=\"Dur\u00e9e de lecture estim\u00e9e\" \/>\n\t<meta name=\"twitter:data2\" content=\"4 minutes\" \/>\n<script type=\"application\/ld+json\" class=\"yoast-schema-graph\">{\"@context\":\"https:\\\/\\\/schema.org\",\"@graph\":[{\"@type\":\"Article\",\"@id\":\"https:\\\/\\\/lasentinelle.dz\\\/index.php\\\/2024\\\/03\\\/12\\\/tebboune-en-visite-detat-en-france-en-automne\\\/#article\",\"isPartOf\":{\"@id\":\"https:\\\/\\\/lasentinelle.dz\\\/index.php\\\/2024\\\/03\\\/12\\\/tebboune-en-visite-detat-en-france-en-automne\\\/\"},\"author\":{\"name\":\"La Sentinelle\",\"@id\":\"https:\\\/\\\/lasentinelle.dz\\\/#\\\/schema\\\/person\\\/d865044e22e70a75174ce8bcad3acfb3\"},\"headline\":\"\u00a0Tebboune en visite d\u2019\u00c9tat en France en automne\",\"datePublished\":\"2024-03-12T13:22:40+00:00\",\"dateModified\":\"2024-03-12T13:22:45+00:00\",\"mainEntityOfPage\":{\"@id\":\"https:\\\/\\\/lasentinelle.dz\\\/index.php\\\/2024\\\/03\\\/12\\\/tebboune-en-visite-detat-en-france-en-automne\\\/\"},\"wordCount\":730,\"commentCount\":0,\"publisher\":{\"@id\":\"https:\\\/\\\/lasentinelle.dz\\\/#organization\"},\"image\":{\"@id\":\"https:\\\/\\\/lasentinelle.dz\\\/index.php\\\/2024\\\/03\\\/12\\\/tebboune-en-visite-detat-en-france-en-automne\\\/#primaryimage\"},\"thumbnailUrl\":\"https:\\\/\\\/lasentinelle.dz\\\/wp-content\\\/uploads\\\/2024\\\/03\\\/Tebboune-macron.webp\",\"articleSection\":[\"\u00c0 la Une\",\"Actualit\u00e9\"],\"inLanguage\":\"fr-FR\",\"potentialAction\":[{\"@type\":\"CommentAction\",\"name\":\"Comment\",\"target\":[\"https:\\\/\\\/lasentinelle.dz\\\/index.php\\\/2024\\\/03\\\/12\\\/tebboune-en-visite-detat-en-france-en-automne\\\/#respond\"]}]},{\"@type\":\"WebPage\",\"@id\":\"https:\\\/\\\/lasentinelle.dz\\\/index.php\\\/2024\\\/03\\\/12\\\/tebboune-en-visite-detat-en-france-en-automne\\\/\",\"url\":\"https:\\\/\\\/lasentinelle.dz\\\/index.php\\\/2024\\\/03\\\/12\\\/tebboune-en-visite-detat-en-france-en-automne\\\/\",\"name\":\"\u00a0Tebboune en visite d\u2019\u00c9tat en France en automne - La Sentinelle\",\"isPartOf\":{\"@id\":\"https:\\\/\\\/lasentinelle.dz\\\/#website\"},\"primaryImageOfPage\":{\"@id\":\"https:\\\/\\\/lasentinelle.dz\\\/index.php\\\/2024\\\/03\\\/12\\\/tebboune-en-visite-detat-en-france-en-automne\\\/#primaryimage\"},\"image\":{\"@id\":\"https:\\\/\\\/lasentinelle.dz\\\/index.php\\\/2024\\\/03\\\/12\\\/tebboune-en-visite-detat-en-france-en-automne\\\/#primaryimage\"},\"thumbnailUrl\":\"https:\\\/\\\/lasentinelle.dz\\\/wp-content\\\/uploads\\\/2024\\\/03\\\/Tebboune-macron.webp\",\"datePublished\":\"2024-03-12T13:22:40+00:00\",\"dateModified\":\"2024-03-12T13:22:45+00:00\",\"breadcrumb\":{\"@id\":\"https:\\\/\\\/lasentinelle.dz\\\/index.php\\\/2024\\\/03\\\/12\\\/tebboune-en-visite-detat-en-france-en-automne\\\/#breadcrumb\"},\"inLanguage\":\"fr-FR\",\"potentialAction\":[{\"@type\":\"ReadAction\",\"target\":[\"https:\\\/\\\/lasentinelle.dz\\\/index.php\\\/2024\\\/03\\\/12\\\/tebboune-en-visite-detat-en-france-en-automne\\\/\"]}]},{\"@type\":\"ImageObject\",\"inLanguage\":\"fr-FR\",\"@id\":\"https:\\\/\\\/lasentinelle.dz\\\/index.php\\\/2024\\\/03\\\/12\\\/tebboune-en-visite-detat-en-france-en-automne\\\/#primaryimage\",\"url\":\"https:\\\/\\\/lasentinelle.dz\\\/wp-content\\\/uploads\\\/2024\\\/03\\\/Tebboune-macron.webp\",\"contentUrl\":\"https:\\\/\\\/lasentinelle.dz\\\/wp-content\\\/uploads\\\/2024\\\/03\\\/Tebboune-macron.webp\",\"width\":1444,\"height\":920},{\"@type\":\"BreadcrumbList\",\"@id\":\"https:\\\/\\\/lasentinelle.dz\\\/index.php\\\/2024\\\/03\\\/12\\\/tebboune-en-visite-detat-en-france-en-automne\\\/#breadcrumb\",\"itemListElement\":[{\"@type\":\"ListItem\",\"position\":1,\"name\":\"Accueil\",\"item\":\"https:\\\/\\\/lasentinelle.dz\\\/\"},{\"@type\":\"ListItem\",\"position\":2,\"name\":\"\u00a0Tebboune en visite d\u2019\u00c9tat en France en automne\"}]},{\"@type\":\"WebSite\",\"@id\":\"https:\\\/\\\/lasentinelle.dz\\\/#website\",\"url\":\"https:\\\/\\\/lasentinelle.dz\\\/\",\"name\":\"La Sentinelle\",\"description\":\"Quotidien national d&#039;information\",\"publisher\":{\"@id\":\"https:\\\/\\\/lasentinelle.dz\\\/#organization\"},\"potentialAction\":[{\"@type\":\"SearchAction\",\"target\":{\"@type\":\"EntryPoint\",\"urlTemplate\":\"https:\\\/\\\/lasentinelle.dz\\\/?s={search_term_string}\"},\"query-input\":{\"@type\":\"PropertyValueSpecification\",\"valueRequired\":true,\"valueName\":\"search_term_string\"}}],\"inLanguage\":\"fr-FR\"},{\"@type\":\"Organization\",\"@id\":\"https:\\\/\\\/lasentinelle.dz\\\/#organization\",\"name\":\"Quotidien La Sentinelle\",\"url\":\"https:\\\/\\\/lasentinelle.dz\\\/\",\"logo\":{\"@type\":\"ImageObject\",\"inLanguage\":\"fr-FR\",\"@id\":\"https:\\\/\\\/lasentinelle.dz\\\/#\\\/schema\\\/logo\\\/image\\\/\",\"url\":\"https:\\\/\\\/lasentinelle.dz\\\/wp-content\\\/uploads\\\/2021\\\/09\\\/logo-sentinelleSLOGAN-1.png\",\"contentUrl\":\"https:\\\/\\\/lasentinelle.dz\\\/wp-content\\\/uploads\\\/2021\\\/09\\\/logo-sentinelleSLOGAN-1.png\",\"width\":615,\"height\":142,\"caption\":\"Quotidien La Sentinelle\"},\"image\":{\"@id\":\"https:\\\/\\\/lasentinelle.dz\\\/#\\\/schema\\\/logo\\\/image\\\/\"},\"sameAs\":[\"https:\\\/\\\/www.facebook.com\\\/La-Sentinelle-104059864394773\"]},{\"@type\":\"Person\",\"@id\":\"https:\\\/\\\/lasentinelle.dz\\\/#\\\/schema\\\/person\\\/d865044e22e70a75174ce8bcad3acfb3\",\"name\":\"La Sentinelle\",\"image\":{\"@type\":\"ImageObject\",\"inLanguage\":\"fr-FR\",\"@id\":\"https:\\\/\\\/secure.gravatar.com\\\/avatar\\\/57de8e5d4b15d43fb361a71fbb36338450fe67865b528a43dd10ef7c51a20392?s=96&d=mm&r=g\",\"url\":\"https:\\\/\\\/secure.gravatar.com\\\/avatar\\\/57de8e5d4b15d43fb361a71fbb36338450fe67865b528a43dd10ef7c51a20392?s=96&d=mm&r=g\",\"contentUrl\":\"https:\\\/\\\/secure.gravatar.com\\\/avatar\\\/57de8e5d4b15d43fb361a71fbb36338450fe67865b528a43dd10ef7c51a20392?s=96&d=mm&r=g\",\"caption\":\"La Sentinelle\"},\"sameAs\":[\"http:\\\/\\\/www.lasentinelle.dz\"],\"url\":\"https:\\\/\\\/lasentinelle.dz\\\/author\\\/redaction\\\/\"}]}<\/script>\n<!-- \/ Yoast SEO plugin. -->","yoast_head_json":{"title":"\u00a0Tebboune en visite d\u2019\u00c9tat en France en automne - La Sentinelle","robots":{"index":"index","follow":"follow","max-snippet":"max-snippet:-1","max-image-preview":"max-image-preview:large","max-video-preview":"max-video-preview:-1"},"canonical":"https:\/\/lasentinelle.dz\/index.php\/2024\/03\/12\/tebboune-en-visite-detat-en-france-en-automne\/","og_locale":"fr_FR","og_type":"article","og_title":"\u00a0Tebboune en visite d\u2019\u00c9tat en France en automne - La Sentinelle","og_description":"Le pr\u00e9sident de la R\u00e9publique, Abdelmadjid Tebboune, devrait effectuer une visite d\u2019\u00c9tat en France \u00e0 l\u2019automne prochain. Pr\u00e9vue initialement au","og_url":"https:\/\/lasentinelle.dz\/index.php\/2024\/03\/12\/tebboune-en-visite-detat-en-france-en-automne\/","og_site_name":"La Sentinelle","article_publisher":"https:\/\/www.facebook.com\/La-Sentinelle-104059864394773","article_published_time":"2024-03-12T13:22:40+00:00","article_modified_time":"2024-03-12T13:22:45+00:00","og_image":[{"width":1444,"height":920,"url":"https:\/\/lasentinelle.dz\/wp-content\/uploads\/2024\/03\/Tebboune-macron.webp","type":"image\/webp"}],"author":"La Sentinelle","twitter_card":"summary_large_image","twitter_misc":{"\u00c9crit par":"La Sentinelle","Dur\u00e9e de lecture estim\u00e9e":"4 minutes"},"schema":{"@context":"https:\/\/schema.org","@graph":[{"@type":"Article","@id":"https:\/\/lasentinelle.dz\/index.php\/2024\/03\/12\/tebboune-en-visite-detat-en-france-en-automne\/#article","isPartOf":{"@id":"https:\/\/lasentinelle.dz\/index.php\/2024\/03\/12\/tebboune-en-visite-detat-en-france-en-automne\/"},"author":{"name":"La Sentinelle","@id":"https:\/\/lasentinelle.dz\/#\/schema\/person\/d865044e22e70a75174ce8bcad3acfb3"},"headline":"\u00a0Tebboune en visite d\u2019\u00c9tat en France en automne","datePublished":"2024-03-12T13:22:40+00:00","dateModified":"2024-03-12T13:22:45+00:00","mainEntityOfPage":{"@id":"https:\/\/lasentinelle.dz\/index.php\/2024\/03\/12\/tebboune-en-visite-detat-en-france-en-automne\/"},"wordCount":730,"commentCount":0,"publisher":{"@id":"https:\/\/lasentinelle.dz\/#organization"},"image":{"@id":"https:\/\/lasentinelle.dz\/index.php\/2024\/03\/12\/tebboune-en-visite-detat-en-france-en-automne\/#primaryimage"},"thumbnailUrl":"https:\/\/lasentinelle.dz\/wp-content\/uploads\/2024\/03\/Tebboune-macron.webp","articleSection":["\u00c0 la Une","Actualit\u00e9"],"inLanguage":"fr-FR","potentialAction":[{"@type":"CommentAction","name":"Comment","target":["https:\/\/lasentinelle.dz\/index.php\/2024\/03\/12\/tebboune-en-visite-detat-en-france-en-automne\/#respond"]}]},{"@type":"WebPage","@id":"https:\/\/lasentinelle.dz\/index.php\/2024\/03\/12\/tebboune-en-visite-detat-en-france-en-automne\/","url":"https:\/\/lasentinelle.dz\/index.php\/2024\/03\/12\/tebboune-en-visite-detat-en-france-en-automne\/","name":"\u00a0Tebboune en visite d\u2019\u00c9tat en France en automne - La Sentinelle","isPartOf":{"@id":"https:\/\/lasentinelle.dz\/#website"},"primaryImageOfPage":{"@id":"https:\/\/lasentinelle.dz\/index.php\/2024\/03\/12\/tebboune-en-visite-detat-en-france-en-automne\/#primaryimage"},"image":{"@id":"https:\/\/lasentinelle.dz\/index.php\/2024\/03\/12\/tebboune-en-visite-detat-en-france-en-automne\/#primaryimage"},"thumbnailUrl":"https:\/\/lasentinelle.dz\/wp-content\/uploads\/2024\/03\/Tebboune-macron.webp","datePublished":"2024-03-12T13:22:40+00:00","dateModified":"2024-03-12T13:22:45+00:00","breadcrumb":{"@id":"https:\/\/lasentinelle.dz\/index.php\/2024\/03\/12\/tebboune-en-visite-detat-en-france-en-automne\/#breadcrumb"},"inLanguage":"fr-FR","potentialAction":[{"@type":"ReadAction","target":["https:\/\/lasentinelle.dz\/index.php\/2024\/03\/12\/tebboune-en-visite-detat-en-france-en-automne\/"]}]},{"@type":"ImageObject","inLanguage":"fr-FR","@id":"https:\/\/lasentinelle.dz\/index.php\/2024\/03\/12\/tebboune-en-visite-detat-en-france-en-automne\/#primaryimage","url":"https:\/\/lasentinelle.dz\/wp-content\/uploads\/2024\/03\/Tebboune-macron.webp","contentUrl":"https:\/\/lasentinelle.dz\/wp-content\/uploads\/2024\/03\/Tebboune-macron.webp","width":1444,"height":920},{"@type":"BreadcrumbList","@id":"https:\/\/lasentinelle.dz\/index.php\/2024\/03\/12\/tebboune-en-visite-detat-en-france-en-automne\/#breadcrumb","itemListElement":[{"@type":"ListItem","position":1,"name":"Accueil","item":"https:\/\/lasentinelle.dz\/"},{"@type":"ListItem","position":2,"name":"\u00a0Tebboune en visite d\u2019\u00c9tat en France en automne"}]},{"@type":"WebSite","@id":"https:\/\/lasentinelle.dz\/#website","url":"https:\/\/lasentinelle.dz\/","name":"La Sentinelle","description":"Quotidien national d&#039;information","publisher":{"@id":"https:\/\/lasentinelle.dz\/#organization"},"potentialAction":[{"@type":"SearchAction","target":{"@type":"EntryPoint","urlTemplate":"https:\/\/lasentinelle.dz\/?s={search_term_string}"},"query-input":{"@type":"PropertyValueSpecification","valueRequired":true,"valueName":"search_term_string"}}],"inLanguage":"fr-FR"},{"@type":"Organization","@id":"https:\/\/lasentinelle.dz\/#organization","name":"Quotidien La Sentinelle","url":"https:\/\/lasentinelle.dz\/","logo":{"@type":"ImageObject","inLanguage":"fr-FR","@id":"https:\/\/lasentinelle.dz\/#\/schema\/logo\/image\/","url":"https:\/\/lasentinelle.dz\/wp-content\/uploads\/2021\/09\/logo-sentinelleSLOGAN-1.png","contentUrl":"https:\/\/lasentinelle.dz\/wp-content\/uploads\/2021\/09\/logo-sentinelleSLOGAN-1.png","width":615,"height":142,"caption":"Quotidien La Sentinelle"},"image":{"@id":"https:\/\/lasentinelle.dz\/#\/schema\/logo\/image\/"},"sameAs":["https:\/\/www.facebook.com\/La-Sentinelle-104059864394773"]},{"@type":"Person","@id":"https:\/\/lasentinelle.dz\/#\/schema\/person\/d865044e22e70a75174ce8bcad3acfb3","name":"La Sentinelle","image":{"@type":"ImageObject","inLanguage":"fr-FR","@id":"https:\/\/secure.gravatar.com\/avatar\/57de8e5d4b15d43fb361a71fbb36338450fe67865b528a43dd10ef7c51a20392?s=96&d=mm&r=g","url":"https:\/\/secure.gravatar.com\/avatar\/57de8e5d4b15d43fb361a71fbb36338450fe67865b528a43dd10ef7c51a20392?s=96&d=mm&r=g","contentUrl":"https:\/\/secure.gravatar.com\/avatar\/57de8e5d4b15d43fb361a71fbb36338450fe67865b528a43dd10ef7c51a20392?s=96&d=mm&r=g","caption":"La Sentinelle"},"sameAs":["http:\/\/www.lasentinelle.dz"],"url":"https:\/\/lasentinelle.dz\/author\/redaction\/"}]}},"_links":{"self":[{"href":"https:\/\/lasentinelle.dz\/index.php\/wp-json\/wp\/v2\/posts\/50295","targetHints":{"allow":["GET"]}}],"collection":[{"href":"https:\/\/lasentinelle.dz\/index.php\/wp-json\/wp\/v2\/posts"}],"about":[{"href":"https:\/\/lasentinelle.dz\/index.php\/wp-json\/wp\/v2\/types\/post"}],"author":[{"embeddable":true,"href":"https:\/\/lasentinelle.dz\/index.php\/wp-json\/wp\/v2\/users\/3"}],"replies":[{"embeddable":true,"href":"https:\/\/lasentinelle.dz\/index.php\/wp-json\/wp\/v2\/comments?post=50295"}],"version-history":[{"count":1,"href":"https:\/\/lasentinelle.dz\/index.php\/wp-json\/wp\/v2\/posts\/50295\/revisions"}],"predecessor-version":[{"id":50297,"href":"https:\/\/lasentinelle.dz\/index.php\/wp-json\/wp\/v2\/posts\/50295\/revisions\/50297"}],"wp:featuredmedia":[{"embeddable":true,"href":"https:\/\/lasentinelle.dz\/index.php\/wp-json\/wp\/v2\/media\/50296"}],"wp:attachment":[{"href":"https:\/\/lasentinelle.dz\/index.php\/wp-json\/wp\/v2\/media?parent=50295"}],"wp:term":[{"taxonomy":"category","embeddable":true,"href":"https:\/\/lasentinelle.dz\/index.php\/wp-json\/wp\/v2\/categories?post=50295"},{"taxonomy":"post_tag","embeddable":true,"href":"https:\/\/lasentinelle.dz\/index.php\/wp-json\/wp\/v2\/tags?post=50295"}],"curies":[{"name":"wp","href":"https:\/\/api.w.org\/{rel}","templated":true}]}}