{"id":50314,"date":"2024-03-13T14:01:35","date_gmt":"2024-03-13T13:01:35","guid":{"rendered":"https:\/\/lasentinelle.dz\/?p=50314"},"modified":"2024-03-13T14:01:39","modified_gmt":"2024-03-13T13:01:39","slug":"sahara-occident-lavrov-reitere-le-soutien-de-la-russie-a-un-reglement-dans-le-cadre-de-lonu","status":"publish","type":"post","link":"https:\/\/lasentinelle.dz\/index.php\/2024\/03\/13\/sahara-occident-lavrov-reitere-le-soutien-de-la-russie-a-un-reglement-dans-le-cadre-de-lonu\/","title":{"rendered":"Sahara occident\u00a0: Lavrov r\u00e9it\u00e8re le soutien de la Russie \u00e0 un r\u00e8glement dans le cadre de l&rsquo;ONU"},"content":{"rendered":"\n<p>Sergue\u00ef Lavrov a soulign\u00e9 \u00ab\u00a0l&rsquo;importante d&rsquo;une solution juste, durable et mutuellement acceptable\u00a0\u00bb au conflit au Sahara occidental \u00ab\u00a0conform\u00e9ment aux r\u00e9solutions du Conseil de s\u00e9curit\u00e9 de l&rsquo;ONU\u00a0\u00bb.<\/p>\n\n\n\n<p>Le ministre russe des Affaires \u00e9trang\u00e8res, Sergue\u00ef Lavrov, a eu lundi, un entretien avec l&rsquo;Envoy\u00e9 personnel du secr\u00e9taire g\u00e9n\u00e9ral de l&rsquo;ONU pour le Sahara occidental, Staffan de Mistura, pendant lequel il a r\u00e9it\u00e9r\u00e9 la position de son pays en faveur d&rsquo;un r\u00e8glement du conflit sahraoui conform\u00e9ment aux r\u00e9solutions du Conseil de s\u00e9curit\u00e9. Les deux responsables ont \u00e9voqu\u00e9 l&rsquo;\u00e9tat et les perspectives du r\u00e8glement du conflit au Sahara occidental et ont soulign\u00e9 \u00ab\u00a0le r\u00f4le stabilisateur de la Mission des Nations unies pour l&rsquo;organisation d&rsquo;un r\u00e9f\u00e9rendum au Sahara occidental (Minurso)\u00a0\u00bb, indique un communiqu\u00e9 du minist\u00e8re russe des Affaires \u00e9trang\u00e8res. Ils ont \u00e9galement d\u00e9battu des \u00ab\u00a0perspectives\u00a0\u00bb de la reprise du processus politique \u00ab\u00a0en tenant compte des r\u00e9cents contacts entre Staffan de Mistura et tous les acteurs concern\u00e9s\u00a0\u00bb, ajoute la m\u00eame source.Le texte ajoute que le ministre russe a soulign\u00e9 \u00ab\u00a0l&rsquo;importante d&rsquo;une solution juste, durable et mutuellement acceptable\u00a0\u00bb au conflit au Sahara occidental \u00ab\u00a0conform\u00e9ment aux r\u00e9solutions du Conseil de s\u00e9curit\u00e9 de l&rsquo;ONU\u00a0\u00bb.Les interlocuteurs ont \u00e9galement \u00e9voqu\u00e9 d&rsquo;autres questions relatives \u00e0 la situation en Afrique du Nord et au Moyen-Orient. Ils ont soulign\u00e9 le r\u00f4le de l&rsquo;ONU dans le domaine de la paix et du d\u00e9veloppement, souligne le communiqu\u00e9. Le m\u00eame jour, Staffan de Mistura a \u00e9galement tenu des consultations avec le vice-ministre des Affaires \u00e9trang\u00e8res, Sergue\u00ef Verchinine, conclut le communiqu\u00e9. Pour rappel, l&rsquo;Envoy\u00e9 personnel du secr\u00e9taire g\u00e9n\u00e9ral de l&rsquo;ONU pour le Sahara occidental, Staffan de Mistura s&rsquo;\u00e9tait entretenu, fin janvier \u00e0 Pretoria, avec la ministre sud-africaine des Relations internationales et de la Coop\u00e9ration, Naledi Pandor avec laquelle il a \u00e9voqu\u00e9, \u00ab\u00a0quelques approches se rapportant au Sahara occidental\u00a0\u00bb. La ministre sud-africaine avait notamment qualifi\u00e9 sa rencontre avec Staffan de Mistura de \u00ab\u00a0tr\u00e8s utile\u00a0\u00bb.<\/p>\n\n\n\n<p>APS<\/p>\n","protected":false},"excerpt":{"rendered":"<p>Sergue\u00ef Lavrov a soulign\u00e9 \u00ab\u00a0l&rsquo;importante d&rsquo;une solution juste, durable et mutuellement acceptable\u00a0\u00bb au conflit au Sahara occidental \u00ab\u00a0conform\u00e9ment aux r\u00e9solutions<\/p>\n","protected":false},"author":3,"featured_media":50315,"comment_status":"open","ping_status":"closed","sticky":false,"template":"","format":"standard","meta":{"colormag_page_container_layout":"default_layout","colormag_page_sidebar_layout":"default_layout","om_disable_all_campaigns":false,"_monsterinsights_skip_tracking":false,"_monsterinsights_sitenote_active":false,"_monsterinsights_sitenote_note":"","_monsterinsights_sitenote_category":0,"footnotes":"","_wpscppro_dont_share_socialmedia":false,"_wpscppro_custom_social_share_image":0,"_facebook_share_type":"","_twitter_share_type":"","_linkedin_share_type":"","_pinterest_share_type":"","_linkedin_share_type_page":"","_instagram_share_type":"","_medium_share_type":"","_threads_share_type":"","_google_business_share_type":"","_selected_social_profile":[],"_wpsp_enable_custom_social_template":false,"_wpsp_social_scheduling":{"enabled":false,"datetime":null,"platforms":[],"status":"template_only","dateOption":"today","timeOption":"now","customDays":"","customHours":"","customDate":"","customTime":"","schedulingType":"absolute"},"_wpsp_active_default_template":true},"categories":[52,37],"tags":[],"class_list":["post-50314","post","type-post","status-publish","format-standard","has-post-thumbnail","hentry","category-a-la-une","category-monde"],"aioseo_notices":[],"yoast_head":"<!-- This site is optimized with the Yoast SEO plugin v27.4 - https:\/\/yoast.com\/product\/yoast-seo-wordpress\/ -->\n<title>Sahara occident\u00a0: Lavrov r\u00e9it\u00e8re le soutien de la Russie \u00e0 un r\u00e8glement dans le cadre de l&rsquo;ONU - La Sentinelle<\/title>\n<meta name=\"robots\" content=\"index, follow, max-snippet:-1, max-image-preview:large, max-video-preview:-1\" \/>\n<link rel=\"canonical\" href=\"https:\/\/lasentinelle.dz\/index.php\/2024\/03\/13\/sahara-occident-lavrov-reitere-le-soutien-de-la-russie-a-un-reglement-dans-le-cadre-de-lonu\/\" \/>\n<meta property=\"og:locale\" content=\"fr_FR\" \/>\n<meta property=\"og:type\" content=\"article\" \/>\n<meta property=\"og:title\" content=\"Sahara occident\u00a0: Lavrov r\u00e9it\u00e8re le soutien de la Russie \u00e0 un r\u00e8glement dans le cadre de l&rsquo;ONU - La Sentinelle\" \/>\n<meta property=\"og:description\" content=\"Sergue\u00ef Lavrov a soulign\u00e9 \u00ab\u00a0l&rsquo;importante d&rsquo;une solution juste, durable et mutuellement acceptable\u00a0\u00bb au conflit au Sahara occidental \u00ab\u00a0conform\u00e9ment aux r\u00e9solutions\" \/>\n<meta property=\"og:url\" content=\"https:\/\/lasentinelle.dz\/index.php\/2024\/03\/13\/sahara-occident-lavrov-reitere-le-soutien-de-la-russie-a-un-reglement-dans-le-cadre-de-lonu\/\" \/>\n<meta property=\"og:site_name\" content=\"La Sentinelle\" \/>\n<meta property=\"article:publisher\" content=\"https:\/\/www.facebook.com\/La-Sentinelle-104059864394773\" \/>\n<meta property=\"article:published_time\" content=\"2024-03-13T13:01:35+00:00\" \/>\n<meta property=\"article:modified_time\" content=\"2024-03-13T13:01:39+00:00\" \/>\n<meta property=\"og:image\" content=\"https:\/\/lasentinelle.dz\/wp-content\/uploads\/2024\/03\/lavrov_sahara.jpeg\" \/>\n\t<meta property=\"og:image:width\" content=\"1272\" \/>\n\t<meta property=\"og:image:height\" content=\"838\" \/>\n\t<meta property=\"og:image:type\" content=\"image\/jpeg\" \/>\n<meta name=\"author\" content=\"La Sentinelle\" \/>\n<meta name=\"twitter:card\" content=\"summary_large_image\" \/>\n<meta name=\"twitter:label1\" content=\"\u00c9crit par\" \/>\n\t<meta name=\"twitter:data1\" content=\"La Sentinelle\" \/>\n\t<meta name=\"twitter:label2\" content=\"Dur\u00e9e de lecture estim\u00e9e\" \/>\n\t<meta name=\"twitter:data2\" content=\"2 minutes\" \/>\n<script type=\"application\/ld+json\" class=\"yoast-schema-graph\">{\"@context\":\"https:\\\/\\\/schema.org\",\"@graph\":[{\"@type\":\"Article\",\"@id\":\"https:\\\/\\\/lasentinelle.dz\\\/index.php\\\/2024\\\/03\\\/13\\\/sahara-occident-lavrov-reitere-le-soutien-de-la-russie-a-un-reglement-dans-le-cadre-de-lonu\\\/#article\",\"isPartOf\":{\"@id\":\"https:\\\/\\\/lasentinelle.dz\\\/index.php\\\/2024\\\/03\\\/13\\\/sahara-occident-lavrov-reitere-le-soutien-de-la-russie-a-un-reglement-dans-le-cadre-de-lonu\\\/\"},\"author\":{\"name\":\"La Sentinelle\",\"@id\":\"https:\\\/\\\/lasentinelle.dz\\\/#\\\/schema\\\/person\\\/d865044e22e70a75174ce8bcad3acfb3\"},\"headline\":\"Sahara occident\u00a0: Lavrov r\u00e9it\u00e8re le soutien de la Russie \u00e0 un r\u00e8glement dans le cadre de l&rsquo;ONU\",\"datePublished\":\"2024-03-13T13:01:35+00:00\",\"dateModified\":\"2024-03-13T13:01:39+00:00\",\"mainEntityOfPage\":{\"@id\":\"https:\\\/\\\/lasentinelle.dz\\\/index.php\\\/2024\\\/03\\\/13\\\/sahara-occident-lavrov-reitere-le-soutien-de-la-russie-a-un-reglement-dans-le-cadre-de-lonu\\\/\"},\"wordCount\":378,\"commentCount\":0,\"publisher\":{\"@id\":\"https:\\\/\\\/lasentinelle.dz\\\/#organization\"},\"image\":{\"@id\":\"https:\\\/\\\/lasentinelle.dz\\\/index.php\\\/2024\\\/03\\\/13\\\/sahara-occident-lavrov-reitere-le-soutien-de-la-russie-a-un-reglement-dans-le-cadre-de-lonu\\\/#primaryimage\"},\"thumbnailUrl\":\"https:\\\/\\\/lasentinelle.dz\\\/wp-content\\\/uploads\\\/2024\\\/03\\\/lavrov_sahara.jpeg\",\"articleSection\":[\"\u00c0 la Une\",\"Monde\"],\"inLanguage\":\"fr-FR\",\"potentialAction\":[{\"@type\":\"CommentAction\",\"name\":\"Comment\",\"target\":[\"https:\\\/\\\/lasentinelle.dz\\\/index.php\\\/2024\\\/03\\\/13\\\/sahara-occident-lavrov-reitere-le-soutien-de-la-russie-a-un-reglement-dans-le-cadre-de-lonu\\\/#respond\"]}]},{\"@type\":\"WebPage\",\"@id\":\"https:\\\/\\\/lasentinelle.dz\\\/index.php\\\/2024\\\/03\\\/13\\\/sahara-occident-lavrov-reitere-le-soutien-de-la-russie-a-un-reglement-dans-le-cadre-de-lonu\\\/\",\"url\":\"https:\\\/\\\/lasentinelle.dz\\\/index.php\\\/2024\\\/03\\\/13\\\/sahara-occident-lavrov-reitere-le-soutien-de-la-russie-a-un-reglement-dans-le-cadre-de-lonu\\\/\",\"name\":\"Sahara occident\u00a0: Lavrov r\u00e9it\u00e8re le soutien de la Russie \u00e0 un r\u00e8glement dans le cadre de l&rsquo;ONU - La Sentinelle\",\"isPartOf\":{\"@id\":\"https:\\\/\\\/lasentinelle.dz\\\/#website\"},\"primaryImageOfPage\":{\"@id\":\"https:\\\/\\\/lasentinelle.dz\\\/index.php\\\/2024\\\/03\\\/13\\\/sahara-occident-lavrov-reitere-le-soutien-de-la-russie-a-un-reglement-dans-le-cadre-de-lonu\\\/#primaryimage\"},\"image\":{\"@id\":\"https:\\\/\\\/lasentinelle.dz\\\/index.php\\\/2024\\\/03\\\/13\\\/sahara-occident-lavrov-reitere-le-soutien-de-la-russie-a-un-reglement-dans-le-cadre-de-lonu\\\/#primaryimage\"},\"thumbnailUrl\":\"https:\\\/\\\/lasentinelle.dz\\\/wp-content\\\/uploads\\\/2024\\\/03\\\/lavrov_sahara.jpeg\",\"datePublished\":\"2024-03-13T13:01:35+00:00\",\"dateModified\":\"2024-03-13T13:01:39+00:00\",\"breadcrumb\":{\"@id\":\"https:\\\/\\\/lasentinelle.dz\\\/index.php\\\/2024\\\/03\\\/13\\\/sahara-occident-lavrov-reitere-le-soutien-de-la-russie-a-un-reglement-dans-le-cadre-de-lonu\\\/#breadcrumb\"},\"inLanguage\":\"fr-FR\",\"potentialAction\":[{\"@type\":\"ReadAction\",\"target\":[\"https:\\\/\\\/lasentinelle.dz\\\/index.php\\\/2024\\\/03\\\/13\\\/sahara-occident-lavrov-reitere-le-soutien-de-la-russie-a-un-reglement-dans-le-cadre-de-lonu\\\/\"]}]},{\"@type\":\"ImageObject\",\"inLanguage\":\"fr-FR\",\"@id\":\"https:\\\/\\\/lasentinelle.dz\\\/index.php\\\/2024\\\/03\\\/13\\\/sahara-occident-lavrov-reitere-le-soutien-de-la-russie-a-un-reglement-dans-le-cadre-de-lonu\\\/#primaryimage\",\"url\":\"https:\\\/\\\/lasentinelle.dz\\\/wp-content\\\/uploads\\\/2024\\\/03\\\/lavrov_sahara.jpeg\",\"contentUrl\":\"https:\\\/\\\/lasentinelle.dz\\\/wp-content\\\/uploads\\\/2024\\\/03\\\/lavrov_sahara.jpeg\",\"width\":1272,\"height\":838},{\"@type\":\"BreadcrumbList\",\"@id\":\"https:\\\/\\\/lasentinelle.dz\\\/index.php\\\/2024\\\/03\\\/13\\\/sahara-occident-lavrov-reitere-le-soutien-de-la-russie-a-un-reglement-dans-le-cadre-de-lonu\\\/#breadcrumb\",\"itemListElement\":[{\"@type\":\"ListItem\",\"position\":1,\"name\":\"Accueil\",\"item\":\"https:\\\/\\\/lasentinelle.dz\\\/\"},{\"@type\":\"ListItem\",\"position\":2,\"name\":\"Sahara occident\u00a0: Lavrov r\u00e9it\u00e8re le soutien de la Russie \u00e0 un r\u00e8glement dans le cadre de l&rsquo;ONU\"}]},{\"@type\":\"WebSite\",\"@id\":\"https:\\\/\\\/lasentinelle.dz\\\/#website\",\"url\":\"https:\\\/\\\/lasentinelle.dz\\\/\",\"name\":\"La Sentinelle\",\"description\":\"Quotidien national d&#039;information\",\"publisher\":{\"@id\":\"https:\\\/\\\/lasentinelle.dz\\\/#organization\"},\"potentialAction\":[{\"@type\":\"SearchAction\",\"target\":{\"@type\":\"EntryPoint\",\"urlTemplate\":\"https:\\\/\\\/lasentinelle.dz\\\/?s={search_term_string}\"},\"query-input\":{\"@type\":\"PropertyValueSpecification\",\"valueRequired\":true,\"valueName\":\"search_term_string\"}}],\"inLanguage\":\"fr-FR\"},{\"@type\":\"Organization\",\"@id\":\"https:\\\/\\\/lasentinelle.dz\\\/#organization\",\"name\":\"Quotidien La Sentinelle\",\"url\":\"https:\\\/\\\/lasentinelle.dz\\\/\",\"logo\":{\"@type\":\"ImageObject\",\"inLanguage\":\"fr-FR\",\"@id\":\"https:\\\/\\\/lasentinelle.dz\\\/#\\\/schema\\\/logo\\\/image\\\/\",\"url\":\"https:\\\/\\\/lasentinelle.dz\\\/wp-content\\\/uploads\\\/2021\\\/09\\\/logo-sentinelleSLOGAN-1.png\",\"contentUrl\":\"https:\\\/\\\/lasentinelle.dz\\\/wp-content\\\/uploads\\\/2021\\\/09\\\/logo-sentinelleSLOGAN-1.png\",\"width\":615,\"height\":142,\"caption\":\"Quotidien La Sentinelle\"},\"image\":{\"@id\":\"https:\\\/\\\/lasentinelle.dz\\\/#\\\/schema\\\/logo\\\/image\\\/\"},\"sameAs\":[\"https:\\\/\\\/www.facebook.com\\\/La-Sentinelle-104059864394773\"]},{\"@type\":\"Person\",\"@id\":\"https:\\\/\\\/lasentinelle.dz\\\/#\\\/schema\\\/person\\\/d865044e22e70a75174ce8bcad3acfb3\",\"name\":\"La Sentinelle\",\"image\":{\"@type\":\"ImageObject\",\"inLanguage\":\"fr-FR\",\"@id\":\"https:\\\/\\\/secure.gravatar.com\\\/avatar\\\/57de8e5d4b15d43fb361a71fbb36338450fe67865b528a43dd10ef7c51a20392?s=96&d=mm&r=g\",\"url\":\"https:\\\/\\\/secure.gravatar.com\\\/avatar\\\/57de8e5d4b15d43fb361a71fbb36338450fe67865b528a43dd10ef7c51a20392?s=96&d=mm&r=g\",\"contentUrl\":\"https:\\\/\\\/secure.gravatar.com\\\/avatar\\\/57de8e5d4b15d43fb361a71fbb36338450fe67865b528a43dd10ef7c51a20392?s=96&d=mm&r=g\",\"caption\":\"La Sentinelle\"},\"sameAs\":[\"http:\\\/\\\/www.lasentinelle.dz\"],\"url\":\"https:\\\/\\\/lasentinelle.dz\\\/author\\\/redaction\\\/\"}]}<\/script>\n<!-- \/ Yoast SEO plugin. -->","yoast_head_json":{"title":"Sahara occident\u00a0: Lavrov r\u00e9it\u00e8re le soutien de la Russie \u00e0 un r\u00e8glement dans le cadre de l&rsquo;ONU - La Sentinelle","robots":{"index":"index","follow":"follow","max-snippet":"max-snippet:-1","max-image-preview":"max-image-preview:large","max-video-preview":"max-video-preview:-1"},"canonical":"https:\/\/lasentinelle.dz\/index.php\/2024\/03\/13\/sahara-occident-lavrov-reitere-le-soutien-de-la-russie-a-un-reglement-dans-le-cadre-de-lonu\/","og_locale":"fr_FR","og_type":"article","og_title":"Sahara occident\u00a0: Lavrov r\u00e9it\u00e8re le soutien de la Russie \u00e0 un r\u00e8glement dans le cadre de l&rsquo;ONU - La Sentinelle","og_description":"Sergue\u00ef Lavrov a soulign\u00e9 \u00ab\u00a0l&rsquo;importante d&rsquo;une solution juste, durable et mutuellement acceptable\u00a0\u00bb au conflit au Sahara occidental \u00ab\u00a0conform\u00e9ment aux r\u00e9solutions","og_url":"https:\/\/lasentinelle.dz\/index.php\/2024\/03\/13\/sahara-occident-lavrov-reitere-le-soutien-de-la-russie-a-un-reglement-dans-le-cadre-de-lonu\/","og_site_name":"La Sentinelle","article_publisher":"https:\/\/www.facebook.com\/La-Sentinelle-104059864394773","article_published_time":"2024-03-13T13:01:35+00:00","article_modified_time":"2024-03-13T13:01:39+00:00","og_image":[{"width":1272,"height":838,"url":"https:\/\/lasentinelle.dz\/wp-content\/uploads\/2024\/03\/lavrov_sahara.jpeg","type":"image\/jpeg"}],"author":"La Sentinelle","twitter_card":"summary_large_image","twitter_misc":{"\u00c9crit par":"La Sentinelle","Dur\u00e9e de lecture estim\u00e9e":"2 minutes"},"schema":{"@context":"https:\/\/schema.org","@graph":[{"@type":"Article","@id":"https:\/\/lasentinelle.dz\/index.php\/2024\/03\/13\/sahara-occident-lavrov-reitere-le-soutien-de-la-russie-a-un-reglement-dans-le-cadre-de-lonu\/#article","isPartOf":{"@id":"https:\/\/lasentinelle.dz\/index.php\/2024\/03\/13\/sahara-occident-lavrov-reitere-le-soutien-de-la-russie-a-un-reglement-dans-le-cadre-de-lonu\/"},"author":{"name":"La Sentinelle","@id":"https:\/\/lasentinelle.dz\/#\/schema\/person\/d865044e22e70a75174ce8bcad3acfb3"},"headline":"Sahara occident\u00a0: Lavrov r\u00e9it\u00e8re le soutien de la Russie \u00e0 un r\u00e8glement dans le cadre de l&rsquo;ONU","datePublished":"2024-03-13T13:01:35+00:00","dateModified":"2024-03-13T13:01:39+00:00","mainEntityOfPage":{"@id":"https:\/\/lasentinelle.dz\/index.php\/2024\/03\/13\/sahara-occident-lavrov-reitere-le-soutien-de-la-russie-a-un-reglement-dans-le-cadre-de-lonu\/"},"wordCount":378,"commentCount":0,"publisher":{"@id":"https:\/\/lasentinelle.dz\/#organization"},"image":{"@id":"https:\/\/lasentinelle.dz\/index.php\/2024\/03\/13\/sahara-occident-lavrov-reitere-le-soutien-de-la-russie-a-un-reglement-dans-le-cadre-de-lonu\/#primaryimage"},"thumbnailUrl":"https:\/\/lasentinelle.dz\/wp-content\/uploads\/2024\/03\/lavrov_sahara.jpeg","articleSection":["\u00c0 la Une","Monde"],"inLanguage":"fr-FR","potentialAction":[{"@type":"CommentAction","name":"Comment","target":["https:\/\/lasentinelle.dz\/index.php\/2024\/03\/13\/sahara-occident-lavrov-reitere-le-soutien-de-la-russie-a-un-reglement-dans-le-cadre-de-lonu\/#respond"]}]},{"@type":"WebPage","@id":"https:\/\/lasentinelle.dz\/index.php\/2024\/03\/13\/sahara-occident-lavrov-reitere-le-soutien-de-la-russie-a-un-reglement-dans-le-cadre-de-lonu\/","url":"https:\/\/lasentinelle.dz\/index.php\/2024\/03\/13\/sahara-occident-lavrov-reitere-le-soutien-de-la-russie-a-un-reglement-dans-le-cadre-de-lonu\/","name":"Sahara occident\u00a0: Lavrov r\u00e9it\u00e8re le soutien de la Russie \u00e0 un r\u00e8glement dans le cadre de l&rsquo;ONU - La Sentinelle","isPartOf":{"@id":"https:\/\/lasentinelle.dz\/#website"},"primaryImageOfPage":{"@id":"https:\/\/lasentinelle.dz\/index.php\/2024\/03\/13\/sahara-occident-lavrov-reitere-le-soutien-de-la-russie-a-un-reglement-dans-le-cadre-de-lonu\/#primaryimage"},"image":{"@id":"https:\/\/lasentinelle.dz\/index.php\/2024\/03\/13\/sahara-occident-lavrov-reitere-le-soutien-de-la-russie-a-un-reglement-dans-le-cadre-de-lonu\/#primaryimage"},"thumbnailUrl":"https:\/\/lasentinelle.dz\/wp-content\/uploads\/2024\/03\/lavrov_sahara.jpeg","datePublished":"2024-03-13T13:01:35+00:00","dateModified":"2024-03-13T13:01:39+00:00","breadcrumb":{"@id":"https:\/\/lasentinelle.dz\/index.php\/2024\/03\/13\/sahara-occident-lavrov-reitere-le-soutien-de-la-russie-a-un-reglement-dans-le-cadre-de-lonu\/#breadcrumb"},"inLanguage":"fr-FR","potentialAction":[{"@type":"ReadAction","target":["https:\/\/lasentinelle.dz\/index.php\/2024\/03\/13\/sahara-occident-lavrov-reitere-le-soutien-de-la-russie-a-un-reglement-dans-le-cadre-de-lonu\/"]}]},{"@type":"ImageObject","inLanguage":"fr-FR","@id":"https:\/\/lasentinelle.dz\/index.php\/2024\/03\/13\/sahara-occident-lavrov-reitere-le-soutien-de-la-russie-a-un-reglement-dans-le-cadre-de-lonu\/#primaryimage","url":"https:\/\/lasentinelle.dz\/wp-content\/uploads\/2024\/03\/lavrov_sahara.jpeg","contentUrl":"https:\/\/lasentinelle.dz\/wp-content\/uploads\/2024\/03\/lavrov_sahara.jpeg","width":1272,"height":838},{"@type":"BreadcrumbList","@id":"https:\/\/lasentinelle.dz\/index.php\/2024\/03\/13\/sahara-occident-lavrov-reitere-le-soutien-de-la-russie-a-un-reglement-dans-le-cadre-de-lonu\/#breadcrumb","itemListElement":[{"@type":"ListItem","position":1,"name":"Accueil","item":"https:\/\/lasentinelle.dz\/"},{"@type":"ListItem","position":2,"name":"Sahara occident\u00a0: Lavrov r\u00e9it\u00e8re le soutien de la Russie \u00e0 un r\u00e8glement dans le cadre de l&rsquo;ONU"}]},{"@type":"WebSite","@id":"https:\/\/lasentinelle.dz\/#website","url":"https:\/\/lasentinelle.dz\/","name":"La Sentinelle","description":"Quotidien national d&#039;information","publisher":{"@id":"https:\/\/lasentinelle.dz\/#organization"},"potentialAction":[{"@type":"SearchAction","target":{"@type":"EntryPoint","urlTemplate":"https:\/\/lasentinelle.dz\/?s={search_term_string}"},"query-input":{"@type":"PropertyValueSpecification","valueRequired":true,"valueName":"search_term_string"}}],"inLanguage":"fr-FR"},{"@type":"Organization","@id":"https:\/\/lasentinelle.dz\/#organization","name":"Quotidien La Sentinelle","url":"https:\/\/lasentinelle.dz\/","logo":{"@type":"ImageObject","inLanguage":"fr-FR","@id":"https:\/\/lasentinelle.dz\/#\/schema\/logo\/image\/","url":"https:\/\/lasentinelle.dz\/wp-content\/uploads\/2021\/09\/logo-sentinelleSLOGAN-1.png","contentUrl":"https:\/\/lasentinelle.dz\/wp-content\/uploads\/2021\/09\/logo-sentinelleSLOGAN-1.png","width":615,"height":142,"caption":"Quotidien La Sentinelle"},"image":{"@id":"https:\/\/lasentinelle.dz\/#\/schema\/logo\/image\/"},"sameAs":["https:\/\/www.facebook.com\/La-Sentinelle-104059864394773"]},{"@type":"Person","@id":"https:\/\/lasentinelle.dz\/#\/schema\/person\/d865044e22e70a75174ce8bcad3acfb3","name":"La Sentinelle","image":{"@type":"ImageObject","inLanguage":"fr-FR","@id":"https:\/\/secure.gravatar.com\/avatar\/57de8e5d4b15d43fb361a71fbb36338450fe67865b528a43dd10ef7c51a20392?s=96&d=mm&r=g","url":"https:\/\/secure.gravatar.com\/avatar\/57de8e5d4b15d43fb361a71fbb36338450fe67865b528a43dd10ef7c51a20392?s=96&d=mm&r=g","contentUrl":"https:\/\/secure.gravatar.com\/avatar\/57de8e5d4b15d43fb361a71fbb36338450fe67865b528a43dd10ef7c51a20392?s=96&d=mm&r=g","caption":"La Sentinelle"},"sameAs":["http:\/\/www.lasentinelle.dz"],"url":"https:\/\/lasentinelle.dz\/author\/redaction\/"}]}},"_links":{"self":[{"href":"https:\/\/lasentinelle.dz\/index.php\/wp-json\/wp\/v2\/posts\/50314","targetHints":{"allow":["GET"]}}],"collection":[{"href":"https:\/\/lasentinelle.dz\/index.php\/wp-json\/wp\/v2\/posts"}],"about":[{"href":"https:\/\/lasentinelle.dz\/index.php\/wp-json\/wp\/v2\/types\/post"}],"author":[{"embeddable":true,"href":"https:\/\/lasentinelle.dz\/index.php\/wp-json\/wp\/v2\/users\/3"}],"replies":[{"embeddable":true,"href":"https:\/\/lasentinelle.dz\/index.php\/wp-json\/wp\/v2\/comments?post=50314"}],"version-history":[{"count":2,"href":"https:\/\/lasentinelle.dz\/index.php\/wp-json\/wp\/v2\/posts\/50314\/revisions"}],"predecessor-version":[{"id":50317,"href":"https:\/\/lasentinelle.dz\/index.php\/wp-json\/wp\/v2\/posts\/50314\/revisions\/50317"}],"wp:featuredmedia":[{"embeddable":true,"href":"https:\/\/lasentinelle.dz\/index.php\/wp-json\/wp\/v2\/media\/50315"}],"wp:attachment":[{"href":"https:\/\/lasentinelle.dz\/index.php\/wp-json\/wp\/v2\/media?parent=50314"}],"wp:term":[{"taxonomy":"category","embeddable":true,"href":"https:\/\/lasentinelle.dz\/index.php\/wp-json\/wp\/v2\/categories?post=50314"},{"taxonomy":"post_tag","embeddable":true,"href":"https:\/\/lasentinelle.dz\/index.php\/wp-json\/wp\/v2\/tags?post=50314"}],"curies":[{"name":"wp","href":"https:\/\/api.w.org\/{rel}","templated":true}]}}