{"id":50324,"date":"2024-03-13T14:08:16","date_gmt":"2024-03-13T13:08:16","guid":{"rendered":"https:\/\/lasentinelle.dz\/?p=50324"},"modified":"2024-03-13T14:08:20","modified_gmt":"2024-03-13T13:08:20","slug":"viande-farine-et-semoules-des-mesures-pour-reguler-definitivement-le-marche","status":"publish","type":"post","link":"https:\/\/lasentinelle.dz\/index.php\/2024\/03\/13\/viande-farine-et-semoules-des-mesures-pour-reguler-definitivement-le-marche\/","title":{"rendered":"Viande, farine et semoules\u00a0: Des mesures pour r\u00e9guler d\u00e9finitivement le march\u00e9"},"content":{"rendered":"\n<p>Le ministre du Commerce et de la Promotion des exportations, Tayeb Zitouni, a annonc\u00e9 lundi qu\u2019une r\u00e9union se tiendra apr\u00e8s le Ramadhan afin d\u2019\u00e9tudier des mesures de r\u00e9gulation d\u00e9finitive du march\u00e9 de la viande. Il a \u00e9galement \u00e9voqu\u00e9 la possibilit\u00e9 d\u2019une augmentation permanente des quotas de bl\u00e9 livr\u00e9 aux minoteries.<\/p>\n\n\n\n<p>En pr\u00e9vision du mois de Ramadhan, l\u2019Ex\u00e9cutif a mis en place un dispositif exceptionnel d\u2019approvisionnement et de r\u00e9gulation du march\u00e9. Un dispositif qui a permis dans une certaine mesure de limiter la hausse des prix. Au-del\u00e0 de la conjoncture impos\u00e9e par le mois de Ramadhan, le gouvernement, notamment le minist\u00e8re du Commerce, se projette sur les mesures de r\u00e9gulation du march\u00e9 et de stabilisation des prix \u00e0 long terme. Une priorit\u00e9 pour les pouvoirs publics a soulign\u00e9 lundi lors d\u2019une visite de terrain au niveau des march\u00e9s de proximit\u00e9 de solidarit\u00e9 par le ministre du Commerce et de la Promotion des exportations, et qui souligne la n\u00e9cessit\u00e9 de mesures \u00e0 long terme. Ainsi et concernant le march\u00e9 de la viande, Tayeb Zitouni, a affirm\u00e9 qu&rsquo;une s\u00e9ance de travail sera organis\u00e9e avec les op\u00e9rateurs de cette fili\u00e8re apr\u00e8s le mois de Ramadhan afin de r\u00e9guler le march\u00e9 de la viande \u00abde mani\u00e8re d\u00e9finitive\u00bb. Il a \u00e9galement \u00e9voqu\u00e9 la d\u00e9cision du minist\u00e8re de l&rsquo;Agriculture d&rsquo;injecter des quantit\u00e9s suppl\u00e9mentaires de poulet import\u00e9 au niveau des march\u00e9s de proximit\u00e9 pour faire baisser les prix, pr\u00e9cisant qu&rsquo;il sera commercialis\u00e9 au prix de 390 DA le kilogramme. Le ministre a en outre soulign\u00e9 que le march\u00e9 de la banane sera \u00e9galement r\u00e9gul\u00e9, apr\u00e8s avoir constat\u00e9 une augmentation de son prix, soulignant l&rsquo;importance d&rsquo;apposer la marque de chaque importateur sur le produit afin de garantir la tra\u00e7abilit\u00e9 de la cha\u00eene de distribution.<\/p>\n\n\n\n<p>Tayeb Zitouni a aussi indiqu\u00e9 que son d\u00e9partement minist\u00e9riel examinera avec le minist\u00e8re de l&rsquo;Agriculture et du D\u00e9veloppement rural apr\u00e8s le mois de Ramadhan, la possibilit\u00e9 d&rsquo;augmenter les quotas de bl\u00e9 des minoteries, apr\u00e8s leur augmentation exceptionnelle en pr\u00e9vision du mois sacr\u00e9. Il a expliqu\u00e9 que suite \u00e0 la hausse de la production des minoteries gr\u00e2ce \u00e0 l&rsquo;augmentation exceptionnelle de leurs quotas de bl\u00e9 trois mois avant le mois de Ramadhan, \u00abnous verrons avec le minist\u00e8re de l&rsquo;Agriculture, apr\u00e8s le mois sacr\u00e9, si ces quotas repr\u00e9sentent r\u00e9ellement les quantit\u00e9s requises sur le march\u00e9 afin de les maintenir tout au long de l&rsquo;ann\u00e9e\u00bb. Dans ce contexte, le ministre a mis en avant l&rsquo;imp\u00e9ratif de sensibiliser \u00e0 l&rsquo;importance d&rsquo;une consommation rationnelle des produits alimentaires, notamment le pain, d&rsquo;autant que les statistiques font \u00e9tat de pr\u00e8s de 100 millions de baguettes gaspill\u00e9es durant le mois de Ramadhan et pr\u00e8s de 900 millions de baguettes annuellement, soit 320 millions de dollars par an. Lors de sa visite \u00e0 la foire de \u00abRamadhan au Palais\u00bb organis\u00e9 au Palais des expositions, le ministre a insist\u00e9 sur l&rsquo;importance de \u00abrespecter le client\u00bb, notamment en enlevant les parties superflues des l\u00e9gumes car elles augmentent le poids pour \u00eatre jet\u00e9es au final. Il a salu\u00e9 \u00e9galement les baisses op\u00e9r\u00e9es sur les prix des produits de large consommation par les op\u00e9rateurs \u00e9conomiques, \u00e0 l\u2019occasion du mois de Ramadhan, estim\u00e9es entre 10 et 25 %. M. Zitouni a rappel\u00e9 que son d\u00e9partement minist\u00e9riel avait entam\u00e9 les pr\u00e9paratifs pour le Ramadhan depuis pr\u00e8s de 3 mois, estimant que \u00able march\u00e9 est assez approvisionn\u00e9 et que les prix ont relativement baiss\u00e9 pour certains produits et nous \u0153uvrons \u00e0 ajuster ceux en hausse\u00bb. Il a soulign\u00e9, dans ce sens, l\u2019importance d\u2019ouvrir pr\u00e8s de 500 march\u00e9s de proximit\u00e9 au niveau national pour un total de 8000 op\u00e9rateurs \u00e9conomiques orient\u00e9s vers ces march\u00e9s pour \u00abfaire baisser les prix\u00bb.<\/p>\n\n\n\n<p>Sabrina Aziouez<\/p>\n\n\n\n<p><strong>L&rsquo;Alg\u00e9rie <\/strong><strong>dans le top-5 des <\/strong><strong>plus gros acheteurs de <\/strong><strong>bl\u00e9 russe<\/strong><\/p>\n\n\n\n<p>L\u2019Alg\u00e9rie est le cinqui\u00e8me plus gros importateur de bl\u00e9 russe derri\u00e8re l\u2019\u00c9gypte qui d\u00e9tient la palme, la Turquie, du Bangladesh et du Pakistan. Selon l\u2019agence de presse russe Sputnik qui cite Arkadi Zlotchevsky, pr\u00e9sident de l\u2019Union c\u00e9r\u00e9ali\u00e8re russe, la Russie a export\u00e9 47 millions de tonnes de c\u00e9r\u00e9ales entre le 1er juillet 2023 et le 10 mars. Actuellement, le march\u00e9 c\u00e9r\u00e9alier est confront\u00e9 \u00e0 une baisse des prix, qui touche surtout le bl\u00e9 alors que ses r\u00e9serves mondiales pourraient diminuer de 2% selon les pr\u00e9visions, a indiqu\u00e9 le responsable. D&rsquo;apr\u00e8s lui, le redressement des prix ne peut survenir qu&rsquo;au cours de la saison prochaine.<\/p>\n\n\n\n<p>R.E.<\/p>\n","protected":false},"excerpt":{"rendered":"<p>Le ministre du Commerce et de la Promotion des exportations, Tayeb Zitouni, a annonc\u00e9 lundi qu\u2019une r\u00e9union se tiendra apr\u00e8s<\/p>\n","protected":false},"author":3,"featured_media":32931,"comment_status":"open","ping_status":"closed","sticky":false,"template":"","format":"standard","meta":{"colormag_page_container_layout":"default_layout","colormag_page_sidebar_layout":"default_layout","om_disable_all_campaigns":false,"_monsterinsights_skip_tracking":false,"_monsterinsights_sitenote_active":false,"_monsterinsights_sitenote_note":"","_monsterinsights_sitenote_category":0,"footnotes":"","_wpscppro_dont_share_socialmedia":false,"_wpscppro_custom_social_share_image":0,"_facebook_share_type":"","_twitter_share_type":"","_linkedin_share_type":"","_pinterest_share_type":"","_linkedin_share_type_page":"","_instagram_share_type":"","_medium_share_type":"","_threads_share_type":"","_google_business_share_type":"","_selected_social_profile":[],"_wpsp_enable_custom_social_template":false,"_wpsp_social_scheduling":{"enabled":false,"datetime":null,"platforms":[],"status":"template_only","dateOption":"today","timeOption":"now","customDays":"","customHours":"","customDate":"","customTime":"","schedulingType":"absolute"},"_wpsp_active_default_template":true},"categories":[52,29],"tags":[],"class_list":["post-50324","post","type-post","status-publish","format-standard","has-post-thumbnail","hentry","category-a-la-une","category-economie"],"aioseo_notices":[],"yoast_head":"<!-- This site is optimized with the Yoast SEO plugin v27.5 - https:\/\/yoast.com\/product\/yoast-seo-wordpress\/ -->\n<title>Viande, farine et semoules\u00a0: Des mesures pour r\u00e9guler d\u00e9finitivement le march\u00e9 - La Sentinelle<\/title>\n<meta name=\"robots\" content=\"index, follow, max-snippet:-1, max-image-preview:large, max-video-preview:-1\" \/>\n<link rel=\"canonical\" href=\"https:\/\/lasentinelle.dz\/index.php\/2024\/03\/13\/viande-farine-et-semoules-des-mesures-pour-reguler-definitivement-le-marche\/\" \/>\n<meta property=\"og:locale\" content=\"fr_FR\" \/>\n<meta property=\"og:type\" content=\"article\" \/>\n<meta property=\"og:title\" content=\"Viande, farine et semoules\u00a0: Des mesures pour r\u00e9guler d\u00e9finitivement le march\u00e9 - La Sentinelle\" \/>\n<meta property=\"og:description\" content=\"Le ministre du Commerce et de la Promotion des exportations, Tayeb Zitouni, a annonc\u00e9 lundi qu\u2019une r\u00e9union se tiendra apr\u00e8s\" \/>\n<meta property=\"og:url\" content=\"https:\/\/lasentinelle.dz\/index.php\/2024\/03\/13\/viande-farine-et-semoules-des-mesures-pour-reguler-definitivement-le-marche\/\" \/>\n<meta property=\"og:site_name\" content=\"La Sentinelle\" \/>\n<meta property=\"article:publisher\" content=\"https:\/\/www.facebook.com\/La-Sentinelle-104059864394773\" \/>\n<meta property=\"article:published_time\" content=\"2024-03-13T13:08:16+00:00\" \/>\n<meta property=\"article:modified_time\" content=\"2024-03-13T13:08:20+00:00\" \/>\n<meta property=\"og:image\" content=\"https:\/\/lasentinelle.dz\/wp-content\/uploads\/2022\/12\/boucherie.png\" \/>\n\t<meta property=\"og:image:width\" content=\"1200\" \/>\n\t<meta property=\"og:image:height\" content=\"900\" \/>\n\t<meta property=\"og:image:type\" content=\"image\/png\" \/>\n<meta name=\"author\" content=\"La Sentinelle\" \/>\n<meta name=\"twitter:card\" content=\"summary_large_image\" \/>\n<meta name=\"twitter:label1\" content=\"\u00c9crit par\" \/>\n\t<meta name=\"twitter:data1\" content=\"La Sentinelle\" \/>\n\t<meta name=\"twitter:label2\" content=\"Dur\u00e9e de lecture estim\u00e9e\" \/>\n\t<meta name=\"twitter:data2\" content=\"4 minutes\" \/>\n<script type=\"application\/ld+json\" class=\"yoast-schema-graph\">{\"@context\":\"https:\\\/\\\/schema.org\",\"@graph\":[{\"@type\":\"Article\",\"@id\":\"https:\\\/\\\/lasentinelle.dz\\\/index.php\\\/2024\\\/03\\\/13\\\/viande-farine-et-semoules-des-mesures-pour-reguler-definitivement-le-marche\\\/#article\",\"isPartOf\":{\"@id\":\"https:\\\/\\\/lasentinelle.dz\\\/index.php\\\/2024\\\/03\\\/13\\\/viande-farine-et-semoules-des-mesures-pour-reguler-definitivement-le-marche\\\/\"},\"author\":{\"name\":\"La Sentinelle\",\"@id\":\"https:\\\/\\\/lasentinelle.dz\\\/#\\\/schema\\\/person\\\/d865044e22e70a75174ce8bcad3acfb3\"},\"headline\":\"Viande, farine et semoules\u00a0: Des mesures pour r\u00e9guler d\u00e9finitivement le march\u00e9\",\"datePublished\":\"2024-03-13T13:08:16+00:00\",\"dateModified\":\"2024-03-13T13:08:20+00:00\",\"mainEntityOfPage\":{\"@id\":\"https:\\\/\\\/lasentinelle.dz\\\/index.php\\\/2024\\\/03\\\/13\\\/viande-farine-et-semoules-des-mesures-pour-reguler-definitivement-le-marche\\\/\"},\"wordCount\":817,\"commentCount\":0,\"publisher\":{\"@id\":\"https:\\\/\\\/lasentinelle.dz\\\/#organization\"},\"image\":{\"@id\":\"https:\\\/\\\/lasentinelle.dz\\\/index.php\\\/2024\\\/03\\\/13\\\/viande-farine-et-semoules-des-mesures-pour-reguler-definitivement-le-marche\\\/#primaryimage\"},\"thumbnailUrl\":\"https:\\\/\\\/lasentinelle.dz\\\/wp-content\\\/uploads\\\/2022\\\/12\\\/boucherie.png\",\"articleSection\":[\"\u00c0 la Une\",\"\u00c9conomie\"],\"inLanguage\":\"fr-FR\",\"potentialAction\":[{\"@type\":\"CommentAction\",\"name\":\"Comment\",\"target\":[\"https:\\\/\\\/lasentinelle.dz\\\/index.php\\\/2024\\\/03\\\/13\\\/viande-farine-et-semoules-des-mesures-pour-reguler-definitivement-le-marche\\\/#respond\"]}]},{\"@type\":\"WebPage\",\"@id\":\"https:\\\/\\\/lasentinelle.dz\\\/index.php\\\/2024\\\/03\\\/13\\\/viande-farine-et-semoules-des-mesures-pour-reguler-definitivement-le-marche\\\/\",\"url\":\"https:\\\/\\\/lasentinelle.dz\\\/index.php\\\/2024\\\/03\\\/13\\\/viande-farine-et-semoules-des-mesures-pour-reguler-definitivement-le-marche\\\/\",\"name\":\"Viande, farine et semoules\u00a0: Des mesures pour r\u00e9guler d\u00e9finitivement le march\u00e9 - La Sentinelle\",\"isPartOf\":{\"@id\":\"https:\\\/\\\/lasentinelle.dz\\\/#website\"},\"primaryImageOfPage\":{\"@id\":\"https:\\\/\\\/lasentinelle.dz\\\/index.php\\\/2024\\\/03\\\/13\\\/viande-farine-et-semoules-des-mesures-pour-reguler-definitivement-le-marche\\\/#primaryimage\"},\"image\":{\"@id\":\"https:\\\/\\\/lasentinelle.dz\\\/index.php\\\/2024\\\/03\\\/13\\\/viande-farine-et-semoules-des-mesures-pour-reguler-definitivement-le-marche\\\/#primaryimage\"},\"thumbnailUrl\":\"https:\\\/\\\/lasentinelle.dz\\\/wp-content\\\/uploads\\\/2022\\\/12\\\/boucherie.png\",\"datePublished\":\"2024-03-13T13:08:16+00:00\",\"dateModified\":\"2024-03-13T13:08:20+00:00\",\"breadcrumb\":{\"@id\":\"https:\\\/\\\/lasentinelle.dz\\\/index.php\\\/2024\\\/03\\\/13\\\/viande-farine-et-semoules-des-mesures-pour-reguler-definitivement-le-marche\\\/#breadcrumb\"},\"inLanguage\":\"fr-FR\",\"potentialAction\":[{\"@type\":\"ReadAction\",\"target\":[\"https:\\\/\\\/lasentinelle.dz\\\/index.php\\\/2024\\\/03\\\/13\\\/viande-farine-et-semoules-des-mesures-pour-reguler-definitivement-le-marche\\\/\"]}]},{\"@type\":\"ImageObject\",\"inLanguage\":\"fr-FR\",\"@id\":\"https:\\\/\\\/lasentinelle.dz\\\/index.php\\\/2024\\\/03\\\/13\\\/viande-farine-et-semoules-des-mesures-pour-reguler-definitivement-le-marche\\\/#primaryimage\",\"url\":\"https:\\\/\\\/lasentinelle.dz\\\/wp-content\\\/uploads\\\/2022\\\/12\\\/boucherie.png\",\"contentUrl\":\"https:\\\/\\\/lasentinelle.dz\\\/wp-content\\\/uploads\\\/2022\\\/12\\\/boucherie.png\",\"width\":1200,\"height\":900},{\"@type\":\"BreadcrumbList\",\"@id\":\"https:\\\/\\\/lasentinelle.dz\\\/index.php\\\/2024\\\/03\\\/13\\\/viande-farine-et-semoules-des-mesures-pour-reguler-definitivement-le-marche\\\/#breadcrumb\",\"itemListElement\":[{\"@type\":\"ListItem\",\"position\":1,\"name\":\"Accueil\",\"item\":\"https:\\\/\\\/lasentinelle.dz\\\/\"},{\"@type\":\"ListItem\",\"position\":2,\"name\":\"Viande, farine et semoules\u00a0: Des mesures pour r\u00e9guler d\u00e9finitivement le march\u00e9\"}]},{\"@type\":\"WebSite\",\"@id\":\"https:\\\/\\\/lasentinelle.dz\\\/#website\",\"url\":\"https:\\\/\\\/lasentinelle.dz\\\/\",\"name\":\"La Sentinelle\",\"description\":\"Quotidien national d&#039;information\",\"publisher\":{\"@id\":\"https:\\\/\\\/lasentinelle.dz\\\/#organization\"},\"potentialAction\":[{\"@type\":\"SearchAction\",\"target\":{\"@type\":\"EntryPoint\",\"urlTemplate\":\"https:\\\/\\\/lasentinelle.dz\\\/?s={search_term_string}\"},\"query-input\":{\"@type\":\"PropertyValueSpecification\",\"valueRequired\":true,\"valueName\":\"search_term_string\"}}],\"inLanguage\":\"fr-FR\"},{\"@type\":\"Organization\",\"@id\":\"https:\\\/\\\/lasentinelle.dz\\\/#organization\",\"name\":\"Quotidien La Sentinelle\",\"url\":\"https:\\\/\\\/lasentinelle.dz\\\/\",\"logo\":{\"@type\":\"ImageObject\",\"inLanguage\":\"fr-FR\",\"@id\":\"https:\\\/\\\/lasentinelle.dz\\\/#\\\/schema\\\/logo\\\/image\\\/\",\"url\":\"https:\\\/\\\/lasentinelle.dz\\\/wp-content\\\/uploads\\\/2021\\\/09\\\/logo-sentinelleSLOGAN-1.png\",\"contentUrl\":\"https:\\\/\\\/lasentinelle.dz\\\/wp-content\\\/uploads\\\/2021\\\/09\\\/logo-sentinelleSLOGAN-1.png\",\"width\":615,\"height\":142,\"caption\":\"Quotidien La Sentinelle\"},\"image\":{\"@id\":\"https:\\\/\\\/lasentinelle.dz\\\/#\\\/schema\\\/logo\\\/image\\\/\"},\"sameAs\":[\"https:\\\/\\\/www.facebook.com\\\/La-Sentinelle-104059864394773\"]},{\"@type\":\"Person\",\"@id\":\"https:\\\/\\\/lasentinelle.dz\\\/#\\\/schema\\\/person\\\/d865044e22e70a75174ce8bcad3acfb3\",\"name\":\"La Sentinelle\",\"image\":{\"@type\":\"ImageObject\",\"inLanguage\":\"fr-FR\",\"@id\":\"https:\\\/\\\/secure.gravatar.com\\\/avatar\\\/57de8e5d4b15d43fb361a71fbb36338450fe67865b528a43dd10ef7c51a20392?s=96&d=mm&r=g\",\"url\":\"https:\\\/\\\/secure.gravatar.com\\\/avatar\\\/57de8e5d4b15d43fb361a71fbb36338450fe67865b528a43dd10ef7c51a20392?s=96&d=mm&r=g\",\"contentUrl\":\"https:\\\/\\\/secure.gravatar.com\\\/avatar\\\/57de8e5d4b15d43fb361a71fbb36338450fe67865b528a43dd10ef7c51a20392?s=96&d=mm&r=g\",\"caption\":\"La Sentinelle\"},\"sameAs\":[\"http:\\\/\\\/www.lasentinelle.dz\"],\"url\":\"https:\\\/\\\/lasentinelle.dz\\\/author\\\/redaction\\\/\"}]}<\/script>\n<!-- \/ Yoast SEO plugin. -->","yoast_head_json":{"title":"Viande, farine et semoules\u00a0: Des mesures pour r\u00e9guler d\u00e9finitivement le march\u00e9 - La Sentinelle","robots":{"index":"index","follow":"follow","max-snippet":"max-snippet:-1","max-image-preview":"max-image-preview:large","max-video-preview":"max-video-preview:-1"},"canonical":"https:\/\/lasentinelle.dz\/index.php\/2024\/03\/13\/viande-farine-et-semoules-des-mesures-pour-reguler-definitivement-le-marche\/","og_locale":"fr_FR","og_type":"article","og_title":"Viande, farine et semoules\u00a0: Des mesures pour r\u00e9guler d\u00e9finitivement le march\u00e9 - La Sentinelle","og_description":"Le ministre du Commerce et de la Promotion des exportations, Tayeb Zitouni, a annonc\u00e9 lundi qu\u2019une r\u00e9union se tiendra apr\u00e8s","og_url":"https:\/\/lasentinelle.dz\/index.php\/2024\/03\/13\/viande-farine-et-semoules-des-mesures-pour-reguler-definitivement-le-marche\/","og_site_name":"La Sentinelle","article_publisher":"https:\/\/www.facebook.com\/La-Sentinelle-104059864394773","article_published_time":"2024-03-13T13:08:16+00:00","article_modified_time":"2024-03-13T13:08:20+00:00","og_image":[{"width":1200,"height":900,"url":"https:\/\/lasentinelle.dz\/wp-content\/uploads\/2022\/12\/boucherie.png","type":"image\/png"}],"author":"La Sentinelle","twitter_card":"summary_large_image","twitter_misc":{"\u00c9crit par":"La Sentinelle","Dur\u00e9e de lecture estim\u00e9e":"4 minutes"},"schema":{"@context":"https:\/\/schema.org","@graph":[{"@type":"Article","@id":"https:\/\/lasentinelle.dz\/index.php\/2024\/03\/13\/viande-farine-et-semoules-des-mesures-pour-reguler-definitivement-le-marche\/#article","isPartOf":{"@id":"https:\/\/lasentinelle.dz\/index.php\/2024\/03\/13\/viande-farine-et-semoules-des-mesures-pour-reguler-definitivement-le-marche\/"},"author":{"name":"La Sentinelle","@id":"https:\/\/lasentinelle.dz\/#\/schema\/person\/d865044e22e70a75174ce8bcad3acfb3"},"headline":"Viande, farine et semoules\u00a0: Des mesures pour r\u00e9guler d\u00e9finitivement le march\u00e9","datePublished":"2024-03-13T13:08:16+00:00","dateModified":"2024-03-13T13:08:20+00:00","mainEntityOfPage":{"@id":"https:\/\/lasentinelle.dz\/index.php\/2024\/03\/13\/viande-farine-et-semoules-des-mesures-pour-reguler-definitivement-le-marche\/"},"wordCount":817,"commentCount":0,"publisher":{"@id":"https:\/\/lasentinelle.dz\/#organization"},"image":{"@id":"https:\/\/lasentinelle.dz\/index.php\/2024\/03\/13\/viande-farine-et-semoules-des-mesures-pour-reguler-definitivement-le-marche\/#primaryimage"},"thumbnailUrl":"https:\/\/lasentinelle.dz\/wp-content\/uploads\/2022\/12\/boucherie.png","articleSection":["\u00c0 la Une","\u00c9conomie"],"inLanguage":"fr-FR","potentialAction":[{"@type":"CommentAction","name":"Comment","target":["https:\/\/lasentinelle.dz\/index.php\/2024\/03\/13\/viande-farine-et-semoules-des-mesures-pour-reguler-definitivement-le-marche\/#respond"]}]},{"@type":"WebPage","@id":"https:\/\/lasentinelle.dz\/index.php\/2024\/03\/13\/viande-farine-et-semoules-des-mesures-pour-reguler-definitivement-le-marche\/","url":"https:\/\/lasentinelle.dz\/index.php\/2024\/03\/13\/viande-farine-et-semoules-des-mesures-pour-reguler-definitivement-le-marche\/","name":"Viande, farine et semoules\u00a0: Des mesures pour r\u00e9guler d\u00e9finitivement le march\u00e9 - La Sentinelle","isPartOf":{"@id":"https:\/\/lasentinelle.dz\/#website"},"primaryImageOfPage":{"@id":"https:\/\/lasentinelle.dz\/index.php\/2024\/03\/13\/viande-farine-et-semoules-des-mesures-pour-reguler-definitivement-le-marche\/#primaryimage"},"image":{"@id":"https:\/\/lasentinelle.dz\/index.php\/2024\/03\/13\/viande-farine-et-semoules-des-mesures-pour-reguler-definitivement-le-marche\/#primaryimage"},"thumbnailUrl":"https:\/\/lasentinelle.dz\/wp-content\/uploads\/2022\/12\/boucherie.png","datePublished":"2024-03-13T13:08:16+00:00","dateModified":"2024-03-13T13:08:20+00:00","breadcrumb":{"@id":"https:\/\/lasentinelle.dz\/index.php\/2024\/03\/13\/viande-farine-et-semoules-des-mesures-pour-reguler-definitivement-le-marche\/#breadcrumb"},"inLanguage":"fr-FR","potentialAction":[{"@type":"ReadAction","target":["https:\/\/lasentinelle.dz\/index.php\/2024\/03\/13\/viande-farine-et-semoules-des-mesures-pour-reguler-definitivement-le-marche\/"]}]},{"@type":"ImageObject","inLanguage":"fr-FR","@id":"https:\/\/lasentinelle.dz\/index.php\/2024\/03\/13\/viande-farine-et-semoules-des-mesures-pour-reguler-definitivement-le-marche\/#primaryimage","url":"https:\/\/lasentinelle.dz\/wp-content\/uploads\/2022\/12\/boucherie.png","contentUrl":"https:\/\/lasentinelle.dz\/wp-content\/uploads\/2022\/12\/boucherie.png","width":1200,"height":900},{"@type":"BreadcrumbList","@id":"https:\/\/lasentinelle.dz\/index.php\/2024\/03\/13\/viande-farine-et-semoules-des-mesures-pour-reguler-definitivement-le-marche\/#breadcrumb","itemListElement":[{"@type":"ListItem","position":1,"name":"Accueil","item":"https:\/\/lasentinelle.dz\/"},{"@type":"ListItem","position":2,"name":"Viande, farine et semoules\u00a0: Des mesures pour r\u00e9guler d\u00e9finitivement le march\u00e9"}]},{"@type":"WebSite","@id":"https:\/\/lasentinelle.dz\/#website","url":"https:\/\/lasentinelle.dz\/","name":"La Sentinelle","description":"Quotidien national d&#039;information","publisher":{"@id":"https:\/\/lasentinelle.dz\/#organization"},"potentialAction":[{"@type":"SearchAction","target":{"@type":"EntryPoint","urlTemplate":"https:\/\/lasentinelle.dz\/?s={search_term_string}"},"query-input":{"@type":"PropertyValueSpecification","valueRequired":true,"valueName":"search_term_string"}}],"inLanguage":"fr-FR"},{"@type":"Organization","@id":"https:\/\/lasentinelle.dz\/#organization","name":"Quotidien La Sentinelle","url":"https:\/\/lasentinelle.dz\/","logo":{"@type":"ImageObject","inLanguage":"fr-FR","@id":"https:\/\/lasentinelle.dz\/#\/schema\/logo\/image\/","url":"https:\/\/lasentinelle.dz\/wp-content\/uploads\/2021\/09\/logo-sentinelleSLOGAN-1.png","contentUrl":"https:\/\/lasentinelle.dz\/wp-content\/uploads\/2021\/09\/logo-sentinelleSLOGAN-1.png","width":615,"height":142,"caption":"Quotidien La Sentinelle"},"image":{"@id":"https:\/\/lasentinelle.dz\/#\/schema\/logo\/image\/"},"sameAs":["https:\/\/www.facebook.com\/La-Sentinelle-104059864394773"]},{"@type":"Person","@id":"https:\/\/lasentinelle.dz\/#\/schema\/person\/d865044e22e70a75174ce8bcad3acfb3","name":"La Sentinelle","image":{"@type":"ImageObject","inLanguage":"fr-FR","@id":"https:\/\/secure.gravatar.com\/avatar\/57de8e5d4b15d43fb361a71fbb36338450fe67865b528a43dd10ef7c51a20392?s=96&d=mm&r=g","url":"https:\/\/secure.gravatar.com\/avatar\/57de8e5d4b15d43fb361a71fbb36338450fe67865b528a43dd10ef7c51a20392?s=96&d=mm&r=g","contentUrl":"https:\/\/secure.gravatar.com\/avatar\/57de8e5d4b15d43fb361a71fbb36338450fe67865b528a43dd10ef7c51a20392?s=96&d=mm&r=g","caption":"La Sentinelle"},"sameAs":["http:\/\/www.lasentinelle.dz"],"url":"https:\/\/lasentinelle.dz\/author\/redaction\/"}]}},"_links":{"self":[{"href":"https:\/\/lasentinelle.dz\/index.php\/wp-json\/wp\/v2\/posts\/50324","targetHints":{"allow":["GET"]}}],"collection":[{"href":"https:\/\/lasentinelle.dz\/index.php\/wp-json\/wp\/v2\/posts"}],"about":[{"href":"https:\/\/lasentinelle.dz\/index.php\/wp-json\/wp\/v2\/types\/post"}],"author":[{"embeddable":true,"href":"https:\/\/lasentinelle.dz\/index.php\/wp-json\/wp\/v2\/users\/3"}],"replies":[{"embeddable":true,"href":"https:\/\/lasentinelle.dz\/index.php\/wp-json\/wp\/v2\/comments?post=50324"}],"version-history":[{"count":1,"href":"https:\/\/lasentinelle.dz\/index.php\/wp-json\/wp\/v2\/posts\/50324\/revisions"}],"predecessor-version":[{"id":50325,"href":"https:\/\/lasentinelle.dz\/index.php\/wp-json\/wp\/v2\/posts\/50324\/revisions\/50325"}],"wp:featuredmedia":[{"embeddable":true,"href":"https:\/\/lasentinelle.dz\/index.php\/wp-json\/wp\/v2\/media\/32931"}],"wp:attachment":[{"href":"https:\/\/lasentinelle.dz\/index.php\/wp-json\/wp\/v2\/media?parent=50324"}],"wp:term":[{"taxonomy":"category","embeddable":true,"href":"https:\/\/lasentinelle.dz\/index.php\/wp-json\/wp\/v2\/categories?post=50324"},{"taxonomy":"post_tag","embeddable":true,"href":"https:\/\/lasentinelle.dz\/index.php\/wp-json\/wp\/v2\/tags?post=50324"}],"curies":[{"name":"wp","href":"https:\/\/api.w.org\/{rel}","templated":true}]}}