{"id":50418,"date":"2024-03-17T13:44:58","date_gmt":"2024-03-17T12:44:58","guid":{"rendered":"https:\/\/lasentinelle.dz\/?p=50418"},"modified":"2024-03-17T13:45:01","modified_gmt":"2024-03-17T12:45:01","slug":"agriculteurs-affectes-par-les-dernieres-intemperies-la-cnma-lance-loperation-dindemnisation","status":"publish","type":"post","link":"https:\/\/lasentinelle.dz\/index.php\/2024\/03\/17\/agriculteurs-affectes-par-les-dernieres-intemperies-la-cnma-lance-loperation-dindemnisation\/","title":{"rendered":"Agriculteurs affect\u00e9s par les derni\u00e8res intemp\u00e9ries\u00a0: La CNMA lance l&rsquo;op\u00e9ration d\u2019indemnisation"},"content":{"rendered":"\n<p>Comme exig\u00e9 par le pr\u00e9sident de la R\u00e9publique, l\u2019op\u00e9ration d\u2019indemnisation des agriculteurs sinistr\u00e9s lors des intemp\u00e9ries qui ont affect\u00e9 le nord du pays le 28 et 29 f\u00e9vrier ainsi que le 1<sup>er<\/sup> mars a \u00e9t\u00e9 lanc\u00e9 en moins d\u2019une semaine de la tenue du dernier Conseil des ministres. En effet, la Caisse nationale de mutualit\u00e9 agricole a annonc\u00e9, vendredi dans un communiqu\u00e9, avoir entam\u00e9 l&rsquo;op\u00e9ration, initi\u00e9e par les pouvoirs publics, de prise en charge des agriculteurs sinistr\u00e9s suite aux derni\u00e8res intemp\u00e9ries, \u00e0 travers ses services, dans le cadre du Fonds de garantie contre les calamit\u00e9s agricoles. \u00ab\u00a0Conform\u00e9ment aux instructions du pr\u00e9sident de la R\u00e9publique, M. Abdelmadjid Tebboune, lors du dernier Conseil des ministres, la CNMA a proc\u00e9d\u00e9 \u00e0 la prise en charge des sinistr\u00e9s des r\u00e9centes intemp\u00e9ries \u00e0 travers son r\u00e9seau, et ce, par le biais du Fonds de garanties contre les calamit\u00e9s agricoles\u00a0\u00bb, a pr\u00e9cis\u00e9 la mutualit\u00e9. \u00ab\u00a0Des actions concr\u00e8tes ont \u00e9t\u00e9 entreprises, hier soir, au niveau des Caisses r\u00e9gionales de Bejaia, Tizi Ouzou, S\u00e9tif, Jijel, Skikda, Mila et Constantine\u00a0\u00bb, a indiqu\u00e9 le communiqu\u00e9. La CNMA pr\u00e9cise que \u00ab\u00a0des virements bancaires et des remises de ch\u00e8ques ont \u00e9t\u00e9 effectu\u00e9s permettant d&rsquo;acc\u00e9l\u00e9rer le processus de soutien et d&rsquo;assurer une assistance rapide aux sinistr\u00e9s\u00a0\u00bb. A ce sujet, la mutualit\u00e9 agricole a assur\u00e9 que \u00ab\u00a0les ressources d\u00e9ploy\u00e9es visent \u00e0 att\u00e9nuer les cons\u00e9quences des dommages caus\u00e9s par les intemp\u00e9ries, notamment dans le secteur agricole, o\u00f9 de nombreuses exploitations ont subi des pertes significatives\u00a0\u00bb.\u00a0\u00bbCes mesures d\u00e9montrent l&rsquo;engagement des autorit\u00e9s \u00e0 r\u00e9pondre efficacement aux besoins des populations rurales. La CNMA est sur le terrain et demeure mobilis\u00e9e, \u00e0 travers sa cellule de veille, pour le bon d\u00e9roulement de cette op\u00e9ration et r\u00e9affirme son engagement\u00a0\u00bb, a-t-on soulign\u00e9 de m\u00eame source.<\/p>\n\n\n\n<p>Il est utile de rappeler que lors du Conseil des ministres tenu dimanche dernier, le Pr\u00e9sident Abdelmadjid Tebboune avait ordonn\u00e9, concernant les agriculteurs impact\u00e9s par les inondations qui ont touch\u00e9 sept wilayas, le versement d\u2019une indemnit\u00e9 de 50.000 DA durant le mois de Ramadhan, et ce, dans un d\u00e9lai maximal d\u2019une semaine. Le Pr\u00e9sident Abdelmadjid Tebboune a \u00e9galement ordonn\u00e9 l\u2019indemnisation des agriculteurs pour les pertes occasionn\u00e9es par les r\u00e9centes inondations par le biais de la Caisse nationale de mutualit\u00e9 agricole (CNMA). La question a d\u2019ailleurs \u00e9t\u00e9 examin\u00e9e lors de la r\u00e9union du gouvernement qui s\u2019est pench\u00e9 sur les mesures de solidarit\u00e9 d\u00e9cid\u00e9es par le Chef de l\u2019\u00c9tat.<\/p>\n\n\n\n<p><strong>C. Hafed<\/strong><\/p>\n","protected":false},"excerpt":{"rendered":"<p>Comme exig\u00e9 par le pr\u00e9sident de la R\u00e9publique, l\u2019op\u00e9ration d\u2019indemnisation des agriculteurs sinistr\u00e9s lors des intemp\u00e9ries qui ont affect\u00e9 le<\/p>\n","protected":false},"author":3,"featured_media":48134,"comment_status":"open","ping_status":"closed","sticky":false,"template":"","format":"standard","meta":{"colormag_page_container_layout":"default_layout","colormag_page_sidebar_layout":"default_layout","om_disable_all_campaigns":false,"_monsterinsights_skip_tracking":false,"_monsterinsights_sitenote_active":false,"_monsterinsights_sitenote_note":"","_monsterinsights_sitenote_category":0,"footnotes":"","_wpscppro_dont_share_socialmedia":false,"_wpscppro_custom_social_share_image":0,"_facebook_share_type":"","_twitter_share_type":"","_linkedin_share_type":"","_pinterest_share_type":"","_linkedin_share_type_page":"","_instagram_share_type":"","_medium_share_type":"","_threads_share_type":"","_google_business_share_type":"","_selected_social_profile":[],"_wpsp_enable_custom_social_template":false,"_wpsp_social_scheduling":{"enabled":false,"datetime":null,"platforms":[],"status":"template_only","dateOption":"today","timeOption":"now","customDays":"","customHours":"","customDate":"","customTime":"","schedulingType":"absolute"},"_wpsp_active_default_template":true},"categories":[27],"tags":[],"class_list":["post-50418","post","type-post","status-publish","format-standard","has-post-thumbnail","hentry","category-actualite"],"aioseo_notices":[],"yoast_head":"<!-- This site is optimized with the Yoast SEO plugin v27.4 - https:\/\/yoast.com\/product\/yoast-seo-wordpress\/ -->\n<title>Agriculteurs affect\u00e9s par les derni\u00e8res intemp\u00e9ries\u00a0: La CNMA lance l&rsquo;op\u00e9ration d\u2019indemnisation - La Sentinelle<\/title>\n<meta name=\"robots\" content=\"index, follow, max-snippet:-1, max-image-preview:large, max-video-preview:-1\" \/>\n<link rel=\"canonical\" href=\"https:\/\/lasentinelle.dz\/index.php\/2024\/03\/17\/agriculteurs-affectes-par-les-dernieres-intemperies-la-cnma-lance-loperation-dindemnisation\/\" \/>\n<meta property=\"og:locale\" content=\"fr_FR\" \/>\n<meta property=\"og:type\" content=\"article\" \/>\n<meta property=\"og:title\" content=\"Agriculteurs affect\u00e9s par les derni\u00e8res intemp\u00e9ries\u00a0: La CNMA lance l&rsquo;op\u00e9ration d\u2019indemnisation - La Sentinelle\" \/>\n<meta property=\"og:description\" content=\"Comme exig\u00e9 par le pr\u00e9sident de la R\u00e9publique, l\u2019op\u00e9ration d\u2019indemnisation des agriculteurs sinistr\u00e9s lors des intemp\u00e9ries qui ont affect\u00e9 le\" \/>\n<meta property=\"og:url\" content=\"https:\/\/lasentinelle.dz\/index.php\/2024\/03\/17\/agriculteurs-affectes-par-les-dernieres-intemperies-la-cnma-lance-loperation-dindemnisation\/\" \/>\n<meta property=\"og:site_name\" content=\"La Sentinelle\" \/>\n<meta property=\"article:publisher\" content=\"https:\/\/www.facebook.com\/La-Sentinelle-104059864394773\" \/>\n<meta property=\"article:published_time\" content=\"2024-03-17T12:44:58+00:00\" \/>\n<meta property=\"article:modified_time\" content=\"2024-03-17T12:45:01+00:00\" \/>\n<meta property=\"og:image\" content=\"https:\/\/lasentinelle.dz\/wp-content\/uploads\/2023\/12\/cnma.jpeg\" \/>\n\t<meta property=\"og:image:width\" content=\"580\" \/>\n\t<meta property=\"og:image:height\" content=\"350\" \/>\n\t<meta property=\"og:image:type\" content=\"image\/jpeg\" \/>\n<meta name=\"author\" content=\"La Sentinelle\" \/>\n<meta name=\"twitter:card\" content=\"summary_large_image\" \/>\n<meta name=\"twitter:label1\" content=\"\u00c9crit par\" \/>\n\t<meta name=\"twitter:data1\" content=\"La Sentinelle\" \/>\n\t<meta name=\"twitter:label2\" content=\"Dur\u00e9e de lecture estim\u00e9e\" \/>\n\t<meta name=\"twitter:data2\" content=\"3 minutes\" \/>\n<script type=\"application\/ld+json\" class=\"yoast-schema-graph\">{\"@context\":\"https:\\\/\\\/schema.org\",\"@graph\":[{\"@type\":\"Article\",\"@id\":\"https:\\\/\\\/lasentinelle.dz\\\/index.php\\\/2024\\\/03\\\/17\\\/agriculteurs-affectes-par-les-dernieres-intemperies-la-cnma-lance-loperation-dindemnisation\\\/#article\",\"isPartOf\":{\"@id\":\"https:\\\/\\\/lasentinelle.dz\\\/index.php\\\/2024\\\/03\\\/17\\\/agriculteurs-affectes-par-les-dernieres-intemperies-la-cnma-lance-loperation-dindemnisation\\\/\"},\"author\":{\"name\":\"La Sentinelle\",\"@id\":\"https:\\\/\\\/lasentinelle.dz\\\/#\\\/schema\\\/person\\\/d865044e22e70a75174ce8bcad3acfb3\"},\"headline\":\"Agriculteurs affect\u00e9s par les derni\u00e8res intemp\u00e9ries\u00a0: La CNMA lance l&rsquo;op\u00e9ration d\u2019indemnisation\",\"datePublished\":\"2024-03-17T12:44:58+00:00\",\"dateModified\":\"2024-03-17T12:45:01+00:00\",\"mainEntityOfPage\":{\"@id\":\"https:\\\/\\\/lasentinelle.dz\\\/index.php\\\/2024\\\/03\\\/17\\\/agriculteurs-affectes-par-les-dernieres-intemperies-la-cnma-lance-loperation-dindemnisation\\\/\"},\"wordCount\":471,\"commentCount\":0,\"publisher\":{\"@id\":\"https:\\\/\\\/lasentinelle.dz\\\/#organization\"},\"image\":{\"@id\":\"https:\\\/\\\/lasentinelle.dz\\\/index.php\\\/2024\\\/03\\\/17\\\/agriculteurs-affectes-par-les-dernieres-intemperies-la-cnma-lance-loperation-dindemnisation\\\/#primaryimage\"},\"thumbnailUrl\":\"https:\\\/\\\/lasentinelle.dz\\\/wp-content\\\/uploads\\\/2023\\\/12\\\/cnma.jpeg\",\"articleSection\":[\"Actualit\u00e9\"],\"inLanguage\":\"fr-FR\",\"potentialAction\":[{\"@type\":\"CommentAction\",\"name\":\"Comment\",\"target\":[\"https:\\\/\\\/lasentinelle.dz\\\/index.php\\\/2024\\\/03\\\/17\\\/agriculteurs-affectes-par-les-dernieres-intemperies-la-cnma-lance-loperation-dindemnisation\\\/#respond\"]}]},{\"@type\":\"WebPage\",\"@id\":\"https:\\\/\\\/lasentinelle.dz\\\/index.php\\\/2024\\\/03\\\/17\\\/agriculteurs-affectes-par-les-dernieres-intemperies-la-cnma-lance-loperation-dindemnisation\\\/\",\"url\":\"https:\\\/\\\/lasentinelle.dz\\\/index.php\\\/2024\\\/03\\\/17\\\/agriculteurs-affectes-par-les-dernieres-intemperies-la-cnma-lance-loperation-dindemnisation\\\/\",\"name\":\"Agriculteurs affect\u00e9s par les derni\u00e8res intemp\u00e9ries\u00a0: La CNMA lance l&rsquo;op\u00e9ration d\u2019indemnisation - La Sentinelle\",\"isPartOf\":{\"@id\":\"https:\\\/\\\/lasentinelle.dz\\\/#website\"},\"primaryImageOfPage\":{\"@id\":\"https:\\\/\\\/lasentinelle.dz\\\/index.php\\\/2024\\\/03\\\/17\\\/agriculteurs-affectes-par-les-dernieres-intemperies-la-cnma-lance-loperation-dindemnisation\\\/#primaryimage\"},\"image\":{\"@id\":\"https:\\\/\\\/lasentinelle.dz\\\/index.php\\\/2024\\\/03\\\/17\\\/agriculteurs-affectes-par-les-dernieres-intemperies-la-cnma-lance-loperation-dindemnisation\\\/#primaryimage\"},\"thumbnailUrl\":\"https:\\\/\\\/lasentinelle.dz\\\/wp-content\\\/uploads\\\/2023\\\/12\\\/cnma.jpeg\",\"datePublished\":\"2024-03-17T12:44:58+00:00\",\"dateModified\":\"2024-03-17T12:45:01+00:00\",\"breadcrumb\":{\"@id\":\"https:\\\/\\\/lasentinelle.dz\\\/index.php\\\/2024\\\/03\\\/17\\\/agriculteurs-affectes-par-les-dernieres-intemperies-la-cnma-lance-loperation-dindemnisation\\\/#breadcrumb\"},\"inLanguage\":\"fr-FR\",\"potentialAction\":[{\"@type\":\"ReadAction\",\"target\":[\"https:\\\/\\\/lasentinelle.dz\\\/index.php\\\/2024\\\/03\\\/17\\\/agriculteurs-affectes-par-les-dernieres-intemperies-la-cnma-lance-loperation-dindemnisation\\\/\"]}]},{\"@type\":\"ImageObject\",\"inLanguage\":\"fr-FR\",\"@id\":\"https:\\\/\\\/lasentinelle.dz\\\/index.php\\\/2024\\\/03\\\/17\\\/agriculteurs-affectes-par-les-dernieres-intemperies-la-cnma-lance-loperation-dindemnisation\\\/#primaryimage\",\"url\":\"https:\\\/\\\/lasentinelle.dz\\\/wp-content\\\/uploads\\\/2023\\\/12\\\/cnma.jpeg\",\"contentUrl\":\"https:\\\/\\\/lasentinelle.dz\\\/wp-content\\\/uploads\\\/2023\\\/12\\\/cnma.jpeg\",\"width\":580,\"height\":350},{\"@type\":\"BreadcrumbList\",\"@id\":\"https:\\\/\\\/lasentinelle.dz\\\/index.php\\\/2024\\\/03\\\/17\\\/agriculteurs-affectes-par-les-dernieres-intemperies-la-cnma-lance-loperation-dindemnisation\\\/#breadcrumb\",\"itemListElement\":[{\"@type\":\"ListItem\",\"position\":1,\"name\":\"Accueil\",\"item\":\"https:\\\/\\\/lasentinelle.dz\\\/\"},{\"@type\":\"ListItem\",\"position\":2,\"name\":\"Agriculteurs affect\u00e9s par les derni\u00e8res intemp\u00e9ries\u00a0: La CNMA lance l&rsquo;op\u00e9ration d\u2019indemnisation\"}]},{\"@type\":\"WebSite\",\"@id\":\"https:\\\/\\\/lasentinelle.dz\\\/#website\",\"url\":\"https:\\\/\\\/lasentinelle.dz\\\/\",\"name\":\"La Sentinelle\",\"description\":\"Quotidien national d&#039;information\",\"publisher\":{\"@id\":\"https:\\\/\\\/lasentinelle.dz\\\/#organization\"},\"potentialAction\":[{\"@type\":\"SearchAction\",\"target\":{\"@type\":\"EntryPoint\",\"urlTemplate\":\"https:\\\/\\\/lasentinelle.dz\\\/?s={search_term_string}\"},\"query-input\":{\"@type\":\"PropertyValueSpecification\",\"valueRequired\":true,\"valueName\":\"search_term_string\"}}],\"inLanguage\":\"fr-FR\"},{\"@type\":\"Organization\",\"@id\":\"https:\\\/\\\/lasentinelle.dz\\\/#organization\",\"name\":\"Quotidien La Sentinelle\",\"url\":\"https:\\\/\\\/lasentinelle.dz\\\/\",\"logo\":{\"@type\":\"ImageObject\",\"inLanguage\":\"fr-FR\",\"@id\":\"https:\\\/\\\/lasentinelle.dz\\\/#\\\/schema\\\/logo\\\/image\\\/\",\"url\":\"https:\\\/\\\/lasentinelle.dz\\\/wp-content\\\/uploads\\\/2021\\\/09\\\/logo-sentinelleSLOGAN-1.png\",\"contentUrl\":\"https:\\\/\\\/lasentinelle.dz\\\/wp-content\\\/uploads\\\/2021\\\/09\\\/logo-sentinelleSLOGAN-1.png\",\"width\":615,\"height\":142,\"caption\":\"Quotidien La Sentinelle\"},\"image\":{\"@id\":\"https:\\\/\\\/lasentinelle.dz\\\/#\\\/schema\\\/logo\\\/image\\\/\"},\"sameAs\":[\"https:\\\/\\\/www.facebook.com\\\/La-Sentinelle-104059864394773\"]},{\"@type\":\"Person\",\"@id\":\"https:\\\/\\\/lasentinelle.dz\\\/#\\\/schema\\\/person\\\/d865044e22e70a75174ce8bcad3acfb3\",\"name\":\"La Sentinelle\",\"image\":{\"@type\":\"ImageObject\",\"inLanguage\":\"fr-FR\",\"@id\":\"https:\\\/\\\/secure.gravatar.com\\\/avatar\\\/57de8e5d4b15d43fb361a71fbb36338450fe67865b528a43dd10ef7c51a20392?s=96&d=mm&r=g\",\"url\":\"https:\\\/\\\/secure.gravatar.com\\\/avatar\\\/57de8e5d4b15d43fb361a71fbb36338450fe67865b528a43dd10ef7c51a20392?s=96&d=mm&r=g\",\"contentUrl\":\"https:\\\/\\\/secure.gravatar.com\\\/avatar\\\/57de8e5d4b15d43fb361a71fbb36338450fe67865b528a43dd10ef7c51a20392?s=96&d=mm&r=g\",\"caption\":\"La Sentinelle\"},\"sameAs\":[\"http:\\\/\\\/www.lasentinelle.dz\"],\"url\":\"https:\\\/\\\/lasentinelle.dz\\\/author\\\/redaction\\\/\"}]}<\/script>\n<!-- \/ Yoast SEO plugin. -->","yoast_head_json":{"title":"Agriculteurs affect\u00e9s par les derni\u00e8res intemp\u00e9ries\u00a0: La CNMA lance l&rsquo;op\u00e9ration d\u2019indemnisation - La Sentinelle","robots":{"index":"index","follow":"follow","max-snippet":"max-snippet:-1","max-image-preview":"max-image-preview:large","max-video-preview":"max-video-preview:-1"},"canonical":"https:\/\/lasentinelle.dz\/index.php\/2024\/03\/17\/agriculteurs-affectes-par-les-dernieres-intemperies-la-cnma-lance-loperation-dindemnisation\/","og_locale":"fr_FR","og_type":"article","og_title":"Agriculteurs affect\u00e9s par les derni\u00e8res intemp\u00e9ries\u00a0: La CNMA lance l&rsquo;op\u00e9ration d\u2019indemnisation - La Sentinelle","og_description":"Comme exig\u00e9 par le pr\u00e9sident de la R\u00e9publique, l\u2019op\u00e9ration d\u2019indemnisation des agriculteurs sinistr\u00e9s lors des intemp\u00e9ries qui ont affect\u00e9 le","og_url":"https:\/\/lasentinelle.dz\/index.php\/2024\/03\/17\/agriculteurs-affectes-par-les-dernieres-intemperies-la-cnma-lance-loperation-dindemnisation\/","og_site_name":"La Sentinelle","article_publisher":"https:\/\/www.facebook.com\/La-Sentinelle-104059864394773","article_published_time":"2024-03-17T12:44:58+00:00","article_modified_time":"2024-03-17T12:45:01+00:00","og_image":[{"width":580,"height":350,"url":"https:\/\/lasentinelle.dz\/wp-content\/uploads\/2023\/12\/cnma.jpeg","type":"image\/jpeg"}],"author":"La Sentinelle","twitter_card":"summary_large_image","twitter_misc":{"\u00c9crit par":"La Sentinelle","Dur\u00e9e de lecture estim\u00e9e":"3 minutes"},"schema":{"@context":"https:\/\/schema.org","@graph":[{"@type":"Article","@id":"https:\/\/lasentinelle.dz\/index.php\/2024\/03\/17\/agriculteurs-affectes-par-les-dernieres-intemperies-la-cnma-lance-loperation-dindemnisation\/#article","isPartOf":{"@id":"https:\/\/lasentinelle.dz\/index.php\/2024\/03\/17\/agriculteurs-affectes-par-les-dernieres-intemperies-la-cnma-lance-loperation-dindemnisation\/"},"author":{"name":"La Sentinelle","@id":"https:\/\/lasentinelle.dz\/#\/schema\/person\/d865044e22e70a75174ce8bcad3acfb3"},"headline":"Agriculteurs affect\u00e9s par les derni\u00e8res intemp\u00e9ries\u00a0: La CNMA lance l&rsquo;op\u00e9ration d\u2019indemnisation","datePublished":"2024-03-17T12:44:58+00:00","dateModified":"2024-03-17T12:45:01+00:00","mainEntityOfPage":{"@id":"https:\/\/lasentinelle.dz\/index.php\/2024\/03\/17\/agriculteurs-affectes-par-les-dernieres-intemperies-la-cnma-lance-loperation-dindemnisation\/"},"wordCount":471,"commentCount":0,"publisher":{"@id":"https:\/\/lasentinelle.dz\/#organization"},"image":{"@id":"https:\/\/lasentinelle.dz\/index.php\/2024\/03\/17\/agriculteurs-affectes-par-les-dernieres-intemperies-la-cnma-lance-loperation-dindemnisation\/#primaryimage"},"thumbnailUrl":"https:\/\/lasentinelle.dz\/wp-content\/uploads\/2023\/12\/cnma.jpeg","articleSection":["Actualit\u00e9"],"inLanguage":"fr-FR","potentialAction":[{"@type":"CommentAction","name":"Comment","target":["https:\/\/lasentinelle.dz\/index.php\/2024\/03\/17\/agriculteurs-affectes-par-les-dernieres-intemperies-la-cnma-lance-loperation-dindemnisation\/#respond"]}]},{"@type":"WebPage","@id":"https:\/\/lasentinelle.dz\/index.php\/2024\/03\/17\/agriculteurs-affectes-par-les-dernieres-intemperies-la-cnma-lance-loperation-dindemnisation\/","url":"https:\/\/lasentinelle.dz\/index.php\/2024\/03\/17\/agriculteurs-affectes-par-les-dernieres-intemperies-la-cnma-lance-loperation-dindemnisation\/","name":"Agriculteurs affect\u00e9s par les derni\u00e8res intemp\u00e9ries\u00a0: La CNMA lance l&rsquo;op\u00e9ration d\u2019indemnisation - La Sentinelle","isPartOf":{"@id":"https:\/\/lasentinelle.dz\/#website"},"primaryImageOfPage":{"@id":"https:\/\/lasentinelle.dz\/index.php\/2024\/03\/17\/agriculteurs-affectes-par-les-dernieres-intemperies-la-cnma-lance-loperation-dindemnisation\/#primaryimage"},"image":{"@id":"https:\/\/lasentinelle.dz\/index.php\/2024\/03\/17\/agriculteurs-affectes-par-les-dernieres-intemperies-la-cnma-lance-loperation-dindemnisation\/#primaryimage"},"thumbnailUrl":"https:\/\/lasentinelle.dz\/wp-content\/uploads\/2023\/12\/cnma.jpeg","datePublished":"2024-03-17T12:44:58+00:00","dateModified":"2024-03-17T12:45:01+00:00","breadcrumb":{"@id":"https:\/\/lasentinelle.dz\/index.php\/2024\/03\/17\/agriculteurs-affectes-par-les-dernieres-intemperies-la-cnma-lance-loperation-dindemnisation\/#breadcrumb"},"inLanguage":"fr-FR","potentialAction":[{"@type":"ReadAction","target":["https:\/\/lasentinelle.dz\/index.php\/2024\/03\/17\/agriculteurs-affectes-par-les-dernieres-intemperies-la-cnma-lance-loperation-dindemnisation\/"]}]},{"@type":"ImageObject","inLanguage":"fr-FR","@id":"https:\/\/lasentinelle.dz\/index.php\/2024\/03\/17\/agriculteurs-affectes-par-les-dernieres-intemperies-la-cnma-lance-loperation-dindemnisation\/#primaryimage","url":"https:\/\/lasentinelle.dz\/wp-content\/uploads\/2023\/12\/cnma.jpeg","contentUrl":"https:\/\/lasentinelle.dz\/wp-content\/uploads\/2023\/12\/cnma.jpeg","width":580,"height":350},{"@type":"BreadcrumbList","@id":"https:\/\/lasentinelle.dz\/index.php\/2024\/03\/17\/agriculteurs-affectes-par-les-dernieres-intemperies-la-cnma-lance-loperation-dindemnisation\/#breadcrumb","itemListElement":[{"@type":"ListItem","position":1,"name":"Accueil","item":"https:\/\/lasentinelle.dz\/"},{"@type":"ListItem","position":2,"name":"Agriculteurs affect\u00e9s par les derni\u00e8res intemp\u00e9ries\u00a0: La CNMA lance l&rsquo;op\u00e9ration d\u2019indemnisation"}]},{"@type":"WebSite","@id":"https:\/\/lasentinelle.dz\/#website","url":"https:\/\/lasentinelle.dz\/","name":"La Sentinelle","description":"Quotidien national d&#039;information","publisher":{"@id":"https:\/\/lasentinelle.dz\/#organization"},"potentialAction":[{"@type":"SearchAction","target":{"@type":"EntryPoint","urlTemplate":"https:\/\/lasentinelle.dz\/?s={search_term_string}"},"query-input":{"@type":"PropertyValueSpecification","valueRequired":true,"valueName":"search_term_string"}}],"inLanguage":"fr-FR"},{"@type":"Organization","@id":"https:\/\/lasentinelle.dz\/#organization","name":"Quotidien La Sentinelle","url":"https:\/\/lasentinelle.dz\/","logo":{"@type":"ImageObject","inLanguage":"fr-FR","@id":"https:\/\/lasentinelle.dz\/#\/schema\/logo\/image\/","url":"https:\/\/lasentinelle.dz\/wp-content\/uploads\/2021\/09\/logo-sentinelleSLOGAN-1.png","contentUrl":"https:\/\/lasentinelle.dz\/wp-content\/uploads\/2021\/09\/logo-sentinelleSLOGAN-1.png","width":615,"height":142,"caption":"Quotidien La Sentinelle"},"image":{"@id":"https:\/\/lasentinelle.dz\/#\/schema\/logo\/image\/"},"sameAs":["https:\/\/www.facebook.com\/La-Sentinelle-104059864394773"]},{"@type":"Person","@id":"https:\/\/lasentinelle.dz\/#\/schema\/person\/d865044e22e70a75174ce8bcad3acfb3","name":"La Sentinelle","image":{"@type":"ImageObject","inLanguage":"fr-FR","@id":"https:\/\/secure.gravatar.com\/avatar\/57de8e5d4b15d43fb361a71fbb36338450fe67865b528a43dd10ef7c51a20392?s=96&d=mm&r=g","url":"https:\/\/secure.gravatar.com\/avatar\/57de8e5d4b15d43fb361a71fbb36338450fe67865b528a43dd10ef7c51a20392?s=96&d=mm&r=g","contentUrl":"https:\/\/secure.gravatar.com\/avatar\/57de8e5d4b15d43fb361a71fbb36338450fe67865b528a43dd10ef7c51a20392?s=96&d=mm&r=g","caption":"La Sentinelle"},"sameAs":["http:\/\/www.lasentinelle.dz"],"url":"https:\/\/lasentinelle.dz\/author\/redaction\/"}]}},"_links":{"self":[{"href":"https:\/\/lasentinelle.dz\/index.php\/wp-json\/wp\/v2\/posts\/50418","targetHints":{"allow":["GET"]}}],"collection":[{"href":"https:\/\/lasentinelle.dz\/index.php\/wp-json\/wp\/v2\/posts"}],"about":[{"href":"https:\/\/lasentinelle.dz\/index.php\/wp-json\/wp\/v2\/types\/post"}],"author":[{"embeddable":true,"href":"https:\/\/lasentinelle.dz\/index.php\/wp-json\/wp\/v2\/users\/3"}],"replies":[{"embeddable":true,"href":"https:\/\/lasentinelle.dz\/index.php\/wp-json\/wp\/v2\/comments?post=50418"}],"version-history":[{"count":2,"href":"https:\/\/lasentinelle.dz\/index.php\/wp-json\/wp\/v2\/posts\/50418\/revisions"}],"predecessor-version":[{"id":50420,"href":"https:\/\/lasentinelle.dz\/index.php\/wp-json\/wp\/v2\/posts\/50418\/revisions\/50420"}],"wp:featuredmedia":[{"embeddable":true,"href":"https:\/\/lasentinelle.dz\/index.php\/wp-json\/wp\/v2\/media\/48134"}],"wp:attachment":[{"href":"https:\/\/lasentinelle.dz\/index.php\/wp-json\/wp\/v2\/media?parent=50418"}],"wp:term":[{"taxonomy":"category","embeddable":true,"href":"https:\/\/lasentinelle.dz\/index.php\/wp-json\/wp\/v2\/categories?post=50418"},{"taxonomy":"post_tag","embeddable":true,"href":"https:\/\/lasentinelle.dz\/index.php\/wp-json\/wp\/v2\/tags?post=50418"}],"curies":[{"name":"wp","href":"https:\/\/api.w.org\/{rel}","templated":true}]}}