{"id":50477,"date":"2024-03-19T13:21:46","date_gmt":"2024-03-19T12:21:46","guid":{"rendered":"https:\/\/lasentinelle.dz\/?p=50477"},"modified":"2024-03-19T13:21:51","modified_gmt":"2024-03-19T12:21:51","slug":"aeroport-dalger-une-nette-hausse-du-trafic-de-voyageurs-attendue","status":"publish","type":"post","link":"https:\/\/lasentinelle.dz\/index.php\/2024\/03\/19\/aeroport-dalger-une-nette-hausse-du-trafic-de-voyageurs-attendue\/","title":{"rendered":"A\u00e9roport d\u2019Alger\u00a0: Une nette hausse du trafic de voyageurs attendue"},"content":{"rendered":"\n<p><\/p>\n\n\n\n<p>Le PDG de la Soci\u00e9t\u00e9 de gestion des services et infrastructures a\u00e9roportuaires d&rsquo;Alger (SGSIA), Mokhtar Said Mediouni a indiqu\u00e9 hier d&rsquo;une conf\u00e9rence de presse tenue \u00e0 l&rsquo;a\u00e9roport d\u2019Alger qu\u2019une feuille de route a \u00e9t\u00e9 mise en place dans l\u2019objectif d\u2019\u00a0\u00bbexploiter cette infrastructure a\u00e9roportuaire \u00e0 100% de sa capacit\u00e9\u00a0\u00bb. Il pr\u00e9voit dans ce contexte \u00ab\u00a0une augmentation du trafic passagers de 6,2 millions de voyageurs en 2022 \u00e0 pr\u00e8s de 10 millions d&rsquo;ici la fin de l&rsquo;ann\u00e9e 2024\u00a0\u00bb. Une progression favoris\u00e9e, explique-t-il, par la reprise de l&rsquo;activit\u00e9 du transport a\u00e9rien dans le pays et dans le monde apr\u00e8s la crise sanitaire de la<\/p>\n\n\n\n<p>pand\u00e9mie de Covid-19, ainsi que des r\u00e9ductions d\u00e9cid\u00e9es par les autorit\u00e9s publiques sur les prix des billets d&rsquo;avion et de l&rsquo;augmentation du nombre de candidats \u00e0 la Omra via l&rsquo;A\u00e9roport international d&rsquo;Alger. Le m\u00eame responsable a aussi assur\u00e9 que l\u2019activit\u00e9 de l\u2019a\u00e9roport \u00e9tait en \u00ab\u00a0hausse continue\u00a0\u00bb, mettant en avant les efforts de la soci\u00e9t\u00e9 pour fournir tous les services n\u00e9cessaires aux voyageurs transitant par l&rsquo;A\u00e9roport d&rsquo;Alger. \u00ab\u00a0Nous \u0153uvrons en synergie avec nos partenaires, tels qu&rsquo;Air Alg\u00e9rie et d&rsquo;autres compagnies a\u00e9riennes internationales, ainsi qu&rsquo;avec les services de police et de douanes, pour am\u00e9liorer les conditions d&rsquo;accueil et d\u00e9velopper les diff\u00e9rents services propos\u00e9s au niveau de l&rsquo;infrastructure a\u00e9roportuaire\u00a0\u00bb, explique-t-il. Evoquant les mesures prises r\u00e9cemment par la soci\u00e9t\u00e9, notamment en ce qui concerne la fourniture de services dans les salles d&#8217;embarquement, il a rappel\u00e9 qu&rsquo;un accord avait \u00e9t\u00e9 conclu avec les locataires des caf\u00e9s pour r\u00e9duire les prix de leurs produits en \u00e9change d&rsquo;une r\u00e9duction des frais de location par la soci\u00e9t\u00e9. Apr\u00e8s avoir soulign\u00e9 la d\u00e9termination de la soci\u00e9t\u00e9 \u00e0 \u00ab\u00a0ouvrir prochainement l&rsquo;ensemble des locaux qui se trouvent au niveau de l&rsquo;a\u00e9roport \u00ab\u00a0, le responsable a fait savoir que le Duty Free ouvrira ses portes dans les prochains mois. Il a en outre insist\u00e9 sur l&rsquo;importance de la modernisation de la gestion de l&rsquo;a\u00e9roport pour le hisser au rang des grands a\u00e9roports internationaux, \u00e0 travers l&rsquo;investissement dans les technologies modernes, notamment l&rsquo;intelligence artificielle, pr\u00e9cisant que des \u00e9tudiants et des experts en informatique seront mis \u00e0 contribution dans la recherche de solutions pour am\u00e9liorer la prise en charge des passagers et garantir leur confort. Le PDG de la SGSIA a ajout\u00e9 que des efforts \u00e9taient en cours pour \u00e9quiper l&rsquo;a\u00e9roport de syst\u00e8mes d&rsquo;enregistrement automatique des bagages, afin de fluidifier le trafic au niveau des divers terminaux de l&rsquo;a\u00e9roport, qui comprend la nouvelle a\u00e9rogare internationale, l&rsquo;a\u00e9rogare des vols domestiques et l&rsquo;a\u00e9rogare des vols du Hadj et de la Omra. Il a \u00e9galement soulign\u00e9 que le programme de num\u00e9risation en vigueur au sein de l&rsquo;\u00e9tablissement a\u00e9roportuaire sera compl\u00e8tement concr\u00e9tis\u00e9 \u00ab\u00a0d&rsquo;ici mai prochain\u00a0\u00bb, affirmant, par ailleurs, que l&rsquo;a\u00e9roport \u00e9tait pr\u00eat pour la saison du Hadj de l&rsquo;ann\u00e9e 2024. Et d&rsquo;ajouter que le personnel m\u00e9dical de l&rsquo;a\u00e9roport sera prochainement renforc\u00e9 pour la prise en charge des urgences, avec la mise \u00e0 disposition d&rsquo;\u00e9quipes pour l&rsquo;accompagnement des passagers aux besoins sp\u00e9cifiques.<\/p>\n\n\n\n<p>R.N.<\/p>\n","protected":false},"excerpt":{"rendered":"<p>Le PDG de la Soci\u00e9t\u00e9 de gestion des services et infrastructures a\u00e9roportuaires d&rsquo;Alger (SGSIA), Mokhtar Said Mediouni a indiqu\u00e9 hier<\/p>\n","protected":false},"author":3,"featured_media":41006,"comment_status":"open","ping_status":"closed","sticky":false,"template":"","format":"standard","meta":{"colormag_page_container_layout":"default_layout","colormag_page_sidebar_layout":"default_layout","om_disable_all_campaigns":false,"_monsterinsights_skip_tracking":false,"_monsterinsights_sitenote_active":false,"_monsterinsights_sitenote_note":"","_monsterinsights_sitenote_category":0,"footnotes":"","_wpscppro_dont_share_socialmedia":false,"_wpscppro_custom_social_share_image":0,"_facebook_share_type":"","_twitter_share_type":"","_linkedin_share_type":"","_pinterest_share_type":"","_linkedin_share_type_page":"","_instagram_share_type":"","_medium_share_type":"","_threads_share_type":"","_google_business_share_type":"","_selected_social_profile":[],"_wpsp_enable_custom_social_template":false,"_wpsp_social_scheduling":{"enabled":false,"datetime":null,"platforms":[],"status":"template_only","dateOption":"today","timeOption":"now","customDays":"","customHours":"","customDate":"","customTime":"","schedulingType":"absolute"},"_wpsp_active_default_template":true},"categories":[27],"tags":[],"class_list":["post-50477","post","type-post","status-publish","format-standard","has-post-thumbnail","hentry","category-actualite"],"aioseo_notices":[],"yoast_head":"<!-- This site is optimized with the Yoast SEO plugin v27.5 - https:\/\/yoast.com\/product\/yoast-seo-wordpress\/ -->\n<title>A\u00e9roport d\u2019Alger\u00a0: Une nette hausse du trafic de voyageurs attendue - La Sentinelle<\/title>\n<meta name=\"robots\" content=\"index, follow, max-snippet:-1, max-image-preview:large, max-video-preview:-1\" \/>\n<link rel=\"canonical\" href=\"https:\/\/lasentinelle.dz\/index.php\/2024\/03\/19\/aeroport-dalger-une-nette-hausse-du-trafic-de-voyageurs-attendue\/\" \/>\n<meta property=\"og:locale\" content=\"fr_FR\" \/>\n<meta property=\"og:type\" content=\"article\" \/>\n<meta property=\"og:title\" content=\"A\u00e9roport d\u2019Alger\u00a0: Une nette hausse du trafic de voyageurs attendue - La Sentinelle\" \/>\n<meta property=\"og:description\" content=\"Le PDG de la Soci\u00e9t\u00e9 de gestion des services et infrastructures a\u00e9roportuaires d&rsquo;Alger (SGSIA), Mokhtar Said Mediouni a indiqu\u00e9 hier\" \/>\n<meta property=\"og:url\" content=\"https:\/\/lasentinelle.dz\/index.php\/2024\/03\/19\/aeroport-dalger-une-nette-hausse-du-trafic-de-voyageurs-attendue\/\" \/>\n<meta property=\"og:site_name\" content=\"La Sentinelle\" \/>\n<meta property=\"article:publisher\" content=\"https:\/\/www.facebook.com\/La-Sentinelle-104059864394773\" \/>\n<meta property=\"article:published_time\" content=\"2024-03-19T12:21:46+00:00\" \/>\n<meta property=\"article:modified_time\" content=\"2024-03-19T12:21:51+00:00\" \/>\n<meta property=\"og:image\" content=\"https:\/\/lasentinelle.dz\/wp-content\/uploads\/2023\/05\/aeroport.png\" \/>\n\t<meta property=\"og:image:width\" content=\"1350\" \/>\n\t<meta property=\"og:image:height\" content=\"900\" \/>\n\t<meta property=\"og:image:type\" content=\"image\/png\" \/>\n<meta name=\"author\" content=\"La Sentinelle\" \/>\n<meta name=\"twitter:card\" content=\"summary_large_image\" \/>\n<meta name=\"twitter:label1\" content=\"\u00c9crit par\" \/>\n\t<meta name=\"twitter:data1\" content=\"La Sentinelle\" \/>\n\t<meta name=\"twitter:label2\" content=\"Dur\u00e9e de lecture estim\u00e9e\" \/>\n\t<meta name=\"twitter:data2\" content=\"3 minutes\" \/>\n<script type=\"application\/ld+json\" class=\"yoast-schema-graph\">{\"@context\":\"https:\\\/\\\/schema.org\",\"@graph\":[{\"@type\":\"Article\",\"@id\":\"https:\\\/\\\/lasentinelle.dz\\\/index.php\\\/2024\\\/03\\\/19\\\/aeroport-dalger-une-nette-hausse-du-trafic-de-voyageurs-attendue\\\/#article\",\"isPartOf\":{\"@id\":\"https:\\\/\\\/lasentinelle.dz\\\/index.php\\\/2024\\\/03\\\/19\\\/aeroport-dalger-une-nette-hausse-du-trafic-de-voyageurs-attendue\\\/\"},\"author\":{\"name\":\"La Sentinelle\",\"@id\":\"https:\\\/\\\/lasentinelle.dz\\\/#\\\/schema\\\/person\\\/d865044e22e70a75174ce8bcad3acfb3\"},\"headline\":\"A\u00e9roport d\u2019Alger\u00a0: Une nette hausse du trafic de voyageurs attendue\",\"datePublished\":\"2024-03-19T12:21:46+00:00\",\"dateModified\":\"2024-03-19T12:21:51+00:00\",\"mainEntityOfPage\":{\"@id\":\"https:\\\/\\\/lasentinelle.dz\\\/index.php\\\/2024\\\/03\\\/19\\\/aeroport-dalger-une-nette-hausse-du-trafic-de-voyageurs-attendue\\\/\"},\"wordCount\":587,\"commentCount\":0,\"publisher\":{\"@id\":\"https:\\\/\\\/lasentinelle.dz\\\/#organization\"},\"image\":{\"@id\":\"https:\\\/\\\/lasentinelle.dz\\\/index.php\\\/2024\\\/03\\\/19\\\/aeroport-dalger-une-nette-hausse-du-trafic-de-voyageurs-attendue\\\/#primaryimage\"},\"thumbnailUrl\":\"https:\\\/\\\/lasentinelle.dz\\\/wp-content\\\/uploads\\\/2023\\\/05\\\/aeroport.png\",\"articleSection\":[\"Actualit\u00e9\"],\"inLanguage\":\"fr-FR\",\"potentialAction\":[{\"@type\":\"CommentAction\",\"name\":\"Comment\",\"target\":[\"https:\\\/\\\/lasentinelle.dz\\\/index.php\\\/2024\\\/03\\\/19\\\/aeroport-dalger-une-nette-hausse-du-trafic-de-voyageurs-attendue\\\/#respond\"]}]},{\"@type\":\"WebPage\",\"@id\":\"https:\\\/\\\/lasentinelle.dz\\\/index.php\\\/2024\\\/03\\\/19\\\/aeroport-dalger-une-nette-hausse-du-trafic-de-voyageurs-attendue\\\/\",\"url\":\"https:\\\/\\\/lasentinelle.dz\\\/index.php\\\/2024\\\/03\\\/19\\\/aeroport-dalger-une-nette-hausse-du-trafic-de-voyageurs-attendue\\\/\",\"name\":\"A\u00e9roport d\u2019Alger\u00a0: Une nette hausse du trafic de voyageurs attendue - La Sentinelle\",\"isPartOf\":{\"@id\":\"https:\\\/\\\/lasentinelle.dz\\\/#website\"},\"primaryImageOfPage\":{\"@id\":\"https:\\\/\\\/lasentinelle.dz\\\/index.php\\\/2024\\\/03\\\/19\\\/aeroport-dalger-une-nette-hausse-du-trafic-de-voyageurs-attendue\\\/#primaryimage\"},\"image\":{\"@id\":\"https:\\\/\\\/lasentinelle.dz\\\/index.php\\\/2024\\\/03\\\/19\\\/aeroport-dalger-une-nette-hausse-du-trafic-de-voyageurs-attendue\\\/#primaryimage\"},\"thumbnailUrl\":\"https:\\\/\\\/lasentinelle.dz\\\/wp-content\\\/uploads\\\/2023\\\/05\\\/aeroport.png\",\"datePublished\":\"2024-03-19T12:21:46+00:00\",\"dateModified\":\"2024-03-19T12:21:51+00:00\",\"breadcrumb\":{\"@id\":\"https:\\\/\\\/lasentinelle.dz\\\/index.php\\\/2024\\\/03\\\/19\\\/aeroport-dalger-une-nette-hausse-du-trafic-de-voyageurs-attendue\\\/#breadcrumb\"},\"inLanguage\":\"fr-FR\",\"potentialAction\":[{\"@type\":\"ReadAction\",\"target\":[\"https:\\\/\\\/lasentinelle.dz\\\/index.php\\\/2024\\\/03\\\/19\\\/aeroport-dalger-une-nette-hausse-du-trafic-de-voyageurs-attendue\\\/\"]}]},{\"@type\":\"ImageObject\",\"inLanguage\":\"fr-FR\",\"@id\":\"https:\\\/\\\/lasentinelle.dz\\\/index.php\\\/2024\\\/03\\\/19\\\/aeroport-dalger-une-nette-hausse-du-trafic-de-voyageurs-attendue\\\/#primaryimage\",\"url\":\"https:\\\/\\\/lasentinelle.dz\\\/wp-content\\\/uploads\\\/2023\\\/05\\\/aeroport.png\",\"contentUrl\":\"https:\\\/\\\/lasentinelle.dz\\\/wp-content\\\/uploads\\\/2023\\\/05\\\/aeroport.png\",\"width\":1350,\"height\":900},{\"@type\":\"BreadcrumbList\",\"@id\":\"https:\\\/\\\/lasentinelle.dz\\\/index.php\\\/2024\\\/03\\\/19\\\/aeroport-dalger-une-nette-hausse-du-trafic-de-voyageurs-attendue\\\/#breadcrumb\",\"itemListElement\":[{\"@type\":\"ListItem\",\"position\":1,\"name\":\"Accueil\",\"item\":\"https:\\\/\\\/lasentinelle.dz\\\/\"},{\"@type\":\"ListItem\",\"position\":2,\"name\":\"A\u00e9roport d\u2019Alger\u00a0: Une nette hausse du trafic de voyageurs attendue\"}]},{\"@type\":\"WebSite\",\"@id\":\"https:\\\/\\\/lasentinelle.dz\\\/#website\",\"url\":\"https:\\\/\\\/lasentinelle.dz\\\/\",\"name\":\"La Sentinelle\",\"description\":\"Quotidien national d&#039;information\",\"publisher\":{\"@id\":\"https:\\\/\\\/lasentinelle.dz\\\/#organization\"},\"potentialAction\":[{\"@type\":\"SearchAction\",\"target\":{\"@type\":\"EntryPoint\",\"urlTemplate\":\"https:\\\/\\\/lasentinelle.dz\\\/?s={search_term_string}\"},\"query-input\":{\"@type\":\"PropertyValueSpecification\",\"valueRequired\":true,\"valueName\":\"search_term_string\"}}],\"inLanguage\":\"fr-FR\"},{\"@type\":\"Organization\",\"@id\":\"https:\\\/\\\/lasentinelle.dz\\\/#organization\",\"name\":\"Quotidien La Sentinelle\",\"url\":\"https:\\\/\\\/lasentinelle.dz\\\/\",\"logo\":{\"@type\":\"ImageObject\",\"inLanguage\":\"fr-FR\",\"@id\":\"https:\\\/\\\/lasentinelle.dz\\\/#\\\/schema\\\/logo\\\/image\\\/\",\"url\":\"https:\\\/\\\/lasentinelle.dz\\\/wp-content\\\/uploads\\\/2021\\\/09\\\/logo-sentinelleSLOGAN-1.png\",\"contentUrl\":\"https:\\\/\\\/lasentinelle.dz\\\/wp-content\\\/uploads\\\/2021\\\/09\\\/logo-sentinelleSLOGAN-1.png\",\"width\":615,\"height\":142,\"caption\":\"Quotidien La Sentinelle\"},\"image\":{\"@id\":\"https:\\\/\\\/lasentinelle.dz\\\/#\\\/schema\\\/logo\\\/image\\\/\"},\"sameAs\":[\"https:\\\/\\\/www.facebook.com\\\/La-Sentinelle-104059864394773\"]},{\"@type\":\"Person\",\"@id\":\"https:\\\/\\\/lasentinelle.dz\\\/#\\\/schema\\\/person\\\/d865044e22e70a75174ce8bcad3acfb3\",\"name\":\"La Sentinelle\",\"image\":{\"@type\":\"ImageObject\",\"inLanguage\":\"fr-FR\",\"@id\":\"https:\\\/\\\/secure.gravatar.com\\\/avatar\\\/57de8e5d4b15d43fb361a71fbb36338450fe67865b528a43dd10ef7c51a20392?s=96&d=mm&r=g\",\"url\":\"https:\\\/\\\/secure.gravatar.com\\\/avatar\\\/57de8e5d4b15d43fb361a71fbb36338450fe67865b528a43dd10ef7c51a20392?s=96&d=mm&r=g\",\"contentUrl\":\"https:\\\/\\\/secure.gravatar.com\\\/avatar\\\/57de8e5d4b15d43fb361a71fbb36338450fe67865b528a43dd10ef7c51a20392?s=96&d=mm&r=g\",\"caption\":\"La Sentinelle\"},\"sameAs\":[\"http:\\\/\\\/www.lasentinelle.dz\"],\"url\":\"https:\\\/\\\/lasentinelle.dz\\\/author\\\/redaction\\\/\"}]}<\/script>\n<!-- \/ Yoast SEO plugin. -->","yoast_head_json":{"title":"A\u00e9roport d\u2019Alger\u00a0: Une nette hausse du trafic de voyageurs attendue - La Sentinelle","robots":{"index":"index","follow":"follow","max-snippet":"max-snippet:-1","max-image-preview":"max-image-preview:large","max-video-preview":"max-video-preview:-1"},"canonical":"https:\/\/lasentinelle.dz\/index.php\/2024\/03\/19\/aeroport-dalger-une-nette-hausse-du-trafic-de-voyageurs-attendue\/","og_locale":"fr_FR","og_type":"article","og_title":"A\u00e9roport d\u2019Alger\u00a0: Une nette hausse du trafic de voyageurs attendue - La Sentinelle","og_description":"Le PDG de la Soci\u00e9t\u00e9 de gestion des services et infrastructures a\u00e9roportuaires d&rsquo;Alger (SGSIA), Mokhtar Said Mediouni a indiqu\u00e9 hier","og_url":"https:\/\/lasentinelle.dz\/index.php\/2024\/03\/19\/aeroport-dalger-une-nette-hausse-du-trafic-de-voyageurs-attendue\/","og_site_name":"La Sentinelle","article_publisher":"https:\/\/www.facebook.com\/La-Sentinelle-104059864394773","article_published_time":"2024-03-19T12:21:46+00:00","article_modified_time":"2024-03-19T12:21:51+00:00","og_image":[{"width":1350,"height":900,"url":"https:\/\/lasentinelle.dz\/wp-content\/uploads\/2023\/05\/aeroport.png","type":"image\/png"}],"author":"La Sentinelle","twitter_card":"summary_large_image","twitter_misc":{"\u00c9crit par":"La Sentinelle","Dur\u00e9e de lecture estim\u00e9e":"3 minutes"},"schema":{"@context":"https:\/\/schema.org","@graph":[{"@type":"Article","@id":"https:\/\/lasentinelle.dz\/index.php\/2024\/03\/19\/aeroport-dalger-une-nette-hausse-du-trafic-de-voyageurs-attendue\/#article","isPartOf":{"@id":"https:\/\/lasentinelle.dz\/index.php\/2024\/03\/19\/aeroport-dalger-une-nette-hausse-du-trafic-de-voyageurs-attendue\/"},"author":{"name":"La Sentinelle","@id":"https:\/\/lasentinelle.dz\/#\/schema\/person\/d865044e22e70a75174ce8bcad3acfb3"},"headline":"A\u00e9roport d\u2019Alger\u00a0: Une nette hausse du trafic de voyageurs attendue","datePublished":"2024-03-19T12:21:46+00:00","dateModified":"2024-03-19T12:21:51+00:00","mainEntityOfPage":{"@id":"https:\/\/lasentinelle.dz\/index.php\/2024\/03\/19\/aeroport-dalger-une-nette-hausse-du-trafic-de-voyageurs-attendue\/"},"wordCount":587,"commentCount":0,"publisher":{"@id":"https:\/\/lasentinelle.dz\/#organization"},"image":{"@id":"https:\/\/lasentinelle.dz\/index.php\/2024\/03\/19\/aeroport-dalger-une-nette-hausse-du-trafic-de-voyageurs-attendue\/#primaryimage"},"thumbnailUrl":"https:\/\/lasentinelle.dz\/wp-content\/uploads\/2023\/05\/aeroport.png","articleSection":["Actualit\u00e9"],"inLanguage":"fr-FR","potentialAction":[{"@type":"CommentAction","name":"Comment","target":["https:\/\/lasentinelle.dz\/index.php\/2024\/03\/19\/aeroport-dalger-une-nette-hausse-du-trafic-de-voyageurs-attendue\/#respond"]}]},{"@type":"WebPage","@id":"https:\/\/lasentinelle.dz\/index.php\/2024\/03\/19\/aeroport-dalger-une-nette-hausse-du-trafic-de-voyageurs-attendue\/","url":"https:\/\/lasentinelle.dz\/index.php\/2024\/03\/19\/aeroport-dalger-une-nette-hausse-du-trafic-de-voyageurs-attendue\/","name":"A\u00e9roport d\u2019Alger\u00a0: Une nette hausse du trafic de voyageurs attendue - La Sentinelle","isPartOf":{"@id":"https:\/\/lasentinelle.dz\/#website"},"primaryImageOfPage":{"@id":"https:\/\/lasentinelle.dz\/index.php\/2024\/03\/19\/aeroport-dalger-une-nette-hausse-du-trafic-de-voyageurs-attendue\/#primaryimage"},"image":{"@id":"https:\/\/lasentinelle.dz\/index.php\/2024\/03\/19\/aeroport-dalger-une-nette-hausse-du-trafic-de-voyageurs-attendue\/#primaryimage"},"thumbnailUrl":"https:\/\/lasentinelle.dz\/wp-content\/uploads\/2023\/05\/aeroport.png","datePublished":"2024-03-19T12:21:46+00:00","dateModified":"2024-03-19T12:21:51+00:00","breadcrumb":{"@id":"https:\/\/lasentinelle.dz\/index.php\/2024\/03\/19\/aeroport-dalger-une-nette-hausse-du-trafic-de-voyageurs-attendue\/#breadcrumb"},"inLanguage":"fr-FR","potentialAction":[{"@type":"ReadAction","target":["https:\/\/lasentinelle.dz\/index.php\/2024\/03\/19\/aeroport-dalger-une-nette-hausse-du-trafic-de-voyageurs-attendue\/"]}]},{"@type":"ImageObject","inLanguage":"fr-FR","@id":"https:\/\/lasentinelle.dz\/index.php\/2024\/03\/19\/aeroport-dalger-une-nette-hausse-du-trafic-de-voyageurs-attendue\/#primaryimage","url":"https:\/\/lasentinelle.dz\/wp-content\/uploads\/2023\/05\/aeroport.png","contentUrl":"https:\/\/lasentinelle.dz\/wp-content\/uploads\/2023\/05\/aeroport.png","width":1350,"height":900},{"@type":"BreadcrumbList","@id":"https:\/\/lasentinelle.dz\/index.php\/2024\/03\/19\/aeroport-dalger-une-nette-hausse-du-trafic-de-voyageurs-attendue\/#breadcrumb","itemListElement":[{"@type":"ListItem","position":1,"name":"Accueil","item":"https:\/\/lasentinelle.dz\/"},{"@type":"ListItem","position":2,"name":"A\u00e9roport d\u2019Alger\u00a0: Une nette hausse du trafic de voyageurs attendue"}]},{"@type":"WebSite","@id":"https:\/\/lasentinelle.dz\/#website","url":"https:\/\/lasentinelle.dz\/","name":"La Sentinelle","description":"Quotidien national d&#039;information","publisher":{"@id":"https:\/\/lasentinelle.dz\/#organization"},"potentialAction":[{"@type":"SearchAction","target":{"@type":"EntryPoint","urlTemplate":"https:\/\/lasentinelle.dz\/?s={search_term_string}"},"query-input":{"@type":"PropertyValueSpecification","valueRequired":true,"valueName":"search_term_string"}}],"inLanguage":"fr-FR"},{"@type":"Organization","@id":"https:\/\/lasentinelle.dz\/#organization","name":"Quotidien La Sentinelle","url":"https:\/\/lasentinelle.dz\/","logo":{"@type":"ImageObject","inLanguage":"fr-FR","@id":"https:\/\/lasentinelle.dz\/#\/schema\/logo\/image\/","url":"https:\/\/lasentinelle.dz\/wp-content\/uploads\/2021\/09\/logo-sentinelleSLOGAN-1.png","contentUrl":"https:\/\/lasentinelle.dz\/wp-content\/uploads\/2021\/09\/logo-sentinelleSLOGAN-1.png","width":615,"height":142,"caption":"Quotidien La Sentinelle"},"image":{"@id":"https:\/\/lasentinelle.dz\/#\/schema\/logo\/image\/"},"sameAs":["https:\/\/www.facebook.com\/La-Sentinelle-104059864394773"]},{"@type":"Person","@id":"https:\/\/lasentinelle.dz\/#\/schema\/person\/d865044e22e70a75174ce8bcad3acfb3","name":"La Sentinelle","image":{"@type":"ImageObject","inLanguage":"fr-FR","@id":"https:\/\/secure.gravatar.com\/avatar\/57de8e5d4b15d43fb361a71fbb36338450fe67865b528a43dd10ef7c51a20392?s=96&d=mm&r=g","url":"https:\/\/secure.gravatar.com\/avatar\/57de8e5d4b15d43fb361a71fbb36338450fe67865b528a43dd10ef7c51a20392?s=96&d=mm&r=g","contentUrl":"https:\/\/secure.gravatar.com\/avatar\/57de8e5d4b15d43fb361a71fbb36338450fe67865b528a43dd10ef7c51a20392?s=96&d=mm&r=g","caption":"La Sentinelle"},"sameAs":["http:\/\/www.lasentinelle.dz"],"url":"https:\/\/lasentinelle.dz\/author\/redaction\/"}]}},"_links":{"self":[{"href":"https:\/\/lasentinelle.dz\/index.php\/wp-json\/wp\/v2\/posts\/50477","targetHints":{"allow":["GET"]}}],"collection":[{"href":"https:\/\/lasentinelle.dz\/index.php\/wp-json\/wp\/v2\/posts"}],"about":[{"href":"https:\/\/lasentinelle.dz\/index.php\/wp-json\/wp\/v2\/types\/post"}],"author":[{"embeddable":true,"href":"https:\/\/lasentinelle.dz\/index.php\/wp-json\/wp\/v2\/users\/3"}],"replies":[{"embeddable":true,"href":"https:\/\/lasentinelle.dz\/index.php\/wp-json\/wp\/v2\/comments?post=50477"}],"version-history":[{"count":1,"href":"https:\/\/lasentinelle.dz\/index.php\/wp-json\/wp\/v2\/posts\/50477\/revisions"}],"predecessor-version":[{"id":50478,"href":"https:\/\/lasentinelle.dz\/index.php\/wp-json\/wp\/v2\/posts\/50477\/revisions\/50478"}],"wp:featuredmedia":[{"embeddable":true,"href":"https:\/\/lasentinelle.dz\/index.php\/wp-json\/wp\/v2\/media\/41006"}],"wp:attachment":[{"href":"https:\/\/lasentinelle.dz\/index.php\/wp-json\/wp\/v2\/media?parent=50477"}],"wp:term":[{"taxonomy":"category","embeddable":true,"href":"https:\/\/lasentinelle.dz\/index.php\/wp-json\/wp\/v2\/categories?post=50477"},{"taxonomy":"post_tag","embeddable":true,"href":"https:\/\/lasentinelle.dz\/index.php\/wp-json\/wp\/v2\/tags?post=50477"}],"curies":[{"name":"wp","href":"https:\/\/api.w.org\/{rel}","templated":true}]}}