{"id":5049,"date":"2021-08-24T00:01:00","date_gmt":"2021-08-23T23:01:00","guid":{"rendered":"https:\/\/lasentinelle.dz\/?p=5049"},"modified":"2021-08-23T15:27:46","modified_gmt":"2021-08-23T14:27:46","slug":"setif-caravane-recreative-au-profit-des-enfants","status":"publish","type":"post","link":"https:\/\/lasentinelle.dz\/index.php\/2021\/08\/24\/setif-caravane-recreative-au-profit-des-enfants\/","title":{"rendered":"S\u00e9tif : Caravane r\u00e9cr\u00e9ative au profit des enfants"},"content":{"rendered":"\n<p>Une caravane r\u00e9cr\u00e9ative visant un soutien psychologique et un accompagnement des enfants et des jeunes des r\u00e9gions touch\u00e9es par les incendies de for\u00eats qui ont ravag\u00e9 plusieurs communes de la wilaya de S\u00e9tif au cours des deux derni\u00e8res semaines a \u00e9t\u00e9 organis\u00e9e, \u00e0 l&rsquo;initiative de la direction locale de la jeunesse et des sports (DJS), a-t-on appris dimanche aupr\u00e8s des organisateurs.La caravane dont les activit\u00e9s ont \u00e9t\u00e9 entam\u00e9es hier (samedi), est organis\u00e9e en coordination avec la ligue des activit\u00e9s de plein air, de loisir et d\u2019 \u00e9changes entre les jeunes (LAPALEJ) et l\u2019Office des \u00e9tablissements des jeunes (ODEJ) et devra se rendre \u00e0 toutes les zones touch\u00e9es par les incendies de for\u00eats \u00e0 travers la wilaya y compris celles les plus recul\u00e9es et proposer des activit\u00e9s r\u00e9cr\u00e9atives et des s\u00e9ances d&rsquo;accompagnement psychologique pour les enfants et les jeunes, a indiqu\u00e9 \u00e0 l&rsquo;APS, le directeur local de la jeunesse et des sports, EL Yazid Zououaoui.Cette initiative s&rsquo;inscrit aussi dans le cadre des instructions du minist\u00e8re de tutelle visant la prise en charge des enfants habitant les zones touch\u00e9es par les incendies de for\u00eats qui ont frapp\u00e9 depuis le 9 ao\u00fbt dernier plusieurs wilayas du pays et caus\u00e9 des pertes \u00ab\u00a0importantes\u00a0\u00bb en vies humaines et en couvert v\u00e9g\u00e9tal, selon la m\u00eame source.<\/p>\n\n\n\n<p>Cette action de solidarit\u00e9, men\u00e9e par une \u00e9quipe de la DJS et une autre de l\u2019ODEJ dont des \u00e9ducateurs, des \u00e9ducateurs sp\u00e9cialis\u00e9s, ainsi que des psychologues et qui devra se poursuivre jusqu&rsquo;\u00e0 la prochaine rentr\u00e9e scolaire, contribuera \u00e0 att\u00e9nuer la pression chez les enfants et les jeunes qui ont v\u00e9cu les incendies et leur apportera joie et d\u00e9tente.La caravane qui devra passer une journ\u00e9e dans chaque r\u00e9gion cibl\u00e9e propose \u00e9galement diverses activit\u00e9s et espaces ouverts pour les enfants et les jeunes, avec des repr\u00e9sentations th\u00e9\u00e2trales, des concours, des jeux d&rsquo;animation et de divertissement, et l&rsquo;organisation de concours \u00e9ducatifs pour les enfants, sanctionn\u00e9s par des prix d\u2019encouragement aux laur\u00e9ats, a-t-on encore ajout\u00e9.La wilaya de S\u00e9tif a enregistr\u00e9, au cours de la p\u00e9riode du 9 au 16 ao\u00fbt dernier, 22 incendies qui se sont d\u00e9clar\u00e9s dans 11 communes dont 10 sont situ\u00e9es au Nord du chef-lieu de wilaya, comme Mouaouiaa, Dehamcha, Ain Sebt, Ait Tizi, Bouselam, Ain K\u00e9bira, Ain Roua et autres, en plus de la commune de Guidjel (Sud de S\u00e9tif).Ces incendies ont caus\u00e9 la mort de 3 personnes, dont un octog\u00e9naire et deux fr\u00e8res (42 et 46 ans), tous originaires des communes d&rsquo;Ain Sebt et Dehamcha (Nord-est de S\u00e9tif), et ont engendr\u00e9 des d\u00e9g\u00e2ts \u00ab\u00a0importants\u00a0\u00bb dans le couvert v\u00e9g\u00e9tal.<\/p>\n\n\n\n<p>APS<\/p>\n","protected":false},"excerpt":{"rendered":"<p>Une caravane r\u00e9cr\u00e9ative visant un soutien psychologique et un accompagnement des enfants et des jeunes des r\u00e9gions touch\u00e9es par les<\/p>\n","protected":false},"author":3,"featured_media":0,"comment_status":"open","ping_status":"closed","sticky":false,"template":"","format":"standard","meta":{"colormag_page_container_layout":"default_layout","colormag_page_sidebar_layout":"default_layout","om_disable_all_campaigns":false,"_monsterinsights_skip_tracking":false,"_monsterinsights_sitenote_active":false,"_monsterinsights_sitenote_note":"","_monsterinsights_sitenote_category":0,"footnotes":"","_wpscppro_dont_share_socialmedia":false,"_wpscppro_custom_social_share_image":0,"_facebook_share_type":"","_twitter_share_type":"","_linkedin_share_type":"","_pinterest_share_type":"","_linkedin_share_type_page":"","_instagram_share_type":"","_medium_share_type":"","_threads_share_type":"","_google_business_share_type":"","_selected_social_profile":[],"_wpsp_enable_custom_social_template":false,"_wpsp_social_scheduling":{"enabled":false,"datetime":null,"platforms":[],"status":"template_only","dateOption":"today","timeOption":"now","customDays":"","customHours":"","customDate":"","customTime":"","schedulingType":"absolute"},"_wpsp_active_default_template":true},"categories":[31],"tags":[],"class_list":["post-5049","post","type-post","status-publish","format-standard","hentry","category-regions"],"aioseo_notices":[],"yoast_head":"<!-- This site is optimized with the Yoast SEO plugin v27.5 - https:\/\/yoast.com\/product\/yoast-seo-wordpress\/ -->\n<title>S\u00e9tif : Caravane r\u00e9cr\u00e9ative au profit des enfants - La Sentinelle<\/title>\n<meta name=\"robots\" content=\"index, follow, max-snippet:-1, max-image-preview:large, max-video-preview:-1\" \/>\n<link rel=\"canonical\" href=\"https:\/\/lasentinelle.dz\/index.php\/2021\/08\/24\/setif-caravane-recreative-au-profit-des-enfants\/\" \/>\n<meta property=\"og:locale\" content=\"fr_FR\" \/>\n<meta property=\"og:type\" content=\"article\" \/>\n<meta property=\"og:title\" content=\"S\u00e9tif : Caravane r\u00e9cr\u00e9ative au profit des enfants - La Sentinelle\" \/>\n<meta property=\"og:description\" content=\"Une caravane r\u00e9cr\u00e9ative visant un soutien psychologique et un accompagnement des enfants et des jeunes des r\u00e9gions touch\u00e9es par les\" \/>\n<meta property=\"og:url\" content=\"https:\/\/lasentinelle.dz\/index.php\/2021\/08\/24\/setif-caravane-recreative-au-profit-des-enfants\/\" \/>\n<meta property=\"og:site_name\" content=\"La Sentinelle\" \/>\n<meta property=\"article:publisher\" content=\"https:\/\/www.facebook.com\/La-Sentinelle-104059864394773\" \/>\n<meta property=\"article:published_time\" content=\"2021-08-23T23:01:00+00:00\" \/>\n<meta name=\"author\" content=\"La Sentinelle\" \/>\n<meta name=\"twitter:card\" content=\"summary_large_image\" \/>\n<meta name=\"twitter:label1\" content=\"\u00c9crit par\" \/>\n\t<meta name=\"twitter:data1\" content=\"La Sentinelle\" \/>\n\t<meta name=\"twitter:label2\" content=\"Dur\u00e9e de lecture estim\u00e9e\" \/>\n\t<meta name=\"twitter:data2\" content=\"2 minutes\" \/>\n<script type=\"application\/ld+json\" class=\"yoast-schema-graph\">{\"@context\":\"https:\\\/\\\/schema.org\",\"@graph\":[{\"@type\":\"Article\",\"@id\":\"https:\\\/\\\/lasentinelle.dz\\\/index.php\\\/2021\\\/08\\\/24\\\/setif-caravane-recreative-au-profit-des-enfants\\\/#article\",\"isPartOf\":{\"@id\":\"https:\\\/\\\/lasentinelle.dz\\\/index.php\\\/2021\\\/08\\\/24\\\/setif-caravane-recreative-au-profit-des-enfants\\\/\"},\"author\":{\"name\":\"La Sentinelle\",\"@id\":\"https:\\\/\\\/lasentinelle.dz\\\/#\\\/schema\\\/person\\\/d865044e22e70a75174ce8bcad3acfb3\"},\"headline\":\"S\u00e9tif : Caravane r\u00e9cr\u00e9ative au profit des enfants\",\"datePublished\":\"2021-08-23T23:01:00+00:00\",\"mainEntityOfPage\":{\"@id\":\"https:\\\/\\\/lasentinelle.dz\\\/index.php\\\/2021\\\/08\\\/24\\\/setif-caravane-recreative-au-profit-des-enfants\\\/\"},\"wordCount\":488,\"commentCount\":0,\"publisher\":{\"@id\":\"https:\\\/\\\/lasentinelle.dz\\\/#organization\"},\"articleSection\":[\"R\u00e9gions\"],\"inLanguage\":\"fr-FR\",\"potentialAction\":[{\"@type\":\"CommentAction\",\"name\":\"Comment\",\"target\":[\"https:\\\/\\\/lasentinelle.dz\\\/index.php\\\/2021\\\/08\\\/24\\\/setif-caravane-recreative-au-profit-des-enfants\\\/#respond\"]}]},{\"@type\":\"WebPage\",\"@id\":\"https:\\\/\\\/lasentinelle.dz\\\/index.php\\\/2021\\\/08\\\/24\\\/setif-caravane-recreative-au-profit-des-enfants\\\/\",\"url\":\"https:\\\/\\\/lasentinelle.dz\\\/index.php\\\/2021\\\/08\\\/24\\\/setif-caravane-recreative-au-profit-des-enfants\\\/\",\"name\":\"S\u00e9tif : Caravane r\u00e9cr\u00e9ative au profit des enfants - La Sentinelle\",\"isPartOf\":{\"@id\":\"https:\\\/\\\/lasentinelle.dz\\\/#website\"},\"datePublished\":\"2021-08-23T23:01:00+00:00\",\"breadcrumb\":{\"@id\":\"https:\\\/\\\/lasentinelle.dz\\\/index.php\\\/2021\\\/08\\\/24\\\/setif-caravane-recreative-au-profit-des-enfants\\\/#breadcrumb\"},\"inLanguage\":\"fr-FR\",\"potentialAction\":[{\"@type\":\"ReadAction\",\"target\":[\"https:\\\/\\\/lasentinelle.dz\\\/index.php\\\/2021\\\/08\\\/24\\\/setif-caravane-recreative-au-profit-des-enfants\\\/\"]}]},{\"@type\":\"BreadcrumbList\",\"@id\":\"https:\\\/\\\/lasentinelle.dz\\\/index.php\\\/2021\\\/08\\\/24\\\/setif-caravane-recreative-au-profit-des-enfants\\\/#breadcrumb\",\"itemListElement\":[{\"@type\":\"ListItem\",\"position\":1,\"name\":\"Accueil\",\"item\":\"https:\\\/\\\/lasentinelle.dz\\\/\"},{\"@type\":\"ListItem\",\"position\":2,\"name\":\"S\u00e9tif : Caravane r\u00e9cr\u00e9ative au profit des enfants\"}]},{\"@type\":\"WebSite\",\"@id\":\"https:\\\/\\\/lasentinelle.dz\\\/#website\",\"url\":\"https:\\\/\\\/lasentinelle.dz\\\/\",\"name\":\"La Sentinelle\",\"description\":\"Quotidien national d&#039;information\",\"publisher\":{\"@id\":\"https:\\\/\\\/lasentinelle.dz\\\/#organization\"},\"potentialAction\":[{\"@type\":\"SearchAction\",\"target\":{\"@type\":\"EntryPoint\",\"urlTemplate\":\"https:\\\/\\\/lasentinelle.dz\\\/?s={search_term_string}\"},\"query-input\":{\"@type\":\"PropertyValueSpecification\",\"valueRequired\":true,\"valueName\":\"search_term_string\"}}],\"inLanguage\":\"fr-FR\"},{\"@type\":\"Organization\",\"@id\":\"https:\\\/\\\/lasentinelle.dz\\\/#organization\",\"name\":\"Quotidien La Sentinelle\",\"url\":\"https:\\\/\\\/lasentinelle.dz\\\/\",\"logo\":{\"@type\":\"ImageObject\",\"inLanguage\":\"fr-FR\",\"@id\":\"https:\\\/\\\/lasentinelle.dz\\\/#\\\/schema\\\/logo\\\/image\\\/\",\"url\":\"https:\\\/\\\/lasentinelle.dz\\\/wp-content\\\/uploads\\\/2021\\\/09\\\/logo-sentinelleSLOGAN-1.png\",\"contentUrl\":\"https:\\\/\\\/lasentinelle.dz\\\/wp-content\\\/uploads\\\/2021\\\/09\\\/logo-sentinelleSLOGAN-1.png\",\"width\":615,\"height\":142,\"caption\":\"Quotidien La Sentinelle\"},\"image\":{\"@id\":\"https:\\\/\\\/lasentinelle.dz\\\/#\\\/schema\\\/logo\\\/image\\\/\"},\"sameAs\":[\"https:\\\/\\\/www.facebook.com\\\/La-Sentinelle-104059864394773\"]},{\"@type\":\"Person\",\"@id\":\"https:\\\/\\\/lasentinelle.dz\\\/#\\\/schema\\\/person\\\/d865044e22e70a75174ce8bcad3acfb3\",\"name\":\"La Sentinelle\",\"image\":{\"@type\":\"ImageObject\",\"inLanguage\":\"fr-FR\",\"@id\":\"https:\\\/\\\/secure.gravatar.com\\\/avatar\\\/57de8e5d4b15d43fb361a71fbb36338450fe67865b528a43dd10ef7c51a20392?s=96&d=mm&r=g\",\"url\":\"https:\\\/\\\/secure.gravatar.com\\\/avatar\\\/57de8e5d4b15d43fb361a71fbb36338450fe67865b528a43dd10ef7c51a20392?s=96&d=mm&r=g\",\"contentUrl\":\"https:\\\/\\\/secure.gravatar.com\\\/avatar\\\/57de8e5d4b15d43fb361a71fbb36338450fe67865b528a43dd10ef7c51a20392?s=96&d=mm&r=g\",\"caption\":\"La Sentinelle\"},\"sameAs\":[\"http:\\\/\\\/www.lasentinelle.dz\"],\"url\":\"https:\\\/\\\/lasentinelle.dz\\\/author\\\/redaction\\\/\"}]}<\/script>\n<!-- \/ Yoast SEO plugin. -->","yoast_head_json":{"title":"S\u00e9tif : Caravane r\u00e9cr\u00e9ative au profit des enfants - La Sentinelle","robots":{"index":"index","follow":"follow","max-snippet":"max-snippet:-1","max-image-preview":"max-image-preview:large","max-video-preview":"max-video-preview:-1"},"canonical":"https:\/\/lasentinelle.dz\/index.php\/2021\/08\/24\/setif-caravane-recreative-au-profit-des-enfants\/","og_locale":"fr_FR","og_type":"article","og_title":"S\u00e9tif : Caravane r\u00e9cr\u00e9ative au profit des enfants - La Sentinelle","og_description":"Une caravane r\u00e9cr\u00e9ative visant un soutien psychologique et un accompagnement des enfants et des jeunes des r\u00e9gions touch\u00e9es par les","og_url":"https:\/\/lasentinelle.dz\/index.php\/2021\/08\/24\/setif-caravane-recreative-au-profit-des-enfants\/","og_site_name":"La Sentinelle","article_publisher":"https:\/\/www.facebook.com\/La-Sentinelle-104059864394773","article_published_time":"2021-08-23T23:01:00+00:00","author":"La Sentinelle","twitter_card":"summary_large_image","twitter_misc":{"\u00c9crit par":"La Sentinelle","Dur\u00e9e de lecture estim\u00e9e":"2 minutes"},"schema":{"@context":"https:\/\/schema.org","@graph":[{"@type":"Article","@id":"https:\/\/lasentinelle.dz\/index.php\/2021\/08\/24\/setif-caravane-recreative-au-profit-des-enfants\/#article","isPartOf":{"@id":"https:\/\/lasentinelle.dz\/index.php\/2021\/08\/24\/setif-caravane-recreative-au-profit-des-enfants\/"},"author":{"name":"La Sentinelle","@id":"https:\/\/lasentinelle.dz\/#\/schema\/person\/d865044e22e70a75174ce8bcad3acfb3"},"headline":"S\u00e9tif : Caravane r\u00e9cr\u00e9ative au profit des enfants","datePublished":"2021-08-23T23:01:00+00:00","mainEntityOfPage":{"@id":"https:\/\/lasentinelle.dz\/index.php\/2021\/08\/24\/setif-caravane-recreative-au-profit-des-enfants\/"},"wordCount":488,"commentCount":0,"publisher":{"@id":"https:\/\/lasentinelle.dz\/#organization"},"articleSection":["R\u00e9gions"],"inLanguage":"fr-FR","potentialAction":[{"@type":"CommentAction","name":"Comment","target":["https:\/\/lasentinelle.dz\/index.php\/2021\/08\/24\/setif-caravane-recreative-au-profit-des-enfants\/#respond"]}]},{"@type":"WebPage","@id":"https:\/\/lasentinelle.dz\/index.php\/2021\/08\/24\/setif-caravane-recreative-au-profit-des-enfants\/","url":"https:\/\/lasentinelle.dz\/index.php\/2021\/08\/24\/setif-caravane-recreative-au-profit-des-enfants\/","name":"S\u00e9tif : Caravane r\u00e9cr\u00e9ative au profit des enfants - La Sentinelle","isPartOf":{"@id":"https:\/\/lasentinelle.dz\/#website"},"datePublished":"2021-08-23T23:01:00+00:00","breadcrumb":{"@id":"https:\/\/lasentinelle.dz\/index.php\/2021\/08\/24\/setif-caravane-recreative-au-profit-des-enfants\/#breadcrumb"},"inLanguage":"fr-FR","potentialAction":[{"@type":"ReadAction","target":["https:\/\/lasentinelle.dz\/index.php\/2021\/08\/24\/setif-caravane-recreative-au-profit-des-enfants\/"]}]},{"@type":"BreadcrumbList","@id":"https:\/\/lasentinelle.dz\/index.php\/2021\/08\/24\/setif-caravane-recreative-au-profit-des-enfants\/#breadcrumb","itemListElement":[{"@type":"ListItem","position":1,"name":"Accueil","item":"https:\/\/lasentinelle.dz\/"},{"@type":"ListItem","position":2,"name":"S\u00e9tif : Caravane r\u00e9cr\u00e9ative au profit des enfants"}]},{"@type":"WebSite","@id":"https:\/\/lasentinelle.dz\/#website","url":"https:\/\/lasentinelle.dz\/","name":"La Sentinelle","description":"Quotidien national d&#039;information","publisher":{"@id":"https:\/\/lasentinelle.dz\/#organization"},"potentialAction":[{"@type":"SearchAction","target":{"@type":"EntryPoint","urlTemplate":"https:\/\/lasentinelle.dz\/?s={search_term_string}"},"query-input":{"@type":"PropertyValueSpecification","valueRequired":true,"valueName":"search_term_string"}}],"inLanguage":"fr-FR"},{"@type":"Organization","@id":"https:\/\/lasentinelle.dz\/#organization","name":"Quotidien La Sentinelle","url":"https:\/\/lasentinelle.dz\/","logo":{"@type":"ImageObject","inLanguage":"fr-FR","@id":"https:\/\/lasentinelle.dz\/#\/schema\/logo\/image\/","url":"https:\/\/lasentinelle.dz\/wp-content\/uploads\/2021\/09\/logo-sentinelleSLOGAN-1.png","contentUrl":"https:\/\/lasentinelle.dz\/wp-content\/uploads\/2021\/09\/logo-sentinelleSLOGAN-1.png","width":615,"height":142,"caption":"Quotidien La Sentinelle"},"image":{"@id":"https:\/\/lasentinelle.dz\/#\/schema\/logo\/image\/"},"sameAs":["https:\/\/www.facebook.com\/La-Sentinelle-104059864394773"]},{"@type":"Person","@id":"https:\/\/lasentinelle.dz\/#\/schema\/person\/d865044e22e70a75174ce8bcad3acfb3","name":"La Sentinelle","image":{"@type":"ImageObject","inLanguage":"fr-FR","@id":"https:\/\/secure.gravatar.com\/avatar\/57de8e5d4b15d43fb361a71fbb36338450fe67865b528a43dd10ef7c51a20392?s=96&d=mm&r=g","url":"https:\/\/secure.gravatar.com\/avatar\/57de8e5d4b15d43fb361a71fbb36338450fe67865b528a43dd10ef7c51a20392?s=96&d=mm&r=g","contentUrl":"https:\/\/secure.gravatar.com\/avatar\/57de8e5d4b15d43fb361a71fbb36338450fe67865b528a43dd10ef7c51a20392?s=96&d=mm&r=g","caption":"La Sentinelle"},"sameAs":["http:\/\/www.lasentinelle.dz"],"url":"https:\/\/lasentinelle.dz\/author\/redaction\/"}]}},"_links":{"self":[{"href":"https:\/\/lasentinelle.dz\/index.php\/wp-json\/wp\/v2\/posts\/5049","targetHints":{"allow":["GET"]}}],"collection":[{"href":"https:\/\/lasentinelle.dz\/index.php\/wp-json\/wp\/v2\/posts"}],"about":[{"href":"https:\/\/lasentinelle.dz\/index.php\/wp-json\/wp\/v2\/types\/post"}],"author":[{"embeddable":true,"href":"https:\/\/lasentinelle.dz\/index.php\/wp-json\/wp\/v2\/users\/3"}],"replies":[{"embeddable":true,"href":"https:\/\/lasentinelle.dz\/index.php\/wp-json\/wp\/v2\/comments?post=5049"}],"version-history":[{"count":1,"href":"https:\/\/lasentinelle.dz\/index.php\/wp-json\/wp\/v2\/posts\/5049\/revisions"}],"predecessor-version":[{"id":5071,"href":"https:\/\/lasentinelle.dz\/index.php\/wp-json\/wp\/v2\/posts\/5049\/revisions\/5071"}],"wp:attachment":[{"href":"https:\/\/lasentinelle.dz\/index.php\/wp-json\/wp\/v2\/media?parent=5049"}],"wp:term":[{"taxonomy":"category","embeddable":true,"href":"https:\/\/lasentinelle.dz\/index.php\/wp-json\/wp\/v2\/categories?post=5049"},{"taxonomy":"post_tag","embeddable":true,"href":"https:\/\/lasentinelle.dz\/index.php\/wp-json\/wp\/v2\/tags?post=5049"}],"curies":[{"name":"wp","href":"https:\/\/api.w.org\/{rel}","templated":true}]}}