{"id":50500,"date":"2024-03-19T13:45:00","date_gmt":"2024-03-19T12:45:00","guid":{"rendered":"https:\/\/lasentinelle.dz\/?p=50500"},"modified":"2024-03-19T13:45:01","modified_gmt":"2024-03-19T12:45:01","slug":"une-loi-organique-sur-les-associations-des-consultations-seront-lancees","status":"publish","type":"post","link":"https:\/\/lasentinelle.dz\/index.php\/2024\/03\/19\/une-loi-organique-sur-les-associations-des-consultations-seront-lancees\/","title":{"rendered":"Une loi organique sur les associations\u00a0: Des consultations seront lanc\u00e9es"},"content":{"rendered":"\n<p>La r\u00e9visions de la loi sur les associations constitue, avec la refonte de la loi sur les partis politiques, l\u2019un des derniers jalons des r\u00e9formes politiques engag\u00e9es depuis 2020. Une r\u00e9vision \u00e9voqu\u00e9e hier par le ministre de l\u2019Int\u00e9rieur, des Collectivit\u00e9s locales et de l\u2019Am\u00e9nagement du territoire lors d\u2019une audition devant la commission de la jeunesse, des sports et de l&rsquo;activit\u00e9 associative de l&rsquo;Assembl\u00e9e populaire nationale. Brahim Merad a dans ce contexte mis en avant les efforts de l\u2019\u00c9tat pour promouvoir le mouvement associatif. Des efforts dans lesquels s\u2019inscrit la \u00ab&nbsp;r\u00e9vision approfondie du cadre juridique encadrant les associations&nbsp;\u00bb. Une r\u00e9vision qui doit se fare dans le cadre d&rsquo;une consultation impliquant divers intervenants. \u00ab&nbsp;L&rsquo;int\u00e9r\u00eat port\u00e9 au mouvement associatif se refl\u00e8te essentiellement \u00e0 travers \u00ab\u00a0la r\u00e9vision en profondeur\u00a0\u00bb de l&rsquo;arsenal juridique encadrant les associations, voire la \u00ab\u00a0promotion du texte fixant les conditions et modalit\u00e9s de cr\u00e9ation d&rsquo;associations en loi organique\u00a0\u00bb, a-t-il ajout\u00e9. Dans ce contexte, M. Merad a cit\u00e9 \u00e9galement \u00ab\u00a0la facilitation du processus de cr\u00e9ation d&rsquo;associations communales et de comit\u00e9s de quartier\u00a0\u00bb.Le ministre a pr\u00e9cis\u00e9 que l\u2019Alg\u00e9rie comptait jusqu&rsquo;\u00e0 fin 2023, 1.952 associations nationales, 63 associations inter-wilayas, 25.000 associations de wilaya et 113.364 associations communales. Il a soulign\u00e9 dans ce sens les efforts entrepris par l\u2019\u00c9tat pour promouvoir ces associations, notamment \u00e0 travers les subventions. Le ministre de l\u2019Int\u00e9rieur a ainsi fait \u00e9tat de la mobilisation de \u00ab\u00a06,3 milliards DA de subventions directes \u00e0 partir des budgets communaux et 4,3 milliards DA de subventions directes \u00e0 partir des budgets des wilayas\u00a0\u00bb.<\/p>\n\n\n\n<p>Au-del\u00e0, Merad a pr\u00e9cis\u00e9 que les pouvoirs publics \u00ab\u00a0sont engag\u00e9s, depuis l&rsquo;accession du pr\u00e9sident de la R\u00e9publique, M. Abdelmadjid Tebboune, \u00e0 la magistrature supr\u00eame, \u00e0 accorder au mouvement associatif une place particuli\u00e8re, conform\u00e9ment \u00e0 ses 54 engagements visant \u00e0 op\u00e9rer desr\u00e9formes en profondeur\u00a0\u00bb en faveur d'\u00a0\u00bbune gouvernance participative f\u00e9d\u00e9ratrice de toutes les \u00e9nergies nationales&nbsp;\u00bb. Le ministre a en outre soulign\u00e9 que son d\u00e9partement avait proc\u00e9d\u00e9, dans le cadre du parach\u00e8vement du processus de num\u00e9risation et de l&rsquo;all\u00e8gement des proc\u00e9dures administratives, au \u00ab\u00a0lancement du service de guichet \u00e0 distance, qui permet aux associations de faires leurs d\u00e9marches en ligne\u00a0\u00bb. Et d&rsquo;affirmer, dans ce sens, que le minist\u00e8re de l&rsquo;Int\u00e9rieur s&rsquo;attelait \u00e0 introduire de \u00ab\u00a0nouveaux services num\u00e9riques pour conf\u00e9rer plus de flexibilit\u00e9 aux proc\u00e9dures d&rsquo;accueil, d&rsquo;\u00e9coute et d&rsquo;orientation des associations\u00a0\u00bb, soulignant que les autorit\u00e9s garantissent \u00ab\u00a0l&rsquo;accompagnement et le soutien au mouvement associatif, en encourageant sa participation et sa contribution \u00e0 la gestion et \u00e0 la promotion des services publics\u00a0\u00bb.Merad a, dans le m\u00eame sillage, pr\u00e9cis\u00e9 que \u00ab\u00a0la dynamique de d\u00e9veloppement local, initi\u00e9e par le pr\u00e9sident de la R\u00e9publique, M. Abdelmadjid Tebboune, repose sur deux principes cardinaux, \u00e0 savoir la r\u00e9alisation de l&rsquo;\u00e9quit\u00e9 en mati\u00e8re de d\u00e9veloppement entre les diff\u00e9rentes r\u00e9gions du pays et la cons\u00e9cration de la d\u00e9mocratie participative dans la gestion des affaires locales\u00a0\u00bb, ajoutant que cette nouvelle approche visait \u00e0 \u00ab\u00a0\u00e9lever les associations au rang de partenaire effectif\u00a0\u00bb, ce qui se traduit, a-t-il dit, par \u00ab\u00a0l&rsquo;implication des associations et des comit\u00e9s de quartier dans la d\u00e9finition des projets de rattrapage du programme des zones d&rsquo;ombre et des programmes compl\u00e9mentaires de d\u00e9veloppement\u00a0\u00bb.<\/p>\n\n\n\n<p><strong>Hocine Fadheli<\/strong><\/p>\n","protected":false},"excerpt":{"rendered":"<p>La r\u00e9visions de la loi sur les associations constitue, avec la refonte de la loi sur les partis politiques, l\u2019un<\/p>\n","protected":false},"author":3,"featured_media":47925,"comment_status":"open","ping_status":"closed","sticky":false,"template":"","format":"standard","meta":{"colormag_page_container_layout":"default_layout","colormag_page_sidebar_layout":"default_layout","om_disable_all_campaigns":false,"_monsterinsights_skip_tracking":false,"_monsterinsights_sitenote_active":false,"_monsterinsights_sitenote_note":"","_monsterinsights_sitenote_category":0,"footnotes":"","_wpscppro_dont_share_socialmedia":false,"_wpscppro_custom_social_share_image":0,"_facebook_share_type":"","_twitter_share_type":"","_linkedin_share_type":"","_pinterest_share_type":"","_linkedin_share_type_page":"","_instagram_share_type":"","_medium_share_type":"","_threads_share_type":"","_google_business_share_type":"","_selected_social_profile":[],"_wpsp_enable_custom_social_template":false,"_wpsp_social_scheduling":{"enabled":false,"datetime":null,"platforms":[],"status":"template_only","dateOption":"today","timeOption":"now","customDays":"","customHours":"","customDate":"","customTime":"","schedulingType":"absolute"},"_wpsp_active_default_template":true},"categories":[27],"tags":[],"class_list":["post-50500","post","type-post","status-publish","format-standard","has-post-thumbnail","hentry","category-actualite"],"aioseo_notices":[],"yoast_head":"<!-- This site is optimized with the Yoast SEO plugin v27.5 - https:\/\/yoast.com\/product\/yoast-seo-wordpress\/ -->\n<title>Une loi organique sur les associations\u00a0: Des consultations seront lanc\u00e9es - La Sentinelle<\/title>\n<meta name=\"robots\" content=\"index, follow, max-snippet:-1, max-image-preview:large, max-video-preview:-1\" \/>\n<link rel=\"canonical\" href=\"https:\/\/lasentinelle.dz\/index.php\/2024\/03\/19\/une-loi-organique-sur-les-associations-des-consultations-seront-lancees\/\" \/>\n<meta property=\"og:locale\" content=\"fr_FR\" \/>\n<meta property=\"og:type\" content=\"article\" \/>\n<meta property=\"og:title\" content=\"Une loi organique sur les associations\u00a0: Des consultations seront lanc\u00e9es - La Sentinelle\" \/>\n<meta property=\"og:description\" content=\"La r\u00e9visions de la loi sur les associations constitue, avec la refonte de la loi sur les partis politiques, l\u2019un\" \/>\n<meta property=\"og:url\" content=\"https:\/\/lasentinelle.dz\/index.php\/2024\/03\/19\/une-loi-organique-sur-les-associations-des-consultations-seront-lancees\/\" \/>\n<meta property=\"og:site_name\" content=\"La Sentinelle\" \/>\n<meta property=\"article:publisher\" content=\"https:\/\/www.facebook.com\/La-Sentinelle-104059864394773\" \/>\n<meta property=\"article:published_time\" content=\"2024-03-19T12:45:00+00:00\" \/>\n<meta property=\"article:modified_time\" content=\"2024-03-19T12:45:01+00:00\" \/>\n<meta property=\"og:image\" content=\"https:\/\/lasentinelle.dz\/wp-content\/uploads\/2023\/12\/merad.jpeg\" \/>\n\t<meta property=\"og:image:width\" content=\"1000\" \/>\n\t<meta property=\"og:image:height\" content=\"522\" \/>\n\t<meta property=\"og:image:type\" content=\"image\/jpeg\" \/>\n<meta name=\"author\" content=\"La Sentinelle\" \/>\n<meta name=\"twitter:card\" content=\"summary_large_image\" \/>\n<meta name=\"twitter:label1\" content=\"\u00c9crit par\" \/>\n\t<meta name=\"twitter:data1\" content=\"La Sentinelle\" \/>\n\t<meta name=\"twitter:label2\" content=\"Dur\u00e9e de lecture estim\u00e9e\" \/>\n\t<meta name=\"twitter:data2\" content=\"3 minutes\" \/>\n<script type=\"application\/ld+json\" class=\"yoast-schema-graph\">{\"@context\":\"https:\\\/\\\/schema.org\",\"@graph\":[{\"@type\":\"Article\",\"@id\":\"https:\\\/\\\/lasentinelle.dz\\\/index.php\\\/2024\\\/03\\\/19\\\/une-loi-organique-sur-les-associations-des-consultations-seront-lancees\\\/#article\",\"isPartOf\":{\"@id\":\"https:\\\/\\\/lasentinelle.dz\\\/index.php\\\/2024\\\/03\\\/19\\\/une-loi-organique-sur-les-associations-des-consultations-seront-lancees\\\/\"},\"author\":{\"name\":\"La Sentinelle\",\"@id\":\"https:\\\/\\\/lasentinelle.dz\\\/#\\\/schema\\\/person\\\/d865044e22e70a75174ce8bcad3acfb3\"},\"headline\":\"Une loi organique sur les associations\u00a0: Des consultations seront lanc\u00e9es\",\"datePublished\":\"2024-03-19T12:45:00+00:00\",\"dateModified\":\"2024-03-19T12:45:01+00:00\",\"mainEntityOfPage\":{\"@id\":\"https:\\\/\\\/lasentinelle.dz\\\/index.php\\\/2024\\\/03\\\/19\\\/une-loi-organique-sur-les-associations-des-consultations-seront-lancees\\\/\"},\"wordCount\":598,\"commentCount\":0,\"publisher\":{\"@id\":\"https:\\\/\\\/lasentinelle.dz\\\/#organization\"},\"image\":{\"@id\":\"https:\\\/\\\/lasentinelle.dz\\\/index.php\\\/2024\\\/03\\\/19\\\/une-loi-organique-sur-les-associations-des-consultations-seront-lancees\\\/#primaryimage\"},\"thumbnailUrl\":\"https:\\\/\\\/lasentinelle.dz\\\/wp-content\\\/uploads\\\/2023\\\/12\\\/merad.jpeg\",\"articleSection\":[\"Actualit\u00e9\"],\"inLanguage\":\"fr-FR\",\"potentialAction\":[{\"@type\":\"CommentAction\",\"name\":\"Comment\",\"target\":[\"https:\\\/\\\/lasentinelle.dz\\\/index.php\\\/2024\\\/03\\\/19\\\/une-loi-organique-sur-les-associations-des-consultations-seront-lancees\\\/#respond\"]}]},{\"@type\":\"WebPage\",\"@id\":\"https:\\\/\\\/lasentinelle.dz\\\/index.php\\\/2024\\\/03\\\/19\\\/une-loi-organique-sur-les-associations-des-consultations-seront-lancees\\\/\",\"url\":\"https:\\\/\\\/lasentinelle.dz\\\/index.php\\\/2024\\\/03\\\/19\\\/une-loi-organique-sur-les-associations-des-consultations-seront-lancees\\\/\",\"name\":\"Une loi organique sur les associations\u00a0: Des consultations seront lanc\u00e9es - La Sentinelle\",\"isPartOf\":{\"@id\":\"https:\\\/\\\/lasentinelle.dz\\\/#website\"},\"primaryImageOfPage\":{\"@id\":\"https:\\\/\\\/lasentinelle.dz\\\/index.php\\\/2024\\\/03\\\/19\\\/une-loi-organique-sur-les-associations-des-consultations-seront-lancees\\\/#primaryimage\"},\"image\":{\"@id\":\"https:\\\/\\\/lasentinelle.dz\\\/index.php\\\/2024\\\/03\\\/19\\\/une-loi-organique-sur-les-associations-des-consultations-seront-lancees\\\/#primaryimage\"},\"thumbnailUrl\":\"https:\\\/\\\/lasentinelle.dz\\\/wp-content\\\/uploads\\\/2023\\\/12\\\/merad.jpeg\",\"datePublished\":\"2024-03-19T12:45:00+00:00\",\"dateModified\":\"2024-03-19T12:45:01+00:00\",\"breadcrumb\":{\"@id\":\"https:\\\/\\\/lasentinelle.dz\\\/index.php\\\/2024\\\/03\\\/19\\\/une-loi-organique-sur-les-associations-des-consultations-seront-lancees\\\/#breadcrumb\"},\"inLanguage\":\"fr-FR\",\"potentialAction\":[{\"@type\":\"ReadAction\",\"target\":[\"https:\\\/\\\/lasentinelle.dz\\\/index.php\\\/2024\\\/03\\\/19\\\/une-loi-organique-sur-les-associations-des-consultations-seront-lancees\\\/\"]}]},{\"@type\":\"ImageObject\",\"inLanguage\":\"fr-FR\",\"@id\":\"https:\\\/\\\/lasentinelle.dz\\\/index.php\\\/2024\\\/03\\\/19\\\/une-loi-organique-sur-les-associations-des-consultations-seront-lancees\\\/#primaryimage\",\"url\":\"https:\\\/\\\/lasentinelle.dz\\\/wp-content\\\/uploads\\\/2023\\\/12\\\/merad.jpeg\",\"contentUrl\":\"https:\\\/\\\/lasentinelle.dz\\\/wp-content\\\/uploads\\\/2023\\\/12\\\/merad.jpeg\",\"width\":1000,\"height\":522},{\"@type\":\"BreadcrumbList\",\"@id\":\"https:\\\/\\\/lasentinelle.dz\\\/index.php\\\/2024\\\/03\\\/19\\\/une-loi-organique-sur-les-associations-des-consultations-seront-lancees\\\/#breadcrumb\",\"itemListElement\":[{\"@type\":\"ListItem\",\"position\":1,\"name\":\"Accueil\",\"item\":\"https:\\\/\\\/lasentinelle.dz\\\/\"},{\"@type\":\"ListItem\",\"position\":2,\"name\":\"Une loi organique sur les associations\u00a0: Des consultations seront lanc\u00e9es\"}]},{\"@type\":\"WebSite\",\"@id\":\"https:\\\/\\\/lasentinelle.dz\\\/#website\",\"url\":\"https:\\\/\\\/lasentinelle.dz\\\/\",\"name\":\"La Sentinelle\",\"description\":\"Quotidien national d&#039;information\",\"publisher\":{\"@id\":\"https:\\\/\\\/lasentinelle.dz\\\/#organization\"},\"potentialAction\":[{\"@type\":\"SearchAction\",\"target\":{\"@type\":\"EntryPoint\",\"urlTemplate\":\"https:\\\/\\\/lasentinelle.dz\\\/?s={search_term_string}\"},\"query-input\":{\"@type\":\"PropertyValueSpecification\",\"valueRequired\":true,\"valueName\":\"search_term_string\"}}],\"inLanguage\":\"fr-FR\"},{\"@type\":\"Organization\",\"@id\":\"https:\\\/\\\/lasentinelle.dz\\\/#organization\",\"name\":\"Quotidien La Sentinelle\",\"url\":\"https:\\\/\\\/lasentinelle.dz\\\/\",\"logo\":{\"@type\":\"ImageObject\",\"inLanguage\":\"fr-FR\",\"@id\":\"https:\\\/\\\/lasentinelle.dz\\\/#\\\/schema\\\/logo\\\/image\\\/\",\"url\":\"https:\\\/\\\/lasentinelle.dz\\\/wp-content\\\/uploads\\\/2021\\\/09\\\/logo-sentinelleSLOGAN-1.png\",\"contentUrl\":\"https:\\\/\\\/lasentinelle.dz\\\/wp-content\\\/uploads\\\/2021\\\/09\\\/logo-sentinelleSLOGAN-1.png\",\"width\":615,\"height\":142,\"caption\":\"Quotidien La Sentinelle\"},\"image\":{\"@id\":\"https:\\\/\\\/lasentinelle.dz\\\/#\\\/schema\\\/logo\\\/image\\\/\"},\"sameAs\":[\"https:\\\/\\\/www.facebook.com\\\/La-Sentinelle-104059864394773\"]},{\"@type\":\"Person\",\"@id\":\"https:\\\/\\\/lasentinelle.dz\\\/#\\\/schema\\\/person\\\/d865044e22e70a75174ce8bcad3acfb3\",\"name\":\"La Sentinelle\",\"image\":{\"@type\":\"ImageObject\",\"inLanguage\":\"fr-FR\",\"@id\":\"https:\\\/\\\/secure.gravatar.com\\\/avatar\\\/57de8e5d4b15d43fb361a71fbb36338450fe67865b528a43dd10ef7c51a20392?s=96&d=mm&r=g\",\"url\":\"https:\\\/\\\/secure.gravatar.com\\\/avatar\\\/57de8e5d4b15d43fb361a71fbb36338450fe67865b528a43dd10ef7c51a20392?s=96&d=mm&r=g\",\"contentUrl\":\"https:\\\/\\\/secure.gravatar.com\\\/avatar\\\/57de8e5d4b15d43fb361a71fbb36338450fe67865b528a43dd10ef7c51a20392?s=96&d=mm&r=g\",\"caption\":\"La Sentinelle\"},\"sameAs\":[\"http:\\\/\\\/www.lasentinelle.dz\"],\"url\":\"https:\\\/\\\/lasentinelle.dz\\\/author\\\/redaction\\\/\"}]}<\/script>\n<!-- \/ Yoast SEO plugin. -->","yoast_head_json":{"title":"Une loi organique sur les associations\u00a0: Des consultations seront lanc\u00e9es - La Sentinelle","robots":{"index":"index","follow":"follow","max-snippet":"max-snippet:-1","max-image-preview":"max-image-preview:large","max-video-preview":"max-video-preview:-1"},"canonical":"https:\/\/lasentinelle.dz\/index.php\/2024\/03\/19\/une-loi-organique-sur-les-associations-des-consultations-seront-lancees\/","og_locale":"fr_FR","og_type":"article","og_title":"Une loi organique sur les associations\u00a0: Des consultations seront lanc\u00e9es - La Sentinelle","og_description":"La r\u00e9visions de la loi sur les associations constitue, avec la refonte de la loi sur les partis politiques, l\u2019un","og_url":"https:\/\/lasentinelle.dz\/index.php\/2024\/03\/19\/une-loi-organique-sur-les-associations-des-consultations-seront-lancees\/","og_site_name":"La Sentinelle","article_publisher":"https:\/\/www.facebook.com\/La-Sentinelle-104059864394773","article_published_time":"2024-03-19T12:45:00+00:00","article_modified_time":"2024-03-19T12:45:01+00:00","og_image":[{"width":1000,"height":522,"url":"https:\/\/lasentinelle.dz\/wp-content\/uploads\/2023\/12\/merad.jpeg","type":"image\/jpeg"}],"author":"La Sentinelle","twitter_card":"summary_large_image","twitter_misc":{"\u00c9crit par":"La Sentinelle","Dur\u00e9e de lecture estim\u00e9e":"3 minutes"},"schema":{"@context":"https:\/\/schema.org","@graph":[{"@type":"Article","@id":"https:\/\/lasentinelle.dz\/index.php\/2024\/03\/19\/une-loi-organique-sur-les-associations-des-consultations-seront-lancees\/#article","isPartOf":{"@id":"https:\/\/lasentinelle.dz\/index.php\/2024\/03\/19\/une-loi-organique-sur-les-associations-des-consultations-seront-lancees\/"},"author":{"name":"La Sentinelle","@id":"https:\/\/lasentinelle.dz\/#\/schema\/person\/d865044e22e70a75174ce8bcad3acfb3"},"headline":"Une loi organique sur les associations\u00a0: Des consultations seront lanc\u00e9es","datePublished":"2024-03-19T12:45:00+00:00","dateModified":"2024-03-19T12:45:01+00:00","mainEntityOfPage":{"@id":"https:\/\/lasentinelle.dz\/index.php\/2024\/03\/19\/une-loi-organique-sur-les-associations-des-consultations-seront-lancees\/"},"wordCount":598,"commentCount":0,"publisher":{"@id":"https:\/\/lasentinelle.dz\/#organization"},"image":{"@id":"https:\/\/lasentinelle.dz\/index.php\/2024\/03\/19\/une-loi-organique-sur-les-associations-des-consultations-seront-lancees\/#primaryimage"},"thumbnailUrl":"https:\/\/lasentinelle.dz\/wp-content\/uploads\/2023\/12\/merad.jpeg","articleSection":["Actualit\u00e9"],"inLanguage":"fr-FR","potentialAction":[{"@type":"CommentAction","name":"Comment","target":["https:\/\/lasentinelle.dz\/index.php\/2024\/03\/19\/une-loi-organique-sur-les-associations-des-consultations-seront-lancees\/#respond"]}]},{"@type":"WebPage","@id":"https:\/\/lasentinelle.dz\/index.php\/2024\/03\/19\/une-loi-organique-sur-les-associations-des-consultations-seront-lancees\/","url":"https:\/\/lasentinelle.dz\/index.php\/2024\/03\/19\/une-loi-organique-sur-les-associations-des-consultations-seront-lancees\/","name":"Une loi organique sur les associations\u00a0: Des consultations seront lanc\u00e9es - La Sentinelle","isPartOf":{"@id":"https:\/\/lasentinelle.dz\/#website"},"primaryImageOfPage":{"@id":"https:\/\/lasentinelle.dz\/index.php\/2024\/03\/19\/une-loi-organique-sur-les-associations-des-consultations-seront-lancees\/#primaryimage"},"image":{"@id":"https:\/\/lasentinelle.dz\/index.php\/2024\/03\/19\/une-loi-organique-sur-les-associations-des-consultations-seront-lancees\/#primaryimage"},"thumbnailUrl":"https:\/\/lasentinelle.dz\/wp-content\/uploads\/2023\/12\/merad.jpeg","datePublished":"2024-03-19T12:45:00+00:00","dateModified":"2024-03-19T12:45:01+00:00","breadcrumb":{"@id":"https:\/\/lasentinelle.dz\/index.php\/2024\/03\/19\/une-loi-organique-sur-les-associations-des-consultations-seront-lancees\/#breadcrumb"},"inLanguage":"fr-FR","potentialAction":[{"@type":"ReadAction","target":["https:\/\/lasentinelle.dz\/index.php\/2024\/03\/19\/une-loi-organique-sur-les-associations-des-consultations-seront-lancees\/"]}]},{"@type":"ImageObject","inLanguage":"fr-FR","@id":"https:\/\/lasentinelle.dz\/index.php\/2024\/03\/19\/une-loi-organique-sur-les-associations-des-consultations-seront-lancees\/#primaryimage","url":"https:\/\/lasentinelle.dz\/wp-content\/uploads\/2023\/12\/merad.jpeg","contentUrl":"https:\/\/lasentinelle.dz\/wp-content\/uploads\/2023\/12\/merad.jpeg","width":1000,"height":522},{"@type":"BreadcrumbList","@id":"https:\/\/lasentinelle.dz\/index.php\/2024\/03\/19\/une-loi-organique-sur-les-associations-des-consultations-seront-lancees\/#breadcrumb","itemListElement":[{"@type":"ListItem","position":1,"name":"Accueil","item":"https:\/\/lasentinelle.dz\/"},{"@type":"ListItem","position":2,"name":"Une loi organique sur les associations\u00a0: Des consultations seront lanc\u00e9es"}]},{"@type":"WebSite","@id":"https:\/\/lasentinelle.dz\/#website","url":"https:\/\/lasentinelle.dz\/","name":"La Sentinelle","description":"Quotidien national d&#039;information","publisher":{"@id":"https:\/\/lasentinelle.dz\/#organization"},"potentialAction":[{"@type":"SearchAction","target":{"@type":"EntryPoint","urlTemplate":"https:\/\/lasentinelle.dz\/?s={search_term_string}"},"query-input":{"@type":"PropertyValueSpecification","valueRequired":true,"valueName":"search_term_string"}}],"inLanguage":"fr-FR"},{"@type":"Organization","@id":"https:\/\/lasentinelle.dz\/#organization","name":"Quotidien La Sentinelle","url":"https:\/\/lasentinelle.dz\/","logo":{"@type":"ImageObject","inLanguage":"fr-FR","@id":"https:\/\/lasentinelle.dz\/#\/schema\/logo\/image\/","url":"https:\/\/lasentinelle.dz\/wp-content\/uploads\/2021\/09\/logo-sentinelleSLOGAN-1.png","contentUrl":"https:\/\/lasentinelle.dz\/wp-content\/uploads\/2021\/09\/logo-sentinelleSLOGAN-1.png","width":615,"height":142,"caption":"Quotidien La Sentinelle"},"image":{"@id":"https:\/\/lasentinelle.dz\/#\/schema\/logo\/image\/"},"sameAs":["https:\/\/www.facebook.com\/La-Sentinelle-104059864394773"]},{"@type":"Person","@id":"https:\/\/lasentinelle.dz\/#\/schema\/person\/d865044e22e70a75174ce8bcad3acfb3","name":"La Sentinelle","image":{"@type":"ImageObject","inLanguage":"fr-FR","@id":"https:\/\/secure.gravatar.com\/avatar\/57de8e5d4b15d43fb361a71fbb36338450fe67865b528a43dd10ef7c51a20392?s=96&d=mm&r=g","url":"https:\/\/secure.gravatar.com\/avatar\/57de8e5d4b15d43fb361a71fbb36338450fe67865b528a43dd10ef7c51a20392?s=96&d=mm&r=g","contentUrl":"https:\/\/secure.gravatar.com\/avatar\/57de8e5d4b15d43fb361a71fbb36338450fe67865b528a43dd10ef7c51a20392?s=96&d=mm&r=g","caption":"La Sentinelle"},"sameAs":["http:\/\/www.lasentinelle.dz"],"url":"https:\/\/lasentinelle.dz\/author\/redaction\/"}]}},"_links":{"self":[{"href":"https:\/\/lasentinelle.dz\/index.php\/wp-json\/wp\/v2\/posts\/50500","targetHints":{"allow":["GET"]}}],"collection":[{"href":"https:\/\/lasentinelle.dz\/index.php\/wp-json\/wp\/v2\/posts"}],"about":[{"href":"https:\/\/lasentinelle.dz\/index.php\/wp-json\/wp\/v2\/types\/post"}],"author":[{"embeddable":true,"href":"https:\/\/lasentinelle.dz\/index.php\/wp-json\/wp\/v2\/users\/3"}],"replies":[{"embeddable":true,"href":"https:\/\/lasentinelle.dz\/index.php\/wp-json\/wp\/v2\/comments?post=50500"}],"version-history":[{"count":1,"href":"https:\/\/lasentinelle.dz\/index.php\/wp-json\/wp\/v2\/posts\/50500\/revisions"}],"predecessor-version":[{"id":50501,"href":"https:\/\/lasentinelle.dz\/index.php\/wp-json\/wp\/v2\/posts\/50500\/revisions\/50501"}],"wp:featuredmedia":[{"embeddable":true,"href":"https:\/\/lasentinelle.dz\/index.php\/wp-json\/wp\/v2\/media\/47925"}],"wp:attachment":[{"href":"https:\/\/lasentinelle.dz\/index.php\/wp-json\/wp\/v2\/media?parent=50500"}],"wp:term":[{"taxonomy":"category","embeddable":true,"href":"https:\/\/lasentinelle.dz\/index.php\/wp-json\/wp\/v2\/categories?post=50500"},{"taxonomy":"post_tag","embeddable":true,"href":"https:\/\/lasentinelle.dz\/index.php\/wp-json\/wp\/v2\/tags?post=50500"}],"curies":[{"name":"wp","href":"https:\/\/api.w.org\/{rel}","templated":true}]}}