{"id":50568,"date":"2024-03-21T14:00:00","date_gmt":"2024-03-21T13:00:00","guid":{"rendered":"https:\/\/lasentinelle.dz\/?p=50568"},"modified":"2024-03-23T14:43:49","modified_gmt":"2024-03-23T13:43:49","slug":"algerie-bolivie-un-premier-test-pour-petkovic","status":"publish","type":"post","link":"https:\/\/lasentinelle.dz\/index.php\/2024\/03\/21\/algerie-bolivie-un-premier-test-pour-petkovic\/","title":{"rendered":"Alg\u00e9rie &#8211; Bolivie\u00a0: Un premier test pour Petkovic"},"content":{"rendered":"\n<p>La s\u00e9lection nationale de football affrontera demain \u00e0 22h00 son homologue bolivienne au stade Nelson-Mandela de Baraki, dans le cadre du tournoi amical Fifa S\u00e9ries-2024, pr\u00e9vu en Alg\u00e9rie du 22 au 26 mars.<\/p>\n\n\n\n<p>C\u2019est un premier test pour le nouveau s\u00e9lectionneur national Vladmir Petkovic qui a l\u2019occasion lors de ce regroupement de d\u00e9couvrir les Verts et de se pencher sur ses premiers choix en attendant les grandes \u00e9ch\u00e9ances notamment la 3<sup>e<\/sup> et 4<sup>e<\/sup> Journ\u00e9es des \u00e9liminatoires du Mondial 2026 pr\u00e9vues en juin.&nbsp; Il faut dire que la premi\u00e8re sortie des Verts sous l\u2019\u00e8re Petkovic est tr\u00e8s attendue, y compris par les supporters, qui attendent une reprise en main de l\u2019EN apr\u00e8s le choc d\u2019une deuxi\u00e8me \u00e9limination cons\u00e9cutive au premier tour d&rsquo;une Coupe d&rsquo;Afrique des nations dont la derni\u00e8re en date en janvier 2024 en C\u00f4te d&rsquo;Ivoire. Un match de reprise, qui sera probablement riche en enseignements, car outre les comp\u00e9tences techniques de Petkovic, que les puristes pourront d\u00e9couvrir \u00e0 travers sa tactique de jeu et ses changements, il y aura -\u00e9galement une multitude de joueurs qui feront leur d\u00e9but en s\u00e9lection, \u00e0 l&rsquo;occasion de cette sortie amicale contre la Bolivie.&nbsp; Parmi les nouvelles t\u00eates que les supporters des Verts vont&nbsp; d\u00e9couvrir pour la toute premi\u00e8re fois vendredi soir \u00e0 Baraki, Mohamed Amine Madani (CS Constantine), Moncef Bekrar (New York City-USA), Hadj Moussa (Vitesse Arnhem\/ Pays-Bas), Ahmed Kendouci (Ceramica\/ Egypte) et Rafik Guitane (Estoril-Praia\/ Portugal). Des \u00ab\u00a0bleus\u00a0\u00bb qui s&rsquo;ajoutent \u00e0 certains \u00ab\u00a0revenants\u00a0\u00bb, comme Said Benrahma (Olympique lyonnais\/ France), Yacine Benzia (Qarabag FK\/Azerba\u00efdjan) Jouen Hadjam (Young Boys de Berne\/Suisse), et surtout les \u00ab\u00a0artistes\u00a0\u00bb Yacine Brahimi (El Gharafa SC\/Qatar) et Badredine Bouanani (FC Lorient\/ France), que les puristes seront probablement tr\u00e8s heureux de revoir en s\u00e9lection apr\u00e8s une longue absence .<\/p>\n\n\n\n<p>De revenants qui ont affich\u00e9 mardi lors d\u2019une zone mixte, leur enthousiasme pour cette s\u00e9lection. &nbsp;Yacine Brahimi qui effectue son retour en s\u00e9lection apr\u00e8s deux ans a dit \u00eatre \u00ab vraiment content d&rsquo;\u00eatre l\u00e0. Hamdoullah je continue \u00e0 beaucoup travailler, je ne l\u00e2che pas. Je suis tr\u00e8s heureux et tr\u00e8s motiv\u00e9 \u00bb. Il a parl\u00e9 de la nouvelle g\u00e9n\u00e9ration montante en s\u00e9lection en disant, \u00abOn a la chance d&rsquo;avoir de tr\u00e8s tr\u00e8s bons jeunes qui jouent d\u00e9ja pour certains dans de grands clubs et d&rsquo;autres qui viennent. Nous avons une belle g\u00e9n\u00e9ration, on esp\u00e8re que la sauce va bien prendre \u00bb.<\/p>\n\n\n\n<p>De son c\u00f4t\u00e9, l&rsquo;attaquant de l&rsquo;Olympique Lyonnais Sa\u00efd Benrahma a \u00e9voqu\u00e9 un nouveau d\u00e9part pour lui et pour la s\u00e9lection, \u00ab C&rsquo;est un nouveau d\u00e9part, il y&rsquo;a eu un petit probl\u00e8me avant mais c&rsquo;est le pass\u00e9, c&rsquo;est comme \u00e7a. Nouveau coach, nouveau d\u00e9part. On est toujours motiv\u00e9 quand on vient en \u00e9quipe nationale \u00bb. Concernant sa blessure il a expliqu\u00e9 \u00eatre encore incertain \u00ab Je me suis fait mal, j&rsquo;essaie de reprendre \u00e0 courir, je travail pour faire au mieux mais la je reprend petit \u00e0 petit. .Je ne devrait pas \u00eatre apte pour le premier match mais pour second face \u00e0 l&rsquo;Afriue du Sud \u00e7a devrait le faire \u00bb.<\/p>\n\n\n\n<p>Les Verts devront, cependant, faire sans certaines anciennes stars et cadres de l&rsquo;\u00e9quipe, \u00e0 l&rsquo;image de Youcef Bela\u00efli, Islam Slimani, Sofiane Feghouli et surtout le capitaine Ryad Mahrez, qui ne figurent pas dans la premi\u00e8re liste de Petkovic. &nbsp;Certains parmi ces joueurs ont \u00e9t\u00e9 volontairement non convoqu\u00e9s par le Bosnien, ayant consid\u00e9r\u00e9 que \u00ab\u00a0pour le moment, l&rsquo;id\u00e9al pour eux serait de se consacrer \u00e0 leurs clubs\u00a0\u00bb, alors que dans le cas de Mahrez, c&rsquo;est lui qui aurait demand\u00e9 \u00e0 Petkovic d&rsquo;\u00eatre dispens\u00e9. C&rsquo;est donc au milieu de toute cette ambiance que les Verts s&rsquo;appr\u00eatent \u00e0 faire leur retour sur sc\u00e8ne, et ils semblent miser \u00e9norm\u00e9ment sur ce tournoi intercontinental \u00e0 domicile pour commencer \u00e0 \u00e9crire une nouvelle page de leur histoire. Organis\u00e9 \u00e0 domicile, sous l&rsquo;\u00e9gide de la F\u00e9d\u00e9ration internationale de football, Fifa, le tournoi qui regroupera quatre s\u00e9lections, se d\u00e9roulera dans deux stades : Nelson Mandela \u00e0 Alger et le 19-Mai 1956 \u00e0 Annaba. Chacune des \u00e9quipes disputera deux matchs. Le premier adversaire de l&rsquo;Alg\u00e9rie sera la Bolivie, repr\u00e9sentant l&rsquo;Am\u00e9rique du Sud, puis il y aura l&rsquo;Afrique du Sud, r\u00e9cent demi-finaliste de la CAN-2023 en C\u00f4te d&rsquo;Ivoire. Le premier match est pr\u00e9vu 22 mars, au Stade Nelson-Mandela, et le second quatre jours plus tard, le 26 mars, dans le m\u00eame stade. Si les Sud-africains se portent relativement bien en ce moment, et se pr\u00e9sentent comme de s\u00e9rieux adversaires pour les co\u00e9quipiers de Ismael Bennacer, les Boliviens sont nettement moins en forme. Ils sont d&rsquo;ailleurs en difficult\u00e9 dans la course \u00e0 la qualification au Mondial 2026, o\u00f9 ils pointent actuellement \u00e0 l&rsquo;avant-derni\u00e8re place du classement de la zone Amsud. La s\u00e9lection nationale est en regroupement au Centre Technique National de Sidi Moussa depuis lundi, o\u00f9 elle continuera \u00e0 peaufiner sa pr\u00e9paration pour \u00eatre fin pr\u00eate pour le match de vendredi soir qui devrait attirer comme d&rsquo;habitude, un public nombreux \u00e0 l&rsquo;occasion d&rsquo;une soir\u00e9e ramadanesque.<\/p>\n\n\n\n<p>R.S.<\/p>\n","protected":false},"excerpt":{"rendered":"<p>La s\u00e9lection nationale de football affrontera demain \u00e0 22h00 son homologue bolivienne au stade Nelson-Mandela de Baraki, dans le cadre<\/p>\n","protected":false},"author":3,"featured_media":50569,"comment_status":"open","ping_status":"closed","sticky":false,"template":"","format":"standard","meta":{"colormag_page_container_layout":"default_layout","colormag_page_sidebar_layout":"default_layout","om_disable_all_campaigns":false,"_monsterinsights_skip_tracking":false,"_monsterinsights_sitenote_active":false,"_monsterinsights_sitenote_note":"","_monsterinsights_sitenote_category":0,"footnotes":"","_wpscppro_dont_share_socialmedia":false,"_wpscppro_custom_social_share_image":0,"_facebook_share_type":"","_twitter_share_type":"","_linkedin_share_type":"","_pinterest_share_type":"","_linkedin_share_type_page":"","_instagram_share_type":"","_medium_share_type":"","_threads_share_type":"","_google_business_share_type":"","_selected_social_profile":[],"_wpsp_enable_custom_social_template":false,"_wpsp_social_scheduling":{"enabled":false,"datetime":null,"platforms":[],"status":"template_only","dateOption":"today","timeOption":"now","customDays":"","customHours":"","customDate":"","customTime":"","schedulingType":"absolute"},"_wpsp_active_default_template":true},"categories":[52,33],"tags":[],"class_list":["post-50568","post","type-post","status-publish","format-standard","has-post-thumbnail","hentry","category-a-la-une","category-sports"],"aioseo_notices":[],"yoast_head":"<!-- This site is optimized with the Yoast SEO plugin v27.5 - https:\/\/yoast.com\/product\/yoast-seo-wordpress\/ -->\n<title>Alg\u00e9rie &#8211; Bolivie\u00a0: Un premier test pour Petkovic - La Sentinelle<\/title>\n<meta name=\"robots\" content=\"index, follow, max-snippet:-1, max-image-preview:large, max-video-preview:-1\" \/>\n<link rel=\"canonical\" href=\"https:\/\/lasentinelle.dz\/index.php\/2024\/03\/21\/algerie-bolivie-un-premier-test-pour-petkovic\/\" \/>\n<meta property=\"og:locale\" content=\"fr_FR\" \/>\n<meta property=\"og:type\" content=\"article\" \/>\n<meta property=\"og:title\" content=\"Alg\u00e9rie &#8211; Bolivie\u00a0: Un premier test pour Petkovic - La Sentinelle\" \/>\n<meta property=\"og:description\" content=\"La s\u00e9lection nationale de football affrontera demain \u00e0 22h00 son homologue bolivienne au stade Nelson-Mandela de Baraki, dans le cadre\" \/>\n<meta property=\"og:url\" content=\"https:\/\/lasentinelle.dz\/index.php\/2024\/03\/21\/algerie-bolivie-un-premier-test-pour-petkovic\/\" \/>\n<meta property=\"og:site_name\" content=\"La Sentinelle\" \/>\n<meta property=\"article:publisher\" content=\"https:\/\/www.facebook.com\/La-Sentinelle-104059864394773\" \/>\n<meta property=\"article:published_time\" content=\"2024-03-21T13:00:00+00:00\" \/>\n<meta property=\"article:modified_time\" content=\"2024-03-23T13:43:49+00:00\" \/>\n<meta property=\"og:image\" content=\"https:\/\/lasentinelle.dz\/wp-content\/uploads\/2024\/03\/EN.jpeg\" \/>\n\t<meta property=\"og:image:width\" content=\"750\" \/>\n\t<meta property=\"og:image:height\" content=\"430\" \/>\n\t<meta property=\"og:image:type\" content=\"image\/jpeg\" \/>\n<meta name=\"author\" content=\"La Sentinelle\" \/>\n<meta name=\"twitter:card\" content=\"summary_large_image\" \/>\n<meta name=\"twitter:label1\" content=\"\u00c9crit par\" \/>\n\t<meta name=\"twitter:data1\" content=\"La Sentinelle\" \/>\n\t<meta name=\"twitter:label2\" content=\"Dur\u00e9e de lecture estim\u00e9e\" \/>\n\t<meta name=\"twitter:data2\" content=\"5 minutes\" \/>\n<script type=\"application\/ld+json\" class=\"yoast-schema-graph\">{\"@context\":\"https:\\\/\\\/schema.org\",\"@graph\":[{\"@type\":\"Article\",\"@id\":\"https:\\\/\\\/lasentinelle.dz\\\/index.php\\\/2024\\\/03\\\/21\\\/algerie-bolivie-un-premier-test-pour-petkovic\\\/#article\",\"isPartOf\":{\"@id\":\"https:\\\/\\\/lasentinelle.dz\\\/index.php\\\/2024\\\/03\\\/21\\\/algerie-bolivie-un-premier-test-pour-petkovic\\\/\"},\"author\":{\"name\":\"La Sentinelle\",\"@id\":\"https:\\\/\\\/lasentinelle.dz\\\/#\\\/schema\\\/person\\\/d865044e22e70a75174ce8bcad3acfb3\"},\"headline\":\"Alg\u00e9rie &#8211; Bolivie\u00a0: Un premier test pour Petkovic\",\"datePublished\":\"2024-03-21T13:00:00+00:00\",\"dateModified\":\"2024-03-23T13:43:49+00:00\",\"mainEntityOfPage\":{\"@id\":\"https:\\\/\\\/lasentinelle.dz\\\/index.php\\\/2024\\\/03\\\/21\\\/algerie-bolivie-un-premier-test-pour-petkovic\\\/\"},\"wordCount\":908,\"commentCount\":0,\"publisher\":{\"@id\":\"https:\\\/\\\/lasentinelle.dz\\\/#organization\"},\"image\":{\"@id\":\"https:\\\/\\\/lasentinelle.dz\\\/index.php\\\/2024\\\/03\\\/21\\\/algerie-bolivie-un-premier-test-pour-petkovic\\\/#primaryimage\"},\"thumbnailUrl\":\"https:\\\/\\\/lasentinelle.dz\\\/wp-content\\\/uploads\\\/2024\\\/03\\\/EN.jpeg\",\"articleSection\":[\"\u00c0 la Une\",\"Sports\"],\"inLanguage\":\"fr-FR\",\"potentialAction\":[{\"@type\":\"CommentAction\",\"name\":\"Comment\",\"target\":[\"https:\\\/\\\/lasentinelle.dz\\\/index.php\\\/2024\\\/03\\\/21\\\/algerie-bolivie-un-premier-test-pour-petkovic\\\/#respond\"]}]},{\"@type\":\"WebPage\",\"@id\":\"https:\\\/\\\/lasentinelle.dz\\\/index.php\\\/2024\\\/03\\\/21\\\/algerie-bolivie-un-premier-test-pour-petkovic\\\/\",\"url\":\"https:\\\/\\\/lasentinelle.dz\\\/index.php\\\/2024\\\/03\\\/21\\\/algerie-bolivie-un-premier-test-pour-petkovic\\\/\",\"name\":\"Alg\u00e9rie &#8211; Bolivie\u00a0: Un premier test pour Petkovic - La Sentinelle\",\"isPartOf\":{\"@id\":\"https:\\\/\\\/lasentinelle.dz\\\/#website\"},\"primaryImageOfPage\":{\"@id\":\"https:\\\/\\\/lasentinelle.dz\\\/index.php\\\/2024\\\/03\\\/21\\\/algerie-bolivie-un-premier-test-pour-petkovic\\\/#primaryimage\"},\"image\":{\"@id\":\"https:\\\/\\\/lasentinelle.dz\\\/index.php\\\/2024\\\/03\\\/21\\\/algerie-bolivie-un-premier-test-pour-petkovic\\\/#primaryimage\"},\"thumbnailUrl\":\"https:\\\/\\\/lasentinelle.dz\\\/wp-content\\\/uploads\\\/2024\\\/03\\\/EN.jpeg\",\"datePublished\":\"2024-03-21T13:00:00+00:00\",\"dateModified\":\"2024-03-23T13:43:49+00:00\",\"breadcrumb\":{\"@id\":\"https:\\\/\\\/lasentinelle.dz\\\/index.php\\\/2024\\\/03\\\/21\\\/algerie-bolivie-un-premier-test-pour-petkovic\\\/#breadcrumb\"},\"inLanguage\":\"fr-FR\",\"potentialAction\":[{\"@type\":\"ReadAction\",\"target\":[\"https:\\\/\\\/lasentinelle.dz\\\/index.php\\\/2024\\\/03\\\/21\\\/algerie-bolivie-un-premier-test-pour-petkovic\\\/\"]}]},{\"@type\":\"ImageObject\",\"inLanguage\":\"fr-FR\",\"@id\":\"https:\\\/\\\/lasentinelle.dz\\\/index.php\\\/2024\\\/03\\\/21\\\/algerie-bolivie-un-premier-test-pour-petkovic\\\/#primaryimage\",\"url\":\"https:\\\/\\\/lasentinelle.dz\\\/wp-content\\\/uploads\\\/2024\\\/03\\\/EN.jpeg\",\"contentUrl\":\"https:\\\/\\\/lasentinelle.dz\\\/wp-content\\\/uploads\\\/2024\\\/03\\\/EN.jpeg\",\"width\":750,\"height\":430},{\"@type\":\"BreadcrumbList\",\"@id\":\"https:\\\/\\\/lasentinelle.dz\\\/index.php\\\/2024\\\/03\\\/21\\\/algerie-bolivie-un-premier-test-pour-petkovic\\\/#breadcrumb\",\"itemListElement\":[{\"@type\":\"ListItem\",\"position\":1,\"name\":\"Accueil\",\"item\":\"https:\\\/\\\/lasentinelle.dz\\\/\"},{\"@type\":\"ListItem\",\"position\":2,\"name\":\"Alg\u00e9rie &#8211; Bolivie\u00a0: Un premier test pour Petkovic\"}]},{\"@type\":\"WebSite\",\"@id\":\"https:\\\/\\\/lasentinelle.dz\\\/#website\",\"url\":\"https:\\\/\\\/lasentinelle.dz\\\/\",\"name\":\"La Sentinelle\",\"description\":\"Quotidien national d&#039;information\",\"publisher\":{\"@id\":\"https:\\\/\\\/lasentinelle.dz\\\/#organization\"},\"potentialAction\":[{\"@type\":\"SearchAction\",\"target\":{\"@type\":\"EntryPoint\",\"urlTemplate\":\"https:\\\/\\\/lasentinelle.dz\\\/?s={search_term_string}\"},\"query-input\":{\"@type\":\"PropertyValueSpecification\",\"valueRequired\":true,\"valueName\":\"search_term_string\"}}],\"inLanguage\":\"fr-FR\"},{\"@type\":\"Organization\",\"@id\":\"https:\\\/\\\/lasentinelle.dz\\\/#organization\",\"name\":\"Quotidien La Sentinelle\",\"url\":\"https:\\\/\\\/lasentinelle.dz\\\/\",\"logo\":{\"@type\":\"ImageObject\",\"inLanguage\":\"fr-FR\",\"@id\":\"https:\\\/\\\/lasentinelle.dz\\\/#\\\/schema\\\/logo\\\/image\\\/\",\"url\":\"https:\\\/\\\/lasentinelle.dz\\\/wp-content\\\/uploads\\\/2021\\\/09\\\/logo-sentinelleSLOGAN-1.png\",\"contentUrl\":\"https:\\\/\\\/lasentinelle.dz\\\/wp-content\\\/uploads\\\/2021\\\/09\\\/logo-sentinelleSLOGAN-1.png\",\"width\":615,\"height\":142,\"caption\":\"Quotidien La Sentinelle\"},\"image\":{\"@id\":\"https:\\\/\\\/lasentinelle.dz\\\/#\\\/schema\\\/logo\\\/image\\\/\"},\"sameAs\":[\"https:\\\/\\\/www.facebook.com\\\/La-Sentinelle-104059864394773\"]},{\"@type\":\"Person\",\"@id\":\"https:\\\/\\\/lasentinelle.dz\\\/#\\\/schema\\\/person\\\/d865044e22e70a75174ce8bcad3acfb3\",\"name\":\"La Sentinelle\",\"image\":{\"@type\":\"ImageObject\",\"inLanguage\":\"fr-FR\",\"@id\":\"https:\\\/\\\/secure.gravatar.com\\\/avatar\\\/57de8e5d4b15d43fb361a71fbb36338450fe67865b528a43dd10ef7c51a20392?s=96&d=mm&r=g\",\"url\":\"https:\\\/\\\/secure.gravatar.com\\\/avatar\\\/57de8e5d4b15d43fb361a71fbb36338450fe67865b528a43dd10ef7c51a20392?s=96&d=mm&r=g\",\"contentUrl\":\"https:\\\/\\\/secure.gravatar.com\\\/avatar\\\/57de8e5d4b15d43fb361a71fbb36338450fe67865b528a43dd10ef7c51a20392?s=96&d=mm&r=g\",\"caption\":\"La Sentinelle\"},\"sameAs\":[\"http:\\\/\\\/www.lasentinelle.dz\"],\"url\":\"https:\\\/\\\/lasentinelle.dz\\\/author\\\/redaction\\\/\"}]}<\/script>\n<!-- \/ Yoast SEO plugin. -->","yoast_head_json":{"title":"Alg\u00e9rie &#8211; Bolivie\u00a0: Un premier test pour Petkovic - La Sentinelle","robots":{"index":"index","follow":"follow","max-snippet":"max-snippet:-1","max-image-preview":"max-image-preview:large","max-video-preview":"max-video-preview:-1"},"canonical":"https:\/\/lasentinelle.dz\/index.php\/2024\/03\/21\/algerie-bolivie-un-premier-test-pour-petkovic\/","og_locale":"fr_FR","og_type":"article","og_title":"Alg\u00e9rie &#8211; Bolivie\u00a0: Un premier test pour Petkovic - La Sentinelle","og_description":"La s\u00e9lection nationale de football affrontera demain \u00e0 22h00 son homologue bolivienne au stade Nelson-Mandela de Baraki, dans le cadre","og_url":"https:\/\/lasentinelle.dz\/index.php\/2024\/03\/21\/algerie-bolivie-un-premier-test-pour-petkovic\/","og_site_name":"La Sentinelle","article_publisher":"https:\/\/www.facebook.com\/La-Sentinelle-104059864394773","article_published_time":"2024-03-21T13:00:00+00:00","article_modified_time":"2024-03-23T13:43:49+00:00","og_image":[{"width":750,"height":430,"url":"https:\/\/lasentinelle.dz\/wp-content\/uploads\/2024\/03\/EN.jpeg","type":"image\/jpeg"}],"author":"La Sentinelle","twitter_card":"summary_large_image","twitter_misc":{"\u00c9crit par":"La Sentinelle","Dur\u00e9e de lecture estim\u00e9e":"5 minutes"},"schema":{"@context":"https:\/\/schema.org","@graph":[{"@type":"Article","@id":"https:\/\/lasentinelle.dz\/index.php\/2024\/03\/21\/algerie-bolivie-un-premier-test-pour-petkovic\/#article","isPartOf":{"@id":"https:\/\/lasentinelle.dz\/index.php\/2024\/03\/21\/algerie-bolivie-un-premier-test-pour-petkovic\/"},"author":{"name":"La Sentinelle","@id":"https:\/\/lasentinelle.dz\/#\/schema\/person\/d865044e22e70a75174ce8bcad3acfb3"},"headline":"Alg\u00e9rie &#8211; Bolivie\u00a0: Un premier test pour Petkovic","datePublished":"2024-03-21T13:00:00+00:00","dateModified":"2024-03-23T13:43:49+00:00","mainEntityOfPage":{"@id":"https:\/\/lasentinelle.dz\/index.php\/2024\/03\/21\/algerie-bolivie-un-premier-test-pour-petkovic\/"},"wordCount":908,"commentCount":0,"publisher":{"@id":"https:\/\/lasentinelle.dz\/#organization"},"image":{"@id":"https:\/\/lasentinelle.dz\/index.php\/2024\/03\/21\/algerie-bolivie-un-premier-test-pour-petkovic\/#primaryimage"},"thumbnailUrl":"https:\/\/lasentinelle.dz\/wp-content\/uploads\/2024\/03\/EN.jpeg","articleSection":["\u00c0 la Une","Sports"],"inLanguage":"fr-FR","potentialAction":[{"@type":"CommentAction","name":"Comment","target":["https:\/\/lasentinelle.dz\/index.php\/2024\/03\/21\/algerie-bolivie-un-premier-test-pour-petkovic\/#respond"]}]},{"@type":"WebPage","@id":"https:\/\/lasentinelle.dz\/index.php\/2024\/03\/21\/algerie-bolivie-un-premier-test-pour-petkovic\/","url":"https:\/\/lasentinelle.dz\/index.php\/2024\/03\/21\/algerie-bolivie-un-premier-test-pour-petkovic\/","name":"Alg\u00e9rie &#8211; Bolivie\u00a0: Un premier test pour Petkovic - La Sentinelle","isPartOf":{"@id":"https:\/\/lasentinelle.dz\/#website"},"primaryImageOfPage":{"@id":"https:\/\/lasentinelle.dz\/index.php\/2024\/03\/21\/algerie-bolivie-un-premier-test-pour-petkovic\/#primaryimage"},"image":{"@id":"https:\/\/lasentinelle.dz\/index.php\/2024\/03\/21\/algerie-bolivie-un-premier-test-pour-petkovic\/#primaryimage"},"thumbnailUrl":"https:\/\/lasentinelle.dz\/wp-content\/uploads\/2024\/03\/EN.jpeg","datePublished":"2024-03-21T13:00:00+00:00","dateModified":"2024-03-23T13:43:49+00:00","breadcrumb":{"@id":"https:\/\/lasentinelle.dz\/index.php\/2024\/03\/21\/algerie-bolivie-un-premier-test-pour-petkovic\/#breadcrumb"},"inLanguage":"fr-FR","potentialAction":[{"@type":"ReadAction","target":["https:\/\/lasentinelle.dz\/index.php\/2024\/03\/21\/algerie-bolivie-un-premier-test-pour-petkovic\/"]}]},{"@type":"ImageObject","inLanguage":"fr-FR","@id":"https:\/\/lasentinelle.dz\/index.php\/2024\/03\/21\/algerie-bolivie-un-premier-test-pour-petkovic\/#primaryimage","url":"https:\/\/lasentinelle.dz\/wp-content\/uploads\/2024\/03\/EN.jpeg","contentUrl":"https:\/\/lasentinelle.dz\/wp-content\/uploads\/2024\/03\/EN.jpeg","width":750,"height":430},{"@type":"BreadcrumbList","@id":"https:\/\/lasentinelle.dz\/index.php\/2024\/03\/21\/algerie-bolivie-un-premier-test-pour-petkovic\/#breadcrumb","itemListElement":[{"@type":"ListItem","position":1,"name":"Accueil","item":"https:\/\/lasentinelle.dz\/"},{"@type":"ListItem","position":2,"name":"Alg\u00e9rie &#8211; Bolivie\u00a0: Un premier test pour Petkovic"}]},{"@type":"WebSite","@id":"https:\/\/lasentinelle.dz\/#website","url":"https:\/\/lasentinelle.dz\/","name":"La Sentinelle","description":"Quotidien national d&#039;information","publisher":{"@id":"https:\/\/lasentinelle.dz\/#organization"},"potentialAction":[{"@type":"SearchAction","target":{"@type":"EntryPoint","urlTemplate":"https:\/\/lasentinelle.dz\/?s={search_term_string}"},"query-input":{"@type":"PropertyValueSpecification","valueRequired":true,"valueName":"search_term_string"}}],"inLanguage":"fr-FR"},{"@type":"Organization","@id":"https:\/\/lasentinelle.dz\/#organization","name":"Quotidien La Sentinelle","url":"https:\/\/lasentinelle.dz\/","logo":{"@type":"ImageObject","inLanguage":"fr-FR","@id":"https:\/\/lasentinelle.dz\/#\/schema\/logo\/image\/","url":"https:\/\/lasentinelle.dz\/wp-content\/uploads\/2021\/09\/logo-sentinelleSLOGAN-1.png","contentUrl":"https:\/\/lasentinelle.dz\/wp-content\/uploads\/2021\/09\/logo-sentinelleSLOGAN-1.png","width":615,"height":142,"caption":"Quotidien La Sentinelle"},"image":{"@id":"https:\/\/lasentinelle.dz\/#\/schema\/logo\/image\/"},"sameAs":["https:\/\/www.facebook.com\/La-Sentinelle-104059864394773"]},{"@type":"Person","@id":"https:\/\/lasentinelle.dz\/#\/schema\/person\/d865044e22e70a75174ce8bcad3acfb3","name":"La Sentinelle","image":{"@type":"ImageObject","inLanguage":"fr-FR","@id":"https:\/\/secure.gravatar.com\/avatar\/57de8e5d4b15d43fb361a71fbb36338450fe67865b528a43dd10ef7c51a20392?s=96&d=mm&r=g","url":"https:\/\/secure.gravatar.com\/avatar\/57de8e5d4b15d43fb361a71fbb36338450fe67865b528a43dd10ef7c51a20392?s=96&d=mm&r=g","contentUrl":"https:\/\/secure.gravatar.com\/avatar\/57de8e5d4b15d43fb361a71fbb36338450fe67865b528a43dd10ef7c51a20392?s=96&d=mm&r=g","caption":"La Sentinelle"},"sameAs":["http:\/\/www.lasentinelle.dz"],"url":"https:\/\/lasentinelle.dz\/author\/redaction\/"}]}},"_links":{"self":[{"href":"https:\/\/lasentinelle.dz\/index.php\/wp-json\/wp\/v2\/posts\/50568","targetHints":{"allow":["GET"]}}],"collection":[{"href":"https:\/\/lasentinelle.dz\/index.php\/wp-json\/wp\/v2\/posts"}],"about":[{"href":"https:\/\/lasentinelle.dz\/index.php\/wp-json\/wp\/v2\/types\/post"}],"author":[{"embeddable":true,"href":"https:\/\/lasentinelle.dz\/index.php\/wp-json\/wp\/v2\/users\/3"}],"replies":[{"embeddable":true,"href":"https:\/\/lasentinelle.dz\/index.php\/wp-json\/wp\/v2\/comments?post=50568"}],"version-history":[{"count":2,"href":"https:\/\/lasentinelle.dz\/index.php\/wp-json\/wp\/v2\/posts\/50568\/revisions"}],"predecessor-version":[{"id":50571,"href":"https:\/\/lasentinelle.dz\/index.php\/wp-json\/wp\/v2\/posts\/50568\/revisions\/50571"}],"wp:featuredmedia":[{"embeddable":true,"href":"https:\/\/lasentinelle.dz\/index.php\/wp-json\/wp\/v2\/media\/50569"}],"wp:attachment":[{"href":"https:\/\/lasentinelle.dz\/index.php\/wp-json\/wp\/v2\/media?parent=50568"}],"wp:term":[{"taxonomy":"category","embeddable":true,"href":"https:\/\/lasentinelle.dz\/index.php\/wp-json\/wp\/v2\/categories?post=50568"},{"taxonomy":"post_tag","embeddable":true,"href":"https:\/\/lasentinelle.dz\/index.php\/wp-json\/wp\/v2\/tags?post=50568"}],"curies":[{"name":"wp","href":"https:\/\/api.w.org\/{rel}","templated":true}]}}