{"id":50579,"date":"2024-03-21T15:05:00","date_gmt":"2024-03-21T14:05:00","guid":{"rendered":"https:\/\/lasentinelle.dz\/?p=50579"},"modified":"2024-03-23T15:06:30","modified_gmt":"2024-03-23T14:06:30","slug":"bilan-operationnel-de-lanp-un-terroriste-capture-et-plus-de-5-quintaux-de-kif-marocain-saisis","status":"publish","type":"post","link":"https:\/\/lasentinelle.dz\/index.php\/2024\/03\/21\/bilan-operationnel-de-lanp-un-terroriste-capture-et-plus-de-5-quintaux-de-kif-marocain-saisis\/","title":{"rendered":"Bilan op\u00e9rationnel de l\u2019ANP\u00a0: Un terroriste captur\u00e9 et plus de 5 quintaux de kif marocain saisis"},"content":{"rendered":"\n<p>Un d\u00e9tachement de l\u2019Arm\u00e9e nationale populaire a captur\u00e9, dans le cadre de la lutte contre le terrorisme, un&nbsp; terroriste \u00e0 Bordj Badji Mokhtar, alors que 15 \u00e9l\u00e9ments de soutien aux groupes terroristes ont \u00e9t\u00e9 arr\u00eat\u00e9s par d\u2019autres d\u00e9tachements lors d\u2019op\u00e9rations distinctes \u00e0 travers le territoire national, a indiqu\u00e9 hier, un bilan op\u00e9rationnel de l\u2019ANP pour la p\u00e9riode allant du&nbsp; 13 au 19 mars en cours et rendu public par le minist\u00e8re de la D\u00e9fense nationale. Selon le m\u00eame bilan, \u00ab&nbsp;dans le cadre de la lutte contre la criminalit\u00e9 organis\u00e9e et en&nbsp; continuit\u00e9 des efforts soutenus visant \u00e0 contrecarrer le fl\u00e9au du narcotrafic dans notre pays&nbsp;\u00bb, des d\u00e9tachements combin\u00e9s de l\u2019ANP ont intercept\u00e9, en coordination avec les diff\u00e9rents services de s\u00e9curit\u00e9 lors d\u2019op\u00e9rations ex\u00e9cut\u00e9es \u00e0 travers les R\u00e9gions militaires, 27 narcotrafiquants et mis en \u00e9chec des tentatives d\u2019introduction de 5,46 qx de kif trait\u00e9 provenant des fronti\u00e8res avec le Maroc, et saisi&nbsp; 9.586 comprim\u00e9s psychotropes&nbsp;\u00bb.&nbsp; au volet de la lutte contre l\u2019orpaillage, la contrebande et la sp\u00e9culation, le m\u00eame document a fait \u00e9tat de l\u2019arrestation \u00e0 Tamanrasset, Bordj Badji Mokhtar et Djanet de 45 individus, par les d\u00e9tachements de l\u2019ANP. Leurs interventions ont \u00e9galement permis la saisie de 29 v\u00e9hicules, 86 g\u00e9n\u00e9rateurs, 69 marteaux-piqueurs, ainsi que des quantit\u00e9s d\u2019explosifs, d\u2019outils de d\u00e9tonation et d\u2019\u00e9quipements utilis\u00e9s dans des op\u00e9rations d\u2019orpaillage illicite, a d\u00e9taill\u00e9 le document. Et de souligner l\u2019arrestation, lors d\u2019op\u00e9rations men\u00e9es, \u00e0 travers le territoire national, de 14 autres individus et la saisie d\u2019un pistolet mitrailleur de type Kalachnikov, 5 fusils de chasse, 18 tonnes de denr\u00e9es alimentaires destin\u00e9es \u00e0 la contrebande et la sp\u00e9culation a ainsi que 3 quintaux de tabac. Au volet de l\u2019\u00e9migration clandestine,&nbsp;&nbsp; les Garde-c\u00f4tes&nbsp; ont mis en \u00e9chec, au niveau des c\u00f4tes nationales, des tentatives d\u2019\u00e9migration clandestine de 355 personnes se trouvant \u00e0 bord d\u2019embarcations de fabrication artisanale,&nbsp; alors que 1.551 immigrants clandestins de diff\u00e9rentes nationalit\u00e9s ont \u00e9t\u00e9 arr\u00eat\u00e9s \u00e0 travers le territoire national, a conclut le communiqu\u00e9.<\/p>\n\n\n\n<p><strong>Sofia Chahine<\/strong><\/p>\n","protected":false},"excerpt":{"rendered":"<p>Un d\u00e9tachement de l\u2019Arm\u00e9e nationale populaire a captur\u00e9, dans le cadre de la lutte contre le terrorisme, un&nbsp; terroriste \u00e0<\/p>\n","protected":false},"author":3,"featured_media":27980,"comment_status":"open","ping_status":"closed","sticky":false,"template":"","format":"standard","meta":{"colormag_page_container_layout":"default_layout","colormag_page_sidebar_layout":"default_layout","om_disable_all_campaigns":false,"_monsterinsights_skip_tracking":false,"_monsterinsights_sitenote_active":false,"_monsterinsights_sitenote_note":"","_monsterinsights_sitenote_category":0,"footnotes":"","_wpscppro_dont_share_socialmedia":false,"_wpscppro_custom_social_share_image":0,"_facebook_share_type":"","_twitter_share_type":"","_linkedin_share_type":"","_pinterest_share_type":"","_linkedin_share_type_page":"","_instagram_share_type":"","_medium_share_type":"","_threads_share_type":"","_google_business_share_type":"","_selected_social_profile":[],"_wpsp_enable_custom_social_template":false,"_wpsp_social_scheduling":{"enabled":false,"datetime":null,"platforms":[],"status":"template_only","dateOption":"today","timeOption":"now","customDays":"","customHours":"","customDate":"","customTime":"","schedulingType":"absolute"},"_wpsp_active_default_template":true},"categories":[27],"tags":[],"class_list":["post-50579","post","type-post","status-publish","format-standard","has-post-thumbnail","hentry","category-actualite"],"aioseo_notices":[],"yoast_head":"<!-- This site is optimized with the Yoast SEO plugin v27.5 - https:\/\/yoast.com\/product\/yoast-seo-wordpress\/ -->\n<title>Bilan op\u00e9rationnel de l\u2019ANP\u00a0: Un terroriste captur\u00e9 et plus de 5 quintaux de kif marocain saisis - La Sentinelle<\/title>\n<meta name=\"robots\" content=\"index, follow, max-snippet:-1, max-image-preview:large, max-video-preview:-1\" \/>\n<link rel=\"canonical\" href=\"https:\/\/lasentinelle.dz\/index.php\/2024\/03\/21\/bilan-operationnel-de-lanp-un-terroriste-capture-et-plus-de-5-quintaux-de-kif-marocain-saisis\/\" \/>\n<meta property=\"og:locale\" content=\"fr_FR\" \/>\n<meta property=\"og:type\" content=\"article\" \/>\n<meta property=\"og:title\" content=\"Bilan op\u00e9rationnel de l\u2019ANP\u00a0: Un terroriste captur\u00e9 et plus de 5 quintaux de kif marocain saisis - La Sentinelle\" \/>\n<meta property=\"og:description\" content=\"Un d\u00e9tachement de l\u2019Arm\u00e9e nationale populaire a captur\u00e9, dans le cadre de la lutte contre le terrorisme, un&nbsp; terroriste \u00e0\" \/>\n<meta property=\"og:url\" content=\"https:\/\/lasentinelle.dz\/index.php\/2024\/03\/21\/bilan-operationnel-de-lanp-un-terroriste-capture-et-plus-de-5-quintaux-de-kif-marocain-saisis\/\" \/>\n<meta property=\"og:site_name\" content=\"La Sentinelle\" \/>\n<meta property=\"article:publisher\" content=\"https:\/\/www.facebook.com\/La-Sentinelle-104059864394773\" \/>\n<meta property=\"article:published_time\" content=\"2024-03-21T14:05:00+00:00\" \/>\n<meta property=\"article:modified_time\" content=\"2024-03-23T14:06:30+00:00\" \/>\n<meta property=\"og:image\" content=\"https:\/\/lasentinelle.dz\/wp-content\/uploads\/2022\/09\/MDN.png\" \/>\n\t<meta property=\"og:image:width\" content=\"1350\" \/>\n\t<meta property=\"og:image:height\" content=\"900\" \/>\n\t<meta property=\"og:image:type\" content=\"image\/png\" \/>\n<meta name=\"author\" content=\"La Sentinelle\" \/>\n<meta name=\"twitter:card\" content=\"summary_large_image\" \/>\n<meta name=\"twitter:label1\" content=\"\u00c9crit par\" \/>\n\t<meta name=\"twitter:data1\" content=\"La Sentinelle\" \/>\n\t<meta name=\"twitter:label2\" content=\"Dur\u00e9e de lecture estim\u00e9e\" \/>\n\t<meta name=\"twitter:data2\" content=\"2 minutes\" \/>\n<script type=\"application\/ld+json\" class=\"yoast-schema-graph\">{\"@context\":\"https:\\\/\\\/schema.org\",\"@graph\":[{\"@type\":\"Article\",\"@id\":\"https:\\\/\\\/lasentinelle.dz\\\/index.php\\\/2024\\\/03\\\/21\\\/bilan-operationnel-de-lanp-un-terroriste-capture-et-plus-de-5-quintaux-de-kif-marocain-saisis\\\/#article\",\"isPartOf\":{\"@id\":\"https:\\\/\\\/lasentinelle.dz\\\/index.php\\\/2024\\\/03\\\/21\\\/bilan-operationnel-de-lanp-un-terroriste-capture-et-plus-de-5-quintaux-de-kif-marocain-saisis\\\/\"},\"author\":{\"name\":\"La Sentinelle\",\"@id\":\"https:\\\/\\\/lasentinelle.dz\\\/#\\\/schema\\\/person\\\/d865044e22e70a75174ce8bcad3acfb3\"},\"headline\":\"Bilan op\u00e9rationnel de l\u2019ANP\u00a0: Un terroriste captur\u00e9 et plus de 5 quintaux de kif marocain saisis\",\"datePublished\":\"2024-03-21T14:05:00+00:00\",\"dateModified\":\"2024-03-23T14:06:30+00:00\",\"mainEntityOfPage\":{\"@id\":\"https:\\\/\\\/lasentinelle.dz\\\/index.php\\\/2024\\\/03\\\/21\\\/bilan-operationnel-de-lanp-un-terroriste-capture-et-plus-de-5-quintaux-de-kif-marocain-saisis\\\/\"},\"wordCount\":394,\"commentCount\":0,\"publisher\":{\"@id\":\"https:\\\/\\\/lasentinelle.dz\\\/#organization\"},\"image\":{\"@id\":\"https:\\\/\\\/lasentinelle.dz\\\/index.php\\\/2024\\\/03\\\/21\\\/bilan-operationnel-de-lanp-un-terroriste-capture-et-plus-de-5-quintaux-de-kif-marocain-saisis\\\/#primaryimage\"},\"thumbnailUrl\":\"https:\\\/\\\/lasentinelle.dz\\\/wp-content\\\/uploads\\\/2022\\\/09\\\/MDN.png\",\"articleSection\":[\"Actualit\u00e9\"],\"inLanguage\":\"fr-FR\",\"potentialAction\":[{\"@type\":\"CommentAction\",\"name\":\"Comment\",\"target\":[\"https:\\\/\\\/lasentinelle.dz\\\/index.php\\\/2024\\\/03\\\/21\\\/bilan-operationnel-de-lanp-un-terroriste-capture-et-plus-de-5-quintaux-de-kif-marocain-saisis\\\/#respond\"]}]},{\"@type\":\"WebPage\",\"@id\":\"https:\\\/\\\/lasentinelle.dz\\\/index.php\\\/2024\\\/03\\\/21\\\/bilan-operationnel-de-lanp-un-terroriste-capture-et-plus-de-5-quintaux-de-kif-marocain-saisis\\\/\",\"url\":\"https:\\\/\\\/lasentinelle.dz\\\/index.php\\\/2024\\\/03\\\/21\\\/bilan-operationnel-de-lanp-un-terroriste-capture-et-plus-de-5-quintaux-de-kif-marocain-saisis\\\/\",\"name\":\"Bilan op\u00e9rationnel de l\u2019ANP\u00a0: Un terroriste captur\u00e9 et plus de 5 quintaux de kif marocain saisis - La Sentinelle\",\"isPartOf\":{\"@id\":\"https:\\\/\\\/lasentinelle.dz\\\/#website\"},\"primaryImageOfPage\":{\"@id\":\"https:\\\/\\\/lasentinelle.dz\\\/index.php\\\/2024\\\/03\\\/21\\\/bilan-operationnel-de-lanp-un-terroriste-capture-et-plus-de-5-quintaux-de-kif-marocain-saisis\\\/#primaryimage\"},\"image\":{\"@id\":\"https:\\\/\\\/lasentinelle.dz\\\/index.php\\\/2024\\\/03\\\/21\\\/bilan-operationnel-de-lanp-un-terroriste-capture-et-plus-de-5-quintaux-de-kif-marocain-saisis\\\/#primaryimage\"},\"thumbnailUrl\":\"https:\\\/\\\/lasentinelle.dz\\\/wp-content\\\/uploads\\\/2022\\\/09\\\/MDN.png\",\"datePublished\":\"2024-03-21T14:05:00+00:00\",\"dateModified\":\"2024-03-23T14:06:30+00:00\",\"breadcrumb\":{\"@id\":\"https:\\\/\\\/lasentinelle.dz\\\/index.php\\\/2024\\\/03\\\/21\\\/bilan-operationnel-de-lanp-un-terroriste-capture-et-plus-de-5-quintaux-de-kif-marocain-saisis\\\/#breadcrumb\"},\"inLanguage\":\"fr-FR\",\"potentialAction\":[{\"@type\":\"ReadAction\",\"target\":[\"https:\\\/\\\/lasentinelle.dz\\\/index.php\\\/2024\\\/03\\\/21\\\/bilan-operationnel-de-lanp-un-terroriste-capture-et-plus-de-5-quintaux-de-kif-marocain-saisis\\\/\"]}]},{\"@type\":\"ImageObject\",\"inLanguage\":\"fr-FR\",\"@id\":\"https:\\\/\\\/lasentinelle.dz\\\/index.php\\\/2024\\\/03\\\/21\\\/bilan-operationnel-de-lanp-un-terroriste-capture-et-plus-de-5-quintaux-de-kif-marocain-saisis\\\/#primaryimage\",\"url\":\"https:\\\/\\\/lasentinelle.dz\\\/wp-content\\\/uploads\\\/2022\\\/09\\\/MDN.png\",\"contentUrl\":\"https:\\\/\\\/lasentinelle.dz\\\/wp-content\\\/uploads\\\/2022\\\/09\\\/MDN.png\",\"width\":1350,\"height\":900},{\"@type\":\"BreadcrumbList\",\"@id\":\"https:\\\/\\\/lasentinelle.dz\\\/index.php\\\/2024\\\/03\\\/21\\\/bilan-operationnel-de-lanp-un-terroriste-capture-et-plus-de-5-quintaux-de-kif-marocain-saisis\\\/#breadcrumb\",\"itemListElement\":[{\"@type\":\"ListItem\",\"position\":1,\"name\":\"Accueil\",\"item\":\"https:\\\/\\\/lasentinelle.dz\\\/\"},{\"@type\":\"ListItem\",\"position\":2,\"name\":\"Bilan op\u00e9rationnel de l\u2019ANP\u00a0: Un terroriste captur\u00e9 et plus de 5 quintaux de kif marocain saisis\"}]},{\"@type\":\"WebSite\",\"@id\":\"https:\\\/\\\/lasentinelle.dz\\\/#website\",\"url\":\"https:\\\/\\\/lasentinelle.dz\\\/\",\"name\":\"La Sentinelle\",\"description\":\"Quotidien national d&#039;information\",\"publisher\":{\"@id\":\"https:\\\/\\\/lasentinelle.dz\\\/#organization\"},\"potentialAction\":[{\"@type\":\"SearchAction\",\"target\":{\"@type\":\"EntryPoint\",\"urlTemplate\":\"https:\\\/\\\/lasentinelle.dz\\\/?s={search_term_string}\"},\"query-input\":{\"@type\":\"PropertyValueSpecification\",\"valueRequired\":true,\"valueName\":\"search_term_string\"}}],\"inLanguage\":\"fr-FR\"},{\"@type\":\"Organization\",\"@id\":\"https:\\\/\\\/lasentinelle.dz\\\/#organization\",\"name\":\"Quotidien La Sentinelle\",\"url\":\"https:\\\/\\\/lasentinelle.dz\\\/\",\"logo\":{\"@type\":\"ImageObject\",\"inLanguage\":\"fr-FR\",\"@id\":\"https:\\\/\\\/lasentinelle.dz\\\/#\\\/schema\\\/logo\\\/image\\\/\",\"url\":\"https:\\\/\\\/lasentinelle.dz\\\/wp-content\\\/uploads\\\/2021\\\/09\\\/logo-sentinelleSLOGAN-1.png\",\"contentUrl\":\"https:\\\/\\\/lasentinelle.dz\\\/wp-content\\\/uploads\\\/2021\\\/09\\\/logo-sentinelleSLOGAN-1.png\",\"width\":615,\"height\":142,\"caption\":\"Quotidien La Sentinelle\"},\"image\":{\"@id\":\"https:\\\/\\\/lasentinelle.dz\\\/#\\\/schema\\\/logo\\\/image\\\/\"},\"sameAs\":[\"https:\\\/\\\/www.facebook.com\\\/La-Sentinelle-104059864394773\"]},{\"@type\":\"Person\",\"@id\":\"https:\\\/\\\/lasentinelle.dz\\\/#\\\/schema\\\/person\\\/d865044e22e70a75174ce8bcad3acfb3\",\"name\":\"La Sentinelle\",\"image\":{\"@type\":\"ImageObject\",\"inLanguage\":\"fr-FR\",\"@id\":\"https:\\\/\\\/secure.gravatar.com\\\/avatar\\\/57de8e5d4b15d43fb361a71fbb36338450fe67865b528a43dd10ef7c51a20392?s=96&d=mm&r=g\",\"url\":\"https:\\\/\\\/secure.gravatar.com\\\/avatar\\\/57de8e5d4b15d43fb361a71fbb36338450fe67865b528a43dd10ef7c51a20392?s=96&d=mm&r=g\",\"contentUrl\":\"https:\\\/\\\/secure.gravatar.com\\\/avatar\\\/57de8e5d4b15d43fb361a71fbb36338450fe67865b528a43dd10ef7c51a20392?s=96&d=mm&r=g\",\"caption\":\"La Sentinelle\"},\"sameAs\":[\"http:\\\/\\\/www.lasentinelle.dz\"],\"url\":\"https:\\\/\\\/lasentinelle.dz\\\/author\\\/redaction\\\/\"}]}<\/script>\n<!-- \/ Yoast SEO plugin. -->","yoast_head_json":{"title":"Bilan op\u00e9rationnel de l\u2019ANP\u00a0: Un terroriste captur\u00e9 et plus de 5 quintaux de kif marocain saisis - La Sentinelle","robots":{"index":"index","follow":"follow","max-snippet":"max-snippet:-1","max-image-preview":"max-image-preview:large","max-video-preview":"max-video-preview:-1"},"canonical":"https:\/\/lasentinelle.dz\/index.php\/2024\/03\/21\/bilan-operationnel-de-lanp-un-terroriste-capture-et-plus-de-5-quintaux-de-kif-marocain-saisis\/","og_locale":"fr_FR","og_type":"article","og_title":"Bilan op\u00e9rationnel de l\u2019ANP\u00a0: Un terroriste captur\u00e9 et plus de 5 quintaux de kif marocain saisis - La Sentinelle","og_description":"Un d\u00e9tachement de l\u2019Arm\u00e9e nationale populaire a captur\u00e9, dans le cadre de la lutte contre le terrorisme, un&nbsp; terroriste \u00e0","og_url":"https:\/\/lasentinelle.dz\/index.php\/2024\/03\/21\/bilan-operationnel-de-lanp-un-terroriste-capture-et-plus-de-5-quintaux-de-kif-marocain-saisis\/","og_site_name":"La Sentinelle","article_publisher":"https:\/\/www.facebook.com\/La-Sentinelle-104059864394773","article_published_time":"2024-03-21T14:05:00+00:00","article_modified_time":"2024-03-23T14:06:30+00:00","og_image":[{"width":1350,"height":900,"url":"https:\/\/lasentinelle.dz\/wp-content\/uploads\/2022\/09\/MDN.png","type":"image\/png"}],"author":"La Sentinelle","twitter_card":"summary_large_image","twitter_misc":{"\u00c9crit par":"La Sentinelle","Dur\u00e9e de lecture estim\u00e9e":"2 minutes"},"schema":{"@context":"https:\/\/schema.org","@graph":[{"@type":"Article","@id":"https:\/\/lasentinelle.dz\/index.php\/2024\/03\/21\/bilan-operationnel-de-lanp-un-terroriste-capture-et-plus-de-5-quintaux-de-kif-marocain-saisis\/#article","isPartOf":{"@id":"https:\/\/lasentinelle.dz\/index.php\/2024\/03\/21\/bilan-operationnel-de-lanp-un-terroriste-capture-et-plus-de-5-quintaux-de-kif-marocain-saisis\/"},"author":{"name":"La Sentinelle","@id":"https:\/\/lasentinelle.dz\/#\/schema\/person\/d865044e22e70a75174ce8bcad3acfb3"},"headline":"Bilan op\u00e9rationnel de l\u2019ANP\u00a0: Un terroriste captur\u00e9 et plus de 5 quintaux de kif marocain saisis","datePublished":"2024-03-21T14:05:00+00:00","dateModified":"2024-03-23T14:06:30+00:00","mainEntityOfPage":{"@id":"https:\/\/lasentinelle.dz\/index.php\/2024\/03\/21\/bilan-operationnel-de-lanp-un-terroriste-capture-et-plus-de-5-quintaux-de-kif-marocain-saisis\/"},"wordCount":394,"commentCount":0,"publisher":{"@id":"https:\/\/lasentinelle.dz\/#organization"},"image":{"@id":"https:\/\/lasentinelle.dz\/index.php\/2024\/03\/21\/bilan-operationnel-de-lanp-un-terroriste-capture-et-plus-de-5-quintaux-de-kif-marocain-saisis\/#primaryimage"},"thumbnailUrl":"https:\/\/lasentinelle.dz\/wp-content\/uploads\/2022\/09\/MDN.png","articleSection":["Actualit\u00e9"],"inLanguage":"fr-FR","potentialAction":[{"@type":"CommentAction","name":"Comment","target":["https:\/\/lasentinelle.dz\/index.php\/2024\/03\/21\/bilan-operationnel-de-lanp-un-terroriste-capture-et-plus-de-5-quintaux-de-kif-marocain-saisis\/#respond"]}]},{"@type":"WebPage","@id":"https:\/\/lasentinelle.dz\/index.php\/2024\/03\/21\/bilan-operationnel-de-lanp-un-terroriste-capture-et-plus-de-5-quintaux-de-kif-marocain-saisis\/","url":"https:\/\/lasentinelle.dz\/index.php\/2024\/03\/21\/bilan-operationnel-de-lanp-un-terroriste-capture-et-plus-de-5-quintaux-de-kif-marocain-saisis\/","name":"Bilan op\u00e9rationnel de l\u2019ANP\u00a0: Un terroriste captur\u00e9 et plus de 5 quintaux de kif marocain saisis - La Sentinelle","isPartOf":{"@id":"https:\/\/lasentinelle.dz\/#website"},"primaryImageOfPage":{"@id":"https:\/\/lasentinelle.dz\/index.php\/2024\/03\/21\/bilan-operationnel-de-lanp-un-terroriste-capture-et-plus-de-5-quintaux-de-kif-marocain-saisis\/#primaryimage"},"image":{"@id":"https:\/\/lasentinelle.dz\/index.php\/2024\/03\/21\/bilan-operationnel-de-lanp-un-terroriste-capture-et-plus-de-5-quintaux-de-kif-marocain-saisis\/#primaryimage"},"thumbnailUrl":"https:\/\/lasentinelle.dz\/wp-content\/uploads\/2022\/09\/MDN.png","datePublished":"2024-03-21T14:05:00+00:00","dateModified":"2024-03-23T14:06:30+00:00","breadcrumb":{"@id":"https:\/\/lasentinelle.dz\/index.php\/2024\/03\/21\/bilan-operationnel-de-lanp-un-terroriste-capture-et-plus-de-5-quintaux-de-kif-marocain-saisis\/#breadcrumb"},"inLanguage":"fr-FR","potentialAction":[{"@type":"ReadAction","target":["https:\/\/lasentinelle.dz\/index.php\/2024\/03\/21\/bilan-operationnel-de-lanp-un-terroriste-capture-et-plus-de-5-quintaux-de-kif-marocain-saisis\/"]}]},{"@type":"ImageObject","inLanguage":"fr-FR","@id":"https:\/\/lasentinelle.dz\/index.php\/2024\/03\/21\/bilan-operationnel-de-lanp-un-terroriste-capture-et-plus-de-5-quintaux-de-kif-marocain-saisis\/#primaryimage","url":"https:\/\/lasentinelle.dz\/wp-content\/uploads\/2022\/09\/MDN.png","contentUrl":"https:\/\/lasentinelle.dz\/wp-content\/uploads\/2022\/09\/MDN.png","width":1350,"height":900},{"@type":"BreadcrumbList","@id":"https:\/\/lasentinelle.dz\/index.php\/2024\/03\/21\/bilan-operationnel-de-lanp-un-terroriste-capture-et-plus-de-5-quintaux-de-kif-marocain-saisis\/#breadcrumb","itemListElement":[{"@type":"ListItem","position":1,"name":"Accueil","item":"https:\/\/lasentinelle.dz\/"},{"@type":"ListItem","position":2,"name":"Bilan op\u00e9rationnel de l\u2019ANP\u00a0: Un terroriste captur\u00e9 et plus de 5 quintaux de kif marocain saisis"}]},{"@type":"WebSite","@id":"https:\/\/lasentinelle.dz\/#website","url":"https:\/\/lasentinelle.dz\/","name":"La Sentinelle","description":"Quotidien national d&#039;information","publisher":{"@id":"https:\/\/lasentinelle.dz\/#organization"},"potentialAction":[{"@type":"SearchAction","target":{"@type":"EntryPoint","urlTemplate":"https:\/\/lasentinelle.dz\/?s={search_term_string}"},"query-input":{"@type":"PropertyValueSpecification","valueRequired":true,"valueName":"search_term_string"}}],"inLanguage":"fr-FR"},{"@type":"Organization","@id":"https:\/\/lasentinelle.dz\/#organization","name":"Quotidien La Sentinelle","url":"https:\/\/lasentinelle.dz\/","logo":{"@type":"ImageObject","inLanguage":"fr-FR","@id":"https:\/\/lasentinelle.dz\/#\/schema\/logo\/image\/","url":"https:\/\/lasentinelle.dz\/wp-content\/uploads\/2021\/09\/logo-sentinelleSLOGAN-1.png","contentUrl":"https:\/\/lasentinelle.dz\/wp-content\/uploads\/2021\/09\/logo-sentinelleSLOGAN-1.png","width":615,"height":142,"caption":"Quotidien La Sentinelle"},"image":{"@id":"https:\/\/lasentinelle.dz\/#\/schema\/logo\/image\/"},"sameAs":["https:\/\/www.facebook.com\/La-Sentinelle-104059864394773"]},{"@type":"Person","@id":"https:\/\/lasentinelle.dz\/#\/schema\/person\/d865044e22e70a75174ce8bcad3acfb3","name":"La Sentinelle","image":{"@type":"ImageObject","inLanguage":"fr-FR","@id":"https:\/\/secure.gravatar.com\/avatar\/57de8e5d4b15d43fb361a71fbb36338450fe67865b528a43dd10ef7c51a20392?s=96&d=mm&r=g","url":"https:\/\/secure.gravatar.com\/avatar\/57de8e5d4b15d43fb361a71fbb36338450fe67865b528a43dd10ef7c51a20392?s=96&d=mm&r=g","contentUrl":"https:\/\/secure.gravatar.com\/avatar\/57de8e5d4b15d43fb361a71fbb36338450fe67865b528a43dd10ef7c51a20392?s=96&d=mm&r=g","caption":"La Sentinelle"},"sameAs":["http:\/\/www.lasentinelle.dz"],"url":"https:\/\/lasentinelle.dz\/author\/redaction\/"}]}},"_links":{"self":[{"href":"https:\/\/lasentinelle.dz\/index.php\/wp-json\/wp\/v2\/posts\/50579","targetHints":{"allow":["GET"]}}],"collection":[{"href":"https:\/\/lasentinelle.dz\/index.php\/wp-json\/wp\/v2\/posts"}],"about":[{"href":"https:\/\/lasentinelle.dz\/index.php\/wp-json\/wp\/v2\/types\/post"}],"author":[{"embeddable":true,"href":"https:\/\/lasentinelle.dz\/index.php\/wp-json\/wp\/v2\/users\/3"}],"replies":[{"embeddable":true,"href":"https:\/\/lasentinelle.dz\/index.php\/wp-json\/wp\/v2\/comments?post=50579"}],"version-history":[{"count":1,"href":"https:\/\/lasentinelle.dz\/index.php\/wp-json\/wp\/v2\/posts\/50579\/revisions"}],"predecessor-version":[{"id":50580,"href":"https:\/\/lasentinelle.dz\/index.php\/wp-json\/wp\/v2\/posts\/50579\/revisions\/50580"}],"wp:featuredmedia":[{"embeddable":true,"href":"https:\/\/lasentinelle.dz\/index.php\/wp-json\/wp\/v2\/media\/27980"}],"wp:attachment":[{"href":"https:\/\/lasentinelle.dz\/index.php\/wp-json\/wp\/v2\/media?parent=50579"}],"wp:term":[{"taxonomy":"category","embeddable":true,"href":"https:\/\/lasentinelle.dz\/index.php\/wp-json\/wp\/v2\/categories?post=50579"},{"taxonomy":"post_tag","embeddable":true,"href":"https:\/\/lasentinelle.dz\/index.php\/wp-json\/wp\/v2\/tags?post=50579"}],"curies":[{"name":"wp","href":"https:\/\/api.w.org\/{rel}","templated":true}]}}