{"id":50581,"date":"2024-03-21T15:06:00","date_gmt":"2024-03-21T14:06:00","guid":{"rendered":"https:\/\/lasentinelle.dz\/?p=50581"},"modified":"2024-03-23T15:07:50","modified_gmt":"2024-03-23T14:07:50","slug":"un-narco-etat-qui-menace-la-region","status":"publish","type":"post","link":"https:\/\/lasentinelle.dz\/index.php\/2024\/03\/21\/un-narco-etat-qui-menace-la-region\/","title":{"rendered":"Un narco-\u00c9tat qui menace la r\u00e9gion"},"content":{"rendered":"\n<p>Un nouveau scandale vient d\u2019\u00e9clabousser le r\u00e9gime marocain. Le journal ib\u00e9rique \u00ab&nbsp;El Espa\u00f1ol&nbsp;\u00bb vient de publier une enqu\u00eate dans laquelle il met en lumi\u00e8re l\u2019implication de la marine royale marocaine dans les r\u00e9seaux de trafic de drogue et sa complicit\u00e9 active dans l\u2019introduction dans de stup\u00e9fiants en Espagne.<\/p>\n\n\n\n<p>Principal producteur et exportateur de cannabis et plaque tournante du trafic de drogue produite par les cartels latino-am\u00e9ricains vers l\u2019Europe et l\u2019Afrique, le Maroc est un narco \u00c9tat dans tous les sens du terme. Les formes de criminalit\u00e9 li\u00e9es au trafic de drogue, le blanchiment d\u2019argent, la pr\u00e9dation et la corruption font partie int\u00e9grante de l\u2019ADN du r\u00e9gime marocain pourri. Une r\u00e9alit\u00e9 qui vient une nouvelle fois d\u2019\u00eatre confirm\u00e9 par un \u00e9ni\u00e8me scandale li\u00e9 \u00e0 l\u2019implication de composante du r\u00e9gime makhz\u00e9nien dans les r\u00e9seaux de trafic de drogue. Ainsi, quelques semaines apr\u00e8s le s\u00e9isme provoqu\u00e9 par l\u2019affaire de \u00ab&nbsp;Escobar du d\u00e9sert&nbsp;\u00bb qui mis en lumi\u00e8re les accointances entre les r\u00e9seaux de trafic de drogue et les hautes sph\u00e8res politiques au Maroc, voil\u00e0 qu\u2019une nouvelle affaire d\u00e9montre la complicit\u00e9, les forces arm\u00e9es et plus particuli\u00e8rement de la marine royale marocaine, dans l\u2019acheminement de drogue vers l\u2019Espagne. Le journal ib\u00e9rique \u00ab&nbsp;El Espa\u00f1ol&nbsp;\u00bb vient de publier une enqu\u00eate dans laquelle il met en lumi\u00e8re l\u2019implication de la marine royale marocaine dans les r\u00e9seaux de trafic de drogue et sa complicit\u00e9 active dans l\u2019introduction dans de stup\u00e9fiants en Espagne. Selon le quotidien espagnol, des photographies r\u00e9cup\u00e9r\u00e9es du t\u00e9l\u00e9phone d\u2019un des trafiquants ayant pris part \u00e0 une op\u00e9ration de trafic de drogue montrent un patrouilleur de la marine royale marocaine participer au transport de la drogue et au guidage des bateaux, exploit\u00e9s par les narcotrafiquants pour l\u2019introduction de la drogue en Espagne. Le journal affirme, \u00e0 ce titre, que ces images montrant un patrouilleur marocain, charg\u00e9 de balles de haschisch, assurer le r\u00f4le de \u00ab\u00a0navire-m\u00e8re\u00a0\u00bb pour les bateaux de drogue qui ne sont que \u00ab\u00a0la face cach\u00e9e de l&rsquo;iceberg\u00a0\u00bb. D\u2019alleurs, un membre de la garde civile espagnole a indiqu\u00e9 au m\u00e9dia que \u00ab\u00a0ce n&rsquo;est pas la premi\u00e8re fois qu&rsquo;une affaire de patrouilleurs transportant du haschich est r\u00e9v\u00e9l\u00e9e par nos services\u00a0\u00bb. Et d\u2019ajouter qu\u2019 \u00ab\u00a0il a \u00e9t\u00e9 possible, \u00e0 certaines occasions, de prouver une collusion entre des trafiquants de drogue et des membres corrompus de la police ou de l&rsquo;arm\u00e9e marocaine\u00a0\u00bb. Un commandant qui a pass\u00e9 des d\u00e9cennies \u00e0 lutter contre le trafic de drogue affirme pour sa part que &nbsp;\u00ab\u00a0lorsque le Maroc a proc\u00e9d\u00e9 \u00e0 un nettoyage et a arr\u00eat\u00e9 30 policiers corrompus \u00e0 Nador, les bateaux ont re\u00e7u l&rsquo;ordre de changer de lieu de collecte de la drogue, et ils allaient charger les ballots ailleurs\u00a0\u00bb. Cela confirme, a-t-il poursuivi, \u00ab\u00a0la capacit\u00e9 du trafic de drogue \u00e0 p\u00e9n\u00e9trer sur tout le territoire marocain et \u00e0 infiltrer les institutions\u00a0\u00bb. Mettant en doute la volont\u00e9 des autorit\u00e9s du Maroc de mettre un terme \u00e0 ce trafic, le journal souligne les complicit\u00e9s existantes entre les trafiquants et les membres des services de s\u00e9curit\u00e9 de ce pays, cens\u00e9s, pourtant, leur mener la guerre. En effet, selon l\u2019enqu\u00eate publi\u00e9, la garde civile espagnole d\u00e9nonce le refus de coop\u00e9ration des services de s\u00e9curit\u00e9 marocains et les faux-semblants de la r\u00e9pression, annonc\u00e9s \u00e0 grands coups de publicit\u00e9. \u00ab\u00a0La collaboration d&rsquo;agents marocains avec des trafiquants de haschisch dans le d\u00e9troit est un secret de polichinelle\u00a0\u00bb, \u00e9crit le journal qui affirme que la corruption au sein de la marine royale et de la gendarmerie marocaine est \u00ab\u00a0syst\u00e9mique\u00a0\u00bb. \u00ab\u00a0Avec les bas salaires de l&rsquo;arm\u00e9e au Maroc, tout le monde tombe dans les r\u00e9seaux de la drogue\u00a0\u00bb, soutient le journal, citant des sp\u00e9cialistes de la police nationale et de la garde civile. Rappelant que le Maroc est le premier producteur mondial de haschich, le journal soutient que \u00ab\u00a0cela n&rsquo;aurait pas pu se faire sans la collaboration ou l&rsquo;inaction des agents et des forces de s\u00e9curit\u00e9 marocains\u00a0\u00bb.<\/p>\n\n\n\n<p><strong>Cannabis et drogues dures<\/strong><\/p>\n\n\n\n<p>En plus du manque d&rsquo;engagement des autorit\u00e9s marocaines \u00e0 lutter contre le trafic de drogue, le journal espagnol rel\u00e8ve le refus de coop\u00e9ration des services de s\u00e9curit\u00e9 marocains avec leurs homologues espagnols lorsque ces derniers sollicitent leur collaboration. \u00ab\u00a0Bien qu&rsquo;il ait re\u00e7u des millions de dollars de fonds europ\u00e9ens pour lutter contre le trafic de drogue, le Maroc a ignor\u00e9, ces derni\u00e8res ann\u00e9es, les demandes persistantes d&rsquo;extrader vers l\u2019Espagne le plus grand baron du haschich du pays\u00a0\u00bb, affirme le journal. Selon ce m\u00e9dia, l&rsquo;un des exemples les plus \u00e9difiants de ce manque de collaboration est le cas \u00ab\u00a0El Messi del Hashi\u00a0\u00bb. Des policiers interrog\u00e9s par le journal ont affirm\u00e9 avoir r\u00e9ussi \u00e0 localiser l&rsquo;endroit exact o\u00f9 se cachait ce baron de la drogue, mais en d\u00e9pit des informations fournies par l&rsquo;Espagne, le Maroc a ignor\u00e9 \u00e0 maintes reprises les demandes formelles d&rsquo;extradition. \u00ab\u00a0Nous avons voyag\u00e9 l\u00e0-bas, nous nous sommes rencontr\u00e9s, nous leur avons transmis toutes les informations dont nous disposions. M\u00eame des photographies de ce \u00e0 quoi ressemble la maison. Mais au final, le Maroc, c&rsquo;est le Maroc\u00a0\u00bb, regrettent les sources, cit\u00e9es par ce journal.<\/p>\n\n\n\n<p>Le Maroc est une menace pour les pays du voisinage \u00e0 plus d\u2019un titre. En Alg\u00e9rie, les services de s\u00e9curit\u00e9 saisissent chaque semaine d\u2019importantes quantit\u00e9s de cannabis en provenance du Maroc que les narco-trafiquants tentent d\u2019introduire avec la complicit\u00e9 des forces arm\u00e9es royales marocaines. Les neutralisations de r\u00e9seaux de narcotrafic dirig\u00e9s depuis le Maroc se sont multipli\u00e9es au cours des derniers mois. En Europe, les chiffres de l\u2019Office des Nations unies de lutte contre la drogue et la criminalit\u00e9 d\u00e9montre que 90% du cannabis consomm\u00e9 en Espagne et en France proviennent du Maroc. Pour sa part, l\u2019Agence europ\u00e9enne pour la gestion de fronti\u00e8res ext\u00e9rieures \u00ab\u00a0Frontex\u00a0\u00bb a d\u00e9sign\u00e9 le Maroc comme un des principaux pays pourvoyeurs de la migration irr\u00e9guli\u00e8re, de trafiquants de migrants, mais surtout comme pays d\u2019origine et d\u2019envoi de la r\u00e9sine de Cannabis saisie en Europe. Selon Frontex, le Maroc occupe \u00e9galement la premi\u00e8re place au classement des dix principaux pays de nationalit\u00e9 des trafiquants de migrants. En juin 2021, le Parlement europ\u00e9en a adopt\u00e9 \u00e0 une large majorit\u00e9 une r\u00e9solution d\u00e9non\u00e7ant les pressions exerc\u00e9es sur l\u2019Espagne par le Maroc qui utilise la carte migratoire et le trafic de drogue pour contraindre les responsables espagnols \u00e0 s\u2019aligner sur ses positions, notamment sur la question du Sahara occidental. Pour l\u2019Europe, le Maroc et son trafic de drogue repr\u00e9sente une menace encore plus s\u00e9rieuse. L&rsquo;ancien officier de l&rsquo;arm\u00e9e marocaine, Mustapha Adib, a affirm\u00e9 il y a quelques mois qu\u2019au-del\u00e0 de la collusion entre le r\u00e9gime marocain et les r\u00e9seaux de trafic de drogue, l\u2019argent provenant de ce trafic sert \u00e0 financer les r\u00e9seaux de la corruption des eurod\u00e9put\u00e9s d\u00e9voil\u00e9s par le scandale MarocGate. Il avait aussi indiqu\u00e9 que les g\u00e9n\u00e9raux de l&rsquo;arm\u00e9e marocaine, Hosni bin Slimane et Haramou, ainsi que d&rsquo;autres barons de la drogue disposaient de beaucoup d&rsquo;informations sur les op\u00e9rations ill\u00e9gales men\u00e9es par le Maroc, \u00e9voquant le d\u00e9p\u00f4t de \u00ab\u00a0l&rsquo;argent destin\u00e9 aux op\u00e9rations mafieuses et criminelles men\u00e9es \u00e0 l&rsquo;\u00e9tranger dans des bo\u00eetes noires \u00ab\u00a0.<\/p>\n\n\n\n<p>Il faut dire que l\u2019implication du r\u00e9gime marocain dans le narcotrafic et la corruption politique que celui-ci engendre n\u2019est pas nouvelle, m\u00eame si les r\u00e9cents \u00e9l\u00e9ments r\u00e9v\u00e9l\u00e9s \u00e0 ce propos confirment une complicit\u00e9 au plus haut niveau. Le scandale nomm\u00e9 \u00ab le Pablo escobar du D\u00e9sert \u00bb et qui a fait tomber des t\u00eates \u00e0 l\u2019image du pr\u00e9sident du Widad de Casablanca, bras droit du patron de la F\u00e9d\u00e9ration marocaine de football Fawz Lekjaa, ainsi que des d\u00e9put\u00e9s et figures de proue du parti du chef du Gouvernement marocain Aziz Akhanouche, confirme que le narcotrafic et la corruption sont dans l\u2019ADN du r\u00e9gime marocain qui a d\u2019ailleurs l\u00e9galis\u00e9 la culture de cannabis sous le couvert th\u00e9rapeutique. Mais il est reconnu que la production et le trafic de cannabis est au Maroc un secteur \u00ab \u00e9conomique \u00bb majeur qui engendre des revenus pour la corruptions et qui est utilis\u00e9 pour r\u00e9duire au silence les revendications sociales, notamment dans le nord rifain.<\/p>\n\n\n\n<p>Avec ses centaines de milliers d\u2019hectares de culture de cannabis produisant chaque ann\u00e9e plus de 3 000 tonnes de haschisch, le Maroc est de tr\u00e8s loin le premier producteur\/exportateur mondial de cette substanceLes trafiquants utilisent d\u00e9sormais leurs r\u00e9seaux pour acheminer en Europe des drogues dures comme la coca\u00efne et y blanchir leurs profits. Ces derniers repr\u00e9sentent la plus importante source de devises dans l\u2019\u00e9conomie marocaine et sont \u00e0 l\u2019origine de r\u00e9seaux de corruption et de client\u00e9lisme qui remontent jusqu\u2019aux plus hauts niveaux des autorit\u00e9s de l\u2019\u00c9tat. Pis encore, les autorit\u00e9s marocaines sont impliqu\u00e9es elles-m\u00eames dans la culture de Cannabis.<\/p>\n\n\n\n<p>Le ph\u00e9nom\u00e8ne a pris une telle ampleur que l\u2019ONDH, ONG marocaine pour la d\u00e9fense des droits de l\u2019homme, a exprim\u00e9 en septembre 2022 sa pr\u00e9occupation face \u00e0 la propagation, dans le Nord du Maroc, des crimes li\u00e9s au blanchiment d\u2019argent, en particulier le trafic de stup\u00e9fiants, de substances psychotropes, d\u2019\u00eatres humains et de migrants, et ses liens avec l\u2019activit\u00e9 \u00e9conomique, notamment le blanchiment d\u2019argent dans l\u2019immobilier, ou avec la politique \u00e0 travers l\u2019acc\u00e8s des criminels \u00e0 des fonctions politiques.<\/p>\n\n\n\n<p>Hocine Fadheli<\/p>\n","protected":false},"excerpt":{"rendered":"<p>Un nouveau scandale vient d\u2019\u00e9clabousser le r\u00e9gime marocain. Le journal ib\u00e9rique \u00ab&nbsp;El Espa\u00f1ol&nbsp;\u00bb vient de publier une enqu\u00eate dans laquelle<\/p>\n","protected":false},"author":3,"featured_media":50582,"comment_status":"open","ping_status":"closed","sticky":false,"template":"","format":"standard","meta":{"colormag_page_container_layout":"default_layout","colormag_page_sidebar_layout":"default_layout","om_disable_all_campaigns":false,"_monsterinsights_skip_tracking":false,"_monsterinsights_sitenote_active":false,"_monsterinsights_sitenote_note":"","_monsterinsights_sitenote_category":0,"footnotes":"","_wpscppro_dont_share_socialmedia":false,"_wpscppro_custom_social_share_image":0,"_facebook_share_type":"","_twitter_share_type":"","_linkedin_share_type":"","_pinterest_share_type":"","_linkedin_share_type_page":"","_instagram_share_type":"","_medium_share_type":"","_threads_share_type":"","_google_business_share_type":"","_selected_social_profile":[],"_wpsp_enable_custom_social_template":false,"_wpsp_social_scheduling":{"enabled":false,"datetime":null,"platforms":[],"status":"template_only","dateOption":"today","timeOption":"now","customDays":"","customHours":"","customDate":"","customTime":"","schedulingType":"absolute"},"_wpsp_active_default_template":true},"categories":[52,27],"tags":[],"class_list":["post-50581","post","type-post","status-publish","format-standard","has-post-thumbnail","hentry","category-a-la-une","category-actualite"],"aioseo_notices":[],"yoast_head":"<!-- This site is optimized with the Yoast SEO plugin v27.5 - https:\/\/yoast.com\/product\/yoast-seo-wordpress\/ -->\n<title>Un narco-\u00c9tat qui menace la r\u00e9gion - La Sentinelle<\/title>\n<meta name=\"robots\" content=\"index, follow, max-snippet:-1, max-image-preview:large, max-video-preview:-1\" \/>\n<link rel=\"canonical\" href=\"https:\/\/lasentinelle.dz\/index.php\/2024\/03\/21\/un-narco-etat-qui-menace-la-region\/\" \/>\n<meta property=\"og:locale\" content=\"fr_FR\" \/>\n<meta property=\"og:type\" content=\"article\" \/>\n<meta property=\"og:title\" content=\"Un narco-\u00c9tat qui menace la r\u00e9gion - La Sentinelle\" \/>\n<meta property=\"og:description\" content=\"Un nouveau scandale vient d\u2019\u00e9clabousser le r\u00e9gime marocain. Le journal ib\u00e9rique \u00ab&nbsp;El Espa\u00f1ol&nbsp;\u00bb vient de publier une enqu\u00eate dans laquelle\" \/>\n<meta property=\"og:url\" content=\"https:\/\/lasentinelle.dz\/index.php\/2024\/03\/21\/un-narco-etat-qui-menace-la-region\/\" \/>\n<meta property=\"og:site_name\" content=\"La Sentinelle\" \/>\n<meta property=\"article:publisher\" content=\"https:\/\/www.facebook.com\/La-Sentinelle-104059864394773\" \/>\n<meta property=\"article:published_time\" content=\"2024-03-21T14:06:00+00:00\" \/>\n<meta property=\"article:modified_time\" content=\"2024-03-23T14:07:50+00:00\" \/>\n<meta property=\"og:image\" content=\"https:\/\/lasentinelle.dz\/wp-content\/uploads\/2024\/03\/cannabis.jpeg\" \/>\n\t<meta property=\"og:image:width\" content=\"746\" \/>\n\t<meta property=\"og:image:height\" content=\"380\" \/>\n\t<meta property=\"og:image:type\" content=\"image\/jpeg\" \/>\n<meta name=\"author\" content=\"La Sentinelle\" \/>\n<meta name=\"twitter:card\" content=\"summary_large_image\" \/>\n<meta name=\"twitter:label1\" content=\"\u00c9crit par\" \/>\n\t<meta name=\"twitter:data1\" content=\"La Sentinelle\" \/>\n\t<meta name=\"twitter:label2\" content=\"Dur\u00e9e de lecture estim\u00e9e\" \/>\n\t<meta name=\"twitter:data2\" content=\"8 minutes\" \/>\n<script type=\"application\/ld+json\" class=\"yoast-schema-graph\">{\"@context\":\"https:\\\/\\\/schema.org\",\"@graph\":[{\"@type\":\"Article\",\"@id\":\"https:\\\/\\\/lasentinelle.dz\\\/index.php\\\/2024\\\/03\\\/21\\\/un-narco-etat-qui-menace-la-region\\\/#article\",\"isPartOf\":{\"@id\":\"https:\\\/\\\/lasentinelle.dz\\\/index.php\\\/2024\\\/03\\\/21\\\/un-narco-etat-qui-menace-la-region\\\/\"},\"author\":{\"name\":\"La Sentinelle\",\"@id\":\"https:\\\/\\\/lasentinelle.dz\\\/#\\\/schema\\\/person\\\/d865044e22e70a75174ce8bcad3acfb3\"},\"headline\":\"Un narco-\u00c9tat qui menace la r\u00e9gion\",\"datePublished\":\"2024-03-21T14:06:00+00:00\",\"dateModified\":\"2024-03-23T14:07:50+00:00\",\"mainEntityOfPage\":{\"@id\":\"https:\\\/\\\/lasentinelle.dz\\\/index.php\\\/2024\\\/03\\\/21\\\/un-narco-etat-qui-menace-la-region\\\/\"},\"wordCount\":1712,\"commentCount\":0,\"publisher\":{\"@id\":\"https:\\\/\\\/lasentinelle.dz\\\/#organization\"},\"image\":{\"@id\":\"https:\\\/\\\/lasentinelle.dz\\\/index.php\\\/2024\\\/03\\\/21\\\/un-narco-etat-qui-menace-la-region\\\/#primaryimage\"},\"thumbnailUrl\":\"https:\\\/\\\/lasentinelle.dz\\\/wp-content\\\/uploads\\\/2024\\\/03\\\/cannabis.jpeg\",\"articleSection\":[\"\u00c0 la Une\",\"Actualit\u00e9\"],\"inLanguage\":\"fr-FR\",\"potentialAction\":[{\"@type\":\"CommentAction\",\"name\":\"Comment\",\"target\":[\"https:\\\/\\\/lasentinelle.dz\\\/index.php\\\/2024\\\/03\\\/21\\\/un-narco-etat-qui-menace-la-region\\\/#respond\"]}]},{\"@type\":\"WebPage\",\"@id\":\"https:\\\/\\\/lasentinelle.dz\\\/index.php\\\/2024\\\/03\\\/21\\\/un-narco-etat-qui-menace-la-region\\\/\",\"url\":\"https:\\\/\\\/lasentinelle.dz\\\/index.php\\\/2024\\\/03\\\/21\\\/un-narco-etat-qui-menace-la-region\\\/\",\"name\":\"Un narco-\u00c9tat qui menace la r\u00e9gion - La Sentinelle\",\"isPartOf\":{\"@id\":\"https:\\\/\\\/lasentinelle.dz\\\/#website\"},\"primaryImageOfPage\":{\"@id\":\"https:\\\/\\\/lasentinelle.dz\\\/index.php\\\/2024\\\/03\\\/21\\\/un-narco-etat-qui-menace-la-region\\\/#primaryimage\"},\"image\":{\"@id\":\"https:\\\/\\\/lasentinelle.dz\\\/index.php\\\/2024\\\/03\\\/21\\\/un-narco-etat-qui-menace-la-region\\\/#primaryimage\"},\"thumbnailUrl\":\"https:\\\/\\\/lasentinelle.dz\\\/wp-content\\\/uploads\\\/2024\\\/03\\\/cannabis.jpeg\",\"datePublished\":\"2024-03-21T14:06:00+00:00\",\"dateModified\":\"2024-03-23T14:07:50+00:00\",\"breadcrumb\":{\"@id\":\"https:\\\/\\\/lasentinelle.dz\\\/index.php\\\/2024\\\/03\\\/21\\\/un-narco-etat-qui-menace-la-region\\\/#breadcrumb\"},\"inLanguage\":\"fr-FR\",\"potentialAction\":[{\"@type\":\"ReadAction\",\"target\":[\"https:\\\/\\\/lasentinelle.dz\\\/index.php\\\/2024\\\/03\\\/21\\\/un-narco-etat-qui-menace-la-region\\\/\"]}]},{\"@type\":\"ImageObject\",\"inLanguage\":\"fr-FR\",\"@id\":\"https:\\\/\\\/lasentinelle.dz\\\/index.php\\\/2024\\\/03\\\/21\\\/un-narco-etat-qui-menace-la-region\\\/#primaryimage\",\"url\":\"https:\\\/\\\/lasentinelle.dz\\\/wp-content\\\/uploads\\\/2024\\\/03\\\/cannabis.jpeg\",\"contentUrl\":\"https:\\\/\\\/lasentinelle.dz\\\/wp-content\\\/uploads\\\/2024\\\/03\\\/cannabis.jpeg\",\"width\":746,\"height\":380},{\"@type\":\"BreadcrumbList\",\"@id\":\"https:\\\/\\\/lasentinelle.dz\\\/index.php\\\/2024\\\/03\\\/21\\\/un-narco-etat-qui-menace-la-region\\\/#breadcrumb\",\"itemListElement\":[{\"@type\":\"ListItem\",\"position\":1,\"name\":\"Accueil\",\"item\":\"https:\\\/\\\/lasentinelle.dz\\\/\"},{\"@type\":\"ListItem\",\"position\":2,\"name\":\"Un narco-\u00c9tat qui menace la r\u00e9gion\"}]},{\"@type\":\"WebSite\",\"@id\":\"https:\\\/\\\/lasentinelle.dz\\\/#website\",\"url\":\"https:\\\/\\\/lasentinelle.dz\\\/\",\"name\":\"La Sentinelle\",\"description\":\"Quotidien national d&#039;information\",\"publisher\":{\"@id\":\"https:\\\/\\\/lasentinelle.dz\\\/#organization\"},\"potentialAction\":[{\"@type\":\"SearchAction\",\"target\":{\"@type\":\"EntryPoint\",\"urlTemplate\":\"https:\\\/\\\/lasentinelle.dz\\\/?s={search_term_string}\"},\"query-input\":{\"@type\":\"PropertyValueSpecification\",\"valueRequired\":true,\"valueName\":\"search_term_string\"}}],\"inLanguage\":\"fr-FR\"},{\"@type\":\"Organization\",\"@id\":\"https:\\\/\\\/lasentinelle.dz\\\/#organization\",\"name\":\"Quotidien La Sentinelle\",\"url\":\"https:\\\/\\\/lasentinelle.dz\\\/\",\"logo\":{\"@type\":\"ImageObject\",\"inLanguage\":\"fr-FR\",\"@id\":\"https:\\\/\\\/lasentinelle.dz\\\/#\\\/schema\\\/logo\\\/image\\\/\",\"url\":\"https:\\\/\\\/lasentinelle.dz\\\/wp-content\\\/uploads\\\/2021\\\/09\\\/logo-sentinelleSLOGAN-1.png\",\"contentUrl\":\"https:\\\/\\\/lasentinelle.dz\\\/wp-content\\\/uploads\\\/2021\\\/09\\\/logo-sentinelleSLOGAN-1.png\",\"width\":615,\"height\":142,\"caption\":\"Quotidien La Sentinelle\"},\"image\":{\"@id\":\"https:\\\/\\\/lasentinelle.dz\\\/#\\\/schema\\\/logo\\\/image\\\/\"},\"sameAs\":[\"https:\\\/\\\/www.facebook.com\\\/La-Sentinelle-104059864394773\"]},{\"@type\":\"Person\",\"@id\":\"https:\\\/\\\/lasentinelle.dz\\\/#\\\/schema\\\/person\\\/d865044e22e70a75174ce8bcad3acfb3\",\"name\":\"La Sentinelle\",\"image\":{\"@type\":\"ImageObject\",\"inLanguage\":\"fr-FR\",\"@id\":\"https:\\\/\\\/secure.gravatar.com\\\/avatar\\\/57de8e5d4b15d43fb361a71fbb36338450fe67865b528a43dd10ef7c51a20392?s=96&d=mm&r=g\",\"url\":\"https:\\\/\\\/secure.gravatar.com\\\/avatar\\\/57de8e5d4b15d43fb361a71fbb36338450fe67865b528a43dd10ef7c51a20392?s=96&d=mm&r=g\",\"contentUrl\":\"https:\\\/\\\/secure.gravatar.com\\\/avatar\\\/57de8e5d4b15d43fb361a71fbb36338450fe67865b528a43dd10ef7c51a20392?s=96&d=mm&r=g\",\"caption\":\"La Sentinelle\"},\"sameAs\":[\"http:\\\/\\\/www.lasentinelle.dz\"],\"url\":\"https:\\\/\\\/lasentinelle.dz\\\/author\\\/redaction\\\/\"}]}<\/script>\n<!-- \/ Yoast SEO plugin. -->","yoast_head_json":{"title":"Un narco-\u00c9tat qui menace la r\u00e9gion - La Sentinelle","robots":{"index":"index","follow":"follow","max-snippet":"max-snippet:-1","max-image-preview":"max-image-preview:large","max-video-preview":"max-video-preview:-1"},"canonical":"https:\/\/lasentinelle.dz\/index.php\/2024\/03\/21\/un-narco-etat-qui-menace-la-region\/","og_locale":"fr_FR","og_type":"article","og_title":"Un narco-\u00c9tat qui menace la r\u00e9gion - La Sentinelle","og_description":"Un nouveau scandale vient d\u2019\u00e9clabousser le r\u00e9gime marocain. Le journal ib\u00e9rique \u00ab&nbsp;El Espa\u00f1ol&nbsp;\u00bb vient de publier une enqu\u00eate dans laquelle","og_url":"https:\/\/lasentinelle.dz\/index.php\/2024\/03\/21\/un-narco-etat-qui-menace-la-region\/","og_site_name":"La Sentinelle","article_publisher":"https:\/\/www.facebook.com\/La-Sentinelle-104059864394773","article_published_time":"2024-03-21T14:06:00+00:00","article_modified_time":"2024-03-23T14:07:50+00:00","og_image":[{"width":746,"height":380,"url":"https:\/\/lasentinelle.dz\/wp-content\/uploads\/2024\/03\/cannabis.jpeg","type":"image\/jpeg"}],"author":"La Sentinelle","twitter_card":"summary_large_image","twitter_misc":{"\u00c9crit par":"La Sentinelle","Dur\u00e9e de lecture estim\u00e9e":"8 minutes"},"schema":{"@context":"https:\/\/schema.org","@graph":[{"@type":"Article","@id":"https:\/\/lasentinelle.dz\/index.php\/2024\/03\/21\/un-narco-etat-qui-menace-la-region\/#article","isPartOf":{"@id":"https:\/\/lasentinelle.dz\/index.php\/2024\/03\/21\/un-narco-etat-qui-menace-la-region\/"},"author":{"name":"La Sentinelle","@id":"https:\/\/lasentinelle.dz\/#\/schema\/person\/d865044e22e70a75174ce8bcad3acfb3"},"headline":"Un narco-\u00c9tat qui menace la r\u00e9gion","datePublished":"2024-03-21T14:06:00+00:00","dateModified":"2024-03-23T14:07:50+00:00","mainEntityOfPage":{"@id":"https:\/\/lasentinelle.dz\/index.php\/2024\/03\/21\/un-narco-etat-qui-menace-la-region\/"},"wordCount":1712,"commentCount":0,"publisher":{"@id":"https:\/\/lasentinelle.dz\/#organization"},"image":{"@id":"https:\/\/lasentinelle.dz\/index.php\/2024\/03\/21\/un-narco-etat-qui-menace-la-region\/#primaryimage"},"thumbnailUrl":"https:\/\/lasentinelle.dz\/wp-content\/uploads\/2024\/03\/cannabis.jpeg","articleSection":["\u00c0 la Une","Actualit\u00e9"],"inLanguage":"fr-FR","potentialAction":[{"@type":"CommentAction","name":"Comment","target":["https:\/\/lasentinelle.dz\/index.php\/2024\/03\/21\/un-narco-etat-qui-menace-la-region\/#respond"]}]},{"@type":"WebPage","@id":"https:\/\/lasentinelle.dz\/index.php\/2024\/03\/21\/un-narco-etat-qui-menace-la-region\/","url":"https:\/\/lasentinelle.dz\/index.php\/2024\/03\/21\/un-narco-etat-qui-menace-la-region\/","name":"Un narco-\u00c9tat qui menace la r\u00e9gion - La Sentinelle","isPartOf":{"@id":"https:\/\/lasentinelle.dz\/#website"},"primaryImageOfPage":{"@id":"https:\/\/lasentinelle.dz\/index.php\/2024\/03\/21\/un-narco-etat-qui-menace-la-region\/#primaryimage"},"image":{"@id":"https:\/\/lasentinelle.dz\/index.php\/2024\/03\/21\/un-narco-etat-qui-menace-la-region\/#primaryimage"},"thumbnailUrl":"https:\/\/lasentinelle.dz\/wp-content\/uploads\/2024\/03\/cannabis.jpeg","datePublished":"2024-03-21T14:06:00+00:00","dateModified":"2024-03-23T14:07:50+00:00","breadcrumb":{"@id":"https:\/\/lasentinelle.dz\/index.php\/2024\/03\/21\/un-narco-etat-qui-menace-la-region\/#breadcrumb"},"inLanguage":"fr-FR","potentialAction":[{"@type":"ReadAction","target":["https:\/\/lasentinelle.dz\/index.php\/2024\/03\/21\/un-narco-etat-qui-menace-la-region\/"]}]},{"@type":"ImageObject","inLanguage":"fr-FR","@id":"https:\/\/lasentinelle.dz\/index.php\/2024\/03\/21\/un-narco-etat-qui-menace-la-region\/#primaryimage","url":"https:\/\/lasentinelle.dz\/wp-content\/uploads\/2024\/03\/cannabis.jpeg","contentUrl":"https:\/\/lasentinelle.dz\/wp-content\/uploads\/2024\/03\/cannabis.jpeg","width":746,"height":380},{"@type":"BreadcrumbList","@id":"https:\/\/lasentinelle.dz\/index.php\/2024\/03\/21\/un-narco-etat-qui-menace-la-region\/#breadcrumb","itemListElement":[{"@type":"ListItem","position":1,"name":"Accueil","item":"https:\/\/lasentinelle.dz\/"},{"@type":"ListItem","position":2,"name":"Un narco-\u00c9tat qui menace la r\u00e9gion"}]},{"@type":"WebSite","@id":"https:\/\/lasentinelle.dz\/#website","url":"https:\/\/lasentinelle.dz\/","name":"La Sentinelle","description":"Quotidien national d&#039;information","publisher":{"@id":"https:\/\/lasentinelle.dz\/#organization"},"potentialAction":[{"@type":"SearchAction","target":{"@type":"EntryPoint","urlTemplate":"https:\/\/lasentinelle.dz\/?s={search_term_string}"},"query-input":{"@type":"PropertyValueSpecification","valueRequired":true,"valueName":"search_term_string"}}],"inLanguage":"fr-FR"},{"@type":"Organization","@id":"https:\/\/lasentinelle.dz\/#organization","name":"Quotidien La Sentinelle","url":"https:\/\/lasentinelle.dz\/","logo":{"@type":"ImageObject","inLanguage":"fr-FR","@id":"https:\/\/lasentinelle.dz\/#\/schema\/logo\/image\/","url":"https:\/\/lasentinelle.dz\/wp-content\/uploads\/2021\/09\/logo-sentinelleSLOGAN-1.png","contentUrl":"https:\/\/lasentinelle.dz\/wp-content\/uploads\/2021\/09\/logo-sentinelleSLOGAN-1.png","width":615,"height":142,"caption":"Quotidien La Sentinelle"},"image":{"@id":"https:\/\/lasentinelle.dz\/#\/schema\/logo\/image\/"},"sameAs":["https:\/\/www.facebook.com\/La-Sentinelle-104059864394773"]},{"@type":"Person","@id":"https:\/\/lasentinelle.dz\/#\/schema\/person\/d865044e22e70a75174ce8bcad3acfb3","name":"La Sentinelle","image":{"@type":"ImageObject","inLanguage":"fr-FR","@id":"https:\/\/secure.gravatar.com\/avatar\/57de8e5d4b15d43fb361a71fbb36338450fe67865b528a43dd10ef7c51a20392?s=96&d=mm&r=g","url":"https:\/\/secure.gravatar.com\/avatar\/57de8e5d4b15d43fb361a71fbb36338450fe67865b528a43dd10ef7c51a20392?s=96&d=mm&r=g","contentUrl":"https:\/\/secure.gravatar.com\/avatar\/57de8e5d4b15d43fb361a71fbb36338450fe67865b528a43dd10ef7c51a20392?s=96&d=mm&r=g","caption":"La Sentinelle"},"sameAs":["http:\/\/www.lasentinelle.dz"],"url":"https:\/\/lasentinelle.dz\/author\/redaction\/"}]}},"_links":{"self":[{"href":"https:\/\/lasentinelle.dz\/index.php\/wp-json\/wp\/v2\/posts\/50581","targetHints":{"allow":["GET"]}}],"collection":[{"href":"https:\/\/lasentinelle.dz\/index.php\/wp-json\/wp\/v2\/posts"}],"about":[{"href":"https:\/\/lasentinelle.dz\/index.php\/wp-json\/wp\/v2\/types\/post"}],"author":[{"embeddable":true,"href":"https:\/\/lasentinelle.dz\/index.php\/wp-json\/wp\/v2\/users\/3"}],"replies":[{"embeddable":true,"href":"https:\/\/lasentinelle.dz\/index.php\/wp-json\/wp\/v2\/comments?post=50581"}],"version-history":[{"count":1,"href":"https:\/\/lasentinelle.dz\/index.php\/wp-json\/wp\/v2\/posts\/50581\/revisions"}],"predecessor-version":[{"id":50583,"href":"https:\/\/lasentinelle.dz\/index.php\/wp-json\/wp\/v2\/posts\/50581\/revisions\/50583"}],"wp:featuredmedia":[{"embeddable":true,"href":"https:\/\/lasentinelle.dz\/index.php\/wp-json\/wp\/v2\/media\/50582"}],"wp:attachment":[{"href":"https:\/\/lasentinelle.dz\/index.php\/wp-json\/wp\/v2\/media?parent=50581"}],"wp:term":[{"taxonomy":"category","embeddable":true,"href":"https:\/\/lasentinelle.dz\/index.php\/wp-json\/wp\/v2\/categories?post=50581"},{"taxonomy":"post_tag","embeddable":true,"href":"https:\/\/lasentinelle.dz\/index.php\/wp-json\/wp\/v2\/tags?post=50581"}],"curies":[{"name":"wp","href":"https:\/\/api.w.org\/{rel}","templated":true}]}}