{"id":50641,"date":"2024-03-25T13:24:24","date_gmt":"2024-03-25T12:24:24","guid":{"rendered":"https:\/\/lasentinelle.dz\/?p=50641"},"modified":"2024-03-25T13:24:29","modified_gmt":"2024-03-25T12:24:29","slug":"congres-de-la-cta-dargentine-soutien-a-la-cause-sahraouie","status":"publish","type":"post","link":"https:\/\/lasentinelle.dz\/index.php\/2024\/03\/25\/congres-de-la-cta-dargentine-soutien-a-la-cause-sahraouie\/","title":{"rendered":"Congr\u00e8s de la CTA d&rsquo;Argentine\u00a0:Soutien \u00e0 la cause sahraouie"},"content":{"rendered":"\n<p>Une quarantaine de d\u00e9l\u00e9gu\u00e9s de 25 organisations syndicales d&rsquo;Am\u00e9rique latine, des Cara\u00efbes, d&rsquo;Europe et d&rsquo;Afrique ont manifest\u00e9 leur soutien inconditionnel au peuple sahraoui et son droit \u00e0 l&rsquo;autod\u00e9termination, rapporte l&rsquo;agence de presse sahraouie (SPS). Avec la participation de 40 d\u00e9l\u00e9gu\u00e9s de 25 organisations syndicales d&rsquo;Am\u00e9rique latine, des Cara\u00efbes, d&rsquo;Europe et d&rsquo;Afrique et la pr\u00e9sence de f\u00e9d\u00e9rations mondiales, s&rsquo;est tenu vendredi le Congr\u00e8s de la CTA (Centrale autonome des travailleurs argentins). \u00ab\u00a0Cette pr\u00e9sence est historique, la plus grande de notre Centrale en 32 ans d&rsquo;existence\u00a0\u00bb, a soulign\u00e9 le secr\u00e9taire aux Relations Internationales de la CTA, Adolfo Aguirre. Les travaux du Congr\u00e8s du CTA ont \u00e9t\u00e9 sanctionn\u00e9s par une D\u00e9claration qui souligne \u00ab\u00a0l&rsquo;unit\u00e9 de la classe ouvri\u00e8re mondiale et la solidarit\u00e9 internationaliste\u00a0\u00bb. Dans ses r\u00e9solutions, la d\u00e9claration r\u00e9affirme \u00ab\u00a0son soutien inconditionnel \u00e0 la cause du peuple sahraoui et son droit l\u00e9gitime \u00e0 l&rsquo;ind\u00e9pendance\u00a0\u00bb. Le document souligne, en outre, qu'\u00a0\u00bbil est temps pour le gouvernement argentin de reconna\u00eetre la R\u00e9publique arabe sahraouie d\u00e9mocratique (RASD), qui a c\u00e9l\u00e9br\u00e9 cette ann\u00e9e ses 48 ans d&rsquo;existence, comme le font d\u00e9j\u00e0 plus de 80 nations \u00e0 travers le monde, dont 29 sont latino-am\u00e9ricains\u00a0\u00bb. La D\u00e9claration exige \u00e9galement que \u00ab\u00a0les Nations Unies remplissent leurs obligations, veillent \u00e0 ce que le peuple sahraoui exerce son droit \u00e0 l&rsquo;autod\u00e9termination et obligent le Royaume du Maroc \u00e0 cesser les agressions, la r\u00e9pression dans les territoires occup\u00e9s, les condamnations de militants sans proc\u00e8s et les disparitions forc\u00e9s\u00a0\u00bb. Les d\u00e9l\u00e9gations pr\u00e9sentes ont \u00e9galement exprim\u00e9 leur solidarit\u00e9 avec la cause palestinienne et rejet\u00e9 le g\u00e9nocide perp\u00e9tr\u00e9 depuis le 7 octobre 2023 par l&rsquo;entit\u00e9 sioniste \u00e0 Ghaza et en Cisjordanie. S&rsquo;exprimant \u00e0 l&rsquo;occasion au nom de l&rsquo;Union g\u00e9n\u00e9rale des travailleurs sahraouis (UGTSARIO), Mohamed Ali Ali Salem, le repr\u00e9sentant du Front Polisario en Argentine, a dress\u00e9 des parall\u00e8les entre les luttes que m\u00e8nent les peuples palestinien et sahraoui contre l\u2019occupation. Le diplomate sahraoui a fait un rappel de ce qu&rsquo;ont \u00e9t\u00e9 les relations entre l&rsquo;entit\u00e9 sioniste et le Maroc en soulignant qu&rsquo;en 1979, Georges Habache, l\u2019un des piliers de la r\u00e9sistance palestinienne, avait d\u00e9clar\u00e9 aux dirigeants sahraouis que le r\u00e9gime marocain \u00e9tait \u00ab\u00a0l&rsquo;ennemi de la Palestine, car il est l&rsquo;alli\u00e9 du sionisme\u00a0\u00bb. \u00ab\u00a0La cause palestinienne est la m\u00eame que la cause sahraouie. L\u2019alliance entit\u00e9 sioniste-Maroc existe depuis 1965\u00a0\u00bb, a d\u00e9clar\u00e9 le repr\u00e9sentant sahraoui.<\/p>\n\n\n\n<p>APS<\/p>\n","protected":false},"excerpt":{"rendered":"<p>Une quarantaine de d\u00e9l\u00e9gu\u00e9s de 25 organisations syndicales d&rsquo;Am\u00e9rique latine, des Cara\u00efbes, d&rsquo;Europe et d&rsquo;Afrique ont manifest\u00e9 leur soutien inconditionnel<\/p>\n","protected":false},"author":3,"featured_media":47913,"comment_status":"open","ping_status":"closed","sticky":false,"template":"","format":"standard","meta":{"colormag_page_container_layout":"default_layout","colormag_page_sidebar_layout":"default_layout","om_disable_all_campaigns":false,"_monsterinsights_skip_tracking":false,"_monsterinsights_sitenote_active":false,"_monsterinsights_sitenote_note":"","_monsterinsights_sitenote_category":0,"footnotes":"","_wpscppro_dont_share_socialmedia":false,"_wpscppro_custom_social_share_image":0,"_facebook_share_type":"","_twitter_share_type":"","_linkedin_share_type":"","_pinterest_share_type":"","_linkedin_share_type_page":"","_instagram_share_type":"","_medium_share_type":"","_threads_share_type":"","_google_business_share_type":"","_selected_social_profile":[],"_wpsp_enable_custom_social_template":false,"_wpsp_social_scheduling":{"enabled":false,"datetime":null,"platforms":[],"status":"template_only","dateOption":"today","timeOption":"now","customDays":"","customHours":"","customDate":"","customTime":"","schedulingType":"absolute"},"_wpsp_active_default_template":true},"categories":[37],"tags":[],"class_list":["post-50641","post","type-post","status-publish","format-standard","has-post-thumbnail","hentry","category-monde"],"aioseo_notices":[],"yoast_head":"<!-- This site is optimized with the Yoast SEO plugin v27.5 - https:\/\/yoast.com\/product\/yoast-seo-wordpress\/ -->\n<title>Congr\u00e8s de la CTA d&rsquo;Argentine\u00a0:Soutien \u00e0 la cause sahraouie - La Sentinelle<\/title>\n<meta name=\"robots\" content=\"index, follow, max-snippet:-1, max-image-preview:large, max-video-preview:-1\" \/>\n<link rel=\"canonical\" href=\"https:\/\/lasentinelle.dz\/index.php\/2024\/03\/25\/congres-de-la-cta-dargentine-soutien-a-la-cause-sahraouie\/\" \/>\n<meta property=\"og:locale\" content=\"fr_FR\" \/>\n<meta property=\"og:type\" content=\"article\" \/>\n<meta property=\"og:title\" content=\"Congr\u00e8s de la CTA d&rsquo;Argentine\u00a0:Soutien \u00e0 la cause sahraouie - La Sentinelle\" \/>\n<meta property=\"og:description\" content=\"Une quarantaine de d\u00e9l\u00e9gu\u00e9s de 25 organisations syndicales d&rsquo;Am\u00e9rique latine, des Cara\u00efbes, d&rsquo;Europe et d&rsquo;Afrique ont manifest\u00e9 leur soutien inconditionnel\" \/>\n<meta property=\"og:url\" content=\"https:\/\/lasentinelle.dz\/index.php\/2024\/03\/25\/congres-de-la-cta-dargentine-soutien-a-la-cause-sahraouie\/\" \/>\n<meta property=\"og:site_name\" content=\"La Sentinelle\" \/>\n<meta property=\"article:publisher\" content=\"https:\/\/www.facebook.com\/La-Sentinelle-104059864394773\" \/>\n<meta property=\"article:published_time\" content=\"2024-03-25T12:24:24+00:00\" \/>\n<meta property=\"article:modified_time\" content=\"2024-03-25T12:24:29+00:00\" \/>\n<meta property=\"og:image\" content=\"https:\/\/lasentinelle.dz\/wp-content\/uploads\/2023\/12\/Sahara-occidental.jpeg\" \/>\n\t<meta property=\"og:image:width\" content=\"745\" \/>\n\t<meta property=\"og:image:height\" content=\"470\" \/>\n\t<meta property=\"og:image:type\" content=\"image\/jpeg\" \/>\n<meta name=\"author\" content=\"La Sentinelle\" \/>\n<meta name=\"twitter:card\" content=\"summary_large_image\" \/>\n<meta name=\"twitter:label1\" content=\"\u00c9crit par\" \/>\n\t<meta name=\"twitter:data1\" content=\"La Sentinelle\" \/>\n\t<meta name=\"twitter:label2\" content=\"Dur\u00e9e de lecture estim\u00e9e\" \/>\n\t<meta name=\"twitter:data2\" content=\"3 minutes\" \/>\n<script type=\"application\/ld+json\" class=\"yoast-schema-graph\">{\"@context\":\"https:\\\/\\\/schema.org\",\"@graph\":[{\"@type\":\"Article\",\"@id\":\"https:\\\/\\\/lasentinelle.dz\\\/index.php\\\/2024\\\/03\\\/25\\\/congres-de-la-cta-dargentine-soutien-a-la-cause-sahraouie\\\/#article\",\"isPartOf\":{\"@id\":\"https:\\\/\\\/lasentinelle.dz\\\/index.php\\\/2024\\\/03\\\/25\\\/congres-de-la-cta-dargentine-soutien-a-la-cause-sahraouie\\\/\"},\"author\":{\"name\":\"La Sentinelle\",\"@id\":\"https:\\\/\\\/lasentinelle.dz\\\/#\\\/schema\\\/person\\\/d865044e22e70a75174ce8bcad3acfb3\"},\"headline\":\"Congr\u00e8s de la CTA d&rsquo;Argentine\u00a0:Soutien \u00e0 la cause sahraouie\",\"datePublished\":\"2024-03-25T12:24:24+00:00\",\"dateModified\":\"2024-03-25T12:24:29+00:00\",\"mainEntityOfPage\":{\"@id\":\"https:\\\/\\\/lasentinelle.dz\\\/index.php\\\/2024\\\/03\\\/25\\\/congres-de-la-cta-dargentine-soutien-a-la-cause-sahraouie\\\/\"},\"wordCount\":453,\"commentCount\":0,\"publisher\":{\"@id\":\"https:\\\/\\\/lasentinelle.dz\\\/#organization\"},\"image\":{\"@id\":\"https:\\\/\\\/lasentinelle.dz\\\/index.php\\\/2024\\\/03\\\/25\\\/congres-de-la-cta-dargentine-soutien-a-la-cause-sahraouie\\\/#primaryimage\"},\"thumbnailUrl\":\"https:\\\/\\\/lasentinelle.dz\\\/wp-content\\\/uploads\\\/2023\\\/12\\\/Sahara-occidental.jpeg\",\"articleSection\":[\"Monde\"],\"inLanguage\":\"fr-FR\",\"potentialAction\":[{\"@type\":\"CommentAction\",\"name\":\"Comment\",\"target\":[\"https:\\\/\\\/lasentinelle.dz\\\/index.php\\\/2024\\\/03\\\/25\\\/congres-de-la-cta-dargentine-soutien-a-la-cause-sahraouie\\\/#respond\"]}]},{\"@type\":\"WebPage\",\"@id\":\"https:\\\/\\\/lasentinelle.dz\\\/index.php\\\/2024\\\/03\\\/25\\\/congres-de-la-cta-dargentine-soutien-a-la-cause-sahraouie\\\/\",\"url\":\"https:\\\/\\\/lasentinelle.dz\\\/index.php\\\/2024\\\/03\\\/25\\\/congres-de-la-cta-dargentine-soutien-a-la-cause-sahraouie\\\/\",\"name\":\"Congr\u00e8s de la CTA d&rsquo;Argentine\u00a0:Soutien \u00e0 la cause sahraouie - La Sentinelle\",\"isPartOf\":{\"@id\":\"https:\\\/\\\/lasentinelle.dz\\\/#website\"},\"primaryImageOfPage\":{\"@id\":\"https:\\\/\\\/lasentinelle.dz\\\/index.php\\\/2024\\\/03\\\/25\\\/congres-de-la-cta-dargentine-soutien-a-la-cause-sahraouie\\\/#primaryimage\"},\"image\":{\"@id\":\"https:\\\/\\\/lasentinelle.dz\\\/index.php\\\/2024\\\/03\\\/25\\\/congres-de-la-cta-dargentine-soutien-a-la-cause-sahraouie\\\/#primaryimage\"},\"thumbnailUrl\":\"https:\\\/\\\/lasentinelle.dz\\\/wp-content\\\/uploads\\\/2023\\\/12\\\/Sahara-occidental.jpeg\",\"datePublished\":\"2024-03-25T12:24:24+00:00\",\"dateModified\":\"2024-03-25T12:24:29+00:00\",\"breadcrumb\":{\"@id\":\"https:\\\/\\\/lasentinelle.dz\\\/index.php\\\/2024\\\/03\\\/25\\\/congres-de-la-cta-dargentine-soutien-a-la-cause-sahraouie\\\/#breadcrumb\"},\"inLanguage\":\"fr-FR\",\"potentialAction\":[{\"@type\":\"ReadAction\",\"target\":[\"https:\\\/\\\/lasentinelle.dz\\\/index.php\\\/2024\\\/03\\\/25\\\/congres-de-la-cta-dargentine-soutien-a-la-cause-sahraouie\\\/\"]}]},{\"@type\":\"ImageObject\",\"inLanguage\":\"fr-FR\",\"@id\":\"https:\\\/\\\/lasentinelle.dz\\\/index.php\\\/2024\\\/03\\\/25\\\/congres-de-la-cta-dargentine-soutien-a-la-cause-sahraouie\\\/#primaryimage\",\"url\":\"https:\\\/\\\/lasentinelle.dz\\\/wp-content\\\/uploads\\\/2023\\\/12\\\/Sahara-occidental.jpeg\",\"contentUrl\":\"https:\\\/\\\/lasentinelle.dz\\\/wp-content\\\/uploads\\\/2023\\\/12\\\/Sahara-occidental.jpeg\",\"width\":745,\"height\":470},{\"@type\":\"BreadcrumbList\",\"@id\":\"https:\\\/\\\/lasentinelle.dz\\\/index.php\\\/2024\\\/03\\\/25\\\/congres-de-la-cta-dargentine-soutien-a-la-cause-sahraouie\\\/#breadcrumb\",\"itemListElement\":[{\"@type\":\"ListItem\",\"position\":1,\"name\":\"Accueil\",\"item\":\"https:\\\/\\\/lasentinelle.dz\\\/\"},{\"@type\":\"ListItem\",\"position\":2,\"name\":\"Congr\u00e8s de la CTA d&rsquo;Argentine\u00a0:Soutien \u00e0 la cause sahraouie\"}]},{\"@type\":\"WebSite\",\"@id\":\"https:\\\/\\\/lasentinelle.dz\\\/#website\",\"url\":\"https:\\\/\\\/lasentinelle.dz\\\/\",\"name\":\"La Sentinelle\",\"description\":\"Quotidien national d&#039;information\",\"publisher\":{\"@id\":\"https:\\\/\\\/lasentinelle.dz\\\/#organization\"},\"potentialAction\":[{\"@type\":\"SearchAction\",\"target\":{\"@type\":\"EntryPoint\",\"urlTemplate\":\"https:\\\/\\\/lasentinelle.dz\\\/?s={search_term_string}\"},\"query-input\":{\"@type\":\"PropertyValueSpecification\",\"valueRequired\":true,\"valueName\":\"search_term_string\"}}],\"inLanguage\":\"fr-FR\"},{\"@type\":\"Organization\",\"@id\":\"https:\\\/\\\/lasentinelle.dz\\\/#organization\",\"name\":\"Quotidien La Sentinelle\",\"url\":\"https:\\\/\\\/lasentinelle.dz\\\/\",\"logo\":{\"@type\":\"ImageObject\",\"inLanguage\":\"fr-FR\",\"@id\":\"https:\\\/\\\/lasentinelle.dz\\\/#\\\/schema\\\/logo\\\/image\\\/\",\"url\":\"https:\\\/\\\/lasentinelle.dz\\\/wp-content\\\/uploads\\\/2021\\\/09\\\/logo-sentinelleSLOGAN-1.png\",\"contentUrl\":\"https:\\\/\\\/lasentinelle.dz\\\/wp-content\\\/uploads\\\/2021\\\/09\\\/logo-sentinelleSLOGAN-1.png\",\"width\":615,\"height\":142,\"caption\":\"Quotidien La Sentinelle\"},\"image\":{\"@id\":\"https:\\\/\\\/lasentinelle.dz\\\/#\\\/schema\\\/logo\\\/image\\\/\"},\"sameAs\":[\"https:\\\/\\\/www.facebook.com\\\/La-Sentinelle-104059864394773\"]},{\"@type\":\"Person\",\"@id\":\"https:\\\/\\\/lasentinelle.dz\\\/#\\\/schema\\\/person\\\/d865044e22e70a75174ce8bcad3acfb3\",\"name\":\"La Sentinelle\",\"image\":{\"@type\":\"ImageObject\",\"inLanguage\":\"fr-FR\",\"@id\":\"https:\\\/\\\/secure.gravatar.com\\\/avatar\\\/57de8e5d4b15d43fb361a71fbb36338450fe67865b528a43dd10ef7c51a20392?s=96&d=mm&r=g\",\"url\":\"https:\\\/\\\/secure.gravatar.com\\\/avatar\\\/57de8e5d4b15d43fb361a71fbb36338450fe67865b528a43dd10ef7c51a20392?s=96&d=mm&r=g\",\"contentUrl\":\"https:\\\/\\\/secure.gravatar.com\\\/avatar\\\/57de8e5d4b15d43fb361a71fbb36338450fe67865b528a43dd10ef7c51a20392?s=96&d=mm&r=g\",\"caption\":\"La Sentinelle\"},\"sameAs\":[\"http:\\\/\\\/www.lasentinelle.dz\"],\"url\":\"https:\\\/\\\/lasentinelle.dz\\\/author\\\/redaction\\\/\"}]}<\/script>\n<!-- \/ Yoast SEO plugin. -->","yoast_head_json":{"title":"Congr\u00e8s de la CTA d&rsquo;Argentine\u00a0:Soutien \u00e0 la cause sahraouie - La Sentinelle","robots":{"index":"index","follow":"follow","max-snippet":"max-snippet:-1","max-image-preview":"max-image-preview:large","max-video-preview":"max-video-preview:-1"},"canonical":"https:\/\/lasentinelle.dz\/index.php\/2024\/03\/25\/congres-de-la-cta-dargentine-soutien-a-la-cause-sahraouie\/","og_locale":"fr_FR","og_type":"article","og_title":"Congr\u00e8s de la CTA d&rsquo;Argentine\u00a0:Soutien \u00e0 la cause sahraouie - La Sentinelle","og_description":"Une quarantaine de d\u00e9l\u00e9gu\u00e9s de 25 organisations syndicales d&rsquo;Am\u00e9rique latine, des Cara\u00efbes, d&rsquo;Europe et d&rsquo;Afrique ont manifest\u00e9 leur soutien inconditionnel","og_url":"https:\/\/lasentinelle.dz\/index.php\/2024\/03\/25\/congres-de-la-cta-dargentine-soutien-a-la-cause-sahraouie\/","og_site_name":"La Sentinelle","article_publisher":"https:\/\/www.facebook.com\/La-Sentinelle-104059864394773","article_published_time":"2024-03-25T12:24:24+00:00","article_modified_time":"2024-03-25T12:24:29+00:00","og_image":[{"width":745,"height":470,"url":"https:\/\/lasentinelle.dz\/wp-content\/uploads\/2023\/12\/Sahara-occidental.jpeg","type":"image\/jpeg"}],"author":"La Sentinelle","twitter_card":"summary_large_image","twitter_misc":{"\u00c9crit par":"La Sentinelle","Dur\u00e9e de lecture estim\u00e9e":"3 minutes"},"schema":{"@context":"https:\/\/schema.org","@graph":[{"@type":"Article","@id":"https:\/\/lasentinelle.dz\/index.php\/2024\/03\/25\/congres-de-la-cta-dargentine-soutien-a-la-cause-sahraouie\/#article","isPartOf":{"@id":"https:\/\/lasentinelle.dz\/index.php\/2024\/03\/25\/congres-de-la-cta-dargentine-soutien-a-la-cause-sahraouie\/"},"author":{"name":"La Sentinelle","@id":"https:\/\/lasentinelle.dz\/#\/schema\/person\/d865044e22e70a75174ce8bcad3acfb3"},"headline":"Congr\u00e8s de la CTA d&rsquo;Argentine\u00a0:Soutien \u00e0 la cause sahraouie","datePublished":"2024-03-25T12:24:24+00:00","dateModified":"2024-03-25T12:24:29+00:00","mainEntityOfPage":{"@id":"https:\/\/lasentinelle.dz\/index.php\/2024\/03\/25\/congres-de-la-cta-dargentine-soutien-a-la-cause-sahraouie\/"},"wordCount":453,"commentCount":0,"publisher":{"@id":"https:\/\/lasentinelle.dz\/#organization"},"image":{"@id":"https:\/\/lasentinelle.dz\/index.php\/2024\/03\/25\/congres-de-la-cta-dargentine-soutien-a-la-cause-sahraouie\/#primaryimage"},"thumbnailUrl":"https:\/\/lasentinelle.dz\/wp-content\/uploads\/2023\/12\/Sahara-occidental.jpeg","articleSection":["Monde"],"inLanguage":"fr-FR","potentialAction":[{"@type":"CommentAction","name":"Comment","target":["https:\/\/lasentinelle.dz\/index.php\/2024\/03\/25\/congres-de-la-cta-dargentine-soutien-a-la-cause-sahraouie\/#respond"]}]},{"@type":"WebPage","@id":"https:\/\/lasentinelle.dz\/index.php\/2024\/03\/25\/congres-de-la-cta-dargentine-soutien-a-la-cause-sahraouie\/","url":"https:\/\/lasentinelle.dz\/index.php\/2024\/03\/25\/congres-de-la-cta-dargentine-soutien-a-la-cause-sahraouie\/","name":"Congr\u00e8s de la CTA d&rsquo;Argentine\u00a0:Soutien \u00e0 la cause sahraouie - La Sentinelle","isPartOf":{"@id":"https:\/\/lasentinelle.dz\/#website"},"primaryImageOfPage":{"@id":"https:\/\/lasentinelle.dz\/index.php\/2024\/03\/25\/congres-de-la-cta-dargentine-soutien-a-la-cause-sahraouie\/#primaryimage"},"image":{"@id":"https:\/\/lasentinelle.dz\/index.php\/2024\/03\/25\/congres-de-la-cta-dargentine-soutien-a-la-cause-sahraouie\/#primaryimage"},"thumbnailUrl":"https:\/\/lasentinelle.dz\/wp-content\/uploads\/2023\/12\/Sahara-occidental.jpeg","datePublished":"2024-03-25T12:24:24+00:00","dateModified":"2024-03-25T12:24:29+00:00","breadcrumb":{"@id":"https:\/\/lasentinelle.dz\/index.php\/2024\/03\/25\/congres-de-la-cta-dargentine-soutien-a-la-cause-sahraouie\/#breadcrumb"},"inLanguage":"fr-FR","potentialAction":[{"@type":"ReadAction","target":["https:\/\/lasentinelle.dz\/index.php\/2024\/03\/25\/congres-de-la-cta-dargentine-soutien-a-la-cause-sahraouie\/"]}]},{"@type":"ImageObject","inLanguage":"fr-FR","@id":"https:\/\/lasentinelle.dz\/index.php\/2024\/03\/25\/congres-de-la-cta-dargentine-soutien-a-la-cause-sahraouie\/#primaryimage","url":"https:\/\/lasentinelle.dz\/wp-content\/uploads\/2023\/12\/Sahara-occidental.jpeg","contentUrl":"https:\/\/lasentinelle.dz\/wp-content\/uploads\/2023\/12\/Sahara-occidental.jpeg","width":745,"height":470},{"@type":"BreadcrumbList","@id":"https:\/\/lasentinelle.dz\/index.php\/2024\/03\/25\/congres-de-la-cta-dargentine-soutien-a-la-cause-sahraouie\/#breadcrumb","itemListElement":[{"@type":"ListItem","position":1,"name":"Accueil","item":"https:\/\/lasentinelle.dz\/"},{"@type":"ListItem","position":2,"name":"Congr\u00e8s de la CTA d&rsquo;Argentine\u00a0:Soutien \u00e0 la cause sahraouie"}]},{"@type":"WebSite","@id":"https:\/\/lasentinelle.dz\/#website","url":"https:\/\/lasentinelle.dz\/","name":"La Sentinelle","description":"Quotidien national d&#039;information","publisher":{"@id":"https:\/\/lasentinelle.dz\/#organization"},"potentialAction":[{"@type":"SearchAction","target":{"@type":"EntryPoint","urlTemplate":"https:\/\/lasentinelle.dz\/?s={search_term_string}"},"query-input":{"@type":"PropertyValueSpecification","valueRequired":true,"valueName":"search_term_string"}}],"inLanguage":"fr-FR"},{"@type":"Organization","@id":"https:\/\/lasentinelle.dz\/#organization","name":"Quotidien La Sentinelle","url":"https:\/\/lasentinelle.dz\/","logo":{"@type":"ImageObject","inLanguage":"fr-FR","@id":"https:\/\/lasentinelle.dz\/#\/schema\/logo\/image\/","url":"https:\/\/lasentinelle.dz\/wp-content\/uploads\/2021\/09\/logo-sentinelleSLOGAN-1.png","contentUrl":"https:\/\/lasentinelle.dz\/wp-content\/uploads\/2021\/09\/logo-sentinelleSLOGAN-1.png","width":615,"height":142,"caption":"Quotidien La Sentinelle"},"image":{"@id":"https:\/\/lasentinelle.dz\/#\/schema\/logo\/image\/"},"sameAs":["https:\/\/www.facebook.com\/La-Sentinelle-104059864394773"]},{"@type":"Person","@id":"https:\/\/lasentinelle.dz\/#\/schema\/person\/d865044e22e70a75174ce8bcad3acfb3","name":"La Sentinelle","image":{"@type":"ImageObject","inLanguage":"fr-FR","@id":"https:\/\/secure.gravatar.com\/avatar\/57de8e5d4b15d43fb361a71fbb36338450fe67865b528a43dd10ef7c51a20392?s=96&d=mm&r=g","url":"https:\/\/secure.gravatar.com\/avatar\/57de8e5d4b15d43fb361a71fbb36338450fe67865b528a43dd10ef7c51a20392?s=96&d=mm&r=g","contentUrl":"https:\/\/secure.gravatar.com\/avatar\/57de8e5d4b15d43fb361a71fbb36338450fe67865b528a43dd10ef7c51a20392?s=96&d=mm&r=g","caption":"La Sentinelle"},"sameAs":["http:\/\/www.lasentinelle.dz"],"url":"https:\/\/lasentinelle.dz\/author\/redaction\/"}]}},"_links":{"self":[{"href":"https:\/\/lasentinelle.dz\/index.php\/wp-json\/wp\/v2\/posts\/50641","targetHints":{"allow":["GET"]}}],"collection":[{"href":"https:\/\/lasentinelle.dz\/index.php\/wp-json\/wp\/v2\/posts"}],"about":[{"href":"https:\/\/lasentinelle.dz\/index.php\/wp-json\/wp\/v2\/types\/post"}],"author":[{"embeddable":true,"href":"https:\/\/lasentinelle.dz\/index.php\/wp-json\/wp\/v2\/users\/3"}],"replies":[{"embeddable":true,"href":"https:\/\/lasentinelle.dz\/index.php\/wp-json\/wp\/v2\/comments?post=50641"}],"version-history":[{"count":2,"href":"https:\/\/lasentinelle.dz\/index.php\/wp-json\/wp\/v2\/posts\/50641\/revisions"}],"predecessor-version":[{"id":50643,"href":"https:\/\/lasentinelle.dz\/index.php\/wp-json\/wp\/v2\/posts\/50641\/revisions\/50643"}],"wp:featuredmedia":[{"embeddable":true,"href":"https:\/\/lasentinelle.dz\/index.php\/wp-json\/wp\/v2\/media\/47913"}],"wp:attachment":[{"href":"https:\/\/lasentinelle.dz\/index.php\/wp-json\/wp\/v2\/media?parent=50641"}],"wp:term":[{"taxonomy":"category","embeddable":true,"href":"https:\/\/lasentinelle.dz\/index.php\/wp-json\/wp\/v2\/categories?post=50641"},{"taxonomy":"post_tag","embeddable":true,"href":"https:\/\/lasentinelle.dz\/index.php\/wp-json\/wp\/v2\/tags?post=50641"}],"curies":[{"name":"wp","href":"https:\/\/api.w.org\/{rel}","templated":true}]}}