{"id":50667,"date":"2024-03-25T14:39:08","date_gmt":"2024-03-25T13:39:08","guid":{"rendered":"https:\/\/lasentinelle.dz\/?p=50667"},"modified":"2024-03-25T14:39:16","modified_gmt":"2024-03-25T13:39:16","slug":"jil-jadid-construire-notre-avenir-dans-un-etat-de-droit","status":"publish","type":"post","link":"https:\/\/lasentinelle.dz\/index.php\/2024\/03\/25\/jil-jadid-construire-notre-avenir-dans-un-etat-de-droit\/","title":{"rendered":"Jil Jadid\u00a0: \u00ab\u00a0Construire notre avenir dans un \u00c9tat de droit\u00a0\u00bb"},"content":{"rendered":"\n<p>Le pr\u00e9sident de Jil Jadid a insist\u00e9 hier sur la n\u00e9cessit\u00e9 de construire un syst\u00e8me politique assis sur un \u00c9tat de droit et une d\u00e9mocratie assum\u00e9e.<\/p>\n\n\n\n<p>La classe politique s\u2019anime. L\u2019annonce jeudi, par le pr\u00e9sident de la R\u00e9publique d\u2019une \u00e9lection pr\u00e9sidentielle anticip\u00e9e, pr\u00e9vue le 7 septembre prochain, fait r\u00e9agir les partis qui se pr\u00e9parent d\u2019ailleurs \u00e0 cette importante \u00e9ch\u00e9ance.<\/p>\n\n\n\n<p>Alors que de nombreux partis ont salu\u00e9 cette d\u00e9cision, d\u2019autres formations consid\u00e8re cette d\u00e9cision comme importante et souligne la n\u00e9cessit\u00e9 de renforcer le front interne dans ce contexte. C\u2019est le cas du pr\u00e9sident de Jil Jadid Soufiane Djilali&nbsp;qui a soulign\u00e9 hier, dans une intervention sur les ondes de la Radio alg\u00e9rienne, la n\u00e9cessit\u00e9 de renforcer le front interne pour faire face aux menaces auxquelles l\u2019Alg\u00e9rie est expos\u00e9e. Et d\u2019ajouter \u00ab que l\u2019imp\u00e9ratif est de renforcer le front interne, par l\u2019expression politique aidant \u00e0 traiter les d\u00e9faillances, les erreurs et les points faibles de mani\u00e8re \u00e0 ce que l\u2019\u00c9tat assure le progr\u00e8s et une \u00e9volution positive et non pas prendre une forme de consentement syst\u00e9matique \u00bb. Il estima d\u2019ailleurs dans ce contexte que \u00ab soutenir n\u2019est pas forc\u00e9ment s\u2019aligner syst\u00e9matiquement sur une politique donn\u00e9e sur l\u2019aspect positif et sans jamais parler de ses points faibles \u00bb. Il a \u00e9galement estim\u00e9 que l\u2019organisation d\u2019une pr\u00e9sidentielle anticip\u00e9e n\u2019est pas une surprise en soi. &nbsp;\u00ab Maintenant, nous avons en face de nous des \u00e9lections pr\u00e9sidentielles pour la fin de l\u2019ann\u00e9e. Ce n\u2019est pas une surprise que ces \u00e9lections soient anticip\u00e9es de quelques mois, car ce n\u2019est pas cela qui va fondamentalement bouleverser le calendrier \u00e9lectoral, mais se sont les conditions \u00e0 mettre en place pour aller vers un scrutin qui a toute sa valeur \u00bb, a indiqu\u00e9 le pr\u00e9sident de Jil Jadid. Il a dans ce sens soulign\u00e9 que le point focal sur lequel il faut se centrer et la construction du syst\u00e8me politique d\u00e9mocratique assis sur un \u00c9tat de droit.&nbsp; \u00ab Quel syst\u00e8me politique devrons-nous construire et de mani\u00e8re consensuelle qui rassemble la grande majorit\u00e9 des Alg\u00e9riens ? \u00bb, s\u2019interroge-t-il d\u2019ailleurs. Pour lui il est important de construire un syst\u00e8me qui prend en compte les \u00e9l\u00e9ments de bases de la s\u00e9curit\u00e9 nationale, de la stabilit\u00e9 de l\u2019\u00c9tat et d\u2019un fonctionnement assoupli des institutions. &nbsp;\u00ab Maintenant, il faut s\u2019atteler \u00e0 construire notre avenir dans un \u00c9tat de droit, une d\u00e9mocratie assum\u00e9e et construite \u00bb, a-t-il ajout\u00e9.<\/p>\n\n\n\n<p>Soufiane Djilali a regrett\u00e9 le fait que la politique en Alg\u00e9rie passe par une p\u00e9riode de l\u00e9thargie. \u00ab Maintenant, nous avons en face de nous des \u00e9lections pr\u00e9sidentielles pour la fin de l\u2019ann\u00e9e. Ce n\u2019est pas une surprise que ces \u00e9lections soient anticip\u00e9es de quelques mois, car ce n\u2019est pas cela qui va fondamentalement bouleverser le calendrier \u00e9lectoral, mais se sont les conditions a mettre en place pour aller vers un scrutin qui a toute sa valeur \u00bb, a indiqu\u00e9 M. Djilali.<\/p>\n\n\n\n<p>Hocine Fadheli<\/p>\n","protected":false},"excerpt":{"rendered":"<p>Le pr\u00e9sident de Jil Jadid a insist\u00e9 hier sur la n\u00e9cessit\u00e9 de construire un syst\u00e8me politique assis sur un \u00c9tat<\/p>\n","protected":false},"author":3,"featured_media":17377,"comment_status":"open","ping_status":"closed","sticky":false,"template":"","format":"standard","meta":{"colormag_page_container_layout":"default_layout","colormag_page_sidebar_layout":"default_layout","om_disable_all_campaigns":false,"_monsterinsights_skip_tracking":false,"_monsterinsights_sitenote_active":false,"_monsterinsights_sitenote_note":"","_monsterinsights_sitenote_category":0,"footnotes":"","_wpscppro_dont_share_socialmedia":false,"_wpscppro_custom_social_share_image":0,"_facebook_share_type":"","_twitter_share_type":"","_linkedin_share_type":"","_pinterest_share_type":"","_linkedin_share_type_page":"","_instagram_share_type":"","_medium_share_type":"","_threads_share_type":"","_google_business_share_type":"","_selected_social_profile":[],"_wpsp_enable_custom_social_template":false,"_wpsp_social_scheduling":{"enabled":false,"datetime":null,"platforms":[],"status":"template_only","dateOption":"today","timeOption":"now","customDays":"","customHours":"","customDate":"","customTime":"","schedulingType":"absolute"},"_wpsp_active_default_template":true},"categories":[27],"tags":[],"class_list":["post-50667","post","type-post","status-publish","format-standard","has-post-thumbnail","hentry","category-actualite"],"aioseo_notices":[],"yoast_head":"<!-- This site is optimized with the Yoast SEO plugin v27.5 - https:\/\/yoast.com\/product\/yoast-seo-wordpress\/ -->\n<title>Jil Jadid\u00a0: \u00ab\u00a0Construire notre avenir dans un \u00c9tat de droit\u00a0\u00bb - La Sentinelle<\/title>\n<meta name=\"robots\" content=\"index, follow, max-snippet:-1, max-image-preview:large, max-video-preview:-1\" \/>\n<link rel=\"canonical\" href=\"https:\/\/lasentinelle.dz\/index.php\/2024\/03\/25\/jil-jadid-construire-notre-avenir-dans-un-etat-de-droit\/\" \/>\n<meta property=\"og:locale\" content=\"fr_FR\" \/>\n<meta property=\"og:type\" content=\"article\" \/>\n<meta property=\"og:title\" content=\"Jil Jadid\u00a0: \u00ab\u00a0Construire notre avenir dans un \u00c9tat de droit\u00a0\u00bb - La Sentinelle\" \/>\n<meta property=\"og:description\" content=\"Le pr\u00e9sident de Jil Jadid a insist\u00e9 hier sur la n\u00e9cessit\u00e9 de construire un syst\u00e8me politique assis sur un \u00c9tat\" \/>\n<meta property=\"og:url\" content=\"https:\/\/lasentinelle.dz\/index.php\/2024\/03\/25\/jil-jadid-construire-notre-avenir-dans-un-etat-de-droit\/\" \/>\n<meta property=\"og:site_name\" content=\"La Sentinelle\" \/>\n<meta property=\"article:publisher\" content=\"https:\/\/www.facebook.com\/La-Sentinelle-104059864394773\" \/>\n<meta property=\"article:published_time\" content=\"2024-03-25T13:39:08+00:00\" \/>\n<meta property=\"article:modified_time\" content=\"2024-03-25T13:39:16+00:00\" \/>\n<meta property=\"og:image\" content=\"https:\/\/lasentinelle.dz\/wp-content\/uploads\/2022\/02\/djilali.png\" \/>\n\t<meta property=\"og:image:width\" content=\"1351\" \/>\n\t<meta property=\"og:image:height\" content=\"900\" \/>\n\t<meta property=\"og:image:type\" content=\"image\/png\" \/>\n<meta name=\"author\" content=\"La Sentinelle\" \/>\n<meta name=\"twitter:card\" content=\"summary_large_image\" \/>\n<meta name=\"twitter:label1\" content=\"\u00c9crit par\" \/>\n\t<meta name=\"twitter:data1\" content=\"La Sentinelle\" \/>\n\t<meta name=\"twitter:label2\" content=\"Dur\u00e9e de lecture estim\u00e9e\" \/>\n\t<meta name=\"twitter:data2\" content=\"3 minutes\" \/>\n<script type=\"application\/ld+json\" class=\"yoast-schema-graph\">{\"@context\":\"https:\\\/\\\/schema.org\",\"@graph\":[{\"@type\":\"Article\",\"@id\":\"https:\\\/\\\/lasentinelle.dz\\\/index.php\\\/2024\\\/03\\\/25\\\/jil-jadid-construire-notre-avenir-dans-un-etat-de-droit\\\/#article\",\"isPartOf\":{\"@id\":\"https:\\\/\\\/lasentinelle.dz\\\/index.php\\\/2024\\\/03\\\/25\\\/jil-jadid-construire-notre-avenir-dans-un-etat-de-droit\\\/\"},\"author\":{\"name\":\"La Sentinelle\",\"@id\":\"https:\\\/\\\/lasentinelle.dz\\\/#\\\/schema\\\/person\\\/d865044e22e70a75174ce8bcad3acfb3\"},\"headline\":\"Jil Jadid\u00a0: \u00ab\u00a0Construire notre avenir dans un \u00c9tat de droit\u00a0\u00bb\",\"datePublished\":\"2024-03-25T13:39:08+00:00\",\"dateModified\":\"2024-03-25T13:39:16+00:00\",\"mainEntityOfPage\":{\"@id\":\"https:\\\/\\\/lasentinelle.dz\\\/index.php\\\/2024\\\/03\\\/25\\\/jil-jadid-construire-notre-avenir-dans-un-etat-de-droit\\\/\"},\"wordCount\":552,\"commentCount\":0,\"publisher\":{\"@id\":\"https:\\\/\\\/lasentinelle.dz\\\/#organization\"},\"image\":{\"@id\":\"https:\\\/\\\/lasentinelle.dz\\\/index.php\\\/2024\\\/03\\\/25\\\/jil-jadid-construire-notre-avenir-dans-un-etat-de-droit\\\/#primaryimage\"},\"thumbnailUrl\":\"https:\\\/\\\/lasentinelle.dz\\\/wp-content\\\/uploads\\\/2022\\\/02\\\/djilali.png\",\"articleSection\":[\"Actualit\u00e9\"],\"inLanguage\":\"fr-FR\",\"potentialAction\":[{\"@type\":\"CommentAction\",\"name\":\"Comment\",\"target\":[\"https:\\\/\\\/lasentinelle.dz\\\/index.php\\\/2024\\\/03\\\/25\\\/jil-jadid-construire-notre-avenir-dans-un-etat-de-droit\\\/#respond\"]}]},{\"@type\":\"WebPage\",\"@id\":\"https:\\\/\\\/lasentinelle.dz\\\/index.php\\\/2024\\\/03\\\/25\\\/jil-jadid-construire-notre-avenir-dans-un-etat-de-droit\\\/\",\"url\":\"https:\\\/\\\/lasentinelle.dz\\\/index.php\\\/2024\\\/03\\\/25\\\/jil-jadid-construire-notre-avenir-dans-un-etat-de-droit\\\/\",\"name\":\"Jil Jadid\u00a0: \u00ab\u00a0Construire notre avenir dans un \u00c9tat de droit\u00a0\u00bb - La Sentinelle\",\"isPartOf\":{\"@id\":\"https:\\\/\\\/lasentinelle.dz\\\/#website\"},\"primaryImageOfPage\":{\"@id\":\"https:\\\/\\\/lasentinelle.dz\\\/index.php\\\/2024\\\/03\\\/25\\\/jil-jadid-construire-notre-avenir-dans-un-etat-de-droit\\\/#primaryimage\"},\"image\":{\"@id\":\"https:\\\/\\\/lasentinelle.dz\\\/index.php\\\/2024\\\/03\\\/25\\\/jil-jadid-construire-notre-avenir-dans-un-etat-de-droit\\\/#primaryimage\"},\"thumbnailUrl\":\"https:\\\/\\\/lasentinelle.dz\\\/wp-content\\\/uploads\\\/2022\\\/02\\\/djilali.png\",\"datePublished\":\"2024-03-25T13:39:08+00:00\",\"dateModified\":\"2024-03-25T13:39:16+00:00\",\"breadcrumb\":{\"@id\":\"https:\\\/\\\/lasentinelle.dz\\\/index.php\\\/2024\\\/03\\\/25\\\/jil-jadid-construire-notre-avenir-dans-un-etat-de-droit\\\/#breadcrumb\"},\"inLanguage\":\"fr-FR\",\"potentialAction\":[{\"@type\":\"ReadAction\",\"target\":[\"https:\\\/\\\/lasentinelle.dz\\\/index.php\\\/2024\\\/03\\\/25\\\/jil-jadid-construire-notre-avenir-dans-un-etat-de-droit\\\/\"]}]},{\"@type\":\"ImageObject\",\"inLanguage\":\"fr-FR\",\"@id\":\"https:\\\/\\\/lasentinelle.dz\\\/index.php\\\/2024\\\/03\\\/25\\\/jil-jadid-construire-notre-avenir-dans-un-etat-de-droit\\\/#primaryimage\",\"url\":\"https:\\\/\\\/lasentinelle.dz\\\/wp-content\\\/uploads\\\/2022\\\/02\\\/djilali.png\",\"contentUrl\":\"https:\\\/\\\/lasentinelle.dz\\\/wp-content\\\/uploads\\\/2022\\\/02\\\/djilali.png\",\"width\":1351,\"height\":900},{\"@type\":\"BreadcrumbList\",\"@id\":\"https:\\\/\\\/lasentinelle.dz\\\/index.php\\\/2024\\\/03\\\/25\\\/jil-jadid-construire-notre-avenir-dans-un-etat-de-droit\\\/#breadcrumb\",\"itemListElement\":[{\"@type\":\"ListItem\",\"position\":1,\"name\":\"Accueil\",\"item\":\"https:\\\/\\\/lasentinelle.dz\\\/\"},{\"@type\":\"ListItem\",\"position\":2,\"name\":\"Jil Jadid\u00a0: \u00ab\u00a0Construire notre avenir dans un \u00c9tat de droit\u00a0\u00bb\"}]},{\"@type\":\"WebSite\",\"@id\":\"https:\\\/\\\/lasentinelle.dz\\\/#website\",\"url\":\"https:\\\/\\\/lasentinelle.dz\\\/\",\"name\":\"La Sentinelle\",\"description\":\"Quotidien national d&#039;information\",\"publisher\":{\"@id\":\"https:\\\/\\\/lasentinelle.dz\\\/#organization\"},\"potentialAction\":[{\"@type\":\"SearchAction\",\"target\":{\"@type\":\"EntryPoint\",\"urlTemplate\":\"https:\\\/\\\/lasentinelle.dz\\\/?s={search_term_string}\"},\"query-input\":{\"@type\":\"PropertyValueSpecification\",\"valueRequired\":true,\"valueName\":\"search_term_string\"}}],\"inLanguage\":\"fr-FR\"},{\"@type\":\"Organization\",\"@id\":\"https:\\\/\\\/lasentinelle.dz\\\/#organization\",\"name\":\"Quotidien La Sentinelle\",\"url\":\"https:\\\/\\\/lasentinelle.dz\\\/\",\"logo\":{\"@type\":\"ImageObject\",\"inLanguage\":\"fr-FR\",\"@id\":\"https:\\\/\\\/lasentinelle.dz\\\/#\\\/schema\\\/logo\\\/image\\\/\",\"url\":\"https:\\\/\\\/lasentinelle.dz\\\/wp-content\\\/uploads\\\/2021\\\/09\\\/logo-sentinelleSLOGAN-1.png\",\"contentUrl\":\"https:\\\/\\\/lasentinelle.dz\\\/wp-content\\\/uploads\\\/2021\\\/09\\\/logo-sentinelleSLOGAN-1.png\",\"width\":615,\"height\":142,\"caption\":\"Quotidien La Sentinelle\"},\"image\":{\"@id\":\"https:\\\/\\\/lasentinelle.dz\\\/#\\\/schema\\\/logo\\\/image\\\/\"},\"sameAs\":[\"https:\\\/\\\/www.facebook.com\\\/La-Sentinelle-104059864394773\"]},{\"@type\":\"Person\",\"@id\":\"https:\\\/\\\/lasentinelle.dz\\\/#\\\/schema\\\/person\\\/d865044e22e70a75174ce8bcad3acfb3\",\"name\":\"La Sentinelle\",\"image\":{\"@type\":\"ImageObject\",\"inLanguage\":\"fr-FR\",\"@id\":\"https:\\\/\\\/secure.gravatar.com\\\/avatar\\\/57de8e5d4b15d43fb361a71fbb36338450fe67865b528a43dd10ef7c51a20392?s=96&d=mm&r=g\",\"url\":\"https:\\\/\\\/secure.gravatar.com\\\/avatar\\\/57de8e5d4b15d43fb361a71fbb36338450fe67865b528a43dd10ef7c51a20392?s=96&d=mm&r=g\",\"contentUrl\":\"https:\\\/\\\/secure.gravatar.com\\\/avatar\\\/57de8e5d4b15d43fb361a71fbb36338450fe67865b528a43dd10ef7c51a20392?s=96&d=mm&r=g\",\"caption\":\"La Sentinelle\"},\"sameAs\":[\"http:\\\/\\\/www.lasentinelle.dz\"],\"url\":\"https:\\\/\\\/lasentinelle.dz\\\/author\\\/redaction\\\/\"}]}<\/script>\n<!-- \/ Yoast SEO plugin. -->","yoast_head_json":{"title":"Jil Jadid\u00a0: \u00ab\u00a0Construire notre avenir dans un \u00c9tat de droit\u00a0\u00bb - La Sentinelle","robots":{"index":"index","follow":"follow","max-snippet":"max-snippet:-1","max-image-preview":"max-image-preview:large","max-video-preview":"max-video-preview:-1"},"canonical":"https:\/\/lasentinelle.dz\/index.php\/2024\/03\/25\/jil-jadid-construire-notre-avenir-dans-un-etat-de-droit\/","og_locale":"fr_FR","og_type":"article","og_title":"Jil Jadid\u00a0: \u00ab\u00a0Construire notre avenir dans un \u00c9tat de droit\u00a0\u00bb - La Sentinelle","og_description":"Le pr\u00e9sident de Jil Jadid a insist\u00e9 hier sur la n\u00e9cessit\u00e9 de construire un syst\u00e8me politique assis sur un \u00c9tat","og_url":"https:\/\/lasentinelle.dz\/index.php\/2024\/03\/25\/jil-jadid-construire-notre-avenir-dans-un-etat-de-droit\/","og_site_name":"La Sentinelle","article_publisher":"https:\/\/www.facebook.com\/La-Sentinelle-104059864394773","article_published_time":"2024-03-25T13:39:08+00:00","article_modified_time":"2024-03-25T13:39:16+00:00","og_image":[{"width":1351,"height":900,"url":"https:\/\/lasentinelle.dz\/wp-content\/uploads\/2022\/02\/djilali.png","type":"image\/png"}],"author":"La Sentinelle","twitter_card":"summary_large_image","twitter_misc":{"\u00c9crit par":"La Sentinelle","Dur\u00e9e de lecture estim\u00e9e":"3 minutes"},"schema":{"@context":"https:\/\/schema.org","@graph":[{"@type":"Article","@id":"https:\/\/lasentinelle.dz\/index.php\/2024\/03\/25\/jil-jadid-construire-notre-avenir-dans-un-etat-de-droit\/#article","isPartOf":{"@id":"https:\/\/lasentinelle.dz\/index.php\/2024\/03\/25\/jil-jadid-construire-notre-avenir-dans-un-etat-de-droit\/"},"author":{"name":"La Sentinelle","@id":"https:\/\/lasentinelle.dz\/#\/schema\/person\/d865044e22e70a75174ce8bcad3acfb3"},"headline":"Jil Jadid\u00a0: \u00ab\u00a0Construire notre avenir dans un \u00c9tat de droit\u00a0\u00bb","datePublished":"2024-03-25T13:39:08+00:00","dateModified":"2024-03-25T13:39:16+00:00","mainEntityOfPage":{"@id":"https:\/\/lasentinelle.dz\/index.php\/2024\/03\/25\/jil-jadid-construire-notre-avenir-dans-un-etat-de-droit\/"},"wordCount":552,"commentCount":0,"publisher":{"@id":"https:\/\/lasentinelle.dz\/#organization"},"image":{"@id":"https:\/\/lasentinelle.dz\/index.php\/2024\/03\/25\/jil-jadid-construire-notre-avenir-dans-un-etat-de-droit\/#primaryimage"},"thumbnailUrl":"https:\/\/lasentinelle.dz\/wp-content\/uploads\/2022\/02\/djilali.png","articleSection":["Actualit\u00e9"],"inLanguage":"fr-FR","potentialAction":[{"@type":"CommentAction","name":"Comment","target":["https:\/\/lasentinelle.dz\/index.php\/2024\/03\/25\/jil-jadid-construire-notre-avenir-dans-un-etat-de-droit\/#respond"]}]},{"@type":"WebPage","@id":"https:\/\/lasentinelle.dz\/index.php\/2024\/03\/25\/jil-jadid-construire-notre-avenir-dans-un-etat-de-droit\/","url":"https:\/\/lasentinelle.dz\/index.php\/2024\/03\/25\/jil-jadid-construire-notre-avenir-dans-un-etat-de-droit\/","name":"Jil Jadid\u00a0: \u00ab\u00a0Construire notre avenir dans un \u00c9tat de droit\u00a0\u00bb - La Sentinelle","isPartOf":{"@id":"https:\/\/lasentinelle.dz\/#website"},"primaryImageOfPage":{"@id":"https:\/\/lasentinelle.dz\/index.php\/2024\/03\/25\/jil-jadid-construire-notre-avenir-dans-un-etat-de-droit\/#primaryimage"},"image":{"@id":"https:\/\/lasentinelle.dz\/index.php\/2024\/03\/25\/jil-jadid-construire-notre-avenir-dans-un-etat-de-droit\/#primaryimage"},"thumbnailUrl":"https:\/\/lasentinelle.dz\/wp-content\/uploads\/2022\/02\/djilali.png","datePublished":"2024-03-25T13:39:08+00:00","dateModified":"2024-03-25T13:39:16+00:00","breadcrumb":{"@id":"https:\/\/lasentinelle.dz\/index.php\/2024\/03\/25\/jil-jadid-construire-notre-avenir-dans-un-etat-de-droit\/#breadcrumb"},"inLanguage":"fr-FR","potentialAction":[{"@type":"ReadAction","target":["https:\/\/lasentinelle.dz\/index.php\/2024\/03\/25\/jil-jadid-construire-notre-avenir-dans-un-etat-de-droit\/"]}]},{"@type":"ImageObject","inLanguage":"fr-FR","@id":"https:\/\/lasentinelle.dz\/index.php\/2024\/03\/25\/jil-jadid-construire-notre-avenir-dans-un-etat-de-droit\/#primaryimage","url":"https:\/\/lasentinelle.dz\/wp-content\/uploads\/2022\/02\/djilali.png","contentUrl":"https:\/\/lasentinelle.dz\/wp-content\/uploads\/2022\/02\/djilali.png","width":1351,"height":900},{"@type":"BreadcrumbList","@id":"https:\/\/lasentinelle.dz\/index.php\/2024\/03\/25\/jil-jadid-construire-notre-avenir-dans-un-etat-de-droit\/#breadcrumb","itemListElement":[{"@type":"ListItem","position":1,"name":"Accueil","item":"https:\/\/lasentinelle.dz\/"},{"@type":"ListItem","position":2,"name":"Jil Jadid\u00a0: \u00ab\u00a0Construire notre avenir dans un \u00c9tat de droit\u00a0\u00bb"}]},{"@type":"WebSite","@id":"https:\/\/lasentinelle.dz\/#website","url":"https:\/\/lasentinelle.dz\/","name":"La Sentinelle","description":"Quotidien national d&#039;information","publisher":{"@id":"https:\/\/lasentinelle.dz\/#organization"},"potentialAction":[{"@type":"SearchAction","target":{"@type":"EntryPoint","urlTemplate":"https:\/\/lasentinelle.dz\/?s={search_term_string}"},"query-input":{"@type":"PropertyValueSpecification","valueRequired":true,"valueName":"search_term_string"}}],"inLanguage":"fr-FR"},{"@type":"Organization","@id":"https:\/\/lasentinelle.dz\/#organization","name":"Quotidien La Sentinelle","url":"https:\/\/lasentinelle.dz\/","logo":{"@type":"ImageObject","inLanguage":"fr-FR","@id":"https:\/\/lasentinelle.dz\/#\/schema\/logo\/image\/","url":"https:\/\/lasentinelle.dz\/wp-content\/uploads\/2021\/09\/logo-sentinelleSLOGAN-1.png","contentUrl":"https:\/\/lasentinelle.dz\/wp-content\/uploads\/2021\/09\/logo-sentinelleSLOGAN-1.png","width":615,"height":142,"caption":"Quotidien La Sentinelle"},"image":{"@id":"https:\/\/lasentinelle.dz\/#\/schema\/logo\/image\/"},"sameAs":["https:\/\/www.facebook.com\/La-Sentinelle-104059864394773"]},{"@type":"Person","@id":"https:\/\/lasentinelle.dz\/#\/schema\/person\/d865044e22e70a75174ce8bcad3acfb3","name":"La Sentinelle","image":{"@type":"ImageObject","inLanguage":"fr-FR","@id":"https:\/\/secure.gravatar.com\/avatar\/57de8e5d4b15d43fb361a71fbb36338450fe67865b528a43dd10ef7c51a20392?s=96&d=mm&r=g","url":"https:\/\/secure.gravatar.com\/avatar\/57de8e5d4b15d43fb361a71fbb36338450fe67865b528a43dd10ef7c51a20392?s=96&d=mm&r=g","contentUrl":"https:\/\/secure.gravatar.com\/avatar\/57de8e5d4b15d43fb361a71fbb36338450fe67865b528a43dd10ef7c51a20392?s=96&d=mm&r=g","caption":"La Sentinelle"},"sameAs":["http:\/\/www.lasentinelle.dz"],"url":"https:\/\/lasentinelle.dz\/author\/redaction\/"}]}},"_links":{"self":[{"href":"https:\/\/lasentinelle.dz\/index.php\/wp-json\/wp\/v2\/posts\/50667","targetHints":{"allow":["GET"]}}],"collection":[{"href":"https:\/\/lasentinelle.dz\/index.php\/wp-json\/wp\/v2\/posts"}],"about":[{"href":"https:\/\/lasentinelle.dz\/index.php\/wp-json\/wp\/v2\/types\/post"}],"author":[{"embeddable":true,"href":"https:\/\/lasentinelle.dz\/index.php\/wp-json\/wp\/v2\/users\/3"}],"replies":[{"embeddable":true,"href":"https:\/\/lasentinelle.dz\/index.php\/wp-json\/wp\/v2\/comments?post=50667"}],"version-history":[{"count":1,"href":"https:\/\/lasentinelle.dz\/index.php\/wp-json\/wp\/v2\/posts\/50667\/revisions"}],"predecessor-version":[{"id":50668,"href":"https:\/\/lasentinelle.dz\/index.php\/wp-json\/wp\/v2\/posts\/50667\/revisions\/50668"}],"wp:featuredmedia":[{"embeddable":true,"href":"https:\/\/lasentinelle.dz\/index.php\/wp-json\/wp\/v2\/media\/17377"}],"wp:attachment":[{"href":"https:\/\/lasentinelle.dz\/index.php\/wp-json\/wp\/v2\/media?parent=50667"}],"wp:term":[{"taxonomy":"category","embeddable":true,"href":"https:\/\/lasentinelle.dz\/index.php\/wp-json\/wp\/v2\/categories?post=50667"},{"taxonomy":"post_tag","embeddable":true,"href":"https:\/\/lasentinelle.dz\/index.php\/wp-json\/wp\/v2\/tags?post=50667"}],"curies":[{"name":"wp","href":"https:\/\/api.w.org\/{rel}","templated":true}]}}