{"id":50672,"date":"2024-03-25T14:41:42","date_gmt":"2024-03-25T13:41:42","guid":{"rendered":"https:\/\/lasentinelle.dz\/?p=50672"},"modified":"2024-03-25T14:41:45","modified_gmt":"2024-03-25T13:41:45","slug":"le-projet-de-loi-cadre-relative-a-la-prevention-et-aux-risques-sanitaires-le-texte-bientot-adopte","status":"publish","type":"post","link":"https:\/\/lasentinelle.dz\/index.php\/2024\/03\/25\/le-projet-de-loi-cadre-relative-a-la-prevention-et-aux-risques-sanitaires-le-texte-bientot-adopte\/","title":{"rendered":"Le projet de loi-cadre relative \u00e0 la pr\u00e9vention et aux risques sanitaires\u00a0: Le texte bient\u00f4t adopt\u00e9"},"content":{"rendered":"\n<p>Le ministre de la Sant\u00e9, Abdelhak Sa\u00efhi, a indiqu\u00e9 hier en marge de la c\u00e9r\u00e9monie organis\u00e9e \u00e0 l\u2019occasion de la Journ\u00e9e mondiale de la tuberculose, que le projet de loi-cadre relative \u00e0 la pr\u00e9vention et aux risques sanitaires sera bient\u00f4t adopt\u00e9 par le gouvernement. Il a pr\u00e9cis\u00e9 que le texte \u00ab\u00a0est actuellement au niveau du secr\u00e9tariat g\u00e9n\u00e9ral du gouvernement\u00a0\u00bb ET qu&rsquo;il \u00ab\u00a0sera adopt\u00e9 dans quelques jours par le gouvernement, avant d&rsquo;\u00eatre soumis au Conseil des ministres\u00a0\u00bb. Rappelons que le ministre de la Sant\u00e9 avait install\u00e9 en octobre dernier, un Comit\u00e9 charg\u00e9 d&rsquo;\u00e9laborer le projet de loi-cadre relative \u00e0 la pr\u00e9vention et aux risques sanitaires. L\u2019objectif du texte est d\u2019am\u00e9liorer le cadre de pr\u00e9vention afin de r\u00e9duire les risques de transmission des maladies et infections en milieux hospitaliers et lors des traitements, ainsi que de prot\u00e9ger les patients et les professionnels de sant\u00e9 des maladies nosocomiales. Dans ce sens, le ministre de la Sant\u00e9 a mis l&rsquo;accent sur l&rsquo;importance de l&rsquo;implication des secteurs concern\u00e9s pour r\u00e9duire les infections et prot\u00e9ger les patients ainsi que les professionnels de la sant\u00e9, soulignant que ladite loi permettra de \u00ab\u00a0d\u00e9finir le r\u00f4le et la responsabilit\u00e9 de chaque secteur\u00a0\u00bb.<\/p>\n\n\n\n<p>Concernant la lutte contre la tuberculose, Abdelhak Saihi, a a r\u00e9affirm\u00e9 l&rsquo;engagement de l&rsquo;Etat \u00e0 poursuivre les efforts visant \u00e0 \u00e9liminer cette maladie. Le ministre a indiqu\u00e9qu&rsquo;au cours de la derni\u00e8re d\u00e9cennie, l&rsquo;Alg\u00e9rie a connu \u00ab\u00a0une baisse des cas de tuberculose pulmonaire contagieuse, tandis que les cas de tuberculose non pulmonaire signal\u00e9s continuent d&rsquo;augmenter, ce qui est souvent plus suppos\u00e9 que prouv\u00e9 ajoutant que les r\u00e9sultats du programme national qui donne la priorit\u00e9 au d\u00e9pistage et au traitement des cas contagieux, sont satisfaisants, le taux d&rsquo;atteinte \u00e9tant estim\u00e9 en 2023, \u00e0 9,4 cas pour 100.000 habitants, un chiffre qui n&rsquo;a pas \u00e9t\u00e9 atteint depuis l&rsquo;ind\u00e9pendance\u00a0\u00bb. \u00ab\u00a0L&rsquo;objectif trac\u00e9 pour l&rsquo;\u00e9limination de la tuberculose en Alg\u00e9rie rel\u00e8ve de l&rsquo;engagement constant de l&rsquo;Etat. C&rsquo;est l&rsquo;une des principales priorit\u00e9s du minist\u00e8re de la Sant\u00e9. La c\u00e9l\u00e9bration de cette journ\u00e9e pour la deuxi\u00e8me ann\u00e9e cons\u00e9cutive sous le th\u00e8me \u00ab\u00a0Oui ! Nous pouvons mettre fin \u00e0 la tuberculose\u00a0\u00bb avec un slogan national \u00ab\u00a0une meilleure protection pour tous pour mettre fin \u00e0 la tuberculose\u00a0\u00bb t\u00e9moigne de notre engagement \u00e0 poursuivre la lutte contre cette maladie\u00a0\u00bb, a poursuivi le ministre. Saihi a \u00e9galement soulign\u00e9 que dans le souci d&rsquo;\u00e9liminer cette maladie en tant que probl\u00e8me de sant\u00e9 publique d&rsquo;ici 2035, l&rsquo;\u00e9valuation du Plan strat\u00e9gique national de lutte contre la tuberculose 2020-2024 a \u00e9t\u00e9 r\u00e9alis\u00e9e, et un nouveau plan est actuellement en cours d&rsquo;\u00e9laboration pour atteindre les objectifs strat\u00e9giques \u00e0 savoir le \u00ab\u00a0renforcement des capacit\u00e9s techniques et administratives du programme national de lutte contre la tuberculose \u00e0 tous les niveaux, le renforcement du syst\u00e8me de surveillance, l&rsquo;am\u00e9lioration du d\u00e9pistage de la tuberculose, l&rsquo;am\u00e9lioration de la prise en charge de la tuberculose, le renforcement de la recherche op\u00e9rationnelle et le renforcement des mesures pr\u00e9ventives\u00a0\u00bb. Les orientations nationales pour le traitement de la tuberculose mises en &nbsp;place par les experts, ont \u00e9t\u00e9 \u00ab\u00a0distribu\u00e9es \u00e0 l&rsquo;ensemble du personnel de sant\u00e9 dans le domaine de la lutte contre la tuberculose\u00a0\u00bb, a-t-il dit, soulignant que cette journ\u00e9e est une occasion pour \u00ab\u00a0consolider les acquis et sensibiliser \u00e0 la pr\u00e9vention de la maladie\u00a0\u00bb, d&rsquo;autant plus qu\u2019elle est c\u00e9l\u00e9br\u00e9e dans toutes les wilayas \u00e0 travers une campagne d&rsquo;information, d&rsquo;\u00e9ducation et de communication sur la pr\u00e9vention et la prise en charge de la tuberculose. Pour sa part, le responsable du Programme national de lutte contre la tuberculose, Pr. Sofiane Ali Halassa, a indiqu\u00e9 que \u00ab\u00a0les recommandations nationales ont \u00e9t\u00e9 renouvel\u00e9es pour se conformer aux recommandations de l&rsquo;Organisation mondiale de la sant\u00e9 (OMS)\u00a0\u00bb, ajoutant que \u00ab\u00a0tous les traitements qui seront administr\u00e9s aux patients seront chang\u00e9s et que le diagnostic se fera d\u00e9sormais par des tests rapides.\u00a0\u00bb \u00ab\u00a0En 2023, 18572 cas ont \u00e9t\u00e9 enregistr\u00e9s, dont un quart a \u00e9t\u00e9 diagnostiqu\u00e9 avec une tuberculose pulmonaire et le reste avec une tuberculose non pulmonaire\u00a0\u00bb, a-t-il rappel\u00e9, notant que la tuberculose pulmonaire \u00ab\u00a0continue \u00e0 r\u00e9gresser par rapport au d\u00e9but du mill\u00e9naire, alors que la tuberculose non pulmonaire est en augmentation.\u00a0\u00bb<\/p>\n\n\n\n<p>Samir Benisid<\/p>\n","protected":false},"excerpt":{"rendered":"<p>Le ministre de la Sant\u00e9, Abdelhak Sa\u00efhi, a indiqu\u00e9 hier en marge de la c\u00e9r\u00e9monie organis\u00e9e \u00e0 l\u2019occasion de la<\/p>\n","protected":false},"author":3,"featured_media":35776,"comment_status":"open","ping_status":"closed","sticky":false,"template":"","format":"standard","meta":{"colormag_page_container_layout":"default_layout","colormag_page_sidebar_layout":"default_layout","om_disable_all_campaigns":false,"_monsterinsights_skip_tracking":false,"_monsterinsights_sitenote_active":false,"_monsterinsights_sitenote_note":"","_monsterinsights_sitenote_category":0,"footnotes":"","_wpscppro_dont_share_socialmedia":false,"_wpscppro_custom_social_share_image":0,"_facebook_share_type":"","_twitter_share_type":"","_linkedin_share_type":"","_pinterest_share_type":"","_linkedin_share_type_page":"","_instagram_share_type":"","_medium_share_type":"","_threads_share_type":"","_google_business_share_type":"","_selected_social_profile":[],"_wpsp_enable_custom_social_template":false,"_wpsp_social_scheduling":{"enabled":false,"datetime":null,"platforms":[],"status":"template_only","dateOption":"today","timeOption":"now","customDays":"","customHours":"","customDate":"","customTime":"","schedulingType":"absolute"},"_wpsp_active_default_template":true},"categories":[27],"tags":[],"class_list":["post-50672","post","type-post","status-publish","format-standard","has-post-thumbnail","hentry","category-actualite"],"aioseo_notices":[],"yoast_head":"<!-- This site is optimized with the Yoast SEO plugin v27.5 - https:\/\/yoast.com\/product\/yoast-seo-wordpress\/ -->\n<title>Le projet de loi-cadre relative \u00e0 la pr\u00e9vention et aux risques sanitaires\u00a0: Le texte bient\u00f4t adopt\u00e9 - La Sentinelle<\/title>\n<meta name=\"robots\" content=\"index, follow, max-snippet:-1, max-image-preview:large, max-video-preview:-1\" \/>\n<link rel=\"canonical\" href=\"https:\/\/lasentinelle.dz\/index.php\/2024\/03\/25\/le-projet-de-loi-cadre-relative-a-la-prevention-et-aux-risques-sanitaires-le-texte-bientot-adopte\/\" \/>\n<meta property=\"og:locale\" content=\"fr_FR\" \/>\n<meta property=\"og:type\" content=\"article\" \/>\n<meta property=\"og:title\" content=\"Le projet de loi-cadre relative \u00e0 la pr\u00e9vention et aux risques sanitaires\u00a0: Le texte bient\u00f4t adopt\u00e9 - La Sentinelle\" \/>\n<meta property=\"og:description\" content=\"Le ministre de la Sant\u00e9, Abdelhak Sa\u00efhi, a indiqu\u00e9 hier en marge de la c\u00e9r\u00e9monie organis\u00e9e \u00e0 l\u2019occasion de la\" \/>\n<meta property=\"og:url\" content=\"https:\/\/lasentinelle.dz\/index.php\/2024\/03\/25\/le-projet-de-loi-cadre-relative-a-la-prevention-et-aux-risques-sanitaires-le-texte-bientot-adopte\/\" \/>\n<meta property=\"og:site_name\" content=\"La Sentinelle\" \/>\n<meta property=\"article:publisher\" content=\"https:\/\/www.facebook.com\/La-Sentinelle-104059864394773\" \/>\n<meta property=\"article:published_time\" content=\"2024-03-25T13:41:42+00:00\" \/>\n<meta property=\"article:modified_time\" content=\"2024-03-25T13:41:45+00:00\" \/>\n<meta property=\"og:image\" content=\"https:\/\/lasentinelle.dz\/wp-content\/uploads\/2023\/02\/saihi.png\" \/>\n\t<meta property=\"og:image:width\" content=\"1351\" \/>\n\t<meta property=\"og:image:height\" content=\"900\" \/>\n\t<meta property=\"og:image:type\" content=\"image\/png\" \/>\n<meta name=\"author\" content=\"La Sentinelle\" \/>\n<meta name=\"twitter:card\" content=\"summary_large_image\" \/>\n<meta name=\"twitter:label1\" content=\"\u00c9crit par\" \/>\n\t<meta name=\"twitter:data1\" content=\"La Sentinelle\" \/>\n\t<meta name=\"twitter:label2\" content=\"Dur\u00e9e de lecture estim\u00e9e\" \/>\n\t<meta name=\"twitter:data2\" content=\"4 minutes\" \/>\n<script type=\"application\/ld+json\" class=\"yoast-schema-graph\">{\"@context\":\"https:\\\/\\\/schema.org\",\"@graph\":[{\"@type\":\"Article\",\"@id\":\"https:\\\/\\\/lasentinelle.dz\\\/index.php\\\/2024\\\/03\\\/25\\\/le-projet-de-loi-cadre-relative-a-la-prevention-et-aux-risques-sanitaires-le-texte-bientot-adopte\\\/#article\",\"isPartOf\":{\"@id\":\"https:\\\/\\\/lasentinelle.dz\\\/index.php\\\/2024\\\/03\\\/25\\\/le-projet-de-loi-cadre-relative-a-la-prevention-et-aux-risques-sanitaires-le-texte-bientot-adopte\\\/\"},\"author\":{\"name\":\"La Sentinelle\",\"@id\":\"https:\\\/\\\/lasentinelle.dz\\\/#\\\/schema\\\/person\\\/d865044e22e70a75174ce8bcad3acfb3\"},\"headline\":\"Le projet de loi-cadre relative \u00e0 la pr\u00e9vention et aux risques sanitaires\u00a0: Le texte bient\u00f4t adopt\u00e9\",\"datePublished\":\"2024-03-25T13:41:42+00:00\",\"dateModified\":\"2024-03-25T13:41:45+00:00\",\"mainEntityOfPage\":{\"@id\":\"https:\\\/\\\/lasentinelle.dz\\\/index.php\\\/2024\\\/03\\\/25\\\/le-projet-de-loi-cadre-relative-a-la-prevention-et-aux-risques-sanitaires-le-texte-bientot-adopte\\\/\"},\"wordCount\":773,\"commentCount\":0,\"publisher\":{\"@id\":\"https:\\\/\\\/lasentinelle.dz\\\/#organization\"},\"image\":{\"@id\":\"https:\\\/\\\/lasentinelle.dz\\\/index.php\\\/2024\\\/03\\\/25\\\/le-projet-de-loi-cadre-relative-a-la-prevention-et-aux-risques-sanitaires-le-texte-bientot-adopte\\\/#primaryimage\"},\"thumbnailUrl\":\"https:\\\/\\\/lasentinelle.dz\\\/wp-content\\\/uploads\\\/2023\\\/02\\\/saihi.png\",\"articleSection\":[\"Actualit\u00e9\"],\"inLanguage\":\"fr-FR\",\"potentialAction\":[{\"@type\":\"CommentAction\",\"name\":\"Comment\",\"target\":[\"https:\\\/\\\/lasentinelle.dz\\\/index.php\\\/2024\\\/03\\\/25\\\/le-projet-de-loi-cadre-relative-a-la-prevention-et-aux-risques-sanitaires-le-texte-bientot-adopte\\\/#respond\"]}]},{\"@type\":\"WebPage\",\"@id\":\"https:\\\/\\\/lasentinelle.dz\\\/index.php\\\/2024\\\/03\\\/25\\\/le-projet-de-loi-cadre-relative-a-la-prevention-et-aux-risques-sanitaires-le-texte-bientot-adopte\\\/\",\"url\":\"https:\\\/\\\/lasentinelle.dz\\\/index.php\\\/2024\\\/03\\\/25\\\/le-projet-de-loi-cadre-relative-a-la-prevention-et-aux-risques-sanitaires-le-texte-bientot-adopte\\\/\",\"name\":\"Le projet de loi-cadre relative \u00e0 la pr\u00e9vention et aux risques sanitaires\u00a0: Le texte bient\u00f4t adopt\u00e9 - La Sentinelle\",\"isPartOf\":{\"@id\":\"https:\\\/\\\/lasentinelle.dz\\\/#website\"},\"primaryImageOfPage\":{\"@id\":\"https:\\\/\\\/lasentinelle.dz\\\/index.php\\\/2024\\\/03\\\/25\\\/le-projet-de-loi-cadre-relative-a-la-prevention-et-aux-risques-sanitaires-le-texte-bientot-adopte\\\/#primaryimage\"},\"image\":{\"@id\":\"https:\\\/\\\/lasentinelle.dz\\\/index.php\\\/2024\\\/03\\\/25\\\/le-projet-de-loi-cadre-relative-a-la-prevention-et-aux-risques-sanitaires-le-texte-bientot-adopte\\\/#primaryimage\"},\"thumbnailUrl\":\"https:\\\/\\\/lasentinelle.dz\\\/wp-content\\\/uploads\\\/2023\\\/02\\\/saihi.png\",\"datePublished\":\"2024-03-25T13:41:42+00:00\",\"dateModified\":\"2024-03-25T13:41:45+00:00\",\"breadcrumb\":{\"@id\":\"https:\\\/\\\/lasentinelle.dz\\\/index.php\\\/2024\\\/03\\\/25\\\/le-projet-de-loi-cadre-relative-a-la-prevention-et-aux-risques-sanitaires-le-texte-bientot-adopte\\\/#breadcrumb\"},\"inLanguage\":\"fr-FR\",\"potentialAction\":[{\"@type\":\"ReadAction\",\"target\":[\"https:\\\/\\\/lasentinelle.dz\\\/index.php\\\/2024\\\/03\\\/25\\\/le-projet-de-loi-cadre-relative-a-la-prevention-et-aux-risques-sanitaires-le-texte-bientot-adopte\\\/\"]}]},{\"@type\":\"ImageObject\",\"inLanguage\":\"fr-FR\",\"@id\":\"https:\\\/\\\/lasentinelle.dz\\\/index.php\\\/2024\\\/03\\\/25\\\/le-projet-de-loi-cadre-relative-a-la-prevention-et-aux-risques-sanitaires-le-texte-bientot-adopte\\\/#primaryimage\",\"url\":\"https:\\\/\\\/lasentinelle.dz\\\/wp-content\\\/uploads\\\/2023\\\/02\\\/saihi.png\",\"contentUrl\":\"https:\\\/\\\/lasentinelle.dz\\\/wp-content\\\/uploads\\\/2023\\\/02\\\/saihi.png\",\"width\":1351,\"height\":900},{\"@type\":\"BreadcrumbList\",\"@id\":\"https:\\\/\\\/lasentinelle.dz\\\/index.php\\\/2024\\\/03\\\/25\\\/le-projet-de-loi-cadre-relative-a-la-prevention-et-aux-risques-sanitaires-le-texte-bientot-adopte\\\/#breadcrumb\",\"itemListElement\":[{\"@type\":\"ListItem\",\"position\":1,\"name\":\"Accueil\",\"item\":\"https:\\\/\\\/lasentinelle.dz\\\/\"},{\"@type\":\"ListItem\",\"position\":2,\"name\":\"Le projet de loi-cadre relative \u00e0 la pr\u00e9vention et aux risques sanitaires\u00a0: Le texte bient\u00f4t adopt\u00e9\"}]},{\"@type\":\"WebSite\",\"@id\":\"https:\\\/\\\/lasentinelle.dz\\\/#website\",\"url\":\"https:\\\/\\\/lasentinelle.dz\\\/\",\"name\":\"La Sentinelle\",\"description\":\"Quotidien national d&#039;information\",\"publisher\":{\"@id\":\"https:\\\/\\\/lasentinelle.dz\\\/#organization\"},\"potentialAction\":[{\"@type\":\"SearchAction\",\"target\":{\"@type\":\"EntryPoint\",\"urlTemplate\":\"https:\\\/\\\/lasentinelle.dz\\\/?s={search_term_string}\"},\"query-input\":{\"@type\":\"PropertyValueSpecification\",\"valueRequired\":true,\"valueName\":\"search_term_string\"}}],\"inLanguage\":\"fr-FR\"},{\"@type\":\"Organization\",\"@id\":\"https:\\\/\\\/lasentinelle.dz\\\/#organization\",\"name\":\"Quotidien La Sentinelle\",\"url\":\"https:\\\/\\\/lasentinelle.dz\\\/\",\"logo\":{\"@type\":\"ImageObject\",\"inLanguage\":\"fr-FR\",\"@id\":\"https:\\\/\\\/lasentinelle.dz\\\/#\\\/schema\\\/logo\\\/image\\\/\",\"url\":\"https:\\\/\\\/lasentinelle.dz\\\/wp-content\\\/uploads\\\/2021\\\/09\\\/logo-sentinelleSLOGAN-1.png\",\"contentUrl\":\"https:\\\/\\\/lasentinelle.dz\\\/wp-content\\\/uploads\\\/2021\\\/09\\\/logo-sentinelleSLOGAN-1.png\",\"width\":615,\"height\":142,\"caption\":\"Quotidien La Sentinelle\"},\"image\":{\"@id\":\"https:\\\/\\\/lasentinelle.dz\\\/#\\\/schema\\\/logo\\\/image\\\/\"},\"sameAs\":[\"https:\\\/\\\/www.facebook.com\\\/La-Sentinelle-104059864394773\"]},{\"@type\":\"Person\",\"@id\":\"https:\\\/\\\/lasentinelle.dz\\\/#\\\/schema\\\/person\\\/d865044e22e70a75174ce8bcad3acfb3\",\"name\":\"La Sentinelle\",\"image\":{\"@type\":\"ImageObject\",\"inLanguage\":\"fr-FR\",\"@id\":\"https:\\\/\\\/secure.gravatar.com\\\/avatar\\\/57de8e5d4b15d43fb361a71fbb36338450fe67865b528a43dd10ef7c51a20392?s=96&d=mm&r=g\",\"url\":\"https:\\\/\\\/secure.gravatar.com\\\/avatar\\\/57de8e5d4b15d43fb361a71fbb36338450fe67865b528a43dd10ef7c51a20392?s=96&d=mm&r=g\",\"contentUrl\":\"https:\\\/\\\/secure.gravatar.com\\\/avatar\\\/57de8e5d4b15d43fb361a71fbb36338450fe67865b528a43dd10ef7c51a20392?s=96&d=mm&r=g\",\"caption\":\"La Sentinelle\"},\"sameAs\":[\"http:\\\/\\\/www.lasentinelle.dz\"],\"url\":\"https:\\\/\\\/lasentinelle.dz\\\/author\\\/redaction\\\/\"}]}<\/script>\n<!-- \/ Yoast SEO plugin. -->","yoast_head_json":{"title":"Le projet de loi-cadre relative \u00e0 la pr\u00e9vention et aux risques sanitaires\u00a0: Le texte bient\u00f4t adopt\u00e9 - La Sentinelle","robots":{"index":"index","follow":"follow","max-snippet":"max-snippet:-1","max-image-preview":"max-image-preview:large","max-video-preview":"max-video-preview:-1"},"canonical":"https:\/\/lasentinelle.dz\/index.php\/2024\/03\/25\/le-projet-de-loi-cadre-relative-a-la-prevention-et-aux-risques-sanitaires-le-texte-bientot-adopte\/","og_locale":"fr_FR","og_type":"article","og_title":"Le projet de loi-cadre relative \u00e0 la pr\u00e9vention et aux risques sanitaires\u00a0: Le texte bient\u00f4t adopt\u00e9 - La Sentinelle","og_description":"Le ministre de la Sant\u00e9, Abdelhak Sa\u00efhi, a indiqu\u00e9 hier en marge de la c\u00e9r\u00e9monie organis\u00e9e \u00e0 l\u2019occasion de la","og_url":"https:\/\/lasentinelle.dz\/index.php\/2024\/03\/25\/le-projet-de-loi-cadre-relative-a-la-prevention-et-aux-risques-sanitaires-le-texte-bientot-adopte\/","og_site_name":"La Sentinelle","article_publisher":"https:\/\/www.facebook.com\/La-Sentinelle-104059864394773","article_published_time":"2024-03-25T13:41:42+00:00","article_modified_time":"2024-03-25T13:41:45+00:00","og_image":[{"width":1351,"height":900,"url":"https:\/\/lasentinelle.dz\/wp-content\/uploads\/2023\/02\/saihi.png","type":"image\/png"}],"author":"La Sentinelle","twitter_card":"summary_large_image","twitter_misc":{"\u00c9crit par":"La Sentinelle","Dur\u00e9e de lecture estim\u00e9e":"4 minutes"},"schema":{"@context":"https:\/\/schema.org","@graph":[{"@type":"Article","@id":"https:\/\/lasentinelle.dz\/index.php\/2024\/03\/25\/le-projet-de-loi-cadre-relative-a-la-prevention-et-aux-risques-sanitaires-le-texte-bientot-adopte\/#article","isPartOf":{"@id":"https:\/\/lasentinelle.dz\/index.php\/2024\/03\/25\/le-projet-de-loi-cadre-relative-a-la-prevention-et-aux-risques-sanitaires-le-texte-bientot-adopte\/"},"author":{"name":"La Sentinelle","@id":"https:\/\/lasentinelle.dz\/#\/schema\/person\/d865044e22e70a75174ce8bcad3acfb3"},"headline":"Le projet de loi-cadre relative \u00e0 la pr\u00e9vention et aux risques sanitaires\u00a0: Le texte bient\u00f4t adopt\u00e9","datePublished":"2024-03-25T13:41:42+00:00","dateModified":"2024-03-25T13:41:45+00:00","mainEntityOfPage":{"@id":"https:\/\/lasentinelle.dz\/index.php\/2024\/03\/25\/le-projet-de-loi-cadre-relative-a-la-prevention-et-aux-risques-sanitaires-le-texte-bientot-adopte\/"},"wordCount":773,"commentCount":0,"publisher":{"@id":"https:\/\/lasentinelle.dz\/#organization"},"image":{"@id":"https:\/\/lasentinelle.dz\/index.php\/2024\/03\/25\/le-projet-de-loi-cadre-relative-a-la-prevention-et-aux-risques-sanitaires-le-texte-bientot-adopte\/#primaryimage"},"thumbnailUrl":"https:\/\/lasentinelle.dz\/wp-content\/uploads\/2023\/02\/saihi.png","articleSection":["Actualit\u00e9"],"inLanguage":"fr-FR","potentialAction":[{"@type":"CommentAction","name":"Comment","target":["https:\/\/lasentinelle.dz\/index.php\/2024\/03\/25\/le-projet-de-loi-cadre-relative-a-la-prevention-et-aux-risques-sanitaires-le-texte-bientot-adopte\/#respond"]}]},{"@type":"WebPage","@id":"https:\/\/lasentinelle.dz\/index.php\/2024\/03\/25\/le-projet-de-loi-cadre-relative-a-la-prevention-et-aux-risques-sanitaires-le-texte-bientot-adopte\/","url":"https:\/\/lasentinelle.dz\/index.php\/2024\/03\/25\/le-projet-de-loi-cadre-relative-a-la-prevention-et-aux-risques-sanitaires-le-texte-bientot-adopte\/","name":"Le projet de loi-cadre relative \u00e0 la pr\u00e9vention et aux risques sanitaires\u00a0: Le texte bient\u00f4t adopt\u00e9 - La Sentinelle","isPartOf":{"@id":"https:\/\/lasentinelle.dz\/#website"},"primaryImageOfPage":{"@id":"https:\/\/lasentinelle.dz\/index.php\/2024\/03\/25\/le-projet-de-loi-cadre-relative-a-la-prevention-et-aux-risques-sanitaires-le-texte-bientot-adopte\/#primaryimage"},"image":{"@id":"https:\/\/lasentinelle.dz\/index.php\/2024\/03\/25\/le-projet-de-loi-cadre-relative-a-la-prevention-et-aux-risques-sanitaires-le-texte-bientot-adopte\/#primaryimage"},"thumbnailUrl":"https:\/\/lasentinelle.dz\/wp-content\/uploads\/2023\/02\/saihi.png","datePublished":"2024-03-25T13:41:42+00:00","dateModified":"2024-03-25T13:41:45+00:00","breadcrumb":{"@id":"https:\/\/lasentinelle.dz\/index.php\/2024\/03\/25\/le-projet-de-loi-cadre-relative-a-la-prevention-et-aux-risques-sanitaires-le-texte-bientot-adopte\/#breadcrumb"},"inLanguage":"fr-FR","potentialAction":[{"@type":"ReadAction","target":["https:\/\/lasentinelle.dz\/index.php\/2024\/03\/25\/le-projet-de-loi-cadre-relative-a-la-prevention-et-aux-risques-sanitaires-le-texte-bientot-adopte\/"]}]},{"@type":"ImageObject","inLanguage":"fr-FR","@id":"https:\/\/lasentinelle.dz\/index.php\/2024\/03\/25\/le-projet-de-loi-cadre-relative-a-la-prevention-et-aux-risques-sanitaires-le-texte-bientot-adopte\/#primaryimage","url":"https:\/\/lasentinelle.dz\/wp-content\/uploads\/2023\/02\/saihi.png","contentUrl":"https:\/\/lasentinelle.dz\/wp-content\/uploads\/2023\/02\/saihi.png","width":1351,"height":900},{"@type":"BreadcrumbList","@id":"https:\/\/lasentinelle.dz\/index.php\/2024\/03\/25\/le-projet-de-loi-cadre-relative-a-la-prevention-et-aux-risques-sanitaires-le-texte-bientot-adopte\/#breadcrumb","itemListElement":[{"@type":"ListItem","position":1,"name":"Accueil","item":"https:\/\/lasentinelle.dz\/"},{"@type":"ListItem","position":2,"name":"Le projet de loi-cadre relative \u00e0 la pr\u00e9vention et aux risques sanitaires\u00a0: Le texte bient\u00f4t adopt\u00e9"}]},{"@type":"WebSite","@id":"https:\/\/lasentinelle.dz\/#website","url":"https:\/\/lasentinelle.dz\/","name":"La Sentinelle","description":"Quotidien national d&#039;information","publisher":{"@id":"https:\/\/lasentinelle.dz\/#organization"},"potentialAction":[{"@type":"SearchAction","target":{"@type":"EntryPoint","urlTemplate":"https:\/\/lasentinelle.dz\/?s={search_term_string}"},"query-input":{"@type":"PropertyValueSpecification","valueRequired":true,"valueName":"search_term_string"}}],"inLanguage":"fr-FR"},{"@type":"Organization","@id":"https:\/\/lasentinelle.dz\/#organization","name":"Quotidien La Sentinelle","url":"https:\/\/lasentinelle.dz\/","logo":{"@type":"ImageObject","inLanguage":"fr-FR","@id":"https:\/\/lasentinelle.dz\/#\/schema\/logo\/image\/","url":"https:\/\/lasentinelle.dz\/wp-content\/uploads\/2021\/09\/logo-sentinelleSLOGAN-1.png","contentUrl":"https:\/\/lasentinelle.dz\/wp-content\/uploads\/2021\/09\/logo-sentinelleSLOGAN-1.png","width":615,"height":142,"caption":"Quotidien La Sentinelle"},"image":{"@id":"https:\/\/lasentinelle.dz\/#\/schema\/logo\/image\/"},"sameAs":["https:\/\/www.facebook.com\/La-Sentinelle-104059864394773"]},{"@type":"Person","@id":"https:\/\/lasentinelle.dz\/#\/schema\/person\/d865044e22e70a75174ce8bcad3acfb3","name":"La Sentinelle","image":{"@type":"ImageObject","inLanguage":"fr-FR","@id":"https:\/\/secure.gravatar.com\/avatar\/57de8e5d4b15d43fb361a71fbb36338450fe67865b528a43dd10ef7c51a20392?s=96&d=mm&r=g","url":"https:\/\/secure.gravatar.com\/avatar\/57de8e5d4b15d43fb361a71fbb36338450fe67865b528a43dd10ef7c51a20392?s=96&d=mm&r=g","contentUrl":"https:\/\/secure.gravatar.com\/avatar\/57de8e5d4b15d43fb361a71fbb36338450fe67865b528a43dd10ef7c51a20392?s=96&d=mm&r=g","caption":"La Sentinelle"},"sameAs":["http:\/\/www.lasentinelle.dz"],"url":"https:\/\/lasentinelle.dz\/author\/redaction\/"}]}},"_links":{"self":[{"href":"https:\/\/lasentinelle.dz\/index.php\/wp-json\/wp\/v2\/posts\/50672","targetHints":{"allow":["GET"]}}],"collection":[{"href":"https:\/\/lasentinelle.dz\/index.php\/wp-json\/wp\/v2\/posts"}],"about":[{"href":"https:\/\/lasentinelle.dz\/index.php\/wp-json\/wp\/v2\/types\/post"}],"author":[{"embeddable":true,"href":"https:\/\/lasentinelle.dz\/index.php\/wp-json\/wp\/v2\/users\/3"}],"replies":[{"embeddable":true,"href":"https:\/\/lasentinelle.dz\/index.php\/wp-json\/wp\/v2\/comments?post=50672"}],"version-history":[{"count":1,"href":"https:\/\/lasentinelle.dz\/index.php\/wp-json\/wp\/v2\/posts\/50672\/revisions"}],"predecessor-version":[{"id":50673,"href":"https:\/\/lasentinelle.dz\/index.php\/wp-json\/wp\/v2\/posts\/50672\/revisions\/50673"}],"wp:featuredmedia":[{"embeddable":true,"href":"https:\/\/lasentinelle.dz\/index.php\/wp-json\/wp\/v2\/media\/35776"}],"wp:attachment":[{"href":"https:\/\/lasentinelle.dz\/index.php\/wp-json\/wp\/v2\/media?parent=50672"}],"wp:term":[{"taxonomy":"category","embeddable":true,"href":"https:\/\/lasentinelle.dz\/index.php\/wp-json\/wp\/v2\/categories?post=50672"},{"taxonomy":"post_tag","embeddable":true,"href":"https:\/\/lasentinelle.dz\/index.php\/wp-json\/wp\/v2\/tags?post=50672"}],"curies":[{"name":"wp","href":"https:\/\/api.w.org\/{rel}","templated":true}]}}