{"id":50694,"date":"2024-03-26T14:39:08","date_gmt":"2024-03-26T13:39:08","guid":{"rendered":"https:\/\/lasentinelle.dz\/?p=50694"},"modified":"2024-03-26T14:39:12","modified_gmt":"2024-03-26T13:39:12","slug":"pose-de-la-premiere-pierre-dune-centrale-solaire-photovoltaique-del-meghaier","status":"publish","type":"post","link":"https:\/\/lasentinelle.dz\/index.php\/2024\/03\/26\/pose-de-la-premiere-pierre-dune-centrale-solaire-photovoltaique-del-meghaier\/","title":{"rendered":"Pose de la premi\u00e8re pierre d\u2019une centrale solaire photovolta\u00efque d\u2019El-Megha\u00efer"},"content":{"rendered":"\n<p>Le ministre de l\u2019Energie et des Mines, Mohamed Arkab, a proc\u00e9d\u00e9, lundi \u00e0 El-Megha\u00efer, \u00e0 la pose de la premi\u00e8re pierre d\u2019un projet de r\u00e9alisation d\u2019une centrale solaire photovolta\u00efque d\u2019une capacit\u00e9 de 200 m\u00e9gawatts (MW). S\u2019exprimant en marge de la c\u00e9r\u00e9monie de lancement du projet dans le cadre d\u2019une visite d\u2019inspection, le ministre accompagn\u00e9 du pr\u00e9sident directeur g\u00e9n\u00e9ral (PDG) du Groupe Sonelgaz, Mourad Adjal, du pr\u00e9sident de l&rsquo;Autorit\u00e9 de r\u00e9gulation des hydrocarbures (ARH), Rachid Nedil et des cadres centraux de son d\u00e9partement minist\u00e9riel, a indiqu\u00e9 que \u00ab\u00a0cette installation \u00e9nerg\u00e9tique, la premi\u00e8re du genre \u00e0 l\u2019\u00e9chelle nationale, mise en chantier au titre d\u2019un programme portant production de 2.000 MW d&rsquo;\u00e9nergie solaire photovolta\u00efque rev\u00eat une importance strat\u00e9gique dans le cadre des efforts consentis par l\u2019Etat pour le d\u00e9veloppement des \u00e9nergies renouvelables et la diversification des sources de production d\u2019\u00e9lectricit\u00e9\u00a0\u00bb. Cette future installation \u00e9nerg\u00e9tique, dont la dur\u00e9e de r\u00e9alisation est fix\u00e9e \u00e0 14 mois, permettra de donner une forte impulsion au d\u00e9veloppement socio\u00e9conomique dans la r\u00e9gion, notamment \u00e0 travers la cr\u00e9ation progressive de plus de 500 postes d\u2019emploi, selon les explications fournies \u00e0 la d\u00e9l\u00e9gation minist\u00e9rielle.Elle sera compos\u00e9e de 20 champs photovolta\u00efques totalisant 364.000 panneaux solaires, 20 transformateurs \u00e9lectriques et une centrale secondaire d\u2019une capacit\u00e9 de 30 kilovolts, un g\u00e9n\u00e9rateur \u00e9lectrique, ainsi que des \u00e9quipements d\u2019entretien et des syst\u00e8mes de surveillance et de contr\u00f4le et d\u00e9tection d&rsquo;incendie et de pr\u00e9vention, selon la fiche technique. Occupant une surface globale de 400 hectares au niveau de la commune de Tendla (sud de la wilaya d\u2019El-Megha\u00efer), ce projet s\u2019inscrit dans le cadre d\u2019un programme ambitieux de r\u00e9alisation de 15 centrales solaires photovolta\u00efques, r\u00e9partie sur 12 wilayas, d\u2019une puissance globale estim\u00e9e \u00e0 2.000 MW.<\/p>\n\n\n\n<p>APS<\/p>\n","protected":false},"excerpt":{"rendered":"<p>Le ministre de l\u2019Energie et des Mines, Mohamed Arkab, a proc\u00e9d\u00e9, lundi \u00e0 El-Megha\u00efer, \u00e0 la pose de la premi\u00e8re<\/p>\n","protected":false},"author":3,"featured_media":20149,"comment_status":"open","ping_status":"closed","sticky":false,"template":"","format":"standard","meta":{"colormag_page_container_layout":"default_layout","colormag_page_sidebar_layout":"default_layout","om_disable_all_campaigns":false,"_monsterinsights_skip_tracking":false,"_monsterinsights_sitenote_active":false,"_monsterinsights_sitenote_note":"","_monsterinsights_sitenote_category":0,"footnotes":"","_wpscppro_dont_share_socialmedia":false,"_wpscppro_custom_social_share_image":0,"_facebook_share_type":"","_twitter_share_type":"","_linkedin_share_type":"","_pinterest_share_type":"","_linkedin_share_type_page":"","_instagram_share_type":"","_medium_share_type":"","_threads_share_type":"","_google_business_share_type":"","_selected_social_profile":[],"_wpsp_enable_custom_social_template":false,"_wpsp_social_scheduling":{"enabled":false,"datetime":null,"platforms":[],"status":"template_only","dateOption":"today","timeOption":"now","customDays":"","customHours":"","customDate":"","customTime":"","schedulingType":"absolute"},"_wpsp_active_default_template":true},"categories":[29],"tags":[],"class_list":["post-50694","post","type-post","status-publish","format-standard","has-post-thumbnail","hentry","category-economie"],"aioseo_notices":[],"yoast_head":"<!-- This site is optimized with the Yoast SEO plugin v27.5 - https:\/\/yoast.com\/product\/yoast-seo-wordpress\/ -->\n<title>Pose de la premi\u00e8re pierre d\u2019une centrale solaire photovolta\u00efque d\u2019El-Megha\u00efer - La Sentinelle<\/title>\n<meta name=\"robots\" content=\"index, follow, max-snippet:-1, max-image-preview:large, max-video-preview:-1\" \/>\n<link rel=\"canonical\" href=\"https:\/\/lasentinelle.dz\/index.php\/2024\/03\/26\/pose-de-la-premiere-pierre-dune-centrale-solaire-photovoltaique-del-meghaier\/\" \/>\n<meta property=\"og:locale\" content=\"fr_FR\" \/>\n<meta property=\"og:type\" content=\"article\" \/>\n<meta property=\"og:title\" content=\"Pose de la premi\u00e8re pierre d\u2019une centrale solaire photovolta\u00efque d\u2019El-Megha\u00efer - La Sentinelle\" \/>\n<meta property=\"og:description\" content=\"Le ministre de l\u2019Energie et des Mines, Mohamed Arkab, a proc\u00e9d\u00e9, lundi \u00e0 El-Megha\u00efer, \u00e0 la pose de la premi\u00e8re\" \/>\n<meta property=\"og:url\" content=\"https:\/\/lasentinelle.dz\/index.php\/2024\/03\/26\/pose-de-la-premiere-pierre-dune-centrale-solaire-photovoltaique-del-meghaier\/\" \/>\n<meta property=\"og:site_name\" content=\"La Sentinelle\" \/>\n<meta property=\"article:publisher\" content=\"https:\/\/www.facebook.com\/La-Sentinelle-104059864394773\" \/>\n<meta property=\"article:published_time\" content=\"2024-03-26T13:39:08+00:00\" \/>\n<meta property=\"article:modified_time\" content=\"2024-03-26T13:39:12+00:00\" \/>\n<meta property=\"og:image\" content=\"https:\/\/lasentinelle.dz\/wp-content\/uploads\/2022\/04\/panaux-solaire.png\" \/>\n\t<meta property=\"og:image:width\" content=\"1491\" \/>\n\t<meta property=\"og:image:height\" content=\"900\" \/>\n\t<meta property=\"og:image:type\" content=\"image\/png\" \/>\n<meta name=\"author\" content=\"La Sentinelle\" \/>\n<meta name=\"twitter:card\" content=\"summary_large_image\" \/>\n<meta name=\"twitter:label1\" content=\"\u00c9crit par\" \/>\n\t<meta name=\"twitter:data1\" content=\"La Sentinelle\" \/>\n\t<meta name=\"twitter:label2\" content=\"Dur\u00e9e de lecture estim\u00e9e\" \/>\n\t<meta name=\"twitter:data2\" content=\"2 minutes\" \/>\n<script type=\"application\/ld+json\" class=\"yoast-schema-graph\">{\"@context\":\"https:\\\/\\\/schema.org\",\"@graph\":[{\"@type\":\"Article\",\"@id\":\"https:\\\/\\\/lasentinelle.dz\\\/index.php\\\/2024\\\/03\\\/26\\\/pose-de-la-premiere-pierre-dune-centrale-solaire-photovoltaique-del-meghaier\\\/#article\",\"isPartOf\":{\"@id\":\"https:\\\/\\\/lasentinelle.dz\\\/index.php\\\/2024\\\/03\\\/26\\\/pose-de-la-premiere-pierre-dune-centrale-solaire-photovoltaique-del-meghaier\\\/\"},\"author\":{\"name\":\"La Sentinelle\",\"@id\":\"https:\\\/\\\/lasentinelle.dz\\\/#\\\/schema\\\/person\\\/d865044e22e70a75174ce8bcad3acfb3\"},\"headline\":\"Pose de la premi\u00e8re pierre d\u2019une centrale solaire photovolta\u00efque d\u2019El-Megha\u00efer\",\"datePublished\":\"2024-03-26T13:39:08+00:00\",\"dateModified\":\"2024-03-26T13:39:12+00:00\",\"mainEntityOfPage\":{\"@id\":\"https:\\\/\\\/lasentinelle.dz\\\/index.php\\\/2024\\\/03\\\/26\\\/pose-de-la-premiere-pierre-dune-centrale-solaire-photovoltaique-del-meghaier\\\/\"},\"wordCount\":341,\"commentCount\":0,\"publisher\":{\"@id\":\"https:\\\/\\\/lasentinelle.dz\\\/#organization\"},\"image\":{\"@id\":\"https:\\\/\\\/lasentinelle.dz\\\/index.php\\\/2024\\\/03\\\/26\\\/pose-de-la-premiere-pierre-dune-centrale-solaire-photovoltaique-del-meghaier\\\/#primaryimage\"},\"thumbnailUrl\":\"https:\\\/\\\/lasentinelle.dz\\\/wp-content\\\/uploads\\\/2022\\\/04\\\/panaux-solaire.png\",\"articleSection\":[\"\u00c9conomie\"],\"inLanguage\":\"fr-FR\",\"potentialAction\":[{\"@type\":\"CommentAction\",\"name\":\"Comment\",\"target\":[\"https:\\\/\\\/lasentinelle.dz\\\/index.php\\\/2024\\\/03\\\/26\\\/pose-de-la-premiere-pierre-dune-centrale-solaire-photovoltaique-del-meghaier\\\/#respond\"]}]},{\"@type\":\"WebPage\",\"@id\":\"https:\\\/\\\/lasentinelle.dz\\\/index.php\\\/2024\\\/03\\\/26\\\/pose-de-la-premiere-pierre-dune-centrale-solaire-photovoltaique-del-meghaier\\\/\",\"url\":\"https:\\\/\\\/lasentinelle.dz\\\/index.php\\\/2024\\\/03\\\/26\\\/pose-de-la-premiere-pierre-dune-centrale-solaire-photovoltaique-del-meghaier\\\/\",\"name\":\"Pose de la premi\u00e8re pierre d\u2019une centrale solaire photovolta\u00efque d\u2019El-Megha\u00efer - La Sentinelle\",\"isPartOf\":{\"@id\":\"https:\\\/\\\/lasentinelle.dz\\\/#website\"},\"primaryImageOfPage\":{\"@id\":\"https:\\\/\\\/lasentinelle.dz\\\/index.php\\\/2024\\\/03\\\/26\\\/pose-de-la-premiere-pierre-dune-centrale-solaire-photovoltaique-del-meghaier\\\/#primaryimage\"},\"image\":{\"@id\":\"https:\\\/\\\/lasentinelle.dz\\\/index.php\\\/2024\\\/03\\\/26\\\/pose-de-la-premiere-pierre-dune-centrale-solaire-photovoltaique-del-meghaier\\\/#primaryimage\"},\"thumbnailUrl\":\"https:\\\/\\\/lasentinelle.dz\\\/wp-content\\\/uploads\\\/2022\\\/04\\\/panaux-solaire.png\",\"datePublished\":\"2024-03-26T13:39:08+00:00\",\"dateModified\":\"2024-03-26T13:39:12+00:00\",\"breadcrumb\":{\"@id\":\"https:\\\/\\\/lasentinelle.dz\\\/index.php\\\/2024\\\/03\\\/26\\\/pose-de-la-premiere-pierre-dune-centrale-solaire-photovoltaique-del-meghaier\\\/#breadcrumb\"},\"inLanguage\":\"fr-FR\",\"potentialAction\":[{\"@type\":\"ReadAction\",\"target\":[\"https:\\\/\\\/lasentinelle.dz\\\/index.php\\\/2024\\\/03\\\/26\\\/pose-de-la-premiere-pierre-dune-centrale-solaire-photovoltaique-del-meghaier\\\/\"]}]},{\"@type\":\"ImageObject\",\"inLanguage\":\"fr-FR\",\"@id\":\"https:\\\/\\\/lasentinelle.dz\\\/index.php\\\/2024\\\/03\\\/26\\\/pose-de-la-premiere-pierre-dune-centrale-solaire-photovoltaique-del-meghaier\\\/#primaryimage\",\"url\":\"https:\\\/\\\/lasentinelle.dz\\\/wp-content\\\/uploads\\\/2022\\\/04\\\/panaux-solaire.png\",\"contentUrl\":\"https:\\\/\\\/lasentinelle.dz\\\/wp-content\\\/uploads\\\/2022\\\/04\\\/panaux-solaire.png\",\"width\":1491,\"height\":900},{\"@type\":\"BreadcrumbList\",\"@id\":\"https:\\\/\\\/lasentinelle.dz\\\/index.php\\\/2024\\\/03\\\/26\\\/pose-de-la-premiere-pierre-dune-centrale-solaire-photovoltaique-del-meghaier\\\/#breadcrumb\",\"itemListElement\":[{\"@type\":\"ListItem\",\"position\":1,\"name\":\"Accueil\",\"item\":\"https:\\\/\\\/lasentinelle.dz\\\/\"},{\"@type\":\"ListItem\",\"position\":2,\"name\":\"Pose de la premi\u00e8re pierre d\u2019une centrale solaire photovolta\u00efque d\u2019El-Megha\u00efer\"}]},{\"@type\":\"WebSite\",\"@id\":\"https:\\\/\\\/lasentinelle.dz\\\/#website\",\"url\":\"https:\\\/\\\/lasentinelle.dz\\\/\",\"name\":\"La Sentinelle\",\"description\":\"Quotidien national d&#039;information\",\"publisher\":{\"@id\":\"https:\\\/\\\/lasentinelle.dz\\\/#organization\"},\"potentialAction\":[{\"@type\":\"SearchAction\",\"target\":{\"@type\":\"EntryPoint\",\"urlTemplate\":\"https:\\\/\\\/lasentinelle.dz\\\/?s={search_term_string}\"},\"query-input\":{\"@type\":\"PropertyValueSpecification\",\"valueRequired\":true,\"valueName\":\"search_term_string\"}}],\"inLanguage\":\"fr-FR\"},{\"@type\":\"Organization\",\"@id\":\"https:\\\/\\\/lasentinelle.dz\\\/#organization\",\"name\":\"Quotidien La Sentinelle\",\"url\":\"https:\\\/\\\/lasentinelle.dz\\\/\",\"logo\":{\"@type\":\"ImageObject\",\"inLanguage\":\"fr-FR\",\"@id\":\"https:\\\/\\\/lasentinelle.dz\\\/#\\\/schema\\\/logo\\\/image\\\/\",\"url\":\"https:\\\/\\\/lasentinelle.dz\\\/wp-content\\\/uploads\\\/2021\\\/09\\\/logo-sentinelleSLOGAN-1.png\",\"contentUrl\":\"https:\\\/\\\/lasentinelle.dz\\\/wp-content\\\/uploads\\\/2021\\\/09\\\/logo-sentinelleSLOGAN-1.png\",\"width\":615,\"height\":142,\"caption\":\"Quotidien La Sentinelle\"},\"image\":{\"@id\":\"https:\\\/\\\/lasentinelle.dz\\\/#\\\/schema\\\/logo\\\/image\\\/\"},\"sameAs\":[\"https:\\\/\\\/www.facebook.com\\\/La-Sentinelle-104059864394773\"]},{\"@type\":\"Person\",\"@id\":\"https:\\\/\\\/lasentinelle.dz\\\/#\\\/schema\\\/person\\\/d865044e22e70a75174ce8bcad3acfb3\",\"name\":\"La Sentinelle\",\"image\":{\"@type\":\"ImageObject\",\"inLanguage\":\"fr-FR\",\"@id\":\"https:\\\/\\\/secure.gravatar.com\\\/avatar\\\/57de8e5d4b15d43fb361a71fbb36338450fe67865b528a43dd10ef7c51a20392?s=96&d=mm&r=g\",\"url\":\"https:\\\/\\\/secure.gravatar.com\\\/avatar\\\/57de8e5d4b15d43fb361a71fbb36338450fe67865b528a43dd10ef7c51a20392?s=96&d=mm&r=g\",\"contentUrl\":\"https:\\\/\\\/secure.gravatar.com\\\/avatar\\\/57de8e5d4b15d43fb361a71fbb36338450fe67865b528a43dd10ef7c51a20392?s=96&d=mm&r=g\",\"caption\":\"La Sentinelle\"},\"sameAs\":[\"http:\\\/\\\/www.lasentinelle.dz\"],\"url\":\"https:\\\/\\\/lasentinelle.dz\\\/author\\\/redaction\\\/\"}]}<\/script>\n<!-- \/ Yoast SEO plugin. -->","yoast_head_json":{"title":"Pose de la premi\u00e8re pierre d\u2019une centrale solaire photovolta\u00efque d\u2019El-Megha\u00efer - La Sentinelle","robots":{"index":"index","follow":"follow","max-snippet":"max-snippet:-1","max-image-preview":"max-image-preview:large","max-video-preview":"max-video-preview:-1"},"canonical":"https:\/\/lasentinelle.dz\/index.php\/2024\/03\/26\/pose-de-la-premiere-pierre-dune-centrale-solaire-photovoltaique-del-meghaier\/","og_locale":"fr_FR","og_type":"article","og_title":"Pose de la premi\u00e8re pierre d\u2019une centrale solaire photovolta\u00efque d\u2019El-Megha\u00efer - La Sentinelle","og_description":"Le ministre de l\u2019Energie et des Mines, Mohamed Arkab, a proc\u00e9d\u00e9, lundi \u00e0 El-Megha\u00efer, \u00e0 la pose de la premi\u00e8re","og_url":"https:\/\/lasentinelle.dz\/index.php\/2024\/03\/26\/pose-de-la-premiere-pierre-dune-centrale-solaire-photovoltaique-del-meghaier\/","og_site_name":"La Sentinelle","article_publisher":"https:\/\/www.facebook.com\/La-Sentinelle-104059864394773","article_published_time":"2024-03-26T13:39:08+00:00","article_modified_time":"2024-03-26T13:39:12+00:00","og_image":[{"width":1491,"height":900,"url":"https:\/\/lasentinelle.dz\/wp-content\/uploads\/2022\/04\/panaux-solaire.png","type":"image\/png"}],"author":"La Sentinelle","twitter_card":"summary_large_image","twitter_misc":{"\u00c9crit par":"La Sentinelle","Dur\u00e9e de lecture estim\u00e9e":"2 minutes"},"schema":{"@context":"https:\/\/schema.org","@graph":[{"@type":"Article","@id":"https:\/\/lasentinelle.dz\/index.php\/2024\/03\/26\/pose-de-la-premiere-pierre-dune-centrale-solaire-photovoltaique-del-meghaier\/#article","isPartOf":{"@id":"https:\/\/lasentinelle.dz\/index.php\/2024\/03\/26\/pose-de-la-premiere-pierre-dune-centrale-solaire-photovoltaique-del-meghaier\/"},"author":{"name":"La Sentinelle","@id":"https:\/\/lasentinelle.dz\/#\/schema\/person\/d865044e22e70a75174ce8bcad3acfb3"},"headline":"Pose de la premi\u00e8re pierre d\u2019une centrale solaire photovolta\u00efque d\u2019El-Megha\u00efer","datePublished":"2024-03-26T13:39:08+00:00","dateModified":"2024-03-26T13:39:12+00:00","mainEntityOfPage":{"@id":"https:\/\/lasentinelle.dz\/index.php\/2024\/03\/26\/pose-de-la-premiere-pierre-dune-centrale-solaire-photovoltaique-del-meghaier\/"},"wordCount":341,"commentCount":0,"publisher":{"@id":"https:\/\/lasentinelle.dz\/#organization"},"image":{"@id":"https:\/\/lasentinelle.dz\/index.php\/2024\/03\/26\/pose-de-la-premiere-pierre-dune-centrale-solaire-photovoltaique-del-meghaier\/#primaryimage"},"thumbnailUrl":"https:\/\/lasentinelle.dz\/wp-content\/uploads\/2022\/04\/panaux-solaire.png","articleSection":["\u00c9conomie"],"inLanguage":"fr-FR","potentialAction":[{"@type":"CommentAction","name":"Comment","target":["https:\/\/lasentinelle.dz\/index.php\/2024\/03\/26\/pose-de-la-premiere-pierre-dune-centrale-solaire-photovoltaique-del-meghaier\/#respond"]}]},{"@type":"WebPage","@id":"https:\/\/lasentinelle.dz\/index.php\/2024\/03\/26\/pose-de-la-premiere-pierre-dune-centrale-solaire-photovoltaique-del-meghaier\/","url":"https:\/\/lasentinelle.dz\/index.php\/2024\/03\/26\/pose-de-la-premiere-pierre-dune-centrale-solaire-photovoltaique-del-meghaier\/","name":"Pose de la premi\u00e8re pierre d\u2019une centrale solaire photovolta\u00efque d\u2019El-Megha\u00efer - La Sentinelle","isPartOf":{"@id":"https:\/\/lasentinelle.dz\/#website"},"primaryImageOfPage":{"@id":"https:\/\/lasentinelle.dz\/index.php\/2024\/03\/26\/pose-de-la-premiere-pierre-dune-centrale-solaire-photovoltaique-del-meghaier\/#primaryimage"},"image":{"@id":"https:\/\/lasentinelle.dz\/index.php\/2024\/03\/26\/pose-de-la-premiere-pierre-dune-centrale-solaire-photovoltaique-del-meghaier\/#primaryimage"},"thumbnailUrl":"https:\/\/lasentinelle.dz\/wp-content\/uploads\/2022\/04\/panaux-solaire.png","datePublished":"2024-03-26T13:39:08+00:00","dateModified":"2024-03-26T13:39:12+00:00","breadcrumb":{"@id":"https:\/\/lasentinelle.dz\/index.php\/2024\/03\/26\/pose-de-la-premiere-pierre-dune-centrale-solaire-photovoltaique-del-meghaier\/#breadcrumb"},"inLanguage":"fr-FR","potentialAction":[{"@type":"ReadAction","target":["https:\/\/lasentinelle.dz\/index.php\/2024\/03\/26\/pose-de-la-premiere-pierre-dune-centrale-solaire-photovoltaique-del-meghaier\/"]}]},{"@type":"ImageObject","inLanguage":"fr-FR","@id":"https:\/\/lasentinelle.dz\/index.php\/2024\/03\/26\/pose-de-la-premiere-pierre-dune-centrale-solaire-photovoltaique-del-meghaier\/#primaryimage","url":"https:\/\/lasentinelle.dz\/wp-content\/uploads\/2022\/04\/panaux-solaire.png","contentUrl":"https:\/\/lasentinelle.dz\/wp-content\/uploads\/2022\/04\/panaux-solaire.png","width":1491,"height":900},{"@type":"BreadcrumbList","@id":"https:\/\/lasentinelle.dz\/index.php\/2024\/03\/26\/pose-de-la-premiere-pierre-dune-centrale-solaire-photovoltaique-del-meghaier\/#breadcrumb","itemListElement":[{"@type":"ListItem","position":1,"name":"Accueil","item":"https:\/\/lasentinelle.dz\/"},{"@type":"ListItem","position":2,"name":"Pose de la premi\u00e8re pierre d\u2019une centrale solaire photovolta\u00efque d\u2019El-Megha\u00efer"}]},{"@type":"WebSite","@id":"https:\/\/lasentinelle.dz\/#website","url":"https:\/\/lasentinelle.dz\/","name":"La Sentinelle","description":"Quotidien national d&#039;information","publisher":{"@id":"https:\/\/lasentinelle.dz\/#organization"},"potentialAction":[{"@type":"SearchAction","target":{"@type":"EntryPoint","urlTemplate":"https:\/\/lasentinelle.dz\/?s={search_term_string}"},"query-input":{"@type":"PropertyValueSpecification","valueRequired":true,"valueName":"search_term_string"}}],"inLanguage":"fr-FR"},{"@type":"Organization","@id":"https:\/\/lasentinelle.dz\/#organization","name":"Quotidien La Sentinelle","url":"https:\/\/lasentinelle.dz\/","logo":{"@type":"ImageObject","inLanguage":"fr-FR","@id":"https:\/\/lasentinelle.dz\/#\/schema\/logo\/image\/","url":"https:\/\/lasentinelle.dz\/wp-content\/uploads\/2021\/09\/logo-sentinelleSLOGAN-1.png","contentUrl":"https:\/\/lasentinelle.dz\/wp-content\/uploads\/2021\/09\/logo-sentinelleSLOGAN-1.png","width":615,"height":142,"caption":"Quotidien La Sentinelle"},"image":{"@id":"https:\/\/lasentinelle.dz\/#\/schema\/logo\/image\/"},"sameAs":["https:\/\/www.facebook.com\/La-Sentinelle-104059864394773"]},{"@type":"Person","@id":"https:\/\/lasentinelle.dz\/#\/schema\/person\/d865044e22e70a75174ce8bcad3acfb3","name":"La Sentinelle","image":{"@type":"ImageObject","inLanguage":"fr-FR","@id":"https:\/\/secure.gravatar.com\/avatar\/57de8e5d4b15d43fb361a71fbb36338450fe67865b528a43dd10ef7c51a20392?s=96&d=mm&r=g","url":"https:\/\/secure.gravatar.com\/avatar\/57de8e5d4b15d43fb361a71fbb36338450fe67865b528a43dd10ef7c51a20392?s=96&d=mm&r=g","contentUrl":"https:\/\/secure.gravatar.com\/avatar\/57de8e5d4b15d43fb361a71fbb36338450fe67865b528a43dd10ef7c51a20392?s=96&d=mm&r=g","caption":"La Sentinelle"},"sameAs":["http:\/\/www.lasentinelle.dz"],"url":"https:\/\/lasentinelle.dz\/author\/redaction\/"}]}},"_links":{"self":[{"href":"https:\/\/lasentinelle.dz\/index.php\/wp-json\/wp\/v2\/posts\/50694","targetHints":{"allow":["GET"]}}],"collection":[{"href":"https:\/\/lasentinelle.dz\/index.php\/wp-json\/wp\/v2\/posts"}],"about":[{"href":"https:\/\/lasentinelle.dz\/index.php\/wp-json\/wp\/v2\/types\/post"}],"author":[{"embeddable":true,"href":"https:\/\/lasentinelle.dz\/index.php\/wp-json\/wp\/v2\/users\/3"}],"replies":[{"embeddable":true,"href":"https:\/\/lasentinelle.dz\/index.php\/wp-json\/wp\/v2\/comments?post=50694"}],"version-history":[{"count":1,"href":"https:\/\/lasentinelle.dz\/index.php\/wp-json\/wp\/v2\/posts\/50694\/revisions"}],"predecessor-version":[{"id":50695,"href":"https:\/\/lasentinelle.dz\/index.php\/wp-json\/wp\/v2\/posts\/50694\/revisions\/50695"}],"wp:featuredmedia":[{"embeddable":true,"href":"https:\/\/lasentinelle.dz\/index.php\/wp-json\/wp\/v2\/media\/20149"}],"wp:attachment":[{"href":"https:\/\/lasentinelle.dz\/index.php\/wp-json\/wp\/v2\/media?parent=50694"}],"wp:term":[{"taxonomy":"category","embeddable":true,"href":"https:\/\/lasentinelle.dz\/index.php\/wp-json\/wp\/v2\/categories?post=50694"},{"taxonomy":"post_tag","embeddable":true,"href":"https:\/\/lasentinelle.dz\/index.php\/wp-json\/wp\/v2\/tags?post=50694"}],"curies":[{"name":"wp","href":"https:\/\/api.w.org\/{rel}","templated":true}]}}