{"id":50703,"date":"2024-03-26T14:45:25","date_gmt":"2024-03-26T13:45:25","guid":{"rendered":"https:\/\/lasentinelle.dz\/?p=50703"},"modified":"2024-03-26T14:45:27","modified_gmt":"2024-03-26T13:45:27","slug":"220-agressions-contre-les-agents-des-forces-de-lordre-depuis-janvier","status":"publish","type":"post","link":"https:\/\/lasentinelle.dz\/index.php\/2024\/03\/26\/220-agressions-contre-les-agents-des-forces-de-lordre-depuis-janvier\/","title":{"rendered":"220 agressions contre les agents des forces de l\u2019ordre depuis janvier\u00a0!"},"content":{"rendered":"\n<p>Le projet d\u2019amendement du Code p\u00e9nal a \u00e9t\u00e9 d\u00e9battu hier au Conseil de la Nation. Lors des d\u00e9bats, le ministre de la la Justice et Garde des Sceaux, Abderrachid Tabi, a eu l\u2019occasion de mettre en avant les nouveaut\u00e9s introduites dans le texte, notamment en ce qui concerne la d\u00e9p\u00e9nalisation de l\u2019acte de gestion et la protection des gestionnaires, mais aussi les mesures institu\u00e9es pour permettre aux agents des forces de l\u2019ordre de se prot\u00e9ger, face aux gangs dans un contexte o\u00f9 les attaques contre les agents de la force publique se multiplient. Le ministre a soulign\u00e9 que le texte introduit des mesures pour \u00ab\u00a0la protection des gestionnaires, des \u00e9l\u00e9ments de la Force Publique face \u00e0 un crime organis\u00e9 et aux gangs de quartiers\u00a0\u00bb, outre \u00ab\u00a0la question de lutte contre certains ph\u00e9nom\u00e8nes \u00e9trangers \u00e0 la soci\u00e9t\u00e9 alg\u00e9rienne, comme la sorcellerie, et les propos ind\u00e9cents\u00a0\u00bb. Rappelons dans ce contexte que le nouveau texte pr\u00e9voit des cas o\u00f9 les agents de la force publique peuvent recours \u00e0 l\u2019usage de leurs armes pour des motifs de l\u00e9gitime d\u00e9fense. Une question qui a suscit\u00e9 de vifs d\u00e9bats \u00e0 l\u2019Assembl\u00e9e populaire nationale alors que le ministre avait alors \u00e9voqu\u00e9 le projet de mise en place de bodycams afin de s\u2019assurer qu\u2019il n\u2019y ait pas de d\u00e9passements et soulign\u00e9 que la mesure \u00e9tait n\u00e9cessaire pour faire face \u00e0 la multiplication des agressions contre les agents des forces de l\u2019ordre. D\u2019ailleurs, Tabi a indiqu\u00e9 hier que les autorit\u00e9s judiciaires ont trait\u00e9 1998 cas d&rsquo;agression commis par des gangs de quartier contre les forces de l\u2019ordre au cours de l&rsquo;ann\u00e9e 2022.En 2023, 1840 affaires d&rsquo;agression contre les forces de l\u2019ordre ont \u00e9t\u00e9 enregistr\u00e9es, et au cours des deux premiers mois de l&rsquo;ann\u00e9e en cours, 2024, les autorit\u00e9s judiciaires ont trait\u00e9 220 cas d&rsquo;agression, pr\u00e9cise-t-il. Abderrachid Tabi a expliqu\u00e9 que ces agressions vont jusqu&rsquo;au meurtre pr\u00e9m\u00e9dit\u00e9, \u00e0 l&rsquo;amputation d&rsquo;organes et \u00e0 l\u2019attaque et l\u2019intrusion dans des si\u00e8ges des services de la s\u00fbret\u00e9 nationale munis d\u2019armes blanches. Le ministre a dans ce sens estim\u00e9 que le nouveau texte est \u00ab&nbsp;complet et actualis\u00e9 suivant les nouveaut\u00e9s \u00e0 l\u2019\u00e9chelle internationale et les questions de l&rsquo;heure pr\u00e9occupant l\u2019opinion publique nationale \u00bb.Concernant certaines dispositions pr\u00e9vues dans ladite loi, telles les peines alternatives, le ministre a indiqu\u00e9 qu\u2019elles sont prononc\u00e9es par le magistrat \u00ab\u00a0en pr\u00e9sence du condamn\u00e9, mais son consentement est toutefois requis pour la substitution de la peine privative de libert\u00e9 par une peine alternative\u00a0\u00bb, soulignant que pour ce type de peines \u00ab\u00a0il s\u2019agit de tout un syst\u00e8me en vigueur \u00e0 l\u2019\u00e9chelle internationale et l\u2019Alg\u00e9rie ne doit pas rester \u00e0 l\u2019\u00e9cart des nouveaux syst\u00e8mes\u00a0\u00bb. Concernant la d\u00e9criminalisation de certains actes, consid\u00e9r\u00e9s comme \u00e9tant des d\u00e9lits, le ministre a soulign\u00e9 que ces dispositions visent \u00ab\u00a0\u00e0 all\u00e9ger la charge sur les tribunaux criminels\u00a0\u00bb, annon\u00e7ant, par la m\u00eame occasion, \u00ab\u00a0l\u2019orientation prochaine vers la justice collective au niveau des tribunaux pour assurer les droits des justiciables\u00bb. S\u2019agissant de l\u2019arrestation \u00ab\u00a0imm\u00e9diate\u00bb du fonctionnaire ou de l\u2019\u00e9lu faisant l&rsquo;objet d\u2019une poursuite p\u00e9nale, M. Tabi a soulign\u00e9 qu\u2019\u00a0\u00bbil existe d\u2019autres lois r\u00e9gissant ce volet, comme le code communal et la loi sur la fonction publique\u00bb. Au sujet de la prof\u00e9ration de propos ind\u00e9cents dans les lieux publics, le ministre a affirm\u00e9 que \u00abla confirmation de ce crime se fait par voie de signalement pour engager une action publique, sans besoin de d\u00e9terminer une victime\u00bb.Lors des d\u00e9bats, les s\u00e9nateurs ont insist\u00e9 sur l&rsquo;importance des amendements inclus dans le cadre des \u00ab\u00a0r\u00e9formes d\u00e9cid\u00e9es par le pr\u00e9sident de la R\u00e9publique, M. Abdelmadjid Tebboune, visant \u00e0 renforcer l&rsquo;Etat de droit et \u00e0 prot\u00e9ger la soci\u00e9t\u00e9 des diff\u00e9rentes formes de crimes, outre l&rsquo;adaptation du cadre l\u00e9gislatif national aux r\u00e9formes que conna\u00eet l&rsquo;Alg\u00e9rie nouvelle \u00e0 travers la d\u00e9p\u00e9nalisation de l&rsquo;acte de gestion et le soutien \u00e0 l&rsquo;investissement\u00a0\u00bb. &nbsp;La plupart d\u2019entre eux ont salu\u00e9 \u00ab\u00a0l&rsquo;adaptation du texte de loi au d\u00e9veloppement technologique \u00e0 la lumi\u00e8re de l&rsquo;\u00e9mergence de la cybercriminalit\u00e9, ainsi que le renforcement de l\u2019autorit\u00e9 de l&rsquo;Etat, la protection des corps de s\u00e9curit\u00e9, des enseignants et des imams, ainsi que la substitution de la peine prononc\u00e9e par des peines alternatives, l\u2019introduction de nouvelles formes de crimes telles que la sorcellerie, l&rsquo;insulte aux symboles de la r\u00e9volution et l&rsquo;imposition de sanctions \u00e0 l&rsquo;encontre de ceux qui utilisent des expressions ind\u00e9centes\u00a0\u00bb. Le rapport de la Commission des affaires juridiques, administratives, des droits de l&rsquo;homme, de l&rsquo;organisation locale, de l&rsquo;am\u00e9nagement du territoire et du d\u00e9coupage territorial, pr\u00e9sent\u00e9 par Mohamed Salmi, souligne que les amendements au texte de loi \u00ab\u00a0rev\u00eatent une grande importance en termes de renforcement de la protection des corps de s\u00e9curit\u00e9, de lutte contre les diff\u00e9rentes formes de criminalit\u00e9, de garantie de la protection descitoyens dans les espaces publics, de moralisation de la vie publique et de s\u00e9curit\u00e9 des biens publics\u00a0\u00bb, relevant que l&rsquo;importance de ces amendements consiste en \u00ab\u00a0la criminalisation de l&rsquo;entrave \u00e0 l&rsquo;investissement et la protection des gestionnaires et des investisseurs en ex\u00e9cution des<\/p>\n\n\n\n<p>engagements du pr\u00e9sident de la R\u00e9publique\u00a0\u00bb. Ce texte de loi pr\u00e9voit 8 axes, \u00e0 savoir la r\u00e9vision des dispositions relatives \u00e0 certaines affaires p\u00e9nales, le renforcement de la protection des gestionnaires, le soutien \u00e0 l&rsquo;investissement, le renforcement de la protection des victimes de certains crimes, l\u2019introduction des groupes criminels organis\u00e9s, la criminalisation de nouveaux actes, le renforcement de la protection des corps de s\u00e9curit\u00e9, les peines alternatives et diverses dispositions.<\/p>\n\n\n\n<p>Hocine Fadheli<\/p>\n","protected":false},"excerpt":{"rendered":"<p>Le projet d\u2019amendement du Code p\u00e9nal a \u00e9t\u00e9 d\u00e9battu hier au Conseil de la Nation. Lors des d\u00e9bats, le ministre<\/p>\n","protected":false},"author":3,"featured_media":46032,"comment_status":"open","ping_status":"closed","sticky":false,"template":"","format":"standard","meta":{"colormag_page_container_layout":"default_layout","colormag_page_sidebar_layout":"default_layout","om_disable_all_campaigns":false,"_monsterinsights_skip_tracking":false,"_monsterinsights_sitenote_active":false,"_monsterinsights_sitenote_note":"","_monsterinsights_sitenote_category":0,"footnotes":"","_wpscppro_dont_share_socialmedia":false,"_wpscppro_custom_social_share_image":0,"_facebook_share_type":"","_twitter_share_type":"","_linkedin_share_type":"","_pinterest_share_type":"","_linkedin_share_type_page":"","_instagram_share_type":"","_medium_share_type":"","_threads_share_type":"","_google_business_share_type":"","_selected_social_profile":[],"_wpsp_enable_custom_social_template":false,"_wpsp_social_scheduling":{"enabled":false,"datetime":null,"platforms":[],"status":"template_only","dateOption":"today","timeOption":"now","customDays":"","customHours":"","customDate":"","customTime":"","schedulingType":"absolute"},"_wpsp_active_default_template":true},"categories":[27],"tags":[],"class_list":["post-50703","post","type-post","status-publish","format-standard","has-post-thumbnail","hentry","category-actualite"],"aioseo_notices":[],"yoast_head":"<!-- This site is optimized with the Yoast SEO plugin v27.5 - https:\/\/yoast.com\/product\/yoast-seo-wordpress\/ -->\n<title>220 agressions contre les agents des forces de l\u2019ordre depuis janvier\u00a0! - La Sentinelle<\/title>\n<meta name=\"robots\" content=\"index, follow, max-snippet:-1, max-image-preview:large, max-video-preview:-1\" \/>\n<link rel=\"canonical\" href=\"https:\/\/lasentinelle.dz\/index.php\/2024\/03\/26\/220-agressions-contre-les-agents-des-forces-de-lordre-depuis-janvier\/\" \/>\n<meta property=\"og:locale\" content=\"fr_FR\" \/>\n<meta property=\"og:type\" content=\"article\" \/>\n<meta property=\"og:title\" content=\"220 agressions contre les agents des forces de l\u2019ordre depuis janvier\u00a0! - La Sentinelle\" \/>\n<meta property=\"og:description\" content=\"Le projet d\u2019amendement du Code p\u00e9nal a \u00e9t\u00e9 d\u00e9battu hier au Conseil de la Nation. Lors des d\u00e9bats, le ministre\" \/>\n<meta property=\"og:url\" content=\"https:\/\/lasentinelle.dz\/index.php\/2024\/03\/26\/220-agressions-contre-les-agents-des-forces-de-lordre-depuis-janvier\/\" \/>\n<meta property=\"og:site_name\" content=\"La Sentinelle\" \/>\n<meta property=\"article:publisher\" content=\"https:\/\/www.facebook.com\/La-Sentinelle-104059864394773\" \/>\n<meta property=\"article:published_time\" content=\"2024-03-26T13:45:25+00:00\" \/>\n<meta property=\"article:modified_time\" content=\"2024-03-26T13:45:27+00:00\" \/>\n<meta property=\"og:image\" content=\"https:\/\/lasentinelle.dz\/wp-content\/uploads\/2023\/10\/tabi.jpeg\" \/>\n\t<meta property=\"og:image:width\" content=\"1080\" \/>\n\t<meta property=\"og:image:height\" content=\"720\" \/>\n\t<meta property=\"og:image:type\" content=\"image\/jpeg\" \/>\n<meta name=\"author\" content=\"La Sentinelle\" \/>\n<meta name=\"twitter:card\" content=\"summary_large_image\" \/>\n<meta name=\"twitter:label1\" content=\"\u00c9crit par\" \/>\n\t<meta name=\"twitter:data1\" content=\"La Sentinelle\" \/>\n\t<meta name=\"twitter:label2\" content=\"Dur\u00e9e de lecture estim\u00e9e\" \/>\n\t<meta name=\"twitter:data2\" content=\"5 minutes\" \/>\n<script type=\"application\/ld+json\" class=\"yoast-schema-graph\">{\"@context\":\"https:\\\/\\\/schema.org\",\"@graph\":[{\"@type\":\"Article\",\"@id\":\"https:\\\/\\\/lasentinelle.dz\\\/index.php\\\/2024\\\/03\\\/26\\\/220-agressions-contre-les-agents-des-forces-de-lordre-depuis-janvier\\\/#article\",\"isPartOf\":{\"@id\":\"https:\\\/\\\/lasentinelle.dz\\\/index.php\\\/2024\\\/03\\\/26\\\/220-agressions-contre-les-agents-des-forces-de-lordre-depuis-janvier\\\/\"},\"author\":{\"name\":\"La Sentinelle\",\"@id\":\"https:\\\/\\\/lasentinelle.dz\\\/#\\\/schema\\\/person\\\/d865044e22e70a75174ce8bcad3acfb3\"},\"headline\":\"220 agressions contre les agents des forces de l\u2019ordre depuis janvier\u00a0!\",\"datePublished\":\"2024-03-26T13:45:25+00:00\",\"dateModified\":\"2024-03-26T13:45:27+00:00\",\"mainEntityOfPage\":{\"@id\":\"https:\\\/\\\/lasentinelle.dz\\\/index.php\\\/2024\\\/03\\\/26\\\/220-agressions-contre-les-agents-des-forces-de-lordre-depuis-janvier\\\/\"},\"wordCount\":1019,\"commentCount\":0,\"publisher\":{\"@id\":\"https:\\\/\\\/lasentinelle.dz\\\/#organization\"},\"image\":{\"@id\":\"https:\\\/\\\/lasentinelle.dz\\\/index.php\\\/2024\\\/03\\\/26\\\/220-agressions-contre-les-agents-des-forces-de-lordre-depuis-janvier\\\/#primaryimage\"},\"thumbnailUrl\":\"https:\\\/\\\/lasentinelle.dz\\\/wp-content\\\/uploads\\\/2023\\\/10\\\/tabi.jpeg\",\"articleSection\":[\"Actualit\u00e9\"],\"inLanguage\":\"fr-FR\",\"potentialAction\":[{\"@type\":\"CommentAction\",\"name\":\"Comment\",\"target\":[\"https:\\\/\\\/lasentinelle.dz\\\/index.php\\\/2024\\\/03\\\/26\\\/220-agressions-contre-les-agents-des-forces-de-lordre-depuis-janvier\\\/#respond\"]}]},{\"@type\":\"WebPage\",\"@id\":\"https:\\\/\\\/lasentinelle.dz\\\/index.php\\\/2024\\\/03\\\/26\\\/220-agressions-contre-les-agents-des-forces-de-lordre-depuis-janvier\\\/\",\"url\":\"https:\\\/\\\/lasentinelle.dz\\\/index.php\\\/2024\\\/03\\\/26\\\/220-agressions-contre-les-agents-des-forces-de-lordre-depuis-janvier\\\/\",\"name\":\"220 agressions contre les agents des forces de l\u2019ordre depuis janvier\u00a0! - La Sentinelle\",\"isPartOf\":{\"@id\":\"https:\\\/\\\/lasentinelle.dz\\\/#website\"},\"primaryImageOfPage\":{\"@id\":\"https:\\\/\\\/lasentinelle.dz\\\/index.php\\\/2024\\\/03\\\/26\\\/220-agressions-contre-les-agents-des-forces-de-lordre-depuis-janvier\\\/#primaryimage\"},\"image\":{\"@id\":\"https:\\\/\\\/lasentinelle.dz\\\/index.php\\\/2024\\\/03\\\/26\\\/220-agressions-contre-les-agents-des-forces-de-lordre-depuis-janvier\\\/#primaryimage\"},\"thumbnailUrl\":\"https:\\\/\\\/lasentinelle.dz\\\/wp-content\\\/uploads\\\/2023\\\/10\\\/tabi.jpeg\",\"datePublished\":\"2024-03-26T13:45:25+00:00\",\"dateModified\":\"2024-03-26T13:45:27+00:00\",\"breadcrumb\":{\"@id\":\"https:\\\/\\\/lasentinelle.dz\\\/index.php\\\/2024\\\/03\\\/26\\\/220-agressions-contre-les-agents-des-forces-de-lordre-depuis-janvier\\\/#breadcrumb\"},\"inLanguage\":\"fr-FR\",\"potentialAction\":[{\"@type\":\"ReadAction\",\"target\":[\"https:\\\/\\\/lasentinelle.dz\\\/index.php\\\/2024\\\/03\\\/26\\\/220-agressions-contre-les-agents-des-forces-de-lordre-depuis-janvier\\\/\"]}]},{\"@type\":\"ImageObject\",\"inLanguage\":\"fr-FR\",\"@id\":\"https:\\\/\\\/lasentinelle.dz\\\/index.php\\\/2024\\\/03\\\/26\\\/220-agressions-contre-les-agents-des-forces-de-lordre-depuis-janvier\\\/#primaryimage\",\"url\":\"https:\\\/\\\/lasentinelle.dz\\\/wp-content\\\/uploads\\\/2023\\\/10\\\/tabi.jpeg\",\"contentUrl\":\"https:\\\/\\\/lasentinelle.dz\\\/wp-content\\\/uploads\\\/2023\\\/10\\\/tabi.jpeg\",\"width\":1080,\"height\":720},{\"@type\":\"BreadcrumbList\",\"@id\":\"https:\\\/\\\/lasentinelle.dz\\\/index.php\\\/2024\\\/03\\\/26\\\/220-agressions-contre-les-agents-des-forces-de-lordre-depuis-janvier\\\/#breadcrumb\",\"itemListElement\":[{\"@type\":\"ListItem\",\"position\":1,\"name\":\"Accueil\",\"item\":\"https:\\\/\\\/lasentinelle.dz\\\/\"},{\"@type\":\"ListItem\",\"position\":2,\"name\":\"220 agressions contre les agents des forces de l\u2019ordre depuis janvier\u00a0!\"}]},{\"@type\":\"WebSite\",\"@id\":\"https:\\\/\\\/lasentinelle.dz\\\/#website\",\"url\":\"https:\\\/\\\/lasentinelle.dz\\\/\",\"name\":\"La Sentinelle\",\"description\":\"Quotidien national d&#039;information\",\"publisher\":{\"@id\":\"https:\\\/\\\/lasentinelle.dz\\\/#organization\"},\"potentialAction\":[{\"@type\":\"SearchAction\",\"target\":{\"@type\":\"EntryPoint\",\"urlTemplate\":\"https:\\\/\\\/lasentinelle.dz\\\/?s={search_term_string}\"},\"query-input\":{\"@type\":\"PropertyValueSpecification\",\"valueRequired\":true,\"valueName\":\"search_term_string\"}}],\"inLanguage\":\"fr-FR\"},{\"@type\":\"Organization\",\"@id\":\"https:\\\/\\\/lasentinelle.dz\\\/#organization\",\"name\":\"Quotidien La Sentinelle\",\"url\":\"https:\\\/\\\/lasentinelle.dz\\\/\",\"logo\":{\"@type\":\"ImageObject\",\"inLanguage\":\"fr-FR\",\"@id\":\"https:\\\/\\\/lasentinelle.dz\\\/#\\\/schema\\\/logo\\\/image\\\/\",\"url\":\"https:\\\/\\\/lasentinelle.dz\\\/wp-content\\\/uploads\\\/2021\\\/09\\\/logo-sentinelleSLOGAN-1.png\",\"contentUrl\":\"https:\\\/\\\/lasentinelle.dz\\\/wp-content\\\/uploads\\\/2021\\\/09\\\/logo-sentinelleSLOGAN-1.png\",\"width\":615,\"height\":142,\"caption\":\"Quotidien La Sentinelle\"},\"image\":{\"@id\":\"https:\\\/\\\/lasentinelle.dz\\\/#\\\/schema\\\/logo\\\/image\\\/\"},\"sameAs\":[\"https:\\\/\\\/www.facebook.com\\\/La-Sentinelle-104059864394773\"]},{\"@type\":\"Person\",\"@id\":\"https:\\\/\\\/lasentinelle.dz\\\/#\\\/schema\\\/person\\\/d865044e22e70a75174ce8bcad3acfb3\",\"name\":\"La Sentinelle\",\"image\":{\"@type\":\"ImageObject\",\"inLanguage\":\"fr-FR\",\"@id\":\"https:\\\/\\\/secure.gravatar.com\\\/avatar\\\/57de8e5d4b15d43fb361a71fbb36338450fe67865b528a43dd10ef7c51a20392?s=96&d=mm&r=g\",\"url\":\"https:\\\/\\\/secure.gravatar.com\\\/avatar\\\/57de8e5d4b15d43fb361a71fbb36338450fe67865b528a43dd10ef7c51a20392?s=96&d=mm&r=g\",\"contentUrl\":\"https:\\\/\\\/secure.gravatar.com\\\/avatar\\\/57de8e5d4b15d43fb361a71fbb36338450fe67865b528a43dd10ef7c51a20392?s=96&d=mm&r=g\",\"caption\":\"La Sentinelle\"},\"sameAs\":[\"http:\\\/\\\/www.lasentinelle.dz\"],\"url\":\"https:\\\/\\\/lasentinelle.dz\\\/author\\\/redaction\\\/\"}]}<\/script>\n<!-- \/ Yoast SEO plugin. -->","yoast_head_json":{"title":"220 agressions contre les agents des forces de l\u2019ordre depuis janvier\u00a0! - La Sentinelle","robots":{"index":"index","follow":"follow","max-snippet":"max-snippet:-1","max-image-preview":"max-image-preview:large","max-video-preview":"max-video-preview:-1"},"canonical":"https:\/\/lasentinelle.dz\/index.php\/2024\/03\/26\/220-agressions-contre-les-agents-des-forces-de-lordre-depuis-janvier\/","og_locale":"fr_FR","og_type":"article","og_title":"220 agressions contre les agents des forces de l\u2019ordre depuis janvier\u00a0! - La Sentinelle","og_description":"Le projet d\u2019amendement du Code p\u00e9nal a \u00e9t\u00e9 d\u00e9battu hier au Conseil de la Nation. Lors des d\u00e9bats, le ministre","og_url":"https:\/\/lasentinelle.dz\/index.php\/2024\/03\/26\/220-agressions-contre-les-agents-des-forces-de-lordre-depuis-janvier\/","og_site_name":"La Sentinelle","article_publisher":"https:\/\/www.facebook.com\/La-Sentinelle-104059864394773","article_published_time":"2024-03-26T13:45:25+00:00","article_modified_time":"2024-03-26T13:45:27+00:00","og_image":[{"width":1080,"height":720,"url":"https:\/\/lasentinelle.dz\/wp-content\/uploads\/2023\/10\/tabi.jpeg","type":"image\/jpeg"}],"author":"La Sentinelle","twitter_card":"summary_large_image","twitter_misc":{"\u00c9crit par":"La Sentinelle","Dur\u00e9e de lecture estim\u00e9e":"5 minutes"},"schema":{"@context":"https:\/\/schema.org","@graph":[{"@type":"Article","@id":"https:\/\/lasentinelle.dz\/index.php\/2024\/03\/26\/220-agressions-contre-les-agents-des-forces-de-lordre-depuis-janvier\/#article","isPartOf":{"@id":"https:\/\/lasentinelle.dz\/index.php\/2024\/03\/26\/220-agressions-contre-les-agents-des-forces-de-lordre-depuis-janvier\/"},"author":{"name":"La Sentinelle","@id":"https:\/\/lasentinelle.dz\/#\/schema\/person\/d865044e22e70a75174ce8bcad3acfb3"},"headline":"220 agressions contre les agents des forces de l\u2019ordre depuis janvier\u00a0!","datePublished":"2024-03-26T13:45:25+00:00","dateModified":"2024-03-26T13:45:27+00:00","mainEntityOfPage":{"@id":"https:\/\/lasentinelle.dz\/index.php\/2024\/03\/26\/220-agressions-contre-les-agents-des-forces-de-lordre-depuis-janvier\/"},"wordCount":1019,"commentCount":0,"publisher":{"@id":"https:\/\/lasentinelle.dz\/#organization"},"image":{"@id":"https:\/\/lasentinelle.dz\/index.php\/2024\/03\/26\/220-agressions-contre-les-agents-des-forces-de-lordre-depuis-janvier\/#primaryimage"},"thumbnailUrl":"https:\/\/lasentinelle.dz\/wp-content\/uploads\/2023\/10\/tabi.jpeg","articleSection":["Actualit\u00e9"],"inLanguage":"fr-FR","potentialAction":[{"@type":"CommentAction","name":"Comment","target":["https:\/\/lasentinelle.dz\/index.php\/2024\/03\/26\/220-agressions-contre-les-agents-des-forces-de-lordre-depuis-janvier\/#respond"]}]},{"@type":"WebPage","@id":"https:\/\/lasentinelle.dz\/index.php\/2024\/03\/26\/220-agressions-contre-les-agents-des-forces-de-lordre-depuis-janvier\/","url":"https:\/\/lasentinelle.dz\/index.php\/2024\/03\/26\/220-agressions-contre-les-agents-des-forces-de-lordre-depuis-janvier\/","name":"220 agressions contre les agents des forces de l\u2019ordre depuis janvier\u00a0! - La Sentinelle","isPartOf":{"@id":"https:\/\/lasentinelle.dz\/#website"},"primaryImageOfPage":{"@id":"https:\/\/lasentinelle.dz\/index.php\/2024\/03\/26\/220-agressions-contre-les-agents-des-forces-de-lordre-depuis-janvier\/#primaryimage"},"image":{"@id":"https:\/\/lasentinelle.dz\/index.php\/2024\/03\/26\/220-agressions-contre-les-agents-des-forces-de-lordre-depuis-janvier\/#primaryimage"},"thumbnailUrl":"https:\/\/lasentinelle.dz\/wp-content\/uploads\/2023\/10\/tabi.jpeg","datePublished":"2024-03-26T13:45:25+00:00","dateModified":"2024-03-26T13:45:27+00:00","breadcrumb":{"@id":"https:\/\/lasentinelle.dz\/index.php\/2024\/03\/26\/220-agressions-contre-les-agents-des-forces-de-lordre-depuis-janvier\/#breadcrumb"},"inLanguage":"fr-FR","potentialAction":[{"@type":"ReadAction","target":["https:\/\/lasentinelle.dz\/index.php\/2024\/03\/26\/220-agressions-contre-les-agents-des-forces-de-lordre-depuis-janvier\/"]}]},{"@type":"ImageObject","inLanguage":"fr-FR","@id":"https:\/\/lasentinelle.dz\/index.php\/2024\/03\/26\/220-agressions-contre-les-agents-des-forces-de-lordre-depuis-janvier\/#primaryimage","url":"https:\/\/lasentinelle.dz\/wp-content\/uploads\/2023\/10\/tabi.jpeg","contentUrl":"https:\/\/lasentinelle.dz\/wp-content\/uploads\/2023\/10\/tabi.jpeg","width":1080,"height":720},{"@type":"BreadcrumbList","@id":"https:\/\/lasentinelle.dz\/index.php\/2024\/03\/26\/220-agressions-contre-les-agents-des-forces-de-lordre-depuis-janvier\/#breadcrumb","itemListElement":[{"@type":"ListItem","position":1,"name":"Accueil","item":"https:\/\/lasentinelle.dz\/"},{"@type":"ListItem","position":2,"name":"220 agressions contre les agents des forces de l\u2019ordre depuis janvier\u00a0!"}]},{"@type":"WebSite","@id":"https:\/\/lasentinelle.dz\/#website","url":"https:\/\/lasentinelle.dz\/","name":"La Sentinelle","description":"Quotidien national d&#039;information","publisher":{"@id":"https:\/\/lasentinelle.dz\/#organization"},"potentialAction":[{"@type":"SearchAction","target":{"@type":"EntryPoint","urlTemplate":"https:\/\/lasentinelle.dz\/?s={search_term_string}"},"query-input":{"@type":"PropertyValueSpecification","valueRequired":true,"valueName":"search_term_string"}}],"inLanguage":"fr-FR"},{"@type":"Organization","@id":"https:\/\/lasentinelle.dz\/#organization","name":"Quotidien La Sentinelle","url":"https:\/\/lasentinelle.dz\/","logo":{"@type":"ImageObject","inLanguage":"fr-FR","@id":"https:\/\/lasentinelle.dz\/#\/schema\/logo\/image\/","url":"https:\/\/lasentinelle.dz\/wp-content\/uploads\/2021\/09\/logo-sentinelleSLOGAN-1.png","contentUrl":"https:\/\/lasentinelle.dz\/wp-content\/uploads\/2021\/09\/logo-sentinelleSLOGAN-1.png","width":615,"height":142,"caption":"Quotidien La Sentinelle"},"image":{"@id":"https:\/\/lasentinelle.dz\/#\/schema\/logo\/image\/"},"sameAs":["https:\/\/www.facebook.com\/La-Sentinelle-104059864394773"]},{"@type":"Person","@id":"https:\/\/lasentinelle.dz\/#\/schema\/person\/d865044e22e70a75174ce8bcad3acfb3","name":"La Sentinelle","image":{"@type":"ImageObject","inLanguage":"fr-FR","@id":"https:\/\/secure.gravatar.com\/avatar\/57de8e5d4b15d43fb361a71fbb36338450fe67865b528a43dd10ef7c51a20392?s=96&d=mm&r=g","url":"https:\/\/secure.gravatar.com\/avatar\/57de8e5d4b15d43fb361a71fbb36338450fe67865b528a43dd10ef7c51a20392?s=96&d=mm&r=g","contentUrl":"https:\/\/secure.gravatar.com\/avatar\/57de8e5d4b15d43fb361a71fbb36338450fe67865b528a43dd10ef7c51a20392?s=96&d=mm&r=g","caption":"La Sentinelle"},"sameAs":["http:\/\/www.lasentinelle.dz"],"url":"https:\/\/lasentinelle.dz\/author\/redaction\/"}]}},"_links":{"self":[{"href":"https:\/\/lasentinelle.dz\/index.php\/wp-json\/wp\/v2\/posts\/50703","targetHints":{"allow":["GET"]}}],"collection":[{"href":"https:\/\/lasentinelle.dz\/index.php\/wp-json\/wp\/v2\/posts"}],"about":[{"href":"https:\/\/lasentinelle.dz\/index.php\/wp-json\/wp\/v2\/types\/post"}],"author":[{"embeddable":true,"href":"https:\/\/lasentinelle.dz\/index.php\/wp-json\/wp\/v2\/users\/3"}],"replies":[{"embeddable":true,"href":"https:\/\/lasentinelle.dz\/index.php\/wp-json\/wp\/v2\/comments?post=50703"}],"version-history":[{"count":1,"href":"https:\/\/lasentinelle.dz\/index.php\/wp-json\/wp\/v2\/posts\/50703\/revisions"}],"predecessor-version":[{"id":50704,"href":"https:\/\/lasentinelle.dz\/index.php\/wp-json\/wp\/v2\/posts\/50703\/revisions\/50704"}],"wp:featuredmedia":[{"embeddable":true,"href":"https:\/\/lasentinelle.dz\/index.php\/wp-json\/wp\/v2\/media\/46032"}],"wp:attachment":[{"href":"https:\/\/lasentinelle.dz\/index.php\/wp-json\/wp\/v2\/media?parent=50703"}],"wp:term":[{"taxonomy":"category","embeddable":true,"href":"https:\/\/lasentinelle.dz\/index.php\/wp-json\/wp\/v2\/categories?post=50703"},{"taxonomy":"post_tag","embeddable":true,"href":"https:\/\/lasentinelle.dz\/index.php\/wp-json\/wp\/v2\/tags?post=50703"}],"curies":[{"name":"wp","href":"https:\/\/api.w.org\/{rel}","templated":true}]}}