{"id":50705,"date":"2024-03-26T14:48:22","date_gmt":"2024-03-26T13:48:22","guid":{"rendered":"https:\/\/lasentinelle.dz\/?p=50705"},"modified":"2024-03-26T14:48:24","modified_gmt":"2024-03-26T13:48:24","slug":"presidentielle-anticipee-une-decision-qui-resulte-dune-reflexion-approfondie","status":"publish","type":"post","link":"https:\/\/lasentinelle.dz\/index.php\/2024\/03\/26\/presidentielle-anticipee-une-decision-qui-resulte-dune-reflexion-approfondie\/","title":{"rendered":"Pr\u00e9sidentielle anticip\u00e9e\u00a0: Une d\u00e9cision qui r\u00e9sulte \u00ab\u00a0d\u2019une r\u00e9flexion approfondie\u00a0\u00bb"},"content":{"rendered":"\n<p>Le pr\u00e9sident du Conseil national des droits de l&rsquo;homme (CNDH), Abdelmadjid Zaalani, a estim\u00e9 hier que la d\u00e9cision du pr\u00e9sident de la R\u00e9publique, Abdelmadjid Tebboune, d&rsquo;organiser des \u00e9lections pr\u00e9sidentielles anticip\u00e9es \u00e9tait une d\u00e9cision rationnelle, r\u00e9sultant d&rsquo;une r\u00e9flexion approfondie. Il a \u00e9galement estim\u00e9 que celle-ci est un facteur de stabilisation dans la mesure o\u00f9 ferme la porte \u00e0 la confusion.<\/p>\n\n\n\n<p>Invit\u00e9 du Forum de la Radio alg\u00e9rienne, le pr\u00e9sident du CNDH a soulign\u00e9 hier que la d\u00e9cision du pr\u00e9sident de la R\u00e9publique, Abdelmadjid Tebboune, d&rsquo;organiser des \u00e9lections pr\u00e9sidentielles anticip\u00e9es est tout ce qu\u2019il y a de l\u00e9gal de constitutionnel. \u00ab&nbsp;La Constitution conf\u00e8re au pr\u00e9sident de la R\u00e9publique le pouvoir d&rsquo;annoncer des \u00e9lections anticip\u00e9es, sans explication, ni justification de la d\u00e9cision \u00bb, a expliqu\u00e9 Abdelmadjid Zaalani.<\/p>\n\n\n\n<p>Zaalani a pr\u00e9cis\u00e9 que la d\u00e9cision de tenir une \u00e9lection pr\u00e9sidentielle anticip\u00e9e est \u00ab\u00a0sage et rationnelle\u00a0\u00bb, car elle r\u00e9sulte, a-t-il dit, d&rsquo;une \u00ab\u00a0analyse approfondie de la r\u00e9alit\u00e9\u00a0\u00bb, relevant qu&rsquo;elle constitue \u00ab\u00a0un facteur de stabilit\u00e9 et ferme la porte aux d\u00e9tracteurs qui cherchent \u00e0 semer le trouble et la confusion\u00a0\u00bb. \u00ab\u00a0Les derniers d\u00e9veloppements sur la sc\u00e8ne internationale qui augurent de conflits potentiels quasi-programm\u00e9s, dont certains assez pr\u00e8s des fronti\u00e8res alg\u00e9riennes\u00a0\u00bb, sont parmi les raisons principales de la d\u00e9cision d&rsquo;avancer l&rsquo;\u00e9lection pr\u00e9sidentielle, a not\u00e9 M. Zaalani, soulignant que la meilleure mani\u00e8re de faire face \u00e0 ces conflits est de \u00ab\u00a0renforcer la s\u00e9curit\u00e9 et la stabilit\u00e9 pour parer \u00e0 tout impr\u00e9vu\u00a0\u00bb.<\/p>\n\n\n\n<p>De son c\u00f4t\u00e9, le directeur g\u00e9n\u00e9ral de l&rsquo;Institut national des \u00e9tudes strat\u00e9giques globales (INESG), Abdelaziz Medjahed a mis l\u2019accent, lors de sa participation \u00e0 ce forum a mis l&rsquo;accent sur l&rsquo;importance de \u00ab\u00a0tirer des enseignements de l&rsquo;histoire\u00a0\u00bb, insistant sur l&rsquo;imp\u00e9ratif de \u00ab\u00a0renforcer l&rsquo;unit\u00e9 nationale et de prot\u00e9ger le pays par des mesures proactives pour faire avorter tous les plans et les complots qui se trament contre le pays\u00a0\u00bb. L&rsquo;Alg\u00e9rie \u00ab\u00a0a une force morale et une profonde influence au niveau international\u00a0\u00bb, a encore soulign\u00e9 le DG de l&rsquo;INESG. Il a ajout\u00e9 que \u00ab\u00a0sa politique \u00e9trang\u00e8re est bas\u00e9e sur des principes humanitaires supr\u00eames qui d\u00e9rangent certains, et cela transparait \u00e0 travers ses plaidoiries honorables en faveur de la cause palestinienne au sein du Conseil de s\u00e9curit\u00e9. Il a \u00e9galement indiqu\u00e9 que l&rsquo;un des objectifs techniques de la d\u00e9cision du Pr\u00e9sident de la R\u00e9publique est de \u00ab\u00a0renforcer la coordination entre les diff\u00e9rents secteurs de l&rsquo;Etat alg\u00e9rien\u00a0\u00bb. Il a soulign\u00e9 que la tenue de l&rsquo;\u00e9lection pr\u00e9sidentielle anticip\u00e9e en septembre prochain co\u00efncidera avec \u00ab\u00a0la rentr\u00e9e sociale et scolaire\u00a0\u00bb, ajoutant qu&rsquo;il faut garantir le succ\u00e8s ce rendez-vous. Rappelant la tenue, jeudi dernier, d&rsquo;une r\u00e9union consacr\u00e9e \u00e0 l&rsquo;examen des pr\u00e9paratifs de la prochaine \u00e9lection pr\u00e9sidentielle pr\u00e9sid\u00e9e par le Pr\u00e9sident de la R\u00e9publique, M. Abdelmadjid Tebboune en pr\u00e9sence de hauts responsables de l&rsquo;Etat, M. Medjahed a relev\u00e9 qu&rsquo;au cours de cette r\u00e9union \u00ab\u00a0il a \u00e9t\u00e9 proc\u00e9d\u00e9 \u00e0 l&rsquo;\u00e9valuation de la derni\u00e8re \u00e9lection pr\u00e9sidentielle\u00a0\u00bb.<\/p>\n\n\n\n<p>Chokri Hafed<\/p>\n\n\n\n<p><strong>La soci\u00e9t\u00e9 civile se dit mobilis\u00e9e<\/strong><\/p>\n\n\n\n<p>Les acteurs de la soci\u00e9t\u00e9 civile ont salu\u00e9, lundi, la d\u00e9cision du pr\u00e9sident de la R\u00e9publique, M. Abdelmadjid Tebboune, d\u2019organiser une \u00e9lection pr\u00e9sidentielle anticip\u00e9e le 7 septembre prochain, affirmant leur engagement \u00e0 contribuer \u00e0 la r\u00e9ussite de ce rendez-vous important. Dans un communiqu\u00e9 sign\u00e9 par plusieurs associations et organisations, les acteurs de la soci\u00e9t\u00e9 civile ont estim\u00e9 que l\u2019annonce de la Pr\u00e9sidentielle anticip\u00e9e faite par le pr\u00e9sident de la R\u00e9publique \u00ab\u00a0rel\u00e8ve de ses pr\u00e9rogatives constitutionnelles\u00a0\u00bb, exprimant, dans ce sens, \u00ab\u00a0leur engagement \u00e0 contribuer efficacement \u00e0 la r\u00e9ussite de ce rendez-vous \u00e9lectoral\u00a0\u00bb. La Pr\u00e9sidentielle du 7 septembre prochain \u00ab\u00a0est une \u00e9tape phare dans l\u2019histoire de l\u2019Alg\u00e9rie d\u00e9mocratique\u00a0\u00bb, ont-ils soulign\u00e9, appelant \u00e0 \u00ab\u00a0la conjugaison des efforts de tous pour resserrer les rangs et renforcer l\u2019unit\u00e9 nationale\u00a0\u00bb. Et d\u2019ajouter que \u00ab\u00a0l\u2019Alg\u00e9rie a fait des pas de g\u00e9ant dans l&rsquo;ancrage des principes de la d\u00e9mocratie participative\u00a0\u00bb, appelant l\u2019ensemble des forces politiques \u00e0 faire du prochain rendez-vous \u00e9lectoral \u00ab\u00a0une opportunit\u00e9 d\u2019action collective \u00e0 saisir pour renforcer l\u2019unit\u00e9 du peuple\u00a0\u00bb.<\/p>\n\n\n\n<p>APS<\/p>\n","protected":false},"excerpt":{"rendered":"<p>Le pr\u00e9sident du Conseil national des droits de l&rsquo;homme (CNDH), Abdelmadjid Zaalani, a estim\u00e9 hier que la d\u00e9cision du pr\u00e9sident<\/p>\n","protected":false},"author":3,"featured_media":50706,"comment_status":"open","ping_status":"closed","sticky":false,"template":"","format":"standard","meta":{"colormag_page_container_layout":"default_layout","colormag_page_sidebar_layout":"default_layout","om_disable_all_campaigns":false,"_monsterinsights_skip_tracking":false,"_monsterinsights_sitenote_active":false,"_monsterinsights_sitenote_note":"","_monsterinsights_sitenote_category":0,"footnotes":"","_wpscppro_dont_share_socialmedia":false,"_wpscppro_custom_social_share_image":0,"_facebook_share_type":"","_twitter_share_type":"","_linkedin_share_type":"","_pinterest_share_type":"","_linkedin_share_type_page":"","_instagram_share_type":"","_medium_share_type":"","_threads_share_type":"","_google_business_share_type":"","_selected_social_profile":[],"_wpsp_enable_custom_social_template":false,"_wpsp_social_scheduling":{"enabled":false,"datetime":null,"platforms":[],"status":"template_only","dateOption":"today","timeOption":"now","customDays":"","customHours":"","customDate":"","customTime":"","schedulingType":"absolute"},"_wpsp_active_default_template":true},"categories":[52,27],"tags":[],"class_list":["post-50705","post","type-post","status-publish","format-standard","has-post-thumbnail","hentry","category-a-la-une","category-actualite"],"aioseo_notices":[],"yoast_head":"<!-- This site is optimized with the Yoast SEO plugin v27.5 - https:\/\/yoast.com\/product\/yoast-seo-wordpress\/ -->\n<title>Pr\u00e9sidentielle anticip\u00e9e\u00a0: Une d\u00e9cision qui r\u00e9sulte \u00ab\u00a0d\u2019une r\u00e9flexion approfondie\u00a0\u00bb - La Sentinelle<\/title>\n<meta name=\"robots\" content=\"index, follow, max-snippet:-1, max-image-preview:large, max-video-preview:-1\" \/>\n<link rel=\"canonical\" href=\"https:\/\/lasentinelle.dz\/index.php\/2024\/03\/26\/presidentielle-anticipee-une-decision-qui-resulte-dune-reflexion-approfondie\/\" \/>\n<meta property=\"og:locale\" content=\"fr_FR\" \/>\n<meta property=\"og:type\" content=\"article\" \/>\n<meta property=\"og:title\" content=\"Pr\u00e9sidentielle anticip\u00e9e\u00a0: Une d\u00e9cision qui r\u00e9sulte \u00ab\u00a0d\u2019une r\u00e9flexion approfondie\u00a0\u00bb - La Sentinelle\" \/>\n<meta property=\"og:description\" content=\"Le pr\u00e9sident du Conseil national des droits de l&rsquo;homme (CNDH), Abdelmadjid Zaalani, a estim\u00e9 hier que la d\u00e9cision du pr\u00e9sident\" \/>\n<meta property=\"og:url\" content=\"https:\/\/lasentinelle.dz\/index.php\/2024\/03\/26\/presidentielle-anticipee-une-decision-qui-resulte-dune-reflexion-approfondie\/\" \/>\n<meta property=\"og:site_name\" content=\"La Sentinelle\" \/>\n<meta property=\"article:publisher\" content=\"https:\/\/www.facebook.com\/La-Sentinelle-104059864394773\" \/>\n<meta property=\"article:published_time\" content=\"2024-03-26T13:48:22+00:00\" \/>\n<meta property=\"article:modified_time\" content=\"2024-03-26T13:48:24+00:00\" \/>\n<meta property=\"og:image\" content=\"https:\/\/lasentinelle.dz\/wp-content\/uploads\/2024\/03\/Abdelmadjid-Zaalani-scaled.jpeg\" \/>\n\t<meta property=\"og:image:width\" content=\"2560\" \/>\n\t<meta property=\"og:image:height\" content=\"1720\" \/>\n\t<meta property=\"og:image:type\" content=\"image\/jpeg\" \/>\n<meta name=\"author\" content=\"La Sentinelle\" \/>\n<meta name=\"twitter:card\" content=\"summary_large_image\" \/>\n<meta name=\"twitter:label1\" content=\"\u00c9crit par\" \/>\n\t<meta name=\"twitter:data1\" content=\"La Sentinelle\" \/>\n\t<meta name=\"twitter:label2\" content=\"Dur\u00e9e de lecture estim\u00e9e\" \/>\n\t<meta name=\"twitter:data2\" content=\"4 minutes\" \/>\n<script type=\"application\/ld+json\" class=\"yoast-schema-graph\">{\"@context\":\"https:\\\/\\\/schema.org\",\"@graph\":[{\"@type\":\"Article\",\"@id\":\"https:\\\/\\\/lasentinelle.dz\\\/index.php\\\/2024\\\/03\\\/26\\\/presidentielle-anticipee-une-decision-qui-resulte-dune-reflexion-approfondie\\\/#article\",\"isPartOf\":{\"@id\":\"https:\\\/\\\/lasentinelle.dz\\\/index.php\\\/2024\\\/03\\\/26\\\/presidentielle-anticipee-une-decision-qui-resulte-dune-reflexion-approfondie\\\/\"},\"author\":{\"name\":\"La Sentinelle\",\"@id\":\"https:\\\/\\\/lasentinelle.dz\\\/#\\\/schema\\\/person\\\/d865044e22e70a75174ce8bcad3acfb3\"},\"headline\":\"Pr\u00e9sidentielle anticip\u00e9e\u00a0: Une d\u00e9cision qui r\u00e9sulte \u00ab\u00a0d\u2019une r\u00e9flexion approfondie\u00a0\u00bb\",\"datePublished\":\"2024-03-26T13:48:22+00:00\",\"dateModified\":\"2024-03-26T13:48:24+00:00\",\"mainEntityOfPage\":{\"@id\":\"https:\\\/\\\/lasentinelle.dz\\\/index.php\\\/2024\\\/03\\\/26\\\/presidentielle-anticipee-une-decision-qui-resulte-dune-reflexion-approfondie\\\/\"},\"wordCount\":775,\"commentCount\":0,\"publisher\":{\"@id\":\"https:\\\/\\\/lasentinelle.dz\\\/#organization\"},\"image\":{\"@id\":\"https:\\\/\\\/lasentinelle.dz\\\/index.php\\\/2024\\\/03\\\/26\\\/presidentielle-anticipee-une-decision-qui-resulte-dune-reflexion-approfondie\\\/#primaryimage\"},\"thumbnailUrl\":\"https:\\\/\\\/lasentinelle.dz\\\/wp-content\\\/uploads\\\/2024\\\/03\\\/Abdelmadjid-Zaalani-scaled.jpeg\",\"articleSection\":[\"\u00c0 la Une\",\"Actualit\u00e9\"],\"inLanguage\":\"fr-FR\",\"potentialAction\":[{\"@type\":\"CommentAction\",\"name\":\"Comment\",\"target\":[\"https:\\\/\\\/lasentinelle.dz\\\/index.php\\\/2024\\\/03\\\/26\\\/presidentielle-anticipee-une-decision-qui-resulte-dune-reflexion-approfondie\\\/#respond\"]}]},{\"@type\":\"WebPage\",\"@id\":\"https:\\\/\\\/lasentinelle.dz\\\/index.php\\\/2024\\\/03\\\/26\\\/presidentielle-anticipee-une-decision-qui-resulte-dune-reflexion-approfondie\\\/\",\"url\":\"https:\\\/\\\/lasentinelle.dz\\\/index.php\\\/2024\\\/03\\\/26\\\/presidentielle-anticipee-une-decision-qui-resulte-dune-reflexion-approfondie\\\/\",\"name\":\"Pr\u00e9sidentielle anticip\u00e9e\u00a0: Une d\u00e9cision qui r\u00e9sulte \u00ab\u00a0d\u2019une r\u00e9flexion approfondie\u00a0\u00bb - La Sentinelle\",\"isPartOf\":{\"@id\":\"https:\\\/\\\/lasentinelle.dz\\\/#website\"},\"primaryImageOfPage\":{\"@id\":\"https:\\\/\\\/lasentinelle.dz\\\/index.php\\\/2024\\\/03\\\/26\\\/presidentielle-anticipee-une-decision-qui-resulte-dune-reflexion-approfondie\\\/#primaryimage\"},\"image\":{\"@id\":\"https:\\\/\\\/lasentinelle.dz\\\/index.php\\\/2024\\\/03\\\/26\\\/presidentielle-anticipee-une-decision-qui-resulte-dune-reflexion-approfondie\\\/#primaryimage\"},\"thumbnailUrl\":\"https:\\\/\\\/lasentinelle.dz\\\/wp-content\\\/uploads\\\/2024\\\/03\\\/Abdelmadjid-Zaalani-scaled.jpeg\",\"datePublished\":\"2024-03-26T13:48:22+00:00\",\"dateModified\":\"2024-03-26T13:48:24+00:00\",\"breadcrumb\":{\"@id\":\"https:\\\/\\\/lasentinelle.dz\\\/index.php\\\/2024\\\/03\\\/26\\\/presidentielle-anticipee-une-decision-qui-resulte-dune-reflexion-approfondie\\\/#breadcrumb\"},\"inLanguage\":\"fr-FR\",\"potentialAction\":[{\"@type\":\"ReadAction\",\"target\":[\"https:\\\/\\\/lasentinelle.dz\\\/index.php\\\/2024\\\/03\\\/26\\\/presidentielle-anticipee-une-decision-qui-resulte-dune-reflexion-approfondie\\\/\"]}]},{\"@type\":\"ImageObject\",\"inLanguage\":\"fr-FR\",\"@id\":\"https:\\\/\\\/lasentinelle.dz\\\/index.php\\\/2024\\\/03\\\/26\\\/presidentielle-anticipee-une-decision-qui-resulte-dune-reflexion-approfondie\\\/#primaryimage\",\"url\":\"https:\\\/\\\/lasentinelle.dz\\\/wp-content\\\/uploads\\\/2024\\\/03\\\/Abdelmadjid-Zaalani-scaled.jpeg\",\"contentUrl\":\"https:\\\/\\\/lasentinelle.dz\\\/wp-content\\\/uploads\\\/2024\\\/03\\\/Abdelmadjid-Zaalani-scaled.jpeg\",\"width\":2560,\"height\":1720},{\"@type\":\"BreadcrumbList\",\"@id\":\"https:\\\/\\\/lasentinelle.dz\\\/index.php\\\/2024\\\/03\\\/26\\\/presidentielle-anticipee-une-decision-qui-resulte-dune-reflexion-approfondie\\\/#breadcrumb\",\"itemListElement\":[{\"@type\":\"ListItem\",\"position\":1,\"name\":\"Accueil\",\"item\":\"https:\\\/\\\/lasentinelle.dz\\\/\"},{\"@type\":\"ListItem\",\"position\":2,\"name\":\"Pr\u00e9sidentielle anticip\u00e9e\u00a0: Une d\u00e9cision qui r\u00e9sulte \u00ab\u00a0d\u2019une r\u00e9flexion approfondie\u00a0\u00bb\"}]},{\"@type\":\"WebSite\",\"@id\":\"https:\\\/\\\/lasentinelle.dz\\\/#website\",\"url\":\"https:\\\/\\\/lasentinelle.dz\\\/\",\"name\":\"La Sentinelle\",\"description\":\"Quotidien national d&#039;information\",\"publisher\":{\"@id\":\"https:\\\/\\\/lasentinelle.dz\\\/#organization\"},\"potentialAction\":[{\"@type\":\"SearchAction\",\"target\":{\"@type\":\"EntryPoint\",\"urlTemplate\":\"https:\\\/\\\/lasentinelle.dz\\\/?s={search_term_string}\"},\"query-input\":{\"@type\":\"PropertyValueSpecification\",\"valueRequired\":true,\"valueName\":\"search_term_string\"}}],\"inLanguage\":\"fr-FR\"},{\"@type\":\"Organization\",\"@id\":\"https:\\\/\\\/lasentinelle.dz\\\/#organization\",\"name\":\"Quotidien La Sentinelle\",\"url\":\"https:\\\/\\\/lasentinelle.dz\\\/\",\"logo\":{\"@type\":\"ImageObject\",\"inLanguage\":\"fr-FR\",\"@id\":\"https:\\\/\\\/lasentinelle.dz\\\/#\\\/schema\\\/logo\\\/image\\\/\",\"url\":\"https:\\\/\\\/lasentinelle.dz\\\/wp-content\\\/uploads\\\/2021\\\/09\\\/logo-sentinelleSLOGAN-1.png\",\"contentUrl\":\"https:\\\/\\\/lasentinelle.dz\\\/wp-content\\\/uploads\\\/2021\\\/09\\\/logo-sentinelleSLOGAN-1.png\",\"width\":615,\"height\":142,\"caption\":\"Quotidien La Sentinelle\"},\"image\":{\"@id\":\"https:\\\/\\\/lasentinelle.dz\\\/#\\\/schema\\\/logo\\\/image\\\/\"},\"sameAs\":[\"https:\\\/\\\/www.facebook.com\\\/La-Sentinelle-104059864394773\"]},{\"@type\":\"Person\",\"@id\":\"https:\\\/\\\/lasentinelle.dz\\\/#\\\/schema\\\/person\\\/d865044e22e70a75174ce8bcad3acfb3\",\"name\":\"La Sentinelle\",\"image\":{\"@type\":\"ImageObject\",\"inLanguage\":\"fr-FR\",\"@id\":\"https:\\\/\\\/secure.gravatar.com\\\/avatar\\\/57de8e5d4b15d43fb361a71fbb36338450fe67865b528a43dd10ef7c51a20392?s=96&d=mm&r=g\",\"url\":\"https:\\\/\\\/secure.gravatar.com\\\/avatar\\\/57de8e5d4b15d43fb361a71fbb36338450fe67865b528a43dd10ef7c51a20392?s=96&d=mm&r=g\",\"contentUrl\":\"https:\\\/\\\/secure.gravatar.com\\\/avatar\\\/57de8e5d4b15d43fb361a71fbb36338450fe67865b528a43dd10ef7c51a20392?s=96&d=mm&r=g\",\"caption\":\"La Sentinelle\"},\"sameAs\":[\"http:\\\/\\\/www.lasentinelle.dz\"],\"url\":\"https:\\\/\\\/lasentinelle.dz\\\/author\\\/redaction\\\/\"}]}<\/script>\n<!-- \/ Yoast SEO plugin. -->","yoast_head_json":{"title":"Pr\u00e9sidentielle anticip\u00e9e\u00a0: Une d\u00e9cision qui r\u00e9sulte \u00ab\u00a0d\u2019une r\u00e9flexion approfondie\u00a0\u00bb - La Sentinelle","robots":{"index":"index","follow":"follow","max-snippet":"max-snippet:-1","max-image-preview":"max-image-preview:large","max-video-preview":"max-video-preview:-1"},"canonical":"https:\/\/lasentinelle.dz\/index.php\/2024\/03\/26\/presidentielle-anticipee-une-decision-qui-resulte-dune-reflexion-approfondie\/","og_locale":"fr_FR","og_type":"article","og_title":"Pr\u00e9sidentielle anticip\u00e9e\u00a0: Une d\u00e9cision qui r\u00e9sulte \u00ab\u00a0d\u2019une r\u00e9flexion approfondie\u00a0\u00bb - La Sentinelle","og_description":"Le pr\u00e9sident du Conseil national des droits de l&rsquo;homme (CNDH), Abdelmadjid Zaalani, a estim\u00e9 hier que la d\u00e9cision du pr\u00e9sident","og_url":"https:\/\/lasentinelle.dz\/index.php\/2024\/03\/26\/presidentielle-anticipee-une-decision-qui-resulte-dune-reflexion-approfondie\/","og_site_name":"La Sentinelle","article_publisher":"https:\/\/www.facebook.com\/La-Sentinelle-104059864394773","article_published_time":"2024-03-26T13:48:22+00:00","article_modified_time":"2024-03-26T13:48:24+00:00","og_image":[{"width":2560,"height":1720,"url":"https:\/\/lasentinelle.dz\/wp-content\/uploads\/2024\/03\/Abdelmadjid-Zaalani-scaled.jpeg","type":"image\/jpeg"}],"author":"La Sentinelle","twitter_card":"summary_large_image","twitter_misc":{"\u00c9crit par":"La Sentinelle","Dur\u00e9e de lecture estim\u00e9e":"4 minutes"},"schema":{"@context":"https:\/\/schema.org","@graph":[{"@type":"Article","@id":"https:\/\/lasentinelle.dz\/index.php\/2024\/03\/26\/presidentielle-anticipee-une-decision-qui-resulte-dune-reflexion-approfondie\/#article","isPartOf":{"@id":"https:\/\/lasentinelle.dz\/index.php\/2024\/03\/26\/presidentielle-anticipee-une-decision-qui-resulte-dune-reflexion-approfondie\/"},"author":{"name":"La Sentinelle","@id":"https:\/\/lasentinelle.dz\/#\/schema\/person\/d865044e22e70a75174ce8bcad3acfb3"},"headline":"Pr\u00e9sidentielle anticip\u00e9e\u00a0: Une d\u00e9cision qui r\u00e9sulte \u00ab\u00a0d\u2019une r\u00e9flexion approfondie\u00a0\u00bb","datePublished":"2024-03-26T13:48:22+00:00","dateModified":"2024-03-26T13:48:24+00:00","mainEntityOfPage":{"@id":"https:\/\/lasentinelle.dz\/index.php\/2024\/03\/26\/presidentielle-anticipee-une-decision-qui-resulte-dune-reflexion-approfondie\/"},"wordCount":775,"commentCount":0,"publisher":{"@id":"https:\/\/lasentinelle.dz\/#organization"},"image":{"@id":"https:\/\/lasentinelle.dz\/index.php\/2024\/03\/26\/presidentielle-anticipee-une-decision-qui-resulte-dune-reflexion-approfondie\/#primaryimage"},"thumbnailUrl":"https:\/\/lasentinelle.dz\/wp-content\/uploads\/2024\/03\/Abdelmadjid-Zaalani-scaled.jpeg","articleSection":["\u00c0 la Une","Actualit\u00e9"],"inLanguage":"fr-FR","potentialAction":[{"@type":"CommentAction","name":"Comment","target":["https:\/\/lasentinelle.dz\/index.php\/2024\/03\/26\/presidentielle-anticipee-une-decision-qui-resulte-dune-reflexion-approfondie\/#respond"]}]},{"@type":"WebPage","@id":"https:\/\/lasentinelle.dz\/index.php\/2024\/03\/26\/presidentielle-anticipee-une-decision-qui-resulte-dune-reflexion-approfondie\/","url":"https:\/\/lasentinelle.dz\/index.php\/2024\/03\/26\/presidentielle-anticipee-une-decision-qui-resulte-dune-reflexion-approfondie\/","name":"Pr\u00e9sidentielle anticip\u00e9e\u00a0: Une d\u00e9cision qui r\u00e9sulte \u00ab\u00a0d\u2019une r\u00e9flexion approfondie\u00a0\u00bb - La Sentinelle","isPartOf":{"@id":"https:\/\/lasentinelle.dz\/#website"},"primaryImageOfPage":{"@id":"https:\/\/lasentinelle.dz\/index.php\/2024\/03\/26\/presidentielle-anticipee-une-decision-qui-resulte-dune-reflexion-approfondie\/#primaryimage"},"image":{"@id":"https:\/\/lasentinelle.dz\/index.php\/2024\/03\/26\/presidentielle-anticipee-une-decision-qui-resulte-dune-reflexion-approfondie\/#primaryimage"},"thumbnailUrl":"https:\/\/lasentinelle.dz\/wp-content\/uploads\/2024\/03\/Abdelmadjid-Zaalani-scaled.jpeg","datePublished":"2024-03-26T13:48:22+00:00","dateModified":"2024-03-26T13:48:24+00:00","breadcrumb":{"@id":"https:\/\/lasentinelle.dz\/index.php\/2024\/03\/26\/presidentielle-anticipee-une-decision-qui-resulte-dune-reflexion-approfondie\/#breadcrumb"},"inLanguage":"fr-FR","potentialAction":[{"@type":"ReadAction","target":["https:\/\/lasentinelle.dz\/index.php\/2024\/03\/26\/presidentielle-anticipee-une-decision-qui-resulte-dune-reflexion-approfondie\/"]}]},{"@type":"ImageObject","inLanguage":"fr-FR","@id":"https:\/\/lasentinelle.dz\/index.php\/2024\/03\/26\/presidentielle-anticipee-une-decision-qui-resulte-dune-reflexion-approfondie\/#primaryimage","url":"https:\/\/lasentinelle.dz\/wp-content\/uploads\/2024\/03\/Abdelmadjid-Zaalani-scaled.jpeg","contentUrl":"https:\/\/lasentinelle.dz\/wp-content\/uploads\/2024\/03\/Abdelmadjid-Zaalani-scaled.jpeg","width":2560,"height":1720},{"@type":"BreadcrumbList","@id":"https:\/\/lasentinelle.dz\/index.php\/2024\/03\/26\/presidentielle-anticipee-une-decision-qui-resulte-dune-reflexion-approfondie\/#breadcrumb","itemListElement":[{"@type":"ListItem","position":1,"name":"Accueil","item":"https:\/\/lasentinelle.dz\/"},{"@type":"ListItem","position":2,"name":"Pr\u00e9sidentielle anticip\u00e9e\u00a0: Une d\u00e9cision qui r\u00e9sulte \u00ab\u00a0d\u2019une r\u00e9flexion approfondie\u00a0\u00bb"}]},{"@type":"WebSite","@id":"https:\/\/lasentinelle.dz\/#website","url":"https:\/\/lasentinelle.dz\/","name":"La Sentinelle","description":"Quotidien national d&#039;information","publisher":{"@id":"https:\/\/lasentinelle.dz\/#organization"},"potentialAction":[{"@type":"SearchAction","target":{"@type":"EntryPoint","urlTemplate":"https:\/\/lasentinelle.dz\/?s={search_term_string}"},"query-input":{"@type":"PropertyValueSpecification","valueRequired":true,"valueName":"search_term_string"}}],"inLanguage":"fr-FR"},{"@type":"Organization","@id":"https:\/\/lasentinelle.dz\/#organization","name":"Quotidien La Sentinelle","url":"https:\/\/lasentinelle.dz\/","logo":{"@type":"ImageObject","inLanguage":"fr-FR","@id":"https:\/\/lasentinelle.dz\/#\/schema\/logo\/image\/","url":"https:\/\/lasentinelle.dz\/wp-content\/uploads\/2021\/09\/logo-sentinelleSLOGAN-1.png","contentUrl":"https:\/\/lasentinelle.dz\/wp-content\/uploads\/2021\/09\/logo-sentinelleSLOGAN-1.png","width":615,"height":142,"caption":"Quotidien La Sentinelle"},"image":{"@id":"https:\/\/lasentinelle.dz\/#\/schema\/logo\/image\/"},"sameAs":["https:\/\/www.facebook.com\/La-Sentinelle-104059864394773"]},{"@type":"Person","@id":"https:\/\/lasentinelle.dz\/#\/schema\/person\/d865044e22e70a75174ce8bcad3acfb3","name":"La Sentinelle","image":{"@type":"ImageObject","inLanguage":"fr-FR","@id":"https:\/\/secure.gravatar.com\/avatar\/57de8e5d4b15d43fb361a71fbb36338450fe67865b528a43dd10ef7c51a20392?s=96&d=mm&r=g","url":"https:\/\/secure.gravatar.com\/avatar\/57de8e5d4b15d43fb361a71fbb36338450fe67865b528a43dd10ef7c51a20392?s=96&d=mm&r=g","contentUrl":"https:\/\/secure.gravatar.com\/avatar\/57de8e5d4b15d43fb361a71fbb36338450fe67865b528a43dd10ef7c51a20392?s=96&d=mm&r=g","caption":"La Sentinelle"},"sameAs":["http:\/\/www.lasentinelle.dz"],"url":"https:\/\/lasentinelle.dz\/author\/redaction\/"}]}},"_links":{"self":[{"href":"https:\/\/lasentinelle.dz\/index.php\/wp-json\/wp\/v2\/posts\/50705","targetHints":{"allow":["GET"]}}],"collection":[{"href":"https:\/\/lasentinelle.dz\/index.php\/wp-json\/wp\/v2\/posts"}],"about":[{"href":"https:\/\/lasentinelle.dz\/index.php\/wp-json\/wp\/v2\/types\/post"}],"author":[{"embeddable":true,"href":"https:\/\/lasentinelle.dz\/index.php\/wp-json\/wp\/v2\/users\/3"}],"replies":[{"embeddable":true,"href":"https:\/\/lasentinelle.dz\/index.php\/wp-json\/wp\/v2\/comments?post=50705"}],"version-history":[{"count":1,"href":"https:\/\/lasentinelle.dz\/index.php\/wp-json\/wp\/v2\/posts\/50705\/revisions"}],"predecessor-version":[{"id":50707,"href":"https:\/\/lasentinelle.dz\/index.php\/wp-json\/wp\/v2\/posts\/50705\/revisions\/50707"}],"wp:featuredmedia":[{"embeddable":true,"href":"https:\/\/lasentinelle.dz\/index.php\/wp-json\/wp\/v2\/media\/50706"}],"wp:attachment":[{"href":"https:\/\/lasentinelle.dz\/index.php\/wp-json\/wp\/v2\/media?parent=50705"}],"wp:term":[{"taxonomy":"category","embeddable":true,"href":"https:\/\/lasentinelle.dz\/index.php\/wp-json\/wp\/v2\/categories?post=50705"},{"taxonomy":"post_tag","embeddable":true,"href":"https:\/\/lasentinelle.dz\/index.php\/wp-json\/wp\/v2\/tags?post=50705"}],"curies":[{"name":"wp","href":"https:\/\/api.w.org\/{rel}","templated":true}]}}