{"id":50717,"date":"2024-03-27T13:43:18","date_gmt":"2024-03-27T12:43:18","guid":{"rendered":"https:\/\/lasentinelle.dz\/?p=50717"},"modified":"2024-03-27T13:43:21","modified_gmt":"2024-03-27T12:43:21","slug":"transport-maritime-un-programme-special-ramadhan-au-profit-de-la-diaspora","status":"publish","type":"post","link":"https:\/\/lasentinelle.dz\/index.php\/2024\/03\/27\/transport-maritime-un-programme-special-ramadhan-au-profit-de-la-diaspora\/","title":{"rendered":"Transport maritime\u00a0: Un programme sp\u00e9cial ramadhan au profit de la diaspora"},"content":{"rendered":"\n<p>L&rsquo;Entreprise nationale de transport maritime des voyageurs (ENTMV) a affr\u00e9t\u00e9 un navire pour assurer un programme de voyage sp\u00e9cial ramadhan propos\u00e9 aux&nbsp; membres de la communaut\u00e9 nationale \u00e9tablie en Europe, a indiqu\u00e9 mardi \u00e0 Alger, son Directeur g\u00e9n\u00e9ral, Abdelhakim&nbsp; Bouzaher. Le navire affr\u00e9t\u00e9,&nbsp; \u00e0 partir du 24 mars courant, pour une dur\u00e9e d\u2019un mois, assurera&nbsp; le transport d&rsquo;un maximum de voyageurs pour passer la deuxi\u00e8me quinzaine du mois de ramadhan et la f\u00eate de l\u2019Aid, a pr\u00e9cis\u00e9 le responsable dans une conf\u00e9rence de presse tenue au si\u00e8ge de l\u2019ENTMV relevant que des r\u00e9ductions de&nbsp; 50% sur les billets sont appliqu\u00e9es au profit des membres de la communaut\u00e9 nationale \u00e0 l&rsquo;\u00e9tranger depuis le d\u00e9but du mois sacr\u00e9 et devront s\u2019\u00e9taler jusqu&rsquo;\u00e0 dix (10) jours apr\u00e8s le f\u00eate de l&rsquo;A\u00efd El F&rsquo;itr (du 11 mars au 24 avril 2024). Dans les d\u00e9tails, M. Bouzaher&nbsp; a indiqu\u00e9 que ce programme repr\u00e9sente 87 travers\u00e9es, soit 16 de plus par rapport au programme \u00e9tabli en d\u00e9cembre, avec des capacit\u00e9s offertes de l\u2019ordre de 134.800 voyageurs et 38.250 v\u00e9hicules. Abordant les mesures prises pour am\u00e9liorer les prestations des services de l\u2019entreprise, le directeur g\u00e9n\u00e9ral a assur\u00e9 de \u00ab\u00a0l\u2019\u00e9cho tr\u00e8s favorable\u00a0\u00bb que connaissent les deux agences pilotes de vente de billets, lanc\u00e9es \u00e0 Oran et&nbsp; Alger, d\u00e9di\u00e9es aux familles. Il a \u00e9galement affirm\u00e9 que la vente en ligne des billets avec paiement par cartes bancaires dont Eddahabia, lanc\u00e9e depuis trois jours, conna\u00eet \u00ab\u00a0un engouement remarquable\u00a0\u00bb aupr\u00e8s des voyageurs. Pour la vente en ligne des billets au profit des membres de la communaut\u00e9 nationale \u00e9tablie en Europe, M. Bouzaher a indiqu\u00e9 que l\u2019op\u00e9ration se passe dans \u00ab\u00a0les meilleures conditions\u00a0\u00bb, mettant en avant des \u00ab\u00a0pics de transactions\u00a0\u00bb, enregistr\u00e9s le 2 f\u00e9vrier dernier avec 5618 transactions, et le 18 mars courant avec 1839 transactions. Dans le volet des pr\u00e9paratifs de la saison estivale, M. Bouzaher a fait savoir qu&rsquo;en plus de la flotte de l&rsquo;entreprise, un autre navire affr\u00e9t\u00e9 a \u00e9t\u00e9 mis en service depuis le d\u00e9but du mois de f\u00e9vrier courant avec une capacit\u00e9 d\u00e9passant les 1600 passagers et plus de 450 v\u00e9hicules. Pour la saison estivale, du mois de juin \u00e0 septembre, l\u2019ENTMV a programm\u00e9 vers Alicante en Espagne 126 travers\u00e9es depuis les villes d\u2019Alger et Oran. Aussi 26 travers\u00e9es vers Barcelone sont \u00e9galement retenues depuis Oran et Alger. Pour la ligne Alger-Marseille (France), la compagnie nationale propose 171 travers\u00e9es entre juin et septembre. Pour la ligne Skikda- G\u00eanes (Italie), 16 travers\u00e9es sont programm\u00e9es a indiqu\u00e9 M. Bouzaher, affirmant que cette ligne \u00e9tait \u00ab\u00a0tr\u00e8s sollicit\u00e9e\u00a0\u00bb.<\/p>\n\n\n\n<p>APS<\/p>\n","protected":false},"excerpt":{"rendered":"<p>L&rsquo;Entreprise nationale de transport maritime des voyageurs (ENTMV) a affr\u00e9t\u00e9 un navire pour assurer un programme de voyage sp\u00e9cial ramadhan<\/p>\n","protected":false},"author":2,"featured_media":43323,"comment_status":"open","ping_status":"closed","sticky":false,"template":"","format":"standard","meta":{"colormag_page_container_layout":"default_layout","colormag_page_sidebar_layout":"default_layout","om_disable_all_campaigns":false,"_monsterinsights_skip_tracking":false,"_monsterinsights_sitenote_active":false,"_monsterinsights_sitenote_note":"","_monsterinsights_sitenote_category":0,"footnotes":"","_wpscppro_dont_share_socialmedia":false,"_wpscppro_custom_social_share_image":0,"_facebook_share_type":"","_twitter_share_type":"","_linkedin_share_type":"","_pinterest_share_type":"","_linkedin_share_type_page":"","_instagram_share_type":"","_medium_share_type":"","_threads_share_type":"","_google_business_share_type":"","_selected_social_profile":[],"_wpsp_enable_custom_social_template":false,"_wpsp_social_scheduling":{"enabled":false,"datetime":null,"platforms":[],"status":"template_only","dateOption":"today","timeOption":"now","customDays":"","customHours":"","customDate":"","customTime":"","schedulingType":"absolute"},"_wpsp_active_default_template":true},"categories":[27],"tags":[],"class_list":["post-50717","post","type-post","status-publish","format-standard","has-post-thumbnail","hentry","category-actualite"],"aioseo_notices":[],"yoast_head":"<!-- This site is optimized with the Yoast SEO plugin v27.5 - https:\/\/yoast.com\/product\/yoast-seo-wordpress\/ -->\n<title>Transport maritime\u00a0: Un programme sp\u00e9cial ramadhan au profit de la diaspora - La Sentinelle<\/title>\n<meta name=\"robots\" content=\"index, follow, max-snippet:-1, max-image-preview:large, max-video-preview:-1\" \/>\n<link rel=\"canonical\" href=\"https:\/\/lasentinelle.dz\/index.php\/2024\/03\/27\/transport-maritime-un-programme-special-ramadhan-au-profit-de-la-diaspora\/\" \/>\n<meta property=\"og:locale\" content=\"fr_FR\" \/>\n<meta property=\"og:type\" content=\"article\" \/>\n<meta property=\"og:title\" content=\"Transport maritime\u00a0: Un programme sp\u00e9cial ramadhan au profit de la diaspora - La Sentinelle\" \/>\n<meta property=\"og:description\" content=\"L&rsquo;Entreprise nationale de transport maritime des voyageurs (ENTMV) a affr\u00e9t\u00e9 un navire pour assurer un programme de voyage sp\u00e9cial ramadhan\" \/>\n<meta property=\"og:url\" content=\"https:\/\/lasentinelle.dz\/index.php\/2024\/03\/27\/transport-maritime-un-programme-special-ramadhan-au-profit-de-la-diaspora\/\" \/>\n<meta property=\"og:site_name\" content=\"La Sentinelle\" \/>\n<meta property=\"article:publisher\" content=\"https:\/\/www.facebook.com\/La-Sentinelle-104059864394773\" \/>\n<meta property=\"article:published_time\" content=\"2024-03-27T12:43:18+00:00\" \/>\n<meta property=\"article:modified_time\" content=\"2024-03-27T12:43:21+00:00\" \/>\n<meta property=\"og:image\" content=\"https:\/\/lasentinelle.dz\/wp-content\/uploads\/2023\/07\/ENTMV.jpeg\" \/>\n\t<meta property=\"og:image:width\" content=\"1280\" \/>\n\t<meta property=\"og:image:height\" content=\"853\" \/>\n\t<meta property=\"og:image:type\" content=\"image\/jpeg\" \/>\n<meta name=\"author\" content=\"Azzedine Belferag\" \/>\n<meta name=\"twitter:card\" content=\"summary_large_image\" \/>\n<meta name=\"twitter:label1\" content=\"\u00c9crit par\" \/>\n\t<meta name=\"twitter:data1\" content=\"Azzedine Belferag\" \/>\n\t<meta name=\"twitter:label2\" content=\"Dur\u00e9e de lecture estim\u00e9e\" \/>\n\t<meta name=\"twitter:data2\" content=\"3 minutes\" \/>\n<script type=\"application\/ld+json\" class=\"yoast-schema-graph\">{\"@context\":\"https:\\\/\\\/schema.org\",\"@graph\":[{\"@type\":\"Article\",\"@id\":\"https:\\\/\\\/lasentinelle.dz\\\/index.php\\\/2024\\\/03\\\/27\\\/transport-maritime-un-programme-special-ramadhan-au-profit-de-la-diaspora\\\/#article\",\"isPartOf\":{\"@id\":\"https:\\\/\\\/lasentinelle.dz\\\/index.php\\\/2024\\\/03\\\/27\\\/transport-maritime-un-programme-special-ramadhan-au-profit-de-la-diaspora\\\/\"},\"author\":{\"name\":\"Azzedine Belferag\",\"@id\":\"https:\\\/\\\/lasentinelle.dz\\\/#\\\/schema\\\/person\\\/e22c868643946ece5f328ac9d185b29f\"},\"headline\":\"Transport maritime\u00a0: Un programme sp\u00e9cial ramadhan au profit de la diaspora\",\"datePublished\":\"2024-03-27T12:43:18+00:00\",\"dateModified\":\"2024-03-27T12:43:21+00:00\",\"mainEntityOfPage\":{\"@id\":\"https:\\\/\\\/lasentinelle.dz\\\/index.php\\\/2024\\\/03\\\/27\\\/transport-maritime-un-programme-special-ramadhan-au-profit-de-la-diaspora\\\/\"},\"wordCount\":479,\"commentCount\":0,\"publisher\":{\"@id\":\"https:\\\/\\\/lasentinelle.dz\\\/#organization\"},\"image\":{\"@id\":\"https:\\\/\\\/lasentinelle.dz\\\/index.php\\\/2024\\\/03\\\/27\\\/transport-maritime-un-programme-special-ramadhan-au-profit-de-la-diaspora\\\/#primaryimage\"},\"thumbnailUrl\":\"https:\\\/\\\/lasentinelle.dz\\\/wp-content\\\/uploads\\\/2023\\\/07\\\/ENTMV.jpeg\",\"articleSection\":[\"Actualit\u00e9\"],\"inLanguage\":\"fr-FR\",\"potentialAction\":[{\"@type\":\"CommentAction\",\"name\":\"Comment\",\"target\":[\"https:\\\/\\\/lasentinelle.dz\\\/index.php\\\/2024\\\/03\\\/27\\\/transport-maritime-un-programme-special-ramadhan-au-profit-de-la-diaspora\\\/#respond\"]}]},{\"@type\":\"WebPage\",\"@id\":\"https:\\\/\\\/lasentinelle.dz\\\/index.php\\\/2024\\\/03\\\/27\\\/transport-maritime-un-programme-special-ramadhan-au-profit-de-la-diaspora\\\/\",\"url\":\"https:\\\/\\\/lasentinelle.dz\\\/index.php\\\/2024\\\/03\\\/27\\\/transport-maritime-un-programme-special-ramadhan-au-profit-de-la-diaspora\\\/\",\"name\":\"Transport maritime\u00a0: Un programme sp\u00e9cial ramadhan au profit de la diaspora - La Sentinelle\",\"isPartOf\":{\"@id\":\"https:\\\/\\\/lasentinelle.dz\\\/#website\"},\"primaryImageOfPage\":{\"@id\":\"https:\\\/\\\/lasentinelle.dz\\\/index.php\\\/2024\\\/03\\\/27\\\/transport-maritime-un-programme-special-ramadhan-au-profit-de-la-diaspora\\\/#primaryimage\"},\"image\":{\"@id\":\"https:\\\/\\\/lasentinelle.dz\\\/index.php\\\/2024\\\/03\\\/27\\\/transport-maritime-un-programme-special-ramadhan-au-profit-de-la-diaspora\\\/#primaryimage\"},\"thumbnailUrl\":\"https:\\\/\\\/lasentinelle.dz\\\/wp-content\\\/uploads\\\/2023\\\/07\\\/ENTMV.jpeg\",\"datePublished\":\"2024-03-27T12:43:18+00:00\",\"dateModified\":\"2024-03-27T12:43:21+00:00\",\"breadcrumb\":{\"@id\":\"https:\\\/\\\/lasentinelle.dz\\\/index.php\\\/2024\\\/03\\\/27\\\/transport-maritime-un-programme-special-ramadhan-au-profit-de-la-diaspora\\\/#breadcrumb\"},\"inLanguage\":\"fr-FR\",\"potentialAction\":[{\"@type\":\"ReadAction\",\"target\":[\"https:\\\/\\\/lasentinelle.dz\\\/index.php\\\/2024\\\/03\\\/27\\\/transport-maritime-un-programme-special-ramadhan-au-profit-de-la-diaspora\\\/\"]}]},{\"@type\":\"ImageObject\",\"inLanguage\":\"fr-FR\",\"@id\":\"https:\\\/\\\/lasentinelle.dz\\\/index.php\\\/2024\\\/03\\\/27\\\/transport-maritime-un-programme-special-ramadhan-au-profit-de-la-diaspora\\\/#primaryimage\",\"url\":\"https:\\\/\\\/lasentinelle.dz\\\/wp-content\\\/uploads\\\/2023\\\/07\\\/ENTMV.jpeg\",\"contentUrl\":\"https:\\\/\\\/lasentinelle.dz\\\/wp-content\\\/uploads\\\/2023\\\/07\\\/ENTMV.jpeg\",\"width\":1280,\"height\":853},{\"@type\":\"BreadcrumbList\",\"@id\":\"https:\\\/\\\/lasentinelle.dz\\\/index.php\\\/2024\\\/03\\\/27\\\/transport-maritime-un-programme-special-ramadhan-au-profit-de-la-diaspora\\\/#breadcrumb\",\"itemListElement\":[{\"@type\":\"ListItem\",\"position\":1,\"name\":\"Accueil\",\"item\":\"https:\\\/\\\/lasentinelle.dz\\\/\"},{\"@type\":\"ListItem\",\"position\":2,\"name\":\"Transport maritime\u00a0: Un programme sp\u00e9cial ramadhan au profit de la diaspora\"}]},{\"@type\":\"WebSite\",\"@id\":\"https:\\\/\\\/lasentinelle.dz\\\/#website\",\"url\":\"https:\\\/\\\/lasentinelle.dz\\\/\",\"name\":\"La Sentinelle\",\"description\":\"Quotidien national d&#039;information\",\"publisher\":{\"@id\":\"https:\\\/\\\/lasentinelle.dz\\\/#organization\"},\"potentialAction\":[{\"@type\":\"SearchAction\",\"target\":{\"@type\":\"EntryPoint\",\"urlTemplate\":\"https:\\\/\\\/lasentinelle.dz\\\/?s={search_term_string}\"},\"query-input\":{\"@type\":\"PropertyValueSpecification\",\"valueRequired\":true,\"valueName\":\"search_term_string\"}}],\"inLanguage\":\"fr-FR\"},{\"@type\":\"Organization\",\"@id\":\"https:\\\/\\\/lasentinelle.dz\\\/#organization\",\"name\":\"Quotidien La Sentinelle\",\"url\":\"https:\\\/\\\/lasentinelle.dz\\\/\",\"logo\":{\"@type\":\"ImageObject\",\"inLanguage\":\"fr-FR\",\"@id\":\"https:\\\/\\\/lasentinelle.dz\\\/#\\\/schema\\\/logo\\\/image\\\/\",\"url\":\"https:\\\/\\\/lasentinelle.dz\\\/wp-content\\\/uploads\\\/2021\\\/09\\\/logo-sentinelleSLOGAN-1.png\",\"contentUrl\":\"https:\\\/\\\/lasentinelle.dz\\\/wp-content\\\/uploads\\\/2021\\\/09\\\/logo-sentinelleSLOGAN-1.png\",\"width\":615,\"height\":142,\"caption\":\"Quotidien La Sentinelle\"},\"image\":{\"@id\":\"https:\\\/\\\/lasentinelle.dz\\\/#\\\/schema\\\/logo\\\/image\\\/\"},\"sameAs\":[\"https:\\\/\\\/www.facebook.com\\\/La-Sentinelle-104059864394773\"]},{\"@type\":\"Person\",\"@id\":\"https:\\\/\\\/lasentinelle.dz\\\/#\\\/schema\\\/person\\\/e22c868643946ece5f328ac9d185b29f\",\"name\":\"Azzedine Belferag\",\"image\":{\"@type\":\"ImageObject\",\"inLanguage\":\"fr-FR\",\"@id\":\"https:\\\/\\\/secure.gravatar.com\\\/avatar\\\/767ecc3bfcf23cd6d0dae1705f124feb13a88fded1daa56498e4fb3aa3fc36a1?s=96&d=mm&r=g\",\"url\":\"https:\\\/\\\/secure.gravatar.com\\\/avatar\\\/767ecc3bfcf23cd6d0dae1705f124feb13a88fded1daa56498e4fb3aa3fc36a1?s=96&d=mm&r=g\",\"contentUrl\":\"https:\\\/\\\/secure.gravatar.com\\\/avatar\\\/767ecc3bfcf23cd6d0dae1705f124feb13a88fded1daa56498e4fb3aa3fc36a1?s=96&d=mm&r=g\",\"caption\":\"Azzedine Belferag\"},\"sameAs\":[\"http:\\\/\\\/www.lasentinelle.dz\"],\"url\":\"https:\\\/\\\/lasentinelle.dz\\\/author\\\/belferag\\\/\"}]}<\/script>\n<!-- \/ Yoast SEO plugin. -->","yoast_head_json":{"title":"Transport maritime\u00a0: Un programme sp\u00e9cial ramadhan au profit de la diaspora - La Sentinelle","robots":{"index":"index","follow":"follow","max-snippet":"max-snippet:-1","max-image-preview":"max-image-preview:large","max-video-preview":"max-video-preview:-1"},"canonical":"https:\/\/lasentinelle.dz\/index.php\/2024\/03\/27\/transport-maritime-un-programme-special-ramadhan-au-profit-de-la-diaspora\/","og_locale":"fr_FR","og_type":"article","og_title":"Transport maritime\u00a0: Un programme sp\u00e9cial ramadhan au profit de la diaspora - La Sentinelle","og_description":"L&rsquo;Entreprise nationale de transport maritime des voyageurs (ENTMV) a affr\u00e9t\u00e9 un navire pour assurer un programme de voyage sp\u00e9cial ramadhan","og_url":"https:\/\/lasentinelle.dz\/index.php\/2024\/03\/27\/transport-maritime-un-programme-special-ramadhan-au-profit-de-la-diaspora\/","og_site_name":"La Sentinelle","article_publisher":"https:\/\/www.facebook.com\/La-Sentinelle-104059864394773","article_published_time":"2024-03-27T12:43:18+00:00","article_modified_time":"2024-03-27T12:43:21+00:00","og_image":[{"width":1280,"height":853,"url":"https:\/\/lasentinelle.dz\/wp-content\/uploads\/2023\/07\/ENTMV.jpeg","type":"image\/jpeg"}],"author":"Azzedine Belferag","twitter_card":"summary_large_image","twitter_misc":{"\u00c9crit par":"Azzedine Belferag","Dur\u00e9e de lecture estim\u00e9e":"3 minutes"},"schema":{"@context":"https:\/\/schema.org","@graph":[{"@type":"Article","@id":"https:\/\/lasentinelle.dz\/index.php\/2024\/03\/27\/transport-maritime-un-programme-special-ramadhan-au-profit-de-la-diaspora\/#article","isPartOf":{"@id":"https:\/\/lasentinelle.dz\/index.php\/2024\/03\/27\/transport-maritime-un-programme-special-ramadhan-au-profit-de-la-diaspora\/"},"author":{"name":"Azzedine Belferag","@id":"https:\/\/lasentinelle.dz\/#\/schema\/person\/e22c868643946ece5f328ac9d185b29f"},"headline":"Transport maritime\u00a0: Un programme sp\u00e9cial ramadhan au profit de la diaspora","datePublished":"2024-03-27T12:43:18+00:00","dateModified":"2024-03-27T12:43:21+00:00","mainEntityOfPage":{"@id":"https:\/\/lasentinelle.dz\/index.php\/2024\/03\/27\/transport-maritime-un-programme-special-ramadhan-au-profit-de-la-diaspora\/"},"wordCount":479,"commentCount":0,"publisher":{"@id":"https:\/\/lasentinelle.dz\/#organization"},"image":{"@id":"https:\/\/lasentinelle.dz\/index.php\/2024\/03\/27\/transport-maritime-un-programme-special-ramadhan-au-profit-de-la-diaspora\/#primaryimage"},"thumbnailUrl":"https:\/\/lasentinelle.dz\/wp-content\/uploads\/2023\/07\/ENTMV.jpeg","articleSection":["Actualit\u00e9"],"inLanguage":"fr-FR","potentialAction":[{"@type":"CommentAction","name":"Comment","target":["https:\/\/lasentinelle.dz\/index.php\/2024\/03\/27\/transport-maritime-un-programme-special-ramadhan-au-profit-de-la-diaspora\/#respond"]}]},{"@type":"WebPage","@id":"https:\/\/lasentinelle.dz\/index.php\/2024\/03\/27\/transport-maritime-un-programme-special-ramadhan-au-profit-de-la-diaspora\/","url":"https:\/\/lasentinelle.dz\/index.php\/2024\/03\/27\/transport-maritime-un-programme-special-ramadhan-au-profit-de-la-diaspora\/","name":"Transport maritime\u00a0: Un programme sp\u00e9cial ramadhan au profit de la diaspora - La Sentinelle","isPartOf":{"@id":"https:\/\/lasentinelle.dz\/#website"},"primaryImageOfPage":{"@id":"https:\/\/lasentinelle.dz\/index.php\/2024\/03\/27\/transport-maritime-un-programme-special-ramadhan-au-profit-de-la-diaspora\/#primaryimage"},"image":{"@id":"https:\/\/lasentinelle.dz\/index.php\/2024\/03\/27\/transport-maritime-un-programme-special-ramadhan-au-profit-de-la-diaspora\/#primaryimage"},"thumbnailUrl":"https:\/\/lasentinelle.dz\/wp-content\/uploads\/2023\/07\/ENTMV.jpeg","datePublished":"2024-03-27T12:43:18+00:00","dateModified":"2024-03-27T12:43:21+00:00","breadcrumb":{"@id":"https:\/\/lasentinelle.dz\/index.php\/2024\/03\/27\/transport-maritime-un-programme-special-ramadhan-au-profit-de-la-diaspora\/#breadcrumb"},"inLanguage":"fr-FR","potentialAction":[{"@type":"ReadAction","target":["https:\/\/lasentinelle.dz\/index.php\/2024\/03\/27\/transport-maritime-un-programme-special-ramadhan-au-profit-de-la-diaspora\/"]}]},{"@type":"ImageObject","inLanguage":"fr-FR","@id":"https:\/\/lasentinelle.dz\/index.php\/2024\/03\/27\/transport-maritime-un-programme-special-ramadhan-au-profit-de-la-diaspora\/#primaryimage","url":"https:\/\/lasentinelle.dz\/wp-content\/uploads\/2023\/07\/ENTMV.jpeg","contentUrl":"https:\/\/lasentinelle.dz\/wp-content\/uploads\/2023\/07\/ENTMV.jpeg","width":1280,"height":853},{"@type":"BreadcrumbList","@id":"https:\/\/lasentinelle.dz\/index.php\/2024\/03\/27\/transport-maritime-un-programme-special-ramadhan-au-profit-de-la-diaspora\/#breadcrumb","itemListElement":[{"@type":"ListItem","position":1,"name":"Accueil","item":"https:\/\/lasentinelle.dz\/"},{"@type":"ListItem","position":2,"name":"Transport maritime\u00a0: Un programme sp\u00e9cial ramadhan au profit de la diaspora"}]},{"@type":"WebSite","@id":"https:\/\/lasentinelle.dz\/#website","url":"https:\/\/lasentinelle.dz\/","name":"La Sentinelle","description":"Quotidien national d&#039;information","publisher":{"@id":"https:\/\/lasentinelle.dz\/#organization"},"potentialAction":[{"@type":"SearchAction","target":{"@type":"EntryPoint","urlTemplate":"https:\/\/lasentinelle.dz\/?s={search_term_string}"},"query-input":{"@type":"PropertyValueSpecification","valueRequired":true,"valueName":"search_term_string"}}],"inLanguage":"fr-FR"},{"@type":"Organization","@id":"https:\/\/lasentinelle.dz\/#organization","name":"Quotidien La Sentinelle","url":"https:\/\/lasentinelle.dz\/","logo":{"@type":"ImageObject","inLanguage":"fr-FR","@id":"https:\/\/lasentinelle.dz\/#\/schema\/logo\/image\/","url":"https:\/\/lasentinelle.dz\/wp-content\/uploads\/2021\/09\/logo-sentinelleSLOGAN-1.png","contentUrl":"https:\/\/lasentinelle.dz\/wp-content\/uploads\/2021\/09\/logo-sentinelleSLOGAN-1.png","width":615,"height":142,"caption":"Quotidien La Sentinelle"},"image":{"@id":"https:\/\/lasentinelle.dz\/#\/schema\/logo\/image\/"},"sameAs":["https:\/\/www.facebook.com\/La-Sentinelle-104059864394773"]},{"@type":"Person","@id":"https:\/\/lasentinelle.dz\/#\/schema\/person\/e22c868643946ece5f328ac9d185b29f","name":"Azzedine Belferag","image":{"@type":"ImageObject","inLanguage":"fr-FR","@id":"https:\/\/secure.gravatar.com\/avatar\/767ecc3bfcf23cd6d0dae1705f124feb13a88fded1daa56498e4fb3aa3fc36a1?s=96&d=mm&r=g","url":"https:\/\/secure.gravatar.com\/avatar\/767ecc3bfcf23cd6d0dae1705f124feb13a88fded1daa56498e4fb3aa3fc36a1?s=96&d=mm&r=g","contentUrl":"https:\/\/secure.gravatar.com\/avatar\/767ecc3bfcf23cd6d0dae1705f124feb13a88fded1daa56498e4fb3aa3fc36a1?s=96&d=mm&r=g","caption":"Azzedine Belferag"},"sameAs":["http:\/\/www.lasentinelle.dz"],"url":"https:\/\/lasentinelle.dz\/author\/belferag\/"}]}},"_links":{"self":[{"href":"https:\/\/lasentinelle.dz\/index.php\/wp-json\/wp\/v2\/posts\/50717","targetHints":{"allow":["GET"]}}],"collection":[{"href":"https:\/\/lasentinelle.dz\/index.php\/wp-json\/wp\/v2\/posts"}],"about":[{"href":"https:\/\/lasentinelle.dz\/index.php\/wp-json\/wp\/v2\/types\/post"}],"author":[{"embeddable":true,"href":"https:\/\/lasentinelle.dz\/index.php\/wp-json\/wp\/v2\/users\/2"}],"replies":[{"embeddable":true,"href":"https:\/\/lasentinelle.dz\/index.php\/wp-json\/wp\/v2\/comments?post=50717"}],"version-history":[{"count":1,"href":"https:\/\/lasentinelle.dz\/index.php\/wp-json\/wp\/v2\/posts\/50717\/revisions"}],"predecessor-version":[{"id":50718,"href":"https:\/\/lasentinelle.dz\/index.php\/wp-json\/wp\/v2\/posts\/50717\/revisions\/50718"}],"wp:featuredmedia":[{"embeddable":true,"href":"https:\/\/lasentinelle.dz\/index.php\/wp-json\/wp\/v2\/media\/43323"}],"wp:attachment":[{"href":"https:\/\/lasentinelle.dz\/index.php\/wp-json\/wp\/v2\/media?parent=50717"}],"wp:term":[{"taxonomy":"category","embeddable":true,"href":"https:\/\/lasentinelle.dz\/index.php\/wp-json\/wp\/v2\/categories?post=50717"},{"taxonomy":"post_tag","embeddable":true,"href":"https:\/\/lasentinelle.dz\/index.php\/wp-json\/wp\/v2\/tags?post=50717"}],"curies":[{"name":"wp","href":"https:\/\/api.w.org\/{rel}","templated":true}]}}