{"id":50719,"date":"2024-03-27T13:57:56","date_gmt":"2024-03-27T12:57:56","guid":{"rendered":"https:\/\/lasentinelle.dz\/?p=50719"},"modified":"2024-03-27T13:58:03","modified_gmt":"2024-03-27T12:58:03","slug":"soirees-ramadanesques-manel-gharbi-rencontrera-le-public-oranais-le-6-avril","status":"publish","type":"post","link":"https:\/\/lasentinelle.dz\/index.php\/2024\/03\/27\/soirees-ramadanesques-manel-gharbi-rencontrera-le-public-oranais-le-6-avril\/","title":{"rendered":"Soir\u00e9es ramadanesques\u00a0: Manel Gharbi rencontrera le public oranais le 6 avril"},"content":{"rendered":"\n<p>Manel Gharbi m\u00e8ne une mini-tourn\u00e9e durant le Ramadhan avec 9 concerts de musique andalouse \u00e0 Alger, Annaba, S\u00e9tif, Constantine, B\u00e9jaia et Tlemcen<\/p>\n\n\n\n<p>La chanteuse Manel Gharbi animera une soir\u00e9e artistique en genre andalou dans la soir\u00e9e du 6 avril prochain \u00e0 Oran, dans le cadre d\u2019une tourn\u00e9e nationale intitul\u00e9e \u00ab\u00a0Yal Warchene\u00a0\u00bb, a-t-on appris, lundi, de cette artiste. Animant une conf\u00e9rence de presse, Manel Gharbi a soulign\u00e9 que cette tourn\u00e9e artistique nationale qui s\u2019inscrit ans le cadre de l\u2019animation des soir\u00e9es du mois du ramadhan, comporte neuf soir\u00e9es \u00e0 Alger, Annaba, S\u00e9tif, Constantine, B\u00e9jaia et Tlemcen. La soir\u00e9e d\u2019Oran sera abrit\u00e9e par la salle de cin\u00e9ma \u00abMaghreb\u00bb, et ce en collaboration avec l\u2019Office national de la culture et des arts et d\u2019information et la direction de wilaya de la culture. Cette tourn\u00e9e a d\u00e9but\u00e9 le 5 mars courant \u00e0 Alger avec l\u2019artiste Abdelkader Chaou intitul\u00e9e \u00ab\u00a0Yal Warchene\u00a0\u00bb (une sorte d&rsquo;oiseau), a-t-elle rappel\u00e9 soulignant que les chansons propos\u00e9es triatent de l&rsquo;andalou Aroubi, Hawzi et Melhoun. La chanteuse a d\u00e9clar\u00e9 qu\u2019en solidarit\u00e9 avec le peuple palestinien, elle interpr\u00e9tera une chanson sur la Palestine en genre alg\u00e9rois, annon\u00e7ant dans ce cadre qu\u2019elle pr\u00e9parera une vid\u00e9o apr\u00e8s l\u2019Aid El Fitr de sa chanson sur la Palestine avec la chanteuse syrienne Racha Rizk.A propos de ses projets futurs, Manel Gharbi a annonc\u00e9 qu\u2019elle pr\u00e9sentera en septembre prochain son projet qui comporte 12 morceaux de musique de sa composition et des paroles s\u2019inspirant de la nouba andalouse et de Mouachahate arabes et de la musique universelle. Dans le cadre de ses tourn\u00e9es artistiques hors du pays, elle a indiqu\u00e9 qu\u2019elle se pr\u00e9sentera \u00e0 la c\u00e9r\u00e9monie de cl\u00f4ture du festival Andalou qui sera organis\u00e9 \u00e0 Montpellier (France). Elle animera, pour la premi\u00e8re fois, un concert au Centre culturel alg\u00e9rien \u00e0 Paris et participera aussi \u00e0 une manifestation artistique au Canada en fin mai prochain.<\/p>\n\n\n\n<p>APS<\/p>\n","protected":false},"excerpt":{"rendered":"<p>Manel Gharbi m\u00e8ne une mini-tourn\u00e9e durant le Ramadhan avec 9 concerts de musique andalouse \u00e0 Alger, Annaba, S\u00e9tif, Constantine, B\u00e9jaia<\/p>\n","protected":false},"author":3,"featured_media":50720,"comment_status":"open","ping_status":"closed","sticky":false,"template":"","format":"standard","meta":{"colormag_page_container_layout":"default_layout","colormag_page_sidebar_layout":"default_layout","om_disable_all_campaigns":false,"_monsterinsights_skip_tracking":false,"_monsterinsights_sitenote_active":false,"_monsterinsights_sitenote_note":"","_monsterinsights_sitenote_category":0,"footnotes":"","_wpscppro_dont_share_socialmedia":false,"_wpscppro_custom_social_share_image":0,"_facebook_share_type":"","_twitter_share_type":"","_linkedin_share_type":"","_pinterest_share_type":"","_linkedin_share_type_page":"","_instagram_share_type":"","_medium_share_type":"","_threads_share_type":"","_google_business_share_type":"","_selected_social_profile":[],"_wpsp_enable_custom_social_template":false,"_wpsp_social_scheduling":{"enabled":false,"datetime":null,"platforms":[],"status":"template_only","dateOption":"today","timeOption":"now","customDays":"","customHours":"","customDate":"","customTime":"","schedulingType":"absolute"},"_wpsp_active_default_template":true},"categories":[36],"tags":[],"class_list":["post-50719","post","type-post","status-publish","format-standard","has-post-thumbnail","hentry","category-culture"],"aioseo_notices":[],"yoast_head":"<!-- This site is optimized with the Yoast SEO plugin v27.5 - https:\/\/yoast.com\/product\/yoast-seo-wordpress\/ -->\n<title>Soir\u00e9es ramadanesques\u00a0: Manel Gharbi rencontrera le public oranais le 6 avril - La Sentinelle<\/title>\n<meta name=\"robots\" content=\"index, follow, max-snippet:-1, max-image-preview:large, max-video-preview:-1\" \/>\n<link rel=\"canonical\" href=\"https:\/\/lasentinelle.dz\/index.php\/2024\/03\/27\/soirees-ramadanesques-manel-gharbi-rencontrera-le-public-oranais-le-6-avril\/\" \/>\n<meta property=\"og:locale\" content=\"fr_FR\" \/>\n<meta property=\"og:type\" content=\"article\" \/>\n<meta property=\"og:title\" content=\"Soir\u00e9es ramadanesques\u00a0: Manel Gharbi rencontrera le public oranais le 6 avril - La Sentinelle\" \/>\n<meta property=\"og:description\" content=\"Manel Gharbi m\u00e8ne une mini-tourn\u00e9e durant le Ramadhan avec 9 concerts de musique andalouse \u00e0 Alger, Annaba, S\u00e9tif, Constantine, B\u00e9jaia\" \/>\n<meta property=\"og:url\" content=\"https:\/\/lasentinelle.dz\/index.php\/2024\/03\/27\/soirees-ramadanesques-manel-gharbi-rencontrera-le-public-oranais-le-6-avril\/\" \/>\n<meta property=\"og:site_name\" content=\"La Sentinelle\" \/>\n<meta property=\"article:publisher\" content=\"https:\/\/www.facebook.com\/La-Sentinelle-104059864394773\" \/>\n<meta property=\"article:published_time\" content=\"2024-03-27T12:57:56+00:00\" \/>\n<meta property=\"article:modified_time\" content=\"2024-03-27T12:58:03+00:00\" \/>\n<meta property=\"og:image\" content=\"https:\/\/lasentinelle.dz\/wp-content\/uploads\/2024\/03\/Manel-Gharbi-.jpeg\" \/>\n\t<meta property=\"og:image:width\" content=\"800\" \/>\n\t<meta property=\"og:image:height\" content=\"799\" \/>\n\t<meta property=\"og:image:type\" content=\"image\/jpeg\" \/>\n<meta name=\"author\" content=\"La Sentinelle\" \/>\n<meta name=\"twitter:card\" content=\"summary_large_image\" \/>\n<meta name=\"twitter:label1\" content=\"\u00c9crit par\" \/>\n\t<meta name=\"twitter:data1\" content=\"La Sentinelle\" \/>\n\t<meta name=\"twitter:label2\" content=\"Dur\u00e9e de lecture estim\u00e9e\" \/>\n\t<meta name=\"twitter:data2\" content=\"2 minutes\" \/>\n<script type=\"application\/ld+json\" class=\"yoast-schema-graph\">{\"@context\":\"https:\\\/\\\/schema.org\",\"@graph\":[{\"@type\":\"Article\",\"@id\":\"https:\\\/\\\/lasentinelle.dz\\\/index.php\\\/2024\\\/03\\\/27\\\/soirees-ramadanesques-manel-gharbi-rencontrera-le-public-oranais-le-6-avril\\\/#article\",\"isPartOf\":{\"@id\":\"https:\\\/\\\/lasentinelle.dz\\\/index.php\\\/2024\\\/03\\\/27\\\/soirees-ramadanesques-manel-gharbi-rencontrera-le-public-oranais-le-6-avril\\\/\"},\"author\":{\"name\":\"La Sentinelle\",\"@id\":\"https:\\\/\\\/lasentinelle.dz\\\/#\\\/schema\\\/person\\\/d865044e22e70a75174ce8bcad3acfb3\"},\"headline\":\"Soir\u00e9es ramadanesques\u00a0: Manel Gharbi rencontrera le public oranais le 6 avril\",\"datePublished\":\"2024-03-27T12:57:56+00:00\",\"dateModified\":\"2024-03-27T12:58:03+00:00\",\"mainEntityOfPage\":{\"@id\":\"https:\\\/\\\/lasentinelle.dz\\\/index.php\\\/2024\\\/03\\\/27\\\/soirees-ramadanesques-manel-gharbi-rencontrera-le-public-oranais-le-6-avril\\\/\"},\"wordCount\":358,\"commentCount\":0,\"publisher\":{\"@id\":\"https:\\\/\\\/lasentinelle.dz\\\/#organization\"},\"image\":{\"@id\":\"https:\\\/\\\/lasentinelle.dz\\\/index.php\\\/2024\\\/03\\\/27\\\/soirees-ramadanesques-manel-gharbi-rencontrera-le-public-oranais-le-6-avril\\\/#primaryimage\"},\"thumbnailUrl\":\"https:\\\/\\\/lasentinelle.dz\\\/wp-content\\\/uploads\\\/2024\\\/03\\\/Manel-Gharbi-.jpeg\",\"articleSection\":[\"Culture\"],\"inLanguage\":\"fr-FR\",\"potentialAction\":[{\"@type\":\"CommentAction\",\"name\":\"Comment\",\"target\":[\"https:\\\/\\\/lasentinelle.dz\\\/index.php\\\/2024\\\/03\\\/27\\\/soirees-ramadanesques-manel-gharbi-rencontrera-le-public-oranais-le-6-avril\\\/#respond\"]}]},{\"@type\":\"WebPage\",\"@id\":\"https:\\\/\\\/lasentinelle.dz\\\/index.php\\\/2024\\\/03\\\/27\\\/soirees-ramadanesques-manel-gharbi-rencontrera-le-public-oranais-le-6-avril\\\/\",\"url\":\"https:\\\/\\\/lasentinelle.dz\\\/index.php\\\/2024\\\/03\\\/27\\\/soirees-ramadanesques-manel-gharbi-rencontrera-le-public-oranais-le-6-avril\\\/\",\"name\":\"Soir\u00e9es ramadanesques\u00a0: Manel Gharbi rencontrera le public oranais le 6 avril - La Sentinelle\",\"isPartOf\":{\"@id\":\"https:\\\/\\\/lasentinelle.dz\\\/#website\"},\"primaryImageOfPage\":{\"@id\":\"https:\\\/\\\/lasentinelle.dz\\\/index.php\\\/2024\\\/03\\\/27\\\/soirees-ramadanesques-manel-gharbi-rencontrera-le-public-oranais-le-6-avril\\\/#primaryimage\"},\"image\":{\"@id\":\"https:\\\/\\\/lasentinelle.dz\\\/index.php\\\/2024\\\/03\\\/27\\\/soirees-ramadanesques-manel-gharbi-rencontrera-le-public-oranais-le-6-avril\\\/#primaryimage\"},\"thumbnailUrl\":\"https:\\\/\\\/lasentinelle.dz\\\/wp-content\\\/uploads\\\/2024\\\/03\\\/Manel-Gharbi-.jpeg\",\"datePublished\":\"2024-03-27T12:57:56+00:00\",\"dateModified\":\"2024-03-27T12:58:03+00:00\",\"breadcrumb\":{\"@id\":\"https:\\\/\\\/lasentinelle.dz\\\/index.php\\\/2024\\\/03\\\/27\\\/soirees-ramadanesques-manel-gharbi-rencontrera-le-public-oranais-le-6-avril\\\/#breadcrumb\"},\"inLanguage\":\"fr-FR\",\"potentialAction\":[{\"@type\":\"ReadAction\",\"target\":[\"https:\\\/\\\/lasentinelle.dz\\\/index.php\\\/2024\\\/03\\\/27\\\/soirees-ramadanesques-manel-gharbi-rencontrera-le-public-oranais-le-6-avril\\\/\"]}]},{\"@type\":\"ImageObject\",\"inLanguage\":\"fr-FR\",\"@id\":\"https:\\\/\\\/lasentinelle.dz\\\/index.php\\\/2024\\\/03\\\/27\\\/soirees-ramadanesques-manel-gharbi-rencontrera-le-public-oranais-le-6-avril\\\/#primaryimage\",\"url\":\"https:\\\/\\\/lasentinelle.dz\\\/wp-content\\\/uploads\\\/2024\\\/03\\\/Manel-Gharbi-.jpeg\",\"contentUrl\":\"https:\\\/\\\/lasentinelle.dz\\\/wp-content\\\/uploads\\\/2024\\\/03\\\/Manel-Gharbi-.jpeg\",\"width\":800,\"height\":799},{\"@type\":\"BreadcrumbList\",\"@id\":\"https:\\\/\\\/lasentinelle.dz\\\/index.php\\\/2024\\\/03\\\/27\\\/soirees-ramadanesques-manel-gharbi-rencontrera-le-public-oranais-le-6-avril\\\/#breadcrumb\",\"itemListElement\":[{\"@type\":\"ListItem\",\"position\":1,\"name\":\"Accueil\",\"item\":\"https:\\\/\\\/lasentinelle.dz\\\/\"},{\"@type\":\"ListItem\",\"position\":2,\"name\":\"Soir\u00e9es ramadanesques\u00a0: Manel Gharbi rencontrera le public oranais le 6 avril\"}]},{\"@type\":\"WebSite\",\"@id\":\"https:\\\/\\\/lasentinelle.dz\\\/#website\",\"url\":\"https:\\\/\\\/lasentinelle.dz\\\/\",\"name\":\"La Sentinelle\",\"description\":\"Quotidien national d&#039;information\",\"publisher\":{\"@id\":\"https:\\\/\\\/lasentinelle.dz\\\/#organization\"},\"potentialAction\":[{\"@type\":\"SearchAction\",\"target\":{\"@type\":\"EntryPoint\",\"urlTemplate\":\"https:\\\/\\\/lasentinelle.dz\\\/?s={search_term_string}\"},\"query-input\":{\"@type\":\"PropertyValueSpecification\",\"valueRequired\":true,\"valueName\":\"search_term_string\"}}],\"inLanguage\":\"fr-FR\"},{\"@type\":\"Organization\",\"@id\":\"https:\\\/\\\/lasentinelle.dz\\\/#organization\",\"name\":\"Quotidien La Sentinelle\",\"url\":\"https:\\\/\\\/lasentinelle.dz\\\/\",\"logo\":{\"@type\":\"ImageObject\",\"inLanguage\":\"fr-FR\",\"@id\":\"https:\\\/\\\/lasentinelle.dz\\\/#\\\/schema\\\/logo\\\/image\\\/\",\"url\":\"https:\\\/\\\/lasentinelle.dz\\\/wp-content\\\/uploads\\\/2021\\\/09\\\/logo-sentinelleSLOGAN-1.png\",\"contentUrl\":\"https:\\\/\\\/lasentinelle.dz\\\/wp-content\\\/uploads\\\/2021\\\/09\\\/logo-sentinelleSLOGAN-1.png\",\"width\":615,\"height\":142,\"caption\":\"Quotidien La Sentinelle\"},\"image\":{\"@id\":\"https:\\\/\\\/lasentinelle.dz\\\/#\\\/schema\\\/logo\\\/image\\\/\"},\"sameAs\":[\"https:\\\/\\\/www.facebook.com\\\/La-Sentinelle-104059864394773\"]},{\"@type\":\"Person\",\"@id\":\"https:\\\/\\\/lasentinelle.dz\\\/#\\\/schema\\\/person\\\/d865044e22e70a75174ce8bcad3acfb3\",\"name\":\"La Sentinelle\",\"image\":{\"@type\":\"ImageObject\",\"inLanguage\":\"fr-FR\",\"@id\":\"https:\\\/\\\/secure.gravatar.com\\\/avatar\\\/57de8e5d4b15d43fb361a71fbb36338450fe67865b528a43dd10ef7c51a20392?s=96&d=mm&r=g\",\"url\":\"https:\\\/\\\/secure.gravatar.com\\\/avatar\\\/57de8e5d4b15d43fb361a71fbb36338450fe67865b528a43dd10ef7c51a20392?s=96&d=mm&r=g\",\"contentUrl\":\"https:\\\/\\\/secure.gravatar.com\\\/avatar\\\/57de8e5d4b15d43fb361a71fbb36338450fe67865b528a43dd10ef7c51a20392?s=96&d=mm&r=g\",\"caption\":\"La Sentinelle\"},\"sameAs\":[\"http:\\\/\\\/www.lasentinelle.dz\"],\"url\":\"https:\\\/\\\/lasentinelle.dz\\\/author\\\/redaction\\\/\"}]}<\/script>\n<!-- \/ Yoast SEO plugin. -->","yoast_head_json":{"title":"Soir\u00e9es ramadanesques\u00a0: Manel Gharbi rencontrera le public oranais le 6 avril - La Sentinelle","robots":{"index":"index","follow":"follow","max-snippet":"max-snippet:-1","max-image-preview":"max-image-preview:large","max-video-preview":"max-video-preview:-1"},"canonical":"https:\/\/lasentinelle.dz\/index.php\/2024\/03\/27\/soirees-ramadanesques-manel-gharbi-rencontrera-le-public-oranais-le-6-avril\/","og_locale":"fr_FR","og_type":"article","og_title":"Soir\u00e9es ramadanesques\u00a0: Manel Gharbi rencontrera le public oranais le 6 avril - La Sentinelle","og_description":"Manel Gharbi m\u00e8ne une mini-tourn\u00e9e durant le Ramadhan avec 9 concerts de musique andalouse \u00e0 Alger, Annaba, S\u00e9tif, Constantine, B\u00e9jaia","og_url":"https:\/\/lasentinelle.dz\/index.php\/2024\/03\/27\/soirees-ramadanesques-manel-gharbi-rencontrera-le-public-oranais-le-6-avril\/","og_site_name":"La Sentinelle","article_publisher":"https:\/\/www.facebook.com\/La-Sentinelle-104059864394773","article_published_time":"2024-03-27T12:57:56+00:00","article_modified_time":"2024-03-27T12:58:03+00:00","og_image":[{"width":800,"height":799,"url":"https:\/\/lasentinelle.dz\/wp-content\/uploads\/2024\/03\/Manel-Gharbi-.jpeg","type":"image\/jpeg"}],"author":"La Sentinelle","twitter_card":"summary_large_image","twitter_misc":{"\u00c9crit par":"La Sentinelle","Dur\u00e9e de lecture estim\u00e9e":"2 minutes"},"schema":{"@context":"https:\/\/schema.org","@graph":[{"@type":"Article","@id":"https:\/\/lasentinelle.dz\/index.php\/2024\/03\/27\/soirees-ramadanesques-manel-gharbi-rencontrera-le-public-oranais-le-6-avril\/#article","isPartOf":{"@id":"https:\/\/lasentinelle.dz\/index.php\/2024\/03\/27\/soirees-ramadanesques-manel-gharbi-rencontrera-le-public-oranais-le-6-avril\/"},"author":{"name":"La Sentinelle","@id":"https:\/\/lasentinelle.dz\/#\/schema\/person\/d865044e22e70a75174ce8bcad3acfb3"},"headline":"Soir\u00e9es ramadanesques\u00a0: Manel Gharbi rencontrera le public oranais le 6 avril","datePublished":"2024-03-27T12:57:56+00:00","dateModified":"2024-03-27T12:58:03+00:00","mainEntityOfPage":{"@id":"https:\/\/lasentinelle.dz\/index.php\/2024\/03\/27\/soirees-ramadanesques-manel-gharbi-rencontrera-le-public-oranais-le-6-avril\/"},"wordCount":358,"commentCount":0,"publisher":{"@id":"https:\/\/lasentinelle.dz\/#organization"},"image":{"@id":"https:\/\/lasentinelle.dz\/index.php\/2024\/03\/27\/soirees-ramadanesques-manel-gharbi-rencontrera-le-public-oranais-le-6-avril\/#primaryimage"},"thumbnailUrl":"https:\/\/lasentinelle.dz\/wp-content\/uploads\/2024\/03\/Manel-Gharbi-.jpeg","articleSection":["Culture"],"inLanguage":"fr-FR","potentialAction":[{"@type":"CommentAction","name":"Comment","target":["https:\/\/lasentinelle.dz\/index.php\/2024\/03\/27\/soirees-ramadanesques-manel-gharbi-rencontrera-le-public-oranais-le-6-avril\/#respond"]}]},{"@type":"WebPage","@id":"https:\/\/lasentinelle.dz\/index.php\/2024\/03\/27\/soirees-ramadanesques-manel-gharbi-rencontrera-le-public-oranais-le-6-avril\/","url":"https:\/\/lasentinelle.dz\/index.php\/2024\/03\/27\/soirees-ramadanesques-manel-gharbi-rencontrera-le-public-oranais-le-6-avril\/","name":"Soir\u00e9es ramadanesques\u00a0: Manel Gharbi rencontrera le public oranais le 6 avril - La Sentinelle","isPartOf":{"@id":"https:\/\/lasentinelle.dz\/#website"},"primaryImageOfPage":{"@id":"https:\/\/lasentinelle.dz\/index.php\/2024\/03\/27\/soirees-ramadanesques-manel-gharbi-rencontrera-le-public-oranais-le-6-avril\/#primaryimage"},"image":{"@id":"https:\/\/lasentinelle.dz\/index.php\/2024\/03\/27\/soirees-ramadanesques-manel-gharbi-rencontrera-le-public-oranais-le-6-avril\/#primaryimage"},"thumbnailUrl":"https:\/\/lasentinelle.dz\/wp-content\/uploads\/2024\/03\/Manel-Gharbi-.jpeg","datePublished":"2024-03-27T12:57:56+00:00","dateModified":"2024-03-27T12:58:03+00:00","breadcrumb":{"@id":"https:\/\/lasentinelle.dz\/index.php\/2024\/03\/27\/soirees-ramadanesques-manel-gharbi-rencontrera-le-public-oranais-le-6-avril\/#breadcrumb"},"inLanguage":"fr-FR","potentialAction":[{"@type":"ReadAction","target":["https:\/\/lasentinelle.dz\/index.php\/2024\/03\/27\/soirees-ramadanesques-manel-gharbi-rencontrera-le-public-oranais-le-6-avril\/"]}]},{"@type":"ImageObject","inLanguage":"fr-FR","@id":"https:\/\/lasentinelle.dz\/index.php\/2024\/03\/27\/soirees-ramadanesques-manel-gharbi-rencontrera-le-public-oranais-le-6-avril\/#primaryimage","url":"https:\/\/lasentinelle.dz\/wp-content\/uploads\/2024\/03\/Manel-Gharbi-.jpeg","contentUrl":"https:\/\/lasentinelle.dz\/wp-content\/uploads\/2024\/03\/Manel-Gharbi-.jpeg","width":800,"height":799},{"@type":"BreadcrumbList","@id":"https:\/\/lasentinelle.dz\/index.php\/2024\/03\/27\/soirees-ramadanesques-manel-gharbi-rencontrera-le-public-oranais-le-6-avril\/#breadcrumb","itemListElement":[{"@type":"ListItem","position":1,"name":"Accueil","item":"https:\/\/lasentinelle.dz\/"},{"@type":"ListItem","position":2,"name":"Soir\u00e9es ramadanesques\u00a0: Manel Gharbi rencontrera le public oranais le 6 avril"}]},{"@type":"WebSite","@id":"https:\/\/lasentinelle.dz\/#website","url":"https:\/\/lasentinelle.dz\/","name":"La Sentinelle","description":"Quotidien national d&#039;information","publisher":{"@id":"https:\/\/lasentinelle.dz\/#organization"},"potentialAction":[{"@type":"SearchAction","target":{"@type":"EntryPoint","urlTemplate":"https:\/\/lasentinelle.dz\/?s={search_term_string}"},"query-input":{"@type":"PropertyValueSpecification","valueRequired":true,"valueName":"search_term_string"}}],"inLanguage":"fr-FR"},{"@type":"Organization","@id":"https:\/\/lasentinelle.dz\/#organization","name":"Quotidien La Sentinelle","url":"https:\/\/lasentinelle.dz\/","logo":{"@type":"ImageObject","inLanguage":"fr-FR","@id":"https:\/\/lasentinelle.dz\/#\/schema\/logo\/image\/","url":"https:\/\/lasentinelle.dz\/wp-content\/uploads\/2021\/09\/logo-sentinelleSLOGAN-1.png","contentUrl":"https:\/\/lasentinelle.dz\/wp-content\/uploads\/2021\/09\/logo-sentinelleSLOGAN-1.png","width":615,"height":142,"caption":"Quotidien La Sentinelle"},"image":{"@id":"https:\/\/lasentinelle.dz\/#\/schema\/logo\/image\/"},"sameAs":["https:\/\/www.facebook.com\/La-Sentinelle-104059864394773"]},{"@type":"Person","@id":"https:\/\/lasentinelle.dz\/#\/schema\/person\/d865044e22e70a75174ce8bcad3acfb3","name":"La Sentinelle","image":{"@type":"ImageObject","inLanguage":"fr-FR","@id":"https:\/\/secure.gravatar.com\/avatar\/57de8e5d4b15d43fb361a71fbb36338450fe67865b528a43dd10ef7c51a20392?s=96&d=mm&r=g","url":"https:\/\/secure.gravatar.com\/avatar\/57de8e5d4b15d43fb361a71fbb36338450fe67865b528a43dd10ef7c51a20392?s=96&d=mm&r=g","contentUrl":"https:\/\/secure.gravatar.com\/avatar\/57de8e5d4b15d43fb361a71fbb36338450fe67865b528a43dd10ef7c51a20392?s=96&d=mm&r=g","caption":"La Sentinelle"},"sameAs":["http:\/\/www.lasentinelle.dz"],"url":"https:\/\/lasentinelle.dz\/author\/redaction\/"}]}},"_links":{"self":[{"href":"https:\/\/lasentinelle.dz\/index.php\/wp-json\/wp\/v2\/posts\/50719","targetHints":{"allow":["GET"]}}],"collection":[{"href":"https:\/\/lasentinelle.dz\/index.php\/wp-json\/wp\/v2\/posts"}],"about":[{"href":"https:\/\/lasentinelle.dz\/index.php\/wp-json\/wp\/v2\/types\/post"}],"author":[{"embeddable":true,"href":"https:\/\/lasentinelle.dz\/index.php\/wp-json\/wp\/v2\/users\/3"}],"replies":[{"embeddable":true,"href":"https:\/\/lasentinelle.dz\/index.php\/wp-json\/wp\/v2\/comments?post=50719"}],"version-history":[{"count":1,"href":"https:\/\/lasentinelle.dz\/index.php\/wp-json\/wp\/v2\/posts\/50719\/revisions"}],"predecessor-version":[{"id":50721,"href":"https:\/\/lasentinelle.dz\/index.php\/wp-json\/wp\/v2\/posts\/50719\/revisions\/50721"}],"wp:featuredmedia":[{"embeddable":true,"href":"https:\/\/lasentinelle.dz\/index.php\/wp-json\/wp\/v2\/media\/50720"}],"wp:attachment":[{"href":"https:\/\/lasentinelle.dz\/index.php\/wp-json\/wp\/v2\/media?parent=50719"}],"wp:term":[{"taxonomy":"category","embeddable":true,"href":"https:\/\/lasentinelle.dz\/index.php\/wp-json\/wp\/v2\/categories?post=50719"},{"taxonomy":"post_tag","embeddable":true,"href":"https:\/\/lasentinelle.dz\/index.php\/wp-json\/wp\/v2\/tags?post=50719"}],"curies":[{"name":"wp","href":"https:\/\/api.w.org\/{rel}","templated":true}]}}