{"id":50724,"date":"2024-03-27T14:08:36","date_gmt":"2024-03-27T13:08:36","guid":{"rendered":"https:\/\/lasentinelle.dz\/?p=50724"},"modified":"2024-03-27T14:08:41","modified_gmt":"2024-03-27T13:08:41","slug":"gestion-de-lapc-del-hadjar-a-annaba-une-commission-denquete-a-pied-doeuvre","status":"publish","type":"post","link":"https:\/\/lasentinelle.dz\/index.php\/2024\/03\/27\/gestion-de-lapc-del-hadjar-a-annaba-une-commission-denquete-a-pied-doeuvre\/","title":{"rendered":"Gestion de l\u2019APC d\u2019El Hadjar \u00e0 Annaba\u00a0: Une commission d\u2019enqu\u00eate \u00e0 pied d\u2019\u0153uvre"},"content":{"rendered":"\n<p>Le wali d\u2019Annaba, Abdelkader Djellaoui, a d\u00e9p\u00each\u00e9 une commission d\u2019enqu\u00eate \u00e0 l\u2019Assembl\u00e9e populaire communale (APC) d\u2019El Hadjar, afin de v\u00e9rifier la v\u00e9racit\u00e9 des accusations port\u00e9es \u00e0 l\u2019encontre du P\/APC, apprend-on de source interne \u00e0 l\u2019APC d\u2019El Hadjar.<\/p>\n\n\n\n<p>Les accusations se rapportent entre autres \u00e0 l\u2019octroi de projets ill\u00e9galement et de gr\u00e9 \u00e0 gr\u00e9 au profit de certains entrepreneurs qui seraient, selon les accusations, des proches de l\u2019entourage du P\/APC, a expliqu\u00e9 notre source. Cette derni\u00e8re a pr\u00e9cis\u00e9 que les membres de la commission ont pour t\u00e2che de passer au peigne fin plusieurs dossiers, notamment ceux de projets r\u00e9alis\u00e9s et en cours de r\u00e9alisation, nous dit-on. Au terme de cette enqu\u00eate, un rapport sera \u00e9tabli et remis au premier responsable de la wilaya d\u2019Annaba, qui devra prendre la d\u00e9cision qui s\u2019impose, a-t-on estim\u00e9. Pour l\u2019heure aucune information n\u2019a \u00e9t\u00e9 filtr\u00e9e sur ce que les enqu\u00eateurs ont d\u00e9couvert, toutefois, si les accusations s\u2019av\u00e8rent exactes, l\u2019avenir du P\/APC \u00e0 la t\u00eate de cette assembl\u00e9e populaire communale serait compromis. Rappelons que l\u2019APC d\u2019El Hadjar cumule depuis plusieurs mois, les conflits et les crises opposant le chef de file de cette collectivit\u00e9 locale et ses membres. L\u2019ampleur du gouffre entre le P\/APC et ces opposants est infranchissable, au point que la d\u00e9mission de l\u2019\u00e9dile \u00e9tait in\u00e9vitable. Or, le P\/APC, ne l\u2019entendant pas de la bonne oreille, a refus\u00e9 le d\u00e9part et a quitt\u00e9 la derni\u00e8re session extraordinaire, organis\u00e9e \u00e0 la demande des opposants, afin d\u2019obliger le P\/APC \u00e0 d\u00e9poser sa d\u00e9mission. A l\u2019origine de ce d\u00e9saveu du P\/APC par plus de deux tiers des membres de l\u2019assembl\u00e9e populaire communale, la prise de d\u00e9cisions \u00ab&nbsp;unilat\u00e9rales&nbsp;\u00bb et la \u00ab&nbsp;marginalisation&nbsp;\u00bb des \u00e9lus et des ouvriers de la commune en plus \u00ab&nbsp;de favoritisme dans l\u2019attribution de projets&nbsp;\u00bb entre autres, accusations retenus \u00e0 l\u2019encontre du P\/APC . Des accusations que le locataire de l\u2019h\u00f4tel de ville d\u2019El Hadjar, d\u2019ob\u00e9dience MSP, a qualifi\u00e9es d\u2019all\u00e9gations mensong\u00e8res. Afin d\u2019en savoir plus sur les dessous de cette farouche opposition \u00e0 laquelle fait face le maire d\u2019El Hadjar, nous avons tent\u00e9 \u00e0 moult reprises d&rsquo;entrer en contact avec lui, mais en vain. Jusqu\u2019\u00e0 la mise sous presse, l\u2019activit\u00e9 de l\u2019APC est toujours gel\u00e9e p\u00e9nalisant outre les int\u00e9r\u00eats des administr\u00e9s, les nombreux projets de d\u00e9veloppement et programmes d\u2019am\u00e9lioration du cadre de vie dans la commune.<\/p>\n\n\n\n<p><strong>Sofia Chahine<\/strong><\/p>\n","protected":false},"excerpt":{"rendered":"<p>Le wali d\u2019Annaba, Abdelkader Djellaoui, a d\u00e9p\u00each\u00e9 une commission d\u2019enqu\u00eate \u00e0 l\u2019Assembl\u00e9e populaire communale (APC) d\u2019El Hadjar, afin de v\u00e9rifier<\/p>\n","protected":false},"author":3,"featured_media":50725,"comment_status":"open","ping_status":"closed","sticky":false,"template":"","format":"standard","meta":{"colormag_page_container_layout":"default_layout","colormag_page_sidebar_layout":"default_layout","om_disable_all_campaigns":false,"_monsterinsights_skip_tracking":false,"_monsterinsights_sitenote_active":false,"_monsterinsights_sitenote_note":"","_monsterinsights_sitenote_category":0,"footnotes":"","_wpscppro_dont_share_socialmedia":false,"_wpscppro_custom_social_share_image":0,"_facebook_share_type":"","_twitter_share_type":"","_linkedin_share_type":"","_pinterest_share_type":"","_linkedin_share_type_page":"","_instagram_share_type":"","_medium_share_type":"","_threads_share_type":"","_google_business_share_type":"","_selected_social_profile":[],"_wpsp_enable_custom_social_template":false,"_wpsp_social_scheduling":{"enabled":false,"datetime":null,"platforms":[],"status":"template_only","dateOption":"today","timeOption":"now","customDays":"","customHours":"","customDate":"","customTime":"","schedulingType":"absolute"},"_wpsp_active_default_template":true},"categories":[31],"tags":[],"class_list":["post-50724","post","type-post","status-publish","format-standard","has-post-thumbnail","hentry","category-regions"],"aioseo_notices":[],"yoast_head":"<!-- This site is optimized with the Yoast SEO plugin v27.5 - https:\/\/yoast.com\/product\/yoast-seo-wordpress\/ -->\n<title>Gestion de l\u2019APC d\u2019El Hadjar \u00e0 Annaba\u00a0: Une commission d\u2019enqu\u00eate \u00e0 pied d\u2019\u0153uvre - La Sentinelle<\/title>\n<meta name=\"robots\" content=\"index, follow, max-snippet:-1, max-image-preview:large, max-video-preview:-1\" \/>\n<link rel=\"canonical\" href=\"https:\/\/lasentinelle.dz\/index.php\/2024\/03\/27\/gestion-de-lapc-del-hadjar-a-annaba-une-commission-denquete-a-pied-doeuvre\/\" \/>\n<meta property=\"og:locale\" content=\"fr_FR\" \/>\n<meta property=\"og:type\" content=\"article\" \/>\n<meta property=\"og:title\" content=\"Gestion de l\u2019APC d\u2019El Hadjar \u00e0 Annaba\u00a0: Une commission d\u2019enqu\u00eate \u00e0 pied d\u2019\u0153uvre - La Sentinelle\" \/>\n<meta property=\"og:description\" content=\"Le wali d\u2019Annaba, Abdelkader Djellaoui, a d\u00e9p\u00each\u00e9 une commission d\u2019enqu\u00eate \u00e0 l\u2019Assembl\u00e9e populaire communale (APC) d\u2019El Hadjar, afin de v\u00e9rifier\" \/>\n<meta property=\"og:url\" content=\"https:\/\/lasentinelle.dz\/index.php\/2024\/03\/27\/gestion-de-lapc-del-hadjar-a-annaba-une-commission-denquete-a-pied-doeuvre\/\" \/>\n<meta property=\"og:site_name\" content=\"La Sentinelle\" \/>\n<meta property=\"article:publisher\" content=\"https:\/\/www.facebook.com\/La-Sentinelle-104059864394773\" \/>\n<meta property=\"article:published_time\" content=\"2024-03-27T13:08:36+00:00\" \/>\n<meta property=\"article:modified_time\" content=\"2024-03-27T13:08:41+00:00\" \/>\n<meta property=\"og:image\" content=\"https:\/\/lasentinelle.dz\/wp-content\/uploads\/2024\/03\/apc.jpeg\" \/>\n\t<meta property=\"og:image:width\" content=\"900\" \/>\n\t<meta property=\"og:image:height\" content=\"627\" \/>\n\t<meta property=\"og:image:type\" content=\"image\/jpeg\" \/>\n<meta name=\"author\" content=\"La Sentinelle\" \/>\n<meta name=\"twitter:card\" content=\"summary_large_image\" \/>\n<meta name=\"twitter:label1\" content=\"\u00c9crit par\" \/>\n\t<meta name=\"twitter:data1\" content=\"La Sentinelle\" \/>\n\t<meta name=\"twitter:label2\" content=\"Dur\u00e9e de lecture estim\u00e9e\" \/>\n\t<meta name=\"twitter:data2\" content=\"3 minutes\" \/>\n<script type=\"application\/ld+json\" class=\"yoast-schema-graph\">{\"@context\":\"https:\\\/\\\/schema.org\",\"@graph\":[{\"@type\":\"Article\",\"@id\":\"https:\\\/\\\/lasentinelle.dz\\\/index.php\\\/2024\\\/03\\\/27\\\/gestion-de-lapc-del-hadjar-a-annaba-une-commission-denquete-a-pied-doeuvre\\\/#article\",\"isPartOf\":{\"@id\":\"https:\\\/\\\/lasentinelle.dz\\\/index.php\\\/2024\\\/03\\\/27\\\/gestion-de-lapc-del-hadjar-a-annaba-une-commission-denquete-a-pied-doeuvre\\\/\"},\"author\":{\"name\":\"La Sentinelle\",\"@id\":\"https:\\\/\\\/lasentinelle.dz\\\/#\\\/schema\\\/person\\\/d865044e22e70a75174ce8bcad3acfb3\"},\"headline\":\"Gestion de l\u2019APC d\u2019El Hadjar \u00e0 Annaba\u00a0: Une commission d\u2019enqu\u00eate \u00e0 pied d\u2019\u0153uvre\",\"datePublished\":\"2024-03-27T13:08:36+00:00\",\"dateModified\":\"2024-03-27T13:08:41+00:00\",\"mainEntityOfPage\":{\"@id\":\"https:\\\/\\\/lasentinelle.dz\\\/index.php\\\/2024\\\/03\\\/27\\\/gestion-de-lapc-del-hadjar-a-annaba-une-commission-denquete-a-pied-doeuvre\\\/\"},\"wordCount\":479,\"commentCount\":0,\"publisher\":{\"@id\":\"https:\\\/\\\/lasentinelle.dz\\\/#organization\"},\"image\":{\"@id\":\"https:\\\/\\\/lasentinelle.dz\\\/index.php\\\/2024\\\/03\\\/27\\\/gestion-de-lapc-del-hadjar-a-annaba-une-commission-denquete-a-pied-doeuvre\\\/#primaryimage\"},\"thumbnailUrl\":\"https:\\\/\\\/lasentinelle.dz\\\/wp-content\\\/uploads\\\/2024\\\/03\\\/apc.jpeg\",\"articleSection\":[\"R\u00e9gions\"],\"inLanguage\":\"fr-FR\",\"potentialAction\":[{\"@type\":\"CommentAction\",\"name\":\"Comment\",\"target\":[\"https:\\\/\\\/lasentinelle.dz\\\/index.php\\\/2024\\\/03\\\/27\\\/gestion-de-lapc-del-hadjar-a-annaba-une-commission-denquete-a-pied-doeuvre\\\/#respond\"]}]},{\"@type\":\"WebPage\",\"@id\":\"https:\\\/\\\/lasentinelle.dz\\\/index.php\\\/2024\\\/03\\\/27\\\/gestion-de-lapc-del-hadjar-a-annaba-une-commission-denquete-a-pied-doeuvre\\\/\",\"url\":\"https:\\\/\\\/lasentinelle.dz\\\/index.php\\\/2024\\\/03\\\/27\\\/gestion-de-lapc-del-hadjar-a-annaba-une-commission-denquete-a-pied-doeuvre\\\/\",\"name\":\"Gestion de l\u2019APC d\u2019El Hadjar \u00e0 Annaba\u00a0: Une commission d\u2019enqu\u00eate \u00e0 pied d\u2019\u0153uvre - La Sentinelle\",\"isPartOf\":{\"@id\":\"https:\\\/\\\/lasentinelle.dz\\\/#website\"},\"primaryImageOfPage\":{\"@id\":\"https:\\\/\\\/lasentinelle.dz\\\/index.php\\\/2024\\\/03\\\/27\\\/gestion-de-lapc-del-hadjar-a-annaba-une-commission-denquete-a-pied-doeuvre\\\/#primaryimage\"},\"image\":{\"@id\":\"https:\\\/\\\/lasentinelle.dz\\\/index.php\\\/2024\\\/03\\\/27\\\/gestion-de-lapc-del-hadjar-a-annaba-une-commission-denquete-a-pied-doeuvre\\\/#primaryimage\"},\"thumbnailUrl\":\"https:\\\/\\\/lasentinelle.dz\\\/wp-content\\\/uploads\\\/2024\\\/03\\\/apc.jpeg\",\"datePublished\":\"2024-03-27T13:08:36+00:00\",\"dateModified\":\"2024-03-27T13:08:41+00:00\",\"breadcrumb\":{\"@id\":\"https:\\\/\\\/lasentinelle.dz\\\/index.php\\\/2024\\\/03\\\/27\\\/gestion-de-lapc-del-hadjar-a-annaba-une-commission-denquete-a-pied-doeuvre\\\/#breadcrumb\"},\"inLanguage\":\"fr-FR\",\"potentialAction\":[{\"@type\":\"ReadAction\",\"target\":[\"https:\\\/\\\/lasentinelle.dz\\\/index.php\\\/2024\\\/03\\\/27\\\/gestion-de-lapc-del-hadjar-a-annaba-une-commission-denquete-a-pied-doeuvre\\\/\"]}]},{\"@type\":\"ImageObject\",\"inLanguage\":\"fr-FR\",\"@id\":\"https:\\\/\\\/lasentinelle.dz\\\/index.php\\\/2024\\\/03\\\/27\\\/gestion-de-lapc-del-hadjar-a-annaba-une-commission-denquete-a-pied-doeuvre\\\/#primaryimage\",\"url\":\"https:\\\/\\\/lasentinelle.dz\\\/wp-content\\\/uploads\\\/2024\\\/03\\\/apc.jpeg\",\"contentUrl\":\"https:\\\/\\\/lasentinelle.dz\\\/wp-content\\\/uploads\\\/2024\\\/03\\\/apc.jpeg\",\"width\":900,\"height\":627},{\"@type\":\"BreadcrumbList\",\"@id\":\"https:\\\/\\\/lasentinelle.dz\\\/index.php\\\/2024\\\/03\\\/27\\\/gestion-de-lapc-del-hadjar-a-annaba-une-commission-denquete-a-pied-doeuvre\\\/#breadcrumb\",\"itemListElement\":[{\"@type\":\"ListItem\",\"position\":1,\"name\":\"Accueil\",\"item\":\"https:\\\/\\\/lasentinelle.dz\\\/\"},{\"@type\":\"ListItem\",\"position\":2,\"name\":\"Gestion de l\u2019APC d\u2019El Hadjar \u00e0 Annaba\u00a0: Une commission d\u2019enqu\u00eate \u00e0 pied d\u2019\u0153uvre\"}]},{\"@type\":\"WebSite\",\"@id\":\"https:\\\/\\\/lasentinelle.dz\\\/#website\",\"url\":\"https:\\\/\\\/lasentinelle.dz\\\/\",\"name\":\"La Sentinelle\",\"description\":\"Quotidien national d&#039;information\",\"publisher\":{\"@id\":\"https:\\\/\\\/lasentinelle.dz\\\/#organization\"},\"potentialAction\":[{\"@type\":\"SearchAction\",\"target\":{\"@type\":\"EntryPoint\",\"urlTemplate\":\"https:\\\/\\\/lasentinelle.dz\\\/?s={search_term_string}\"},\"query-input\":{\"@type\":\"PropertyValueSpecification\",\"valueRequired\":true,\"valueName\":\"search_term_string\"}}],\"inLanguage\":\"fr-FR\"},{\"@type\":\"Organization\",\"@id\":\"https:\\\/\\\/lasentinelle.dz\\\/#organization\",\"name\":\"Quotidien La Sentinelle\",\"url\":\"https:\\\/\\\/lasentinelle.dz\\\/\",\"logo\":{\"@type\":\"ImageObject\",\"inLanguage\":\"fr-FR\",\"@id\":\"https:\\\/\\\/lasentinelle.dz\\\/#\\\/schema\\\/logo\\\/image\\\/\",\"url\":\"https:\\\/\\\/lasentinelle.dz\\\/wp-content\\\/uploads\\\/2021\\\/09\\\/logo-sentinelleSLOGAN-1.png\",\"contentUrl\":\"https:\\\/\\\/lasentinelle.dz\\\/wp-content\\\/uploads\\\/2021\\\/09\\\/logo-sentinelleSLOGAN-1.png\",\"width\":615,\"height\":142,\"caption\":\"Quotidien La Sentinelle\"},\"image\":{\"@id\":\"https:\\\/\\\/lasentinelle.dz\\\/#\\\/schema\\\/logo\\\/image\\\/\"},\"sameAs\":[\"https:\\\/\\\/www.facebook.com\\\/La-Sentinelle-104059864394773\"]},{\"@type\":\"Person\",\"@id\":\"https:\\\/\\\/lasentinelle.dz\\\/#\\\/schema\\\/person\\\/d865044e22e70a75174ce8bcad3acfb3\",\"name\":\"La Sentinelle\",\"image\":{\"@type\":\"ImageObject\",\"inLanguage\":\"fr-FR\",\"@id\":\"https:\\\/\\\/secure.gravatar.com\\\/avatar\\\/57de8e5d4b15d43fb361a71fbb36338450fe67865b528a43dd10ef7c51a20392?s=96&d=mm&r=g\",\"url\":\"https:\\\/\\\/secure.gravatar.com\\\/avatar\\\/57de8e5d4b15d43fb361a71fbb36338450fe67865b528a43dd10ef7c51a20392?s=96&d=mm&r=g\",\"contentUrl\":\"https:\\\/\\\/secure.gravatar.com\\\/avatar\\\/57de8e5d4b15d43fb361a71fbb36338450fe67865b528a43dd10ef7c51a20392?s=96&d=mm&r=g\",\"caption\":\"La Sentinelle\"},\"sameAs\":[\"http:\\\/\\\/www.lasentinelle.dz\"],\"url\":\"https:\\\/\\\/lasentinelle.dz\\\/author\\\/redaction\\\/\"}]}<\/script>\n<!-- \/ Yoast SEO plugin. -->","yoast_head_json":{"title":"Gestion de l\u2019APC d\u2019El Hadjar \u00e0 Annaba\u00a0: Une commission d\u2019enqu\u00eate \u00e0 pied d\u2019\u0153uvre - La Sentinelle","robots":{"index":"index","follow":"follow","max-snippet":"max-snippet:-1","max-image-preview":"max-image-preview:large","max-video-preview":"max-video-preview:-1"},"canonical":"https:\/\/lasentinelle.dz\/index.php\/2024\/03\/27\/gestion-de-lapc-del-hadjar-a-annaba-une-commission-denquete-a-pied-doeuvre\/","og_locale":"fr_FR","og_type":"article","og_title":"Gestion de l\u2019APC d\u2019El Hadjar \u00e0 Annaba\u00a0: Une commission d\u2019enqu\u00eate \u00e0 pied d\u2019\u0153uvre - La Sentinelle","og_description":"Le wali d\u2019Annaba, Abdelkader Djellaoui, a d\u00e9p\u00each\u00e9 une commission d\u2019enqu\u00eate \u00e0 l\u2019Assembl\u00e9e populaire communale (APC) d\u2019El Hadjar, afin de v\u00e9rifier","og_url":"https:\/\/lasentinelle.dz\/index.php\/2024\/03\/27\/gestion-de-lapc-del-hadjar-a-annaba-une-commission-denquete-a-pied-doeuvre\/","og_site_name":"La Sentinelle","article_publisher":"https:\/\/www.facebook.com\/La-Sentinelle-104059864394773","article_published_time":"2024-03-27T13:08:36+00:00","article_modified_time":"2024-03-27T13:08:41+00:00","og_image":[{"width":900,"height":627,"url":"https:\/\/lasentinelle.dz\/wp-content\/uploads\/2024\/03\/apc.jpeg","type":"image\/jpeg"}],"author":"La Sentinelle","twitter_card":"summary_large_image","twitter_misc":{"\u00c9crit par":"La Sentinelle","Dur\u00e9e de lecture estim\u00e9e":"3 minutes"},"schema":{"@context":"https:\/\/schema.org","@graph":[{"@type":"Article","@id":"https:\/\/lasentinelle.dz\/index.php\/2024\/03\/27\/gestion-de-lapc-del-hadjar-a-annaba-une-commission-denquete-a-pied-doeuvre\/#article","isPartOf":{"@id":"https:\/\/lasentinelle.dz\/index.php\/2024\/03\/27\/gestion-de-lapc-del-hadjar-a-annaba-une-commission-denquete-a-pied-doeuvre\/"},"author":{"name":"La Sentinelle","@id":"https:\/\/lasentinelle.dz\/#\/schema\/person\/d865044e22e70a75174ce8bcad3acfb3"},"headline":"Gestion de l\u2019APC d\u2019El Hadjar \u00e0 Annaba\u00a0: Une commission d\u2019enqu\u00eate \u00e0 pied d\u2019\u0153uvre","datePublished":"2024-03-27T13:08:36+00:00","dateModified":"2024-03-27T13:08:41+00:00","mainEntityOfPage":{"@id":"https:\/\/lasentinelle.dz\/index.php\/2024\/03\/27\/gestion-de-lapc-del-hadjar-a-annaba-une-commission-denquete-a-pied-doeuvre\/"},"wordCount":479,"commentCount":0,"publisher":{"@id":"https:\/\/lasentinelle.dz\/#organization"},"image":{"@id":"https:\/\/lasentinelle.dz\/index.php\/2024\/03\/27\/gestion-de-lapc-del-hadjar-a-annaba-une-commission-denquete-a-pied-doeuvre\/#primaryimage"},"thumbnailUrl":"https:\/\/lasentinelle.dz\/wp-content\/uploads\/2024\/03\/apc.jpeg","articleSection":["R\u00e9gions"],"inLanguage":"fr-FR","potentialAction":[{"@type":"CommentAction","name":"Comment","target":["https:\/\/lasentinelle.dz\/index.php\/2024\/03\/27\/gestion-de-lapc-del-hadjar-a-annaba-une-commission-denquete-a-pied-doeuvre\/#respond"]}]},{"@type":"WebPage","@id":"https:\/\/lasentinelle.dz\/index.php\/2024\/03\/27\/gestion-de-lapc-del-hadjar-a-annaba-une-commission-denquete-a-pied-doeuvre\/","url":"https:\/\/lasentinelle.dz\/index.php\/2024\/03\/27\/gestion-de-lapc-del-hadjar-a-annaba-une-commission-denquete-a-pied-doeuvre\/","name":"Gestion de l\u2019APC d\u2019El Hadjar \u00e0 Annaba\u00a0: Une commission d\u2019enqu\u00eate \u00e0 pied d\u2019\u0153uvre - La Sentinelle","isPartOf":{"@id":"https:\/\/lasentinelle.dz\/#website"},"primaryImageOfPage":{"@id":"https:\/\/lasentinelle.dz\/index.php\/2024\/03\/27\/gestion-de-lapc-del-hadjar-a-annaba-une-commission-denquete-a-pied-doeuvre\/#primaryimage"},"image":{"@id":"https:\/\/lasentinelle.dz\/index.php\/2024\/03\/27\/gestion-de-lapc-del-hadjar-a-annaba-une-commission-denquete-a-pied-doeuvre\/#primaryimage"},"thumbnailUrl":"https:\/\/lasentinelle.dz\/wp-content\/uploads\/2024\/03\/apc.jpeg","datePublished":"2024-03-27T13:08:36+00:00","dateModified":"2024-03-27T13:08:41+00:00","breadcrumb":{"@id":"https:\/\/lasentinelle.dz\/index.php\/2024\/03\/27\/gestion-de-lapc-del-hadjar-a-annaba-une-commission-denquete-a-pied-doeuvre\/#breadcrumb"},"inLanguage":"fr-FR","potentialAction":[{"@type":"ReadAction","target":["https:\/\/lasentinelle.dz\/index.php\/2024\/03\/27\/gestion-de-lapc-del-hadjar-a-annaba-une-commission-denquete-a-pied-doeuvre\/"]}]},{"@type":"ImageObject","inLanguage":"fr-FR","@id":"https:\/\/lasentinelle.dz\/index.php\/2024\/03\/27\/gestion-de-lapc-del-hadjar-a-annaba-une-commission-denquete-a-pied-doeuvre\/#primaryimage","url":"https:\/\/lasentinelle.dz\/wp-content\/uploads\/2024\/03\/apc.jpeg","contentUrl":"https:\/\/lasentinelle.dz\/wp-content\/uploads\/2024\/03\/apc.jpeg","width":900,"height":627},{"@type":"BreadcrumbList","@id":"https:\/\/lasentinelle.dz\/index.php\/2024\/03\/27\/gestion-de-lapc-del-hadjar-a-annaba-une-commission-denquete-a-pied-doeuvre\/#breadcrumb","itemListElement":[{"@type":"ListItem","position":1,"name":"Accueil","item":"https:\/\/lasentinelle.dz\/"},{"@type":"ListItem","position":2,"name":"Gestion de l\u2019APC d\u2019El Hadjar \u00e0 Annaba\u00a0: Une commission d\u2019enqu\u00eate \u00e0 pied d\u2019\u0153uvre"}]},{"@type":"WebSite","@id":"https:\/\/lasentinelle.dz\/#website","url":"https:\/\/lasentinelle.dz\/","name":"La Sentinelle","description":"Quotidien national d&#039;information","publisher":{"@id":"https:\/\/lasentinelle.dz\/#organization"},"potentialAction":[{"@type":"SearchAction","target":{"@type":"EntryPoint","urlTemplate":"https:\/\/lasentinelle.dz\/?s={search_term_string}"},"query-input":{"@type":"PropertyValueSpecification","valueRequired":true,"valueName":"search_term_string"}}],"inLanguage":"fr-FR"},{"@type":"Organization","@id":"https:\/\/lasentinelle.dz\/#organization","name":"Quotidien La Sentinelle","url":"https:\/\/lasentinelle.dz\/","logo":{"@type":"ImageObject","inLanguage":"fr-FR","@id":"https:\/\/lasentinelle.dz\/#\/schema\/logo\/image\/","url":"https:\/\/lasentinelle.dz\/wp-content\/uploads\/2021\/09\/logo-sentinelleSLOGAN-1.png","contentUrl":"https:\/\/lasentinelle.dz\/wp-content\/uploads\/2021\/09\/logo-sentinelleSLOGAN-1.png","width":615,"height":142,"caption":"Quotidien La Sentinelle"},"image":{"@id":"https:\/\/lasentinelle.dz\/#\/schema\/logo\/image\/"},"sameAs":["https:\/\/www.facebook.com\/La-Sentinelle-104059864394773"]},{"@type":"Person","@id":"https:\/\/lasentinelle.dz\/#\/schema\/person\/d865044e22e70a75174ce8bcad3acfb3","name":"La Sentinelle","image":{"@type":"ImageObject","inLanguage":"fr-FR","@id":"https:\/\/secure.gravatar.com\/avatar\/57de8e5d4b15d43fb361a71fbb36338450fe67865b528a43dd10ef7c51a20392?s=96&d=mm&r=g","url":"https:\/\/secure.gravatar.com\/avatar\/57de8e5d4b15d43fb361a71fbb36338450fe67865b528a43dd10ef7c51a20392?s=96&d=mm&r=g","contentUrl":"https:\/\/secure.gravatar.com\/avatar\/57de8e5d4b15d43fb361a71fbb36338450fe67865b528a43dd10ef7c51a20392?s=96&d=mm&r=g","caption":"La Sentinelle"},"sameAs":["http:\/\/www.lasentinelle.dz"],"url":"https:\/\/lasentinelle.dz\/author\/redaction\/"}]}},"_links":{"self":[{"href":"https:\/\/lasentinelle.dz\/index.php\/wp-json\/wp\/v2\/posts\/50724","targetHints":{"allow":["GET"]}}],"collection":[{"href":"https:\/\/lasentinelle.dz\/index.php\/wp-json\/wp\/v2\/posts"}],"about":[{"href":"https:\/\/lasentinelle.dz\/index.php\/wp-json\/wp\/v2\/types\/post"}],"author":[{"embeddable":true,"href":"https:\/\/lasentinelle.dz\/index.php\/wp-json\/wp\/v2\/users\/3"}],"replies":[{"embeddable":true,"href":"https:\/\/lasentinelle.dz\/index.php\/wp-json\/wp\/v2\/comments?post=50724"}],"version-history":[{"count":1,"href":"https:\/\/lasentinelle.dz\/index.php\/wp-json\/wp\/v2\/posts\/50724\/revisions"}],"predecessor-version":[{"id":50726,"href":"https:\/\/lasentinelle.dz\/index.php\/wp-json\/wp\/v2\/posts\/50724\/revisions\/50726"}],"wp:featuredmedia":[{"embeddable":true,"href":"https:\/\/lasentinelle.dz\/index.php\/wp-json\/wp\/v2\/media\/50725"}],"wp:attachment":[{"href":"https:\/\/lasentinelle.dz\/index.php\/wp-json\/wp\/v2\/media?parent=50724"}],"wp:term":[{"taxonomy":"category","embeddable":true,"href":"https:\/\/lasentinelle.dz\/index.php\/wp-json\/wp\/v2\/categories?post=50724"},{"taxonomy":"post_tag","embeddable":true,"href":"https:\/\/lasentinelle.dz\/index.php\/wp-json\/wp\/v2\/tags?post=50724"}],"curies":[{"name":"wp","href":"https:\/\/api.w.org\/{rel}","templated":true}]}}