{"id":50727,"date":"2024-03-27T14:27:45","date_gmt":"2024-03-27T13:27:45","guid":{"rendered":"https:\/\/lasentinelle.dz\/?p=50727"},"modified":"2024-03-27T14:27:50","modified_gmt":"2024-03-27T13:27:50","slug":"transition-energetique-plus-dun-million-de-vehicules-roulent-au-gpl-c","status":"publish","type":"post","link":"https:\/\/lasentinelle.dz\/index.php\/2024\/03\/27\/transition-energetique-plus-dun-million-de-vehicules-roulent-au-gpl-c\/","title":{"rendered":"Transition \u00e9nerg\u00e9tique\u00a0: Plus d\u2019un million de v\u00e9hicules roulent au GPL\/c"},"content":{"rendered":"\n<p>La politique des pouvoirs publics en mati\u00e8re de transition \u00e9nerg\u00e9tique s\u2019appuie sur le d\u00e9veloppement rapide des \u00e9nergies renouvelables et de l\u2019hydrog\u00e8ne vert, mais aussi une politique appuy\u00e9e d\u2019efficacit\u00e9 \u00e9nerg\u00e9tique, notamment dans les transports avec la promotion de carburants propres. C\u2019est dans ce contexte que des mesures et des incitations ont \u00e9t\u00e9 mises en place pour encourager le recours au GPL carburant (GPL\/c) et au gaz naturel comprim\u00e9 (GNC) dans les transports en commun, mais aussi pour les particuliers. Une politique qui paie, vu que les derniers chiffres Commissariat aux \u00e9nergies renouvelables et \u00e0 l&rsquo;efficacit\u00e9 \u00e9nerg\u00e9tique (CEREFE), font \u00e9tat de plus d\u2019un million de v\u00e9hicules circulant au GPL\/c \u00e0 la fin de 2023. Dans un rapport consacr\u00e9 au \u00ab\u00a0d\u00e9veloppement de GPL\/c et de GNC (Gaz naturel comprim\u00e9) en tant que leviers de la transition \u00e9nerg\u00e9tique dans le secteur du transport en Alg\u00e9rie\u00a0\u00bb, le CEREFE a pr\u00e9cis\u00e9 que \u00ab\u00a0le parc national roulant au GPL\/c comptait 850.000 v\u00e9hicules au premier semestre 2023 et devrait franchir le seuil d\u2019un million \u00e0 la fin de l\u2019ann\u00e9e 2023\u00a0\u00bb. Le Commissariat a \u00e9voqu\u00e9 \u00e9galement une \u00ab\u00a0croissance fulgurante\u00a0\u00bb de l\u2019utilisation de GPL\/c en Alg\u00e9rie, enregistr\u00e9e \u00e0 partir de 2015, notamment \u00e0 la suite de l\u2019augmentation du prix \u00e0 la pompe de l\u2019essence et du gasoil, op\u00e9r\u00e9e \u00e0 travers les lois de Finances de 2016, 2017, 2018 et 2020, et en raison de la subvention accord\u00e9e pour la fourniture et l\u2019installation des kits GPL\/c. Selon le rapport, \u00e9labor\u00e9 par le groupe de travail \u00ab\u00a0Mobilit\u00e9 propre\u00a0\u00bb compos\u00e9 de repr\u00e9sentants de plusieurs minist\u00e8res, le prix du GPL\/c en Alg\u00e9rie est le moins cher au monde, c\u00e9d\u00e9 aux utilisateurs \u00e0 un tarif cinq fois moins cher que celui de l&rsquo;essence et trois fois moins cher que celui du gasoil. De ce fait, la demande sur le GPL\/c n\u2019a cess\u00e9 de croitre en Alg\u00e9rie depuis 2016, passant de 290 Ktep (kilotonne \u00e9quivalent p\u00e9trole) en 2015 \u00e0 plus de 1800 Ktep en 2022. La demande sur le GPL\/c a permis aussi une baisse \u00ab\u00a0significative\u00a0\u00bb de la consommation de l\u2019essence, passant de 4,4 millions de tonnes en 2015 \u00e0 3,3 millions de tonnes en 2022, soit des \u00e9conomies d\u2019essence d\u2019un peu plus d\u2019un million de tonnes en 2022 par rapport \u00e0 2015, pr\u00e9cise le rapport. Et de souligner que l\u2019Alg\u00e9rie dispose d\u2019un grand potentiel en mati\u00e8re de production de GPL\/c et de GNC. Dans ce sens, le CEREFE a assur\u00e9 que le d\u00e9veloppement de ces deux produits repr\u00e9sente \u00ab\u00a0la solution la mieux adapt\u00e9e sur le plan tant \u00e9conomique, sanitaire et environnemental\u00a0\u00bb. L\u2019instance a ainsi formul\u00e9 une s\u00e9rie de recommandations en vue d\u2019acc\u00e9l\u00e9rer davantage la cadence de conversion de v\u00e9hicules en GPL\/c. Il s&rsquo;agit notamment de doter tous les centres d\u2019emplissage existants de moyens de distribution de GPL\/c, de multiplier le nombre de ces centres \u00e0 l\u2019ensemble du pays, de renforcer la flotte de camions citernes de transport de GPL\/c pour assurer l\u2019approvisionnement continu des stations de services, ainsi que d&rsquo;augmenter le nombre de distributeurs GPL\/c au niveau des stations de services pour \u00e9liminer les longues files d\u2019attentes. Le rapport appel\u00e9 \u00e9galement \u00e0 encourager et soutenir la construction de stations de services d\u00e9di\u00e9es exclusivement \u00e0 la distribution de GPL\/c, \u00e0 examiner la suspension voire la suppression progressive ou totale de la subvention d\u00e9di\u00e9e \u00e0 la conversion des v\u00e9hicules automobiles au GPL\/c et l\u2019orienter vers la r\u00e9alisation d\u2019infrastructures de distribution de GPL\/c et d&rsquo;encourager et de soutenir la fabrication locale des kits et des citernes de stockage du GPL\/c. La mise en place des mesures r\u00e8glementaires et techniques permettant l\u2019acc\u00e8s de des v\u00e9hicules \u00e9quip\u00e9s de kits GPL\/C aux parkings sous terrains et couverts, ainsi l&rsquo;introduction d&rsquo;une clause sp\u00e9cifique au niveau des cahiers des charges r\u00e9glementant les v\u00e9hicules import\u00e9s et ceux fabriqu\u00e9s localement, exigeant un quota de mod\u00e8les \u00e9quip\u00e9s de kits GPL\/c avec l\u2019homologation n\u00e9cessaire figurent aussi parmi ces recommandations. S&rsquo;agissant du GNC, le Commissariat a relev\u00e9 que ce carburant n\u2019a pas d\u00e9pass\u00e9, \u00e0 ce jour, le stade exp\u00e9rimental, malgr\u00e9 la r\u00e9alisation d\u2019un nombre non-n\u00e9gligeable d\u2019actions en faveur du d\u00e9veloppement de son utilisation comme carburant de v\u00e9hicules automobiles.<\/p>\n\n\n\n<p>Notons que le pr\u00e9sident directeur g\u00e9n\u00e9ral (P-dg) de Naftal, Djamal Cherdoud, a annonc\u00e9, lundi soir, un projet de fabrication des kits GPL\/c avec r\u00e9servoirs toriques qui est en pr\u00e9paration par l\u2019Entreprise de bouteilles \u00e0 gaz (BAG), filiale de Naftal, ce qui permettra \u00ab\u00a0\u00e0 moyen terme de se lib\u00e9rer de l\u2019importation et d&rsquo;en r\u00e9duire la facture\u00a0\u00bb, a-t-il pr\u00e9cis\u00e9. Il a not\u00e9 que cette filiale couvre les besoins du march\u00e9 national en mati\u00e8re de kits GPL\/c avec r\u00e9servoirs cylindriques, ce qui repr\u00e9sente pr\u00e8s de 50% du volume global du march\u00e9 des kits GPL\/c en Alg\u00e9rie. Il a mis en avant dans ce sens \u00ab\u00a0une grande demande sur le GPL\/cproduit, r\u00e9unissant toutes les conditions pour s\u00e9duire les utilisateurs\u00a0\u00bb, tout en soulignant que Naftal, qui dispose d\u2019un r\u00e9seau de 52 centres de conversion, estime qu'\u00a0\u00bbune grande partie\u00a0\u00bb des nouveaux v\u00e9hicules qui seront mis en circulation, va s\u2019orienter vers la conversion au GPL\/c, g\u00e9n\u00e9rant ainsi une augmentation de la consommation de ce carburant qui est actuellement de 1,4 million de tonnes.<\/p>\n\n\n\n<p><strong>Chokri Hafed<\/strong><\/p>\n","protected":false},"excerpt":{"rendered":"<p>La politique des pouvoirs publics en mati\u00e8re de transition \u00e9nerg\u00e9tique s\u2019appuie sur le d\u00e9veloppement rapide des \u00e9nergies renouvelables et de<\/p>\n","protected":false},"author":3,"featured_media":41828,"comment_status":"open","ping_status":"closed","sticky":false,"template":"","format":"standard","meta":{"colormag_page_container_layout":"default_layout","colormag_page_sidebar_layout":"default_layout","om_disable_all_campaigns":false,"_monsterinsights_skip_tracking":false,"_monsterinsights_sitenote_active":false,"_monsterinsights_sitenote_note":"","_monsterinsights_sitenote_category":0,"footnotes":"","_wpscppro_dont_share_socialmedia":false,"_wpscppro_custom_social_share_image":0,"_facebook_share_type":"","_twitter_share_type":"","_linkedin_share_type":"","_pinterest_share_type":"","_linkedin_share_type_page":"","_instagram_share_type":"","_medium_share_type":"","_threads_share_type":"","_google_business_share_type":"","_selected_social_profile":[],"_wpsp_enable_custom_social_template":false,"_wpsp_social_scheduling":{"enabled":false,"datetime":null,"platforms":[],"status":"template_only","dateOption":"today","timeOption":"now","customDays":"","customHours":"","customDate":"","customTime":"","schedulingType":"absolute"},"_wpsp_active_default_template":true},"categories":[52,29],"tags":[],"class_list":["post-50727","post","type-post","status-publish","format-standard","has-post-thumbnail","hentry","category-a-la-une","category-economie"],"aioseo_notices":[],"yoast_head":"<!-- This site is optimized with the Yoast SEO plugin v27.5 - https:\/\/yoast.com\/product\/yoast-seo-wordpress\/ -->\n<title>Transition \u00e9nerg\u00e9tique\u00a0: Plus d\u2019un million de v\u00e9hicules roulent au GPL\/c - La Sentinelle<\/title>\n<meta name=\"robots\" content=\"index, follow, max-snippet:-1, max-image-preview:large, max-video-preview:-1\" \/>\n<link rel=\"canonical\" href=\"https:\/\/lasentinelle.dz\/index.php\/2024\/03\/27\/transition-energetique-plus-dun-million-de-vehicules-roulent-au-gpl-c\/\" \/>\n<meta property=\"og:locale\" content=\"fr_FR\" \/>\n<meta property=\"og:type\" content=\"article\" \/>\n<meta property=\"og:title\" content=\"Transition \u00e9nerg\u00e9tique\u00a0: Plus d\u2019un million de v\u00e9hicules roulent au GPL\/c - La Sentinelle\" \/>\n<meta property=\"og:description\" content=\"La politique des pouvoirs publics en mati\u00e8re de transition \u00e9nerg\u00e9tique s\u2019appuie sur le d\u00e9veloppement rapide des \u00e9nergies renouvelables et de\" \/>\n<meta property=\"og:url\" content=\"https:\/\/lasentinelle.dz\/index.php\/2024\/03\/27\/transition-energetique-plus-dun-million-de-vehicules-roulent-au-gpl-c\/\" \/>\n<meta property=\"og:site_name\" content=\"La Sentinelle\" \/>\n<meta property=\"article:publisher\" content=\"https:\/\/www.facebook.com\/La-Sentinelle-104059864394773\" \/>\n<meta property=\"article:published_time\" content=\"2024-03-27T13:27:45+00:00\" \/>\n<meta property=\"article:modified_time\" content=\"2024-03-27T13:27:50+00:00\" \/>\n<meta property=\"og:image\" content=\"https:\/\/lasentinelle.dz\/wp-content\/uploads\/2023\/05\/GPL.png\" \/>\n\t<meta property=\"og:image:width\" content=\"1351\" \/>\n\t<meta property=\"og:image:height\" content=\"900\" \/>\n\t<meta property=\"og:image:type\" content=\"image\/png\" \/>\n<meta name=\"author\" content=\"La Sentinelle\" \/>\n<meta name=\"twitter:card\" content=\"summary_large_image\" \/>\n<meta name=\"twitter:label1\" content=\"\u00c9crit par\" \/>\n\t<meta name=\"twitter:data1\" content=\"La Sentinelle\" \/>\n\t<meta name=\"twitter:label2\" content=\"Dur\u00e9e de lecture estim\u00e9e\" \/>\n\t<meta name=\"twitter:data2\" content=\"5 minutes\" \/>\n<script type=\"application\/ld+json\" class=\"yoast-schema-graph\">{\"@context\":\"https:\\\/\\\/schema.org\",\"@graph\":[{\"@type\":\"Article\",\"@id\":\"https:\\\/\\\/lasentinelle.dz\\\/index.php\\\/2024\\\/03\\\/27\\\/transition-energetique-plus-dun-million-de-vehicules-roulent-au-gpl-c\\\/#article\",\"isPartOf\":{\"@id\":\"https:\\\/\\\/lasentinelle.dz\\\/index.php\\\/2024\\\/03\\\/27\\\/transition-energetique-plus-dun-million-de-vehicules-roulent-au-gpl-c\\\/\"},\"author\":{\"name\":\"La Sentinelle\",\"@id\":\"https:\\\/\\\/lasentinelle.dz\\\/#\\\/schema\\\/person\\\/d865044e22e70a75174ce8bcad3acfb3\"},\"headline\":\"Transition \u00e9nerg\u00e9tique\u00a0: Plus d\u2019un million de v\u00e9hicules roulent au GPL\\\/c\",\"datePublished\":\"2024-03-27T13:27:45+00:00\",\"dateModified\":\"2024-03-27T13:27:50+00:00\",\"mainEntityOfPage\":{\"@id\":\"https:\\\/\\\/lasentinelle.dz\\\/index.php\\\/2024\\\/03\\\/27\\\/transition-energetique-plus-dun-million-de-vehicules-roulent-au-gpl-c\\\/\"},\"wordCount\":958,\"commentCount\":0,\"publisher\":{\"@id\":\"https:\\\/\\\/lasentinelle.dz\\\/#organization\"},\"image\":{\"@id\":\"https:\\\/\\\/lasentinelle.dz\\\/index.php\\\/2024\\\/03\\\/27\\\/transition-energetique-plus-dun-million-de-vehicules-roulent-au-gpl-c\\\/#primaryimage\"},\"thumbnailUrl\":\"https:\\\/\\\/lasentinelle.dz\\\/wp-content\\\/uploads\\\/2023\\\/05\\\/GPL.png\",\"articleSection\":[\"\u00c0 la Une\",\"\u00c9conomie\"],\"inLanguage\":\"fr-FR\",\"potentialAction\":[{\"@type\":\"CommentAction\",\"name\":\"Comment\",\"target\":[\"https:\\\/\\\/lasentinelle.dz\\\/index.php\\\/2024\\\/03\\\/27\\\/transition-energetique-plus-dun-million-de-vehicules-roulent-au-gpl-c\\\/#respond\"]}]},{\"@type\":\"WebPage\",\"@id\":\"https:\\\/\\\/lasentinelle.dz\\\/index.php\\\/2024\\\/03\\\/27\\\/transition-energetique-plus-dun-million-de-vehicules-roulent-au-gpl-c\\\/\",\"url\":\"https:\\\/\\\/lasentinelle.dz\\\/index.php\\\/2024\\\/03\\\/27\\\/transition-energetique-plus-dun-million-de-vehicules-roulent-au-gpl-c\\\/\",\"name\":\"Transition \u00e9nerg\u00e9tique\u00a0: Plus d\u2019un million de v\u00e9hicules roulent au GPL\\\/c - La Sentinelle\",\"isPartOf\":{\"@id\":\"https:\\\/\\\/lasentinelle.dz\\\/#website\"},\"primaryImageOfPage\":{\"@id\":\"https:\\\/\\\/lasentinelle.dz\\\/index.php\\\/2024\\\/03\\\/27\\\/transition-energetique-plus-dun-million-de-vehicules-roulent-au-gpl-c\\\/#primaryimage\"},\"image\":{\"@id\":\"https:\\\/\\\/lasentinelle.dz\\\/index.php\\\/2024\\\/03\\\/27\\\/transition-energetique-plus-dun-million-de-vehicules-roulent-au-gpl-c\\\/#primaryimage\"},\"thumbnailUrl\":\"https:\\\/\\\/lasentinelle.dz\\\/wp-content\\\/uploads\\\/2023\\\/05\\\/GPL.png\",\"datePublished\":\"2024-03-27T13:27:45+00:00\",\"dateModified\":\"2024-03-27T13:27:50+00:00\",\"breadcrumb\":{\"@id\":\"https:\\\/\\\/lasentinelle.dz\\\/index.php\\\/2024\\\/03\\\/27\\\/transition-energetique-plus-dun-million-de-vehicules-roulent-au-gpl-c\\\/#breadcrumb\"},\"inLanguage\":\"fr-FR\",\"potentialAction\":[{\"@type\":\"ReadAction\",\"target\":[\"https:\\\/\\\/lasentinelle.dz\\\/index.php\\\/2024\\\/03\\\/27\\\/transition-energetique-plus-dun-million-de-vehicules-roulent-au-gpl-c\\\/\"]}]},{\"@type\":\"ImageObject\",\"inLanguage\":\"fr-FR\",\"@id\":\"https:\\\/\\\/lasentinelle.dz\\\/index.php\\\/2024\\\/03\\\/27\\\/transition-energetique-plus-dun-million-de-vehicules-roulent-au-gpl-c\\\/#primaryimage\",\"url\":\"https:\\\/\\\/lasentinelle.dz\\\/wp-content\\\/uploads\\\/2023\\\/05\\\/GPL.png\",\"contentUrl\":\"https:\\\/\\\/lasentinelle.dz\\\/wp-content\\\/uploads\\\/2023\\\/05\\\/GPL.png\",\"width\":1351,\"height\":900},{\"@type\":\"BreadcrumbList\",\"@id\":\"https:\\\/\\\/lasentinelle.dz\\\/index.php\\\/2024\\\/03\\\/27\\\/transition-energetique-plus-dun-million-de-vehicules-roulent-au-gpl-c\\\/#breadcrumb\",\"itemListElement\":[{\"@type\":\"ListItem\",\"position\":1,\"name\":\"Accueil\",\"item\":\"https:\\\/\\\/lasentinelle.dz\\\/\"},{\"@type\":\"ListItem\",\"position\":2,\"name\":\"Transition \u00e9nerg\u00e9tique\u00a0: Plus d\u2019un million de v\u00e9hicules roulent au GPL\\\/c\"}]},{\"@type\":\"WebSite\",\"@id\":\"https:\\\/\\\/lasentinelle.dz\\\/#website\",\"url\":\"https:\\\/\\\/lasentinelle.dz\\\/\",\"name\":\"La Sentinelle\",\"description\":\"Quotidien national d&#039;information\",\"publisher\":{\"@id\":\"https:\\\/\\\/lasentinelle.dz\\\/#organization\"},\"potentialAction\":[{\"@type\":\"SearchAction\",\"target\":{\"@type\":\"EntryPoint\",\"urlTemplate\":\"https:\\\/\\\/lasentinelle.dz\\\/?s={search_term_string}\"},\"query-input\":{\"@type\":\"PropertyValueSpecification\",\"valueRequired\":true,\"valueName\":\"search_term_string\"}}],\"inLanguage\":\"fr-FR\"},{\"@type\":\"Organization\",\"@id\":\"https:\\\/\\\/lasentinelle.dz\\\/#organization\",\"name\":\"Quotidien La Sentinelle\",\"url\":\"https:\\\/\\\/lasentinelle.dz\\\/\",\"logo\":{\"@type\":\"ImageObject\",\"inLanguage\":\"fr-FR\",\"@id\":\"https:\\\/\\\/lasentinelle.dz\\\/#\\\/schema\\\/logo\\\/image\\\/\",\"url\":\"https:\\\/\\\/lasentinelle.dz\\\/wp-content\\\/uploads\\\/2021\\\/09\\\/logo-sentinelleSLOGAN-1.png\",\"contentUrl\":\"https:\\\/\\\/lasentinelle.dz\\\/wp-content\\\/uploads\\\/2021\\\/09\\\/logo-sentinelleSLOGAN-1.png\",\"width\":615,\"height\":142,\"caption\":\"Quotidien La Sentinelle\"},\"image\":{\"@id\":\"https:\\\/\\\/lasentinelle.dz\\\/#\\\/schema\\\/logo\\\/image\\\/\"},\"sameAs\":[\"https:\\\/\\\/www.facebook.com\\\/La-Sentinelle-104059864394773\"]},{\"@type\":\"Person\",\"@id\":\"https:\\\/\\\/lasentinelle.dz\\\/#\\\/schema\\\/person\\\/d865044e22e70a75174ce8bcad3acfb3\",\"name\":\"La Sentinelle\",\"image\":{\"@type\":\"ImageObject\",\"inLanguage\":\"fr-FR\",\"@id\":\"https:\\\/\\\/secure.gravatar.com\\\/avatar\\\/57de8e5d4b15d43fb361a71fbb36338450fe67865b528a43dd10ef7c51a20392?s=96&d=mm&r=g\",\"url\":\"https:\\\/\\\/secure.gravatar.com\\\/avatar\\\/57de8e5d4b15d43fb361a71fbb36338450fe67865b528a43dd10ef7c51a20392?s=96&d=mm&r=g\",\"contentUrl\":\"https:\\\/\\\/secure.gravatar.com\\\/avatar\\\/57de8e5d4b15d43fb361a71fbb36338450fe67865b528a43dd10ef7c51a20392?s=96&d=mm&r=g\",\"caption\":\"La Sentinelle\"},\"sameAs\":[\"http:\\\/\\\/www.lasentinelle.dz\"],\"url\":\"https:\\\/\\\/lasentinelle.dz\\\/author\\\/redaction\\\/\"}]}<\/script>\n<!-- \/ Yoast SEO plugin. -->","yoast_head_json":{"title":"Transition \u00e9nerg\u00e9tique\u00a0: Plus d\u2019un million de v\u00e9hicules roulent au GPL\/c - La Sentinelle","robots":{"index":"index","follow":"follow","max-snippet":"max-snippet:-1","max-image-preview":"max-image-preview:large","max-video-preview":"max-video-preview:-1"},"canonical":"https:\/\/lasentinelle.dz\/index.php\/2024\/03\/27\/transition-energetique-plus-dun-million-de-vehicules-roulent-au-gpl-c\/","og_locale":"fr_FR","og_type":"article","og_title":"Transition \u00e9nerg\u00e9tique\u00a0: Plus d\u2019un million de v\u00e9hicules roulent au GPL\/c - La Sentinelle","og_description":"La politique des pouvoirs publics en mati\u00e8re de transition \u00e9nerg\u00e9tique s\u2019appuie sur le d\u00e9veloppement rapide des \u00e9nergies renouvelables et de","og_url":"https:\/\/lasentinelle.dz\/index.php\/2024\/03\/27\/transition-energetique-plus-dun-million-de-vehicules-roulent-au-gpl-c\/","og_site_name":"La Sentinelle","article_publisher":"https:\/\/www.facebook.com\/La-Sentinelle-104059864394773","article_published_time":"2024-03-27T13:27:45+00:00","article_modified_time":"2024-03-27T13:27:50+00:00","og_image":[{"width":1351,"height":900,"url":"https:\/\/lasentinelle.dz\/wp-content\/uploads\/2023\/05\/GPL.png","type":"image\/png"}],"author":"La Sentinelle","twitter_card":"summary_large_image","twitter_misc":{"\u00c9crit par":"La Sentinelle","Dur\u00e9e de lecture estim\u00e9e":"5 minutes"},"schema":{"@context":"https:\/\/schema.org","@graph":[{"@type":"Article","@id":"https:\/\/lasentinelle.dz\/index.php\/2024\/03\/27\/transition-energetique-plus-dun-million-de-vehicules-roulent-au-gpl-c\/#article","isPartOf":{"@id":"https:\/\/lasentinelle.dz\/index.php\/2024\/03\/27\/transition-energetique-plus-dun-million-de-vehicules-roulent-au-gpl-c\/"},"author":{"name":"La Sentinelle","@id":"https:\/\/lasentinelle.dz\/#\/schema\/person\/d865044e22e70a75174ce8bcad3acfb3"},"headline":"Transition \u00e9nerg\u00e9tique\u00a0: Plus d\u2019un million de v\u00e9hicules roulent au GPL\/c","datePublished":"2024-03-27T13:27:45+00:00","dateModified":"2024-03-27T13:27:50+00:00","mainEntityOfPage":{"@id":"https:\/\/lasentinelle.dz\/index.php\/2024\/03\/27\/transition-energetique-plus-dun-million-de-vehicules-roulent-au-gpl-c\/"},"wordCount":958,"commentCount":0,"publisher":{"@id":"https:\/\/lasentinelle.dz\/#organization"},"image":{"@id":"https:\/\/lasentinelle.dz\/index.php\/2024\/03\/27\/transition-energetique-plus-dun-million-de-vehicules-roulent-au-gpl-c\/#primaryimage"},"thumbnailUrl":"https:\/\/lasentinelle.dz\/wp-content\/uploads\/2023\/05\/GPL.png","articleSection":["\u00c0 la Une","\u00c9conomie"],"inLanguage":"fr-FR","potentialAction":[{"@type":"CommentAction","name":"Comment","target":["https:\/\/lasentinelle.dz\/index.php\/2024\/03\/27\/transition-energetique-plus-dun-million-de-vehicules-roulent-au-gpl-c\/#respond"]}]},{"@type":"WebPage","@id":"https:\/\/lasentinelle.dz\/index.php\/2024\/03\/27\/transition-energetique-plus-dun-million-de-vehicules-roulent-au-gpl-c\/","url":"https:\/\/lasentinelle.dz\/index.php\/2024\/03\/27\/transition-energetique-plus-dun-million-de-vehicules-roulent-au-gpl-c\/","name":"Transition \u00e9nerg\u00e9tique\u00a0: Plus d\u2019un million de v\u00e9hicules roulent au GPL\/c - La Sentinelle","isPartOf":{"@id":"https:\/\/lasentinelle.dz\/#website"},"primaryImageOfPage":{"@id":"https:\/\/lasentinelle.dz\/index.php\/2024\/03\/27\/transition-energetique-plus-dun-million-de-vehicules-roulent-au-gpl-c\/#primaryimage"},"image":{"@id":"https:\/\/lasentinelle.dz\/index.php\/2024\/03\/27\/transition-energetique-plus-dun-million-de-vehicules-roulent-au-gpl-c\/#primaryimage"},"thumbnailUrl":"https:\/\/lasentinelle.dz\/wp-content\/uploads\/2023\/05\/GPL.png","datePublished":"2024-03-27T13:27:45+00:00","dateModified":"2024-03-27T13:27:50+00:00","breadcrumb":{"@id":"https:\/\/lasentinelle.dz\/index.php\/2024\/03\/27\/transition-energetique-plus-dun-million-de-vehicules-roulent-au-gpl-c\/#breadcrumb"},"inLanguage":"fr-FR","potentialAction":[{"@type":"ReadAction","target":["https:\/\/lasentinelle.dz\/index.php\/2024\/03\/27\/transition-energetique-plus-dun-million-de-vehicules-roulent-au-gpl-c\/"]}]},{"@type":"ImageObject","inLanguage":"fr-FR","@id":"https:\/\/lasentinelle.dz\/index.php\/2024\/03\/27\/transition-energetique-plus-dun-million-de-vehicules-roulent-au-gpl-c\/#primaryimage","url":"https:\/\/lasentinelle.dz\/wp-content\/uploads\/2023\/05\/GPL.png","contentUrl":"https:\/\/lasentinelle.dz\/wp-content\/uploads\/2023\/05\/GPL.png","width":1351,"height":900},{"@type":"BreadcrumbList","@id":"https:\/\/lasentinelle.dz\/index.php\/2024\/03\/27\/transition-energetique-plus-dun-million-de-vehicules-roulent-au-gpl-c\/#breadcrumb","itemListElement":[{"@type":"ListItem","position":1,"name":"Accueil","item":"https:\/\/lasentinelle.dz\/"},{"@type":"ListItem","position":2,"name":"Transition \u00e9nerg\u00e9tique\u00a0: Plus d\u2019un million de v\u00e9hicules roulent au GPL\/c"}]},{"@type":"WebSite","@id":"https:\/\/lasentinelle.dz\/#website","url":"https:\/\/lasentinelle.dz\/","name":"La Sentinelle","description":"Quotidien national d&#039;information","publisher":{"@id":"https:\/\/lasentinelle.dz\/#organization"},"potentialAction":[{"@type":"SearchAction","target":{"@type":"EntryPoint","urlTemplate":"https:\/\/lasentinelle.dz\/?s={search_term_string}"},"query-input":{"@type":"PropertyValueSpecification","valueRequired":true,"valueName":"search_term_string"}}],"inLanguage":"fr-FR"},{"@type":"Organization","@id":"https:\/\/lasentinelle.dz\/#organization","name":"Quotidien La Sentinelle","url":"https:\/\/lasentinelle.dz\/","logo":{"@type":"ImageObject","inLanguage":"fr-FR","@id":"https:\/\/lasentinelle.dz\/#\/schema\/logo\/image\/","url":"https:\/\/lasentinelle.dz\/wp-content\/uploads\/2021\/09\/logo-sentinelleSLOGAN-1.png","contentUrl":"https:\/\/lasentinelle.dz\/wp-content\/uploads\/2021\/09\/logo-sentinelleSLOGAN-1.png","width":615,"height":142,"caption":"Quotidien La Sentinelle"},"image":{"@id":"https:\/\/lasentinelle.dz\/#\/schema\/logo\/image\/"},"sameAs":["https:\/\/www.facebook.com\/La-Sentinelle-104059864394773"]},{"@type":"Person","@id":"https:\/\/lasentinelle.dz\/#\/schema\/person\/d865044e22e70a75174ce8bcad3acfb3","name":"La Sentinelle","image":{"@type":"ImageObject","inLanguage":"fr-FR","@id":"https:\/\/secure.gravatar.com\/avatar\/57de8e5d4b15d43fb361a71fbb36338450fe67865b528a43dd10ef7c51a20392?s=96&d=mm&r=g","url":"https:\/\/secure.gravatar.com\/avatar\/57de8e5d4b15d43fb361a71fbb36338450fe67865b528a43dd10ef7c51a20392?s=96&d=mm&r=g","contentUrl":"https:\/\/secure.gravatar.com\/avatar\/57de8e5d4b15d43fb361a71fbb36338450fe67865b528a43dd10ef7c51a20392?s=96&d=mm&r=g","caption":"La Sentinelle"},"sameAs":["http:\/\/www.lasentinelle.dz"],"url":"https:\/\/lasentinelle.dz\/author\/redaction\/"}]}},"_links":{"self":[{"href":"https:\/\/lasentinelle.dz\/index.php\/wp-json\/wp\/v2\/posts\/50727","targetHints":{"allow":["GET"]}}],"collection":[{"href":"https:\/\/lasentinelle.dz\/index.php\/wp-json\/wp\/v2\/posts"}],"about":[{"href":"https:\/\/lasentinelle.dz\/index.php\/wp-json\/wp\/v2\/types\/post"}],"author":[{"embeddable":true,"href":"https:\/\/lasentinelle.dz\/index.php\/wp-json\/wp\/v2\/users\/3"}],"replies":[{"embeddable":true,"href":"https:\/\/lasentinelle.dz\/index.php\/wp-json\/wp\/v2\/comments?post=50727"}],"version-history":[{"count":1,"href":"https:\/\/lasentinelle.dz\/index.php\/wp-json\/wp\/v2\/posts\/50727\/revisions"}],"predecessor-version":[{"id":50728,"href":"https:\/\/lasentinelle.dz\/index.php\/wp-json\/wp\/v2\/posts\/50727\/revisions\/50728"}],"wp:featuredmedia":[{"embeddable":true,"href":"https:\/\/lasentinelle.dz\/index.php\/wp-json\/wp\/v2\/media\/41828"}],"wp:attachment":[{"href":"https:\/\/lasentinelle.dz\/index.php\/wp-json\/wp\/v2\/media?parent=50727"}],"wp:term":[{"taxonomy":"category","embeddable":true,"href":"https:\/\/lasentinelle.dz\/index.php\/wp-json\/wp\/v2\/categories?post=50727"},{"taxonomy":"post_tag","embeddable":true,"href":"https:\/\/lasentinelle.dz\/index.php\/wp-json\/wp\/v2\/tags?post=50727"}],"curies":[{"name":"wp","href":"https:\/\/api.w.org\/{rel}","templated":true}]}}