{"id":50739,"date":"2024-03-27T15:13:48","date_gmt":"2024-03-27T14:13:48","guid":{"rendered":"https:\/\/lasentinelle.dz\/?p=50739"},"modified":"2024-03-27T15:13:51","modified_gmt":"2024-03-27T14:13:51","slug":"des-sanctions-annoncees-contre-les-chaines-de-television","status":"publish","type":"post","link":"https:\/\/lasentinelle.dz\/index.php\/2024\/03\/27\/des-sanctions-annoncees-contre-les-chaines-de-television\/","title":{"rendered":"Des sanctions annonc\u00e9es contre les chaines de t\u00e9l\u00e9vision"},"content":{"rendered":"\n<p>&nbsp;L\u2019Autorit\u00e9 nationale ind\u00e9pendante de r\u00e9gulation de l\u2019audiovisuel (ANIRA), a adress\u00e9 des convocations urgentes \u00e0 tous les repr\u00e9sentants des chaines de t\u00e9l\u00e9vision r\u00e9fractaires aux dispositions juridiques et r\u00e9glementaires li\u00e9es \u00e0 la diffusion publicitaire, a indiqu\u00e9, mardi, un communiqu\u00e9 de l\u2019Autorit\u00e9. \u00ab\u00a0Apr\u00e8s avoir fait le constat des coupures publicitaires prolong\u00e9es auxquelles se livrent la plupart des chaines, ce qui porte pr\u00e9judice \u00e0 l&rsquo;int\u00e9r\u00eat du t\u00e9l\u00e9spectateur, et constitue un d\u00e9passement du temps consacr\u00e9 \u00e0 la diffusion de spots publicitaires, l\u2019ANIRA avait appel\u00e9, dans un communiqu\u00e9 rendu public le 14 mars dernier, au strict respect des dispositions juridiques et r\u00e9glementaires relatives \u00e0 la publicit\u00e9 audiovisuelle\u00a0\u00bb, ajoute la m\u00eame source. Cependant, l\u2019Autorit\u00e9 a constat\u00e9 que \u00ab\u00a0la plupart des chaines de t\u00e9l\u00e9vision continuent d&rsquo;enfreindre les dispositions et l\u2019avis pr\u00e9cit\u00e9, au moment o\u00f9 elle s\u2019attendait \u00e0 une r\u00e9ponse volontaire, partant du principe d\u2019autor\u00e9gulation et de respect volontaire des lois de la R\u00e9publique, d\u2019autant qu\u2019elle a laiss\u00e9, \u00e0 ces chaines, un d\u00e9lai suffisamment long pour &nbsp;prendre les dispositions commerciales et techniques n\u00e9cessaires pour rem\u00e9dier \u00e0 la situation\u00a0\u00bb, pr\u00e9cise le communiqu\u00e9. L\u2019ANIRA a soulign\u00e9, dans ce sens, que ces m\u00eames chaines \u00ab\u00a0ont privil\u00e9gi\u00e9 leurs int\u00e9r\u00eats commerciaux au d\u00e9triment de l\u2019int\u00e9r\u00eat du t\u00e9l\u00e9spectateur, de l\u2019int\u00e9grit\u00e9 des \u0153uvres artistiques et de la pr\u00e9servation de leur autonomie dans l&rsquo;\u00e9laboration des grilles de programmes\u00a0\u00bb. Partant de ce principe, l\u2019Autorit\u00e9 a d\u00e9cid\u00e9 \u00ab\u00a0de prendre des sanctions et d&rsquo;imposer le strict respect des lois de la R\u00e9publique dans le cadre des pr\u00e9rogatives et de l\u2019autorit\u00e9 qui lui sont conf\u00e9r\u00e9es\u00a0\u00bb. \u00ab\u00a0L\u2019Autorit\u00e9 a ainsi adress\u00e9 des convocations urgentes \u00e0 tous les repr\u00e9sentants des chaines r\u00e9fractaires pour pr\u00e9senter leurs arguments oraux et\/ou \u00e9crits lors des s\u00e9ances d\u2019interrogatoire sp\u00e9ciales, programm\u00e9es par l\u2019Autorit\u00e9 dans les deux jours qui suivent, avant de se prononcer au sujet de chaque cas, conform\u00e9ment aux dispositions juridiques et r\u00e9glementaires\u00a0\u00bb.<\/p>\n\n\n\n<p>APS<\/p>\n","protected":false},"excerpt":{"rendered":"<p>&nbsp;L\u2019Autorit\u00e9 nationale ind\u00e9pendante de r\u00e9gulation de l\u2019audiovisuel (ANIRA), a adress\u00e9 des convocations urgentes \u00e0 tous les repr\u00e9sentants des chaines de<\/p>\n","protected":false},"author":3,"featured_media":50309,"comment_status":"open","ping_status":"closed","sticky":false,"template":"","format":"standard","meta":{"colormag_page_container_layout":"default_layout","colormag_page_sidebar_layout":"default_layout","om_disable_all_campaigns":false,"_monsterinsights_skip_tracking":false,"_monsterinsights_sitenote_active":false,"_monsterinsights_sitenote_note":"","_monsterinsights_sitenote_category":0,"footnotes":"","_wpscppro_dont_share_socialmedia":false,"_wpscppro_custom_social_share_image":0,"_facebook_share_type":"","_twitter_share_type":"","_linkedin_share_type":"","_pinterest_share_type":"","_linkedin_share_type_page":"","_instagram_share_type":"","_medium_share_type":"","_threads_share_type":"","_google_business_share_type":"","_selected_social_profile":[],"_wpsp_enable_custom_social_template":false,"_wpsp_social_scheduling":{"enabled":false,"datetime":null,"platforms":[],"status":"template_only","dateOption":"today","timeOption":"now","customDays":"","customHours":"","customDate":"","customTime":"","schedulingType":"absolute"},"_wpsp_active_default_template":true},"categories":[27],"tags":[],"class_list":["post-50739","post","type-post","status-publish","format-standard","has-post-thumbnail","hentry","category-actualite"],"aioseo_notices":[],"yoast_head":"<!-- This site is optimized with the Yoast SEO plugin v27.5 - https:\/\/yoast.com\/product\/yoast-seo-wordpress\/ -->\n<title>Des sanctions annonc\u00e9es contre les chaines de t\u00e9l\u00e9vision - La Sentinelle<\/title>\n<meta name=\"robots\" content=\"index, follow, max-snippet:-1, max-image-preview:large, max-video-preview:-1\" \/>\n<link rel=\"canonical\" href=\"https:\/\/lasentinelle.dz\/index.php\/2024\/03\/27\/des-sanctions-annoncees-contre-les-chaines-de-television\/\" \/>\n<meta property=\"og:locale\" content=\"fr_FR\" \/>\n<meta property=\"og:type\" content=\"article\" \/>\n<meta property=\"og:title\" content=\"Des sanctions annonc\u00e9es contre les chaines de t\u00e9l\u00e9vision - La Sentinelle\" \/>\n<meta property=\"og:description\" content=\"&nbsp;L\u2019Autorit\u00e9 nationale ind\u00e9pendante de r\u00e9gulation de l\u2019audiovisuel (ANIRA), a adress\u00e9 des convocations urgentes \u00e0 tous les repr\u00e9sentants des chaines de\" \/>\n<meta property=\"og:url\" content=\"https:\/\/lasentinelle.dz\/index.php\/2024\/03\/27\/des-sanctions-annoncees-contre-les-chaines-de-television\/\" \/>\n<meta property=\"og:site_name\" content=\"La Sentinelle\" \/>\n<meta property=\"article:publisher\" content=\"https:\/\/www.facebook.com\/La-Sentinelle-104059864394773\" \/>\n<meta property=\"article:published_time\" content=\"2024-03-27T14:13:48+00:00\" \/>\n<meta property=\"article:modified_time\" content=\"2024-03-27T14:13:51+00:00\" \/>\n<meta property=\"og:image\" content=\"https:\/\/lasentinelle.dz\/wp-content\/uploads\/2024\/03\/tele.jpeg\" \/>\n\t<meta property=\"og:image:width\" content=\"855\" \/>\n\t<meta property=\"og:image:height\" content=\"516\" \/>\n\t<meta property=\"og:image:type\" content=\"image\/jpeg\" \/>\n<meta name=\"author\" content=\"La Sentinelle\" \/>\n<meta name=\"twitter:card\" content=\"summary_large_image\" \/>\n<meta name=\"twitter:label1\" content=\"\u00c9crit par\" \/>\n\t<meta name=\"twitter:data1\" content=\"La Sentinelle\" \/>\n\t<meta name=\"twitter:label2\" content=\"Dur\u00e9e de lecture estim\u00e9e\" \/>\n\t<meta name=\"twitter:data2\" content=\"2 minutes\" \/>\n<script type=\"application\/ld+json\" class=\"yoast-schema-graph\">{\"@context\":\"https:\\\/\\\/schema.org\",\"@graph\":[{\"@type\":\"Article\",\"@id\":\"https:\\\/\\\/lasentinelle.dz\\\/index.php\\\/2024\\\/03\\\/27\\\/des-sanctions-annoncees-contre-les-chaines-de-television\\\/#article\",\"isPartOf\":{\"@id\":\"https:\\\/\\\/lasentinelle.dz\\\/index.php\\\/2024\\\/03\\\/27\\\/des-sanctions-annoncees-contre-les-chaines-de-television\\\/\"},\"author\":{\"name\":\"La Sentinelle\",\"@id\":\"https:\\\/\\\/lasentinelle.dz\\\/#\\\/schema\\\/person\\\/d865044e22e70a75174ce8bcad3acfb3\"},\"headline\":\"Des sanctions annonc\u00e9es contre les chaines de t\u00e9l\u00e9vision\",\"datePublished\":\"2024-03-27T14:13:48+00:00\",\"dateModified\":\"2024-03-27T14:13:51+00:00\",\"mainEntityOfPage\":{\"@id\":\"https:\\\/\\\/lasentinelle.dz\\\/index.php\\\/2024\\\/03\\\/27\\\/des-sanctions-annoncees-contre-les-chaines-de-television\\\/\"},\"wordCount\":373,\"commentCount\":0,\"publisher\":{\"@id\":\"https:\\\/\\\/lasentinelle.dz\\\/#organization\"},\"image\":{\"@id\":\"https:\\\/\\\/lasentinelle.dz\\\/index.php\\\/2024\\\/03\\\/27\\\/des-sanctions-annoncees-contre-les-chaines-de-television\\\/#primaryimage\"},\"thumbnailUrl\":\"https:\\\/\\\/lasentinelle.dz\\\/wp-content\\\/uploads\\\/2024\\\/03\\\/tele.jpeg\",\"articleSection\":[\"Actualit\u00e9\"],\"inLanguage\":\"fr-FR\",\"potentialAction\":[{\"@type\":\"CommentAction\",\"name\":\"Comment\",\"target\":[\"https:\\\/\\\/lasentinelle.dz\\\/index.php\\\/2024\\\/03\\\/27\\\/des-sanctions-annoncees-contre-les-chaines-de-television\\\/#respond\"]}]},{\"@type\":\"WebPage\",\"@id\":\"https:\\\/\\\/lasentinelle.dz\\\/index.php\\\/2024\\\/03\\\/27\\\/des-sanctions-annoncees-contre-les-chaines-de-television\\\/\",\"url\":\"https:\\\/\\\/lasentinelle.dz\\\/index.php\\\/2024\\\/03\\\/27\\\/des-sanctions-annoncees-contre-les-chaines-de-television\\\/\",\"name\":\"Des sanctions annonc\u00e9es contre les chaines de t\u00e9l\u00e9vision - La Sentinelle\",\"isPartOf\":{\"@id\":\"https:\\\/\\\/lasentinelle.dz\\\/#website\"},\"primaryImageOfPage\":{\"@id\":\"https:\\\/\\\/lasentinelle.dz\\\/index.php\\\/2024\\\/03\\\/27\\\/des-sanctions-annoncees-contre-les-chaines-de-television\\\/#primaryimage\"},\"image\":{\"@id\":\"https:\\\/\\\/lasentinelle.dz\\\/index.php\\\/2024\\\/03\\\/27\\\/des-sanctions-annoncees-contre-les-chaines-de-television\\\/#primaryimage\"},\"thumbnailUrl\":\"https:\\\/\\\/lasentinelle.dz\\\/wp-content\\\/uploads\\\/2024\\\/03\\\/tele.jpeg\",\"datePublished\":\"2024-03-27T14:13:48+00:00\",\"dateModified\":\"2024-03-27T14:13:51+00:00\",\"breadcrumb\":{\"@id\":\"https:\\\/\\\/lasentinelle.dz\\\/index.php\\\/2024\\\/03\\\/27\\\/des-sanctions-annoncees-contre-les-chaines-de-television\\\/#breadcrumb\"},\"inLanguage\":\"fr-FR\",\"potentialAction\":[{\"@type\":\"ReadAction\",\"target\":[\"https:\\\/\\\/lasentinelle.dz\\\/index.php\\\/2024\\\/03\\\/27\\\/des-sanctions-annoncees-contre-les-chaines-de-television\\\/\"]}]},{\"@type\":\"ImageObject\",\"inLanguage\":\"fr-FR\",\"@id\":\"https:\\\/\\\/lasentinelle.dz\\\/index.php\\\/2024\\\/03\\\/27\\\/des-sanctions-annoncees-contre-les-chaines-de-television\\\/#primaryimage\",\"url\":\"https:\\\/\\\/lasentinelle.dz\\\/wp-content\\\/uploads\\\/2024\\\/03\\\/tele.jpeg\",\"contentUrl\":\"https:\\\/\\\/lasentinelle.dz\\\/wp-content\\\/uploads\\\/2024\\\/03\\\/tele.jpeg\",\"width\":855,\"height\":516},{\"@type\":\"BreadcrumbList\",\"@id\":\"https:\\\/\\\/lasentinelle.dz\\\/index.php\\\/2024\\\/03\\\/27\\\/des-sanctions-annoncees-contre-les-chaines-de-television\\\/#breadcrumb\",\"itemListElement\":[{\"@type\":\"ListItem\",\"position\":1,\"name\":\"Accueil\",\"item\":\"https:\\\/\\\/lasentinelle.dz\\\/\"},{\"@type\":\"ListItem\",\"position\":2,\"name\":\"Des sanctions annonc\u00e9es contre les chaines de t\u00e9l\u00e9vision\"}]},{\"@type\":\"WebSite\",\"@id\":\"https:\\\/\\\/lasentinelle.dz\\\/#website\",\"url\":\"https:\\\/\\\/lasentinelle.dz\\\/\",\"name\":\"La Sentinelle\",\"description\":\"Quotidien national d&#039;information\",\"publisher\":{\"@id\":\"https:\\\/\\\/lasentinelle.dz\\\/#organization\"},\"potentialAction\":[{\"@type\":\"SearchAction\",\"target\":{\"@type\":\"EntryPoint\",\"urlTemplate\":\"https:\\\/\\\/lasentinelle.dz\\\/?s={search_term_string}\"},\"query-input\":{\"@type\":\"PropertyValueSpecification\",\"valueRequired\":true,\"valueName\":\"search_term_string\"}}],\"inLanguage\":\"fr-FR\"},{\"@type\":\"Organization\",\"@id\":\"https:\\\/\\\/lasentinelle.dz\\\/#organization\",\"name\":\"Quotidien La Sentinelle\",\"url\":\"https:\\\/\\\/lasentinelle.dz\\\/\",\"logo\":{\"@type\":\"ImageObject\",\"inLanguage\":\"fr-FR\",\"@id\":\"https:\\\/\\\/lasentinelle.dz\\\/#\\\/schema\\\/logo\\\/image\\\/\",\"url\":\"https:\\\/\\\/lasentinelle.dz\\\/wp-content\\\/uploads\\\/2021\\\/09\\\/logo-sentinelleSLOGAN-1.png\",\"contentUrl\":\"https:\\\/\\\/lasentinelle.dz\\\/wp-content\\\/uploads\\\/2021\\\/09\\\/logo-sentinelleSLOGAN-1.png\",\"width\":615,\"height\":142,\"caption\":\"Quotidien La Sentinelle\"},\"image\":{\"@id\":\"https:\\\/\\\/lasentinelle.dz\\\/#\\\/schema\\\/logo\\\/image\\\/\"},\"sameAs\":[\"https:\\\/\\\/www.facebook.com\\\/La-Sentinelle-104059864394773\"]},{\"@type\":\"Person\",\"@id\":\"https:\\\/\\\/lasentinelle.dz\\\/#\\\/schema\\\/person\\\/d865044e22e70a75174ce8bcad3acfb3\",\"name\":\"La Sentinelle\",\"image\":{\"@type\":\"ImageObject\",\"inLanguage\":\"fr-FR\",\"@id\":\"https:\\\/\\\/secure.gravatar.com\\\/avatar\\\/57de8e5d4b15d43fb361a71fbb36338450fe67865b528a43dd10ef7c51a20392?s=96&d=mm&r=g\",\"url\":\"https:\\\/\\\/secure.gravatar.com\\\/avatar\\\/57de8e5d4b15d43fb361a71fbb36338450fe67865b528a43dd10ef7c51a20392?s=96&d=mm&r=g\",\"contentUrl\":\"https:\\\/\\\/secure.gravatar.com\\\/avatar\\\/57de8e5d4b15d43fb361a71fbb36338450fe67865b528a43dd10ef7c51a20392?s=96&d=mm&r=g\",\"caption\":\"La Sentinelle\"},\"sameAs\":[\"http:\\\/\\\/www.lasentinelle.dz\"],\"url\":\"https:\\\/\\\/lasentinelle.dz\\\/author\\\/redaction\\\/\"}]}<\/script>\n<!-- \/ Yoast SEO plugin. -->","yoast_head_json":{"title":"Des sanctions annonc\u00e9es contre les chaines de t\u00e9l\u00e9vision - La Sentinelle","robots":{"index":"index","follow":"follow","max-snippet":"max-snippet:-1","max-image-preview":"max-image-preview:large","max-video-preview":"max-video-preview:-1"},"canonical":"https:\/\/lasentinelle.dz\/index.php\/2024\/03\/27\/des-sanctions-annoncees-contre-les-chaines-de-television\/","og_locale":"fr_FR","og_type":"article","og_title":"Des sanctions annonc\u00e9es contre les chaines de t\u00e9l\u00e9vision - La Sentinelle","og_description":"&nbsp;L\u2019Autorit\u00e9 nationale ind\u00e9pendante de r\u00e9gulation de l\u2019audiovisuel (ANIRA), a adress\u00e9 des convocations urgentes \u00e0 tous les repr\u00e9sentants des chaines de","og_url":"https:\/\/lasentinelle.dz\/index.php\/2024\/03\/27\/des-sanctions-annoncees-contre-les-chaines-de-television\/","og_site_name":"La Sentinelle","article_publisher":"https:\/\/www.facebook.com\/La-Sentinelle-104059864394773","article_published_time":"2024-03-27T14:13:48+00:00","article_modified_time":"2024-03-27T14:13:51+00:00","og_image":[{"width":855,"height":516,"url":"https:\/\/lasentinelle.dz\/wp-content\/uploads\/2024\/03\/tele.jpeg","type":"image\/jpeg"}],"author":"La Sentinelle","twitter_card":"summary_large_image","twitter_misc":{"\u00c9crit par":"La Sentinelle","Dur\u00e9e de lecture estim\u00e9e":"2 minutes"},"schema":{"@context":"https:\/\/schema.org","@graph":[{"@type":"Article","@id":"https:\/\/lasentinelle.dz\/index.php\/2024\/03\/27\/des-sanctions-annoncees-contre-les-chaines-de-television\/#article","isPartOf":{"@id":"https:\/\/lasentinelle.dz\/index.php\/2024\/03\/27\/des-sanctions-annoncees-contre-les-chaines-de-television\/"},"author":{"name":"La Sentinelle","@id":"https:\/\/lasentinelle.dz\/#\/schema\/person\/d865044e22e70a75174ce8bcad3acfb3"},"headline":"Des sanctions annonc\u00e9es contre les chaines de t\u00e9l\u00e9vision","datePublished":"2024-03-27T14:13:48+00:00","dateModified":"2024-03-27T14:13:51+00:00","mainEntityOfPage":{"@id":"https:\/\/lasentinelle.dz\/index.php\/2024\/03\/27\/des-sanctions-annoncees-contre-les-chaines-de-television\/"},"wordCount":373,"commentCount":0,"publisher":{"@id":"https:\/\/lasentinelle.dz\/#organization"},"image":{"@id":"https:\/\/lasentinelle.dz\/index.php\/2024\/03\/27\/des-sanctions-annoncees-contre-les-chaines-de-television\/#primaryimage"},"thumbnailUrl":"https:\/\/lasentinelle.dz\/wp-content\/uploads\/2024\/03\/tele.jpeg","articleSection":["Actualit\u00e9"],"inLanguage":"fr-FR","potentialAction":[{"@type":"CommentAction","name":"Comment","target":["https:\/\/lasentinelle.dz\/index.php\/2024\/03\/27\/des-sanctions-annoncees-contre-les-chaines-de-television\/#respond"]}]},{"@type":"WebPage","@id":"https:\/\/lasentinelle.dz\/index.php\/2024\/03\/27\/des-sanctions-annoncees-contre-les-chaines-de-television\/","url":"https:\/\/lasentinelle.dz\/index.php\/2024\/03\/27\/des-sanctions-annoncees-contre-les-chaines-de-television\/","name":"Des sanctions annonc\u00e9es contre les chaines de t\u00e9l\u00e9vision - La Sentinelle","isPartOf":{"@id":"https:\/\/lasentinelle.dz\/#website"},"primaryImageOfPage":{"@id":"https:\/\/lasentinelle.dz\/index.php\/2024\/03\/27\/des-sanctions-annoncees-contre-les-chaines-de-television\/#primaryimage"},"image":{"@id":"https:\/\/lasentinelle.dz\/index.php\/2024\/03\/27\/des-sanctions-annoncees-contre-les-chaines-de-television\/#primaryimage"},"thumbnailUrl":"https:\/\/lasentinelle.dz\/wp-content\/uploads\/2024\/03\/tele.jpeg","datePublished":"2024-03-27T14:13:48+00:00","dateModified":"2024-03-27T14:13:51+00:00","breadcrumb":{"@id":"https:\/\/lasentinelle.dz\/index.php\/2024\/03\/27\/des-sanctions-annoncees-contre-les-chaines-de-television\/#breadcrumb"},"inLanguage":"fr-FR","potentialAction":[{"@type":"ReadAction","target":["https:\/\/lasentinelle.dz\/index.php\/2024\/03\/27\/des-sanctions-annoncees-contre-les-chaines-de-television\/"]}]},{"@type":"ImageObject","inLanguage":"fr-FR","@id":"https:\/\/lasentinelle.dz\/index.php\/2024\/03\/27\/des-sanctions-annoncees-contre-les-chaines-de-television\/#primaryimage","url":"https:\/\/lasentinelle.dz\/wp-content\/uploads\/2024\/03\/tele.jpeg","contentUrl":"https:\/\/lasentinelle.dz\/wp-content\/uploads\/2024\/03\/tele.jpeg","width":855,"height":516},{"@type":"BreadcrumbList","@id":"https:\/\/lasentinelle.dz\/index.php\/2024\/03\/27\/des-sanctions-annoncees-contre-les-chaines-de-television\/#breadcrumb","itemListElement":[{"@type":"ListItem","position":1,"name":"Accueil","item":"https:\/\/lasentinelle.dz\/"},{"@type":"ListItem","position":2,"name":"Des sanctions annonc\u00e9es contre les chaines de t\u00e9l\u00e9vision"}]},{"@type":"WebSite","@id":"https:\/\/lasentinelle.dz\/#website","url":"https:\/\/lasentinelle.dz\/","name":"La Sentinelle","description":"Quotidien national d&#039;information","publisher":{"@id":"https:\/\/lasentinelle.dz\/#organization"},"potentialAction":[{"@type":"SearchAction","target":{"@type":"EntryPoint","urlTemplate":"https:\/\/lasentinelle.dz\/?s={search_term_string}"},"query-input":{"@type":"PropertyValueSpecification","valueRequired":true,"valueName":"search_term_string"}}],"inLanguage":"fr-FR"},{"@type":"Organization","@id":"https:\/\/lasentinelle.dz\/#organization","name":"Quotidien La Sentinelle","url":"https:\/\/lasentinelle.dz\/","logo":{"@type":"ImageObject","inLanguage":"fr-FR","@id":"https:\/\/lasentinelle.dz\/#\/schema\/logo\/image\/","url":"https:\/\/lasentinelle.dz\/wp-content\/uploads\/2021\/09\/logo-sentinelleSLOGAN-1.png","contentUrl":"https:\/\/lasentinelle.dz\/wp-content\/uploads\/2021\/09\/logo-sentinelleSLOGAN-1.png","width":615,"height":142,"caption":"Quotidien La Sentinelle"},"image":{"@id":"https:\/\/lasentinelle.dz\/#\/schema\/logo\/image\/"},"sameAs":["https:\/\/www.facebook.com\/La-Sentinelle-104059864394773"]},{"@type":"Person","@id":"https:\/\/lasentinelle.dz\/#\/schema\/person\/d865044e22e70a75174ce8bcad3acfb3","name":"La Sentinelle","image":{"@type":"ImageObject","inLanguage":"fr-FR","@id":"https:\/\/secure.gravatar.com\/avatar\/57de8e5d4b15d43fb361a71fbb36338450fe67865b528a43dd10ef7c51a20392?s=96&d=mm&r=g","url":"https:\/\/secure.gravatar.com\/avatar\/57de8e5d4b15d43fb361a71fbb36338450fe67865b528a43dd10ef7c51a20392?s=96&d=mm&r=g","contentUrl":"https:\/\/secure.gravatar.com\/avatar\/57de8e5d4b15d43fb361a71fbb36338450fe67865b528a43dd10ef7c51a20392?s=96&d=mm&r=g","caption":"La Sentinelle"},"sameAs":["http:\/\/www.lasentinelle.dz"],"url":"https:\/\/lasentinelle.dz\/author\/redaction\/"}]}},"_links":{"self":[{"href":"https:\/\/lasentinelle.dz\/index.php\/wp-json\/wp\/v2\/posts\/50739","targetHints":{"allow":["GET"]}}],"collection":[{"href":"https:\/\/lasentinelle.dz\/index.php\/wp-json\/wp\/v2\/posts"}],"about":[{"href":"https:\/\/lasentinelle.dz\/index.php\/wp-json\/wp\/v2\/types\/post"}],"author":[{"embeddable":true,"href":"https:\/\/lasentinelle.dz\/index.php\/wp-json\/wp\/v2\/users\/3"}],"replies":[{"embeddable":true,"href":"https:\/\/lasentinelle.dz\/index.php\/wp-json\/wp\/v2\/comments?post=50739"}],"version-history":[{"count":1,"href":"https:\/\/lasentinelle.dz\/index.php\/wp-json\/wp\/v2\/posts\/50739\/revisions"}],"predecessor-version":[{"id":50740,"href":"https:\/\/lasentinelle.dz\/index.php\/wp-json\/wp\/v2\/posts\/50739\/revisions\/50740"}],"wp:featuredmedia":[{"embeddable":true,"href":"https:\/\/lasentinelle.dz\/index.php\/wp-json\/wp\/v2\/media\/50309"}],"wp:attachment":[{"href":"https:\/\/lasentinelle.dz\/index.php\/wp-json\/wp\/v2\/media?parent=50739"}],"wp:term":[{"taxonomy":"category","embeddable":true,"href":"https:\/\/lasentinelle.dz\/index.php\/wp-json\/wp\/v2\/categories?post=50739"},{"taxonomy":"post_tag","embeddable":true,"href":"https:\/\/lasentinelle.dz\/index.php\/wp-json\/wp\/v2\/tags?post=50739"}],"curies":[{"name":"wp","href":"https:\/\/api.w.org\/{rel}","templated":true}]}}