{"id":5076,"date":"2021-08-24T00:01:00","date_gmt":"2021-08-23T23:01:00","guid":{"rendered":"https:\/\/lasentinelle.dz\/?p=5076"},"modified":"2021-08-23T15:53:51","modified_gmt":"2021-08-23T14:53:51","slug":"festival-du-film-francophone-dangouleme-hommage-au-cinema-algerien","status":"publish","type":"post","link":"https:\/\/lasentinelle.dz\/index.php\/2021\/08\/24\/festival-du-film-francophone-dangouleme-hommage-au-cinema-algerien\/","title":{"rendered":"Festival du film francophone d&rsquo;Angoul\u00eame : Hommage au cin\u00e9ma alg\u00e9rien"},"content":{"rendered":"\n<p>Le 14e Festival du film francophone d&rsquo;Angoul\u00eame, pr\u00e9vu dans cette ville fran\u00e7aise du 24 au 29 ao\u00fbt, a programm\u00e9 une section \u00ab\u00a0Hommage au cin\u00e9ma alg\u00e9rien\u00a0\u00bb qui pr\u00e9voit la projection d&rsquo;une quinzaine de films alg\u00e9riens, annoncent les organisateurs sur le site Internet du festival.Le festival pr\u00e9voit la projection du film ayant d\u00e9croch\u00e9 la palme d&rsquo;or du festival de Cannes en 1975, \u00ab\u00a0Chronique des ann\u00e9es de braise\u00a0\u00bb du r\u00e9alisateur Mohamed Lakhdar Hamina ainsi que d&rsquo;autres grands classiques alg\u00e9riens comme \u00ab\u00a0Omar Gatlatou\u00a0\u00bb de Merzak Allouache, \u00ab\u00a0Nahla ou la ville qui sombre\u00a0\u00bb de Farouk Beloufa, ou encore la com\u00e9die \u00ab\u00a0De Hollywood \u00e0 Tamanrasset\u00a0\u00bb du r\u00e9alisateur Mahmoud Zemmouri.De nombreuses coproductions r\u00e9alis\u00e9es par des cin\u00e9astes alg\u00e9riens sont \u00e9galement au programme de cet hommage \u00e0 l&rsquo;instar de \u00ab\u00a0Cheb\u00a0\u00bb de Rachid Bouchareb, \u00ab\u00a0La famille\u00a0\u00bb de Merzak Allouache, \u00ab\u00a0Le harem de madame Osmane\u00a0\u00bb de Nadir Mokn\u00e8che, ou encore \u00ab\u00a0Le soleil assassin\u00e9\u00a0\u00bb de Abdelkrim Bahloul.<\/p>\n\n\n\n<p>Des \u0153uvres plus r\u00e9centes et prim\u00e9es dans d&rsquo;autres festivals seront aussi \u00e0 l&rsquo;affiche dont \u00ab\u00a0Leur Alg\u00e9rie\u00a0\u00bb de Lina Soualem, \u00ab\u00a0Abou Le\u00efla\u00a0\u00bb de Amine Sidi Boumediene, \u00ab\u00a0L&rsquo;oranais\u00a0\u00bb de Lyes Salem ou encore \u00ab\u00a0A mon \u00e2ge je me cache pour fumer\u00a0\u00bb de Ryhana Obermeyr.Cr\u00e9\u00e9 en 2008, le Festival du film francophone d&rsquo;Angoul\u00eame d\u00e9fend un cin\u00e9ma populaire pour promouvoir les classiques et les jeunes talents. Il pr\u00e9voit \u00e9galement des comp\u00e9titions pour le long et le court m\u00e9trages avec dix \u0153uvres en lice dans chaque cat\u00e9gorie.<\/p>\n\n\n\n<p>APS<\/p>\n","protected":false},"excerpt":{"rendered":"<p>Le 14e Festival du film francophone d&rsquo;Angoul\u00eame, pr\u00e9vu dans cette ville fran\u00e7aise du 24 au 29 ao\u00fbt, a programm\u00e9 une<\/p>\n","protected":false},"author":3,"featured_media":0,"comment_status":"open","ping_status":"closed","sticky":false,"template":"","format":"standard","meta":{"colormag_page_container_layout":"default_layout","colormag_page_sidebar_layout":"default_layout","om_disable_all_campaigns":false,"_monsterinsights_skip_tracking":false,"_monsterinsights_sitenote_active":false,"_monsterinsights_sitenote_note":"","_monsterinsights_sitenote_category":0,"footnotes":"","_wpscppro_dont_share_socialmedia":false,"_wpscppro_custom_social_share_image":0,"_facebook_share_type":"","_twitter_share_type":"","_linkedin_share_type":"","_pinterest_share_type":"","_linkedin_share_type_page":"","_instagram_share_type":"","_medium_share_type":"","_threads_share_type":"","_google_business_share_type":"","_selected_social_profile":[],"_wpsp_enable_custom_social_template":false,"_wpsp_social_scheduling":{"enabled":false,"datetime":null,"platforms":[],"status":"template_only","dateOption":"today","timeOption":"now","customDays":"","customHours":"","customDate":"","customTime":"","schedulingType":"absolute"},"_wpsp_active_default_template":true},"categories":[36],"tags":[],"class_list":["post-5076","post","type-post","status-publish","format-standard","hentry","category-culture"],"aioseo_notices":[],"yoast_head":"<!-- This site is optimized with the Yoast SEO plugin v27.5 - https:\/\/yoast.com\/product\/yoast-seo-wordpress\/ -->\n<title>Festival du film francophone d&#039;Angoul\u00eame : Hommage au cin\u00e9ma alg\u00e9rien - La Sentinelle<\/title>\n<meta name=\"robots\" content=\"index, follow, max-snippet:-1, max-image-preview:large, max-video-preview:-1\" \/>\n<link rel=\"canonical\" href=\"https:\/\/lasentinelle.dz\/index.php\/2021\/08\/24\/festival-du-film-francophone-dangouleme-hommage-au-cinema-algerien\/\" \/>\n<meta property=\"og:locale\" content=\"fr_FR\" \/>\n<meta property=\"og:type\" content=\"article\" \/>\n<meta property=\"og:title\" content=\"Festival du film francophone d&#039;Angoul\u00eame : Hommage au cin\u00e9ma alg\u00e9rien - La Sentinelle\" \/>\n<meta property=\"og:description\" content=\"Le 14e Festival du film francophone d&rsquo;Angoul\u00eame, pr\u00e9vu dans cette ville fran\u00e7aise du 24 au 29 ao\u00fbt, a programm\u00e9 une\" \/>\n<meta property=\"og:url\" content=\"https:\/\/lasentinelle.dz\/index.php\/2021\/08\/24\/festival-du-film-francophone-dangouleme-hommage-au-cinema-algerien\/\" \/>\n<meta property=\"og:site_name\" content=\"La Sentinelle\" \/>\n<meta property=\"article:publisher\" content=\"https:\/\/www.facebook.com\/La-Sentinelle-104059864394773\" \/>\n<meta property=\"article:published_time\" content=\"2021-08-23T23:01:00+00:00\" \/>\n<meta name=\"author\" content=\"La Sentinelle\" \/>\n<meta name=\"twitter:card\" content=\"summary_large_image\" \/>\n<meta name=\"twitter:label1\" content=\"\u00c9crit par\" \/>\n\t<meta name=\"twitter:data1\" content=\"La Sentinelle\" \/>\n\t<meta name=\"twitter:label2\" content=\"Dur\u00e9e de lecture estim\u00e9e\" \/>\n\t<meta name=\"twitter:data2\" content=\"1 minute\" \/>\n<script type=\"application\/ld+json\" class=\"yoast-schema-graph\">{\"@context\":\"https:\\\/\\\/schema.org\",\"@graph\":[{\"@type\":\"Article\",\"@id\":\"https:\\\/\\\/lasentinelle.dz\\\/index.php\\\/2021\\\/08\\\/24\\\/festival-du-film-francophone-dangouleme-hommage-au-cinema-algerien\\\/#article\",\"isPartOf\":{\"@id\":\"https:\\\/\\\/lasentinelle.dz\\\/index.php\\\/2021\\\/08\\\/24\\\/festival-du-film-francophone-dangouleme-hommage-au-cinema-algerien\\\/\"},\"author\":{\"name\":\"La Sentinelle\",\"@id\":\"https:\\\/\\\/lasentinelle.dz\\\/#\\\/schema\\\/person\\\/d865044e22e70a75174ce8bcad3acfb3\"},\"headline\":\"Festival du film francophone d&rsquo;Angoul\u00eame : Hommage au cin\u00e9ma alg\u00e9rien\",\"datePublished\":\"2021-08-23T23:01:00+00:00\",\"mainEntityOfPage\":{\"@id\":\"https:\\\/\\\/lasentinelle.dz\\\/index.php\\\/2021\\\/08\\\/24\\\/festival-du-film-francophone-dangouleme-hommage-au-cinema-algerien\\\/\"},\"wordCount\":277,\"commentCount\":0,\"publisher\":{\"@id\":\"https:\\\/\\\/lasentinelle.dz\\\/#organization\"},\"articleSection\":[\"Culture\"],\"inLanguage\":\"fr-FR\",\"potentialAction\":[{\"@type\":\"CommentAction\",\"name\":\"Comment\",\"target\":[\"https:\\\/\\\/lasentinelle.dz\\\/index.php\\\/2021\\\/08\\\/24\\\/festival-du-film-francophone-dangouleme-hommage-au-cinema-algerien\\\/#respond\"]}]},{\"@type\":\"WebPage\",\"@id\":\"https:\\\/\\\/lasentinelle.dz\\\/index.php\\\/2021\\\/08\\\/24\\\/festival-du-film-francophone-dangouleme-hommage-au-cinema-algerien\\\/\",\"url\":\"https:\\\/\\\/lasentinelle.dz\\\/index.php\\\/2021\\\/08\\\/24\\\/festival-du-film-francophone-dangouleme-hommage-au-cinema-algerien\\\/\",\"name\":\"Festival du film francophone d'Angoul\u00eame : Hommage au cin\u00e9ma alg\u00e9rien - La Sentinelle\",\"isPartOf\":{\"@id\":\"https:\\\/\\\/lasentinelle.dz\\\/#website\"},\"datePublished\":\"2021-08-23T23:01:00+00:00\",\"breadcrumb\":{\"@id\":\"https:\\\/\\\/lasentinelle.dz\\\/index.php\\\/2021\\\/08\\\/24\\\/festival-du-film-francophone-dangouleme-hommage-au-cinema-algerien\\\/#breadcrumb\"},\"inLanguage\":\"fr-FR\",\"potentialAction\":[{\"@type\":\"ReadAction\",\"target\":[\"https:\\\/\\\/lasentinelle.dz\\\/index.php\\\/2021\\\/08\\\/24\\\/festival-du-film-francophone-dangouleme-hommage-au-cinema-algerien\\\/\"]}]},{\"@type\":\"BreadcrumbList\",\"@id\":\"https:\\\/\\\/lasentinelle.dz\\\/index.php\\\/2021\\\/08\\\/24\\\/festival-du-film-francophone-dangouleme-hommage-au-cinema-algerien\\\/#breadcrumb\",\"itemListElement\":[{\"@type\":\"ListItem\",\"position\":1,\"name\":\"Accueil\",\"item\":\"https:\\\/\\\/lasentinelle.dz\\\/\"},{\"@type\":\"ListItem\",\"position\":2,\"name\":\"Festival du film francophone d&rsquo;Angoul\u00eame : Hommage au cin\u00e9ma alg\u00e9rien\"}]},{\"@type\":\"WebSite\",\"@id\":\"https:\\\/\\\/lasentinelle.dz\\\/#website\",\"url\":\"https:\\\/\\\/lasentinelle.dz\\\/\",\"name\":\"La Sentinelle\",\"description\":\"Quotidien national d&#039;information\",\"publisher\":{\"@id\":\"https:\\\/\\\/lasentinelle.dz\\\/#organization\"},\"potentialAction\":[{\"@type\":\"SearchAction\",\"target\":{\"@type\":\"EntryPoint\",\"urlTemplate\":\"https:\\\/\\\/lasentinelle.dz\\\/?s={search_term_string}\"},\"query-input\":{\"@type\":\"PropertyValueSpecification\",\"valueRequired\":true,\"valueName\":\"search_term_string\"}}],\"inLanguage\":\"fr-FR\"},{\"@type\":\"Organization\",\"@id\":\"https:\\\/\\\/lasentinelle.dz\\\/#organization\",\"name\":\"Quotidien La Sentinelle\",\"url\":\"https:\\\/\\\/lasentinelle.dz\\\/\",\"logo\":{\"@type\":\"ImageObject\",\"inLanguage\":\"fr-FR\",\"@id\":\"https:\\\/\\\/lasentinelle.dz\\\/#\\\/schema\\\/logo\\\/image\\\/\",\"url\":\"https:\\\/\\\/lasentinelle.dz\\\/wp-content\\\/uploads\\\/2021\\\/09\\\/logo-sentinelleSLOGAN-1.png\",\"contentUrl\":\"https:\\\/\\\/lasentinelle.dz\\\/wp-content\\\/uploads\\\/2021\\\/09\\\/logo-sentinelleSLOGAN-1.png\",\"width\":615,\"height\":142,\"caption\":\"Quotidien La Sentinelle\"},\"image\":{\"@id\":\"https:\\\/\\\/lasentinelle.dz\\\/#\\\/schema\\\/logo\\\/image\\\/\"},\"sameAs\":[\"https:\\\/\\\/www.facebook.com\\\/La-Sentinelle-104059864394773\"]},{\"@type\":\"Person\",\"@id\":\"https:\\\/\\\/lasentinelle.dz\\\/#\\\/schema\\\/person\\\/d865044e22e70a75174ce8bcad3acfb3\",\"name\":\"La Sentinelle\",\"image\":{\"@type\":\"ImageObject\",\"inLanguage\":\"fr-FR\",\"@id\":\"https:\\\/\\\/secure.gravatar.com\\\/avatar\\\/57de8e5d4b15d43fb361a71fbb36338450fe67865b528a43dd10ef7c51a20392?s=96&d=mm&r=g\",\"url\":\"https:\\\/\\\/secure.gravatar.com\\\/avatar\\\/57de8e5d4b15d43fb361a71fbb36338450fe67865b528a43dd10ef7c51a20392?s=96&d=mm&r=g\",\"contentUrl\":\"https:\\\/\\\/secure.gravatar.com\\\/avatar\\\/57de8e5d4b15d43fb361a71fbb36338450fe67865b528a43dd10ef7c51a20392?s=96&d=mm&r=g\",\"caption\":\"La Sentinelle\"},\"sameAs\":[\"http:\\\/\\\/www.lasentinelle.dz\"],\"url\":\"https:\\\/\\\/lasentinelle.dz\\\/author\\\/redaction\\\/\"}]}<\/script>\n<!-- \/ Yoast SEO plugin. -->","yoast_head_json":{"title":"Festival du film francophone d'Angoul\u00eame : Hommage au cin\u00e9ma alg\u00e9rien - La Sentinelle","robots":{"index":"index","follow":"follow","max-snippet":"max-snippet:-1","max-image-preview":"max-image-preview:large","max-video-preview":"max-video-preview:-1"},"canonical":"https:\/\/lasentinelle.dz\/index.php\/2021\/08\/24\/festival-du-film-francophone-dangouleme-hommage-au-cinema-algerien\/","og_locale":"fr_FR","og_type":"article","og_title":"Festival du film francophone d'Angoul\u00eame : Hommage au cin\u00e9ma alg\u00e9rien - La Sentinelle","og_description":"Le 14e Festival du film francophone d&rsquo;Angoul\u00eame, pr\u00e9vu dans cette ville fran\u00e7aise du 24 au 29 ao\u00fbt, a programm\u00e9 une","og_url":"https:\/\/lasentinelle.dz\/index.php\/2021\/08\/24\/festival-du-film-francophone-dangouleme-hommage-au-cinema-algerien\/","og_site_name":"La Sentinelle","article_publisher":"https:\/\/www.facebook.com\/La-Sentinelle-104059864394773","article_published_time":"2021-08-23T23:01:00+00:00","author":"La Sentinelle","twitter_card":"summary_large_image","twitter_misc":{"\u00c9crit par":"La Sentinelle","Dur\u00e9e de lecture estim\u00e9e":"1 minute"},"schema":{"@context":"https:\/\/schema.org","@graph":[{"@type":"Article","@id":"https:\/\/lasentinelle.dz\/index.php\/2021\/08\/24\/festival-du-film-francophone-dangouleme-hommage-au-cinema-algerien\/#article","isPartOf":{"@id":"https:\/\/lasentinelle.dz\/index.php\/2021\/08\/24\/festival-du-film-francophone-dangouleme-hommage-au-cinema-algerien\/"},"author":{"name":"La Sentinelle","@id":"https:\/\/lasentinelle.dz\/#\/schema\/person\/d865044e22e70a75174ce8bcad3acfb3"},"headline":"Festival du film francophone d&rsquo;Angoul\u00eame : Hommage au cin\u00e9ma alg\u00e9rien","datePublished":"2021-08-23T23:01:00+00:00","mainEntityOfPage":{"@id":"https:\/\/lasentinelle.dz\/index.php\/2021\/08\/24\/festival-du-film-francophone-dangouleme-hommage-au-cinema-algerien\/"},"wordCount":277,"commentCount":0,"publisher":{"@id":"https:\/\/lasentinelle.dz\/#organization"},"articleSection":["Culture"],"inLanguage":"fr-FR","potentialAction":[{"@type":"CommentAction","name":"Comment","target":["https:\/\/lasentinelle.dz\/index.php\/2021\/08\/24\/festival-du-film-francophone-dangouleme-hommage-au-cinema-algerien\/#respond"]}]},{"@type":"WebPage","@id":"https:\/\/lasentinelle.dz\/index.php\/2021\/08\/24\/festival-du-film-francophone-dangouleme-hommage-au-cinema-algerien\/","url":"https:\/\/lasentinelle.dz\/index.php\/2021\/08\/24\/festival-du-film-francophone-dangouleme-hommage-au-cinema-algerien\/","name":"Festival du film francophone d'Angoul\u00eame : Hommage au cin\u00e9ma alg\u00e9rien - La Sentinelle","isPartOf":{"@id":"https:\/\/lasentinelle.dz\/#website"},"datePublished":"2021-08-23T23:01:00+00:00","breadcrumb":{"@id":"https:\/\/lasentinelle.dz\/index.php\/2021\/08\/24\/festival-du-film-francophone-dangouleme-hommage-au-cinema-algerien\/#breadcrumb"},"inLanguage":"fr-FR","potentialAction":[{"@type":"ReadAction","target":["https:\/\/lasentinelle.dz\/index.php\/2021\/08\/24\/festival-du-film-francophone-dangouleme-hommage-au-cinema-algerien\/"]}]},{"@type":"BreadcrumbList","@id":"https:\/\/lasentinelle.dz\/index.php\/2021\/08\/24\/festival-du-film-francophone-dangouleme-hommage-au-cinema-algerien\/#breadcrumb","itemListElement":[{"@type":"ListItem","position":1,"name":"Accueil","item":"https:\/\/lasentinelle.dz\/"},{"@type":"ListItem","position":2,"name":"Festival du film francophone d&rsquo;Angoul\u00eame : Hommage au cin\u00e9ma alg\u00e9rien"}]},{"@type":"WebSite","@id":"https:\/\/lasentinelle.dz\/#website","url":"https:\/\/lasentinelle.dz\/","name":"La Sentinelle","description":"Quotidien national d&#039;information","publisher":{"@id":"https:\/\/lasentinelle.dz\/#organization"},"potentialAction":[{"@type":"SearchAction","target":{"@type":"EntryPoint","urlTemplate":"https:\/\/lasentinelle.dz\/?s={search_term_string}"},"query-input":{"@type":"PropertyValueSpecification","valueRequired":true,"valueName":"search_term_string"}}],"inLanguage":"fr-FR"},{"@type":"Organization","@id":"https:\/\/lasentinelle.dz\/#organization","name":"Quotidien La Sentinelle","url":"https:\/\/lasentinelle.dz\/","logo":{"@type":"ImageObject","inLanguage":"fr-FR","@id":"https:\/\/lasentinelle.dz\/#\/schema\/logo\/image\/","url":"https:\/\/lasentinelle.dz\/wp-content\/uploads\/2021\/09\/logo-sentinelleSLOGAN-1.png","contentUrl":"https:\/\/lasentinelle.dz\/wp-content\/uploads\/2021\/09\/logo-sentinelleSLOGAN-1.png","width":615,"height":142,"caption":"Quotidien La Sentinelle"},"image":{"@id":"https:\/\/lasentinelle.dz\/#\/schema\/logo\/image\/"},"sameAs":["https:\/\/www.facebook.com\/La-Sentinelle-104059864394773"]},{"@type":"Person","@id":"https:\/\/lasentinelle.dz\/#\/schema\/person\/d865044e22e70a75174ce8bcad3acfb3","name":"La Sentinelle","image":{"@type":"ImageObject","inLanguage":"fr-FR","@id":"https:\/\/secure.gravatar.com\/avatar\/57de8e5d4b15d43fb361a71fbb36338450fe67865b528a43dd10ef7c51a20392?s=96&d=mm&r=g","url":"https:\/\/secure.gravatar.com\/avatar\/57de8e5d4b15d43fb361a71fbb36338450fe67865b528a43dd10ef7c51a20392?s=96&d=mm&r=g","contentUrl":"https:\/\/secure.gravatar.com\/avatar\/57de8e5d4b15d43fb361a71fbb36338450fe67865b528a43dd10ef7c51a20392?s=96&d=mm&r=g","caption":"La Sentinelle"},"sameAs":["http:\/\/www.lasentinelle.dz"],"url":"https:\/\/lasentinelle.dz\/author\/redaction\/"}]}},"_links":{"self":[{"href":"https:\/\/lasentinelle.dz\/index.php\/wp-json\/wp\/v2\/posts\/5076","targetHints":{"allow":["GET"]}}],"collection":[{"href":"https:\/\/lasentinelle.dz\/index.php\/wp-json\/wp\/v2\/posts"}],"about":[{"href":"https:\/\/lasentinelle.dz\/index.php\/wp-json\/wp\/v2\/types\/post"}],"author":[{"embeddable":true,"href":"https:\/\/lasentinelle.dz\/index.php\/wp-json\/wp\/v2\/users\/3"}],"replies":[{"embeddable":true,"href":"https:\/\/lasentinelle.dz\/index.php\/wp-json\/wp\/v2\/comments?post=5076"}],"version-history":[{"count":1,"href":"https:\/\/lasentinelle.dz\/index.php\/wp-json\/wp\/v2\/posts\/5076\/revisions"}],"predecessor-version":[{"id":5094,"href":"https:\/\/lasentinelle.dz\/index.php\/wp-json\/wp\/v2\/posts\/5076\/revisions\/5094"}],"wp:attachment":[{"href":"https:\/\/lasentinelle.dz\/index.php\/wp-json\/wp\/v2\/media?parent=5076"}],"wp:term":[{"taxonomy":"category","embeddable":true,"href":"https:\/\/lasentinelle.dz\/index.php\/wp-json\/wp\/v2\/categories?post=5076"},{"taxonomy":"post_tag","embeddable":true,"href":"https:\/\/lasentinelle.dz\/index.php\/wp-json\/wp\/v2\/tags?post=5076"}],"curies":[{"name":"wp","href":"https:\/\/api.w.org\/{rel}","templated":true}]}}