{"id":50787,"date":"2024-03-28T14:32:00","date_gmt":"2024-03-28T13:32:00","guid":{"rendered":"https:\/\/lasentinelle.dz\/?p=50787"},"modified":"2024-03-30T14:35:26","modified_gmt":"2024-03-30T13:35:26","slug":"du-soutien-mutuel-entre-deux-entreprises-coloniales","status":"publish","type":"post","link":"https:\/\/lasentinelle.dz\/index.php\/2024\/03\/28\/du-soutien-mutuel-entre-deux-entreprises-coloniales\/","title":{"rendered":"Du soutien mutuel entre deux entreprises coloniales"},"content":{"rendered":"\n<p>Chaque jour les m\u00e9dias r\u00e9v\u00e8lent de nouveaux d\u00e9tails concernant l\u2019\u00e9tendue de la normalisation et de coop\u00e9ration entre Rabat et Tel Aviv et confirment le soutien mutuel entre deux entit\u00e9s coloniales.<\/p>\n\n\n\n<p>L\u2019agression g\u00e9nocidaire isra\u00e9lienne contre Ghaza suscite l\u2019indignation partout dans le monde. Les appels \u00e0 cesser toute forme de coop\u00e9ration, notamment militaire avec l\u2019entit\u00e9 sioniste, ainsi qu\u2019\u00e0 rompre les relations diplomatiques avec elles se multiplient. Un environnement dans lequel le silence de certains pays arabes est assourdissant, comme c\u2019est le cas pour le Maroc, qui hormis quelques condamnations prof\u00e9r\u00e9es du bout des l\u00e8vres, s\u2019illustre par sa complaisance avec son alli\u00e9 sioniste sur lequel il peut compter pour soutenir son entreprise coloniale au Sahara occidental. Ainsi, malgr\u00e9 la propagande makhzenienne et les efforts de la diplomatie marocaine pour donner l\u2019impression d\u2019un Maroc qui soutient la cause palestinienne et agite l\u2019argument de la pr\u00e9sidence du Comit\u00e9 El-Qods -comit\u00e9 dans un \u00e9tat comateux d\u2019ailleurs-. Chaque jour les m\u00e9dias r\u00e9v\u00e8lent de nouveaux d\u00e9tails concernant l\u2019\u00e9tendue de la normalisation et de coop\u00e9ration entre Rabat et Tel Aviv et confirment le soutien mutuel entre deux entit\u00e9s coloniales. Ainsi, le quotidien fran\u00e7ais \u00ab\u00a0L&rsquo;Humanit\u00e9\u00a0\u00bb, met en lumi\u00e8re le soutien militaire isra\u00e9lien sur lequel compte le Maroc dans son occupation du Sahara occidental. Dans l\u2019enqu\u00eate, cit\u00e9e par Middle East Eye (MEE), l\u2019Humanit\u00e9 a d\u00e9voil\u00e9 comment Rabat a tu\u00e9 pr\u00e8s de 100 civils sahraouis en trois ans en utilisant la technologie militaire sioniste. Selon L&rsquo;Humanit\u00e9, le Maroc a utilis\u00e9 en octobre dernier des drones de fabrication sioniste depuis la base militaire de l&rsquo;a\u00e9roport de Smara, territoire du Sahara occidental de plus de 66 000 habitants, occup\u00e9 par le Maroc. Il s&rsquo;agit, pr\u00e9cise le journal, de drones de reconnaissance strat\u00e9gique Hermes 900 et de drones tactiques Hermes 450, capables d&rsquo;\u00eatre \u00e9quip\u00e9s de missiles air-sol. Les deux mod\u00e8les sont d\u00e9velopp\u00e9s par le constructeur de l&rsquo;entit\u00e9 sioniste Elbit Systems. En juillet, l&rsquo;Intercept a rapport\u00e9 des informations similaires par l&rsquo;interm\u00e9diaire de Federico Borsari, chercheur sp\u00e9cialis\u00e9 dans les technologies sans pilote au Centre europ\u00e9en d&rsquo;analyse des politiques.Selon Borsari, le Maroc \u00e9tait en possession de \u00ab\u00a0150 drones \u00e0 d\u00e9collage et atterrissage vertical (dont WanderB, ThunderB et le drone kamikaze SpyX produit par la soci\u00e9t\u00e9 de l&rsquo;entit\u00e9 sioniste BlueBird Aero Systems), de trois Heron TP et de munitions Harop produites par la soci\u00e9t\u00e9 de l&rsquo;entit\u00e9 sioniste Aerospace Industries, ainsi que quatre drones Hermes 900 produits par Elbit Systems\u00a0\u00bb. \u00ab\u00a0Le blocage des zones sous contr\u00f4le du Front Polisario par ces avions tueurs a eu pour cons\u00e9quence de vider les territoires lib\u00e9r\u00e9s des nomades qui y vivaient\u00a0\u00bb, relate L&rsquo;Humanit\u00e9. Le quotidien ajoute que les drones \u00ab\u00a0ciblent \u00e0 la fois les humains et les animaux, et que depuis 2021, 170 civils ont \u00e9t\u00e9 touch\u00e9s, dont 86 tu\u00e9s, parmi lesquels deux enfants\u00a0\u00bb. \u00ab\u00a0Une politique de nettoyage ethnique s&rsquo;installe progressivement\u00a0\u00bb, a d\u00e9clar\u00e9 au quotidien fran\u00e7ais Abdeslam Omar Lahsen, pr\u00e9sident de l&rsquo;Association des familles de prisonniers et disparus sahraouis, estimant que pr\u00e8s de 30 000 personnes ont \u00e9t\u00e9 d\u00e9plac\u00e9es de force au cours des trois derni\u00e8res ann\u00e9es en raison des violences marocaines. Au-del\u00e0 de la fourniture d\u2019armes, le Maroc qui fait face \u00e0 la d\u00e9fiance grandissante des partenaires occidentaux en ce qui concerne l\u2019exploitation ill\u00e9gales des richesses du Sahara occidental se tourne vers l\u2019entit\u00e9 sioniste, qui n\u2019a aucune consid\u00e9ration pour les notions de droit, pour poursuivre le pillage des ressources Saharaouis. Les m\u00e9dias ont ainsi r\u00e9cemment rapport\u00e9 que le Maroc entend recourir aux services d\u2019une soci\u00e9t\u00e9 isra\u00e9lienne pour l\u2019exploitation du gaz offshore au large du Sahara occidental. Une coop\u00e9ration qui s\u2019assimile \u00e0 de la complicit\u00e9 dans les entreprises coloniales des deux entit\u00e9s et met en lumi\u00e8re la position r\u00e9elle du r\u00e9gime marocain concernant l\u2019entit\u00e9 sioniste, celle d\u2019un soutien \u00e0 l\u2019occupant.<\/p>\n\n\n\n<p><strong>Hocine Fadheli<\/strong><\/p>\n","protected":false},"excerpt":{"rendered":"<p>Chaque jour les m\u00e9dias r\u00e9v\u00e8lent de nouveaux d\u00e9tails concernant l\u2019\u00e9tendue de la normalisation et de coop\u00e9ration entre Rabat et Tel<\/p>\n","protected":false},"author":3,"featured_media":50789,"comment_status":"open","ping_status":"closed","sticky":false,"template":"","format":"standard","meta":{"colormag_page_container_layout":"default_layout","colormag_page_sidebar_layout":"default_layout","om_disable_all_campaigns":false,"_monsterinsights_skip_tracking":false,"_monsterinsights_sitenote_active":false,"_monsterinsights_sitenote_note":"","_monsterinsights_sitenote_category":0,"footnotes":"","_wpscppro_dont_share_socialmedia":false,"_wpscppro_custom_social_share_image":0,"_facebook_share_type":"","_twitter_share_type":"","_linkedin_share_type":"","_pinterest_share_type":"","_linkedin_share_type_page":"","_instagram_share_type":"","_medium_share_type":"","_threads_share_type":"","_google_business_share_type":"","_selected_social_profile":[],"_wpsp_enable_custom_social_template":false,"_wpsp_social_scheduling":{"enabled":false,"datetime":null,"platforms":[],"status":"template_only","dateOption":"today","timeOption":"now","customDays":"","customHours":"","customDate":"","customTime":"","schedulingType":"absolute"},"_wpsp_active_default_template":true},"categories":[52,27],"tags":[],"class_list":["post-50787","post","type-post","status-publish","format-standard","has-post-thumbnail","hentry","category-a-la-une","category-actualite"],"aioseo_notices":[],"yoast_head":"<!-- This site is optimized with the Yoast SEO plugin v27.4 - https:\/\/yoast.com\/product\/yoast-seo-wordpress\/ -->\n<title>Du soutien mutuel entre deux entreprises coloniales - La Sentinelle<\/title>\n<meta name=\"robots\" content=\"index, follow, max-snippet:-1, max-image-preview:large, max-video-preview:-1\" \/>\n<link rel=\"canonical\" href=\"https:\/\/lasentinelle.dz\/index.php\/2024\/03\/28\/du-soutien-mutuel-entre-deux-entreprises-coloniales\/\" \/>\n<meta property=\"og:locale\" content=\"fr_FR\" \/>\n<meta property=\"og:type\" content=\"article\" \/>\n<meta property=\"og:title\" content=\"Du soutien mutuel entre deux entreprises coloniales - La Sentinelle\" \/>\n<meta property=\"og:description\" content=\"Chaque jour les m\u00e9dias r\u00e9v\u00e8lent de nouveaux d\u00e9tails concernant l\u2019\u00e9tendue de la normalisation et de coop\u00e9ration entre Rabat et Tel\" \/>\n<meta property=\"og:url\" content=\"https:\/\/lasentinelle.dz\/index.php\/2024\/03\/28\/du-soutien-mutuel-entre-deux-entreprises-coloniales\/\" \/>\n<meta property=\"og:site_name\" content=\"La Sentinelle\" \/>\n<meta property=\"article:publisher\" content=\"https:\/\/www.facebook.com\/La-Sentinelle-104059864394773\" \/>\n<meta property=\"article:published_time\" content=\"2024-03-28T13:32:00+00:00\" \/>\n<meta property=\"article:modified_time\" content=\"2024-03-30T13:35:26+00:00\" \/>\n<meta property=\"og:image\" content=\"https:\/\/lasentinelle.dz\/wp-content\/uploads\/2024\/03\/maroc-israle.jpeg\" \/>\n\t<meta property=\"og:image:width\" content=\"680\" \/>\n\t<meta property=\"og:image:height\" content=\"383\" \/>\n\t<meta property=\"og:image:type\" content=\"image\/jpeg\" \/>\n<meta name=\"author\" content=\"La Sentinelle\" \/>\n<meta name=\"twitter:card\" content=\"summary_large_image\" \/>\n<meta name=\"twitter:label1\" content=\"\u00c9crit par\" \/>\n\t<meta name=\"twitter:data1\" content=\"La Sentinelle\" \/>\n\t<meta name=\"twitter:label2\" content=\"Dur\u00e9e de lecture estim\u00e9e\" \/>\n\t<meta name=\"twitter:data2\" content=\"4 minutes\" \/>\n<script type=\"application\/ld+json\" class=\"yoast-schema-graph\">{\"@context\":\"https:\\\/\\\/schema.org\",\"@graph\":[{\"@type\":\"Article\",\"@id\":\"https:\\\/\\\/lasentinelle.dz\\\/index.php\\\/2024\\\/03\\\/28\\\/du-soutien-mutuel-entre-deux-entreprises-coloniales\\\/#article\",\"isPartOf\":{\"@id\":\"https:\\\/\\\/lasentinelle.dz\\\/index.php\\\/2024\\\/03\\\/28\\\/du-soutien-mutuel-entre-deux-entreprises-coloniales\\\/\"},\"author\":{\"name\":\"La Sentinelle\",\"@id\":\"https:\\\/\\\/lasentinelle.dz\\\/#\\\/schema\\\/person\\\/d865044e22e70a75174ce8bcad3acfb3\"},\"headline\":\"Du soutien mutuel entre deux entreprises coloniales\",\"datePublished\":\"2024-03-28T13:32:00+00:00\",\"dateModified\":\"2024-03-30T13:35:26+00:00\",\"mainEntityOfPage\":{\"@id\":\"https:\\\/\\\/lasentinelle.dz\\\/index.php\\\/2024\\\/03\\\/28\\\/du-soutien-mutuel-entre-deux-entreprises-coloniales\\\/\"},\"wordCount\":700,\"commentCount\":0,\"publisher\":{\"@id\":\"https:\\\/\\\/lasentinelle.dz\\\/#organization\"},\"image\":{\"@id\":\"https:\\\/\\\/lasentinelle.dz\\\/index.php\\\/2024\\\/03\\\/28\\\/du-soutien-mutuel-entre-deux-entreprises-coloniales\\\/#primaryimage\"},\"thumbnailUrl\":\"https:\\\/\\\/lasentinelle.dz\\\/wp-content\\\/uploads\\\/2024\\\/03\\\/maroc-israle.jpeg\",\"articleSection\":[\"\u00c0 la Une\",\"Actualit\u00e9\"],\"inLanguage\":\"fr-FR\",\"potentialAction\":[{\"@type\":\"CommentAction\",\"name\":\"Comment\",\"target\":[\"https:\\\/\\\/lasentinelle.dz\\\/index.php\\\/2024\\\/03\\\/28\\\/du-soutien-mutuel-entre-deux-entreprises-coloniales\\\/#respond\"]}]},{\"@type\":\"WebPage\",\"@id\":\"https:\\\/\\\/lasentinelle.dz\\\/index.php\\\/2024\\\/03\\\/28\\\/du-soutien-mutuel-entre-deux-entreprises-coloniales\\\/\",\"url\":\"https:\\\/\\\/lasentinelle.dz\\\/index.php\\\/2024\\\/03\\\/28\\\/du-soutien-mutuel-entre-deux-entreprises-coloniales\\\/\",\"name\":\"Du soutien mutuel entre deux entreprises coloniales - La Sentinelle\",\"isPartOf\":{\"@id\":\"https:\\\/\\\/lasentinelle.dz\\\/#website\"},\"primaryImageOfPage\":{\"@id\":\"https:\\\/\\\/lasentinelle.dz\\\/index.php\\\/2024\\\/03\\\/28\\\/du-soutien-mutuel-entre-deux-entreprises-coloniales\\\/#primaryimage\"},\"image\":{\"@id\":\"https:\\\/\\\/lasentinelle.dz\\\/index.php\\\/2024\\\/03\\\/28\\\/du-soutien-mutuel-entre-deux-entreprises-coloniales\\\/#primaryimage\"},\"thumbnailUrl\":\"https:\\\/\\\/lasentinelle.dz\\\/wp-content\\\/uploads\\\/2024\\\/03\\\/maroc-israle.jpeg\",\"datePublished\":\"2024-03-28T13:32:00+00:00\",\"dateModified\":\"2024-03-30T13:35:26+00:00\",\"breadcrumb\":{\"@id\":\"https:\\\/\\\/lasentinelle.dz\\\/index.php\\\/2024\\\/03\\\/28\\\/du-soutien-mutuel-entre-deux-entreprises-coloniales\\\/#breadcrumb\"},\"inLanguage\":\"fr-FR\",\"potentialAction\":[{\"@type\":\"ReadAction\",\"target\":[\"https:\\\/\\\/lasentinelle.dz\\\/index.php\\\/2024\\\/03\\\/28\\\/du-soutien-mutuel-entre-deux-entreprises-coloniales\\\/\"]}]},{\"@type\":\"ImageObject\",\"inLanguage\":\"fr-FR\",\"@id\":\"https:\\\/\\\/lasentinelle.dz\\\/index.php\\\/2024\\\/03\\\/28\\\/du-soutien-mutuel-entre-deux-entreprises-coloniales\\\/#primaryimage\",\"url\":\"https:\\\/\\\/lasentinelle.dz\\\/wp-content\\\/uploads\\\/2024\\\/03\\\/maroc-israle.jpeg\",\"contentUrl\":\"https:\\\/\\\/lasentinelle.dz\\\/wp-content\\\/uploads\\\/2024\\\/03\\\/maroc-israle.jpeg\",\"width\":680,\"height\":383},{\"@type\":\"BreadcrumbList\",\"@id\":\"https:\\\/\\\/lasentinelle.dz\\\/index.php\\\/2024\\\/03\\\/28\\\/du-soutien-mutuel-entre-deux-entreprises-coloniales\\\/#breadcrumb\",\"itemListElement\":[{\"@type\":\"ListItem\",\"position\":1,\"name\":\"Accueil\",\"item\":\"https:\\\/\\\/lasentinelle.dz\\\/\"},{\"@type\":\"ListItem\",\"position\":2,\"name\":\"Du soutien mutuel entre deux entreprises coloniales\"}]},{\"@type\":\"WebSite\",\"@id\":\"https:\\\/\\\/lasentinelle.dz\\\/#website\",\"url\":\"https:\\\/\\\/lasentinelle.dz\\\/\",\"name\":\"La Sentinelle\",\"description\":\"Quotidien national d&#039;information\",\"publisher\":{\"@id\":\"https:\\\/\\\/lasentinelle.dz\\\/#organization\"},\"potentialAction\":[{\"@type\":\"SearchAction\",\"target\":{\"@type\":\"EntryPoint\",\"urlTemplate\":\"https:\\\/\\\/lasentinelle.dz\\\/?s={search_term_string}\"},\"query-input\":{\"@type\":\"PropertyValueSpecification\",\"valueRequired\":true,\"valueName\":\"search_term_string\"}}],\"inLanguage\":\"fr-FR\"},{\"@type\":\"Organization\",\"@id\":\"https:\\\/\\\/lasentinelle.dz\\\/#organization\",\"name\":\"Quotidien La Sentinelle\",\"url\":\"https:\\\/\\\/lasentinelle.dz\\\/\",\"logo\":{\"@type\":\"ImageObject\",\"inLanguage\":\"fr-FR\",\"@id\":\"https:\\\/\\\/lasentinelle.dz\\\/#\\\/schema\\\/logo\\\/image\\\/\",\"url\":\"https:\\\/\\\/lasentinelle.dz\\\/wp-content\\\/uploads\\\/2021\\\/09\\\/logo-sentinelleSLOGAN-1.png\",\"contentUrl\":\"https:\\\/\\\/lasentinelle.dz\\\/wp-content\\\/uploads\\\/2021\\\/09\\\/logo-sentinelleSLOGAN-1.png\",\"width\":615,\"height\":142,\"caption\":\"Quotidien La Sentinelle\"},\"image\":{\"@id\":\"https:\\\/\\\/lasentinelle.dz\\\/#\\\/schema\\\/logo\\\/image\\\/\"},\"sameAs\":[\"https:\\\/\\\/www.facebook.com\\\/La-Sentinelle-104059864394773\"]},{\"@type\":\"Person\",\"@id\":\"https:\\\/\\\/lasentinelle.dz\\\/#\\\/schema\\\/person\\\/d865044e22e70a75174ce8bcad3acfb3\",\"name\":\"La Sentinelle\",\"image\":{\"@type\":\"ImageObject\",\"inLanguage\":\"fr-FR\",\"@id\":\"https:\\\/\\\/secure.gravatar.com\\\/avatar\\\/57de8e5d4b15d43fb361a71fbb36338450fe67865b528a43dd10ef7c51a20392?s=96&d=mm&r=g\",\"url\":\"https:\\\/\\\/secure.gravatar.com\\\/avatar\\\/57de8e5d4b15d43fb361a71fbb36338450fe67865b528a43dd10ef7c51a20392?s=96&d=mm&r=g\",\"contentUrl\":\"https:\\\/\\\/secure.gravatar.com\\\/avatar\\\/57de8e5d4b15d43fb361a71fbb36338450fe67865b528a43dd10ef7c51a20392?s=96&d=mm&r=g\",\"caption\":\"La Sentinelle\"},\"sameAs\":[\"http:\\\/\\\/www.lasentinelle.dz\"],\"url\":\"https:\\\/\\\/lasentinelle.dz\\\/author\\\/redaction\\\/\"}]}<\/script>\n<!-- \/ Yoast SEO plugin. -->","yoast_head_json":{"title":"Du soutien mutuel entre deux entreprises coloniales - La Sentinelle","robots":{"index":"index","follow":"follow","max-snippet":"max-snippet:-1","max-image-preview":"max-image-preview:large","max-video-preview":"max-video-preview:-1"},"canonical":"https:\/\/lasentinelle.dz\/index.php\/2024\/03\/28\/du-soutien-mutuel-entre-deux-entreprises-coloniales\/","og_locale":"fr_FR","og_type":"article","og_title":"Du soutien mutuel entre deux entreprises coloniales - La Sentinelle","og_description":"Chaque jour les m\u00e9dias r\u00e9v\u00e8lent de nouveaux d\u00e9tails concernant l\u2019\u00e9tendue de la normalisation et de coop\u00e9ration entre Rabat et Tel","og_url":"https:\/\/lasentinelle.dz\/index.php\/2024\/03\/28\/du-soutien-mutuel-entre-deux-entreprises-coloniales\/","og_site_name":"La Sentinelle","article_publisher":"https:\/\/www.facebook.com\/La-Sentinelle-104059864394773","article_published_time":"2024-03-28T13:32:00+00:00","article_modified_time":"2024-03-30T13:35:26+00:00","og_image":[{"width":680,"height":383,"url":"https:\/\/lasentinelle.dz\/wp-content\/uploads\/2024\/03\/maroc-israle.jpeg","type":"image\/jpeg"}],"author":"La Sentinelle","twitter_card":"summary_large_image","twitter_misc":{"\u00c9crit par":"La Sentinelle","Dur\u00e9e de lecture estim\u00e9e":"4 minutes"},"schema":{"@context":"https:\/\/schema.org","@graph":[{"@type":"Article","@id":"https:\/\/lasentinelle.dz\/index.php\/2024\/03\/28\/du-soutien-mutuel-entre-deux-entreprises-coloniales\/#article","isPartOf":{"@id":"https:\/\/lasentinelle.dz\/index.php\/2024\/03\/28\/du-soutien-mutuel-entre-deux-entreprises-coloniales\/"},"author":{"name":"La Sentinelle","@id":"https:\/\/lasentinelle.dz\/#\/schema\/person\/d865044e22e70a75174ce8bcad3acfb3"},"headline":"Du soutien mutuel entre deux entreprises coloniales","datePublished":"2024-03-28T13:32:00+00:00","dateModified":"2024-03-30T13:35:26+00:00","mainEntityOfPage":{"@id":"https:\/\/lasentinelle.dz\/index.php\/2024\/03\/28\/du-soutien-mutuel-entre-deux-entreprises-coloniales\/"},"wordCount":700,"commentCount":0,"publisher":{"@id":"https:\/\/lasentinelle.dz\/#organization"},"image":{"@id":"https:\/\/lasentinelle.dz\/index.php\/2024\/03\/28\/du-soutien-mutuel-entre-deux-entreprises-coloniales\/#primaryimage"},"thumbnailUrl":"https:\/\/lasentinelle.dz\/wp-content\/uploads\/2024\/03\/maroc-israle.jpeg","articleSection":["\u00c0 la Une","Actualit\u00e9"],"inLanguage":"fr-FR","potentialAction":[{"@type":"CommentAction","name":"Comment","target":["https:\/\/lasentinelle.dz\/index.php\/2024\/03\/28\/du-soutien-mutuel-entre-deux-entreprises-coloniales\/#respond"]}]},{"@type":"WebPage","@id":"https:\/\/lasentinelle.dz\/index.php\/2024\/03\/28\/du-soutien-mutuel-entre-deux-entreprises-coloniales\/","url":"https:\/\/lasentinelle.dz\/index.php\/2024\/03\/28\/du-soutien-mutuel-entre-deux-entreprises-coloniales\/","name":"Du soutien mutuel entre deux entreprises coloniales - La Sentinelle","isPartOf":{"@id":"https:\/\/lasentinelle.dz\/#website"},"primaryImageOfPage":{"@id":"https:\/\/lasentinelle.dz\/index.php\/2024\/03\/28\/du-soutien-mutuel-entre-deux-entreprises-coloniales\/#primaryimage"},"image":{"@id":"https:\/\/lasentinelle.dz\/index.php\/2024\/03\/28\/du-soutien-mutuel-entre-deux-entreprises-coloniales\/#primaryimage"},"thumbnailUrl":"https:\/\/lasentinelle.dz\/wp-content\/uploads\/2024\/03\/maroc-israle.jpeg","datePublished":"2024-03-28T13:32:00+00:00","dateModified":"2024-03-30T13:35:26+00:00","breadcrumb":{"@id":"https:\/\/lasentinelle.dz\/index.php\/2024\/03\/28\/du-soutien-mutuel-entre-deux-entreprises-coloniales\/#breadcrumb"},"inLanguage":"fr-FR","potentialAction":[{"@type":"ReadAction","target":["https:\/\/lasentinelle.dz\/index.php\/2024\/03\/28\/du-soutien-mutuel-entre-deux-entreprises-coloniales\/"]}]},{"@type":"ImageObject","inLanguage":"fr-FR","@id":"https:\/\/lasentinelle.dz\/index.php\/2024\/03\/28\/du-soutien-mutuel-entre-deux-entreprises-coloniales\/#primaryimage","url":"https:\/\/lasentinelle.dz\/wp-content\/uploads\/2024\/03\/maroc-israle.jpeg","contentUrl":"https:\/\/lasentinelle.dz\/wp-content\/uploads\/2024\/03\/maroc-israle.jpeg","width":680,"height":383},{"@type":"BreadcrumbList","@id":"https:\/\/lasentinelle.dz\/index.php\/2024\/03\/28\/du-soutien-mutuel-entre-deux-entreprises-coloniales\/#breadcrumb","itemListElement":[{"@type":"ListItem","position":1,"name":"Accueil","item":"https:\/\/lasentinelle.dz\/"},{"@type":"ListItem","position":2,"name":"Du soutien mutuel entre deux entreprises coloniales"}]},{"@type":"WebSite","@id":"https:\/\/lasentinelle.dz\/#website","url":"https:\/\/lasentinelle.dz\/","name":"La Sentinelle","description":"Quotidien national d&#039;information","publisher":{"@id":"https:\/\/lasentinelle.dz\/#organization"},"potentialAction":[{"@type":"SearchAction","target":{"@type":"EntryPoint","urlTemplate":"https:\/\/lasentinelle.dz\/?s={search_term_string}"},"query-input":{"@type":"PropertyValueSpecification","valueRequired":true,"valueName":"search_term_string"}}],"inLanguage":"fr-FR"},{"@type":"Organization","@id":"https:\/\/lasentinelle.dz\/#organization","name":"Quotidien La Sentinelle","url":"https:\/\/lasentinelle.dz\/","logo":{"@type":"ImageObject","inLanguage":"fr-FR","@id":"https:\/\/lasentinelle.dz\/#\/schema\/logo\/image\/","url":"https:\/\/lasentinelle.dz\/wp-content\/uploads\/2021\/09\/logo-sentinelleSLOGAN-1.png","contentUrl":"https:\/\/lasentinelle.dz\/wp-content\/uploads\/2021\/09\/logo-sentinelleSLOGAN-1.png","width":615,"height":142,"caption":"Quotidien La Sentinelle"},"image":{"@id":"https:\/\/lasentinelle.dz\/#\/schema\/logo\/image\/"},"sameAs":["https:\/\/www.facebook.com\/La-Sentinelle-104059864394773"]},{"@type":"Person","@id":"https:\/\/lasentinelle.dz\/#\/schema\/person\/d865044e22e70a75174ce8bcad3acfb3","name":"La Sentinelle","image":{"@type":"ImageObject","inLanguage":"fr-FR","@id":"https:\/\/secure.gravatar.com\/avatar\/57de8e5d4b15d43fb361a71fbb36338450fe67865b528a43dd10ef7c51a20392?s=96&d=mm&r=g","url":"https:\/\/secure.gravatar.com\/avatar\/57de8e5d4b15d43fb361a71fbb36338450fe67865b528a43dd10ef7c51a20392?s=96&d=mm&r=g","contentUrl":"https:\/\/secure.gravatar.com\/avatar\/57de8e5d4b15d43fb361a71fbb36338450fe67865b528a43dd10ef7c51a20392?s=96&d=mm&r=g","caption":"La Sentinelle"},"sameAs":["http:\/\/www.lasentinelle.dz"],"url":"https:\/\/lasentinelle.dz\/author\/redaction\/"}]}},"_links":{"self":[{"href":"https:\/\/lasentinelle.dz\/index.php\/wp-json\/wp\/v2\/posts\/50787","targetHints":{"allow":["GET"]}}],"collection":[{"href":"https:\/\/lasentinelle.dz\/index.php\/wp-json\/wp\/v2\/posts"}],"about":[{"href":"https:\/\/lasentinelle.dz\/index.php\/wp-json\/wp\/v2\/types\/post"}],"author":[{"embeddable":true,"href":"https:\/\/lasentinelle.dz\/index.php\/wp-json\/wp\/v2\/users\/3"}],"replies":[{"embeddable":true,"href":"https:\/\/lasentinelle.dz\/index.php\/wp-json\/wp\/v2\/comments?post=50787"}],"version-history":[{"count":1,"href":"https:\/\/lasentinelle.dz\/index.php\/wp-json\/wp\/v2\/posts\/50787\/revisions"}],"predecessor-version":[{"id":50790,"href":"https:\/\/lasentinelle.dz\/index.php\/wp-json\/wp\/v2\/posts\/50787\/revisions\/50790"}],"wp:featuredmedia":[{"embeddable":true,"href":"https:\/\/lasentinelle.dz\/index.php\/wp-json\/wp\/v2\/media\/50789"}],"wp:attachment":[{"href":"https:\/\/lasentinelle.dz\/index.php\/wp-json\/wp\/v2\/media?parent=50787"}],"wp:term":[{"taxonomy":"category","embeddable":true,"href":"https:\/\/lasentinelle.dz\/index.php\/wp-json\/wp\/v2\/categories?post=50787"},{"taxonomy":"post_tag","embeddable":true,"href":"https:\/\/lasentinelle.dz\/index.php\/wp-json\/wp\/v2\/tags?post=50787"}],"curies":[{"name":"wp","href":"https:\/\/api.w.org\/{rel}","templated":true}]}}