{"id":50799,"date":"2024-03-31T07:28:00","date_gmt":"2024-03-31T06:28:00","guid":{"rendered":"https:\/\/lasentinelle.dz\/?p=50799"},"modified":"2024-03-31T14:57:54","modified_gmt":"2024-03-31T13:57:54","slug":"les-vagues-de-chaleur-un-risque-reel-pour-certaines-regions","status":"publish","type":"post","link":"https:\/\/lasentinelle.dz\/index.php\/2024\/03\/31\/les-vagues-de-chaleur-un-risque-reel-pour-certaines-regions\/","title":{"rendered":"Les vagues de chaleur, un risque r\u00e9el pour certaines r\u00e9gions"},"content":{"rendered":"\n<p>Une nouvelle \u00e9tude publi\u00e9e vendredi souligne que les vagues de chaleur ont de plus en plus tendance \u00e0 s&rsquo;attarder au-dessus d&rsquo;une m\u00eame r\u00e9gion, ce qui exacerbe leur dangerosit\u00e9. Si de pr\u00e9c\u00e9dentes recherches se sont int\u00e9ress\u00e9es \u00e0 la fr\u00e9quence et l&rsquo;intensit\u00e9 des vagues de chaleur, peu se sont pench\u00e9es jusqu&rsquo;ici sur leur propagation \u00e0 la fois dans l&rsquo;espace et le temps. Or les vagues de chaleur, comme les temp\u00eates ou d&rsquo;autres ph\u00e9nom\u00e8nes m\u00e9t\u00e9o, se d\u00e9placent, a dit \u00e0 des m\u00e9dias Wei Zhang, l&rsquo;un des co-auteurs de l&rsquo;\u00e9tude, publi\u00e9e dans la revue Science Advances. Mais ces derni\u00e8res d\u00e9cennies, les vagues de chaleur ont eu tendance \u00e0 \u00ab\u00a0se d\u00e9placer de moins en moins vite\u00a0\u00bb, a-t-il expliqu\u00e9. \u00ab\u00a0Cela signifie qu&rsquo;elles peuvent rester dans une r\u00e9gion plus longtemps\u00a0\u00bb, ce qui peut avoir \u00ab\u00a0des cons\u00e9quences importantes pour la population\u00a0\u00bb. Les chercheurs ont analys\u00e9 les vagues de chaleur mondialement, sur une p\u00e9riode allant de 1979 \u00e0 2020, gr\u00e2ce \u00e0 des mod\u00e8les s&rsquo;appuyant notamment sur les observations de radars m\u00e9t\u00e9o et de satellites. Leurs analyses ont montr\u00e9 que chaque d\u00e9cennie, la vitesse de d\u00e9placement des vagues de chaleur avait diminu\u00e9 d&rsquo;environ 8 km par jour. Ils ont \u00e9galement observ\u00e9 que la dur\u00e9e moyenne des canicules \u00e9tait pass\u00e9e d&rsquo;environ 8 jours au d\u00e9but des ann\u00e9es 1980, \u00e0 12 jours \u00e0 la fin de la p\u00e9riode \u00e9tudi\u00e9e. Leur \u00e9tude a \u00e9galement montr\u00e9 que les vagues de chaleur se d\u00e9pla\u00e7aient plus loin qu&rsquo;avant, et confirm\u00e9 l&rsquo;augmentation de la fr\u00e9quence de tels \u00e9v\u00e9nements. Les chercheurs ont ensuite examin\u00e9 le r\u00f4le du changement climatique dans ces changements. Pour cela, ils ont utilis\u00e9 des mod\u00e8les climatiques pour simuler deux sc\u00e9narios &#8211; avec et sans \u00e9missions de gaz \u00e0 effet de serre &#8211; et les ont compar\u00e9 avec le comportement r\u00e9el des vagues de chaleur. \u00ab\u00a0Il est assez clair pour nous que le facteur dominant ici pour expliquer cette tendance est anthropique\u00a0\u00bb, soit \u00ab\u00a0les gaz \u00e0 effet de serre\u00a0\u00bb issus des activit\u00e9s humaines, a dit Wei Zhang, de l&rsquo;Universit\u00e9 d&rsquo;Etat de l&rsquo;Utah. Il s&rsquo;est dit inquiet notamment pour les villes o\u00f9 s&rsquo;installent ces vagues de chaleur, qui peuvent manquer de verdure ou de lieux plus frais pour les populations d\u00e9favoris\u00e9es, n&rsquo;\u00e9tant par exemple pas \u00e9quip\u00e9es de climatisation. \u00ab\u00a0Des vagues de chaleur voyageant plus loin et se d\u00e9pla\u00e7ant moins vite auront des cons\u00e9quences plus d\u00e9vastatrices sur la nature et la soci\u00e9t\u00e9 \u00e0 l&rsquo;avenir si les gaz a effet de serre continuent \u00e0 augmenter\u00a0\u00bb, conclut l&rsquo;\u00e9tude. Rappelons que l\u2019Alg\u00e9rie est r\u00e9guli\u00e8rement affect\u00e9e par d\u2019importantes vagues de chaleur au cours desquelles des records de temp\u00e9ratures sont battus. A l\u2019\u00e9t\u00e9 2023, plusieurs wilayas ont \u00e9t\u00e9 frapp\u00e9es pendant plus de deux semaines par une vague de chaleur extr\u00eame, qui a fait grimper les temp\u00e9ratures \u00e0 des niveaux fr\u00f4lant les 50 \u00b0C dans le nord du pays, ce qui est tr\u00e8s inhabituel. Une situation qui fut provoqu\u00e9e par un puissant&nbsp; \u2018\u2019d\u00f4me de chaleur\u2019\u2019, qui a s\u00e9vit au-dessus de la ligne tropicale dans l\u2019h\u00e9misph\u00e8re nord, touchant directement l\u2019Alg\u00e9rie.<\/p>\n\n\n\n<p>R.N.<\/p>\n","protected":false},"excerpt":{"rendered":"<p>Une nouvelle \u00e9tude publi\u00e9e vendredi souligne que les vagues de chaleur ont de plus en plus tendance \u00e0 s&rsquo;attarder au-dessus<\/p>\n","protected":false},"author":3,"featured_media":42781,"comment_status":"open","ping_status":"closed","sticky":false,"template":"","format":"standard","meta":{"colormag_page_container_layout":"default_layout","colormag_page_sidebar_layout":"default_layout","om_disable_all_campaigns":false,"_monsterinsights_skip_tracking":false,"_monsterinsights_sitenote_active":false,"_monsterinsights_sitenote_note":"","_monsterinsights_sitenote_category":0,"footnotes":"","_wpscppro_dont_share_socialmedia":false,"_wpscppro_custom_social_share_image":0,"_facebook_share_type":"","_twitter_share_type":"","_linkedin_share_type":"","_pinterest_share_type":"","_linkedin_share_type_page":"","_instagram_share_type":"","_medium_share_type":"","_threads_share_type":"","_google_business_share_type":"","_selected_social_profile":[],"_wpsp_enable_custom_social_template":false,"_wpsp_social_scheduling":{"enabled":false,"datetime":null,"platforms":[],"status":"template_only","dateOption":"today","timeOption":"now","customDays":"","customHours":"","customDate":"","customTime":"","schedulingType":"absolute"},"_wpsp_active_default_template":true},"categories":[27],"tags":[],"class_list":["post-50799","post","type-post","status-publish","format-standard","has-post-thumbnail","hentry","category-actualite"],"aioseo_notices":[],"yoast_head":"<!-- This site is optimized with the Yoast SEO plugin v27.5 - https:\/\/yoast.com\/product\/yoast-seo-wordpress\/ -->\n<title>Les vagues de chaleur, un risque r\u00e9el pour certaines r\u00e9gions - La Sentinelle<\/title>\n<meta name=\"robots\" content=\"index, follow, max-snippet:-1, max-image-preview:large, max-video-preview:-1\" \/>\n<link rel=\"canonical\" href=\"https:\/\/lasentinelle.dz\/index.php\/2024\/03\/31\/les-vagues-de-chaleur-un-risque-reel-pour-certaines-regions\/\" \/>\n<meta property=\"og:locale\" content=\"fr_FR\" \/>\n<meta property=\"og:type\" content=\"article\" \/>\n<meta property=\"og:title\" content=\"Les vagues de chaleur, un risque r\u00e9el pour certaines r\u00e9gions - La Sentinelle\" \/>\n<meta property=\"og:description\" content=\"Une nouvelle \u00e9tude publi\u00e9e vendredi souligne que les vagues de chaleur ont de plus en plus tendance \u00e0 s&rsquo;attarder au-dessus\" \/>\n<meta property=\"og:url\" content=\"https:\/\/lasentinelle.dz\/index.php\/2024\/03\/31\/les-vagues-de-chaleur-un-risque-reel-pour-certaines-regions\/\" \/>\n<meta property=\"og:site_name\" content=\"La Sentinelle\" \/>\n<meta property=\"article:publisher\" content=\"https:\/\/www.facebook.com\/La-Sentinelle-104059864394773\" \/>\n<meta property=\"article:published_time\" content=\"2024-03-31T06:28:00+00:00\" \/>\n<meta property=\"article:modified_time\" content=\"2024-03-31T13:57:54+00:00\" \/>\n<meta property=\"og:image\" content=\"https:\/\/lasentinelle.dz\/wp-content\/uploads\/2023\/06\/canicule.webp\" \/>\n\t<meta property=\"og:image:width\" content=\"835\" \/>\n\t<meta property=\"og:image:height\" content=\"430\" \/>\n\t<meta property=\"og:image:type\" content=\"image\/webp\" \/>\n<meta name=\"author\" content=\"La Sentinelle\" \/>\n<meta name=\"twitter:card\" content=\"summary_large_image\" \/>\n<meta name=\"twitter:label1\" content=\"\u00c9crit par\" \/>\n\t<meta name=\"twitter:data1\" content=\"La Sentinelle\" \/>\n\t<meta name=\"twitter:label2\" content=\"Dur\u00e9e de lecture estim\u00e9e\" \/>\n\t<meta name=\"twitter:data2\" content=\"3 minutes\" \/>\n<script type=\"application\/ld+json\" class=\"yoast-schema-graph\">{\"@context\":\"https:\\\/\\\/schema.org\",\"@graph\":[{\"@type\":\"Article\",\"@id\":\"https:\\\/\\\/lasentinelle.dz\\\/index.php\\\/2024\\\/03\\\/31\\\/les-vagues-de-chaleur-un-risque-reel-pour-certaines-regions\\\/#article\",\"isPartOf\":{\"@id\":\"https:\\\/\\\/lasentinelle.dz\\\/index.php\\\/2024\\\/03\\\/31\\\/les-vagues-de-chaleur-un-risque-reel-pour-certaines-regions\\\/\"},\"author\":{\"name\":\"La Sentinelle\",\"@id\":\"https:\\\/\\\/lasentinelle.dz\\\/#\\\/schema\\\/person\\\/d865044e22e70a75174ce8bcad3acfb3\"},\"headline\":\"Les vagues de chaleur, un risque r\u00e9el pour certaines r\u00e9gions\",\"datePublished\":\"2024-03-31T06:28:00+00:00\",\"dateModified\":\"2024-03-31T13:57:54+00:00\",\"mainEntityOfPage\":{\"@id\":\"https:\\\/\\\/lasentinelle.dz\\\/index.php\\\/2024\\\/03\\\/31\\\/les-vagues-de-chaleur-un-risque-reel-pour-certaines-regions\\\/\"},\"wordCount\":574,\"commentCount\":0,\"publisher\":{\"@id\":\"https:\\\/\\\/lasentinelle.dz\\\/#organization\"},\"image\":{\"@id\":\"https:\\\/\\\/lasentinelle.dz\\\/index.php\\\/2024\\\/03\\\/31\\\/les-vagues-de-chaleur-un-risque-reel-pour-certaines-regions\\\/#primaryimage\"},\"thumbnailUrl\":\"https:\\\/\\\/lasentinelle.dz\\\/wp-content\\\/uploads\\\/2023\\\/06\\\/canicule.webp\",\"articleSection\":[\"Actualit\u00e9\"],\"inLanguage\":\"fr-FR\",\"potentialAction\":[{\"@type\":\"CommentAction\",\"name\":\"Comment\",\"target\":[\"https:\\\/\\\/lasentinelle.dz\\\/index.php\\\/2024\\\/03\\\/31\\\/les-vagues-de-chaleur-un-risque-reel-pour-certaines-regions\\\/#respond\"]}]},{\"@type\":\"WebPage\",\"@id\":\"https:\\\/\\\/lasentinelle.dz\\\/index.php\\\/2024\\\/03\\\/31\\\/les-vagues-de-chaleur-un-risque-reel-pour-certaines-regions\\\/\",\"url\":\"https:\\\/\\\/lasentinelle.dz\\\/index.php\\\/2024\\\/03\\\/31\\\/les-vagues-de-chaleur-un-risque-reel-pour-certaines-regions\\\/\",\"name\":\"Les vagues de chaleur, un risque r\u00e9el pour certaines r\u00e9gions - La Sentinelle\",\"isPartOf\":{\"@id\":\"https:\\\/\\\/lasentinelle.dz\\\/#website\"},\"primaryImageOfPage\":{\"@id\":\"https:\\\/\\\/lasentinelle.dz\\\/index.php\\\/2024\\\/03\\\/31\\\/les-vagues-de-chaleur-un-risque-reel-pour-certaines-regions\\\/#primaryimage\"},\"image\":{\"@id\":\"https:\\\/\\\/lasentinelle.dz\\\/index.php\\\/2024\\\/03\\\/31\\\/les-vagues-de-chaleur-un-risque-reel-pour-certaines-regions\\\/#primaryimage\"},\"thumbnailUrl\":\"https:\\\/\\\/lasentinelle.dz\\\/wp-content\\\/uploads\\\/2023\\\/06\\\/canicule.webp\",\"datePublished\":\"2024-03-31T06:28:00+00:00\",\"dateModified\":\"2024-03-31T13:57:54+00:00\",\"breadcrumb\":{\"@id\":\"https:\\\/\\\/lasentinelle.dz\\\/index.php\\\/2024\\\/03\\\/31\\\/les-vagues-de-chaleur-un-risque-reel-pour-certaines-regions\\\/#breadcrumb\"},\"inLanguage\":\"fr-FR\",\"potentialAction\":[{\"@type\":\"ReadAction\",\"target\":[\"https:\\\/\\\/lasentinelle.dz\\\/index.php\\\/2024\\\/03\\\/31\\\/les-vagues-de-chaleur-un-risque-reel-pour-certaines-regions\\\/\"]}]},{\"@type\":\"ImageObject\",\"inLanguage\":\"fr-FR\",\"@id\":\"https:\\\/\\\/lasentinelle.dz\\\/index.php\\\/2024\\\/03\\\/31\\\/les-vagues-de-chaleur-un-risque-reel-pour-certaines-regions\\\/#primaryimage\",\"url\":\"https:\\\/\\\/lasentinelle.dz\\\/wp-content\\\/uploads\\\/2023\\\/06\\\/canicule.webp\",\"contentUrl\":\"https:\\\/\\\/lasentinelle.dz\\\/wp-content\\\/uploads\\\/2023\\\/06\\\/canicule.webp\",\"width\":835,\"height\":430},{\"@type\":\"BreadcrumbList\",\"@id\":\"https:\\\/\\\/lasentinelle.dz\\\/index.php\\\/2024\\\/03\\\/31\\\/les-vagues-de-chaleur-un-risque-reel-pour-certaines-regions\\\/#breadcrumb\",\"itemListElement\":[{\"@type\":\"ListItem\",\"position\":1,\"name\":\"Accueil\",\"item\":\"https:\\\/\\\/lasentinelle.dz\\\/\"},{\"@type\":\"ListItem\",\"position\":2,\"name\":\"Les vagues de chaleur, un risque r\u00e9el pour certaines r\u00e9gions\"}]},{\"@type\":\"WebSite\",\"@id\":\"https:\\\/\\\/lasentinelle.dz\\\/#website\",\"url\":\"https:\\\/\\\/lasentinelle.dz\\\/\",\"name\":\"La Sentinelle\",\"description\":\"Quotidien national d&#039;information\",\"publisher\":{\"@id\":\"https:\\\/\\\/lasentinelle.dz\\\/#organization\"},\"potentialAction\":[{\"@type\":\"SearchAction\",\"target\":{\"@type\":\"EntryPoint\",\"urlTemplate\":\"https:\\\/\\\/lasentinelle.dz\\\/?s={search_term_string}\"},\"query-input\":{\"@type\":\"PropertyValueSpecification\",\"valueRequired\":true,\"valueName\":\"search_term_string\"}}],\"inLanguage\":\"fr-FR\"},{\"@type\":\"Organization\",\"@id\":\"https:\\\/\\\/lasentinelle.dz\\\/#organization\",\"name\":\"Quotidien La Sentinelle\",\"url\":\"https:\\\/\\\/lasentinelle.dz\\\/\",\"logo\":{\"@type\":\"ImageObject\",\"inLanguage\":\"fr-FR\",\"@id\":\"https:\\\/\\\/lasentinelle.dz\\\/#\\\/schema\\\/logo\\\/image\\\/\",\"url\":\"https:\\\/\\\/lasentinelle.dz\\\/wp-content\\\/uploads\\\/2021\\\/09\\\/logo-sentinelleSLOGAN-1.png\",\"contentUrl\":\"https:\\\/\\\/lasentinelle.dz\\\/wp-content\\\/uploads\\\/2021\\\/09\\\/logo-sentinelleSLOGAN-1.png\",\"width\":615,\"height\":142,\"caption\":\"Quotidien La Sentinelle\"},\"image\":{\"@id\":\"https:\\\/\\\/lasentinelle.dz\\\/#\\\/schema\\\/logo\\\/image\\\/\"},\"sameAs\":[\"https:\\\/\\\/www.facebook.com\\\/La-Sentinelle-104059864394773\"]},{\"@type\":\"Person\",\"@id\":\"https:\\\/\\\/lasentinelle.dz\\\/#\\\/schema\\\/person\\\/d865044e22e70a75174ce8bcad3acfb3\",\"name\":\"La Sentinelle\",\"image\":{\"@type\":\"ImageObject\",\"inLanguage\":\"fr-FR\",\"@id\":\"https:\\\/\\\/secure.gravatar.com\\\/avatar\\\/57de8e5d4b15d43fb361a71fbb36338450fe67865b528a43dd10ef7c51a20392?s=96&d=mm&r=g\",\"url\":\"https:\\\/\\\/secure.gravatar.com\\\/avatar\\\/57de8e5d4b15d43fb361a71fbb36338450fe67865b528a43dd10ef7c51a20392?s=96&d=mm&r=g\",\"contentUrl\":\"https:\\\/\\\/secure.gravatar.com\\\/avatar\\\/57de8e5d4b15d43fb361a71fbb36338450fe67865b528a43dd10ef7c51a20392?s=96&d=mm&r=g\",\"caption\":\"La Sentinelle\"},\"sameAs\":[\"http:\\\/\\\/www.lasentinelle.dz\"],\"url\":\"https:\\\/\\\/lasentinelle.dz\\\/author\\\/redaction\\\/\"}]}<\/script>\n<!-- \/ Yoast SEO plugin. -->","yoast_head_json":{"title":"Les vagues de chaleur, un risque r\u00e9el pour certaines r\u00e9gions - La Sentinelle","robots":{"index":"index","follow":"follow","max-snippet":"max-snippet:-1","max-image-preview":"max-image-preview:large","max-video-preview":"max-video-preview:-1"},"canonical":"https:\/\/lasentinelle.dz\/index.php\/2024\/03\/31\/les-vagues-de-chaleur-un-risque-reel-pour-certaines-regions\/","og_locale":"fr_FR","og_type":"article","og_title":"Les vagues de chaleur, un risque r\u00e9el pour certaines r\u00e9gions - La Sentinelle","og_description":"Une nouvelle \u00e9tude publi\u00e9e vendredi souligne que les vagues de chaleur ont de plus en plus tendance \u00e0 s&rsquo;attarder au-dessus","og_url":"https:\/\/lasentinelle.dz\/index.php\/2024\/03\/31\/les-vagues-de-chaleur-un-risque-reel-pour-certaines-regions\/","og_site_name":"La Sentinelle","article_publisher":"https:\/\/www.facebook.com\/La-Sentinelle-104059864394773","article_published_time":"2024-03-31T06:28:00+00:00","article_modified_time":"2024-03-31T13:57:54+00:00","og_image":[{"width":835,"height":430,"url":"https:\/\/lasentinelle.dz\/wp-content\/uploads\/2023\/06\/canicule.webp","type":"image\/webp"}],"author":"La Sentinelle","twitter_card":"summary_large_image","twitter_misc":{"\u00c9crit par":"La Sentinelle","Dur\u00e9e de lecture estim\u00e9e":"3 minutes"},"schema":{"@context":"https:\/\/schema.org","@graph":[{"@type":"Article","@id":"https:\/\/lasentinelle.dz\/index.php\/2024\/03\/31\/les-vagues-de-chaleur-un-risque-reel-pour-certaines-regions\/#article","isPartOf":{"@id":"https:\/\/lasentinelle.dz\/index.php\/2024\/03\/31\/les-vagues-de-chaleur-un-risque-reel-pour-certaines-regions\/"},"author":{"name":"La Sentinelle","@id":"https:\/\/lasentinelle.dz\/#\/schema\/person\/d865044e22e70a75174ce8bcad3acfb3"},"headline":"Les vagues de chaleur, un risque r\u00e9el pour certaines r\u00e9gions","datePublished":"2024-03-31T06:28:00+00:00","dateModified":"2024-03-31T13:57:54+00:00","mainEntityOfPage":{"@id":"https:\/\/lasentinelle.dz\/index.php\/2024\/03\/31\/les-vagues-de-chaleur-un-risque-reel-pour-certaines-regions\/"},"wordCount":574,"commentCount":0,"publisher":{"@id":"https:\/\/lasentinelle.dz\/#organization"},"image":{"@id":"https:\/\/lasentinelle.dz\/index.php\/2024\/03\/31\/les-vagues-de-chaleur-un-risque-reel-pour-certaines-regions\/#primaryimage"},"thumbnailUrl":"https:\/\/lasentinelle.dz\/wp-content\/uploads\/2023\/06\/canicule.webp","articleSection":["Actualit\u00e9"],"inLanguage":"fr-FR","potentialAction":[{"@type":"CommentAction","name":"Comment","target":["https:\/\/lasentinelle.dz\/index.php\/2024\/03\/31\/les-vagues-de-chaleur-un-risque-reel-pour-certaines-regions\/#respond"]}]},{"@type":"WebPage","@id":"https:\/\/lasentinelle.dz\/index.php\/2024\/03\/31\/les-vagues-de-chaleur-un-risque-reel-pour-certaines-regions\/","url":"https:\/\/lasentinelle.dz\/index.php\/2024\/03\/31\/les-vagues-de-chaleur-un-risque-reel-pour-certaines-regions\/","name":"Les vagues de chaleur, un risque r\u00e9el pour certaines r\u00e9gions - La Sentinelle","isPartOf":{"@id":"https:\/\/lasentinelle.dz\/#website"},"primaryImageOfPage":{"@id":"https:\/\/lasentinelle.dz\/index.php\/2024\/03\/31\/les-vagues-de-chaleur-un-risque-reel-pour-certaines-regions\/#primaryimage"},"image":{"@id":"https:\/\/lasentinelle.dz\/index.php\/2024\/03\/31\/les-vagues-de-chaleur-un-risque-reel-pour-certaines-regions\/#primaryimage"},"thumbnailUrl":"https:\/\/lasentinelle.dz\/wp-content\/uploads\/2023\/06\/canicule.webp","datePublished":"2024-03-31T06:28:00+00:00","dateModified":"2024-03-31T13:57:54+00:00","breadcrumb":{"@id":"https:\/\/lasentinelle.dz\/index.php\/2024\/03\/31\/les-vagues-de-chaleur-un-risque-reel-pour-certaines-regions\/#breadcrumb"},"inLanguage":"fr-FR","potentialAction":[{"@type":"ReadAction","target":["https:\/\/lasentinelle.dz\/index.php\/2024\/03\/31\/les-vagues-de-chaleur-un-risque-reel-pour-certaines-regions\/"]}]},{"@type":"ImageObject","inLanguage":"fr-FR","@id":"https:\/\/lasentinelle.dz\/index.php\/2024\/03\/31\/les-vagues-de-chaleur-un-risque-reel-pour-certaines-regions\/#primaryimage","url":"https:\/\/lasentinelle.dz\/wp-content\/uploads\/2023\/06\/canicule.webp","contentUrl":"https:\/\/lasentinelle.dz\/wp-content\/uploads\/2023\/06\/canicule.webp","width":835,"height":430},{"@type":"BreadcrumbList","@id":"https:\/\/lasentinelle.dz\/index.php\/2024\/03\/31\/les-vagues-de-chaleur-un-risque-reel-pour-certaines-regions\/#breadcrumb","itemListElement":[{"@type":"ListItem","position":1,"name":"Accueil","item":"https:\/\/lasentinelle.dz\/"},{"@type":"ListItem","position":2,"name":"Les vagues de chaleur, un risque r\u00e9el pour certaines r\u00e9gions"}]},{"@type":"WebSite","@id":"https:\/\/lasentinelle.dz\/#website","url":"https:\/\/lasentinelle.dz\/","name":"La Sentinelle","description":"Quotidien national d&#039;information","publisher":{"@id":"https:\/\/lasentinelle.dz\/#organization"},"potentialAction":[{"@type":"SearchAction","target":{"@type":"EntryPoint","urlTemplate":"https:\/\/lasentinelle.dz\/?s={search_term_string}"},"query-input":{"@type":"PropertyValueSpecification","valueRequired":true,"valueName":"search_term_string"}}],"inLanguage":"fr-FR"},{"@type":"Organization","@id":"https:\/\/lasentinelle.dz\/#organization","name":"Quotidien La Sentinelle","url":"https:\/\/lasentinelle.dz\/","logo":{"@type":"ImageObject","inLanguage":"fr-FR","@id":"https:\/\/lasentinelle.dz\/#\/schema\/logo\/image\/","url":"https:\/\/lasentinelle.dz\/wp-content\/uploads\/2021\/09\/logo-sentinelleSLOGAN-1.png","contentUrl":"https:\/\/lasentinelle.dz\/wp-content\/uploads\/2021\/09\/logo-sentinelleSLOGAN-1.png","width":615,"height":142,"caption":"Quotidien La Sentinelle"},"image":{"@id":"https:\/\/lasentinelle.dz\/#\/schema\/logo\/image\/"},"sameAs":["https:\/\/www.facebook.com\/La-Sentinelle-104059864394773"]},{"@type":"Person","@id":"https:\/\/lasentinelle.dz\/#\/schema\/person\/d865044e22e70a75174ce8bcad3acfb3","name":"La Sentinelle","image":{"@type":"ImageObject","inLanguage":"fr-FR","@id":"https:\/\/secure.gravatar.com\/avatar\/57de8e5d4b15d43fb361a71fbb36338450fe67865b528a43dd10ef7c51a20392?s=96&d=mm&r=g","url":"https:\/\/secure.gravatar.com\/avatar\/57de8e5d4b15d43fb361a71fbb36338450fe67865b528a43dd10ef7c51a20392?s=96&d=mm&r=g","contentUrl":"https:\/\/secure.gravatar.com\/avatar\/57de8e5d4b15d43fb361a71fbb36338450fe67865b528a43dd10ef7c51a20392?s=96&d=mm&r=g","caption":"La Sentinelle"},"sameAs":["http:\/\/www.lasentinelle.dz"],"url":"https:\/\/lasentinelle.dz\/author\/redaction\/"}]}},"_links":{"self":[{"href":"https:\/\/lasentinelle.dz\/index.php\/wp-json\/wp\/v2\/posts\/50799","targetHints":{"allow":["GET"]}}],"collection":[{"href":"https:\/\/lasentinelle.dz\/index.php\/wp-json\/wp\/v2\/posts"}],"about":[{"href":"https:\/\/lasentinelle.dz\/index.php\/wp-json\/wp\/v2\/types\/post"}],"author":[{"embeddable":true,"href":"https:\/\/lasentinelle.dz\/index.php\/wp-json\/wp\/v2\/users\/3"}],"replies":[{"embeddable":true,"href":"https:\/\/lasentinelle.dz\/index.php\/wp-json\/wp\/v2\/comments?post=50799"}],"version-history":[{"count":1,"href":"https:\/\/lasentinelle.dz\/index.php\/wp-json\/wp\/v2\/posts\/50799\/revisions"}],"predecessor-version":[{"id":50800,"href":"https:\/\/lasentinelle.dz\/index.php\/wp-json\/wp\/v2\/posts\/50799\/revisions\/50800"}],"wp:featuredmedia":[{"embeddable":true,"href":"https:\/\/lasentinelle.dz\/index.php\/wp-json\/wp\/v2\/media\/42781"}],"wp:attachment":[{"href":"https:\/\/lasentinelle.dz\/index.php\/wp-json\/wp\/v2\/media?parent=50799"}],"wp:term":[{"taxonomy":"category","embeddable":true,"href":"https:\/\/lasentinelle.dz\/index.php\/wp-json\/wp\/v2\/categories?post=50799"},{"taxonomy":"post_tag","embeddable":true,"href":"https:\/\/lasentinelle.dz\/index.php\/wp-json\/wp\/v2\/tags?post=50799"}],"curies":[{"name":"wp","href":"https:\/\/api.w.org\/{rel}","templated":true}]}}