{"id":50804,"date":"2024-03-31T07:59:00","date_gmt":"2024-03-31T06:59:00","guid":{"rendered":"https:\/\/lasentinelle.dz\/?p=50804"},"modified":"2024-03-31T15:01:30","modified_gmt":"2024-03-31T14:01:30","slug":"laccord-de-peche-ue-maroc-assis-sur-le-pillage-du-sahara-occidental","status":"publish","type":"post","link":"https:\/\/lasentinelle.dz\/index.php\/2024\/03\/31\/laccord-de-peche-ue-maroc-assis-sur-le-pillage-du-sahara-occidental\/","title":{"rendered":"L&rsquo;accord de p\u00eache UE-Maroc assis sur le pillage du Sahara occidental"},"content":{"rendered":"\n<p>L&rsquo;accord de p\u00eache conclu en 2019 entre l&rsquo;Union europ\u00e9enne (UE) et le Maroc d\u00e9pendait, presque exclusivement, des captures au large du Sahara occidental occup\u00e9, r\u00e9v\u00e8le un rapport r\u00e9cemment publi\u00e9 par la Direction g\u00e9n\u00e9rale de la p\u00eache de la Commission europ\u00e9enne.<\/p>\n\n\n\n<p>Selon une \u00e9valuation r\u00e9alis\u00e9e par les cabinets de conseil \u00ab\u00a0Poseidon Aquatic Resource Management \u00a0\u00bb et \u00ab\u00a0F&amp;S Marine\u00a0\u00bb de l&rsquo;accord de partenariat dans le domaine de la p\u00eache durable entre l&rsquo;UE et le Royaume du Maroc pour la p\u00e9riode 2019\/2023, \u00ab\u00a099% des captures r\u00e9alis\u00e9es par la flotte de l&rsquo;UE dans le cadre du Protocole, ont \u00e9t\u00e9 r\u00e9alis\u00e9es par des navires de p\u00eache industrielle ciblant les petits p\u00e9lagiques\u00a0\u00bb, c&rsquo;est-\u00e0-dire la p\u00eache de cat\u00e9gorie 6, pratiqu\u00e9e exclusivement au Sahara occidental occup\u00e9. En effet, le Protocole pr\u00e9voit des permis de p\u00eache dans six cat\u00e9gories diff\u00e9rentes, correspondant \u00e0 diff\u00e9rents types de p\u00eache dans diff\u00e9rentes zones g\u00e9ographiques. La cat\u00e9gorie 6 concerne les esp\u00e8ces p\u00e9lagiques. Pour cette cat\u00e9gorie, la p\u00eache est pratiqu\u00e9e dans une zone qui est g\u00e9ographiquement limit\u00e9e aux eaux du Sahara occidental occup\u00e9. Les permis de p\u00eache pour les cinq autres cat\u00e9gories dont certaines sont \u00e9galement applicables au Sahara occidental, \u00e9taient \u00ab\u00a0largement sous-utilis\u00e9es\u00a0\u00bb, indique le document, pr\u00e9cisant que \u00ab\u00a0seulement 22% des licences disponibles dans ces 5 cat\u00e9gories ont \u00e9t\u00e9 utilis\u00e9es\u00a0\u00bb. \u00ab\u00a0Seuls 24 navires sur un maximum de 110 navires autoris\u00e9s \u00e0 p\u00eacher dans les cat\u00e9gories 1 \u00e0 5 ont saisi les opportunit\u00e9s\u00a0\u00bb, ajoute le rapport qui fait remarquer que m\u00eame dans les cat\u00e9gories sous-utilis\u00e9es (\u00e0 l&rsquo;exception des cat\u00e9gories 1 et 2 qui s&rsquo;appliquent au Maroc), pratiquement toutes les captures ont \u00e9t\u00e9 r\u00e9alis\u00e9es au Sahara occidental occup\u00e9 . L&rsquo;analyse du retour sur investissement de l&rsquo;UE sur cet accord montre, en outre, que \u00ab\u00a0chaque euro investi g\u00e9n\u00e8re pr\u00e8s de 3,3 euros en retour en valeur directe et indirecte\u00a0\u00bb. \u00ab\u00a0La bonne utilisation des possibilit\u00e9s de p\u00eache par la cat\u00e9gorie phare du Protocole, la cat\u00e9gorie 6 des navires de p\u00eache industrielle ciblant les petits p\u00e9lagiques, explique ce r\u00e9sultat\u00a0\u00bb, souligne l&rsquo;\u00e9tude d&rsquo;\u00e9valuation, pr\u00e9cisant que \u00ab\u00a0cette cat\u00e9gorie repr\u00e9sente 97% de la valeur ajout\u00e9e g\u00e9n\u00e9r\u00e9e par l&rsquo;ensemble de la flotte de l&rsquo;UE pour le Protocole\u00a0\u00bb. Selon le Protocole, les navires de l&rsquo;UE sont oblig\u00e9s de d\u00e9barquer certains pourcentages de leurs captures dans des \u00ab\u00a0ports locaux\u00a0\u00bb. Toutefois, l&rsquo;\u00e9tude r\u00e9v\u00e8le que la plupart des captures d\u00e9barqu\u00e9es par les navires de l&rsquo;UE n&rsquo;ont pas \u00e9t\u00e9 vendues aux industries de transformation locales, mais sont transport\u00e9es vers l&rsquo;UE pour \u00eatre vendues sur le march\u00e9 int\u00e9rieur, ou sont exp\u00e9di\u00e9es vers des pays tiers. R\u00e9cemment, l&rsquo;avocate g\u00e9n\u00e9rale de la Cour de justice de l&rsquo;Union europ\u00e9enne (CJUE), Tamara Capeta, a estim\u00e9 que la Cour devrait annuler cet accord de partenariat dans le domaine de la p\u00eache entre l&rsquo;UE et le Maroc. \u00ab\u00a0En ne consid\u00e9rant pas le territoire du Sahara occidental et les eaux adjacentes \u00e0 celui-ci comme \u00e9tant s\u00e9par\u00e9s et distincts de celui du Maroc, le Conseil (europ\u00e9en) n&rsquo;a pas respect\u00e9 le droit \u00e0 l&rsquo;autod\u00e9termination du peuple du Sahara occidental\u00a0\u00bb, a-t-elle affirm\u00e9 dans ses conclusions. En outre, selon l&rsquo;avocate g\u00e9n\u00e9rale, l&rsquo;absence d&rsquo;un traitement s\u00e9par\u00e9 des deux territoires peut \u00e9galement avoir des r\u00e9percussions sur le droit du peuple du Sahara occidental \u00e0 jouir et \u00e0 b\u00e9n\u00e9ficier de ses ressources naturelles, y compris les ressources halieutiques dans les eaux adjacentes \u00e0 ce territoire. En juin 2019, le Front Polisario a demand\u00e9 devant le Tribunal de l&rsquo;UE, l&rsquo;annulation de la d\u00e9cision du Conseil europ\u00e9en qui a approuv\u00e9 l&rsquo;accord au nom des Vingt-Sept. Dans sa requ\u00eate, le Front Polisario a expliqu\u00e9 que le Conseil europ\u00e9en n&rsquo;a pas respect\u00e9 le droit \u00e0 l&rsquo;autod\u00e9termination du peuple sahraoui. Suite \u00e0 cette requ\u00eate, le Tribunal a, dans son arr\u00eat, annul\u00e9 la d\u00e9cision du Conseil. En 2021, la Commission et le Conseil de l&rsquo;UE ont chacun form\u00e9 un pourvoi devant la Cour. L&rsquo;arr\u00eat de la CJUE devrait \u00eatre rendu d&rsquo;ici l&rsquo;\u00e9t\u00e9.<\/p>\n\n\n\n<p>APS<\/p>\n","protected":false},"excerpt":{"rendered":"<p>L&rsquo;accord de p\u00eache conclu en 2019 entre l&rsquo;Union europ\u00e9enne (UE) et le Maroc d\u00e9pendait, presque exclusivement, des captures au large<\/p>\n","protected":false},"author":3,"featured_media":50805,"comment_status":"open","ping_status":"closed","sticky":false,"template":"","format":"standard","meta":{"colormag_page_container_layout":"default_layout","colormag_page_sidebar_layout":"default_layout","om_disable_all_campaigns":false,"_monsterinsights_skip_tracking":false,"_monsterinsights_sitenote_active":false,"_monsterinsights_sitenote_note":"","_monsterinsights_sitenote_category":0,"footnotes":"","_wpscppro_dont_share_socialmedia":false,"_wpscppro_custom_social_share_image":0,"_facebook_share_type":"","_twitter_share_type":"","_linkedin_share_type":"","_pinterest_share_type":"","_linkedin_share_type_page":"","_instagram_share_type":"","_medium_share_type":"","_threads_share_type":"","_google_business_share_type":"","_selected_social_profile":[],"_wpsp_enable_custom_social_template":false,"_wpsp_social_scheduling":{"enabled":false,"datetime":null,"platforms":[],"status":"template_only","dateOption":"today","timeOption":"now","customDays":"","customHours":"","customDate":"","customTime":"","schedulingType":"absolute"},"_wpsp_active_default_template":true},"categories":[37],"tags":[],"class_list":["post-50804","post","type-post","status-publish","format-standard","has-post-thumbnail","hentry","category-monde"],"aioseo_notices":[],"yoast_head":"<!-- This site is optimized with the Yoast SEO plugin v27.5 - https:\/\/yoast.com\/product\/yoast-seo-wordpress\/ -->\n<title>L&rsquo;accord de p\u00eache UE-Maroc assis sur le pillage du Sahara occidental - La Sentinelle<\/title>\n<meta name=\"robots\" content=\"index, follow, max-snippet:-1, max-image-preview:large, max-video-preview:-1\" \/>\n<link rel=\"canonical\" href=\"https:\/\/lasentinelle.dz\/index.php\/2024\/03\/31\/laccord-de-peche-ue-maroc-assis-sur-le-pillage-du-sahara-occidental\/\" \/>\n<meta property=\"og:locale\" content=\"fr_FR\" \/>\n<meta property=\"og:type\" content=\"article\" \/>\n<meta property=\"og:title\" content=\"L&rsquo;accord de p\u00eache UE-Maroc assis sur le pillage du Sahara occidental - La Sentinelle\" \/>\n<meta property=\"og:description\" content=\"L&rsquo;accord de p\u00eache conclu en 2019 entre l&rsquo;Union europ\u00e9enne (UE) et le Maroc d\u00e9pendait, presque exclusivement, des captures au large\" \/>\n<meta property=\"og:url\" content=\"https:\/\/lasentinelle.dz\/index.php\/2024\/03\/31\/laccord-de-peche-ue-maroc-assis-sur-le-pillage-du-sahara-occidental\/\" \/>\n<meta property=\"og:site_name\" content=\"La Sentinelle\" \/>\n<meta property=\"article:publisher\" content=\"https:\/\/www.facebook.com\/La-Sentinelle-104059864394773\" \/>\n<meta property=\"article:published_time\" content=\"2024-03-31T06:59:00+00:00\" \/>\n<meta property=\"article:modified_time\" content=\"2024-03-31T14:01:30+00:00\" \/>\n<meta property=\"og:image\" content=\"https:\/\/lasentinelle.dz\/wp-content\/uploads\/2024\/03\/accord-peche.jpeg\" \/>\n\t<meta property=\"og:image:width\" content=\"580\" \/>\n\t<meta property=\"og:image:height\" content=\"350\" \/>\n\t<meta property=\"og:image:type\" content=\"image\/jpeg\" \/>\n<meta name=\"author\" content=\"La Sentinelle\" \/>\n<meta name=\"twitter:card\" content=\"summary_large_image\" \/>\n<meta name=\"twitter:label1\" content=\"\u00c9crit par\" \/>\n\t<meta name=\"twitter:data1\" content=\"La Sentinelle\" \/>\n\t<meta name=\"twitter:label2\" content=\"Dur\u00e9e de lecture estim\u00e9e\" \/>\n\t<meta name=\"twitter:data2\" content=\"4 minutes\" \/>\n<script type=\"application\/ld+json\" class=\"yoast-schema-graph\">{\"@context\":\"https:\\\/\\\/schema.org\",\"@graph\":[{\"@type\":\"Article\",\"@id\":\"https:\\\/\\\/lasentinelle.dz\\\/index.php\\\/2024\\\/03\\\/31\\\/laccord-de-peche-ue-maroc-assis-sur-le-pillage-du-sahara-occidental\\\/#article\",\"isPartOf\":{\"@id\":\"https:\\\/\\\/lasentinelle.dz\\\/index.php\\\/2024\\\/03\\\/31\\\/laccord-de-peche-ue-maroc-assis-sur-le-pillage-du-sahara-occidental\\\/\"},\"author\":{\"name\":\"La Sentinelle\",\"@id\":\"https:\\\/\\\/lasentinelle.dz\\\/#\\\/schema\\\/person\\\/d865044e22e70a75174ce8bcad3acfb3\"},\"headline\":\"L&rsquo;accord de p\u00eache UE-Maroc assis sur le pillage du Sahara occidental\",\"datePublished\":\"2024-03-31T06:59:00+00:00\",\"dateModified\":\"2024-03-31T14:01:30+00:00\",\"mainEntityOfPage\":{\"@id\":\"https:\\\/\\\/lasentinelle.dz\\\/index.php\\\/2024\\\/03\\\/31\\\/laccord-de-peche-ue-maroc-assis-sur-le-pillage-du-sahara-occidental\\\/\"},\"wordCount\":752,\"commentCount\":0,\"publisher\":{\"@id\":\"https:\\\/\\\/lasentinelle.dz\\\/#organization\"},\"image\":{\"@id\":\"https:\\\/\\\/lasentinelle.dz\\\/index.php\\\/2024\\\/03\\\/31\\\/laccord-de-peche-ue-maroc-assis-sur-le-pillage-du-sahara-occidental\\\/#primaryimage\"},\"thumbnailUrl\":\"https:\\\/\\\/lasentinelle.dz\\\/wp-content\\\/uploads\\\/2024\\\/03\\\/accord-peche.jpeg\",\"articleSection\":[\"Monde\"],\"inLanguage\":\"fr-FR\",\"potentialAction\":[{\"@type\":\"CommentAction\",\"name\":\"Comment\",\"target\":[\"https:\\\/\\\/lasentinelle.dz\\\/index.php\\\/2024\\\/03\\\/31\\\/laccord-de-peche-ue-maroc-assis-sur-le-pillage-du-sahara-occidental\\\/#respond\"]}]},{\"@type\":\"WebPage\",\"@id\":\"https:\\\/\\\/lasentinelle.dz\\\/index.php\\\/2024\\\/03\\\/31\\\/laccord-de-peche-ue-maroc-assis-sur-le-pillage-du-sahara-occidental\\\/\",\"url\":\"https:\\\/\\\/lasentinelle.dz\\\/index.php\\\/2024\\\/03\\\/31\\\/laccord-de-peche-ue-maroc-assis-sur-le-pillage-du-sahara-occidental\\\/\",\"name\":\"L&rsquo;accord de p\u00eache UE-Maroc assis sur le pillage du Sahara occidental - La Sentinelle\",\"isPartOf\":{\"@id\":\"https:\\\/\\\/lasentinelle.dz\\\/#website\"},\"primaryImageOfPage\":{\"@id\":\"https:\\\/\\\/lasentinelle.dz\\\/index.php\\\/2024\\\/03\\\/31\\\/laccord-de-peche-ue-maroc-assis-sur-le-pillage-du-sahara-occidental\\\/#primaryimage\"},\"image\":{\"@id\":\"https:\\\/\\\/lasentinelle.dz\\\/index.php\\\/2024\\\/03\\\/31\\\/laccord-de-peche-ue-maroc-assis-sur-le-pillage-du-sahara-occidental\\\/#primaryimage\"},\"thumbnailUrl\":\"https:\\\/\\\/lasentinelle.dz\\\/wp-content\\\/uploads\\\/2024\\\/03\\\/accord-peche.jpeg\",\"datePublished\":\"2024-03-31T06:59:00+00:00\",\"dateModified\":\"2024-03-31T14:01:30+00:00\",\"breadcrumb\":{\"@id\":\"https:\\\/\\\/lasentinelle.dz\\\/index.php\\\/2024\\\/03\\\/31\\\/laccord-de-peche-ue-maroc-assis-sur-le-pillage-du-sahara-occidental\\\/#breadcrumb\"},\"inLanguage\":\"fr-FR\",\"potentialAction\":[{\"@type\":\"ReadAction\",\"target\":[\"https:\\\/\\\/lasentinelle.dz\\\/index.php\\\/2024\\\/03\\\/31\\\/laccord-de-peche-ue-maroc-assis-sur-le-pillage-du-sahara-occidental\\\/\"]}]},{\"@type\":\"ImageObject\",\"inLanguage\":\"fr-FR\",\"@id\":\"https:\\\/\\\/lasentinelle.dz\\\/index.php\\\/2024\\\/03\\\/31\\\/laccord-de-peche-ue-maroc-assis-sur-le-pillage-du-sahara-occidental\\\/#primaryimage\",\"url\":\"https:\\\/\\\/lasentinelle.dz\\\/wp-content\\\/uploads\\\/2024\\\/03\\\/accord-peche.jpeg\",\"contentUrl\":\"https:\\\/\\\/lasentinelle.dz\\\/wp-content\\\/uploads\\\/2024\\\/03\\\/accord-peche.jpeg\",\"width\":580,\"height\":350},{\"@type\":\"BreadcrumbList\",\"@id\":\"https:\\\/\\\/lasentinelle.dz\\\/index.php\\\/2024\\\/03\\\/31\\\/laccord-de-peche-ue-maroc-assis-sur-le-pillage-du-sahara-occidental\\\/#breadcrumb\",\"itemListElement\":[{\"@type\":\"ListItem\",\"position\":1,\"name\":\"Accueil\",\"item\":\"https:\\\/\\\/lasentinelle.dz\\\/\"},{\"@type\":\"ListItem\",\"position\":2,\"name\":\"L&rsquo;accord de p\u00eache UE-Maroc assis sur le pillage du Sahara occidental\"}]},{\"@type\":\"WebSite\",\"@id\":\"https:\\\/\\\/lasentinelle.dz\\\/#website\",\"url\":\"https:\\\/\\\/lasentinelle.dz\\\/\",\"name\":\"La Sentinelle\",\"description\":\"Quotidien national d&#039;information\",\"publisher\":{\"@id\":\"https:\\\/\\\/lasentinelle.dz\\\/#organization\"},\"potentialAction\":[{\"@type\":\"SearchAction\",\"target\":{\"@type\":\"EntryPoint\",\"urlTemplate\":\"https:\\\/\\\/lasentinelle.dz\\\/?s={search_term_string}\"},\"query-input\":{\"@type\":\"PropertyValueSpecification\",\"valueRequired\":true,\"valueName\":\"search_term_string\"}}],\"inLanguage\":\"fr-FR\"},{\"@type\":\"Organization\",\"@id\":\"https:\\\/\\\/lasentinelle.dz\\\/#organization\",\"name\":\"Quotidien La Sentinelle\",\"url\":\"https:\\\/\\\/lasentinelle.dz\\\/\",\"logo\":{\"@type\":\"ImageObject\",\"inLanguage\":\"fr-FR\",\"@id\":\"https:\\\/\\\/lasentinelle.dz\\\/#\\\/schema\\\/logo\\\/image\\\/\",\"url\":\"https:\\\/\\\/lasentinelle.dz\\\/wp-content\\\/uploads\\\/2021\\\/09\\\/logo-sentinelleSLOGAN-1.png\",\"contentUrl\":\"https:\\\/\\\/lasentinelle.dz\\\/wp-content\\\/uploads\\\/2021\\\/09\\\/logo-sentinelleSLOGAN-1.png\",\"width\":615,\"height\":142,\"caption\":\"Quotidien La Sentinelle\"},\"image\":{\"@id\":\"https:\\\/\\\/lasentinelle.dz\\\/#\\\/schema\\\/logo\\\/image\\\/\"},\"sameAs\":[\"https:\\\/\\\/www.facebook.com\\\/La-Sentinelle-104059864394773\"]},{\"@type\":\"Person\",\"@id\":\"https:\\\/\\\/lasentinelle.dz\\\/#\\\/schema\\\/person\\\/d865044e22e70a75174ce8bcad3acfb3\",\"name\":\"La Sentinelle\",\"image\":{\"@type\":\"ImageObject\",\"inLanguage\":\"fr-FR\",\"@id\":\"https:\\\/\\\/secure.gravatar.com\\\/avatar\\\/57de8e5d4b15d43fb361a71fbb36338450fe67865b528a43dd10ef7c51a20392?s=96&d=mm&r=g\",\"url\":\"https:\\\/\\\/secure.gravatar.com\\\/avatar\\\/57de8e5d4b15d43fb361a71fbb36338450fe67865b528a43dd10ef7c51a20392?s=96&d=mm&r=g\",\"contentUrl\":\"https:\\\/\\\/secure.gravatar.com\\\/avatar\\\/57de8e5d4b15d43fb361a71fbb36338450fe67865b528a43dd10ef7c51a20392?s=96&d=mm&r=g\",\"caption\":\"La Sentinelle\"},\"sameAs\":[\"http:\\\/\\\/www.lasentinelle.dz\"],\"url\":\"https:\\\/\\\/lasentinelle.dz\\\/author\\\/redaction\\\/\"}]}<\/script>\n<!-- \/ Yoast SEO plugin. -->","yoast_head_json":{"title":"L&rsquo;accord de p\u00eache UE-Maroc assis sur le pillage du Sahara occidental - La Sentinelle","robots":{"index":"index","follow":"follow","max-snippet":"max-snippet:-1","max-image-preview":"max-image-preview:large","max-video-preview":"max-video-preview:-1"},"canonical":"https:\/\/lasentinelle.dz\/index.php\/2024\/03\/31\/laccord-de-peche-ue-maroc-assis-sur-le-pillage-du-sahara-occidental\/","og_locale":"fr_FR","og_type":"article","og_title":"L&rsquo;accord de p\u00eache UE-Maroc assis sur le pillage du Sahara occidental - La Sentinelle","og_description":"L&rsquo;accord de p\u00eache conclu en 2019 entre l&rsquo;Union europ\u00e9enne (UE) et le Maroc d\u00e9pendait, presque exclusivement, des captures au large","og_url":"https:\/\/lasentinelle.dz\/index.php\/2024\/03\/31\/laccord-de-peche-ue-maroc-assis-sur-le-pillage-du-sahara-occidental\/","og_site_name":"La Sentinelle","article_publisher":"https:\/\/www.facebook.com\/La-Sentinelle-104059864394773","article_published_time":"2024-03-31T06:59:00+00:00","article_modified_time":"2024-03-31T14:01:30+00:00","og_image":[{"width":580,"height":350,"url":"https:\/\/lasentinelle.dz\/wp-content\/uploads\/2024\/03\/accord-peche.jpeg","type":"image\/jpeg"}],"author":"La Sentinelle","twitter_card":"summary_large_image","twitter_misc":{"\u00c9crit par":"La Sentinelle","Dur\u00e9e de lecture estim\u00e9e":"4 minutes"},"schema":{"@context":"https:\/\/schema.org","@graph":[{"@type":"Article","@id":"https:\/\/lasentinelle.dz\/index.php\/2024\/03\/31\/laccord-de-peche-ue-maroc-assis-sur-le-pillage-du-sahara-occidental\/#article","isPartOf":{"@id":"https:\/\/lasentinelle.dz\/index.php\/2024\/03\/31\/laccord-de-peche-ue-maroc-assis-sur-le-pillage-du-sahara-occidental\/"},"author":{"name":"La Sentinelle","@id":"https:\/\/lasentinelle.dz\/#\/schema\/person\/d865044e22e70a75174ce8bcad3acfb3"},"headline":"L&rsquo;accord de p\u00eache UE-Maroc assis sur le pillage du Sahara occidental","datePublished":"2024-03-31T06:59:00+00:00","dateModified":"2024-03-31T14:01:30+00:00","mainEntityOfPage":{"@id":"https:\/\/lasentinelle.dz\/index.php\/2024\/03\/31\/laccord-de-peche-ue-maroc-assis-sur-le-pillage-du-sahara-occidental\/"},"wordCount":752,"commentCount":0,"publisher":{"@id":"https:\/\/lasentinelle.dz\/#organization"},"image":{"@id":"https:\/\/lasentinelle.dz\/index.php\/2024\/03\/31\/laccord-de-peche-ue-maroc-assis-sur-le-pillage-du-sahara-occidental\/#primaryimage"},"thumbnailUrl":"https:\/\/lasentinelle.dz\/wp-content\/uploads\/2024\/03\/accord-peche.jpeg","articleSection":["Monde"],"inLanguage":"fr-FR","potentialAction":[{"@type":"CommentAction","name":"Comment","target":["https:\/\/lasentinelle.dz\/index.php\/2024\/03\/31\/laccord-de-peche-ue-maroc-assis-sur-le-pillage-du-sahara-occidental\/#respond"]}]},{"@type":"WebPage","@id":"https:\/\/lasentinelle.dz\/index.php\/2024\/03\/31\/laccord-de-peche-ue-maroc-assis-sur-le-pillage-du-sahara-occidental\/","url":"https:\/\/lasentinelle.dz\/index.php\/2024\/03\/31\/laccord-de-peche-ue-maroc-assis-sur-le-pillage-du-sahara-occidental\/","name":"L&rsquo;accord de p\u00eache UE-Maroc assis sur le pillage du Sahara occidental - La Sentinelle","isPartOf":{"@id":"https:\/\/lasentinelle.dz\/#website"},"primaryImageOfPage":{"@id":"https:\/\/lasentinelle.dz\/index.php\/2024\/03\/31\/laccord-de-peche-ue-maroc-assis-sur-le-pillage-du-sahara-occidental\/#primaryimage"},"image":{"@id":"https:\/\/lasentinelle.dz\/index.php\/2024\/03\/31\/laccord-de-peche-ue-maroc-assis-sur-le-pillage-du-sahara-occidental\/#primaryimage"},"thumbnailUrl":"https:\/\/lasentinelle.dz\/wp-content\/uploads\/2024\/03\/accord-peche.jpeg","datePublished":"2024-03-31T06:59:00+00:00","dateModified":"2024-03-31T14:01:30+00:00","breadcrumb":{"@id":"https:\/\/lasentinelle.dz\/index.php\/2024\/03\/31\/laccord-de-peche-ue-maroc-assis-sur-le-pillage-du-sahara-occidental\/#breadcrumb"},"inLanguage":"fr-FR","potentialAction":[{"@type":"ReadAction","target":["https:\/\/lasentinelle.dz\/index.php\/2024\/03\/31\/laccord-de-peche-ue-maroc-assis-sur-le-pillage-du-sahara-occidental\/"]}]},{"@type":"ImageObject","inLanguage":"fr-FR","@id":"https:\/\/lasentinelle.dz\/index.php\/2024\/03\/31\/laccord-de-peche-ue-maroc-assis-sur-le-pillage-du-sahara-occidental\/#primaryimage","url":"https:\/\/lasentinelle.dz\/wp-content\/uploads\/2024\/03\/accord-peche.jpeg","contentUrl":"https:\/\/lasentinelle.dz\/wp-content\/uploads\/2024\/03\/accord-peche.jpeg","width":580,"height":350},{"@type":"BreadcrumbList","@id":"https:\/\/lasentinelle.dz\/index.php\/2024\/03\/31\/laccord-de-peche-ue-maroc-assis-sur-le-pillage-du-sahara-occidental\/#breadcrumb","itemListElement":[{"@type":"ListItem","position":1,"name":"Accueil","item":"https:\/\/lasentinelle.dz\/"},{"@type":"ListItem","position":2,"name":"L&rsquo;accord de p\u00eache UE-Maroc assis sur le pillage du Sahara occidental"}]},{"@type":"WebSite","@id":"https:\/\/lasentinelle.dz\/#website","url":"https:\/\/lasentinelle.dz\/","name":"La Sentinelle","description":"Quotidien national d&#039;information","publisher":{"@id":"https:\/\/lasentinelle.dz\/#organization"},"potentialAction":[{"@type":"SearchAction","target":{"@type":"EntryPoint","urlTemplate":"https:\/\/lasentinelle.dz\/?s={search_term_string}"},"query-input":{"@type":"PropertyValueSpecification","valueRequired":true,"valueName":"search_term_string"}}],"inLanguage":"fr-FR"},{"@type":"Organization","@id":"https:\/\/lasentinelle.dz\/#organization","name":"Quotidien La Sentinelle","url":"https:\/\/lasentinelle.dz\/","logo":{"@type":"ImageObject","inLanguage":"fr-FR","@id":"https:\/\/lasentinelle.dz\/#\/schema\/logo\/image\/","url":"https:\/\/lasentinelle.dz\/wp-content\/uploads\/2021\/09\/logo-sentinelleSLOGAN-1.png","contentUrl":"https:\/\/lasentinelle.dz\/wp-content\/uploads\/2021\/09\/logo-sentinelleSLOGAN-1.png","width":615,"height":142,"caption":"Quotidien La Sentinelle"},"image":{"@id":"https:\/\/lasentinelle.dz\/#\/schema\/logo\/image\/"},"sameAs":["https:\/\/www.facebook.com\/La-Sentinelle-104059864394773"]},{"@type":"Person","@id":"https:\/\/lasentinelle.dz\/#\/schema\/person\/d865044e22e70a75174ce8bcad3acfb3","name":"La Sentinelle","image":{"@type":"ImageObject","inLanguage":"fr-FR","@id":"https:\/\/secure.gravatar.com\/avatar\/57de8e5d4b15d43fb361a71fbb36338450fe67865b528a43dd10ef7c51a20392?s=96&d=mm&r=g","url":"https:\/\/secure.gravatar.com\/avatar\/57de8e5d4b15d43fb361a71fbb36338450fe67865b528a43dd10ef7c51a20392?s=96&d=mm&r=g","contentUrl":"https:\/\/secure.gravatar.com\/avatar\/57de8e5d4b15d43fb361a71fbb36338450fe67865b528a43dd10ef7c51a20392?s=96&d=mm&r=g","caption":"La Sentinelle"},"sameAs":["http:\/\/www.lasentinelle.dz"],"url":"https:\/\/lasentinelle.dz\/author\/redaction\/"}]}},"_links":{"self":[{"href":"https:\/\/lasentinelle.dz\/index.php\/wp-json\/wp\/v2\/posts\/50804","targetHints":{"allow":["GET"]}}],"collection":[{"href":"https:\/\/lasentinelle.dz\/index.php\/wp-json\/wp\/v2\/posts"}],"about":[{"href":"https:\/\/lasentinelle.dz\/index.php\/wp-json\/wp\/v2\/types\/post"}],"author":[{"embeddable":true,"href":"https:\/\/lasentinelle.dz\/index.php\/wp-json\/wp\/v2\/users\/3"}],"replies":[{"embeddable":true,"href":"https:\/\/lasentinelle.dz\/index.php\/wp-json\/wp\/v2\/comments?post=50804"}],"version-history":[{"count":2,"href":"https:\/\/lasentinelle.dz\/index.php\/wp-json\/wp\/v2\/posts\/50804\/revisions"}],"predecessor-version":[{"id":50807,"href":"https:\/\/lasentinelle.dz\/index.php\/wp-json\/wp\/v2\/posts\/50804\/revisions\/50807"}],"wp:featuredmedia":[{"embeddable":true,"href":"https:\/\/lasentinelle.dz\/index.php\/wp-json\/wp\/v2\/media\/50805"}],"wp:attachment":[{"href":"https:\/\/lasentinelle.dz\/index.php\/wp-json\/wp\/v2\/media?parent=50804"}],"wp:term":[{"taxonomy":"category","embeddable":true,"href":"https:\/\/lasentinelle.dz\/index.php\/wp-json\/wp\/v2\/categories?post=50804"},{"taxonomy":"post_tag","embeddable":true,"href":"https:\/\/lasentinelle.dz\/index.php\/wp-json\/wp\/v2\/tags?post=50804"}],"curies":[{"name":"wp","href":"https:\/\/api.w.org\/{rel}","templated":true}]}}