{"id":50808,"date":"2024-03-31T08:01:00","date_gmt":"2024-03-31T07:01:00","guid":{"rendered":"https:\/\/lasentinelle.dz\/?p=50808"},"modified":"2024-03-31T15:02:20","modified_gmt":"2024-03-31T14:02:20","slug":"cinematheque-dalger-hommage-au-cinema-feminin-palestinien","status":"publish","type":"post","link":"https:\/\/lasentinelle.dz\/index.php\/2024\/03\/31\/cinematheque-dalger-hommage-au-cinema-feminin-palestinien\/","title":{"rendered":"Cin\u00e9math\u00e8que d\u2019Alger\u00a0: Hommage au Cin\u00e9ma f\u00e9minin palestinien"},"content":{"rendered":"\n<p>Des courts m\u00e9trages r\u00e9alis\u00e9s par des femmes-cin\u00e9astes palestiniennes, ont \u00e9t\u00e9 projet\u00e9s, vendredi soir \u00e0 Alger, en hommage \u00e0 Walla Saada, l\u2019une d\u2019entre elles, r\u00e9alisatrice de \u00ab\u00a0Khouyout harir\u00a0\u00bb (fils de soie), avant de tomber en martyre r\u00e9cemment \u00e0 Ghaza suite aux bombardements barbares de l\u2019arm\u00e9e d&rsquo;occupation sioniste.<\/p>\n\n\n\n<p>Organis\u00e9e sous l\u2019\u00e9gide du minist\u00e8re de la Culture et des Arts par le Festival International du Cin\u00e9ma d&rsquo;Alger en partenariat avec le Centre alg\u00e9rien de la cin\u00e9matographie (CAC), cette soir\u00e9e hommage au cin\u00e9ma palestinien s\u2019est d\u00e9roul\u00e9e \u00e0 la Cin\u00e9math\u00e8que d\u2019Alger. Des courts m\u00e9trages d\u2019une quinzaine de minutes chacun, produits par l\u2019association de Cin\u00e9ma, \u00ab\u00a0Shashet En\u2019nissae\u00a0\u00bb (l\u2019\u00e9cran des femmes) qui aide \u00e0 la promotion et au financement de films r\u00e9alis\u00e9s par les femmes-cin\u00e9astes palestiniennes, ont \u00e9t\u00e9 projet\u00e9s, sous le slogan g\u00e9n\u00e9rique de \u00ab\u00a0Je suis palestinienne\u00a0\u00bb, en pr\u00e9sence de la repr\u00e9sentante et membre de ce collectif, Nada Khalifa. R\u00e9alis\u00e9 en 2019, \u00ab\u00a0Khouyout harir\u00a0\u00bb raconte en 14 minutes, l\u2019histoire d\u2019une vieille artisane-couturi\u00e8re, amoureuse de son m\u00e9tier garant d\u2019une partie de la tradition ancestrale, et qui veille, tant bien que mal, sur sa transmission et sa p\u00e9rennit\u00e9, exhibant \u00e0 tout moment, \u00e0 l\u2019\u00e9cran et \u00e0 la regrett\u00e9e martyre, Walla Saada, qui faisait son portrait, ses mod\u00e8les con\u00e7us dans diff\u00e9rents coupes orn\u00e9es d\u2019une vari\u00e9t\u00e9 de broderies. D\u2019autres courts m\u00e9trages \u00e9galement r\u00e9cents, qui racontent les conditions de vie difficiles, voire impossibles qu\u2019endure le peuple palestinien \u00e0 Ghaza notamment, ont \u00e9t\u00e9 pr\u00e9sent\u00e9s par Nada Khalifa. Ainsi, \u00ab\u00a0Sard\u00a0\u00bb (narration) de Zeina Ramadan, est un \u00e9change \u00e9pistolaire audible de plus de 8 minutes, entre deux amies, Zeina et Riham. Cette derni\u00e8re racontant, dans un corpus visuel \u00e0 son amie, les p\u00e9rip\u00e9ties de ses diff\u00e9rentes tentatives de sortie de Ghaza, sous \u00e9tat de si\u00e8ge, impos\u00e9 depuis plus de 10 ans par l\u2019occupation sioniste. \u00ab\u00a0El Ghoul\u00a0\u00bb (l\u2019ogre), \u00e9crit et r\u00e9alis\u00e9 par Ala Desoki, rend compte en 16 minutes de l\u2019\u00e9garement \u00e0 travers le temps, dans les diff\u00e9rentes interpr\u00e9tations sociales \u00e0 donner \u00e0 l\u2019ogre, laissant, entre-temps, la b\u00eate grandir et redoubler de f\u00e9rocit\u00e9, jusqu\u2019au jour o\u00f9 les gens la reconnaissent au quotidien, dans l\u2019abjection et la barbarie sioniste. D&rsquo;une dur\u00e9e de 13 minutes, \u00ab\u00a0Vine leaves\u00a0\u00bb de Dina Amin, raconte, l\u2019histoire vraie de sa grand-m\u00e8re d\u2019origine syrienne, qui replonge dans ses souvenirs tellement intenses, qu\u2019elle en ressort convaincue que sa maison v\u00e9ritable se trouve \u00e0 El Qods. \u00ab\u00a0I wish waren&rsquo;t palestinian\u00a0\u00bb de Feda Naser, est un sentiment de r\u00e9silience port\u00e9 \u00e0 l\u2019\u00e9cran par la r\u00e9alisatrice, qui rend en 16 minutes son passage de l&rsquo;isolement auquel elle s\u2019\u00e9tait astreinte, \u00e0 un moment de sa vie, suite \u00e0 plusieurs d\u00e9ceptions en lien avec les conditions de vie difficiles, \u00e0 son ressaisissement \u00e0 chaque fois de ses tourments, pour dire haut et fort au final, toute sa fiert\u00e9 d\u2019\u00eatre palestinienne. \u00ab\u00a0T\u00e9moignages de filles\u00a0\u00bb, documentaire de l\u2019association de Cin\u00e9ma, \u00ab\u00a0Shashet En\u2019nissae\u00a0\u00bb, pr\u00e9sent\u00e9 \u00e0 l\u2019issue des projections, a donn\u00e9 la parole \u00e0 de jeunes adolescentes palestiniennes qui sont revenues, chacune \u00e0 travers une histoire poignante et douloureuse, sur leurs peurs d\u2019entreprendre quoi que ce soit et les atrocit\u00e9s et crimes de guerre perp\u00e9tr\u00e9s par l\u2019arm\u00e9e coloniale sioniste, et dont ont \u00e9t\u00e9 victimes plusieurs de leurs proches et bien souvent des familles enti\u00e8res. La repr\u00e9sentante et membre de l\u2019association de Cin\u00e9ma, \u00ab\u00a0Shashet En\u2019nissae\u00a0\u00bb, Nada Khalifa, a d&rsquo;abord, \u00ab\u00a0remerci\u00e9 l\u2019Alg\u00e9rie pour le soutien ind\u00e9fectible qu\u2019elle a de tous temps apport\u00e9 \u00e0 la Palestine\u00a0\u00bb, pour rappeler ensuite, \u00ab\u00a0le r\u00f4le pr\u00e9pond\u00e9rant du cin\u00e9ma dans la mise en lumi\u00e8re de la r\u00e9alit\u00e9 palestinienne, la promotion, \u00e0 travers le monde, de sa cause noble et juste, ainsi que la mise \u00e0 nu des pratiques inf\u00e2mes et abjectes de l\u2019occupant sioniste.<\/p>\n\n\n\n<p>APS<\/p>\n","protected":false},"excerpt":{"rendered":"<p>Des courts m\u00e9trages r\u00e9alis\u00e9s par des femmes-cin\u00e9astes palestiniennes, ont \u00e9t\u00e9 projet\u00e9s, vendredi soir \u00e0 Alger, en hommage \u00e0 Walla Saada,<\/p>\n","protected":false},"author":3,"featured_media":9538,"comment_status":"open","ping_status":"closed","sticky":false,"template":"","format":"standard","meta":{"colormag_page_container_layout":"default_layout","colormag_page_sidebar_layout":"default_layout","om_disable_all_campaigns":false,"_monsterinsights_skip_tracking":false,"_monsterinsights_sitenote_active":false,"_monsterinsights_sitenote_note":"","_monsterinsights_sitenote_category":0,"footnotes":"","_wpscppro_dont_share_socialmedia":false,"_wpscppro_custom_social_share_image":0,"_facebook_share_type":"","_twitter_share_type":"","_linkedin_share_type":"","_pinterest_share_type":"","_linkedin_share_type_page":"","_instagram_share_type":"","_medium_share_type":"","_threads_share_type":"","_google_business_share_type":"","_selected_social_profile":[],"_wpsp_enable_custom_social_template":false,"_wpsp_social_scheduling":{"enabled":false,"datetime":null,"platforms":[],"status":"template_only","dateOption":"today","timeOption":"now","customDays":"","customHours":"","customDate":"","customTime":"","schedulingType":"absolute"},"_wpsp_active_default_template":true},"categories":[36],"tags":[],"class_list":["post-50808","post","type-post","status-publish","format-standard","has-post-thumbnail","hentry","category-culture"],"aioseo_notices":[],"yoast_head":"<!-- This site is optimized with the Yoast SEO plugin v27.5 - https:\/\/yoast.com\/product\/yoast-seo-wordpress\/ -->\n<title>Cin\u00e9math\u00e8que d\u2019Alger\u00a0: Hommage au Cin\u00e9ma f\u00e9minin palestinien - La Sentinelle<\/title>\n<meta name=\"robots\" content=\"index, follow, max-snippet:-1, max-image-preview:large, max-video-preview:-1\" \/>\n<link rel=\"canonical\" href=\"https:\/\/lasentinelle.dz\/index.php\/2024\/03\/31\/cinematheque-dalger-hommage-au-cinema-feminin-palestinien\/\" \/>\n<meta property=\"og:locale\" content=\"fr_FR\" \/>\n<meta property=\"og:type\" content=\"article\" \/>\n<meta property=\"og:title\" content=\"Cin\u00e9math\u00e8que d\u2019Alger\u00a0: Hommage au Cin\u00e9ma f\u00e9minin palestinien - La Sentinelle\" \/>\n<meta property=\"og:description\" content=\"Des courts m\u00e9trages r\u00e9alis\u00e9s par des femmes-cin\u00e9astes palestiniennes, ont \u00e9t\u00e9 projet\u00e9s, vendredi soir \u00e0 Alger, en hommage \u00e0 Walla Saada,\" \/>\n<meta property=\"og:url\" content=\"https:\/\/lasentinelle.dz\/index.php\/2024\/03\/31\/cinematheque-dalger-hommage-au-cinema-feminin-palestinien\/\" \/>\n<meta property=\"og:site_name\" content=\"La Sentinelle\" \/>\n<meta property=\"article:publisher\" content=\"https:\/\/www.facebook.com\/La-Sentinelle-104059864394773\" \/>\n<meta property=\"article:published_time\" content=\"2024-03-31T07:01:00+00:00\" \/>\n<meta property=\"article:modified_time\" content=\"2024-03-31T14:02:20+00:00\" \/>\n<meta property=\"og:image\" content=\"https:\/\/lasentinelle.dz\/wp-content\/uploads\/2021\/09\/cinematheque.jpeg\" \/>\n\t<meta property=\"og:image:width\" content=\"465\" \/>\n\t<meta property=\"og:image:height\" content=\"315\" \/>\n\t<meta property=\"og:image:type\" content=\"image\/jpeg\" \/>\n<meta name=\"author\" content=\"La Sentinelle\" \/>\n<meta name=\"twitter:card\" content=\"summary_large_image\" \/>\n<meta name=\"twitter:label1\" content=\"\u00c9crit par\" \/>\n\t<meta name=\"twitter:data1\" content=\"La Sentinelle\" \/>\n\t<meta name=\"twitter:label2\" content=\"Dur\u00e9e de lecture estim\u00e9e\" \/>\n\t<meta name=\"twitter:data2\" content=\"4 minutes\" \/>\n<script type=\"application\/ld+json\" class=\"yoast-schema-graph\">{\"@context\":\"https:\\\/\\\/schema.org\",\"@graph\":[{\"@type\":\"Article\",\"@id\":\"https:\\\/\\\/lasentinelle.dz\\\/index.php\\\/2024\\\/03\\\/31\\\/cinematheque-dalger-hommage-au-cinema-feminin-palestinien\\\/#article\",\"isPartOf\":{\"@id\":\"https:\\\/\\\/lasentinelle.dz\\\/index.php\\\/2024\\\/03\\\/31\\\/cinematheque-dalger-hommage-au-cinema-feminin-palestinien\\\/\"},\"author\":{\"name\":\"La Sentinelle\",\"@id\":\"https:\\\/\\\/lasentinelle.dz\\\/#\\\/schema\\\/person\\\/d865044e22e70a75174ce8bcad3acfb3\"},\"headline\":\"Cin\u00e9math\u00e8que d\u2019Alger\u00a0: Hommage au Cin\u00e9ma f\u00e9minin palestinien\",\"datePublished\":\"2024-03-31T07:01:00+00:00\",\"dateModified\":\"2024-03-31T14:02:20+00:00\",\"mainEntityOfPage\":{\"@id\":\"https:\\\/\\\/lasentinelle.dz\\\/index.php\\\/2024\\\/03\\\/31\\\/cinematheque-dalger-hommage-au-cinema-feminin-palestinien\\\/\"},\"wordCount\":696,\"commentCount\":0,\"publisher\":{\"@id\":\"https:\\\/\\\/lasentinelle.dz\\\/#organization\"},\"image\":{\"@id\":\"https:\\\/\\\/lasentinelle.dz\\\/index.php\\\/2024\\\/03\\\/31\\\/cinematheque-dalger-hommage-au-cinema-feminin-palestinien\\\/#primaryimage\"},\"thumbnailUrl\":\"https:\\\/\\\/lasentinelle.dz\\\/wp-content\\\/uploads\\\/2021\\\/09\\\/cinematheque.jpeg\",\"articleSection\":[\"Culture\"],\"inLanguage\":\"fr-FR\",\"potentialAction\":[{\"@type\":\"CommentAction\",\"name\":\"Comment\",\"target\":[\"https:\\\/\\\/lasentinelle.dz\\\/index.php\\\/2024\\\/03\\\/31\\\/cinematheque-dalger-hommage-au-cinema-feminin-palestinien\\\/#respond\"]}]},{\"@type\":\"WebPage\",\"@id\":\"https:\\\/\\\/lasentinelle.dz\\\/index.php\\\/2024\\\/03\\\/31\\\/cinematheque-dalger-hommage-au-cinema-feminin-palestinien\\\/\",\"url\":\"https:\\\/\\\/lasentinelle.dz\\\/index.php\\\/2024\\\/03\\\/31\\\/cinematheque-dalger-hommage-au-cinema-feminin-palestinien\\\/\",\"name\":\"Cin\u00e9math\u00e8que d\u2019Alger\u00a0: Hommage au Cin\u00e9ma f\u00e9minin palestinien - La Sentinelle\",\"isPartOf\":{\"@id\":\"https:\\\/\\\/lasentinelle.dz\\\/#website\"},\"primaryImageOfPage\":{\"@id\":\"https:\\\/\\\/lasentinelle.dz\\\/index.php\\\/2024\\\/03\\\/31\\\/cinematheque-dalger-hommage-au-cinema-feminin-palestinien\\\/#primaryimage\"},\"image\":{\"@id\":\"https:\\\/\\\/lasentinelle.dz\\\/index.php\\\/2024\\\/03\\\/31\\\/cinematheque-dalger-hommage-au-cinema-feminin-palestinien\\\/#primaryimage\"},\"thumbnailUrl\":\"https:\\\/\\\/lasentinelle.dz\\\/wp-content\\\/uploads\\\/2021\\\/09\\\/cinematheque.jpeg\",\"datePublished\":\"2024-03-31T07:01:00+00:00\",\"dateModified\":\"2024-03-31T14:02:20+00:00\",\"breadcrumb\":{\"@id\":\"https:\\\/\\\/lasentinelle.dz\\\/index.php\\\/2024\\\/03\\\/31\\\/cinematheque-dalger-hommage-au-cinema-feminin-palestinien\\\/#breadcrumb\"},\"inLanguage\":\"fr-FR\",\"potentialAction\":[{\"@type\":\"ReadAction\",\"target\":[\"https:\\\/\\\/lasentinelle.dz\\\/index.php\\\/2024\\\/03\\\/31\\\/cinematheque-dalger-hommage-au-cinema-feminin-palestinien\\\/\"]}]},{\"@type\":\"ImageObject\",\"inLanguage\":\"fr-FR\",\"@id\":\"https:\\\/\\\/lasentinelle.dz\\\/index.php\\\/2024\\\/03\\\/31\\\/cinematheque-dalger-hommage-au-cinema-feminin-palestinien\\\/#primaryimage\",\"url\":\"https:\\\/\\\/lasentinelle.dz\\\/wp-content\\\/uploads\\\/2021\\\/09\\\/cinematheque.jpeg\",\"contentUrl\":\"https:\\\/\\\/lasentinelle.dz\\\/wp-content\\\/uploads\\\/2021\\\/09\\\/cinematheque.jpeg\",\"width\":465,\"height\":315},{\"@type\":\"BreadcrumbList\",\"@id\":\"https:\\\/\\\/lasentinelle.dz\\\/index.php\\\/2024\\\/03\\\/31\\\/cinematheque-dalger-hommage-au-cinema-feminin-palestinien\\\/#breadcrumb\",\"itemListElement\":[{\"@type\":\"ListItem\",\"position\":1,\"name\":\"Accueil\",\"item\":\"https:\\\/\\\/lasentinelle.dz\\\/\"},{\"@type\":\"ListItem\",\"position\":2,\"name\":\"Cin\u00e9math\u00e8que d\u2019Alger\u00a0: Hommage au Cin\u00e9ma f\u00e9minin palestinien\"}]},{\"@type\":\"WebSite\",\"@id\":\"https:\\\/\\\/lasentinelle.dz\\\/#website\",\"url\":\"https:\\\/\\\/lasentinelle.dz\\\/\",\"name\":\"La Sentinelle\",\"description\":\"Quotidien national d&#039;information\",\"publisher\":{\"@id\":\"https:\\\/\\\/lasentinelle.dz\\\/#organization\"},\"potentialAction\":[{\"@type\":\"SearchAction\",\"target\":{\"@type\":\"EntryPoint\",\"urlTemplate\":\"https:\\\/\\\/lasentinelle.dz\\\/?s={search_term_string}\"},\"query-input\":{\"@type\":\"PropertyValueSpecification\",\"valueRequired\":true,\"valueName\":\"search_term_string\"}}],\"inLanguage\":\"fr-FR\"},{\"@type\":\"Organization\",\"@id\":\"https:\\\/\\\/lasentinelle.dz\\\/#organization\",\"name\":\"Quotidien La Sentinelle\",\"url\":\"https:\\\/\\\/lasentinelle.dz\\\/\",\"logo\":{\"@type\":\"ImageObject\",\"inLanguage\":\"fr-FR\",\"@id\":\"https:\\\/\\\/lasentinelle.dz\\\/#\\\/schema\\\/logo\\\/image\\\/\",\"url\":\"https:\\\/\\\/lasentinelle.dz\\\/wp-content\\\/uploads\\\/2021\\\/09\\\/logo-sentinelleSLOGAN-1.png\",\"contentUrl\":\"https:\\\/\\\/lasentinelle.dz\\\/wp-content\\\/uploads\\\/2021\\\/09\\\/logo-sentinelleSLOGAN-1.png\",\"width\":615,\"height\":142,\"caption\":\"Quotidien La Sentinelle\"},\"image\":{\"@id\":\"https:\\\/\\\/lasentinelle.dz\\\/#\\\/schema\\\/logo\\\/image\\\/\"},\"sameAs\":[\"https:\\\/\\\/www.facebook.com\\\/La-Sentinelle-104059864394773\"]},{\"@type\":\"Person\",\"@id\":\"https:\\\/\\\/lasentinelle.dz\\\/#\\\/schema\\\/person\\\/d865044e22e70a75174ce8bcad3acfb3\",\"name\":\"La Sentinelle\",\"image\":{\"@type\":\"ImageObject\",\"inLanguage\":\"fr-FR\",\"@id\":\"https:\\\/\\\/secure.gravatar.com\\\/avatar\\\/57de8e5d4b15d43fb361a71fbb36338450fe67865b528a43dd10ef7c51a20392?s=96&d=mm&r=g\",\"url\":\"https:\\\/\\\/secure.gravatar.com\\\/avatar\\\/57de8e5d4b15d43fb361a71fbb36338450fe67865b528a43dd10ef7c51a20392?s=96&d=mm&r=g\",\"contentUrl\":\"https:\\\/\\\/secure.gravatar.com\\\/avatar\\\/57de8e5d4b15d43fb361a71fbb36338450fe67865b528a43dd10ef7c51a20392?s=96&d=mm&r=g\",\"caption\":\"La Sentinelle\"},\"sameAs\":[\"http:\\\/\\\/www.lasentinelle.dz\"],\"url\":\"https:\\\/\\\/lasentinelle.dz\\\/author\\\/redaction\\\/\"}]}<\/script>\n<!-- \/ Yoast SEO plugin. -->","yoast_head_json":{"title":"Cin\u00e9math\u00e8que d\u2019Alger\u00a0: Hommage au Cin\u00e9ma f\u00e9minin palestinien - La Sentinelle","robots":{"index":"index","follow":"follow","max-snippet":"max-snippet:-1","max-image-preview":"max-image-preview:large","max-video-preview":"max-video-preview:-1"},"canonical":"https:\/\/lasentinelle.dz\/index.php\/2024\/03\/31\/cinematheque-dalger-hommage-au-cinema-feminin-palestinien\/","og_locale":"fr_FR","og_type":"article","og_title":"Cin\u00e9math\u00e8que d\u2019Alger\u00a0: Hommage au Cin\u00e9ma f\u00e9minin palestinien - La Sentinelle","og_description":"Des courts m\u00e9trages r\u00e9alis\u00e9s par des femmes-cin\u00e9astes palestiniennes, ont \u00e9t\u00e9 projet\u00e9s, vendredi soir \u00e0 Alger, en hommage \u00e0 Walla Saada,","og_url":"https:\/\/lasentinelle.dz\/index.php\/2024\/03\/31\/cinematheque-dalger-hommage-au-cinema-feminin-palestinien\/","og_site_name":"La Sentinelle","article_publisher":"https:\/\/www.facebook.com\/La-Sentinelle-104059864394773","article_published_time":"2024-03-31T07:01:00+00:00","article_modified_time":"2024-03-31T14:02:20+00:00","og_image":[{"width":465,"height":315,"url":"https:\/\/lasentinelle.dz\/wp-content\/uploads\/2021\/09\/cinematheque.jpeg","type":"image\/jpeg"}],"author":"La Sentinelle","twitter_card":"summary_large_image","twitter_misc":{"\u00c9crit par":"La Sentinelle","Dur\u00e9e de lecture estim\u00e9e":"4 minutes"},"schema":{"@context":"https:\/\/schema.org","@graph":[{"@type":"Article","@id":"https:\/\/lasentinelle.dz\/index.php\/2024\/03\/31\/cinematheque-dalger-hommage-au-cinema-feminin-palestinien\/#article","isPartOf":{"@id":"https:\/\/lasentinelle.dz\/index.php\/2024\/03\/31\/cinematheque-dalger-hommage-au-cinema-feminin-palestinien\/"},"author":{"name":"La Sentinelle","@id":"https:\/\/lasentinelle.dz\/#\/schema\/person\/d865044e22e70a75174ce8bcad3acfb3"},"headline":"Cin\u00e9math\u00e8que d\u2019Alger\u00a0: Hommage au Cin\u00e9ma f\u00e9minin palestinien","datePublished":"2024-03-31T07:01:00+00:00","dateModified":"2024-03-31T14:02:20+00:00","mainEntityOfPage":{"@id":"https:\/\/lasentinelle.dz\/index.php\/2024\/03\/31\/cinematheque-dalger-hommage-au-cinema-feminin-palestinien\/"},"wordCount":696,"commentCount":0,"publisher":{"@id":"https:\/\/lasentinelle.dz\/#organization"},"image":{"@id":"https:\/\/lasentinelle.dz\/index.php\/2024\/03\/31\/cinematheque-dalger-hommage-au-cinema-feminin-palestinien\/#primaryimage"},"thumbnailUrl":"https:\/\/lasentinelle.dz\/wp-content\/uploads\/2021\/09\/cinematheque.jpeg","articleSection":["Culture"],"inLanguage":"fr-FR","potentialAction":[{"@type":"CommentAction","name":"Comment","target":["https:\/\/lasentinelle.dz\/index.php\/2024\/03\/31\/cinematheque-dalger-hommage-au-cinema-feminin-palestinien\/#respond"]}]},{"@type":"WebPage","@id":"https:\/\/lasentinelle.dz\/index.php\/2024\/03\/31\/cinematheque-dalger-hommage-au-cinema-feminin-palestinien\/","url":"https:\/\/lasentinelle.dz\/index.php\/2024\/03\/31\/cinematheque-dalger-hommage-au-cinema-feminin-palestinien\/","name":"Cin\u00e9math\u00e8que d\u2019Alger\u00a0: Hommage au Cin\u00e9ma f\u00e9minin palestinien - La Sentinelle","isPartOf":{"@id":"https:\/\/lasentinelle.dz\/#website"},"primaryImageOfPage":{"@id":"https:\/\/lasentinelle.dz\/index.php\/2024\/03\/31\/cinematheque-dalger-hommage-au-cinema-feminin-palestinien\/#primaryimage"},"image":{"@id":"https:\/\/lasentinelle.dz\/index.php\/2024\/03\/31\/cinematheque-dalger-hommage-au-cinema-feminin-palestinien\/#primaryimage"},"thumbnailUrl":"https:\/\/lasentinelle.dz\/wp-content\/uploads\/2021\/09\/cinematheque.jpeg","datePublished":"2024-03-31T07:01:00+00:00","dateModified":"2024-03-31T14:02:20+00:00","breadcrumb":{"@id":"https:\/\/lasentinelle.dz\/index.php\/2024\/03\/31\/cinematheque-dalger-hommage-au-cinema-feminin-palestinien\/#breadcrumb"},"inLanguage":"fr-FR","potentialAction":[{"@type":"ReadAction","target":["https:\/\/lasentinelle.dz\/index.php\/2024\/03\/31\/cinematheque-dalger-hommage-au-cinema-feminin-palestinien\/"]}]},{"@type":"ImageObject","inLanguage":"fr-FR","@id":"https:\/\/lasentinelle.dz\/index.php\/2024\/03\/31\/cinematheque-dalger-hommage-au-cinema-feminin-palestinien\/#primaryimage","url":"https:\/\/lasentinelle.dz\/wp-content\/uploads\/2021\/09\/cinematheque.jpeg","contentUrl":"https:\/\/lasentinelle.dz\/wp-content\/uploads\/2021\/09\/cinematheque.jpeg","width":465,"height":315},{"@type":"BreadcrumbList","@id":"https:\/\/lasentinelle.dz\/index.php\/2024\/03\/31\/cinematheque-dalger-hommage-au-cinema-feminin-palestinien\/#breadcrumb","itemListElement":[{"@type":"ListItem","position":1,"name":"Accueil","item":"https:\/\/lasentinelle.dz\/"},{"@type":"ListItem","position":2,"name":"Cin\u00e9math\u00e8que d\u2019Alger\u00a0: Hommage au Cin\u00e9ma f\u00e9minin palestinien"}]},{"@type":"WebSite","@id":"https:\/\/lasentinelle.dz\/#website","url":"https:\/\/lasentinelle.dz\/","name":"La Sentinelle","description":"Quotidien national d&#039;information","publisher":{"@id":"https:\/\/lasentinelle.dz\/#organization"},"potentialAction":[{"@type":"SearchAction","target":{"@type":"EntryPoint","urlTemplate":"https:\/\/lasentinelle.dz\/?s={search_term_string}"},"query-input":{"@type":"PropertyValueSpecification","valueRequired":true,"valueName":"search_term_string"}}],"inLanguage":"fr-FR"},{"@type":"Organization","@id":"https:\/\/lasentinelle.dz\/#organization","name":"Quotidien La Sentinelle","url":"https:\/\/lasentinelle.dz\/","logo":{"@type":"ImageObject","inLanguage":"fr-FR","@id":"https:\/\/lasentinelle.dz\/#\/schema\/logo\/image\/","url":"https:\/\/lasentinelle.dz\/wp-content\/uploads\/2021\/09\/logo-sentinelleSLOGAN-1.png","contentUrl":"https:\/\/lasentinelle.dz\/wp-content\/uploads\/2021\/09\/logo-sentinelleSLOGAN-1.png","width":615,"height":142,"caption":"Quotidien La Sentinelle"},"image":{"@id":"https:\/\/lasentinelle.dz\/#\/schema\/logo\/image\/"},"sameAs":["https:\/\/www.facebook.com\/La-Sentinelle-104059864394773"]},{"@type":"Person","@id":"https:\/\/lasentinelle.dz\/#\/schema\/person\/d865044e22e70a75174ce8bcad3acfb3","name":"La Sentinelle","image":{"@type":"ImageObject","inLanguage":"fr-FR","@id":"https:\/\/secure.gravatar.com\/avatar\/57de8e5d4b15d43fb361a71fbb36338450fe67865b528a43dd10ef7c51a20392?s=96&d=mm&r=g","url":"https:\/\/secure.gravatar.com\/avatar\/57de8e5d4b15d43fb361a71fbb36338450fe67865b528a43dd10ef7c51a20392?s=96&d=mm&r=g","contentUrl":"https:\/\/secure.gravatar.com\/avatar\/57de8e5d4b15d43fb361a71fbb36338450fe67865b528a43dd10ef7c51a20392?s=96&d=mm&r=g","caption":"La Sentinelle"},"sameAs":["http:\/\/www.lasentinelle.dz"],"url":"https:\/\/lasentinelle.dz\/author\/redaction\/"}]}},"_links":{"self":[{"href":"https:\/\/lasentinelle.dz\/index.php\/wp-json\/wp\/v2\/posts\/50808","targetHints":{"allow":["GET"]}}],"collection":[{"href":"https:\/\/lasentinelle.dz\/index.php\/wp-json\/wp\/v2\/posts"}],"about":[{"href":"https:\/\/lasentinelle.dz\/index.php\/wp-json\/wp\/v2\/types\/post"}],"author":[{"embeddable":true,"href":"https:\/\/lasentinelle.dz\/index.php\/wp-json\/wp\/v2\/users\/3"}],"replies":[{"embeddable":true,"href":"https:\/\/lasentinelle.dz\/index.php\/wp-json\/wp\/v2\/comments?post=50808"}],"version-history":[{"count":1,"href":"https:\/\/lasentinelle.dz\/index.php\/wp-json\/wp\/v2\/posts\/50808\/revisions"}],"predecessor-version":[{"id":50809,"href":"https:\/\/lasentinelle.dz\/index.php\/wp-json\/wp\/v2\/posts\/50808\/revisions\/50809"}],"wp:featuredmedia":[{"embeddable":true,"href":"https:\/\/lasentinelle.dz\/index.php\/wp-json\/wp\/v2\/media\/9538"}],"wp:attachment":[{"href":"https:\/\/lasentinelle.dz\/index.php\/wp-json\/wp\/v2\/media?parent=50808"}],"wp:term":[{"taxonomy":"category","embeddable":true,"href":"https:\/\/lasentinelle.dz\/index.php\/wp-json\/wp\/v2\/categories?post=50808"},{"taxonomy":"post_tag","embeddable":true,"href":"https:\/\/lasentinelle.dz\/index.php\/wp-json\/wp\/v2\/tags?post=50808"}],"curies":[{"name":"wp","href":"https:\/\/api.w.org\/{rel}","templated":true}]}}