{"id":50835,"date":"2024-03-31T08:20:00","date_gmt":"2024-03-31T07:20:00","guid":{"rendered":"https:\/\/lasentinelle.dz\/?p=50835"},"modified":"2024-03-31T15:21:45","modified_gmt":"2024-03-31T14:21:45","slug":"examens-nationaux-les-preparatifs-lances","status":"publish","type":"post","link":"https:\/\/lasentinelle.dz\/index.php\/2024\/03\/31\/examens-nationaux-les-preparatifs-lances\/","title":{"rendered":"Examens nationaux\u00a0: Les pr\u00e9paratifs lanc\u00e9s"},"content":{"rendered":"\n<p>Les pr\u00e9paratifs des examens nationaux seront lanc\u00e9s aujourd\u2019hui. Le ministre de l&rsquo;Education nationale, Abdelhakim Belaabed, a ordonn\u00e9 jeudi le lancement des travaux des cellules d\u2019animation et de suivi de ces examens.<\/p>\n\n\n\n<p>Le ministre de l&rsquo;Education nationale, Abdelhakim Belaabed, a pr\u00e9sid\u00e9 jeudi conf\u00e9rence nationale consacr\u00e9e aux examens nationaux. Selon un communiqu\u00e9 du minist\u00e8re publi\u00e9 hier le ministre a ordonn\u00e9 pour l\u2019occasion \u00e0 ce que \u00ab\u00a0les cellules d\u2019animation et de suivi des examens scolaires nationaux au niveau des directions de l&rsquo;Education nationale, entament leurs travaux d\u00e8s dimanche 31 mars 2024, pour une bonne pr\u00e9paration de ces examens\u00a0\u00bb.<\/p>\n\n\n\n<p>Lors de cette r\u00e9union qui a vu la participation de cadres de l&rsquo;administration centrale, des directeurs de l&rsquo;Education nationale, du directeur de l&rsquo;Office national des examens et des concours (ONEC) et du&nbsp; directeur de l&rsquo;Office national de l&rsquo;enseignement et de la formation \u00e0 distance (ONEFD) et en perspectives des examens, le ministre a affirm\u00e9 que \u00ab&nbsp;le taux d\u2019ex\u00e9cution des programmes \u00e9ducatifs se d\u00e9roule \u00e0&nbsp; un rythme ordinaire, gr\u00e2ce aux efforts consentis par tout un chacun, tant au niveau des \u00e9tablissements \u00e9ducatifs, que pour les charg\u00e9s du suivi de l&rsquo;op\u00e9ration&nbsp;\u00bb, a ajout\u00e9 la m\u00eame source. S&rsquo;agissant des pr\u00e9paratifs du lancement des travaux du troisi\u00e8me trimestre, le ministre a insist\u00e9 sur \u00ab\u00a0le respect du calendrier des mesures op\u00e9rationnelles relatives \u00e0 la pr\u00e9paration de la rentr\u00e9e scolaire 2024-2025 fix\u00e9s dans la circulaire-cadre, \u00e0 l&rsquo;instar du mouvement de mutation, l&rsquo;installation des dipl\u00f4m\u00e9s des Ecoles normales sup\u00e9rieures (ENS) des enseignants, l&rsquo;entr\u00e9e et la sortie de wilaya et d&rsquo;autres mesures\u00a0\u00bb, d&rsquo;autant plus que toutes ces op\u00e9rations \u00ab\u00a0sont g\u00e9r\u00e9es par le syst\u00e8me d&rsquo;information du minist\u00e8re de l&rsquo;Education nationale\u00a0\u00bb, selon le communiqu\u00e9.<\/p>\n\n\n\n<p>Pour rappel, la date du Brevet de l\u2019enseignement moyen (BEM) de l\u2019ann\u00e9e scolaire 2023\/2024 a \u00e9t\u00e9 fix\u00e9 du 3 au 5 juin prochain, tandis que l\u2019examen du Baccalaur\u00e9at aura lieu du 9 au 13 juin. Dans cette perspective, les \u00e9tablissements scolaires ont \u00e9t\u00e9 ouverts durant la premi\u00e8re semaine des vacances de printemps pour des cours des soutiens au b\u00e9n\u00e9fices des candidats aux examens nationaux. Des cours qui ont connu une forte affluence dans nombre d&rsquo;\u00e9tablissements \u00e9ducatifs.<\/p>\n\n\n\n<p><strong>Chokri Hafed<\/strong><\/p>\n","protected":false},"excerpt":{"rendered":"<p>Les pr\u00e9paratifs des examens nationaux seront lanc\u00e9s aujourd\u2019hui. Le ministre de l&rsquo;Education nationale, Abdelhakim Belaabed, a ordonn\u00e9 jeudi le lancement<\/p>\n","protected":false},"author":3,"featured_media":42259,"comment_status":"open","ping_status":"closed","sticky":false,"template":"","format":"standard","meta":{"colormag_page_container_layout":"default_layout","colormag_page_sidebar_layout":"default_layout","om_disable_all_campaigns":false,"_monsterinsights_skip_tracking":false,"_monsterinsights_sitenote_active":false,"_monsterinsights_sitenote_note":"","_monsterinsights_sitenote_category":0,"footnotes":"","_wpscppro_dont_share_socialmedia":false,"_wpscppro_custom_social_share_image":0,"_facebook_share_type":"","_twitter_share_type":"","_linkedin_share_type":"","_pinterest_share_type":"","_linkedin_share_type_page":"","_instagram_share_type":"","_medium_share_type":"","_threads_share_type":"","_google_business_share_type":"","_selected_social_profile":[],"_wpsp_enable_custom_social_template":false,"_wpsp_social_scheduling":{"enabled":false,"datetime":null,"platforms":[],"status":"template_only","dateOption":"today","timeOption":"now","customDays":"","customHours":"","customDate":"","customTime":"","schedulingType":"absolute"},"_wpsp_active_default_template":true},"categories":[52,27],"tags":[],"class_list":["post-50835","post","type-post","status-publish","format-standard","has-post-thumbnail","hentry","category-a-la-une","category-actualite"],"aioseo_notices":[],"yoast_head":"<!-- This site is optimized with the Yoast SEO plugin v27.5 - https:\/\/yoast.com\/product\/yoast-seo-wordpress\/ -->\n<title>Examens nationaux\u00a0: Les pr\u00e9paratifs lanc\u00e9s - La Sentinelle<\/title>\n<meta name=\"robots\" content=\"index, follow, max-snippet:-1, max-image-preview:large, max-video-preview:-1\" \/>\n<link rel=\"canonical\" href=\"https:\/\/lasentinelle.dz\/index.php\/2024\/03\/31\/examens-nationaux-les-preparatifs-lances\/\" \/>\n<meta property=\"og:locale\" content=\"fr_FR\" \/>\n<meta property=\"og:type\" content=\"article\" \/>\n<meta property=\"og:title\" content=\"Examens nationaux\u00a0: Les pr\u00e9paratifs lanc\u00e9s - La Sentinelle\" \/>\n<meta property=\"og:description\" content=\"Les pr\u00e9paratifs des examens nationaux seront lanc\u00e9s aujourd\u2019hui. Le ministre de l&rsquo;Education nationale, Abdelhakim Belaabed, a ordonn\u00e9 jeudi le lancement\" \/>\n<meta property=\"og:url\" content=\"https:\/\/lasentinelle.dz\/index.php\/2024\/03\/31\/examens-nationaux-les-preparatifs-lances\/\" \/>\n<meta property=\"og:site_name\" content=\"La Sentinelle\" \/>\n<meta property=\"article:publisher\" content=\"https:\/\/www.facebook.com\/La-Sentinelle-104059864394773\" \/>\n<meta property=\"article:published_time\" content=\"2024-03-31T07:20:00+00:00\" \/>\n<meta property=\"article:modified_time\" content=\"2024-03-31T14:21:45+00:00\" \/>\n<meta property=\"og:image\" content=\"https:\/\/lasentinelle.dz\/wp-content\/uploads\/2023\/06\/examens.png\" \/>\n\t<meta property=\"og:image:width\" content=\"1355\" \/>\n\t<meta property=\"og:image:height\" content=\"900\" \/>\n\t<meta property=\"og:image:type\" content=\"image\/png\" \/>\n<meta name=\"author\" content=\"La Sentinelle\" \/>\n<meta name=\"twitter:card\" content=\"summary_large_image\" \/>\n<meta name=\"twitter:label1\" content=\"\u00c9crit par\" \/>\n\t<meta name=\"twitter:data1\" content=\"La Sentinelle\" \/>\n\t<meta name=\"twitter:label2\" content=\"Dur\u00e9e de lecture estim\u00e9e\" \/>\n\t<meta name=\"twitter:data2\" content=\"2 minutes\" \/>\n<script type=\"application\/ld+json\" class=\"yoast-schema-graph\">{\"@context\":\"https:\\\/\\\/schema.org\",\"@graph\":[{\"@type\":\"Article\",\"@id\":\"https:\\\/\\\/lasentinelle.dz\\\/index.php\\\/2024\\\/03\\\/31\\\/examens-nationaux-les-preparatifs-lances\\\/#article\",\"isPartOf\":{\"@id\":\"https:\\\/\\\/lasentinelle.dz\\\/index.php\\\/2024\\\/03\\\/31\\\/examens-nationaux-les-preparatifs-lances\\\/\"},\"author\":{\"name\":\"La Sentinelle\",\"@id\":\"https:\\\/\\\/lasentinelle.dz\\\/#\\\/schema\\\/person\\\/d865044e22e70a75174ce8bcad3acfb3\"},\"headline\":\"Examens nationaux\u00a0: Les pr\u00e9paratifs lanc\u00e9s\",\"datePublished\":\"2024-03-31T07:20:00+00:00\",\"dateModified\":\"2024-03-31T14:21:45+00:00\",\"mainEntityOfPage\":{\"@id\":\"https:\\\/\\\/lasentinelle.dz\\\/index.php\\\/2024\\\/03\\\/31\\\/examens-nationaux-les-preparatifs-lances\\\/\"},\"wordCount\":407,\"commentCount\":0,\"publisher\":{\"@id\":\"https:\\\/\\\/lasentinelle.dz\\\/#organization\"},\"image\":{\"@id\":\"https:\\\/\\\/lasentinelle.dz\\\/index.php\\\/2024\\\/03\\\/31\\\/examens-nationaux-les-preparatifs-lances\\\/#primaryimage\"},\"thumbnailUrl\":\"https:\\\/\\\/lasentinelle.dz\\\/wp-content\\\/uploads\\\/2023\\\/06\\\/examens.png\",\"articleSection\":[\"\u00c0 la Une\",\"Actualit\u00e9\"],\"inLanguage\":\"fr-FR\",\"potentialAction\":[{\"@type\":\"CommentAction\",\"name\":\"Comment\",\"target\":[\"https:\\\/\\\/lasentinelle.dz\\\/index.php\\\/2024\\\/03\\\/31\\\/examens-nationaux-les-preparatifs-lances\\\/#respond\"]}]},{\"@type\":\"WebPage\",\"@id\":\"https:\\\/\\\/lasentinelle.dz\\\/index.php\\\/2024\\\/03\\\/31\\\/examens-nationaux-les-preparatifs-lances\\\/\",\"url\":\"https:\\\/\\\/lasentinelle.dz\\\/index.php\\\/2024\\\/03\\\/31\\\/examens-nationaux-les-preparatifs-lances\\\/\",\"name\":\"Examens nationaux\u00a0: Les pr\u00e9paratifs lanc\u00e9s - La Sentinelle\",\"isPartOf\":{\"@id\":\"https:\\\/\\\/lasentinelle.dz\\\/#website\"},\"primaryImageOfPage\":{\"@id\":\"https:\\\/\\\/lasentinelle.dz\\\/index.php\\\/2024\\\/03\\\/31\\\/examens-nationaux-les-preparatifs-lances\\\/#primaryimage\"},\"image\":{\"@id\":\"https:\\\/\\\/lasentinelle.dz\\\/index.php\\\/2024\\\/03\\\/31\\\/examens-nationaux-les-preparatifs-lances\\\/#primaryimage\"},\"thumbnailUrl\":\"https:\\\/\\\/lasentinelle.dz\\\/wp-content\\\/uploads\\\/2023\\\/06\\\/examens.png\",\"datePublished\":\"2024-03-31T07:20:00+00:00\",\"dateModified\":\"2024-03-31T14:21:45+00:00\",\"breadcrumb\":{\"@id\":\"https:\\\/\\\/lasentinelle.dz\\\/index.php\\\/2024\\\/03\\\/31\\\/examens-nationaux-les-preparatifs-lances\\\/#breadcrumb\"},\"inLanguage\":\"fr-FR\",\"potentialAction\":[{\"@type\":\"ReadAction\",\"target\":[\"https:\\\/\\\/lasentinelle.dz\\\/index.php\\\/2024\\\/03\\\/31\\\/examens-nationaux-les-preparatifs-lances\\\/\"]}]},{\"@type\":\"ImageObject\",\"inLanguage\":\"fr-FR\",\"@id\":\"https:\\\/\\\/lasentinelle.dz\\\/index.php\\\/2024\\\/03\\\/31\\\/examens-nationaux-les-preparatifs-lances\\\/#primaryimage\",\"url\":\"https:\\\/\\\/lasentinelle.dz\\\/wp-content\\\/uploads\\\/2023\\\/06\\\/examens.png\",\"contentUrl\":\"https:\\\/\\\/lasentinelle.dz\\\/wp-content\\\/uploads\\\/2023\\\/06\\\/examens.png\",\"width\":1355,\"height\":900},{\"@type\":\"BreadcrumbList\",\"@id\":\"https:\\\/\\\/lasentinelle.dz\\\/index.php\\\/2024\\\/03\\\/31\\\/examens-nationaux-les-preparatifs-lances\\\/#breadcrumb\",\"itemListElement\":[{\"@type\":\"ListItem\",\"position\":1,\"name\":\"Accueil\",\"item\":\"https:\\\/\\\/lasentinelle.dz\\\/\"},{\"@type\":\"ListItem\",\"position\":2,\"name\":\"Examens nationaux\u00a0: Les pr\u00e9paratifs lanc\u00e9s\"}]},{\"@type\":\"WebSite\",\"@id\":\"https:\\\/\\\/lasentinelle.dz\\\/#website\",\"url\":\"https:\\\/\\\/lasentinelle.dz\\\/\",\"name\":\"La Sentinelle\",\"description\":\"Quotidien national d&#039;information\",\"publisher\":{\"@id\":\"https:\\\/\\\/lasentinelle.dz\\\/#organization\"},\"potentialAction\":[{\"@type\":\"SearchAction\",\"target\":{\"@type\":\"EntryPoint\",\"urlTemplate\":\"https:\\\/\\\/lasentinelle.dz\\\/?s={search_term_string}\"},\"query-input\":{\"@type\":\"PropertyValueSpecification\",\"valueRequired\":true,\"valueName\":\"search_term_string\"}}],\"inLanguage\":\"fr-FR\"},{\"@type\":\"Organization\",\"@id\":\"https:\\\/\\\/lasentinelle.dz\\\/#organization\",\"name\":\"Quotidien La Sentinelle\",\"url\":\"https:\\\/\\\/lasentinelle.dz\\\/\",\"logo\":{\"@type\":\"ImageObject\",\"inLanguage\":\"fr-FR\",\"@id\":\"https:\\\/\\\/lasentinelle.dz\\\/#\\\/schema\\\/logo\\\/image\\\/\",\"url\":\"https:\\\/\\\/lasentinelle.dz\\\/wp-content\\\/uploads\\\/2021\\\/09\\\/logo-sentinelleSLOGAN-1.png\",\"contentUrl\":\"https:\\\/\\\/lasentinelle.dz\\\/wp-content\\\/uploads\\\/2021\\\/09\\\/logo-sentinelleSLOGAN-1.png\",\"width\":615,\"height\":142,\"caption\":\"Quotidien La Sentinelle\"},\"image\":{\"@id\":\"https:\\\/\\\/lasentinelle.dz\\\/#\\\/schema\\\/logo\\\/image\\\/\"},\"sameAs\":[\"https:\\\/\\\/www.facebook.com\\\/La-Sentinelle-104059864394773\"]},{\"@type\":\"Person\",\"@id\":\"https:\\\/\\\/lasentinelle.dz\\\/#\\\/schema\\\/person\\\/d865044e22e70a75174ce8bcad3acfb3\",\"name\":\"La Sentinelle\",\"image\":{\"@type\":\"ImageObject\",\"inLanguage\":\"fr-FR\",\"@id\":\"https:\\\/\\\/secure.gravatar.com\\\/avatar\\\/57de8e5d4b15d43fb361a71fbb36338450fe67865b528a43dd10ef7c51a20392?s=96&d=mm&r=g\",\"url\":\"https:\\\/\\\/secure.gravatar.com\\\/avatar\\\/57de8e5d4b15d43fb361a71fbb36338450fe67865b528a43dd10ef7c51a20392?s=96&d=mm&r=g\",\"contentUrl\":\"https:\\\/\\\/secure.gravatar.com\\\/avatar\\\/57de8e5d4b15d43fb361a71fbb36338450fe67865b528a43dd10ef7c51a20392?s=96&d=mm&r=g\",\"caption\":\"La Sentinelle\"},\"sameAs\":[\"http:\\\/\\\/www.lasentinelle.dz\"],\"url\":\"https:\\\/\\\/lasentinelle.dz\\\/author\\\/redaction\\\/\"}]}<\/script>\n<!-- \/ Yoast SEO plugin. -->","yoast_head_json":{"title":"Examens nationaux\u00a0: Les pr\u00e9paratifs lanc\u00e9s - La Sentinelle","robots":{"index":"index","follow":"follow","max-snippet":"max-snippet:-1","max-image-preview":"max-image-preview:large","max-video-preview":"max-video-preview:-1"},"canonical":"https:\/\/lasentinelle.dz\/index.php\/2024\/03\/31\/examens-nationaux-les-preparatifs-lances\/","og_locale":"fr_FR","og_type":"article","og_title":"Examens nationaux\u00a0: Les pr\u00e9paratifs lanc\u00e9s - La Sentinelle","og_description":"Les pr\u00e9paratifs des examens nationaux seront lanc\u00e9s aujourd\u2019hui. Le ministre de l&rsquo;Education nationale, Abdelhakim Belaabed, a ordonn\u00e9 jeudi le lancement","og_url":"https:\/\/lasentinelle.dz\/index.php\/2024\/03\/31\/examens-nationaux-les-preparatifs-lances\/","og_site_name":"La Sentinelle","article_publisher":"https:\/\/www.facebook.com\/La-Sentinelle-104059864394773","article_published_time":"2024-03-31T07:20:00+00:00","article_modified_time":"2024-03-31T14:21:45+00:00","og_image":[{"width":1355,"height":900,"url":"https:\/\/lasentinelle.dz\/wp-content\/uploads\/2023\/06\/examens.png","type":"image\/png"}],"author":"La Sentinelle","twitter_card":"summary_large_image","twitter_misc":{"\u00c9crit par":"La Sentinelle","Dur\u00e9e de lecture estim\u00e9e":"2 minutes"},"schema":{"@context":"https:\/\/schema.org","@graph":[{"@type":"Article","@id":"https:\/\/lasentinelle.dz\/index.php\/2024\/03\/31\/examens-nationaux-les-preparatifs-lances\/#article","isPartOf":{"@id":"https:\/\/lasentinelle.dz\/index.php\/2024\/03\/31\/examens-nationaux-les-preparatifs-lances\/"},"author":{"name":"La Sentinelle","@id":"https:\/\/lasentinelle.dz\/#\/schema\/person\/d865044e22e70a75174ce8bcad3acfb3"},"headline":"Examens nationaux\u00a0: Les pr\u00e9paratifs lanc\u00e9s","datePublished":"2024-03-31T07:20:00+00:00","dateModified":"2024-03-31T14:21:45+00:00","mainEntityOfPage":{"@id":"https:\/\/lasentinelle.dz\/index.php\/2024\/03\/31\/examens-nationaux-les-preparatifs-lances\/"},"wordCount":407,"commentCount":0,"publisher":{"@id":"https:\/\/lasentinelle.dz\/#organization"},"image":{"@id":"https:\/\/lasentinelle.dz\/index.php\/2024\/03\/31\/examens-nationaux-les-preparatifs-lances\/#primaryimage"},"thumbnailUrl":"https:\/\/lasentinelle.dz\/wp-content\/uploads\/2023\/06\/examens.png","articleSection":["\u00c0 la Une","Actualit\u00e9"],"inLanguage":"fr-FR","potentialAction":[{"@type":"CommentAction","name":"Comment","target":["https:\/\/lasentinelle.dz\/index.php\/2024\/03\/31\/examens-nationaux-les-preparatifs-lances\/#respond"]}]},{"@type":"WebPage","@id":"https:\/\/lasentinelle.dz\/index.php\/2024\/03\/31\/examens-nationaux-les-preparatifs-lances\/","url":"https:\/\/lasentinelle.dz\/index.php\/2024\/03\/31\/examens-nationaux-les-preparatifs-lances\/","name":"Examens nationaux\u00a0: Les pr\u00e9paratifs lanc\u00e9s - La Sentinelle","isPartOf":{"@id":"https:\/\/lasentinelle.dz\/#website"},"primaryImageOfPage":{"@id":"https:\/\/lasentinelle.dz\/index.php\/2024\/03\/31\/examens-nationaux-les-preparatifs-lances\/#primaryimage"},"image":{"@id":"https:\/\/lasentinelle.dz\/index.php\/2024\/03\/31\/examens-nationaux-les-preparatifs-lances\/#primaryimage"},"thumbnailUrl":"https:\/\/lasentinelle.dz\/wp-content\/uploads\/2023\/06\/examens.png","datePublished":"2024-03-31T07:20:00+00:00","dateModified":"2024-03-31T14:21:45+00:00","breadcrumb":{"@id":"https:\/\/lasentinelle.dz\/index.php\/2024\/03\/31\/examens-nationaux-les-preparatifs-lances\/#breadcrumb"},"inLanguage":"fr-FR","potentialAction":[{"@type":"ReadAction","target":["https:\/\/lasentinelle.dz\/index.php\/2024\/03\/31\/examens-nationaux-les-preparatifs-lances\/"]}]},{"@type":"ImageObject","inLanguage":"fr-FR","@id":"https:\/\/lasentinelle.dz\/index.php\/2024\/03\/31\/examens-nationaux-les-preparatifs-lances\/#primaryimage","url":"https:\/\/lasentinelle.dz\/wp-content\/uploads\/2023\/06\/examens.png","contentUrl":"https:\/\/lasentinelle.dz\/wp-content\/uploads\/2023\/06\/examens.png","width":1355,"height":900},{"@type":"BreadcrumbList","@id":"https:\/\/lasentinelle.dz\/index.php\/2024\/03\/31\/examens-nationaux-les-preparatifs-lances\/#breadcrumb","itemListElement":[{"@type":"ListItem","position":1,"name":"Accueil","item":"https:\/\/lasentinelle.dz\/"},{"@type":"ListItem","position":2,"name":"Examens nationaux\u00a0: Les pr\u00e9paratifs lanc\u00e9s"}]},{"@type":"WebSite","@id":"https:\/\/lasentinelle.dz\/#website","url":"https:\/\/lasentinelle.dz\/","name":"La Sentinelle","description":"Quotidien national d&#039;information","publisher":{"@id":"https:\/\/lasentinelle.dz\/#organization"},"potentialAction":[{"@type":"SearchAction","target":{"@type":"EntryPoint","urlTemplate":"https:\/\/lasentinelle.dz\/?s={search_term_string}"},"query-input":{"@type":"PropertyValueSpecification","valueRequired":true,"valueName":"search_term_string"}}],"inLanguage":"fr-FR"},{"@type":"Organization","@id":"https:\/\/lasentinelle.dz\/#organization","name":"Quotidien La Sentinelle","url":"https:\/\/lasentinelle.dz\/","logo":{"@type":"ImageObject","inLanguage":"fr-FR","@id":"https:\/\/lasentinelle.dz\/#\/schema\/logo\/image\/","url":"https:\/\/lasentinelle.dz\/wp-content\/uploads\/2021\/09\/logo-sentinelleSLOGAN-1.png","contentUrl":"https:\/\/lasentinelle.dz\/wp-content\/uploads\/2021\/09\/logo-sentinelleSLOGAN-1.png","width":615,"height":142,"caption":"Quotidien La Sentinelle"},"image":{"@id":"https:\/\/lasentinelle.dz\/#\/schema\/logo\/image\/"},"sameAs":["https:\/\/www.facebook.com\/La-Sentinelle-104059864394773"]},{"@type":"Person","@id":"https:\/\/lasentinelle.dz\/#\/schema\/person\/d865044e22e70a75174ce8bcad3acfb3","name":"La Sentinelle","image":{"@type":"ImageObject","inLanguage":"fr-FR","@id":"https:\/\/secure.gravatar.com\/avatar\/57de8e5d4b15d43fb361a71fbb36338450fe67865b528a43dd10ef7c51a20392?s=96&d=mm&r=g","url":"https:\/\/secure.gravatar.com\/avatar\/57de8e5d4b15d43fb361a71fbb36338450fe67865b528a43dd10ef7c51a20392?s=96&d=mm&r=g","contentUrl":"https:\/\/secure.gravatar.com\/avatar\/57de8e5d4b15d43fb361a71fbb36338450fe67865b528a43dd10ef7c51a20392?s=96&d=mm&r=g","caption":"La Sentinelle"},"sameAs":["http:\/\/www.lasentinelle.dz"],"url":"https:\/\/lasentinelle.dz\/author\/redaction\/"}]}},"_links":{"self":[{"href":"https:\/\/lasentinelle.dz\/index.php\/wp-json\/wp\/v2\/posts\/50835","targetHints":{"allow":["GET"]}}],"collection":[{"href":"https:\/\/lasentinelle.dz\/index.php\/wp-json\/wp\/v2\/posts"}],"about":[{"href":"https:\/\/lasentinelle.dz\/index.php\/wp-json\/wp\/v2\/types\/post"}],"author":[{"embeddable":true,"href":"https:\/\/lasentinelle.dz\/index.php\/wp-json\/wp\/v2\/users\/3"}],"replies":[{"embeddable":true,"href":"https:\/\/lasentinelle.dz\/index.php\/wp-json\/wp\/v2\/comments?post=50835"}],"version-history":[{"count":1,"href":"https:\/\/lasentinelle.dz\/index.php\/wp-json\/wp\/v2\/posts\/50835\/revisions"}],"predecessor-version":[{"id":50836,"href":"https:\/\/lasentinelle.dz\/index.php\/wp-json\/wp\/v2\/posts\/50835\/revisions\/50836"}],"wp:featuredmedia":[{"embeddable":true,"href":"https:\/\/lasentinelle.dz\/index.php\/wp-json\/wp\/v2\/media\/42259"}],"wp:attachment":[{"href":"https:\/\/lasentinelle.dz\/index.php\/wp-json\/wp\/v2\/media?parent=50835"}],"wp:term":[{"taxonomy":"category","embeddable":true,"href":"https:\/\/lasentinelle.dz\/index.php\/wp-json\/wp\/v2\/categories?post=50835"},{"taxonomy":"post_tag","embeddable":true,"href":"https:\/\/lasentinelle.dz\/index.php\/wp-json\/wp\/v2\/tags?post=50835"}],"curies":[{"name":"wp","href":"https:\/\/api.w.org\/{rel}","templated":true}]}}