{"id":50847,"date":"2024-04-01T07:27:00","date_gmt":"2024-04-01T06:27:00","guid":{"rendered":"https:\/\/lasentinelle.dz\/?p=50847"},"modified":"2024-04-01T13:28:38","modified_gmt":"2024-04-01T12:28:38","slug":"syrie-une-voiture-piegee-dans-un-marche-fait-au-moins-huit-morts","status":"publish","type":"post","link":"https:\/\/lasentinelle.dz\/index.php\/2024\/04\/01\/syrie-une-voiture-piegee-dans-un-marche-fait-au-moins-huit-morts\/","title":{"rendered":"Syrie\u00a0: Une voiture pi\u00e9g\u00e9e dans un march\u00e9 fait au moins huit morts"},"content":{"rendered":"\n<p>Une voiture pi\u00e9g\u00e9e a explos\u00e9 t\u00f4t hier matin sur un march\u00e9 d&rsquo;une ville du nord de la Syrie, tuant au moins huit personnes et en blessant plus de 20, a indiqu\u00e9 l&rsquo;Observatoire syrien des droits de l&rsquo;homme (OSDH).<\/p>\n\n\n\n<p>L&rsquo;explosion survenue \u00e0 Azaz, dans la province d&rsquo;Alep, s&rsquo;est produite peu apr\u00e8s minuit, alors que la foule faisait des achats tardifs, comme c&rsquo;est le cas habituellement au cours du mois de Ramadan, selon un correspondant de l&rsquo;AFP. Au moins \u00ab\u00a0huit personnes ont \u00e9t\u00e9 tu\u00e9es et 23 autres bless\u00e9es\u00a0\u00bb quand \u00ab\u00a0une voiture pi\u00e9g\u00e9e a explos\u00e9 en plein march\u00e9\u00a0\u00bb \u00e0 Azaz, a indiqu\u00e9 l&rsquo;ONG, pr\u00e9cisant que le bilan \u00e9tait provisoire. Selon l&rsquo;Observatoire, bas\u00e9 en Grande-Bretagne mais qui dispose d&rsquo;un important r\u00e9seau de sources en Syrie, l&rsquo;explosion a caus\u00e9 des \u00ab\u00a0d\u00e9g\u00e2ts importants\u00a0\u00bb et d\u00e9clench\u00e9 un incendie. Un responsable de la police locale, qui a requis l&rsquo;anonymat, a affirm\u00e9 qu&rsquo;il n&rsquo;\u00e9tait pas clair qui \u00e9tait derri\u00e8re l&rsquo;explosion, alors que le groupe Etat islamique (EI), les forces kurdes ou d&rsquo;autres groupes arm\u00e9s figurent parmi les suspects potentiels. La police a \u00ab\u00a0renforc\u00e9 tous les points de contr\u00f4le\u00a0\u00bb et v\u00e9rifie les cam\u00e9ras de surveillance, a ajout\u00e9 le responsable.<\/p>\n\n\n\n<p>Khaled el-Nowmeh, 36 ans, qui tient une pharmacie \u00e0 Azaz, raconte \u00eatre all\u00e9 au march\u00e9 avec sa femme et ses enfants pour acheter des v\u00eatements lorsque l&rsquo;explosion est survenue. \u00ab\u00a0Nous avons entendu le bruit et nous avons couru (&#8230;) mon fils s&rsquo;est mis \u00e0 pleurer\u00a0\u00bb, a-t-il t\u00e9moign\u00e9. Thaer Hafar, 34 ans, qui travaille dans un magasin \u00e0 Azaz, a d\u00e9clar\u00e9 pour part qu&rsquo;il se rendait au march\u00e9, en famille, lorsque l&rsquo;explosion a eu lieu. \u00ab\u00a0Nous n&rsquo;avons entendu que l&rsquo;explosion\u00a0\u00bb, a-t-il dit, ajoutant que les personnes pr\u00e9sentes \u00e9taient terrifi\u00e9es \u00e0 l&rsquo;id\u00e9e d&rsquo;une possible seconde voiture pi\u00e9g\u00e9e. Au d\u00e9but du mois, un homme a \u00e9t\u00e9 tu\u00e9 et deux policiers militaires ont \u00e9t\u00e9 bless\u00e9s lorsqu&rsquo;une voiture pi\u00e9g\u00e9e a explos\u00e9 \u00e0 un poste de contr\u00f4le dans la ville frontali\u00e8re d&rsquo;Al-Rai, \u00e0 l&rsquo;est d&rsquo;Azaz, rappelle l&rsquo;OSDH. Cette semaine, plusieurs membres de l&rsquo;EI se sont \u00e9chapp\u00e9s d&rsquo;une prison dans la r\u00e9gion d&rsquo;Afrin, \u00e0 l&rsquo;ouest d&rsquo;Azaz, selon cette ONG. L&rsquo;OSDH avait annonc\u00e9 un peu plus t\u00f4t samedi que 52 soldats et combattants syriens et du Hezbollah libanais avaient \u00e9t\u00e9 tu\u00e9s dans les frappes sioniste vendredi \u00e0 Alep.<\/p>\n\n\n\n<p>R.I. avec agences<\/p>\n","protected":false},"excerpt":{"rendered":"<p>Une voiture pi\u00e9g\u00e9e a explos\u00e9 t\u00f4t hier matin sur un march\u00e9 d&rsquo;une ville du nord de la Syrie, tuant au<\/p>\n","protected":false},"author":3,"featured_media":50848,"comment_status":"open","ping_status":"closed","sticky":false,"template":"","format":"standard","meta":{"colormag_page_container_layout":"default_layout","colormag_page_sidebar_layout":"default_layout","om_disable_all_campaigns":false,"_monsterinsights_skip_tracking":false,"_monsterinsights_sitenote_active":false,"_monsterinsights_sitenote_note":"","_monsterinsights_sitenote_category":0,"footnotes":"","_wpscppro_dont_share_socialmedia":false,"_wpscppro_custom_social_share_image":0,"_facebook_share_type":"","_twitter_share_type":"","_linkedin_share_type":"","_pinterest_share_type":"","_linkedin_share_type_page":"","_instagram_share_type":"","_medium_share_type":"","_threads_share_type":"","_google_business_share_type":"","_selected_social_profile":[],"_wpsp_enable_custom_social_template":false,"_wpsp_social_scheduling":{"enabled":false,"datetime":null,"platforms":[],"status":"template_only","dateOption":"today","timeOption":"now","customDays":"","customHours":"","customDate":"","customTime":"","schedulingType":"absolute"},"_wpsp_active_default_template":true},"categories":[37],"tags":[],"class_list":["post-50847","post","type-post","status-publish","format-standard","has-post-thumbnail","hentry","category-monde"],"aioseo_notices":[],"yoast_head":"<!-- This site is optimized with the Yoast SEO plugin v27.5 - https:\/\/yoast.com\/product\/yoast-seo-wordpress\/ -->\n<title>Syrie\u00a0: Une voiture pi\u00e9g\u00e9e dans un march\u00e9 fait au moins huit morts - La Sentinelle<\/title>\n<meta name=\"robots\" content=\"index, follow, max-snippet:-1, max-image-preview:large, max-video-preview:-1\" \/>\n<link rel=\"canonical\" href=\"https:\/\/lasentinelle.dz\/index.php\/2024\/04\/01\/syrie-une-voiture-piegee-dans-un-marche-fait-au-moins-huit-morts\/\" \/>\n<meta property=\"og:locale\" content=\"fr_FR\" \/>\n<meta property=\"og:type\" content=\"article\" \/>\n<meta property=\"og:title\" content=\"Syrie\u00a0: Une voiture pi\u00e9g\u00e9e dans un march\u00e9 fait au moins huit morts - La Sentinelle\" \/>\n<meta property=\"og:description\" content=\"Une voiture pi\u00e9g\u00e9e a explos\u00e9 t\u00f4t hier matin sur un march\u00e9 d&rsquo;une ville du nord de la Syrie, tuant au\" \/>\n<meta property=\"og:url\" content=\"https:\/\/lasentinelle.dz\/index.php\/2024\/04\/01\/syrie-une-voiture-piegee-dans-un-marche-fait-au-moins-huit-morts\/\" \/>\n<meta property=\"og:site_name\" content=\"La Sentinelle\" \/>\n<meta property=\"article:publisher\" content=\"https:\/\/www.facebook.com\/La-Sentinelle-104059864394773\" \/>\n<meta property=\"article:published_time\" content=\"2024-04-01T06:27:00+00:00\" \/>\n<meta property=\"article:modified_time\" content=\"2024-04-01T12:28:38+00:00\" \/>\n<meta property=\"og:image\" content=\"https:\/\/lasentinelle.dz\/wp-content\/uploads\/2024\/04\/syrie.webp\" \/>\n\t<meta property=\"og:image:width\" content=\"760\" \/>\n\t<meta property=\"og:image:height\" content=\"507\" \/>\n\t<meta property=\"og:image:type\" content=\"image\/webp\" \/>\n<meta name=\"author\" content=\"La Sentinelle\" \/>\n<meta name=\"twitter:card\" content=\"summary_large_image\" \/>\n<meta name=\"twitter:label1\" content=\"\u00c9crit par\" \/>\n\t<meta name=\"twitter:data1\" content=\"La Sentinelle\" \/>\n\t<meta name=\"twitter:label2\" content=\"Dur\u00e9e de lecture estim\u00e9e\" \/>\n\t<meta name=\"twitter:data2\" content=\"3 minutes\" \/>\n<script type=\"application\/ld+json\" class=\"yoast-schema-graph\">{\"@context\":\"https:\\\/\\\/schema.org\",\"@graph\":[{\"@type\":\"Article\",\"@id\":\"https:\\\/\\\/lasentinelle.dz\\\/index.php\\\/2024\\\/04\\\/01\\\/syrie-une-voiture-piegee-dans-un-marche-fait-au-moins-huit-morts\\\/#article\",\"isPartOf\":{\"@id\":\"https:\\\/\\\/lasentinelle.dz\\\/index.php\\\/2024\\\/04\\\/01\\\/syrie-une-voiture-piegee-dans-un-marche-fait-au-moins-huit-morts\\\/\"},\"author\":{\"name\":\"La Sentinelle\",\"@id\":\"https:\\\/\\\/lasentinelle.dz\\\/#\\\/schema\\\/person\\\/d865044e22e70a75174ce8bcad3acfb3\"},\"headline\":\"Syrie\u00a0: Une voiture pi\u00e9g\u00e9e dans un march\u00e9 fait au moins huit morts\",\"datePublished\":\"2024-04-01T06:27:00+00:00\",\"dateModified\":\"2024-04-01T12:28:38+00:00\",\"mainEntityOfPage\":{\"@id\":\"https:\\\/\\\/lasentinelle.dz\\\/index.php\\\/2024\\\/04\\\/01\\\/syrie-une-voiture-piegee-dans-un-marche-fait-au-moins-huit-morts\\\/\"},\"wordCount\":443,\"commentCount\":0,\"publisher\":{\"@id\":\"https:\\\/\\\/lasentinelle.dz\\\/#organization\"},\"image\":{\"@id\":\"https:\\\/\\\/lasentinelle.dz\\\/index.php\\\/2024\\\/04\\\/01\\\/syrie-une-voiture-piegee-dans-un-marche-fait-au-moins-huit-morts\\\/#primaryimage\"},\"thumbnailUrl\":\"https:\\\/\\\/lasentinelle.dz\\\/wp-content\\\/uploads\\\/2024\\\/04\\\/syrie.webp\",\"articleSection\":[\"Monde\"],\"inLanguage\":\"fr-FR\",\"potentialAction\":[{\"@type\":\"CommentAction\",\"name\":\"Comment\",\"target\":[\"https:\\\/\\\/lasentinelle.dz\\\/index.php\\\/2024\\\/04\\\/01\\\/syrie-une-voiture-piegee-dans-un-marche-fait-au-moins-huit-morts\\\/#respond\"]}]},{\"@type\":\"WebPage\",\"@id\":\"https:\\\/\\\/lasentinelle.dz\\\/index.php\\\/2024\\\/04\\\/01\\\/syrie-une-voiture-piegee-dans-un-marche-fait-au-moins-huit-morts\\\/\",\"url\":\"https:\\\/\\\/lasentinelle.dz\\\/index.php\\\/2024\\\/04\\\/01\\\/syrie-une-voiture-piegee-dans-un-marche-fait-au-moins-huit-morts\\\/\",\"name\":\"Syrie\u00a0: Une voiture pi\u00e9g\u00e9e dans un march\u00e9 fait au moins huit morts - La Sentinelle\",\"isPartOf\":{\"@id\":\"https:\\\/\\\/lasentinelle.dz\\\/#website\"},\"primaryImageOfPage\":{\"@id\":\"https:\\\/\\\/lasentinelle.dz\\\/index.php\\\/2024\\\/04\\\/01\\\/syrie-une-voiture-piegee-dans-un-marche-fait-au-moins-huit-morts\\\/#primaryimage\"},\"image\":{\"@id\":\"https:\\\/\\\/lasentinelle.dz\\\/index.php\\\/2024\\\/04\\\/01\\\/syrie-une-voiture-piegee-dans-un-marche-fait-au-moins-huit-morts\\\/#primaryimage\"},\"thumbnailUrl\":\"https:\\\/\\\/lasentinelle.dz\\\/wp-content\\\/uploads\\\/2024\\\/04\\\/syrie.webp\",\"datePublished\":\"2024-04-01T06:27:00+00:00\",\"dateModified\":\"2024-04-01T12:28:38+00:00\",\"breadcrumb\":{\"@id\":\"https:\\\/\\\/lasentinelle.dz\\\/index.php\\\/2024\\\/04\\\/01\\\/syrie-une-voiture-piegee-dans-un-marche-fait-au-moins-huit-morts\\\/#breadcrumb\"},\"inLanguage\":\"fr-FR\",\"potentialAction\":[{\"@type\":\"ReadAction\",\"target\":[\"https:\\\/\\\/lasentinelle.dz\\\/index.php\\\/2024\\\/04\\\/01\\\/syrie-une-voiture-piegee-dans-un-marche-fait-au-moins-huit-morts\\\/\"]}]},{\"@type\":\"ImageObject\",\"inLanguage\":\"fr-FR\",\"@id\":\"https:\\\/\\\/lasentinelle.dz\\\/index.php\\\/2024\\\/04\\\/01\\\/syrie-une-voiture-piegee-dans-un-marche-fait-au-moins-huit-morts\\\/#primaryimage\",\"url\":\"https:\\\/\\\/lasentinelle.dz\\\/wp-content\\\/uploads\\\/2024\\\/04\\\/syrie.webp\",\"contentUrl\":\"https:\\\/\\\/lasentinelle.dz\\\/wp-content\\\/uploads\\\/2024\\\/04\\\/syrie.webp\",\"width\":760,\"height\":507},{\"@type\":\"BreadcrumbList\",\"@id\":\"https:\\\/\\\/lasentinelle.dz\\\/index.php\\\/2024\\\/04\\\/01\\\/syrie-une-voiture-piegee-dans-un-marche-fait-au-moins-huit-morts\\\/#breadcrumb\",\"itemListElement\":[{\"@type\":\"ListItem\",\"position\":1,\"name\":\"Accueil\",\"item\":\"https:\\\/\\\/lasentinelle.dz\\\/\"},{\"@type\":\"ListItem\",\"position\":2,\"name\":\"Syrie\u00a0: Une voiture pi\u00e9g\u00e9e dans un march\u00e9 fait au moins huit morts\"}]},{\"@type\":\"WebSite\",\"@id\":\"https:\\\/\\\/lasentinelle.dz\\\/#website\",\"url\":\"https:\\\/\\\/lasentinelle.dz\\\/\",\"name\":\"La Sentinelle\",\"description\":\"Quotidien national d&#039;information\",\"publisher\":{\"@id\":\"https:\\\/\\\/lasentinelle.dz\\\/#organization\"},\"potentialAction\":[{\"@type\":\"SearchAction\",\"target\":{\"@type\":\"EntryPoint\",\"urlTemplate\":\"https:\\\/\\\/lasentinelle.dz\\\/?s={search_term_string}\"},\"query-input\":{\"@type\":\"PropertyValueSpecification\",\"valueRequired\":true,\"valueName\":\"search_term_string\"}}],\"inLanguage\":\"fr-FR\"},{\"@type\":\"Organization\",\"@id\":\"https:\\\/\\\/lasentinelle.dz\\\/#organization\",\"name\":\"Quotidien La Sentinelle\",\"url\":\"https:\\\/\\\/lasentinelle.dz\\\/\",\"logo\":{\"@type\":\"ImageObject\",\"inLanguage\":\"fr-FR\",\"@id\":\"https:\\\/\\\/lasentinelle.dz\\\/#\\\/schema\\\/logo\\\/image\\\/\",\"url\":\"https:\\\/\\\/lasentinelle.dz\\\/wp-content\\\/uploads\\\/2021\\\/09\\\/logo-sentinelleSLOGAN-1.png\",\"contentUrl\":\"https:\\\/\\\/lasentinelle.dz\\\/wp-content\\\/uploads\\\/2021\\\/09\\\/logo-sentinelleSLOGAN-1.png\",\"width\":615,\"height\":142,\"caption\":\"Quotidien La Sentinelle\"},\"image\":{\"@id\":\"https:\\\/\\\/lasentinelle.dz\\\/#\\\/schema\\\/logo\\\/image\\\/\"},\"sameAs\":[\"https:\\\/\\\/www.facebook.com\\\/La-Sentinelle-104059864394773\"]},{\"@type\":\"Person\",\"@id\":\"https:\\\/\\\/lasentinelle.dz\\\/#\\\/schema\\\/person\\\/d865044e22e70a75174ce8bcad3acfb3\",\"name\":\"La Sentinelle\",\"image\":{\"@type\":\"ImageObject\",\"inLanguage\":\"fr-FR\",\"@id\":\"https:\\\/\\\/secure.gravatar.com\\\/avatar\\\/57de8e5d4b15d43fb361a71fbb36338450fe67865b528a43dd10ef7c51a20392?s=96&d=mm&r=g\",\"url\":\"https:\\\/\\\/secure.gravatar.com\\\/avatar\\\/57de8e5d4b15d43fb361a71fbb36338450fe67865b528a43dd10ef7c51a20392?s=96&d=mm&r=g\",\"contentUrl\":\"https:\\\/\\\/secure.gravatar.com\\\/avatar\\\/57de8e5d4b15d43fb361a71fbb36338450fe67865b528a43dd10ef7c51a20392?s=96&d=mm&r=g\",\"caption\":\"La Sentinelle\"},\"sameAs\":[\"http:\\\/\\\/www.lasentinelle.dz\"],\"url\":\"https:\\\/\\\/lasentinelle.dz\\\/author\\\/redaction\\\/\"}]}<\/script>\n<!-- \/ Yoast SEO plugin. -->","yoast_head_json":{"title":"Syrie\u00a0: Une voiture pi\u00e9g\u00e9e dans un march\u00e9 fait au moins huit morts - La Sentinelle","robots":{"index":"index","follow":"follow","max-snippet":"max-snippet:-1","max-image-preview":"max-image-preview:large","max-video-preview":"max-video-preview:-1"},"canonical":"https:\/\/lasentinelle.dz\/index.php\/2024\/04\/01\/syrie-une-voiture-piegee-dans-un-marche-fait-au-moins-huit-morts\/","og_locale":"fr_FR","og_type":"article","og_title":"Syrie\u00a0: Une voiture pi\u00e9g\u00e9e dans un march\u00e9 fait au moins huit morts - La Sentinelle","og_description":"Une voiture pi\u00e9g\u00e9e a explos\u00e9 t\u00f4t hier matin sur un march\u00e9 d&rsquo;une ville du nord de la Syrie, tuant au","og_url":"https:\/\/lasentinelle.dz\/index.php\/2024\/04\/01\/syrie-une-voiture-piegee-dans-un-marche-fait-au-moins-huit-morts\/","og_site_name":"La Sentinelle","article_publisher":"https:\/\/www.facebook.com\/La-Sentinelle-104059864394773","article_published_time":"2024-04-01T06:27:00+00:00","article_modified_time":"2024-04-01T12:28:38+00:00","og_image":[{"width":760,"height":507,"url":"https:\/\/lasentinelle.dz\/wp-content\/uploads\/2024\/04\/syrie.webp","type":"image\/webp"}],"author":"La Sentinelle","twitter_card":"summary_large_image","twitter_misc":{"\u00c9crit par":"La Sentinelle","Dur\u00e9e de lecture estim\u00e9e":"3 minutes"},"schema":{"@context":"https:\/\/schema.org","@graph":[{"@type":"Article","@id":"https:\/\/lasentinelle.dz\/index.php\/2024\/04\/01\/syrie-une-voiture-piegee-dans-un-marche-fait-au-moins-huit-morts\/#article","isPartOf":{"@id":"https:\/\/lasentinelle.dz\/index.php\/2024\/04\/01\/syrie-une-voiture-piegee-dans-un-marche-fait-au-moins-huit-morts\/"},"author":{"name":"La Sentinelle","@id":"https:\/\/lasentinelle.dz\/#\/schema\/person\/d865044e22e70a75174ce8bcad3acfb3"},"headline":"Syrie\u00a0: Une voiture pi\u00e9g\u00e9e dans un march\u00e9 fait au moins huit morts","datePublished":"2024-04-01T06:27:00+00:00","dateModified":"2024-04-01T12:28:38+00:00","mainEntityOfPage":{"@id":"https:\/\/lasentinelle.dz\/index.php\/2024\/04\/01\/syrie-une-voiture-piegee-dans-un-marche-fait-au-moins-huit-morts\/"},"wordCount":443,"commentCount":0,"publisher":{"@id":"https:\/\/lasentinelle.dz\/#organization"},"image":{"@id":"https:\/\/lasentinelle.dz\/index.php\/2024\/04\/01\/syrie-une-voiture-piegee-dans-un-marche-fait-au-moins-huit-morts\/#primaryimage"},"thumbnailUrl":"https:\/\/lasentinelle.dz\/wp-content\/uploads\/2024\/04\/syrie.webp","articleSection":["Monde"],"inLanguage":"fr-FR","potentialAction":[{"@type":"CommentAction","name":"Comment","target":["https:\/\/lasentinelle.dz\/index.php\/2024\/04\/01\/syrie-une-voiture-piegee-dans-un-marche-fait-au-moins-huit-morts\/#respond"]}]},{"@type":"WebPage","@id":"https:\/\/lasentinelle.dz\/index.php\/2024\/04\/01\/syrie-une-voiture-piegee-dans-un-marche-fait-au-moins-huit-morts\/","url":"https:\/\/lasentinelle.dz\/index.php\/2024\/04\/01\/syrie-une-voiture-piegee-dans-un-marche-fait-au-moins-huit-morts\/","name":"Syrie\u00a0: Une voiture pi\u00e9g\u00e9e dans un march\u00e9 fait au moins huit morts - La Sentinelle","isPartOf":{"@id":"https:\/\/lasentinelle.dz\/#website"},"primaryImageOfPage":{"@id":"https:\/\/lasentinelle.dz\/index.php\/2024\/04\/01\/syrie-une-voiture-piegee-dans-un-marche-fait-au-moins-huit-morts\/#primaryimage"},"image":{"@id":"https:\/\/lasentinelle.dz\/index.php\/2024\/04\/01\/syrie-une-voiture-piegee-dans-un-marche-fait-au-moins-huit-morts\/#primaryimage"},"thumbnailUrl":"https:\/\/lasentinelle.dz\/wp-content\/uploads\/2024\/04\/syrie.webp","datePublished":"2024-04-01T06:27:00+00:00","dateModified":"2024-04-01T12:28:38+00:00","breadcrumb":{"@id":"https:\/\/lasentinelle.dz\/index.php\/2024\/04\/01\/syrie-une-voiture-piegee-dans-un-marche-fait-au-moins-huit-morts\/#breadcrumb"},"inLanguage":"fr-FR","potentialAction":[{"@type":"ReadAction","target":["https:\/\/lasentinelle.dz\/index.php\/2024\/04\/01\/syrie-une-voiture-piegee-dans-un-marche-fait-au-moins-huit-morts\/"]}]},{"@type":"ImageObject","inLanguage":"fr-FR","@id":"https:\/\/lasentinelle.dz\/index.php\/2024\/04\/01\/syrie-une-voiture-piegee-dans-un-marche-fait-au-moins-huit-morts\/#primaryimage","url":"https:\/\/lasentinelle.dz\/wp-content\/uploads\/2024\/04\/syrie.webp","contentUrl":"https:\/\/lasentinelle.dz\/wp-content\/uploads\/2024\/04\/syrie.webp","width":760,"height":507},{"@type":"BreadcrumbList","@id":"https:\/\/lasentinelle.dz\/index.php\/2024\/04\/01\/syrie-une-voiture-piegee-dans-un-marche-fait-au-moins-huit-morts\/#breadcrumb","itemListElement":[{"@type":"ListItem","position":1,"name":"Accueil","item":"https:\/\/lasentinelle.dz\/"},{"@type":"ListItem","position":2,"name":"Syrie\u00a0: Une voiture pi\u00e9g\u00e9e dans un march\u00e9 fait au moins huit morts"}]},{"@type":"WebSite","@id":"https:\/\/lasentinelle.dz\/#website","url":"https:\/\/lasentinelle.dz\/","name":"La Sentinelle","description":"Quotidien national d&#039;information","publisher":{"@id":"https:\/\/lasentinelle.dz\/#organization"},"potentialAction":[{"@type":"SearchAction","target":{"@type":"EntryPoint","urlTemplate":"https:\/\/lasentinelle.dz\/?s={search_term_string}"},"query-input":{"@type":"PropertyValueSpecification","valueRequired":true,"valueName":"search_term_string"}}],"inLanguage":"fr-FR"},{"@type":"Organization","@id":"https:\/\/lasentinelle.dz\/#organization","name":"Quotidien La Sentinelle","url":"https:\/\/lasentinelle.dz\/","logo":{"@type":"ImageObject","inLanguage":"fr-FR","@id":"https:\/\/lasentinelle.dz\/#\/schema\/logo\/image\/","url":"https:\/\/lasentinelle.dz\/wp-content\/uploads\/2021\/09\/logo-sentinelleSLOGAN-1.png","contentUrl":"https:\/\/lasentinelle.dz\/wp-content\/uploads\/2021\/09\/logo-sentinelleSLOGAN-1.png","width":615,"height":142,"caption":"Quotidien La Sentinelle"},"image":{"@id":"https:\/\/lasentinelle.dz\/#\/schema\/logo\/image\/"},"sameAs":["https:\/\/www.facebook.com\/La-Sentinelle-104059864394773"]},{"@type":"Person","@id":"https:\/\/lasentinelle.dz\/#\/schema\/person\/d865044e22e70a75174ce8bcad3acfb3","name":"La Sentinelle","image":{"@type":"ImageObject","inLanguage":"fr-FR","@id":"https:\/\/secure.gravatar.com\/avatar\/57de8e5d4b15d43fb361a71fbb36338450fe67865b528a43dd10ef7c51a20392?s=96&d=mm&r=g","url":"https:\/\/secure.gravatar.com\/avatar\/57de8e5d4b15d43fb361a71fbb36338450fe67865b528a43dd10ef7c51a20392?s=96&d=mm&r=g","contentUrl":"https:\/\/secure.gravatar.com\/avatar\/57de8e5d4b15d43fb361a71fbb36338450fe67865b528a43dd10ef7c51a20392?s=96&d=mm&r=g","caption":"La Sentinelle"},"sameAs":["http:\/\/www.lasentinelle.dz"],"url":"https:\/\/lasentinelle.dz\/author\/redaction\/"}]}},"_links":{"self":[{"href":"https:\/\/lasentinelle.dz\/index.php\/wp-json\/wp\/v2\/posts\/50847","targetHints":{"allow":["GET"]}}],"collection":[{"href":"https:\/\/lasentinelle.dz\/index.php\/wp-json\/wp\/v2\/posts"}],"about":[{"href":"https:\/\/lasentinelle.dz\/index.php\/wp-json\/wp\/v2\/types\/post"}],"author":[{"embeddable":true,"href":"https:\/\/lasentinelle.dz\/index.php\/wp-json\/wp\/v2\/users\/3"}],"replies":[{"embeddable":true,"href":"https:\/\/lasentinelle.dz\/index.php\/wp-json\/wp\/v2\/comments?post=50847"}],"version-history":[{"count":1,"href":"https:\/\/lasentinelle.dz\/index.php\/wp-json\/wp\/v2\/posts\/50847\/revisions"}],"predecessor-version":[{"id":50849,"href":"https:\/\/lasentinelle.dz\/index.php\/wp-json\/wp\/v2\/posts\/50847\/revisions\/50849"}],"wp:featuredmedia":[{"embeddable":true,"href":"https:\/\/lasentinelle.dz\/index.php\/wp-json\/wp\/v2\/media\/50848"}],"wp:attachment":[{"href":"https:\/\/lasentinelle.dz\/index.php\/wp-json\/wp\/v2\/media?parent=50847"}],"wp:term":[{"taxonomy":"category","embeddable":true,"href":"https:\/\/lasentinelle.dz\/index.php\/wp-json\/wp\/v2\/categories?post=50847"},{"taxonomy":"post_tag","embeddable":true,"href":"https:\/\/lasentinelle.dz\/index.php\/wp-json\/wp\/v2\/tags?post=50847"}],"curies":[{"name":"wp","href":"https:\/\/api.w.org\/{rel}","templated":true}]}}