{"id":50850,"date":"2024-04-01T13:47:24","date_gmt":"2024-04-01T12:47:24","guid":{"rendered":"https:\/\/lasentinelle.dz\/?p=50850"},"modified":"2024-04-01T13:47:28","modified_gmt":"2024-04-01T12:47:28","slug":"tna-beihdja-rahal-presente-la-noubet-mezdj-dil-mdjenba","status":"publish","type":"post","link":"https:\/\/lasentinelle.dz\/index.php\/2024\/04\/01\/tna-beihdja-rahal-presente-la-noubet-mezdj-dil-mdjenba\/","title":{"rendered":"TNA\u00a0: Beihdja Rahal pr\u00e9sente la \u00ab\u00a0Noubet Mezdj Dil-Mdjenba\u00a0\u00bb"},"content":{"rendered":"\n<p>Un concert de musique andalouse a \u00e9t\u00e9 anim\u00e9 samedi soir \u00e0 Alger par la chanteuse Beihdja Rahal, venue \u00e9galement pr\u00e9senter, devant un public recueilli, \u00ab\u00a0Noubet Mezdj Dil-Mdjenba\u00a0\u00bb, son 29e opus r\u00e9cemment sorti.<\/p>\n\n\n\n<p>Accueilli au Th\u00e9\u00e2tre national Mahieddine Bachtarzi (TNA), le concert, organis\u00e9 sous l\u2019\u00e9gide du minist\u00e8re de la Culture et des Arts, a embarqu\u00e9 le public dans un&nbsp; voyage onirique, \u00e0 travers une vingtaine de pi\u00e8ces tir\u00e9es du dernier album et des r\u00e9pertoires multiples de la cantatrice, qui a choisi de rendre un r\u00e9cital de circonstance conforme aux atmosph\u00e8res solennelles du mois sacr\u00e9 du Ramadhan. Dans une ambiance sereine et apais\u00e9e, Beihdja Rahal a su orner les silences, en cr\u00e9ant un sentiment de b\u00e9atitude chez les spectateurs qui ont savour\u00e9, dans la s\u00e9r\u00e9nit\u00e9 et le bien \u00eatre, tous les moments du spectacle, judicieusement construit sur les belles nuances des tons et des couleurs de cette musique savante, entre Inqilabet, H\u2019waza, Madihs et Aroubi, notamment. Dans son accoutrement de haute couture orn\u00e9 de belles broderies traditionnelles, la chanteuse \u00e0 la kouitra et \u00e0 la direction artistique de son orchestre, s&rsquo;est entour\u00e9e du professionnalisme et de la virtuosit\u00e9 des musiciens, Hichem Hassani, El Hadi Boukoura et Mahmoud Boukhefardji aux violons alto, Mansour Brahimi \u00e0 la mandoline, Amine Belounis et Nadji Hamma, aux Ouds, Khaled Ghazi au tar et Sofiane Bouchafa \u00e0 la derbouka. Parmi les pi\u00e8ces entonn\u00e9es par l\u2019artiste, avec une voix pr\u00e9sente et \u00e9toff\u00e9e, \u00e0 la tessiture large, \u00ab\u00a0Zarni el malih wahdou\u00a0\u00bb, \u00ab\u00a0Moudh badet\u00a0\u00bb, \u00ab\u00a0Kaliftou bi badrin\u00a0\u00bb, \u00ab\u00a0Akhdamli saadi\u00a0\u00bb, \u00ab\u00a0inchakawta L\u2019hawa\u00a0\u00bb, \u00ab\u00a0Saber men ketret lem\u2019wadja\u00e2\u00a0\u00bb, \u00ab\u00a0Amchi ya Rassoul\u00a0\u00bb, \u00ab\u00a0Salla Allah \u00e2ala Mohamed, sid a\u00e2bed Allah\u00a0\u00bb, \u00ab\u00a0Koul nour men\u2019Nour El Hachemi kmel\u00a0\u00bb et \u00ab\u00a0Ida daka sadri\u00a0\u00bb. Sur le lit apaisant des variations modales et rythmiques entrainantes, Beihdja Rahal prom\u00e8ne sa voix limpide, et fait montre de toute l&rsquo;\u00e9tendue de ses talents multiples, d&rsquo;instrumentiste et de cantatrice, sur les diff\u00e9rentes pi\u00e8ces rendues, mettant en valeur le g\u00e9nie cr\u00e9atif des ma\u00eetres de la musique andalouse qui ont \u00e9crit ses textes et compos\u00e9 ses airs \u00e0 travers les si\u00e8cles. Les sonorit\u00e9s relev\u00e9es des instruments \u00e0 cordes rappellent la noblesse de la musique andalouse et la beaut\u00e9 m\u00e9lodique, \u00ab\u00a0aux traits classiques et universels\u00a0\u00bb de ses airs entra\u00eenants et prolong\u00e9s, lesquels, de l\u2019avis d\u2019un spectateur, musicien et connaisseur en la mati\u00e8re, \u00ab\u00a0s\u2019ouvriraient bien -malgr\u00e9 les normes conservatrices bien \u00e9tablies de cette musique savante- sur de belles distributions harmoniques\u00a0\u00bb. Dans une atmosph\u00e8re empreinte de spiritualit\u00e9, cr\u00e9\u00e9e entre autre par un \u00e9clairage de \u00ab\u00a0qa\u00e2da andaloussia\u00a0\u00bb, \u00e9l\u00e9ment d\u2019une sc\u00e9nographie traditionnelle de circonstance, faite notamment, de portes orientales dispos\u00e9es de part et d\u2019autre de la sc\u00e8ne, dot\u00e9es d\u2019auvents (Petit toit en saillie), de tambours (heurtoirs) et d\u2019un haut en arc, avec au-dessus, des petites fen\u00eatres derri\u00e8res des grilles, la cantatrice a d\u00e9ploy\u00e9 un programme qui \u00ab\u00a0d\u00e9coulait de source\u00a0\u00bb, car en naturelle ad\u00e9quation avec le ton ramadanesque de la soir\u00e9e. Dans le respect des pr\u00e9ceptes et des normes r\u00e9gissant ce genre d&rsquo;expression relev\u00e9 que lui ont transmis ses ma\u00eetres, Mohamed Kheznadji et Aderrezak Fekhardji notamment, Beihdja Rahal avait d\u00e9clar\u00e9 qu\u2019elle n'\u00a0\u00bbentendait travailler au studio que sur la Nouba\u00a0\u00bb, tout en s&rsquo;ouvrant, bien \u00e9videmment, sur \u00ab\u00a0les autres genres andalous lors des r\u00e9ceptions ou des diverses c\u00e9r\u00e9monies\u00a0\u00bb qu&rsquo;elle anime \u00e9galement. La cantatrice andalouse, une des grandes figures du genre au parcours artistique jalonn\u00e9 jusqu\u2019\u00e0 pr\u00e9sent, par la sortie de 29 albums, qualifie son \u0153uvre de \u00ab\u00a0p\u00e9dagogique\u00a0\u00bb, d\u00e9clarant la d\u00e9dier essentiellement \u00e0 la \u00ab\u00a0sauvegarde et la transmission aux futures g\u00e9n\u00e9rations, de la structure de la nouba et ses contenus selon les pr\u00e9ceptes de l\u2019Ecole San\u00e2a\u00a0\u00bb, qui constitue une partie importante d\u2019un immense legs ancestral porteur d&rsquo;un pan du patrimoine musical alg\u00e9rien dans toute sa grandeur, sa richesse et sa diversit\u00e9\u00a0\u00bb. Beihdja Rahal est attendue, lundi \u00e0 la Maison de la culture Mouloud-Mammeri de Tizi-Ouzou.<\/p>\n\n\n\n<p>APS<\/p>\n","protected":false},"excerpt":{"rendered":"<p>Un concert de musique andalouse a \u00e9t\u00e9 anim\u00e9 samedi soir \u00e0 Alger par la chanteuse Beihdja Rahal, venue \u00e9galement pr\u00e9senter,<\/p>\n","protected":false},"author":3,"featured_media":50851,"comment_status":"open","ping_status":"closed","sticky":false,"template":"","format":"standard","meta":{"colormag_page_container_layout":"default_layout","colormag_page_sidebar_layout":"default_layout","om_disable_all_campaigns":false,"_monsterinsights_skip_tracking":false,"_monsterinsights_sitenote_active":false,"_monsterinsights_sitenote_note":"","_monsterinsights_sitenote_category":0,"footnotes":"","_wpscppro_dont_share_socialmedia":false,"_wpscppro_custom_social_share_image":0,"_facebook_share_type":"","_twitter_share_type":"","_linkedin_share_type":"","_pinterest_share_type":"","_linkedin_share_type_page":"","_instagram_share_type":"","_medium_share_type":"","_threads_share_type":"","_google_business_share_type":"","_selected_social_profile":[],"_wpsp_enable_custom_social_template":false,"_wpsp_social_scheduling":{"enabled":false,"datetime":null,"platforms":[],"status":"template_only","dateOption":"today","timeOption":"now","customDays":"","customHours":"","customDate":"","customTime":"","schedulingType":"absolute"},"_wpsp_active_default_template":true},"categories":[36],"tags":[],"class_list":["post-50850","post","type-post","status-publish","format-standard","has-post-thumbnail","hentry","category-culture"],"aioseo_notices":[],"yoast_head":"<!-- This site is optimized with the Yoast SEO plugin v27.5 - https:\/\/yoast.com\/product\/yoast-seo-wordpress\/ -->\n<title>TNA\u00a0: Beihdja Rahal pr\u00e9sente la \u00ab\u00a0Noubet Mezdj Dil-Mdjenba\u00a0\u00bb - La Sentinelle<\/title>\n<meta name=\"robots\" content=\"index, follow, max-snippet:-1, max-image-preview:large, max-video-preview:-1\" \/>\n<link rel=\"canonical\" href=\"https:\/\/lasentinelle.dz\/index.php\/2024\/04\/01\/tna-beihdja-rahal-presente-la-noubet-mezdj-dil-mdjenba\/\" \/>\n<meta property=\"og:locale\" content=\"fr_FR\" \/>\n<meta property=\"og:type\" content=\"article\" \/>\n<meta property=\"og:title\" content=\"TNA\u00a0: Beihdja Rahal pr\u00e9sente la \u00ab\u00a0Noubet Mezdj Dil-Mdjenba\u00a0\u00bb - La Sentinelle\" \/>\n<meta property=\"og:description\" content=\"Un concert de musique andalouse a \u00e9t\u00e9 anim\u00e9 samedi soir \u00e0 Alger par la chanteuse Beihdja Rahal, venue \u00e9galement pr\u00e9senter,\" \/>\n<meta property=\"og:url\" content=\"https:\/\/lasentinelle.dz\/index.php\/2024\/04\/01\/tna-beihdja-rahal-presente-la-noubet-mezdj-dil-mdjenba\/\" \/>\n<meta property=\"og:site_name\" content=\"La Sentinelle\" \/>\n<meta property=\"article:publisher\" content=\"https:\/\/www.facebook.com\/La-Sentinelle-104059864394773\" \/>\n<meta property=\"article:published_time\" content=\"2024-04-01T12:47:24+00:00\" \/>\n<meta property=\"article:modified_time\" content=\"2024-04-01T12:47:28+00:00\" \/>\n<meta property=\"og:image\" content=\"https:\/\/lasentinelle.dz\/wp-content\/uploads\/2024\/04\/Beihdja-Rahal.jpeg\" \/>\n\t<meta property=\"og:image:width\" content=\"640\" \/>\n\t<meta property=\"og:image:height\" content=\"640\" \/>\n\t<meta property=\"og:image:type\" content=\"image\/jpeg\" \/>\n<meta name=\"author\" content=\"La Sentinelle\" \/>\n<meta name=\"twitter:card\" content=\"summary_large_image\" \/>\n<meta name=\"twitter:label1\" content=\"\u00c9crit par\" \/>\n\t<meta name=\"twitter:data1\" content=\"La Sentinelle\" \/>\n\t<meta name=\"twitter:label2\" content=\"Dur\u00e9e de lecture estim\u00e9e\" \/>\n\t<meta name=\"twitter:data2\" content=\"4 minutes\" \/>\n<script type=\"application\/ld+json\" class=\"yoast-schema-graph\">{\"@context\":\"https:\\\/\\\/schema.org\",\"@graph\":[{\"@type\":\"Article\",\"@id\":\"https:\\\/\\\/lasentinelle.dz\\\/index.php\\\/2024\\\/04\\\/01\\\/tna-beihdja-rahal-presente-la-noubet-mezdj-dil-mdjenba\\\/#article\",\"isPartOf\":{\"@id\":\"https:\\\/\\\/lasentinelle.dz\\\/index.php\\\/2024\\\/04\\\/01\\\/tna-beihdja-rahal-presente-la-noubet-mezdj-dil-mdjenba\\\/\"},\"author\":{\"name\":\"La Sentinelle\",\"@id\":\"https:\\\/\\\/lasentinelle.dz\\\/#\\\/schema\\\/person\\\/d865044e22e70a75174ce8bcad3acfb3\"},\"headline\":\"TNA\u00a0: Beihdja Rahal pr\u00e9sente la \u00ab\u00a0Noubet Mezdj Dil-Mdjenba\u00a0\u00bb\",\"datePublished\":\"2024-04-01T12:47:24+00:00\",\"dateModified\":\"2024-04-01T12:47:28+00:00\",\"mainEntityOfPage\":{\"@id\":\"https:\\\/\\\/lasentinelle.dz\\\/index.php\\\/2024\\\/04\\\/01\\\/tna-beihdja-rahal-presente-la-noubet-mezdj-dil-mdjenba\\\/\"},\"wordCount\":705,\"commentCount\":0,\"publisher\":{\"@id\":\"https:\\\/\\\/lasentinelle.dz\\\/#organization\"},\"image\":{\"@id\":\"https:\\\/\\\/lasentinelle.dz\\\/index.php\\\/2024\\\/04\\\/01\\\/tna-beihdja-rahal-presente-la-noubet-mezdj-dil-mdjenba\\\/#primaryimage\"},\"thumbnailUrl\":\"https:\\\/\\\/lasentinelle.dz\\\/wp-content\\\/uploads\\\/2024\\\/04\\\/Beihdja-Rahal.jpeg\",\"articleSection\":[\"Culture\"],\"inLanguage\":\"fr-FR\",\"potentialAction\":[{\"@type\":\"CommentAction\",\"name\":\"Comment\",\"target\":[\"https:\\\/\\\/lasentinelle.dz\\\/index.php\\\/2024\\\/04\\\/01\\\/tna-beihdja-rahal-presente-la-noubet-mezdj-dil-mdjenba\\\/#respond\"]}]},{\"@type\":\"WebPage\",\"@id\":\"https:\\\/\\\/lasentinelle.dz\\\/index.php\\\/2024\\\/04\\\/01\\\/tna-beihdja-rahal-presente-la-noubet-mezdj-dil-mdjenba\\\/\",\"url\":\"https:\\\/\\\/lasentinelle.dz\\\/index.php\\\/2024\\\/04\\\/01\\\/tna-beihdja-rahal-presente-la-noubet-mezdj-dil-mdjenba\\\/\",\"name\":\"TNA\u00a0: Beihdja Rahal pr\u00e9sente la \u00ab\u00a0Noubet Mezdj Dil-Mdjenba\u00a0\u00bb - La Sentinelle\",\"isPartOf\":{\"@id\":\"https:\\\/\\\/lasentinelle.dz\\\/#website\"},\"primaryImageOfPage\":{\"@id\":\"https:\\\/\\\/lasentinelle.dz\\\/index.php\\\/2024\\\/04\\\/01\\\/tna-beihdja-rahal-presente-la-noubet-mezdj-dil-mdjenba\\\/#primaryimage\"},\"image\":{\"@id\":\"https:\\\/\\\/lasentinelle.dz\\\/index.php\\\/2024\\\/04\\\/01\\\/tna-beihdja-rahal-presente-la-noubet-mezdj-dil-mdjenba\\\/#primaryimage\"},\"thumbnailUrl\":\"https:\\\/\\\/lasentinelle.dz\\\/wp-content\\\/uploads\\\/2024\\\/04\\\/Beihdja-Rahal.jpeg\",\"datePublished\":\"2024-04-01T12:47:24+00:00\",\"dateModified\":\"2024-04-01T12:47:28+00:00\",\"breadcrumb\":{\"@id\":\"https:\\\/\\\/lasentinelle.dz\\\/index.php\\\/2024\\\/04\\\/01\\\/tna-beihdja-rahal-presente-la-noubet-mezdj-dil-mdjenba\\\/#breadcrumb\"},\"inLanguage\":\"fr-FR\",\"potentialAction\":[{\"@type\":\"ReadAction\",\"target\":[\"https:\\\/\\\/lasentinelle.dz\\\/index.php\\\/2024\\\/04\\\/01\\\/tna-beihdja-rahal-presente-la-noubet-mezdj-dil-mdjenba\\\/\"]}]},{\"@type\":\"ImageObject\",\"inLanguage\":\"fr-FR\",\"@id\":\"https:\\\/\\\/lasentinelle.dz\\\/index.php\\\/2024\\\/04\\\/01\\\/tna-beihdja-rahal-presente-la-noubet-mezdj-dil-mdjenba\\\/#primaryimage\",\"url\":\"https:\\\/\\\/lasentinelle.dz\\\/wp-content\\\/uploads\\\/2024\\\/04\\\/Beihdja-Rahal.jpeg\",\"contentUrl\":\"https:\\\/\\\/lasentinelle.dz\\\/wp-content\\\/uploads\\\/2024\\\/04\\\/Beihdja-Rahal.jpeg\",\"width\":640,\"height\":640},{\"@type\":\"BreadcrumbList\",\"@id\":\"https:\\\/\\\/lasentinelle.dz\\\/index.php\\\/2024\\\/04\\\/01\\\/tna-beihdja-rahal-presente-la-noubet-mezdj-dil-mdjenba\\\/#breadcrumb\",\"itemListElement\":[{\"@type\":\"ListItem\",\"position\":1,\"name\":\"Accueil\",\"item\":\"https:\\\/\\\/lasentinelle.dz\\\/\"},{\"@type\":\"ListItem\",\"position\":2,\"name\":\"TNA\u00a0: Beihdja Rahal pr\u00e9sente la \u00ab\u00a0Noubet Mezdj Dil-Mdjenba\u00a0\u00bb\"}]},{\"@type\":\"WebSite\",\"@id\":\"https:\\\/\\\/lasentinelle.dz\\\/#website\",\"url\":\"https:\\\/\\\/lasentinelle.dz\\\/\",\"name\":\"La Sentinelle\",\"description\":\"Quotidien national d&#039;information\",\"publisher\":{\"@id\":\"https:\\\/\\\/lasentinelle.dz\\\/#organization\"},\"potentialAction\":[{\"@type\":\"SearchAction\",\"target\":{\"@type\":\"EntryPoint\",\"urlTemplate\":\"https:\\\/\\\/lasentinelle.dz\\\/?s={search_term_string}\"},\"query-input\":{\"@type\":\"PropertyValueSpecification\",\"valueRequired\":true,\"valueName\":\"search_term_string\"}}],\"inLanguage\":\"fr-FR\"},{\"@type\":\"Organization\",\"@id\":\"https:\\\/\\\/lasentinelle.dz\\\/#organization\",\"name\":\"Quotidien La Sentinelle\",\"url\":\"https:\\\/\\\/lasentinelle.dz\\\/\",\"logo\":{\"@type\":\"ImageObject\",\"inLanguage\":\"fr-FR\",\"@id\":\"https:\\\/\\\/lasentinelle.dz\\\/#\\\/schema\\\/logo\\\/image\\\/\",\"url\":\"https:\\\/\\\/lasentinelle.dz\\\/wp-content\\\/uploads\\\/2021\\\/09\\\/logo-sentinelleSLOGAN-1.png\",\"contentUrl\":\"https:\\\/\\\/lasentinelle.dz\\\/wp-content\\\/uploads\\\/2021\\\/09\\\/logo-sentinelleSLOGAN-1.png\",\"width\":615,\"height\":142,\"caption\":\"Quotidien La Sentinelle\"},\"image\":{\"@id\":\"https:\\\/\\\/lasentinelle.dz\\\/#\\\/schema\\\/logo\\\/image\\\/\"},\"sameAs\":[\"https:\\\/\\\/www.facebook.com\\\/La-Sentinelle-104059864394773\"]},{\"@type\":\"Person\",\"@id\":\"https:\\\/\\\/lasentinelle.dz\\\/#\\\/schema\\\/person\\\/d865044e22e70a75174ce8bcad3acfb3\",\"name\":\"La Sentinelle\",\"image\":{\"@type\":\"ImageObject\",\"inLanguage\":\"fr-FR\",\"@id\":\"https:\\\/\\\/secure.gravatar.com\\\/avatar\\\/57de8e5d4b15d43fb361a71fbb36338450fe67865b528a43dd10ef7c51a20392?s=96&d=mm&r=g\",\"url\":\"https:\\\/\\\/secure.gravatar.com\\\/avatar\\\/57de8e5d4b15d43fb361a71fbb36338450fe67865b528a43dd10ef7c51a20392?s=96&d=mm&r=g\",\"contentUrl\":\"https:\\\/\\\/secure.gravatar.com\\\/avatar\\\/57de8e5d4b15d43fb361a71fbb36338450fe67865b528a43dd10ef7c51a20392?s=96&d=mm&r=g\",\"caption\":\"La Sentinelle\"},\"sameAs\":[\"http:\\\/\\\/www.lasentinelle.dz\"],\"url\":\"https:\\\/\\\/lasentinelle.dz\\\/author\\\/redaction\\\/\"}]}<\/script>\n<!-- \/ Yoast SEO plugin. -->","yoast_head_json":{"title":"TNA\u00a0: Beihdja Rahal pr\u00e9sente la \u00ab\u00a0Noubet Mezdj Dil-Mdjenba\u00a0\u00bb - La Sentinelle","robots":{"index":"index","follow":"follow","max-snippet":"max-snippet:-1","max-image-preview":"max-image-preview:large","max-video-preview":"max-video-preview:-1"},"canonical":"https:\/\/lasentinelle.dz\/index.php\/2024\/04\/01\/tna-beihdja-rahal-presente-la-noubet-mezdj-dil-mdjenba\/","og_locale":"fr_FR","og_type":"article","og_title":"TNA\u00a0: Beihdja Rahal pr\u00e9sente la \u00ab\u00a0Noubet Mezdj Dil-Mdjenba\u00a0\u00bb - La Sentinelle","og_description":"Un concert de musique andalouse a \u00e9t\u00e9 anim\u00e9 samedi soir \u00e0 Alger par la chanteuse Beihdja Rahal, venue \u00e9galement pr\u00e9senter,","og_url":"https:\/\/lasentinelle.dz\/index.php\/2024\/04\/01\/tna-beihdja-rahal-presente-la-noubet-mezdj-dil-mdjenba\/","og_site_name":"La Sentinelle","article_publisher":"https:\/\/www.facebook.com\/La-Sentinelle-104059864394773","article_published_time":"2024-04-01T12:47:24+00:00","article_modified_time":"2024-04-01T12:47:28+00:00","og_image":[{"width":640,"height":640,"url":"https:\/\/lasentinelle.dz\/wp-content\/uploads\/2024\/04\/Beihdja-Rahal.jpeg","type":"image\/jpeg"}],"author":"La Sentinelle","twitter_card":"summary_large_image","twitter_misc":{"\u00c9crit par":"La Sentinelle","Dur\u00e9e de lecture estim\u00e9e":"4 minutes"},"schema":{"@context":"https:\/\/schema.org","@graph":[{"@type":"Article","@id":"https:\/\/lasentinelle.dz\/index.php\/2024\/04\/01\/tna-beihdja-rahal-presente-la-noubet-mezdj-dil-mdjenba\/#article","isPartOf":{"@id":"https:\/\/lasentinelle.dz\/index.php\/2024\/04\/01\/tna-beihdja-rahal-presente-la-noubet-mezdj-dil-mdjenba\/"},"author":{"name":"La Sentinelle","@id":"https:\/\/lasentinelle.dz\/#\/schema\/person\/d865044e22e70a75174ce8bcad3acfb3"},"headline":"TNA\u00a0: Beihdja Rahal pr\u00e9sente la \u00ab\u00a0Noubet Mezdj Dil-Mdjenba\u00a0\u00bb","datePublished":"2024-04-01T12:47:24+00:00","dateModified":"2024-04-01T12:47:28+00:00","mainEntityOfPage":{"@id":"https:\/\/lasentinelle.dz\/index.php\/2024\/04\/01\/tna-beihdja-rahal-presente-la-noubet-mezdj-dil-mdjenba\/"},"wordCount":705,"commentCount":0,"publisher":{"@id":"https:\/\/lasentinelle.dz\/#organization"},"image":{"@id":"https:\/\/lasentinelle.dz\/index.php\/2024\/04\/01\/tna-beihdja-rahal-presente-la-noubet-mezdj-dil-mdjenba\/#primaryimage"},"thumbnailUrl":"https:\/\/lasentinelle.dz\/wp-content\/uploads\/2024\/04\/Beihdja-Rahal.jpeg","articleSection":["Culture"],"inLanguage":"fr-FR","potentialAction":[{"@type":"CommentAction","name":"Comment","target":["https:\/\/lasentinelle.dz\/index.php\/2024\/04\/01\/tna-beihdja-rahal-presente-la-noubet-mezdj-dil-mdjenba\/#respond"]}]},{"@type":"WebPage","@id":"https:\/\/lasentinelle.dz\/index.php\/2024\/04\/01\/tna-beihdja-rahal-presente-la-noubet-mezdj-dil-mdjenba\/","url":"https:\/\/lasentinelle.dz\/index.php\/2024\/04\/01\/tna-beihdja-rahal-presente-la-noubet-mezdj-dil-mdjenba\/","name":"TNA\u00a0: Beihdja Rahal pr\u00e9sente la \u00ab\u00a0Noubet Mezdj Dil-Mdjenba\u00a0\u00bb - La Sentinelle","isPartOf":{"@id":"https:\/\/lasentinelle.dz\/#website"},"primaryImageOfPage":{"@id":"https:\/\/lasentinelle.dz\/index.php\/2024\/04\/01\/tna-beihdja-rahal-presente-la-noubet-mezdj-dil-mdjenba\/#primaryimage"},"image":{"@id":"https:\/\/lasentinelle.dz\/index.php\/2024\/04\/01\/tna-beihdja-rahal-presente-la-noubet-mezdj-dil-mdjenba\/#primaryimage"},"thumbnailUrl":"https:\/\/lasentinelle.dz\/wp-content\/uploads\/2024\/04\/Beihdja-Rahal.jpeg","datePublished":"2024-04-01T12:47:24+00:00","dateModified":"2024-04-01T12:47:28+00:00","breadcrumb":{"@id":"https:\/\/lasentinelle.dz\/index.php\/2024\/04\/01\/tna-beihdja-rahal-presente-la-noubet-mezdj-dil-mdjenba\/#breadcrumb"},"inLanguage":"fr-FR","potentialAction":[{"@type":"ReadAction","target":["https:\/\/lasentinelle.dz\/index.php\/2024\/04\/01\/tna-beihdja-rahal-presente-la-noubet-mezdj-dil-mdjenba\/"]}]},{"@type":"ImageObject","inLanguage":"fr-FR","@id":"https:\/\/lasentinelle.dz\/index.php\/2024\/04\/01\/tna-beihdja-rahal-presente-la-noubet-mezdj-dil-mdjenba\/#primaryimage","url":"https:\/\/lasentinelle.dz\/wp-content\/uploads\/2024\/04\/Beihdja-Rahal.jpeg","contentUrl":"https:\/\/lasentinelle.dz\/wp-content\/uploads\/2024\/04\/Beihdja-Rahal.jpeg","width":640,"height":640},{"@type":"BreadcrumbList","@id":"https:\/\/lasentinelle.dz\/index.php\/2024\/04\/01\/tna-beihdja-rahal-presente-la-noubet-mezdj-dil-mdjenba\/#breadcrumb","itemListElement":[{"@type":"ListItem","position":1,"name":"Accueil","item":"https:\/\/lasentinelle.dz\/"},{"@type":"ListItem","position":2,"name":"TNA\u00a0: Beihdja Rahal pr\u00e9sente la \u00ab\u00a0Noubet Mezdj Dil-Mdjenba\u00a0\u00bb"}]},{"@type":"WebSite","@id":"https:\/\/lasentinelle.dz\/#website","url":"https:\/\/lasentinelle.dz\/","name":"La Sentinelle","description":"Quotidien national d&#039;information","publisher":{"@id":"https:\/\/lasentinelle.dz\/#organization"},"potentialAction":[{"@type":"SearchAction","target":{"@type":"EntryPoint","urlTemplate":"https:\/\/lasentinelle.dz\/?s={search_term_string}"},"query-input":{"@type":"PropertyValueSpecification","valueRequired":true,"valueName":"search_term_string"}}],"inLanguage":"fr-FR"},{"@type":"Organization","@id":"https:\/\/lasentinelle.dz\/#organization","name":"Quotidien La Sentinelle","url":"https:\/\/lasentinelle.dz\/","logo":{"@type":"ImageObject","inLanguage":"fr-FR","@id":"https:\/\/lasentinelle.dz\/#\/schema\/logo\/image\/","url":"https:\/\/lasentinelle.dz\/wp-content\/uploads\/2021\/09\/logo-sentinelleSLOGAN-1.png","contentUrl":"https:\/\/lasentinelle.dz\/wp-content\/uploads\/2021\/09\/logo-sentinelleSLOGAN-1.png","width":615,"height":142,"caption":"Quotidien La Sentinelle"},"image":{"@id":"https:\/\/lasentinelle.dz\/#\/schema\/logo\/image\/"},"sameAs":["https:\/\/www.facebook.com\/La-Sentinelle-104059864394773"]},{"@type":"Person","@id":"https:\/\/lasentinelle.dz\/#\/schema\/person\/d865044e22e70a75174ce8bcad3acfb3","name":"La Sentinelle","image":{"@type":"ImageObject","inLanguage":"fr-FR","@id":"https:\/\/secure.gravatar.com\/avatar\/57de8e5d4b15d43fb361a71fbb36338450fe67865b528a43dd10ef7c51a20392?s=96&d=mm&r=g","url":"https:\/\/secure.gravatar.com\/avatar\/57de8e5d4b15d43fb361a71fbb36338450fe67865b528a43dd10ef7c51a20392?s=96&d=mm&r=g","contentUrl":"https:\/\/secure.gravatar.com\/avatar\/57de8e5d4b15d43fb361a71fbb36338450fe67865b528a43dd10ef7c51a20392?s=96&d=mm&r=g","caption":"La Sentinelle"},"sameAs":["http:\/\/www.lasentinelle.dz"],"url":"https:\/\/lasentinelle.dz\/author\/redaction\/"}]}},"_links":{"self":[{"href":"https:\/\/lasentinelle.dz\/index.php\/wp-json\/wp\/v2\/posts\/50850","targetHints":{"allow":["GET"]}}],"collection":[{"href":"https:\/\/lasentinelle.dz\/index.php\/wp-json\/wp\/v2\/posts"}],"about":[{"href":"https:\/\/lasentinelle.dz\/index.php\/wp-json\/wp\/v2\/types\/post"}],"author":[{"embeddable":true,"href":"https:\/\/lasentinelle.dz\/index.php\/wp-json\/wp\/v2\/users\/3"}],"replies":[{"embeddable":true,"href":"https:\/\/lasentinelle.dz\/index.php\/wp-json\/wp\/v2\/comments?post=50850"}],"version-history":[{"count":1,"href":"https:\/\/lasentinelle.dz\/index.php\/wp-json\/wp\/v2\/posts\/50850\/revisions"}],"predecessor-version":[{"id":50852,"href":"https:\/\/lasentinelle.dz\/index.php\/wp-json\/wp\/v2\/posts\/50850\/revisions\/50852"}],"wp:featuredmedia":[{"embeddable":true,"href":"https:\/\/lasentinelle.dz\/index.php\/wp-json\/wp\/v2\/media\/50851"}],"wp:attachment":[{"href":"https:\/\/lasentinelle.dz\/index.php\/wp-json\/wp\/v2\/media?parent=50850"}],"wp:term":[{"taxonomy":"category","embeddable":true,"href":"https:\/\/lasentinelle.dz\/index.php\/wp-json\/wp\/v2\/categories?post=50850"},{"taxonomy":"post_tag","embeddable":true,"href":"https:\/\/lasentinelle.dz\/index.php\/wp-json\/wp\/v2\/tags?post=50850"}],"curies":[{"name":"wp","href":"https:\/\/api.w.org\/{rel}","templated":true}]}}