{"id":50853,"date":"2024-04-01T14:28:48","date_gmt":"2024-04-01T13:28:48","guid":{"rendered":"https:\/\/lasentinelle.dz\/?p=50853"},"modified":"2024-04-01T14:28:55","modified_gmt":"2024-04-01T13:28:55","slug":"coupe-de-la-caf-les-rouge-et-noir-se-ratent-mais-restent-en-vie","status":"publish","type":"post","link":"https:\/\/lasentinelle.dz\/index.php\/2024\/04\/01\/coupe-de-la-caf-les-rouge-et-noir-se-ratent-mais-restent-en-vie\/","title":{"rendered":"Coupe de la CAF\u00a0: Les Rouge et Noir se ratent, mais restent en vie"},"content":{"rendered":"\n<p>Fortement diminu\u00e9, les Rouge et Noir ont fait face au premier de leurs couacs dans leur course \u00e0 la pr\u00e9servation de leur titre, hier apr\u00e8s-midi en d\u00e9placement au Nig\u00e9ria, en s\u2019inclinant sur la plus petite des marges face au Rivers United lors du match aller des quarts de finale de la Coupe de la Conf\u00e9d\u00e9ration africaine. L\u2019USMA limite cependant la casse et conserve ses chances de qualification pour le dernier carr\u00e9.<\/p>\n\n\n\n<p>&nbsp;L&rsquo;USM Alger s&rsquo;est en effet inclin\u00e9e face aux Nig\u00e9rians de Rivers United 1-0 (mi-temps : 1-0), en match disput\u00e9 dimanche au stade international Godswill-Akpabio d&rsquo;Uyo, comptant pour les quarts de finale (aller) de l&rsquo;\u00e9preuve continentale. L&rsquo;unique but de la partie a \u00e9t\u00e9 inscrit sur un tir puissant \u00e0 l&rsquo;entr\u00e9e de la surface d&rsquo;Augustine Okejepha (10e).<\/p>\n\n\n\n<p>Les locaux ont entam\u00e9 le match avec des intentions offensives dans l&rsquo;objectif de porter le danger dans la d\u00e9fense alg\u00e9roise, mais sans pour autant s&rsquo;offrir la moindre occasion concr\u00e8te. Le pressing exerc\u00e9 par Rivers United a fini par porter ses fruits. Sur un corner, Augustine Okejepha est parvenu \u00e0 ouvrir le score d&rsquo;un tir puissant \u00e0 l&rsquo;entr\u00e9e de la surface qui n&rsquo;a laiss\u00e9 aucune chance au portier Benbot (10e). La r\u00e9action du club de Soustara n&rsquo;a pas \u00e9t\u00e9 au rendez-vous, puisque l&rsquo;\u00e9quipe a continu\u00e9 \u00e0 subir la pression du repr\u00e9sentant nig\u00e9rian qui aurait pu corser \u00e0 l&rsquo;addition \u00e0 plusieurs reprises, \u00e0 l&rsquo;image de la tentative d&rsquo;Ukeme Williams (21e) qui a trouv\u00e9 Benbot \u00e0 la parade. Rivers United \u00e9tait \u00e0 deux doigts de faire le break, mais la reprise de la t\u00eate d&rsquo;Abubakar Adamu (43e) a touch\u00e9 le poteau gauche. Proc\u00e9dant par des contres, les co\u00e9quipiers du capitaine du jour Sa\u00e2di Redouani (en l&rsquo;absence du premier capitaine Zin\u00e9dine Bela\u00efd suspendu, NDLR) ont manqu\u00e9 terriblement d&rsquo;id\u00e9es sur le plan offensif, ce qui a permis aux locaux de g\u00e9rer la premi\u00e8re p\u00e9riode \u00e0 leur profit. Apr\u00e8s la pause, l&rsquo;USMA s&rsquo;est montr\u00e9e impuissante devant les offensives \u00e0 r\u00e9p\u00e9tition du club nig\u00e9rian, ce qui a pouss\u00e9 l&rsquo;entra\u00eeneur espagnol Juan Carlos Garrido \u00e0 apporter plus de fraicheur en incorporant \u00e0 l&rsquo;heure de jeu deux joueurs \u00e0 la fois: le milieu offensif Brahim Benzaza et l&rsquo;attaquant Isma\u00efl Belkacemi. Deux changements judicieux qui ont permis au tenant du troph\u00e9e de monter d&rsquo;un cran et commenc\u00e9 \u00e0 menacer le portier de Rivers United Abidoun Akande. L&rsquo;USMA s&rsquo;est offerte une belle opportunit\u00e9 d&rsquo;\u00e9galiser gr\u00e2ce \u00e0 l&rsquo;attaquant malien Abdoulaye Kanou, dont le tir a rat\u00e9 de peu le cadre (75e). Sentant qu&rsquo;il y avait un bon coup \u00e0 jouer, Garrido a incorpor\u00e9 deux autres joueurs \u00e0 vocation offensive avec Khaled Bousseliou (79e) et Sekou Konate (80e), jouant le tout pour le tout pour tenter de remettre les pendules \u00e0 l&rsquo;heure. C\u00f4t\u00e9 nig\u00e9rian, les joueurs de l&rsquo;entra\u00eeneur Stanley Eguma ont jet\u00e9 toutes leurs forces en fin de match pour corser l&rsquo;addition, mais leurs tentatives ont but\u00e9 sur la d\u00e9fense de l&rsquo;USMA qui a tenu bon jusqu&rsquo;au sifflet final de l&rsquo;arbitre rwandais Samuel Uwikunda. La seconde manche se jouera le dimanche 7 avril prochain au stade olympique du 5-juillet (22h00). En cas de qualification, l&rsquo;USMA affrontera en demi-finale le vainqueur de la double confrontation entre&nbsp; Abu Salim&nbsp; et le&nbsp; RS Berkane. Le match aller se jouera \u00e0 Alger, et le retour en d\u00e9placement.<\/p>\n\n\n\n<p>R.S.<\/p>\n","protected":false},"excerpt":{"rendered":"<p>Fortement diminu\u00e9, les Rouge et Noir ont fait face au premier de leurs couacs dans leur course \u00e0 la pr\u00e9servation<\/p>\n","protected":false},"author":3,"featured_media":50854,"comment_status":"open","ping_status":"closed","sticky":false,"template":"","format":"standard","meta":{"colormag_page_container_layout":"default_layout","colormag_page_sidebar_layout":"default_layout","om_disable_all_campaigns":false,"_monsterinsights_skip_tracking":false,"_monsterinsights_sitenote_active":false,"_monsterinsights_sitenote_note":"","_monsterinsights_sitenote_category":0,"footnotes":"","_wpscppro_dont_share_socialmedia":false,"_wpscppro_custom_social_share_image":0,"_facebook_share_type":"","_twitter_share_type":"","_linkedin_share_type":"","_pinterest_share_type":"","_linkedin_share_type_page":"","_instagram_share_type":"","_medium_share_type":"","_threads_share_type":"","_google_business_share_type":"","_selected_social_profile":[],"_wpsp_enable_custom_social_template":false,"_wpsp_social_scheduling":{"enabled":false,"datetime":null,"platforms":[],"status":"template_only","dateOption":"today","timeOption":"now","customDays":"","customHours":"","customDate":"","customTime":"","schedulingType":"absolute"},"_wpsp_active_default_template":true},"categories":[52,33],"tags":[],"class_list":["post-50853","post","type-post","status-publish","format-standard","has-post-thumbnail","hentry","category-a-la-une","category-sports"],"aioseo_notices":[],"yoast_head":"<!-- This site is optimized with the Yoast SEO plugin v27.5 - https:\/\/yoast.com\/product\/yoast-seo-wordpress\/ -->\n<title>Coupe de la CAF\u00a0: Les Rouge et Noir se ratent, mais restent en vie - La Sentinelle<\/title>\n<meta name=\"robots\" content=\"index, follow, max-snippet:-1, max-image-preview:large, max-video-preview:-1\" \/>\n<link rel=\"canonical\" href=\"https:\/\/lasentinelle.dz\/index.php\/2024\/04\/01\/coupe-de-la-caf-les-rouge-et-noir-se-ratent-mais-restent-en-vie\/\" \/>\n<meta property=\"og:locale\" content=\"fr_FR\" \/>\n<meta property=\"og:type\" content=\"article\" \/>\n<meta property=\"og:title\" content=\"Coupe de la CAF\u00a0: Les Rouge et Noir se ratent, mais restent en vie - La Sentinelle\" \/>\n<meta property=\"og:description\" content=\"Fortement diminu\u00e9, les Rouge et Noir ont fait face au premier de leurs couacs dans leur course \u00e0 la pr\u00e9servation\" \/>\n<meta property=\"og:url\" content=\"https:\/\/lasentinelle.dz\/index.php\/2024\/04\/01\/coupe-de-la-caf-les-rouge-et-noir-se-ratent-mais-restent-en-vie\/\" \/>\n<meta property=\"og:site_name\" content=\"La Sentinelle\" \/>\n<meta property=\"article:publisher\" content=\"https:\/\/www.facebook.com\/La-Sentinelle-104059864394773\" \/>\n<meta property=\"article:published_time\" content=\"2024-04-01T13:28:48+00:00\" \/>\n<meta property=\"article:modified_time\" content=\"2024-04-01T13:28:55+00:00\" \/>\n<meta property=\"og:image\" content=\"https:\/\/lasentinelle.dz\/wp-content\/uploads\/2024\/04\/USMA.jpeg\" \/>\n\t<meta property=\"og:image:width\" content=\"960\" \/>\n\t<meta property=\"og:image:height\" content=\"960\" \/>\n\t<meta property=\"og:image:type\" content=\"image\/jpeg\" \/>\n<meta name=\"author\" content=\"La Sentinelle\" \/>\n<meta name=\"twitter:card\" content=\"summary_large_image\" \/>\n<meta name=\"twitter:label1\" content=\"\u00c9crit par\" \/>\n\t<meta name=\"twitter:data1\" content=\"La Sentinelle\" \/>\n\t<meta name=\"twitter:label2\" content=\"Dur\u00e9e de lecture estim\u00e9e\" \/>\n\t<meta name=\"twitter:data2\" content=\"3 minutes\" \/>\n<script type=\"application\/ld+json\" class=\"yoast-schema-graph\">{\"@context\":\"https:\\\/\\\/schema.org\",\"@graph\":[{\"@type\":\"Article\",\"@id\":\"https:\\\/\\\/lasentinelle.dz\\\/index.php\\\/2024\\\/04\\\/01\\\/coupe-de-la-caf-les-rouge-et-noir-se-ratent-mais-restent-en-vie\\\/#article\",\"isPartOf\":{\"@id\":\"https:\\\/\\\/lasentinelle.dz\\\/index.php\\\/2024\\\/04\\\/01\\\/coupe-de-la-caf-les-rouge-et-noir-se-ratent-mais-restent-en-vie\\\/\"},\"author\":{\"name\":\"La Sentinelle\",\"@id\":\"https:\\\/\\\/lasentinelle.dz\\\/#\\\/schema\\\/person\\\/d865044e22e70a75174ce8bcad3acfb3\"},\"headline\":\"Coupe de la CAF\u00a0: Les Rouge et Noir se ratent, mais restent en vie\",\"datePublished\":\"2024-04-01T13:28:48+00:00\",\"dateModified\":\"2024-04-01T13:28:55+00:00\",\"mainEntityOfPage\":{\"@id\":\"https:\\\/\\\/lasentinelle.dz\\\/index.php\\\/2024\\\/04\\\/01\\\/coupe-de-la-caf-les-rouge-et-noir-se-ratent-mais-restent-en-vie\\\/\"},\"wordCount\":613,\"commentCount\":0,\"publisher\":{\"@id\":\"https:\\\/\\\/lasentinelle.dz\\\/#organization\"},\"image\":{\"@id\":\"https:\\\/\\\/lasentinelle.dz\\\/index.php\\\/2024\\\/04\\\/01\\\/coupe-de-la-caf-les-rouge-et-noir-se-ratent-mais-restent-en-vie\\\/#primaryimage\"},\"thumbnailUrl\":\"https:\\\/\\\/lasentinelle.dz\\\/wp-content\\\/uploads\\\/2024\\\/04\\\/USMA.jpeg\",\"articleSection\":[\"\u00c0 la Une\",\"Sports\"],\"inLanguage\":\"fr-FR\",\"potentialAction\":[{\"@type\":\"CommentAction\",\"name\":\"Comment\",\"target\":[\"https:\\\/\\\/lasentinelle.dz\\\/index.php\\\/2024\\\/04\\\/01\\\/coupe-de-la-caf-les-rouge-et-noir-se-ratent-mais-restent-en-vie\\\/#respond\"]}]},{\"@type\":\"WebPage\",\"@id\":\"https:\\\/\\\/lasentinelle.dz\\\/index.php\\\/2024\\\/04\\\/01\\\/coupe-de-la-caf-les-rouge-et-noir-se-ratent-mais-restent-en-vie\\\/\",\"url\":\"https:\\\/\\\/lasentinelle.dz\\\/index.php\\\/2024\\\/04\\\/01\\\/coupe-de-la-caf-les-rouge-et-noir-se-ratent-mais-restent-en-vie\\\/\",\"name\":\"Coupe de la CAF\u00a0: Les Rouge et Noir se ratent, mais restent en vie - La Sentinelle\",\"isPartOf\":{\"@id\":\"https:\\\/\\\/lasentinelle.dz\\\/#website\"},\"primaryImageOfPage\":{\"@id\":\"https:\\\/\\\/lasentinelle.dz\\\/index.php\\\/2024\\\/04\\\/01\\\/coupe-de-la-caf-les-rouge-et-noir-se-ratent-mais-restent-en-vie\\\/#primaryimage\"},\"image\":{\"@id\":\"https:\\\/\\\/lasentinelle.dz\\\/index.php\\\/2024\\\/04\\\/01\\\/coupe-de-la-caf-les-rouge-et-noir-se-ratent-mais-restent-en-vie\\\/#primaryimage\"},\"thumbnailUrl\":\"https:\\\/\\\/lasentinelle.dz\\\/wp-content\\\/uploads\\\/2024\\\/04\\\/USMA.jpeg\",\"datePublished\":\"2024-04-01T13:28:48+00:00\",\"dateModified\":\"2024-04-01T13:28:55+00:00\",\"breadcrumb\":{\"@id\":\"https:\\\/\\\/lasentinelle.dz\\\/index.php\\\/2024\\\/04\\\/01\\\/coupe-de-la-caf-les-rouge-et-noir-se-ratent-mais-restent-en-vie\\\/#breadcrumb\"},\"inLanguage\":\"fr-FR\",\"potentialAction\":[{\"@type\":\"ReadAction\",\"target\":[\"https:\\\/\\\/lasentinelle.dz\\\/index.php\\\/2024\\\/04\\\/01\\\/coupe-de-la-caf-les-rouge-et-noir-se-ratent-mais-restent-en-vie\\\/\"]}]},{\"@type\":\"ImageObject\",\"inLanguage\":\"fr-FR\",\"@id\":\"https:\\\/\\\/lasentinelle.dz\\\/index.php\\\/2024\\\/04\\\/01\\\/coupe-de-la-caf-les-rouge-et-noir-se-ratent-mais-restent-en-vie\\\/#primaryimage\",\"url\":\"https:\\\/\\\/lasentinelle.dz\\\/wp-content\\\/uploads\\\/2024\\\/04\\\/USMA.jpeg\",\"contentUrl\":\"https:\\\/\\\/lasentinelle.dz\\\/wp-content\\\/uploads\\\/2024\\\/04\\\/USMA.jpeg\",\"width\":960,\"height\":960},{\"@type\":\"BreadcrumbList\",\"@id\":\"https:\\\/\\\/lasentinelle.dz\\\/index.php\\\/2024\\\/04\\\/01\\\/coupe-de-la-caf-les-rouge-et-noir-se-ratent-mais-restent-en-vie\\\/#breadcrumb\",\"itemListElement\":[{\"@type\":\"ListItem\",\"position\":1,\"name\":\"Accueil\",\"item\":\"https:\\\/\\\/lasentinelle.dz\\\/\"},{\"@type\":\"ListItem\",\"position\":2,\"name\":\"Coupe de la CAF\u00a0: Les Rouge et Noir se ratent, mais restent en vie\"}]},{\"@type\":\"WebSite\",\"@id\":\"https:\\\/\\\/lasentinelle.dz\\\/#website\",\"url\":\"https:\\\/\\\/lasentinelle.dz\\\/\",\"name\":\"La Sentinelle\",\"description\":\"Quotidien national d&#039;information\",\"publisher\":{\"@id\":\"https:\\\/\\\/lasentinelle.dz\\\/#organization\"},\"potentialAction\":[{\"@type\":\"SearchAction\",\"target\":{\"@type\":\"EntryPoint\",\"urlTemplate\":\"https:\\\/\\\/lasentinelle.dz\\\/?s={search_term_string}\"},\"query-input\":{\"@type\":\"PropertyValueSpecification\",\"valueRequired\":true,\"valueName\":\"search_term_string\"}}],\"inLanguage\":\"fr-FR\"},{\"@type\":\"Organization\",\"@id\":\"https:\\\/\\\/lasentinelle.dz\\\/#organization\",\"name\":\"Quotidien La Sentinelle\",\"url\":\"https:\\\/\\\/lasentinelle.dz\\\/\",\"logo\":{\"@type\":\"ImageObject\",\"inLanguage\":\"fr-FR\",\"@id\":\"https:\\\/\\\/lasentinelle.dz\\\/#\\\/schema\\\/logo\\\/image\\\/\",\"url\":\"https:\\\/\\\/lasentinelle.dz\\\/wp-content\\\/uploads\\\/2021\\\/09\\\/logo-sentinelleSLOGAN-1.png\",\"contentUrl\":\"https:\\\/\\\/lasentinelle.dz\\\/wp-content\\\/uploads\\\/2021\\\/09\\\/logo-sentinelleSLOGAN-1.png\",\"width\":615,\"height\":142,\"caption\":\"Quotidien La Sentinelle\"},\"image\":{\"@id\":\"https:\\\/\\\/lasentinelle.dz\\\/#\\\/schema\\\/logo\\\/image\\\/\"},\"sameAs\":[\"https:\\\/\\\/www.facebook.com\\\/La-Sentinelle-104059864394773\"]},{\"@type\":\"Person\",\"@id\":\"https:\\\/\\\/lasentinelle.dz\\\/#\\\/schema\\\/person\\\/d865044e22e70a75174ce8bcad3acfb3\",\"name\":\"La Sentinelle\",\"image\":{\"@type\":\"ImageObject\",\"inLanguage\":\"fr-FR\",\"@id\":\"https:\\\/\\\/secure.gravatar.com\\\/avatar\\\/57de8e5d4b15d43fb361a71fbb36338450fe67865b528a43dd10ef7c51a20392?s=96&d=mm&r=g\",\"url\":\"https:\\\/\\\/secure.gravatar.com\\\/avatar\\\/57de8e5d4b15d43fb361a71fbb36338450fe67865b528a43dd10ef7c51a20392?s=96&d=mm&r=g\",\"contentUrl\":\"https:\\\/\\\/secure.gravatar.com\\\/avatar\\\/57de8e5d4b15d43fb361a71fbb36338450fe67865b528a43dd10ef7c51a20392?s=96&d=mm&r=g\",\"caption\":\"La Sentinelle\"},\"sameAs\":[\"http:\\\/\\\/www.lasentinelle.dz\"],\"url\":\"https:\\\/\\\/lasentinelle.dz\\\/author\\\/redaction\\\/\"}]}<\/script>\n<!-- \/ Yoast SEO plugin. -->","yoast_head_json":{"title":"Coupe de la CAF\u00a0: Les Rouge et Noir se ratent, mais restent en vie - La Sentinelle","robots":{"index":"index","follow":"follow","max-snippet":"max-snippet:-1","max-image-preview":"max-image-preview:large","max-video-preview":"max-video-preview:-1"},"canonical":"https:\/\/lasentinelle.dz\/index.php\/2024\/04\/01\/coupe-de-la-caf-les-rouge-et-noir-se-ratent-mais-restent-en-vie\/","og_locale":"fr_FR","og_type":"article","og_title":"Coupe de la CAF\u00a0: Les Rouge et Noir se ratent, mais restent en vie - La Sentinelle","og_description":"Fortement diminu\u00e9, les Rouge et Noir ont fait face au premier de leurs couacs dans leur course \u00e0 la pr\u00e9servation","og_url":"https:\/\/lasentinelle.dz\/index.php\/2024\/04\/01\/coupe-de-la-caf-les-rouge-et-noir-se-ratent-mais-restent-en-vie\/","og_site_name":"La Sentinelle","article_publisher":"https:\/\/www.facebook.com\/La-Sentinelle-104059864394773","article_published_time":"2024-04-01T13:28:48+00:00","article_modified_time":"2024-04-01T13:28:55+00:00","og_image":[{"width":960,"height":960,"url":"https:\/\/lasentinelle.dz\/wp-content\/uploads\/2024\/04\/USMA.jpeg","type":"image\/jpeg"}],"author":"La Sentinelle","twitter_card":"summary_large_image","twitter_misc":{"\u00c9crit par":"La Sentinelle","Dur\u00e9e de lecture estim\u00e9e":"3 minutes"},"schema":{"@context":"https:\/\/schema.org","@graph":[{"@type":"Article","@id":"https:\/\/lasentinelle.dz\/index.php\/2024\/04\/01\/coupe-de-la-caf-les-rouge-et-noir-se-ratent-mais-restent-en-vie\/#article","isPartOf":{"@id":"https:\/\/lasentinelle.dz\/index.php\/2024\/04\/01\/coupe-de-la-caf-les-rouge-et-noir-se-ratent-mais-restent-en-vie\/"},"author":{"name":"La Sentinelle","@id":"https:\/\/lasentinelle.dz\/#\/schema\/person\/d865044e22e70a75174ce8bcad3acfb3"},"headline":"Coupe de la CAF\u00a0: Les Rouge et Noir se ratent, mais restent en vie","datePublished":"2024-04-01T13:28:48+00:00","dateModified":"2024-04-01T13:28:55+00:00","mainEntityOfPage":{"@id":"https:\/\/lasentinelle.dz\/index.php\/2024\/04\/01\/coupe-de-la-caf-les-rouge-et-noir-se-ratent-mais-restent-en-vie\/"},"wordCount":613,"commentCount":0,"publisher":{"@id":"https:\/\/lasentinelle.dz\/#organization"},"image":{"@id":"https:\/\/lasentinelle.dz\/index.php\/2024\/04\/01\/coupe-de-la-caf-les-rouge-et-noir-se-ratent-mais-restent-en-vie\/#primaryimage"},"thumbnailUrl":"https:\/\/lasentinelle.dz\/wp-content\/uploads\/2024\/04\/USMA.jpeg","articleSection":["\u00c0 la Une","Sports"],"inLanguage":"fr-FR","potentialAction":[{"@type":"CommentAction","name":"Comment","target":["https:\/\/lasentinelle.dz\/index.php\/2024\/04\/01\/coupe-de-la-caf-les-rouge-et-noir-se-ratent-mais-restent-en-vie\/#respond"]}]},{"@type":"WebPage","@id":"https:\/\/lasentinelle.dz\/index.php\/2024\/04\/01\/coupe-de-la-caf-les-rouge-et-noir-se-ratent-mais-restent-en-vie\/","url":"https:\/\/lasentinelle.dz\/index.php\/2024\/04\/01\/coupe-de-la-caf-les-rouge-et-noir-se-ratent-mais-restent-en-vie\/","name":"Coupe de la CAF\u00a0: Les Rouge et Noir se ratent, mais restent en vie - La Sentinelle","isPartOf":{"@id":"https:\/\/lasentinelle.dz\/#website"},"primaryImageOfPage":{"@id":"https:\/\/lasentinelle.dz\/index.php\/2024\/04\/01\/coupe-de-la-caf-les-rouge-et-noir-se-ratent-mais-restent-en-vie\/#primaryimage"},"image":{"@id":"https:\/\/lasentinelle.dz\/index.php\/2024\/04\/01\/coupe-de-la-caf-les-rouge-et-noir-se-ratent-mais-restent-en-vie\/#primaryimage"},"thumbnailUrl":"https:\/\/lasentinelle.dz\/wp-content\/uploads\/2024\/04\/USMA.jpeg","datePublished":"2024-04-01T13:28:48+00:00","dateModified":"2024-04-01T13:28:55+00:00","breadcrumb":{"@id":"https:\/\/lasentinelle.dz\/index.php\/2024\/04\/01\/coupe-de-la-caf-les-rouge-et-noir-se-ratent-mais-restent-en-vie\/#breadcrumb"},"inLanguage":"fr-FR","potentialAction":[{"@type":"ReadAction","target":["https:\/\/lasentinelle.dz\/index.php\/2024\/04\/01\/coupe-de-la-caf-les-rouge-et-noir-se-ratent-mais-restent-en-vie\/"]}]},{"@type":"ImageObject","inLanguage":"fr-FR","@id":"https:\/\/lasentinelle.dz\/index.php\/2024\/04\/01\/coupe-de-la-caf-les-rouge-et-noir-se-ratent-mais-restent-en-vie\/#primaryimage","url":"https:\/\/lasentinelle.dz\/wp-content\/uploads\/2024\/04\/USMA.jpeg","contentUrl":"https:\/\/lasentinelle.dz\/wp-content\/uploads\/2024\/04\/USMA.jpeg","width":960,"height":960},{"@type":"BreadcrumbList","@id":"https:\/\/lasentinelle.dz\/index.php\/2024\/04\/01\/coupe-de-la-caf-les-rouge-et-noir-se-ratent-mais-restent-en-vie\/#breadcrumb","itemListElement":[{"@type":"ListItem","position":1,"name":"Accueil","item":"https:\/\/lasentinelle.dz\/"},{"@type":"ListItem","position":2,"name":"Coupe de la CAF\u00a0: Les Rouge et Noir se ratent, mais restent en vie"}]},{"@type":"WebSite","@id":"https:\/\/lasentinelle.dz\/#website","url":"https:\/\/lasentinelle.dz\/","name":"La Sentinelle","description":"Quotidien national d&#039;information","publisher":{"@id":"https:\/\/lasentinelle.dz\/#organization"},"potentialAction":[{"@type":"SearchAction","target":{"@type":"EntryPoint","urlTemplate":"https:\/\/lasentinelle.dz\/?s={search_term_string}"},"query-input":{"@type":"PropertyValueSpecification","valueRequired":true,"valueName":"search_term_string"}}],"inLanguage":"fr-FR"},{"@type":"Organization","@id":"https:\/\/lasentinelle.dz\/#organization","name":"Quotidien La Sentinelle","url":"https:\/\/lasentinelle.dz\/","logo":{"@type":"ImageObject","inLanguage":"fr-FR","@id":"https:\/\/lasentinelle.dz\/#\/schema\/logo\/image\/","url":"https:\/\/lasentinelle.dz\/wp-content\/uploads\/2021\/09\/logo-sentinelleSLOGAN-1.png","contentUrl":"https:\/\/lasentinelle.dz\/wp-content\/uploads\/2021\/09\/logo-sentinelleSLOGAN-1.png","width":615,"height":142,"caption":"Quotidien La Sentinelle"},"image":{"@id":"https:\/\/lasentinelle.dz\/#\/schema\/logo\/image\/"},"sameAs":["https:\/\/www.facebook.com\/La-Sentinelle-104059864394773"]},{"@type":"Person","@id":"https:\/\/lasentinelle.dz\/#\/schema\/person\/d865044e22e70a75174ce8bcad3acfb3","name":"La Sentinelle","image":{"@type":"ImageObject","inLanguage":"fr-FR","@id":"https:\/\/secure.gravatar.com\/avatar\/57de8e5d4b15d43fb361a71fbb36338450fe67865b528a43dd10ef7c51a20392?s=96&d=mm&r=g","url":"https:\/\/secure.gravatar.com\/avatar\/57de8e5d4b15d43fb361a71fbb36338450fe67865b528a43dd10ef7c51a20392?s=96&d=mm&r=g","contentUrl":"https:\/\/secure.gravatar.com\/avatar\/57de8e5d4b15d43fb361a71fbb36338450fe67865b528a43dd10ef7c51a20392?s=96&d=mm&r=g","caption":"La Sentinelle"},"sameAs":["http:\/\/www.lasentinelle.dz"],"url":"https:\/\/lasentinelle.dz\/author\/redaction\/"}]}},"_links":{"self":[{"href":"https:\/\/lasentinelle.dz\/index.php\/wp-json\/wp\/v2\/posts\/50853","targetHints":{"allow":["GET"]}}],"collection":[{"href":"https:\/\/lasentinelle.dz\/index.php\/wp-json\/wp\/v2\/posts"}],"about":[{"href":"https:\/\/lasentinelle.dz\/index.php\/wp-json\/wp\/v2\/types\/post"}],"author":[{"embeddable":true,"href":"https:\/\/lasentinelle.dz\/index.php\/wp-json\/wp\/v2\/users\/3"}],"replies":[{"embeddable":true,"href":"https:\/\/lasentinelle.dz\/index.php\/wp-json\/wp\/v2\/comments?post=50853"}],"version-history":[{"count":1,"href":"https:\/\/lasentinelle.dz\/index.php\/wp-json\/wp\/v2\/posts\/50853\/revisions"}],"predecessor-version":[{"id":50855,"href":"https:\/\/lasentinelle.dz\/index.php\/wp-json\/wp\/v2\/posts\/50853\/revisions\/50855"}],"wp:featuredmedia":[{"embeddable":true,"href":"https:\/\/lasentinelle.dz\/index.php\/wp-json\/wp\/v2\/media\/50854"}],"wp:attachment":[{"href":"https:\/\/lasentinelle.dz\/index.php\/wp-json\/wp\/v2\/media?parent=50853"}],"wp:term":[{"taxonomy":"category","embeddable":true,"href":"https:\/\/lasentinelle.dz\/index.php\/wp-json\/wp\/v2\/categories?post=50853"},{"taxonomy":"post_tag","embeddable":true,"href":"https:\/\/lasentinelle.dz\/index.php\/wp-json\/wp\/v2\/tags?post=50853"}],"curies":[{"name":"wp","href":"https:\/\/api.w.org\/{rel}","templated":true}]}}