{"id":50868,"date":"2024-04-01T14:59:16","date_gmt":"2024-04-01T13:59:16","guid":{"rendered":"https:\/\/lasentinelle.dz\/?p=50868"},"modified":"2024-04-01T14:59:18","modified_gmt":"2024-04-01T13:59:18","slug":"fabrication-des-smartphones-et-telephones-mobile-trois-departements-mobilises-pour-relancer-la-filiere","status":"publish","type":"post","link":"https:\/\/lasentinelle.dz\/index.php\/2024\/04\/01\/fabrication-des-smartphones-et-telephones-mobile-trois-departements-mobilises-pour-relancer-la-filiere\/","title":{"rendered":"Fabrication des smartphones et t\u00e9l\u00e9phones mobile\u00a0: Trois d\u00e9partements mobilis\u00e9s pour relancer la fili\u00e8re"},"content":{"rendered":"\n<p>Le Gouvernement entend relancer la fili\u00e8re de la fabrication de smartphones et de t\u00e9l\u00e9phones mobiles en Alg\u00e9rie \u00e0 l\u2019arr\u00eat depuis 2019. Cependant, il ne sera plus question de se contenter, comme par le pass\u00e9, du montage de pi\u00e8ce import\u00e9es en kit SKD\/CKD, mais de cr\u00e9er une fili\u00e8re int\u00e9gr\u00e9e avec une v\u00e9ritable valeur ajout\u00e9e.<\/p>\n\n\n\n<p>Trois d\u00e9partements minist\u00e9riels se penchent d\u2019ailleurs sur la question. C\u2019est ainsi que le ministre de l\u2019Industrie et de la Production Pharmaceutique, Ali Aoun et ses coll\u00e8gues des d\u00e9partements des PTIC et du Commerce, Karim Bibi Triki et Tayeb Zitouni, ont tenu hier apr\u00e8s-midi une r\u00e9union de travail avec les op\u00e9rateurs du secteur des industries \u00e9lectroniques en pr\u00e9sence du pr\u00e9sident du Conseil du renouveau \u00e9conomique alg\u00e9rien, Kamel Moula, afin de se pencher sur la question. Une r\u00e9union qui intervient, faut-il le rappeler, quelques jours apr\u00e8s que le Gouvernement se doit pencher, lors de l\u2019une de ses r\u00e9unions tenue au d\u00e9but du mois de mars, sur le dossier du d\u00e9veloppement de la production locale de t\u00e9l\u00e9phones portables et de smartphones. Selon un communiqu\u00e9 du minist\u00e8re de l\u2019Industrie et de la Production pharmaceutique, la rencontre a \u00e9t\u00e9 tenue hier pour \u00ab&nbsp;r\u00e9guler et organiser le march\u00e9 des smartphones en Alg\u00e9rie en \u00e9tudiant la possibilit\u00e9 de d\u00e9velopper une industrie locale&nbsp;\u00bb. Dans ce contexte, les op\u00e9rateurs du secteur sont revenus sur les diff\u00e9rentes exp\u00e9riences pass\u00e9es dans le montage des t\u00e9l\u00e9phones portables dans le cadre des r\u00e9gimes SKD et CKD, tout en mettant en avant l&rsquo;exp\u00e9rience acquise et les investissements r\u00e9alis\u00e9s pendant cette p\u00e9riode, et confirmant que les lignes de production \u00e9taient pr\u00eates \u00e0 relancer cette industrie. Il faut dire que Plusieurs op\u00e9rateurs ont mis en place des unit\u00e9s de montage de t\u00e9l\u00e9phones mobiles et de smartphone dans le cadre des r\u00e9gimes douaniers exon\u00e9r\u00e9s CKD et SKD, \u00e0 l\u2019image de Condor, Stream System et d\u2019Iris, suivis d\u2019op\u00e9rateurs \u00e9trangers qui avaient annonc\u00e9 des projets dans ce sens. Cependant, l\u2019activit\u00e9 dans cette fili\u00e8re a \u00e9t\u00e9 gel\u00e9e et les droits de douanes r\u00e9impos\u00e9s en 2019, dans la mesure o\u00f9 le montage, tout comme le secteur automobile \u00e0 l\u2019\u00e9poque, ne permettaient de mettre en place une fili\u00e8re qui cr\u00e9e une v\u00e9ritable ajout\u00e9e.&nbsp; C\u2019est dans ce contexte que l\u2019Ex\u00e9cutif veut relancer aujourd\u2019hui la fili\u00e8re au regard des besoins importants du march\u00e9 alg\u00e9riens en la mati\u00e8re, en favorisant cependant une industrie qui capitalise sur les ressources existantes mais qui favorise l\u2019int\u00e9gration nationale. Ainsi, le ministre de l&rsquo;Industrie et de la Production pharmaceutique a mis l&rsquo;accent sur la n\u00e9cessit\u00e9 d&rsquo;inventorier, dans un premier temps, \u00ab&nbsp;toutes les ressources disponibles afin de les mobiliser et de coordonner les efforts&nbsp;\u00bb pour relancer la fili\u00e8re, tandis que le ministre du Commerce et de la Promotion des exportation soulign\u00e9 la n\u00e9cessit\u00e9 de prendre en compte la r\u00e9gulation le commerce ext\u00e9rieur en r\u00e9alisant une \u00e9valuation globale de la fili\u00e8re \u00ab&nbsp;afin d&rsquo;\u00e9viter les erreurs pass\u00e9es, en particulier en ce qui concerne l&rsquo;int\u00e9gration&nbsp;\u00bb.<\/p>\n\n\n\n<p>De son c\u00f4t\u00e9, le ministre des Postes, des T\u00e9l\u00e9communications filaires et sans fil, a soulign\u00e9 que son d\u00e9partement minist\u00e9riel d\u00e9ploie de grands efforts pour moderniser les infrastructures et fournir Internet, insistant sur la n\u00e9cessit\u00e9 de fournir des t\u00e9l\u00e9phones portables pour atteindre l&rsquo;autosuffisance sur le march\u00e9 local tout en tenant compte de leur contenu des derni\u00e8res technologies ainsi que la disponibilit\u00e9 de services apr\u00e8s-vente. Il faut dire que selon les derniers chiffres de l\u2019Autorit\u00e9 de r\u00e9gulation de la poste et des communications \u00e9lectroniques, le nombre d\u2019abonn\u00e9s \u00e0 internet mobile a d\u00e9pass\u00e9, au second semestre 2023, les 45 millions, sur les 49 millions disposant d\u2019un t\u00e9l\u00e9phone mobile. Un taux de p\u00e9n\u00e9tration qui induit une demande importante de t\u00e9l\u00e9phones portables et smartphones. Or, depuis le gel de l\u2019activit\u00e9 de montage en 2019 et la hausse des prix des portables import\u00e9s, en raison des droits de douanes, les Alg\u00e9riens se sont rabattus sur d\u2019autres canaux pour l\u2019achat de smartphones, comme le fili\u00e8re cabas et celle de l\u2019importation individuelle via les colis postaux lesquels alimentent le march\u00e9 noir. C\u2019est dans ce contexte que le gouvernement s\u2019est r\u00e9cemment pench\u00e9 sur le march\u00e9 national des smartphones, ainsi que sur les mesures prises pour encourager la production locale de ces appareils. \u00ab&nbsp;L\u2019objectif est de soutenir les op\u00e9rateurs et les investisseurs afin d\u2019\u00e9tablir leurs projets en Alg\u00e9rie et de r\u00e9pondre de fa\u00e7on efficace aux besoins des consommateurs, tout en garantissant la s\u00e9curit\u00e9 num\u00e9rique&nbsp;\u00bb, avait alors annonc\u00e9 l\u2019Ex\u00e9cutif dans un communiqu\u00e9.<\/p>\n\n\n\n<p><strong>Sabrina Aziouez<\/strong><\/p>\n","protected":false},"excerpt":{"rendered":"<p>Le Gouvernement entend relancer la fili\u00e8re de la fabrication de smartphones et de t\u00e9l\u00e9phones mobiles en Alg\u00e9rie \u00e0 l\u2019arr\u00eat depuis<\/p>\n","protected":false},"author":3,"featured_media":50869,"comment_status":"open","ping_status":"closed","sticky":false,"template":"","format":"standard","meta":{"colormag_page_container_layout":"default_layout","colormag_page_sidebar_layout":"default_layout","om_disable_all_campaigns":false,"_monsterinsights_skip_tracking":false,"_monsterinsights_sitenote_active":false,"_monsterinsights_sitenote_note":"","_monsterinsights_sitenote_category":0,"footnotes":"","_wpscppro_dont_share_socialmedia":false,"_wpscppro_custom_social_share_image":0,"_facebook_share_type":"","_twitter_share_type":"","_linkedin_share_type":"","_pinterest_share_type":"","_linkedin_share_type_page":"","_instagram_share_type":"","_medium_share_type":"","_threads_share_type":"","_google_business_share_type":"","_selected_social_profile":[],"_wpsp_enable_custom_social_template":false,"_wpsp_social_scheduling":{"enabled":false,"datetime":null,"platforms":[],"status":"template_only","dateOption":"today","timeOption":"now","customDays":"","customHours":"","customDate":"","customTime":"","schedulingType":"absolute"},"_wpsp_active_default_template":true},"categories":[52,29],"tags":[],"class_list":["post-50868","post","type-post","status-publish","format-standard","has-post-thumbnail","hentry","category-a-la-une","category-economie"],"aioseo_notices":[],"yoast_head":"<!-- This site is optimized with the Yoast SEO plugin v27.5 - https:\/\/yoast.com\/product\/yoast-seo-wordpress\/ -->\n<title>Fabrication des smartphones et t\u00e9l\u00e9phones mobile\u00a0: Trois d\u00e9partements mobilis\u00e9s pour relancer la fili\u00e8re - La Sentinelle<\/title>\n<meta name=\"robots\" content=\"index, follow, max-snippet:-1, max-image-preview:large, max-video-preview:-1\" \/>\n<link rel=\"canonical\" href=\"https:\/\/lasentinelle.dz\/index.php\/2024\/04\/01\/fabrication-des-smartphones-et-telephones-mobile-trois-departements-mobilises-pour-relancer-la-filiere\/\" \/>\n<meta property=\"og:locale\" content=\"fr_FR\" \/>\n<meta property=\"og:type\" content=\"article\" \/>\n<meta property=\"og:title\" content=\"Fabrication des smartphones et t\u00e9l\u00e9phones mobile\u00a0: Trois d\u00e9partements mobilis\u00e9s pour relancer la fili\u00e8re - La Sentinelle\" \/>\n<meta property=\"og:description\" content=\"Le Gouvernement entend relancer la fili\u00e8re de la fabrication de smartphones et de t\u00e9l\u00e9phones mobiles en Alg\u00e9rie \u00e0 l\u2019arr\u00eat depuis\" \/>\n<meta property=\"og:url\" content=\"https:\/\/lasentinelle.dz\/index.php\/2024\/04\/01\/fabrication-des-smartphones-et-telephones-mobile-trois-departements-mobilises-pour-relancer-la-filiere\/\" \/>\n<meta property=\"og:site_name\" content=\"La Sentinelle\" \/>\n<meta property=\"article:publisher\" content=\"https:\/\/www.facebook.com\/La-Sentinelle-104059864394773\" \/>\n<meta property=\"article:published_time\" content=\"2024-04-01T13:59:16+00:00\" \/>\n<meta property=\"article:modified_time\" content=\"2024-04-01T13:59:18+00:00\" \/>\n<meta property=\"og:image\" content=\"https:\/\/lasentinelle.dz\/wp-content\/uploads\/2024\/04\/smartphone.png\" \/>\n\t<meta property=\"og:image:width\" content=\"1200\" \/>\n\t<meta property=\"og:image:height\" content=\"802\" \/>\n\t<meta property=\"og:image:type\" content=\"image\/png\" \/>\n<meta name=\"author\" content=\"La Sentinelle\" \/>\n<meta name=\"twitter:card\" content=\"summary_large_image\" \/>\n<meta name=\"twitter:label1\" content=\"\u00c9crit par\" \/>\n\t<meta name=\"twitter:data1\" content=\"La Sentinelle\" \/>\n\t<meta name=\"twitter:label2\" content=\"Dur\u00e9e de lecture estim\u00e9e\" \/>\n\t<meta name=\"twitter:data2\" content=\"4 minutes\" \/>\n<script type=\"application\/ld+json\" class=\"yoast-schema-graph\">{\"@context\":\"https:\\\/\\\/schema.org\",\"@graph\":[{\"@type\":\"Article\",\"@id\":\"https:\\\/\\\/lasentinelle.dz\\\/index.php\\\/2024\\\/04\\\/01\\\/fabrication-des-smartphones-et-telephones-mobile-trois-departements-mobilises-pour-relancer-la-filiere\\\/#article\",\"isPartOf\":{\"@id\":\"https:\\\/\\\/lasentinelle.dz\\\/index.php\\\/2024\\\/04\\\/01\\\/fabrication-des-smartphones-et-telephones-mobile-trois-departements-mobilises-pour-relancer-la-filiere\\\/\"},\"author\":{\"name\":\"La Sentinelle\",\"@id\":\"https:\\\/\\\/lasentinelle.dz\\\/#\\\/schema\\\/person\\\/d865044e22e70a75174ce8bcad3acfb3\"},\"headline\":\"Fabrication des smartphones et t\u00e9l\u00e9phones mobile\u00a0: Trois d\u00e9partements mobilis\u00e9s pour relancer la fili\u00e8re\",\"datePublished\":\"2024-04-01T13:59:16+00:00\",\"dateModified\":\"2024-04-01T13:59:18+00:00\",\"mainEntityOfPage\":{\"@id\":\"https:\\\/\\\/lasentinelle.dz\\\/index.php\\\/2024\\\/04\\\/01\\\/fabrication-des-smartphones-et-telephones-mobile-trois-departements-mobilises-pour-relancer-la-filiere\\\/\"},\"wordCount\":875,\"commentCount\":0,\"publisher\":{\"@id\":\"https:\\\/\\\/lasentinelle.dz\\\/#organization\"},\"image\":{\"@id\":\"https:\\\/\\\/lasentinelle.dz\\\/index.php\\\/2024\\\/04\\\/01\\\/fabrication-des-smartphones-et-telephones-mobile-trois-departements-mobilises-pour-relancer-la-filiere\\\/#primaryimage\"},\"thumbnailUrl\":\"https:\\\/\\\/lasentinelle.dz\\\/wp-content\\\/uploads\\\/2024\\\/04\\\/smartphone.png\",\"articleSection\":[\"\u00c0 la Une\",\"\u00c9conomie\"],\"inLanguage\":\"fr-FR\",\"potentialAction\":[{\"@type\":\"CommentAction\",\"name\":\"Comment\",\"target\":[\"https:\\\/\\\/lasentinelle.dz\\\/index.php\\\/2024\\\/04\\\/01\\\/fabrication-des-smartphones-et-telephones-mobile-trois-departements-mobilises-pour-relancer-la-filiere\\\/#respond\"]}]},{\"@type\":\"WebPage\",\"@id\":\"https:\\\/\\\/lasentinelle.dz\\\/index.php\\\/2024\\\/04\\\/01\\\/fabrication-des-smartphones-et-telephones-mobile-trois-departements-mobilises-pour-relancer-la-filiere\\\/\",\"url\":\"https:\\\/\\\/lasentinelle.dz\\\/index.php\\\/2024\\\/04\\\/01\\\/fabrication-des-smartphones-et-telephones-mobile-trois-departements-mobilises-pour-relancer-la-filiere\\\/\",\"name\":\"Fabrication des smartphones et t\u00e9l\u00e9phones mobile\u00a0: Trois d\u00e9partements mobilis\u00e9s pour relancer la fili\u00e8re - La Sentinelle\",\"isPartOf\":{\"@id\":\"https:\\\/\\\/lasentinelle.dz\\\/#website\"},\"primaryImageOfPage\":{\"@id\":\"https:\\\/\\\/lasentinelle.dz\\\/index.php\\\/2024\\\/04\\\/01\\\/fabrication-des-smartphones-et-telephones-mobile-trois-departements-mobilises-pour-relancer-la-filiere\\\/#primaryimage\"},\"image\":{\"@id\":\"https:\\\/\\\/lasentinelle.dz\\\/index.php\\\/2024\\\/04\\\/01\\\/fabrication-des-smartphones-et-telephones-mobile-trois-departements-mobilises-pour-relancer-la-filiere\\\/#primaryimage\"},\"thumbnailUrl\":\"https:\\\/\\\/lasentinelle.dz\\\/wp-content\\\/uploads\\\/2024\\\/04\\\/smartphone.png\",\"datePublished\":\"2024-04-01T13:59:16+00:00\",\"dateModified\":\"2024-04-01T13:59:18+00:00\",\"breadcrumb\":{\"@id\":\"https:\\\/\\\/lasentinelle.dz\\\/index.php\\\/2024\\\/04\\\/01\\\/fabrication-des-smartphones-et-telephones-mobile-trois-departements-mobilises-pour-relancer-la-filiere\\\/#breadcrumb\"},\"inLanguage\":\"fr-FR\",\"potentialAction\":[{\"@type\":\"ReadAction\",\"target\":[\"https:\\\/\\\/lasentinelle.dz\\\/index.php\\\/2024\\\/04\\\/01\\\/fabrication-des-smartphones-et-telephones-mobile-trois-departements-mobilises-pour-relancer-la-filiere\\\/\"]}]},{\"@type\":\"ImageObject\",\"inLanguage\":\"fr-FR\",\"@id\":\"https:\\\/\\\/lasentinelle.dz\\\/index.php\\\/2024\\\/04\\\/01\\\/fabrication-des-smartphones-et-telephones-mobile-trois-departements-mobilises-pour-relancer-la-filiere\\\/#primaryimage\",\"url\":\"https:\\\/\\\/lasentinelle.dz\\\/wp-content\\\/uploads\\\/2024\\\/04\\\/smartphone.png\",\"contentUrl\":\"https:\\\/\\\/lasentinelle.dz\\\/wp-content\\\/uploads\\\/2024\\\/04\\\/smartphone.png\",\"width\":1200,\"height\":802},{\"@type\":\"BreadcrumbList\",\"@id\":\"https:\\\/\\\/lasentinelle.dz\\\/index.php\\\/2024\\\/04\\\/01\\\/fabrication-des-smartphones-et-telephones-mobile-trois-departements-mobilises-pour-relancer-la-filiere\\\/#breadcrumb\",\"itemListElement\":[{\"@type\":\"ListItem\",\"position\":1,\"name\":\"Accueil\",\"item\":\"https:\\\/\\\/lasentinelle.dz\\\/\"},{\"@type\":\"ListItem\",\"position\":2,\"name\":\"Fabrication des smartphones et t\u00e9l\u00e9phones mobile\u00a0: Trois d\u00e9partements mobilis\u00e9s pour relancer la fili\u00e8re\"}]},{\"@type\":\"WebSite\",\"@id\":\"https:\\\/\\\/lasentinelle.dz\\\/#website\",\"url\":\"https:\\\/\\\/lasentinelle.dz\\\/\",\"name\":\"La Sentinelle\",\"description\":\"Quotidien national d&#039;information\",\"publisher\":{\"@id\":\"https:\\\/\\\/lasentinelle.dz\\\/#organization\"},\"potentialAction\":[{\"@type\":\"SearchAction\",\"target\":{\"@type\":\"EntryPoint\",\"urlTemplate\":\"https:\\\/\\\/lasentinelle.dz\\\/?s={search_term_string}\"},\"query-input\":{\"@type\":\"PropertyValueSpecification\",\"valueRequired\":true,\"valueName\":\"search_term_string\"}}],\"inLanguage\":\"fr-FR\"},{\"@type\":\"Organization\",\"@id\":\"https:\\\/\\\/lasentinelle.dz\\\/#organization\",\"name\":\"Quotidien La Sentinelle\",\"url\":\"https:\\\/\\\/lasentinelle.dz\\\/\",\"logo\":{\"@type\":\"ImageObject\",\"inLanguage\":\"fr-FR\",\"@id\":\"https:\\\/\\\/lasentinelle.dz\\\/#\\\/schema\\\/logo\\\/image\\\/\",\"url\":\"https:\\\/\\\/lasentinelle.dz\\\/wp-content\\\/uploads\\\/2021\\\/09\\\/logo-sentinelleSLOGAN-1.png\",\"contentUrl\":\"https:\\\/\\\/lasentinelle.dz\\\/wp-content\\\/uploads\\\/2021\\\/09\\\/logo-sentinelleSLOGAN-1.png\",\"width\":615,\"height\":142,\"caption\":\"Quotidien La Sentinelle\"},\"image\":{\"@id\":\"https:\\\/\\\/lasentinelle.dz\\\/#\\\/schema\\\/logo\\\/image\\\/\"},\"sameAs\":[\"https:\\\/\\\/www.facebook.com\\\/La-Sentinelle-104059864394773\"]},{\"@type\":\"Person\",\"@id\":\"https:\\\/\\\/lasentinelle.dz\\\/#\\\/schema\\\/person\\\/d865044e22e70a75174ce8bcad3acfb3\",\"name\":\"La Sentinelle\",\"image\":{\"@type\":\"ImageObject\",\"inLanguage\":\"fr-FR\",\"@id\":\"https:\\\/\\\/secure.gravatar.com\\\/avatar\\\/57de8e5d4b15d43fb361a71fbb36338450fe67865b528a43dd10ef7c51a20392?s=96&d=mm&r=g\",\"url\":\"https:\\\/\\\/secure.gravatar.com\\\/avatar\\\/57de8e5d4b15d43fb361a71fbb36338450fe67865b528a43dd10ef7c51a20392?s=96&d=mm&r=g\",\"contentUrl\":\"https:\\\/\\\/secure.gravatar.com\\\/avatar\\\/57de8e5d4b15d43fb361a71fbb36338450fe67865b528a43dd10ef7c51a20392?s=96&d=mm&r=g\",\"caption\":\"La Sentinelle\"},\"sameAs\":[\"http:\\\/\\\/www.lasentinelle.dz\"],\"url\":\"https:\\\/\\\/lasentinelle.dz\\\/author\\\/redaction\\\/\"}]}<\/script>\n<!-- \/ Yoast SEO plugin. -->","yoast_head_json":{"title":"Fabrication des smartphones et t\u00e9l\u00e9phones mobile\u00a0: Trois d\u00e9partements mobilis\u00e9s pour relancer la fili\u00e8re - La Sentinelle","robots":{"index":"index","follow":"follow","max-snippet":"max-snippet:-1","max-image-preview":"max-image-preview:large","max-video-preview":"max-video-preview:-1"},"canonical":"https:\/\/lasentinelle.dz\/index.php\/2024\/04\/01\/fabrication-des-smartphones-et-telephones-mobile-trois-departements-mobilises-pour-relancer-la-filiere\/","og_locale":"fr_FR","og_type":"article","og_title":"Fabrication des smartphones et t\u00e9l\u00e9phones mobile\u00a0: Trois d\u00e9partements mobilis\u00e9s pour relancer la fili\u00e8re - La Sentinelle","og_description":"Le Gouvernement entend relancer la fili\u00e8re de la fabrication de smartphones et de t\u00e9l\u00e9phones mobiles en Alg\u00e9rie \u00e0 l\u2019arr\u00eat depuis","og_url":"https:\/\/lasentinelle.dz\/index.php\/2024\/04\/01\/fabrication-des-smartphones-et-telephones-mobile-trois-departements-mobilises-pour-relancer-la-filiere\/","og_site_name":"La Sentinelle","article_publisher":"https:\/\/www.facebook.com\/La-Sentinelle-104059864394773","article_published_time":"2024-04-01T13:59:16+00:00","article_modified_time":"2024-04-01T13:59:18+00:00","og_image":[{"width":1200,"height":802,"url":"https:\/\/lasentinelle.dz\/wp-content\/uploads\/2024\/04\/smartphone.png","type":"image\/png"}],"author":"La Sentinelle","twitter_card":"summary_large_image","twitter_misc":{"\u00c9crit par":"La Sentinelle","Dur\u00e9e de lecture estim\u00e9e":"4 minutes"},"schema":{"@context":"https:\/\/schema.org","@graph":[{"@type":"Article","@id":"https:\/\/lasentinelle.dz\/index.php\/2024\/04\/01\/fabrication-des-smartphones-et-telephones-mobile-trois-departements-mobilises-pour-relancer-la-filiere\/#article","isPartOf":{"@id":"https:\/\/lasentinelle.dz\/index.php\/2024\/04\/01\/fabrication-des-smartphones-et-telephones-mobile-trois-departements-mobilises-pour-relancer-la-filiere\/"},"author":{"name":"La Sentinelle","@id":"https:\/\/lasentinelle.dz\/#\/schema\/person\/d865044e22e70a75174ce8bcad3acfb3"},"headline":"Fabrication des smartphones et t\u00e9l\u00e9phones mobile\u00a0: Trois d\u00e9partements mobilis\u00e9s pour relancer la fili\u00e8re","datePublished":"2024-04-01T13:59:16+00:00","dateModified":"2024-04-01T13:59:18+00:00","mainEntityOfPage":{"@id":"https:\/\/lasentinelle.dz\/index.php\/2024\/04\/01\/fabrication-des-smartphones-et-telephones-mobile-trois-departements-mobilises-pour-relancer-la-filiere\/"},"wordCount":875,"commentCount":0,"publisher":{"@id":"https:\/\/lasentinelle.dz\/#organization"},"image":{"@id":"https:\/\/lasentinelle.dz\/index.php\/2024\/04\/01\/fabrication-des-smartphones-et-telephones-mobile-trois-departements-mobilises-pour-relancer-la-filiere\/#primaryimage"},"thumbnailUrl":"https:\/\/lasentinelle.dz\/wp-content\/uploads\/2024\/04\/smartphone.png","articleSection":["\u00c0 la Une","\u00c9conomie"],"inLanguage":"fr-FR","potentialAction":[{"@type":"CommentAction","name":"Comment","target":["https:\/\/lasentinelle.dz\/index.php\/2024\/04\/01\/fabrication-des-smartphones-et-telephones-mobile-trois-departements-mobilises-pour-relancer-la-filiere\/#respond"]}]},{"@type":"WebPage","@id":"https:\/\/lasentinelle.dz\/index.php\/2024\/04\/01\/fabrication-des-smartphones-et-telephones-mobile-trois-departements-mobilises-pour-relancer-la-filiere\/","url":"https:\/\/lasentinelle.dz\/index.php\/2024\/04\/01\/fabrication-des-smartphones-et-telephones-mobile-trois-departements-mobilises-pour-relancer-la-filiere\/","name":"Fabrication des smartphones et t\u00e9l\u00e9phones mobile\u00a0: Trois d\u00e9partements mobilis\u00e9s pour relancer la fili\u00e8re - La Sentinelle","isPartOf":{"@id":"https:\/\/lasentinelle.dz\/#website"},"primaryImageOfPage":{"@id":"https:\/\/lasentinelle.dz\/index.php\/2024\/04\/01\/fabrication-des-smartphones-et-telephones-mobile-trois-departements-mobilises-pour-relancer-la-filiere\/#primaryimage"},"image":{"@id":"https:\/\/lasentinelle.dz\/index.php\/2024\/04\/01\/fabrication-des-smartphones-et-telephones-mobile-trois-departements-mobilises-pour-relancer-la-filiere\/#primaryimage"},"thumbnailUrl":"https:\/\/lasentinelle.dz\/wp-content\/uploads\/2024\/04\/smartphone.png","datePublished":"2024-04-01T13:59:16+00:00","dateModified":"2024-04-01T13:59:18+00:00","breadcrumb":{"@id":"https:\/\/lasentinelle.dz\/index.php\/2024\/04\/01\/fabrication-des-smartphones-et-telephones-mobile-trois-departements-mobilises-pour-relancer-la-filiere\/#breadcrumb"},"inLanguage":"fr-FR","potentialAction":[{"@type":"ReadAction","target":["https:\/\/lasentinelle.dz\/index.php\/2024\/04\/01\/fabrication-des-smartphones-et-telephones-mobile-trois-departements-mobilises-pour-relancer-la-filiere\/"]}]},{"@type":"ImageObject","inLanguage":"fr-FR","@id":"https:\/\/lasentinelle.dz\/index.php\/2024\/04\/01\/fabrication-des-smartphones-et-telephones-mobile-trois-departements-mobilises-pour-relancer-la-filiere\/#primaryimage","url":"https:\/\/lasentinelle.dz\/wp-content\/uploads\/2024\/04\/smartphone.png","contentUrl":"https:\/\/lasentinelle.dz\/wp-content\/uploads\/2024\/04\/smartphone.png","width":1200,"height":802},{"@type":"BreadcrumbList","@id":"https:\/\/lasentinelle.dz\/index.php\/2024\/04\/01\/fabrication-des-smartphones-et-telephones-mobile-trois-departements-mobilises-pour-relancer-la-filiere\/#breadcrumb","itemListElement":[{"@type":"ListItem","position":1,"name":"Accueil","item":"https:\/\/lasentinelle.dz\/"},{"@type":"ListItem","position":2,"name":"Fabrication des smartphones et t\u00e9l\u00e9phones mobile\u00a0: Trois d\u00e9partements mobilis\u00e9s pour relancer la fili\u00e8re"}]},{"@type":"WebSite","@id":"https:\/\/lasentinelle.dz\/#website","url":"https:\/\/lasentinelle.dz\/","name":"La Sentinelle","description":"Quotidien national d&#039;information","publisher":{"@id":"https:\/\/lasentinelle.dz\/#organization"},"potentialAction":[{"@type":"SearchAction","target":{"@type":"EntryPoint","urlTemplate":"https:\/\/lasentinelle.dz\/?s={search_term_string}"},"query-input":{"@type":"PropertyValueSpecification","valueRequired":true,"valueName":"search_term_string"}}],"inLanguage":"fr-FR"},{"@type":"Organization","@id":"https:\/\/lasentinelle.dz\/#organization","name":"Quotidien La Sentinelle","url":"https:\/\/lasentinelle.dz\/","logo":{"@type":"ImageObject","inLanguage":"fr-FR","@id":"https:\/\/lasentinelle.dz\/#\/schema\/logo\/image\/","url":"https:\/\/lasentinelle.dz\/wp-content\/uploads\/2021\/09\/logo-sentinelleSLOGAN-1.png","contentUrl":"https:\/\/lasentinelle.dz\/wp-content\/uploads\/2021\/09\/logo-sentinelleSLOGAN-1.png","width":615,"height":142,"caption":"Quotidien La Sentinelle"},"image":{"@id":"https:\/\/lasentinelle.dz\/#\/schema\/logo\/image\/"},"sameAs":["https:\/\/www.facebook.com\/La-Sentinelle-104059864394773"]},{"@type":"Person","@id":"https:\/\/lasentinelle.dz\/#\/schema\/person\/d865044e22e70a75174ce8bcad3acfb3","name":"La Sentinelle","image":{"@type":"ImageObject","inLanguage":"fr-FR","@id":"https:\/\/secure.gravatar.com\/avatar\/57de8e5d4b15d43fb361a71fbb36338450fe67865b528a43dd10ef7c51a20392?s=96&d=mm&r=g","url":"https:\/\/secure.gravatar.com\/avatar\/57de8e5d4b15d43fb361a71fbb36338450fe67865b528a43dd10ef7c51a20392?s=96&d=mm&r=g","contentUrl":"https:\/\/secure.gravatar.com\/avatar\/57de8e5d4b15d43fb361a71fbb36338450fe67865b528a43dd10ef7c51a20392?s=96&d=mm&r=g","caption":"La Sentinelle"},"sameAs":["http:\/\/www.lasentinelle.dz"],"url":"https:\/\/lasentinelle.dz\/author\/redaction\/"}]}},"_links":{"self":[{"href":"https:\/\/lasentinelle.dz\/index.php\/wp-json\/wp\/v2\/posts\/50868","targetHints":{"allow":["GET"]}}],"collection":[{"href":"https:\/\/lasentinelle.dz\/index.php\/wp-json\/wp\/v2\/posts"}],"about":[{"href":"https:\/\/lasentinelle.dz\/index.php\/wp-json\/wp\/v2\/types\/post"}],"author":[{"embeddable":true,"href":"https:\/\/lasentinelle.dz\/index.php\/wp-json\/wp\/v2\/users\/3"}],"replies":[{"embeddable":true,"href":"https:\/\/lasentinelle.dz\/index.php\/wp-json\/wp\/v2\/comments?post=50868"}],"version-history":[{"count":1,"href":"https:\/\/lasentinelle.dz\/index.php\/wp-json\/wp\/v2\/posts\/50868\/revisions"}],"predecessor-version":[{"id":50870,"href":"https:\/\/lasentinelle.dz\/index.php\/wp-json\/wp\/v2\/posts\/50868\/revisions\/50870"}],"wp:featuredmedia":[{"embeddable":true,"href":"https:\/\/lasentinelle.dz\/index.php\/wp-json\/wp\/v2\/media\/50869"}],"wp:attachment":[{"href":"https:\/\/lasentinelle.dz\/index.php\/wp-json\/wp\/v2\/media?parent=50868"}],"wp:term":[{"taxonomy":"category","embeddable":true,"href":"https:\/\/lasentinelle.dz\/index.php\/wp-json\/wp\/v2\/categories?post=50868"},{"taxonomy":"post_tag","embeddable":true,"href":"https:\/\/lasentinelle.dz\/index.php\/wp-json\/wp\/v2\/tags?post=50868"}],"curies":[{"name":"wp","href":"https:\/\/api.w.org\/{rel}","templated":true}]}}